{"id":19133,"date":"2026-04-30T13:20:33","date_gmt":"2026-04-30T16:20:33","guid":{"rendered":"https:\/\/www.cambe.pr.gov.br\/?p=19133"},"modified":"2026-04-30T13:37:22","modified_gmt":"2026-04-30T16:37:22","slug":"obras-da-ubs-novo-bandeirantes-e-ceoc-serao-retomadas-em-maio-apos-nova-licitacao","status":"publish","type":"post","link":"https:\/\/www.cambe.pr.gov.br\/index.php\/obras-da-ubs-novo-bandeirantes-e-ceoc-serao-retomadas-em-maio-apos-nova-licitacao\/","title":{"rendered":"Obras da UBS Novo Bandeirantes e CEOC ser\u00e3o retomadas em maio ap\u00f3s nova licita\u00e7\u00e3o"},"content":{"rendered":"<div id=\"attachment_19134\" style=\"width: 620px\" class=\"wp-caption alignleft\"><img fetchpriority=\"high\" decoding=\"async\" aria-describedby=\"caption-attachment-19134\" class=\"wp-image-19134 size-large\" src=\"https:\/\/www.cambe.pr.gov.br\/wp-content\/uploads\/2026\/04\/DJI_20260429140022_0009_D.MP4_snapshot_00.00.067-1024x768.jpg\" alt=\"\" width=\"610\" height=\"458\" srcset=\"https:\/\/www.cambe.pr.gov.br\/wp-content\/uploads\/2026\/04\/DJI_20260429140022_0009_D.MP4_snapshot_00.00.067-1024x768.jpg 1024w, https:\/\/www.cambe.pr.gov.br\/wp-content\/uploads\/2026\/04\/DJI_20260429140022_0009_D.MP4_snapshot_00.00.067-300x225.jpg 300w, https:\/\/www.cambe.pr.gov.br\/wp-content\/uploads\/2026\/04\/DJI_20260429140022_0009_D.MP4_snapshot_00.00.067-768x576.jpg 768w, https:\/\/www.cambe.pr.gov.br\/wp-content\/uploads\/2026\/04\/DJI_20260429140022_0009_D.MP4_snapshot_00.00.067-1536x1152.jpg 1536w, https:\/\/www.cambe.pr.gov.br\/wp-content\/uploads\/2026\/04\/DJI_20260429140022_0009_D.MP4_snapshot_00.00.067-2048x1536.jpg 2048w, https:\/\/www.cambe.pr.gov.br\/wp-content\/uploads\/2026\/04\/DJI_20260429140022_0009_D.MP4_snapshot_00.00.067-400x300.jpg 400w\" sizes=\"(max-width: 610px) 100vw, 610px\" \/><p id=\"caption-attachment-19134\" class=\"wp-caption-text\">UBS Novo Bandeirantes vai triplicar de tamanho para atender mais de 10 mil cambeenses na regi\u00e3o<\/p><\/div>\n<p style=\"text-align: justify;\"><span style=\"font-weight: 400; font-family: arial, helvetica, sans-serif;\">Duas obras importantes para a sa\u00fade do cambeense, que estavam paralisadas por abandono da antiga empresa, ser\u00e3o retomadas ap\u00f3s novo processo licitat\u00f3rio. Nesta quarta-feira (29), foram assinadas as novas ordens de servi\u00e7o para conclus\u00e3o das obras da Unidade B\u00e1sica de Sa\u00fade do Novo Bandeirantes e o Centro de Especialidades Odontol\u00f3gicas, planejados para trazer mais qualidade ao servi\u00e7o de aten\u00e7\u00e3o e cuidado \u00e0 sa\u00fade.<\/span><\/p>\n<p style=\"text-align: justify;\"><span style=\"font-weight: 400; font-family: arial, helvetica, sans-serif;\">Os dois espa\u00e7os j\u00e1 deveriam estar prontos desde 2025. No entanto, a mesma construtora abandonou ambos os espa\u00e7os, n\u00e3o apresentou defesa ou argumentos que justificassem isso e foi penalizada. A Prefeitura rompeu o contrato e multou a contratada no valor total de mais de R$ 550 mil. <a href=\"https:\/\/www.cambe.pr.gov.br\/index.php\/apos-atrasos-prefeitura-rompe-contrato-com-empresa-responsavel-pelas-obras-do-ceoc-e-ubs-novo-bandeirantes\/\" target=\"_blank\" rel=\"noopener\"><strong>Clique aqui<\/strong><\/a> e entenda todo o processo.<\/span><\/p>\n<p style=\"text-align: justify;\"><span style=\"font-weight: 400; font-family: arial, helvetica, sans-serif;\">Ap\u00f3s as san\u00e7\u00f5es, equipes da Secretaria de Obras avaliaram os espa\u00e7os e foi feita uma nova licita\u00e7\u00e3o para conclus\u00e3o das unidades. Ao todo, ser\u00e1 investido mais R$ 1,7 milh\u00e3o para terminar as estruturas. A obra da UBS ser\u00e1 retomada no dia 5 de maio. J\u00e1 o CEOC volta no dia 21 de maio.<\/span><\/p>\n<p style=\"text-align: justify;\"><span style=\"font-weight: 400; font-family: arial, helvetica, sans-serif;\">O prefeito Conrado Scheller destacou que a expectativa da Prefeitura \u00e9 finalizar as obras para que n\u00e3o se tenha mais nenhum transtorno para o cambeense. \u201cS\u00e3o estruturas importantes para a sa\u00fade de Camb\u00e9 e para quem precisa desses servi\u00e7os. Esperamos agora que, com empresas respons\u00e1veis, possamos entregar esses espa\u00e7os que v\u00e3o garantir um grande avan\u00e7o para a sa\u00fade do munic\u00edpio\u201d, disse.<\/span><\/p>\n<p>&nbsp;<\/p>\n<p style=\"text-align: justify;\"><strong><span style=\"font-family: arial, helvetica, sans-serif;\">Unidade B\u00e1sica de Sa\u00fade Novo Bandeirantes<\/span><\/strong><\/p>\n<p style=\"text-align: justify;\"><span style=\"font-weight: 400; font-family: arial, helvetica, sans-serif;\">A UBS Novo Bandeirantes est\u00e1 sendo reformada e ampliada, com uma estrutura quase tr\u00eas vezes maior que a anterior, de 221 m\u00b2 de \u00e1rea constru\u00edda para 614 m\u00b2. Todo o local ser\u00e1 pintado, al\u00e9m de receber novas torneiras, janelas, portas, pe\u00e7as sanit\u00e1rias, pisos e azulejos, novos sanit\u00e1rios, consult\u00f3rios, salas de atendimento e recep\u00e7\u00e3o. Inicialmente, foi investido R$ 1.561.369,00, sendo R$ 1.111.378,21 de recursos pr\u00f3prios do munic\u00edpio, e o restante de repasses estaduais e federais (R$ 299.991,00 da deputada federal Luiza Canziani e R$ 150 mil do deputado estadual Terc\u00edlio Turini).<\/span><\/p>\n<p style=\"text-align: justify;\"><span style=\"font-weight: 400; font-family: arial, helvetica, sans-serif;\">O edital prev\u00ea a reforma do almoxarifado; salas de esteriliza\u00e7\u00e3o, lavagem, utilidades, procedimentos, vacina\u00e7\u00e3o, curativos, inala\u00e7\u00e3o e arquivo; administra\u00e7\u00e3o, copa, lavanderia e circula\u00e7\u00e3o. Ainda ser\u00e3o constru\u00eddos novos cinco consult\u00f3rios, duas salas de pr\u00e9-consulta, banheiros adaptados, sala de pr\u00e9-natal, farm\u00e1cia, sala de espera, recep\u00e7\u00e3o, sala de prontu\u00e1rios, tr\u00eas consult\u00f3rios odontol\u00f3gicos, sala de reuni\u00f5es, vesti\u00e1rio e dep\u00f3sitos para descarte de res\u00edduos.<\/span><\/p>\n<p style=\"text-align: justify;\"><span style=\"font-weight: 400; font-family: arial, helvetica, sans-serif;\">A Prefeitura vai investir R$ 701 mil na licita\u00e7\u00e3o para terminar a nova UBS, com obra executada pela construtora Londriobras Constru\u00e7\u00f5es e Reformas LTDA.<\/span><\/p>\n<p style=\"text-align: justify;\"><span style=\"font-weight: 400; font-family: arial, helvetica, sans-serif;\">A UBS do Novo Bandeirantes fica localizada na Rua Sadamu Anami, 73, abrange 13 bairros, atendendo mais de 10 mil habitantes, que passaram a se consultar nas UBS do Santo Amaro, do Silvino e a Dr. Algacyr Ferreira no per\u00edodo de obras e paralisa\u00e7\u00e3o.<\/span><\/p>\n<p>&nbsp;<\/p>\n<p style=\"text-align: justify;\"><strong><span style=\"font-family: arial, helvetica, sans-serif;\">Centro de Especialidades Odontol\u00f3gicas de Camb\u00e9<\/span><\/strong><\/p>\n<div id=\"attachment_19135\" style=\"width: 620px\" class=\"wp-caption alignleft\"><img decoding=\"async\" aria-describedby=\"caption-attachment-19135\" class=\"wp-image-19135 size-large\" src=\"https:\/\/www.cambe.pr.gov.br\/wp-content\/uploads\/2026\/04\/DJI_20260429110004_0010_D.MP4_snapshot_00.26.772-1024x768.jpg\" alt=\"\" width=\"610\" height=\"458\" srcset=\"https:\/\/www.cambe.pr.gov.br\/wp-content\/uploads\/2026\/04\/DJI_20260429110004_0010_D.MP4_snapshot_00.26.772-1024x768.jpg 1024w, https:\/\/www.cambe.pr.gov.br\/wp-content\/uploads\/2026\/04\/DJI_20260429110004_0010_D.MP4_snapshot_00.26.772-300x225.jpg 300w, https:\/\/www.cambe.pr.gov.br\/wp-content\/uploads\/2026\/04\/DJI_20260429110004_0010_D.MP4_snapshot_00.26.772-768x576.jpg 768w, https:\/\/www.cambe.pr.gov.br\/wp-content\/uploads\/2026\/04\/DJI_20260429110004_0010_D.MP4_snapshot_00.26.772-1536x1152.jpg 1536w, https:\/\/www.cambe.pr.gov.br\/wp-content\/uploads\/2026\/04\/DJI_20260429110004_0010_D.MP4_snapshot_00.26.772-2048x1536.jpg 2048w, https:\/\/www.cambe.pr.gov.br\/wp-content\/uploads\/2026\/04\/DJI_20260429110004_0010_D.MP4_snapshot_00.26.772-400x300.jpg 400w\" sizes=\"(max-width: 610px) 100vw, 610px\" \/><p id=\"caption-attachment-19135\" class=\"wp-caption-text\">CEOC fica localizado na Rua Caraj\u00e1s, 331, no Jardim Tupi, atr\u00e1s da UPA, e vai ter foco em atendimentos de especialidades odontol\u00f3gicas<\/p><\/div>\n<p style=\"text-align: justify;\"><span style=\"font-weight: 400; font-family: arial, helvetica, sans-serif;\">Desde 2006, Camb\u00e9 possui o Centro de Especialidades Odontol\u00f3gicas (CEOC) com atendimentos de especialidades odontol\u00f3gicas, como a periodontia, endodontia, cirurgia buco-maxilo-facial e pr\u00f3tese dent\u00e1ria. Como ele era adaptado na antiga estrutura do Pronto Atendimento 24 Horas, a Prefeitura investiu R$ 900 mil para a constru\u00e7\u00e3o da nova unidade, que teve servi\u00e7os interrompidos pelo abandono da construtora.<\/span><\/p>\n<p style=\"text-align: justify;\"><span style=\"font-weight: 400; font-family: arial, helvetica, sans-serif;\">O novo CEOC est\u00e1 sendo constru\u00eddo na Rua Caraj\u00e1s, 331, no Jardim Tupi, atr\u00e1s da UPA. Ao todo, ser\u00e3o 281 m\u00b2 de constru\u00e7\u00e3o, na unidade que ter\u00e1 sete consult\u00f3rios odontol\u00f3gicos, sala de raio-x, e estrutura geral como hall, banheiros, sala de espera, recep\u00e7\u00e3o, arquivo, coordena\u00e7\u00e3o, sala de lavagem, sala de esteriliza\u00e7\u00e3o, almoxarifado, dep\u00f3sito de material de limpeza e copa.<\/span><\/p>\n<p style=\"text-align: justify;\"><span style=\"font-weight: 400; font-family: arial, helvetica, sans-serif;\">A Prefeitura vai investir R$ 557.970,00 na nova licita\u00e7\u00e3o para concluir o espa\u00e7o, com servi\u00e7o feito pela empresa cambeense C. R. In\u00e1cio Constru\u00e7\u00f5es LTDA. &#8211; EPP.<\/span><\/p>\n<p style=\"text-align: justify;\"><span style=\"font-weight: 400; font-family: arial, helvetica, sans-serif;\">Hoje, o CEOC funciona dividido entre a antiga UBS Silvino e a UBS do Centro. Servi\u00e7os de endodontia, periodontia, paciente especial e radiografia periapical s\u00e3o feitos onde era a antiga UBS do Silvino, na Rua Nilo Pe\u00e7anha, 318. J\u00e1 as pr\u00f3teses dent\u00e1rias s\u00e3o realizadas na UBS do Centro, que fica na Rua Presidente Kennedy, 305. Todos os servi\u00e7os do CEOC s\u00e3o realizados exclusivamente para pacientes previamente agendados, seguindo crit\u00e9rio de encaminhamento e avalia\u00e7\u00e3o feita pela equipe de sa\u00fade bucal da UBS da sua regi\u00e3o.<\/span><\/p>\n","protected":false},"excerpt":{"rendered":"<p>Duas obras importantes para a sa\u00fade do cambeense, que estavam paralisadas por abandono da antiga empresa, ser\u00e3o retomadas ap\u00f3s novo processo licitat\u00f3rio. Nesta quarta-feira (29), foram assinadas as novas ordens de servi\u00e7o para conclus\u00e3o das obras da Unidade B\u00e1sica de Sa\u00fade do Novo Bandeirantes e o Centro de Especialidades Odontol\u00f3gicas, planejados para trazer mais qualidade [&hellip;]<\/p>\n","protected":false},"author":16,"featured_media":0,"comment_status":"closed","ping_status":"closed","sticky":false,"template":"","format":"standard","meta":{"ngg_post_thumbnail":0,"footnotes":""},"categories":[1],"tags":[],"class_list":["post-19133","post","type-post","status-publish","format-standard","hentry","category-principal"],"yoast_head":"<!-- This site is optimized with the Yoast SEO plugin v27.4 - https:\/\/yoast.com\/product\/yoast-seo-wordpress\/ -->\n<title>Obras da UBS Novo Bandeirantes e CEOC ser\u00e3o retomadas em maio ap\u00f3s nova licita\u00e7\u00e3o - Prefeitura de Camb\u00e9<\/title>\n<meta name=\"robots\" content=\"index, follow, max-snippet:-1, max-image-preview:large, max-video-preview:-1\" \/>\n<link rel=\"canonical\" href=\"https:\/\/www.cambe.pr.gov.br\/index.php\/obras-da-ubs-novo-bandeirantes-e-ceoc-serao-retomadas-em-maio-apos-nova-licitacao\/\" \/>\n<meta property=\"og:locale\" content=\"pt_BR\" \/>\n<meta property=\"og:type\" content=\"article\" \/>\n<meta property=\"og:title\" content=\"Obras da UBS Novo Bandeirantes e CEOC ser\u00e3o retomadas em maio ap\u00f3s nova licita\u00e7\u00e3o - Prefeitura de Camb\u00e9\" \/>\n<meta property=\"og:description\" content=\"Duas obras importantes para a sa\u00fade do cambeense, que estavam paralisadas por abandono da antiga empresa, ser\u00e3o retomadas ap\u00f3s novo processo licitat\u00f3rio. Nesta quarta-feira (29), foram assinadas as novas ordens de servi\u00e7o para conclus\u00e3o das obras da Unidade B\u00e1sica de Sa\u00fade do Novo Bandeirantes e o Centro de Especialidades Odontol\u00f3gicas, planejados para trazer mais qualidade [&hellip;]\" \/>\n<meta property=\"og:url\" content=\"https:\/\/www.cambe.pr.gov.br\/index.php\/obras-da-ubs-novo-bandeirantes-e-ceoc-serao-retomadas-em-maio-apos-nova-licitacao\/\" \/>\n<meta property=\"og:site_name\" content=\"Prefeitura de Camb\u00e9\" \/>\n<meta property=\"article:publisher\" content=\"https:\/\/m.facebook.com\/prefeituradecambe\" \/>\n<meta property=\"article:published_time\" content=\"2026-04-30T16:20:33+00:00\" \/>\n<meta property=\"article:modified_time\" content=\"2026-04-30T16:37:22+00:00\" \/>\n<meta property=\"og:image\" content=\"https:\/\/www.cambe.pr.gov.br\/wp-content\/uploads\/2026\/04\/DJI_20260429140022_0009_D.MP4_snapshot_00.00.067.jpg\" \/>\n\t<meta property=\"og:image:width\" content=\"2160\" \/>\n\t<meta property=\"og:image:height\" content=\"1620\" \/>\n\t<meta property=\"og:image:type\" content=\"image\/jpeg\" \/>\n<meta name=\"author\" content=\"Vinicius Augusto Batista Eira\" \/>\n<meta name=\"twitter:card\" content=\"summary_large_image\" \/>\n<meta name=\"twitter:label1\" content=\"Escrito por\" \/>\n\t<meta name=\"twitter:data1\" content=\"Vinicius Augusto Batista Eira\" \/>\n\t<meta name=\"twitter:label2\" content=\"Est. tempo de leitura\" \/>\n\t<meta name=\"twitter:data2\" content=\"5 minutos\" \/>\n<script type=\"application\/ld+json\" class=\"yoast-schema-graph\">{\"@context\":\"https:\\\/\\\/schema.org\",\"@graph\":[{\"@type\":\"Article\",\"@id\":\"https:\\\/\\\/www.cambe.pr.gov.br\\\/index.php\\\/obras-da-ubs-novo-bandeirantes-e-ceoc-serao-retomadas-em-maio-apos-nova-licitacao\\\/#article\",\"isPartOf\":{\"@id\":\"https:\\\/\\\/www.cambe.pr.gov.br\\\/index.php\\\/obras-da-ubs-novo-bandeirantes-e-ceoc-serao-retomadas-em-maio-apos-nova-licitacao\\\/\"},\"author\":{\"name\":\"Vinicius Augusto Batista Eira\",\"@id\":\"https:\\\/\\\/www.cambe.pr.gov.br\\\/#\\\/schema\\\/person\\\/8e3ee69cb2cadf4b9f8377407227effd\"},\"headline\":\"Obras da UBS Novo Bandeirantes e CEOC ser\u00e3o retomadas em maio ap\u00f3s nova licita\u00e7\u00e3o\",\"datePublished\":\"2026-04-30T16:20:33+00:00\",\"dateModified\":\"2026-04-30T16:37:22+00:00\",\"mainEntityOfPage\":{\"@id\":\"https:\\\/\\\/www.cambe.pr.gov.br\\\/index.php\\\/obras-da-ubs-novo-bandeirantes-e-ceoc-serao-retomadas-em-maio-apos-nova-licitacao\\\/\"},\"wordCount\":835,\"publisher\":{\"@id\":\"https:\\\/\\\/www.cambe.pr.gov.br\\\/#organization\"},\"image\":{\"@id\":\"https:\\\/\\\/www.cambe.pr.gov.br\\\/index.php\\\/obras-da-ubs-novo-bandeirantes-e-ceoc-serao-retomadas-em-maio-apos-nova-licitacao\\\/#primaryimage\"},\"thumbnailUrl\":\"https:\\\/\\\/www.cambe.pr.gov.br\\\/wp-content\\\/uploads\\\/2026\\\/04\\\/DJI_20260429140022_0009_D.MP4_snapshot_00.00.067-1024x768.jpg\",\"articleSection\":[\"Principal\"],\"inLanguage\":\"pt-BR\"},{\"@type\":\"WebPage\",\"@id\":\"https:\\\/\\\/www.cambe.pr.gov.br\\\/index.php\\\/obras-da-ubs-novo-bandeirantes-e-ceoc-serao-retomadas-em-maio-apos-nova-licitacao\\\/\",\"url\":\"https:\\\/\\\/www.cambe.pr.gov.br\\\/index.php\\\/obras-da-ubs-novo-bandeirantes-e-ceoc-serao-retomadas-em-maio-apos-nova-licitacao\\\/\",\"name\":\"Obras da UBS Novo Bandeirantes e CEOC ser\u00e3o retomadas em maio ap\u00f3s nova licita\u00e7\u00e3o - Prefeitura de Camb\u00e9\",\"isPartOf\":{\"@id\":\"https:\\\/\\\/www.cambe.pr.gov.br\\\/#website\"},\"primaryImageOfPage\":{\"@id\":\"https:\\\/\\\/www.cambe.pr.gov.br\\\/index.php\\\/obras-da-ubs-novo-bandeirantes-e-ceoc-serao-retomadas-em-maio-apos-nova-licitacao\\\/#primaryimage\"},\"image\":{\"@id\":\"https:\\\/\\\/www.cambe.pr.gov.br\\\/index.php\\\/obras-da-ubs-novo-bandeirantes-e-ceoc-serao-retomadas-em-maio-apos-nova-licitacao\\\/#primaryimage\"},\"thumbnailUrl\":\"https:\\\/\\\/www.cambe.pr.gov.br\\\/wp-content\\\/uploads\\\/2026\\\/04\\\/DJI_20260429140022_0009_D.MP4_snapshot_00.00.067-1024x768.jpg\",\"datePublished\":\"2026-04-30T16:20:33+00:00\",\"dateModified\":\"2026-04-30T16:37:22+00:00\",\"breadcrumb\":{\"@id\":\"https:\\\/\\\/www.cambe.pr.gov.br\\\/index.php\\\/obras-da-ubs-novo-bandeirantes-e-ceoc-serao-retomadas-em-maio-apos-nova-licitacao\\\/#breadcrumb\"},\"inLanguage\":\"pt-BR\",\"potentialAction\":[{\"@type\":\"ReadAction\",\"target\":[\"https:\\\/\\\/www.cambe.pr.gov.br\\\/index.php\\\/obras-da-ubs-novo-bandeirantes-e-ceoc-serao-retomadas-em-maio-apos-nova-licitacao\\\/\"]}]},{\"@type\":\"ImageObject\",\"inLanguage\":\"pt-BR\",\"@id\":\"https:\\\/\\\/www.cambe.pr.gov.br\\\/index.php\\\/obras-da-ubs-novo-bandeirantes-e-ceoc-serao-retomadas-em-maio-apos-nova-licitacao\\\/#primaryimage\",\"url\":\"https:\\\/\\\/www.cambe.pr.gov.br\\\/wp-content\\\/uploads\\\/2026\\\/04\\\/DJI_20260429140022_0009_D.MP4_snapshot_00.00.067.jpg\",\"contentUrl\":\"https:\\\/\\\/www.cambe.pr.gov.br\\\/wp-content\\\/uploads\\\/2026\\\/04\\\/DJI_20260429140022_0009_D.MP4_snapshot_00.00.067.jpg\",\"width\":2160,\"height\":1620},{\"@type\":\"BreadcrumbList\",\"@id\":\"https:\\\/\\\/www.cambe.pr.gov.br\\\/index.php\\\/obras-da-ubs-novo-bandeirantes-e-ceoc-serao-retomadas-em-maio-apos-nova-licitacao\\\/#breadcrumb\",\"itemListElement\":[{\"@type\":\"ListItem\",\"position\":1,\"name\":\"In\u00edcio\",\"item\":\"https:\\\/\\\/www.cambe.pr.gov.br\\\/\"},{\"@type\":\"ListItem\",\"position\":2,\"name\":\"Obras da UBS Novo Bandeirantes e CEOC ser\u00e3o retomadas em maio ap\u00f3s nova licita\u00e7\u00e3o\"}]},{\"@type\":\"WebSite\",\"@id\":\"https:\\\/\\\/www.cambe.pr.gov.br\\\/#website\",\"url\":\"https:\\\/\\\/www.cambe.pr.gov.br\\\/\",\"name\":\"Prefeitura de Camb\u00e9\",\"description\":\"UM GOVERNO PARA TODOS\",\"publisher\":{\"@id\":\"https:\\\/\\\/www.cambe.pr.gov.br\\\/#organization\"},\"potentialAction\":[{\"@type\":\"SearchAction\",\"target\":{\"@type\":\"EntryPoint\",\"urlTemplate\":\"https:\\\/\\\/www.cambe.pr.gov.br\\\/?s={search_term_string}\"},\"query-input\":{\"@type\":\"PropertyValueSpecification\",\"valueRequired\":true,\"valueName\":\"search_term_string\"}}],\"inLanguage\":\"pt-BR\"},{\"@type\":\"Organization\",\"@id\":\"https:\\\/\\\/www.cambe.pr.gov.br\\\/#organization\",\"name\":\"Prefeitura de Camb\u00e9\",\"url\":\"https:\\\/\\\/www.cambe.pr.gov.br\\\/\",\"logo\":{\"@type\":\"ImageObject\",\"inLanguage\":\"pt-BR\",\"@id\":\"https:\\\/\\\/www.cambe.pr.gov.br\\\/#\\\/schema\\\/logo\\\/image\\\/\",\"url\":\"https:\\\/\\\/www.cambe.pr.gov.br\\\/wp-content\\\/uploads\\\/2021\\\/01\\\/cropped-cropped-cambe_brazao-icone.png\",\"contentUrl\":\"https:\\\/\\\/www.cambe.pr.gov.br\\\/wp-content\\\/uploads\\\/2021\\\/01\\\/cropped-cropped-cambe_brazao-icone.png\",\"width\":240,\"height\":240,\"caption\":\"Prefeitura de Camb\u00e9\"},\"image\":{\"@id\":\"https:\\\/\\\/www.cambe.pr.gov.br\\\/#\\\/schema\\\/logo\\\/image\\\/\"},\"sameAs\":[\"https:\\\/\\\/m.facebook.com\\\/prefeituradecambe\"]},{\"@type\":\"Person\",\"@id\":\"https:\\\/\\\/www.cambe.pr.gov.br\\\/#\\\/schema\\\/person\\\/8e3ee69cb2cadf4b9f8377407227effd\",\"name\":\"Vinicius Augusto Batista Eira\",\"image\":{\"@type\":\"ImageObject\",\"inLanguage\":\"pt-BR\",\"@id\":\"https:\\\/\\\/secure.gravatar.com\\\/avatar\\\/1ec500de7013b30e1d4d7c8c3978f0e4433c37e5d5e4cd186239369c6440122b?s=96&d=mm&r=g\",\"url\":\"https:\\\/\\\/secure.gravatar.com\\\/avatar\\\/1ec500de7013b30e1d4d7c8c3978f0e4433c37e5d5e4cd186239369c6440122b?s=96&d=mm&r=g\",\"contentUrl\":\"https:\\\/\\\/secure.gravatar.com\\\/avatar\\\/1ec500de7013b30e1d4d7c8c3978f0e4433c37e5d5e4cd186239369c6440122b?s=96&d=mm&r=g\",\"caption\":\"Vinicius Augusto Batista Eira\"},\"url\":\"https:\\\/\\\/www.cambe.pr.gov.br\\\/index.php\\\/author\\\/vabeira\\\/\"}]}<\/script>\n<!-- \/ Yoast SEO plugin. -->","yoast_head_json":{"title":"Obras da UBS Novo Bandeirantes e CEOC ser\u00e3o retomadas em maio ap\u00f3s nova licita\u00e7\u00e3o - Prefeitura de Camb\u00e9","robots":{"index":"index","follow":"follow","max-snippet":"max-snippet:-1","max-image-preview":"max-image-preview:large","max-video-preview":"max-video-preview:-1"},"canonical":"https:\/\/www.cambe.pr.gov.br\/index.php\/obras-da-ubs-novo-bandeirantes-e-ceoc-serao-retomadas-em-maio-apos-nova-licitacao\/","og_locale":"pt_BR","og_type":"article","og_title":"Obras da UBS Novo Bandeirantes e CEOC ser\u00e3o retomadas em maio ap\u00f3s nova licita\u00e7\u00e3o - Prefeitura de Camb\u00e9","og_description":"Duas obras importantes para a sa\u00fade do cambeense, que estavam paralisadas por abandono da antiga empresa, ser\u00e3o retomadas ap\u00f3s novo processo licitat\u00f3rio. Nesta quarta-feira (29), foram assinadas as novas ordens de servi\u00e7o para conclus\u00e3o das obras da Unidade B\u00e1sica de Sa\u00fade do Novo Bandeirantes e o Centro de Especialidades Odontol\u00f3gicas, planejados para trazer mais qualidade [&hellip;]","og_url":"https:\/\/www.cambe.pr.gov.br\/index.php\/obras-da-ubs-novo-bandeirantes-e-ceoc-serao-retomadas-em-maio-apos-nova-licitacao\/","og_site_name":"Prefeitura de Camb\u00e9","article_publisher":"https:\/\/m.facebook.com\/prefeituradecambe","article_published_time":"2026-04-30T16:20:33+00:00","article_modified_time":"2026-04-30T16:37:22+00:00","og_image":[{"width":2160,"height":1620,"url":"https:\/\/www.cambe.pr.gov.br\/wp-content\/uploads\/2026\/04\/DJI_20260429140022_0009_D.MP4_snapshot_00.00.067.jpg","type":"image\/jpeg"}],"author":"Vinicius Augusto Batista Eira","twitter_card":"summary_large_image","twitter_misc":{"Escrito por":"Vinicius Augusto Batista Eira","Est. tempo de leitura":"5 minutos"},"schema":{"@context":"https:\/\/schema.org","@graph":[{"@type":"Article","@id":"https:\/\/www.cambe.pr.gov.br\/index.php\/obras-da-ubs-novo-bandeirantes-e-ceoc-serao-retomadas-em-maio-apos-nova-licitacao\/#article","isPartOf":{"@id":"https:\/\/www.cambe.pr.gov.br\/index.php\/obras-da-ubs-novo-bandeirantes-e-ceoc-serao-retomadas-em-maio-apos-nova-licitacao\/"},"author":{"name":"Vinicius Augusto Batista Eira","@id":"https:\/\/www.cambe.pr.gov.br\/#\/schema\/person\/8e3ee69cb2cadf4b9f8377407227effd"},"headline":"Obras da UBS Novo Bandeirantes e CEOC ser\u00e3o retomadas em maio ap\u00f3s nova licita\u00e7\u00e3o","datePublished":"2026-04-30T16:20:33+00:00","dateModified":"2026-04-30T16:37:22+00:00","mainEntityOfPage":{"@id":"https:\/\/www.cambe.pr.gov.br\/index.php\/obras-da-ubs-novo-bandeirantes-e-ceoc-serao-retomadas-em-maio-apos-nova-licitacao\/"},"wordCount":835,"publisher":{"@id":"https:\/\/www.cambe.pr.gov.br\/#organization"},"image":{"@id":"https:\/\/www.cambe.pr.gov.br\/index.php\/obras-da-ubs-novo-bandeirantes-e-ceoc-serao-retomadas-em-maio-apos-nova-licitacao\/#primaryimage"},"thumbnailUrl":"https:\/\/www.cambe.pr.gov.br\/wp-content\/uploads\/2026\/04\/DJI_20260429140022_0009_D.MP4_snapshot_00.00.067-1024x768.jpg","articleSection":["Principal"],"inLanguage":"pt-BR"},{"@type":"WebPage","@id":"https:\/\/www.cambe.pr.gov.br\/index.php\/obras-da-ubs-novo-bandeirantes-e-ceoc-serao-retomadas-em-maio-apos-nova-licitacao\/","url":"https:\/\/www.cambe.pr.gov.br\/index.php\/obras-da-ubs-novo-bandeirantes-e-ceoc-serao-retomadas-em-maio-apos-nova-licitacao\/","name":"Obras da UBS Novo Bandeirantes e CEOC ser\u00e3o retomadas em maio ap\u00f3s nova licita\u00e7\u00e3o - Prefeitura de Camb\u00e9","isPartOf":{"@id":"https:\/\/www.cambe.pr.gov.br\/#website"},"primaryImageOfPage":{"@id":"https:\/\/www.cambe.pr.gov.br\/index.php\/obras-da-ubs-novo-bandeirantes-e-ceoc-serao-retomadas-em-maio-apos-nova-licitacao\/#primaryimage"},"image":{"@id":"https:\/\/www.cambe.pr.gov.br\/index.php\/obras-da-ubs-novo-bandeirantes-e-ceoc-serao-retomadas-em-maio-apos-nova-licitacao\/#primaryimage"},"thumbnailUrl":"https:\/\/www.cambe.pr.gov.br\/wp-content\/uploads\/2026\/04\/DJI_20260429140022_0009_D.MP4_snapshot_00.00.067-1024x768.jpg","datePublished":"2026-04-30T16:20:33+00:00","dateModified":"2026-04-30T16:37:22+00:00","breadcrumb":{"@id":"https:\/\/www.cambe.pr.gov.br\/index.php\/obras-da-ubs-novo-bandeirantes-e-ceoc-serao-retomadas-em-maio-apos-nova-licitacao\/#breadcrumb"},"inLanguage":"pt-BR","potentialAction":[{"@type":"ReadAction","target":["https:\/\/www.cambe.pr.gov.br\/index.php\/obras-da-ubs-novo-bandeirantes-e-ceoc-serao-retomadas-em-maio-apos-nova-licitacao\/"]}]},{"@type":"ImageObject","inLanguage":"pt-BR","@id":"https:\/\/www.cambe.pr.gov.br\/index.php\/obras-da-ubs-novo-bandeirantes-e-ceoc-serao-retomadas-em-maio-apos-nova-licitacao\/#primaryimage","url":"https:\/\/www.cambe.pr.gov.br\/wp-content\/uploads\/2026\/04\/DJI_20260429140022_0009_D.MP4_snapshot_00.00.067.jpg","contentUrl":"https:\/\/www.cambe.pr.gov.br\/wp-content\/uploads\/2026\/04\/DJI_20260429140022_0009_D.MP4_snapshot_00.00.067.jpg","width":2160,"height":1620},{"@type":"BreadcrumbList","@id":"https:\/\/www.cambe.pr.gov.br\/index.php\/obras-da-ubs-novo-bandeirantes-e-ceoc-serao-retomadas-em-maio-apos-nova-licitacao\/#breadcrumb","itemListElement":[{"@type":"ListItem","position":1,"name":"In\u00edcio","item":"https:\/\/www.cambe.pr.gov.br\/"},{"@type":"ListItem","position":2,"name":"Obras da UBS Novo Bandeirantes e CEOC ser\u00e3o retomadas em maio ap\u00f3s nova licita\u00e7\u00e3o"}]},{"@type":"WebSite","@id":"https:\/\/www.cambe.pr.gov.br\/#website","url":"https:\/\/www.cambe.pr.gov.br\/","name":"Prefeitura de Camb\u00e9","description":"UM GOVERNO PARA TODOS","publisher":{"@id":"https:\/\/www.cambe.pr.gov.br\/#organization"},"potentialAction":[{"@type":"SearchAction","target":{"@type":"EntryPoint","urlTemplate":"https:\/\/www.cambe.pr.gov.br\/?s={search_term_string}"},"query-input":{"@type":"PropertyValueSpecification","valueRequired":true,"valueName":"search_term_string"}}],"inLanguage":"pt-BR"},{"@type":"Organization","@id":"https:\/\/www.cambe.pr.gov.br\/#organization","name":"Prefeitura de Camb\u00e9","url":"https:\/\/www.cambe.pr.gov.br\/","logo":{"@type":"ImageObject","inLanguage":"pt-BR","@id":"https:\/\/www.cambe.pr.gov.br\/#\/schema\/logo\/image\/","url":"https:\/\/www.cambe.pr.gov.br\/wp-content\/uploads\/2021\/01\/cropped-cropped-cambe_brazao-icone.png","contentUrl":"https:\/\/www.cambe.pr.gov.br\/wp-content\/uploads\/2021\/01\/cropped-cropped-cambe_brazao-icone.png","width":240,"height":240,"caption":"Prefeitura de Camb\u00e9"},"image":{"@id":"https:\/\/www.cambe.pr.gov.br\/#\/schema\/logo\/image\/"},"sameAs":["https:\/\/m.facebook.com\/prefeituradecambe"]},{"@type":"Person","@id":"https:\/\/www.cambe.pr.gov.br\/#\/schema\/person\/8e3ee69cb2cadf4b9f8377407227effd","name":"Vinicius Augusto Batista Eira","image":{"@type":"ImageObject","inLanguage":"pt-BR","@id":"https:\/\/secure.gravatar.com\/avatar\/1ec500de7013b30e1d4d7c8c3978f0e4433c37e5d5e4cd186239369c6440122b?s=96&d=mm&r=g","url":"https:\/\/secure.gravatar.com\/avatar\/1ec500de7013b30e1d4d7c8c3978f0e4433c37e5d5e4cd186239369c6440122b?s=96&d=mm&r=g","contentUrl":"https:\/\/secure.gravatar.com\/avatar\/1ec500de7013b30e1d4d7c8c3978f0e4433c37e5d5e4cd186239369c6440122b?s=96&d=mm&r=g","caption":"Vinicius Augusto Batista Eira"},"url":"https:\/\/www.cambe.pr.gov.br\/index.php\/author\/vabeira\/"}]}},"_links":{"self":[{"href":"https:\/\/www.cambe.pr.gov.br\/index.php\/wp-json\/wp\/v2\/posts\/19133","targetHints":{"allow":["GET"]}}],"collection":[{"href":"https:\/\/www.cambe.pr.gov.br\/index.php\/wp-json\/wp\/v2\/posts"}],"about":[{"href":"https:\/\/www.cambe.pr.gov.br\/index.php\/wp-json\/wp\/v2\/types\/post"}],"author":[{"embeddable":true,"href":"https:\/\/www.cambe.pr.gov.br\/index.php\/wp-json\/wp\/v2\/users\/16"}],"replies":[{"embeddable":true,"href":"https:\/\/www.cambe.pr.gov.br\/index.php\/wp-json\/wp\/v2\/comments?post=19133"}],"version-history":[{"count":2,"href":"https:\/\/www.cambe.pr.gov.br\/index.php\/wp-json\/wp\/v2\/posts\/19133\/revisions"}],"predecessor-version":[{"id":19141,"href":"https:\/\/www.cambe.pr.gov.br\/index.php\/wp-json\/wp\/v2\/posts\/19133\/revisions\/19141"}],"wp:attachment":[{"href":"https:\/\/www.cambe.pr.gov.br\/index.php\/wp-json\/wp\/v2\/media?parent=19133"}],"wp:term":[{"taxonomy":"category","embeddable":true,"href":"https:\/\/www.cambe.pr.gov.br\/index.php\/wp-json\/wp\/v2\/categories?post=19133"},{"taxonomy":"post_tag","embeddable":true,"href":"https:\/\/www.cambe.pr.gov.br\/index.php\/wp-json\/wp\/v2\/tags?post=19133"}],"curies":[{"name":"wp","href":"https:\/\/api.w.org\/{rel}","templated":true}]}}