{"id":19127,"date":"2026-04-30T12:09:01","date_gmt":"2026-04-30T15:09:01","guid":{"rendered":"https:\/\/www.cambe.pr.gov.br\/?p=19127"},"modified":"2026-04-30T12:09:01","modified_gmt":"2026-04-30T15:09:01","slug":"festa-do-trabalhador-de-cambe-reune-esporte-musica-servicos-e-solidariedade-no-dia-1o-de-maio","status":"publish","type":"post","link":"https:\/\/www.cambe.pr.gov.br\/index.php\/festa-do-trabalhador-de-cambe-reune-esporte-musica-servicos-e-solidariedade-no-dia-1o-de-maio\/","title":{"rendered":"Festa do Trabalhador de Camb\u00e9 re\u00fane esporte, m\u00fasica, servi\u00e7os e solidariedade no dia 1\u00ba de maio"},"content":{"rendered":"<p style=\"text-align: justify;\"><span style=\"font-weight: 400; font-family: arial, helvetica, sans-serif;\"><img fetchpriority=\"high\" decoding=\"async\" class=\"alignleft size-large wp-image-19128\" src=\"https:\/\/www.cambe.pr.gov.br\/wp-content\/uploads\/2026\/04\/DSC_0139-1024x678.jpg\" alt=\"\" width=\"610\" height=\"404\" srcset=\"https:\/\/www.cambe.pr.gov.br\/wp-content\/uploads\/2026\/04\/DSC_0139-1024x678.jpg 1024w, https:\/\/www.cambe.pr.gov.br\/wp-content\/uploads\/2026\/04\/DSC_0139-300x199.jpg 300w, https:\/\/www.cambe.pr.gov.br\/wp-content\/uploads\/2026\/04\/DSC_0139-768x509.jpg 768w, https:\/\/www.cambe.pr.gov.br\/wp-content\/uploads\/2026\/04\/DSC_0139-1536x1017.jpg 1536w, https:\/\/www.cambe.pr.gov.br\/wp-content\/uploads\/2026\/04\/DSC_0139-2048x1357.jpg 2048w\" sizes=\"(max-width: 610px) 100vw, 610px\" \/>A Prefeitura de Camb\u00e9 promove, no dia 1\u00ba de maio, mais uma edi\u00e7\u00e3o da tradicional Festa do Trabalhador, com uma programa\u00e7\u00e3o completa voltada \u00e0 valoriza\u00e7\u00e3o do trabalhador cambeense. O evento ser\u00e1 realizado no Centro Esportivo Castelo Branco, das 9h \u00e0s 22h, mantendo o formato de sucesso dos anos anteriores, com esporte e a fase final do Torneio 1\u00ba de Maio, servi\u00e7os da Prefeitura, lazer para toda a fam\u00edlia, pra\u00e7a de alimenta\u00e7\u00e3o e atra\u00e7\u00f5es musicais gratuitas. A entrada \u00e9 gratuita, mas a Prefeitura incentiva a doa\u00e7\u00e3o de um quilo de alimento n\u00e3o perec\u00edvel, que ser\u00e1 destinado a institui\u00e7\u00f5es e projetos atendidos pelo Programa Camb\u00e9 que Acolhe. Quem contribuir participar\u00e1 do sorteio de brindes exclusivos.<\/span><\/p>\n<p style=\"text-align: justify;\"><span style=\"font-weight: 400; font-family: arial, helvetica, sans-serif;\">Para o prefeito Conrado Scheller, o evento refor\u00e7a o compromisso com a popula\u00e7\u00e3o. \u201cMais do que uma comemora\u00e7\u00e3o, a Festa do Trabalhador \u00e9 um momento de uni\u00e3o e reconhecimento. \u00c9 uma forma de valorizar quem move a nossa cidade e, ao mesmo tempo, fortalecer a\u00e7\u00f5es sociais que fazem a diferen\u00e7a na vida de muitas fam\u00edlias\u201d, afirmou.<\/span><\/p>\n<p>&nbsp;<\/p>\n<p style=\"text-align: justify;\"><strong><span style=\"font-family: arial, helvetica, sans-serif;\">Programa\u00e7\u00e3o<\/span><\/strong><\/p>\n<p style=\"text-align: justify;\"><span style=\"font-weight: 400; font-family: arial, helvetica, sans-serif;\"><img decoding=\"async\" class=\"alignleft size-large wp-image-19129\" src=\"https:\/\/www.cambe.pr.gov.br\/wp-content\/uploads\/2026\/04\/DSC_0120-1024x678.jpg\" alt=\"\" width=\"610\" height=\"404\" srcset=\"https:\/\/www.cambe.pr.gov.br\/wp-content\/uploads\/2026\/04\/DSC_0120-1024x678.jpg 1024w, https:\/\/www.cambe.pr.gov.br\/wp-content\/uploads\/2026\/04\/DSC_0120-300x199.jpg 300w, https:\/\/www.cambe.pr.gov.br\/wp-content\/uploads\/2026\/04\/DSC_0120-768x509.jpg 768w, https:\/\/www.cambe.pr.gov.br\/wp-content\/uploads\/2026\/04\/DSC_0120-1536x1017.jpg 1536w, https:\/\/www.cambe.pr.gov.br\/wp-content\/uploads\/2026\/04\/DSC_0120-2048x1357.jpg 2048w\" sizes=\"(max-width: 610px) 100vw, 610px\" \/>O esporte abre a Festa do Trabalhador. A partir das 8h, o campo recebe as finais do Torneio 1\u00ba de Maio, reunindo equipes locais em uma das competi\u00e7\u00f5es mais tradicionais da regi\u00e3o.\u00a0<\/span><\/p>\n<p style=\"text-align: justify;\"><span style=\"font-weight: 400; font-family: arial, helvetica, sans-serif;\">No palco principal, as atividades t\u00eam in\u00edcio \u00e0s 9h, com aula de aer\u00f3bica e treinamento funcional comandados pela Cross Experience. Na sequ\u00eancia, \u00e0s 10h, a Performance Academia promove aula de ritmos, incentivando a participa\u00e7\u00e3o do p\u00fablico logo nas primeiras horas do evento.<\/span><\/p>\n<p style=\"text-align: justify;\"><span style=\"font-weight: 400; font-family: arial, helvetica, sans-serif;\">No per\u00edodo da tarde e noite, a festa ganha ritmo com apresenta\u00e7\u00f5es musicais diversificadas. \u00c0s 15h, a Fam\u00edlia Sombel abre a programa\u00e7\u00e3o, seguida por DJ \u00e0s 15h30. \u00c0s 16h30, o Trio Amizade sobe ao palco com muito pagode. A anima\u00e7\u00e3o continua com DJ \u00e0s 18h30. \u00c0s 19h, a banda Brasil 2000 encerra a festa com um repert\u00f3rio de baile, reunindo sucessos de diferentes estilos.<\/span><\/p>\n<p style=\"text-align: justify;\"><span style=\"font-weight: 400; font-family: arial, helvetica, sans-serif;\">Al\u00e9m disso, durante todo o dia, o p\u00fablico poder\u00e1 aproveitar servi\u00e7os oferecidos pela Prefeitura, pra\u00e7a de alimenta\u00e7\u00e3o com food trucks de comidas e bebidas, feira de artesanato, espa\u00e7o kids com brinquedos gratuitos, al\u00e9m de distribui\u00e7\u00e3o de pipoca e algod\u00e3o-doce. O Centro Esportivo tamb\u00e9m conta com pontos de hidrata\u00e7\u00e3o gratuitos.<\/span><\/p>\n<p>&nbsp;<\/p>\n<p style=\"text-align: justify;\"><strong><span style=\"font-family: arial, helvetica, sans-serif;\">Servi\u00e7os municipais<\/span><\/strong><\/p>\n<p style=\"text-align: justify;\"><span style=\"font-weight: 400; font-family: arial, helvetica, sans-serif;\"><img decoding=\"async\" class=\"alignleft size-large wp-image-19131\" src=\"https:\/\/www.cambe.pr.gov.br\/wp-content\/uploads\/2026\/04\/DSC_0650-1024x678.jpg\" alt=\"\" width=\"610\" height=\"404\" srcset=\"https:\/\/www.cambe.pr.gov.br\/wp-content\/uploads\/2026\/04\/DSC_0650-1024x678.jpg 1024w, https:\/\/www.cambe.pr.gov.br\/wp-content\/uploads\/2026\/04\/DSC_0650-300x199.jpg 300w, https:\/\/www.cambe.pr.gov.br\/wp-content\/uploads\/2026\/04\/DSC_0650-768x509.jpg 768w, https:\/\/www.cambe.pr.gov.br\/wp-content\/uploads\/2026\/04\/DSC_0650-1536x1018.jpg 1536w, https:\/\/www.cambe.pr.gov.br\/wp-content\/uploads\/2026\/04\/DSC_0650-2048x1357.jpg 2048w\" sizes=\"(max-width: 610px) 100vw, 610px\" \/>A Secretaria Municipal de Sa\u00fade tamb\u00e9m estar\u00e1 presente com o \u00f4nibus itinerante, ofertando atendimentos em Sa\u00fade Bucal, incluindo avalia\u00e7\u00e3o e rastreamento de c\u00e2ncer bucal. Al\u00e9m disso, ser\u00e3o realizadas a\u00e7\u00f5es educativas voltadas \u00e0 preven\u00e7\u00e3o da dengue e acidentes com escorpi\u00f5es, e haver\u00e1 um ponto de borrifa\u00e7\u00e3o de repelente dispon\u00edvel para a popula\u00e7\u00e3o.<\/span><\/p>\n<p style=\"text-align: justify;\"><span style=\"font-weight: 400; font-family: arial, helvetica, sans-serif;\">Nesta edi\u00e7\u00e3o haver\u00e1, mais uma vez, o espa\u00e7o inclusivo \u201cSomos todos especiais\u201d e a presen\u00e7a de ambul\u00e2ncia para atendimento durante o evento, garantindo acessibilidade e seguran\u00e7a para todos os participantes.<\/span><\/p>\n<p>&nbsp;<\/p>\n<p style=\"text-align: justify;\"><strong><span style=\"font-family: arial, helvetica, sans-serif;\">Regras e orienta\u00e7\u00f5es<\/span><\/strong><\/p>\n<p style=\"text-align: justify;\"><span style=\"font-weight: 400; font-family: arial, helvetica, sans-serif;\">Para garantir a seguran\u00e7a do p\u00fablico, haver\u00e1 revista na entrada. Ser\u00e1 permitida a entrada de \u00e1gua em garrafa pl\u00e1stica transparente, cadeira e copo t\u00e9rmico vazio. N\u00e3o ser\u00e1 autorizada a entrada com bebidas alco\u00f3licas, refrigerantes, narguil\u00e9s, garrafas de vidro e qualquer tipo de arma.<\/span><\/p>\n<p style=\"text-align: justify;\"><span style=\"font-weight: 400; font-family: arial, helvetica, sans-serif;\">O tr\u00e2nsito no entorno tamb\u00e9m sofrer\u00e1 altera\u00e7\u00f5es. A partir das 6h30 do dia 1\u00ba, agentes de tr\u00e2nsito estar\u00e3o no local promovendo bloqueios. A Rua Humberto Moreschi ser\u00e1 interditada nos cruzamentos com as ruas Veneza e Bento Munhoz da Rocha Neto e com a Avenida Pedro Viriato P. de Souza, sendo permitido apenas o acesso de moradores.<\/span><\/p>\n","protected":false},"excerpt":{"rendered":"<p>A Prefeitura de Camb\u00e9 promove, no dia 1\u00ba de maio, mais uma edi\u00e7\u00e3o da tradicional Festa do Trabalhador, com uma programa\u00e7\u00e3o completa voltada \u00e0 valoriza\u00e7\u00e3o do trabalhador cambeense. O evento ser\u00e1 realizado no Centro Esportivo Castelo Branco, das 9h \u00e0s 22h, mantendo o formato de sucesso dos anos anteriores, com esporte e a fase final [&hellip;]<\/p>\n","protected":false},"author":16,"featured_media":0,"comment_status":"closed","ping_status":"closed","sticky":false,"template":"","format":"standard","meta":{"ngg_post_thumbnail":0,"footnotes":""},"categories":[1],"tags":[],"class_list":["post-19127","post","type-post","status-publish","format-standard","hentry","category-principal"],"yoast_head":"<!-- This site is optimized with the Yoast SEO plugin v27.4 - https:\/\/yoast.com\/product\/yoast-seo-wordpress\/ -->\n<title>Festa do Trabalhador de Camb\u00e9 re\u00fane esporte, m\u00fasica, servi\u00e7os e solidariedade no dia 1\u00ba de maio - Prefeitura de Camb\u00e9<\/title>\n<meta name=\"robots\" content=\"index, follow, max-snippet:-1, max-image-preview:large, max-video-preview:-1\" \/>\n<link rel=\"canonical\" href=\"https:\/\/www.cambe.pr.gov.br\/index.php\/festa-do-trabalhador-de-cambe-reune-esporte-musica-servicos-e-solidariedade-no-dia-1o-de-maio\/\" \/>\n<meta property=\"og:locale\" content=\"pt_BR\" \/>\n<meta property=\"og:type\" content=\"article\" \/>\n<meta property=\"og:title\" content=\"Festa do Trabalhador de Camb\u00e9 re\u00fane esporte, m\u00fasica, servi\u00e7os e solidariedade no dia 1\u00ba de maio - Prefeitura de Camb\u00e9\" \/>\n<meta property=\"og:description\" content=\"A Prefeitura de Camb\u00e9 promove, no dia 1\u00ba de maio, mais uma edi\u00e7\u00e3o da tradicional Festa do Trabalhador, com uma programa\u00e7\u00e3o completa voltada \u00e0 valoriza\u00e7\u00e3o do trabalhador cambeense. O evento ser\u00e1 realizado no Centro Esportivo Castelo Branco, das 9h \u00e0s 22h, mantendo o formato de sucesso dos anos anteriores, com esporte e a fase final [&hellip;]\" \/>\n<meta property=\"og:url\" content=\"https:\/\/www.cambe.pr.gov.br\/index.php\/festa-do-trabalhador-de-cambe-reune-esporte-musica-servicos-e-solidariedade-no-dia-1o-de-maio\/\" \/>\n<meta property=\"og:site_name\" content=\"Prefeitura de Camb\u00e9\" \/>\n<meta property=\"article:publisher\" content=\"https:\/\/m.facebook.com\/prefeituradecambe\" \/>\n<meta property=\"article:published_time\" content=\"2026-04-30T15:09:01+00:00\" \/>\n<meta property=\"og:image\" content=\"https:\/\/www.cambe.pr.gov.br\/wp-content\/uploads\/2026\/04\/DSC_0139-scaled.jpg\" \/>\n\t<meta property=\"og:image:width\" content=\"2560\" \/>\n\t<meta property=\"og:image:height\" content=\"1696\" \/>\n\t<meta property=\"og:image:type\" content=\"image\/jpeg\" \/>\n<meta name=\"author\" content=\"Vinicius Augusto Batista Eira\" \/>\n<meta name=\"twitter:card\" content=\"summary_large_image\" \/>\n<meta name=\"twitter:label1\" content=\"Escrito por\" \/>\n\t<meta name=\"twitter:data1\" content=\"Vinicius Augusto Batista Eira\" \/>\n\t<meta name=\"twitter:label2\" content=\"Est. tempo de leitura\" \/>\n\t<meta name=\"twitter:data2\" content=\"4 minutos\" \/>\n<script type=\"application\/ld+json\" class=\"yoast-schema-graph\">{\"@context\":\"https:\\\/\\\/schema.org\",\"@graph\":[{\"@type\":\"Article\",\"@id\":\"https:\\\/\\\/www.cambe.pr.gov.br\\\/index.php\\\/festa-do-trabalhador-de-cambe-reune-esporte-musica-servicos-e-solidariedade-no-dia-1o-de-maio\\\/#article\",\"isPartOf\":{\"@id\":\"https:\\\/\\\/www.cambe.pr.gov.br\\\/index.php\\\/festa-do-trabalhador-de-cambe-reune-esporte-musica-servicos-e-solidariedade-no-dia-1o-de-maio\\\/\"},\"author\":{\"name\":\"Vinicius Augusto Batista Eira\",\"@id\":\"https:\\\/\\\/www.cambe.pr.gov.br\\\/#\\\/schema\\\/person\\\/8e3ee69cb2cadf4b9f8377407227effd\"},\"headline\":\"Festa do Trabalhador de Camb\u00e9 re\u00fane esporte, m\u00fasica, servi\u00e7os e solidariedade no dia 1\u00ba de maio\",\"datePublished\":\"2026-04-30T15:09:01+00:00\",\"mainEntityOfPage\":{\"@id\":\"https:\\\/\\\/www.cambe.pr.gov.br\\\/index.php\\\/festa-do-trabalhador-de-cambe-reune-esporte-musica-servicos-e-solidariedade-no-dia-1o-de-maio\\\/\"},\"wordCount\":630,\"publisher\":{\"@id\":\"https:\\\/\\\/www.cambe.pr.gov.br\\\/#organization\"},\"image\":{\"@id\":\"https:\\\/\\\/www.cambe.pr.gov.br\\\/index.php\\\/festa-do-trabalhador-de-cambe-reune-esporte-musica-servicos-e-solidariedade-no-dia-1o-de-maio\\\/#primaryimage\"},\"thumbnailUrl\":\"https:\\\/\\\/www.cambe.pr.gov.br\\\/wp-content\\\/uploads\\\/2026\\\/04\\\/DSC_0139-1024x678.jpg\",\"articleSection\":[\"Principal\"],\"inLanguage\":\"pt-BR\"},{\"@type\":\"WebPage\",\"@id\":\"https:\\\/\\\/www.cambe.pr.gov.br\\\/index.php\\\/festa-do-trabalhador-de-cambe-reune-esporte-musica-servicos-e-solidariedade-no-dia-1o-de-maio\\\/\",\"url\":\"https:\\\/\\\/www.cambe.pr.gov.br\\\/index.php\\\/festa-do-trabalhador-de-cambe-reune-esporte-musica-servicos-e-solidariedade-no-dia-1o-de-maio\\\/\",\"name\":\"Festa do Trabalhador de Camb\u00e9 re\u00fane esporte, m\u00fasica, servi\u00e7os e solidariedade no dia 1\u00ba de maio - Prefeitura de Camb\u00e9\",\"isPartOf\":{\"@id\":\"https:\\\/\\\/www.cambe.pr.gov.br\\\/#website\"},\"primaryImageOfPage\":{\"@id\":\"https:\\\/\\\/www.cambe.pr.gov.br\\\/index.php\\\/festa-do-trabalhador-de-cambe-reune-esporte-musica-servicos-e-solidariedade-no-dia-1o-de-maio\\\/#primaryimage\"},\"image\":{\"@id\":\"https:\\\/\\\/www.cambe.pr.gov.br\\\/index.php\\\/festa-do-trabalhador-de-cambe-reune-esporte-musica-servicos-e-solidariedade-no-dia-1o-de-maio\\\/#primaryimage\"},\"thumbnailUrl\":\"https:\\\/\\\/www.cambe.pr.gov.br\\\/wp-content\\\/uploads\\\/2026\\\/04\\\/DSC_0139-1024x678.jpg\",\"datePublished\":\"2026-04-30T15:09:01+00:00\",\"breadcrumb\":{\"@id\":\"https:\\\/\\\/www.cambe.pr.gov.br\\\/index.php\\\/festa-do-trabalhador-de-cambe-reune-esporte-musica-servicos-e-solidariedade-no-dia-1o-de-maio\\\/#breadcrumb\"},\"inLanguage\":\"pt-BR\",\"potentialAction\":[{\"@type\":\"ReadAction\",\"target\":[\"https:\\\/\\\/www.cambe.pr.gov.br\\\/index.php\\\/festa-do-trabalhador-de-cambe-reune-esporte-musica-servicos-e-solidariedade-no-dia-1o-de-maio\\\/\"]}]},{\"@type\":\"ImageObject\",\"inLanguage\":\"pt-BR\",\"@id\":\"https:\\\/\\\/www.cambe.pr.gov.br\\\/index.php\\\/festa-do-trabalhador-de-cambe-reune-esporte-musica-servicos-e-solidariedade-no-dia-1o-de-maio\\\/#primaryimage\",\"url\":\"https:\\\/\\\/www.cambe.pr.gov.br\\\/wp-content\\\/uploads\\\/2026\\\/04\\\/DSC_0139-scaled.jpg\",\"contentUrl\":\"https:\\\/\\\/www.cambe.pr.gov.br\\\/wp-content\\\/uploads\\\/2026\\\/04\\\/DSC_0139-scaled.jpg\",\"width\":2560,\"height\":1696},{\"@type\":\"BreadcrumbList\",\"@id\":\"https:\\\/\\\/www.cambe.pr.gov.br\\\/index.php\\\/festa-do-trabalhador-de-cambe-reune-esporte-musica-servicos-e-solidariedade-no-dia-1o-de-maio\\\/#breadcrumb\",\"itemListElement\":[{\"@type\":\"ListItem\",\"position\":1,\"name\":\"In\u00edcio\",\"item\":\"https:\\\/\\\/www.cambe.pr.gov.br\\\/\"},{\"@type\":\"ListItem\",\"position\":2,\"name\":\"Festa do Trabalhador de Camb\u00e9 re\u00fane esporte, m\u00fasica, servi\u00e7os e solidariedade no dia 1\u00ba de maio\"}]},{\"@type\":\"WebSite\",\"@id\":\"https:\\\/\\\/www.cambe.pr.gov.br\\\/#website\",\"url\":\"https:\\\/\\\/www.cambe.pr.gov.br\\\/\",\"name\":\"Prefeitura de Camb\u00e9\",\"description\":\"UM GOVERNO PARA TODOS\",\"publisher\":{\"@id\":\"https:\\\/\\\/www.cambe.pr.gov.br\\\/#organization\"},\"potentialAction\":[{\"@type\":\"SearchAction\",\"target\":{\"@type\":\"EntryPoint\",\"urlTemplate\":\"https:\\\/\\\/www.cambe.pr.gov.br\\\/?s={search_term_string}\"},\"query-input\":{\"@type\":\"PropertyValueSpecification\",\"valueRequired\":true,\"valueName\":\"search_term_string\"}}],\"inLanguage\":\"pt-BR\"},{\"@type\":\"Organization\",\"@id\":\"https:\\\/\\\/www.cambe.pr.gov.br\\\/#organization\",\"name\":\"Prefeitura de Camb\u00e9\",\"url\":\"https:\\\/\\\/www.cambe.pr.gov.br\\\/\",\"logo\":{\"@type\":\"ImageObject\",\"inLanguage\":\"pt-BR\",\"@id\":\"https:\\\/\\\/www.cambe.pr.gov.br\\\/#\\\/schema\\\/logo\\\/image\\\/\",\"url\":\"https:\\\/\\\/www.cambe.pr.gov.br\\\/wp-content\\\/uploads\\\/2021\\\/01\\\/cropped-cropped-cambe_brazao-icone.png\",\"contentUrl\":\"https:\\\/\\\/www.cambe.pr.gov.br\\\/wp-content\\\/uploads\\\/2021\\\/01\\\/cropped-cropped-cambe_brazao-icone.png\",\"width\":240,\"height\":240,\"caption\":\"Prefeitura de Camb\u00e9\"},\"image\":{\"@id\":\"https:\\\/\\\/www.cambe.pr.gov.br\\\/#\\\/schema\\\/logo\\\/image\\\/\"},\"sameAs\":[\"https:\\\/\\\/m.facebook.com\\\/prefeituradecambe\"]},{\"@type\":\"Person\",\"@id\":\"https:\\\/\\\/www.cambe.pr.gov.br\\\/#\\\/schema\\\/person\\\/8e3ee69cb2cadf4b9f8377407227effd\",\"name\":\"Vinicius Augusto Batista Eira\",\"image\":{\"@type\":\"ImageObject\",\"inLanguage\":\"pt-BR\",\"@id\":\"https:\\\/\\\/secure.gravatar.com\\\/avatar\\\/1ec500de7013b30e1d4d7c8c3978f0e4433c37e5d5e4cd186239369c6440122b?s=96&d=mm&r=g\",\"url\":\"https:\\\/\\\/secure.gravatar.com\\\/avatar\\\/1ec500de7013b30e1d4d7c8c3978f0e4433c37e5d5e4cd186239369c6440122b?s=96&d=mm&r=g\",\"contentUrl\":\"https:\\\/\\\/secure.gravatar.com\\\/avatar\\\/1ec500de7013b30e1d4d7c8c3978f0e4433c37e5d5e4cd186239369c6440122b?s=96&d=mm&r=g\",\"caption\":\"Vinicius Augusto Batista Eira\"},\"url\":\"https:\\\/\\\/www.cambe.pr.gov.br\\\/index.php\\\/author\\\/vabeira\\\/\"}]}<\/script>\n<!-- \/ Yoast SEO plugin. -->","yoast_head_json":{"title":"Festa do Trabalhador de Camb\u00e9 re\u00fane esporte, m\u00fasica, servi\u00e7os e solidariedade no dia 1\u00ba de maio - Prefeitura de Camb\u00e9","robots":{"index":"index","follow":"follow","max-snippet":"max-snippet:-1","max-image-preview":"max-image-preview:large","max-video-preview":"max-video-preview:-1"},"canonical":"https:\/\/www.cambe.pr.gov.br\/index.php\/festa-do-trabalhador-de-cambe-reune-esporte-musica-servicos-e-solidariedade-no-dia-1o-de-maio\/","og_locale":"pt_BR","og_type":"article","og_title":"Festa do Trabalhador de Camb\u00e9 re\u00fane esporte, m\u00fasica, servi\u00e7os e solidariedade no dia 1\u00ba de maio - Prefeitura de Camb\u00e9","og_description":"A Prefeitura de Camb\u00e9 promove, no dia 1\u00ba de maio, mais uma edi\u00e7\u00e3o da tradicional Festa do Trabalhador, com uma programa\u00e7\u00e3o completa voltada \u00e0 valoriza\u00e7\u00e3o do trabalhador cambeense. O evento ser\u00e1 realizado no Centro Esportivo Castelo Branco, das 9h \u00e0s 22h, mantendo o formato de sucesso dos anos anteriores, com esporte e a fase final [&hellip;]","og_url":"https:\/\/www.cambe.pr.gov.br\/index.php\/festa-do-trabalhador-de-cambe-reune-esporte-musica-servicos-e-solidariedade-no-dia-1o-de-maio\/","og_site_name":"Prefeitura de Camb\u00e9","article_publisher":"https:\/\/m.facebook.com\/prefeituradecambe","article_published_time":"2026-04-30T15:09:01+00:00","og_image":[{"width":2560,"height":1696,"url":"https:\/\/www.cambe.pr.gov.br\/wp-content\/uploads\/2026\/04\/DSC_0139-scaled.jpg","type":"image\/jpeg"}],"author":"Vinicius Augusto Batista Eira","twitter_card":"summary_large_image","twitter_misc":{"Escrito por":"Vinicius Augusto Batista Eira","Est. tempo de leitura":"4 minutos"},"schema":{"@context":"https:\/\/schema.org","@graph":[{"@type":"Article","@id":"https:\/\/www.cambe.pr.gov.br\/index.php\/festa-do-trabalhador-de-cambe-reune-esporte-musica-servicos-e-solidariedade-no-dia-1o-de-maio\/#article","isPartOf":{"@id":"https:\/\/www.cambe.pr.gov.br\/index.php\/festa-do-trabalhador-de-cambe-reune-esporte-musica-servicos-e-solidariedade-no-dia-1o-de-maio\/"},"author":{"name":"Vinicius Augusto Batista Eira","@id":"https:\/\/www.cambe.pr.gov.br\/#\/schema\/person\/8e3ee69cb2cadf4b9f8377407227effd"},"headline":"Festa do Trabalhador de Camb\u00e9 re\u00fane esporte, m\u00fasica, servi\u00e7os e solidariedade no dia 1\u00ba de maio","datePublished":"2026-04-30T15:09:01+00:00","mainEntityOfPage":{"@id":"https:\/\/www.cambe.pr.gov.br\/index.php\/festa-do-trabalhador-de-cambe-reune-esporte-musica-servicos-e-solidariedade-no-dia-1o-de-maio\/"},"wordCount":630,"publisher":{"@id":"https:\/\/www.cambe.pr.gov.br\/#organization"},"image":{"@id":"https:\/\/www.cambe.pr.gov.br\/index.php\/festa-do-trabalhador-de-cambe-reune-esporte-musica-servicos-e-solidariedade-no-dia-1o-de-maio\/#primaryimage"},"thumbnailUrl":"https:\/\/www.cambe.pr.gov.br\/wp-content\/uploads\/2026\/04\/DSC_0139-1024x678.jpg","articleSection":["Principal"],"inLanguage":"pt-BR"},{"@type":"WebPage","@id":"https:\/\/www.cambe.pr.gov.br\/index.php\/festa-do-trabalhador-de-cambe-reune-esporte-musica-servicos-e-solidariedade-no-dia-1o-de-maio\/","url":"https:\/\/www.cambe.pr.gov.br\/index.php\/festa-do-trabalhador-de-cambe-reune-esporte-musica-servicos-e-solidariedade-no-dia-1o-de-maio\/","name":"Festa do Trabalhador de Camb\u00e9 re\u00fane esporte, m\u00fasica, servi\u00e7os e solidariedade no dia 1\u00ba de maio - Prefeitura de Camb\u00e9","isPartOf":{"@id":"https:\/\/www.cambe.pr.gov.br\/#website"},"primaryImageOfPage":{"@id":"https:\/\/www.cambe.pr.gov.br\/index.php\/festa-do-trabalhador-de-cambe-reune-esporte-musica-servicos-e-solidariedade-no-dia-1o-de-maio\/#primaryimage"},"image":{"@id":"https:\/\/www.cambe.pr.gov.br\/index.php\/festa-do-trabalhador-de-cambe-reune-esporte-musica-servicos-e-solidariedade-no-dia-1o-de-maio\/#primaryimage"},"thumbnailUrl":"https:\/\/www.cambe.pr.gov.br\/wp-content\/uploads\/2026\/04\/DSC_0139-1024x678.jpg","datePublished":"2026-04-30T15:09:01+00:00","breadcrumb":{"@id":"https:\/\/www.cambe.pr.gov.br\/index.php\/festa-do-trabalhador-de-cambe-reune-esporte-musica-servicos-e-solidariedade-no-dia-1o-de-maio\/#breadcrumb"},"inLanguage":"pt-BR","potentialAction":[{"@type":"ReadAction","target":["https:\/\/www.cambe.pr.gov.br\/index.php\/festa-do-trabalhador-de-cambe-reune-esporte-musica-servicos-e-solidariedade-no-dia-1o-de-maio\/"]}]},{"@type":"ImageObject","inLanguage":"pt-BR","@id":"https:\/\/www.cambe.pr.gov.br\/index.php\/festa-do-trabalhador-de-cambe-reune-esporte-musica-servicos-e-solidariedade-no-dia-1o-de-maio\/#primaryimage","url":"https:\/\/www.cambe.pr.gov.br\/wp-content\/uploads\/2026\/04\/DSC_0139-scaled.jpg","contentUrl":"https:\/\/www.cambe.pr.gov.br\/wp-content\/uploads\/2026\/04\/DSC_0139-scaled.jpg","width":2560,"height":1696},{"@type":"BreadcrumbList","@id":"https:\/\/www.cambe.pr.gov.br\/index.php\/festa-do-trabalhador-de-cambe-reune-esporte-musica-servicos-e-solidariedade-no-dia-1o-de-maio\/#breadcrumb","itemListElement":[{"@type":"ListItem","position":1,"name":"In\u00edcio","item":"https:\/\/www.cambe.pr.gov.br\/"},{"@type":"ListItem","position":2,"name":"Festa do Trabalhador de Camb\u00e9 re\u00fane esporte, m\u00fasica, servi\u00e7os e solidariedade no dia 1\u00ba de maio"}]},{"@type":"WebSite","@id":"https:\/\/www.cambe.pr.gov.br\/#website","url":"https:\/\/www.cambe.pr.gov.br\/","name":"Prefeitura de Camb\u00e9","description":"UM GOVERNO PARA TODOS","publisher":{"@id":"https:\/\/www.cambe.pr.gov.br\/#organization"},"potentialAction":[{"@type":"SearchAction","target":{"@type":"EntryPoint","urlTemplate":"https:\/\/www.cambe.pr.gov.br\/?s={search_term_string}"},"query-input":{"@type":"PropertyValueSpecification","valueRequired":true,"valueName":"search_term_string"}}],"inLanguage":"pt-BR"},{"@type":"Organization","@id":"https:\/\/www.cambe.pr.gov.br\/#organization","name":"Prefeitura de Camb\u00e9","url":"https:\/\/www.cambe.pr.gov.br\/","logo":{"@type":"ImageObject","inLanguage":"pt-BR","@id":"https:\/\/www.cambe.pr.gov.br\/#\/schema\/logo\/image\/","url":"https:\/\/www.cambe.pr.gov.br\/wp-content\/uploads\/2021\/01\/cropped-cropped-cambe_brazao-icone.png","contentUrl":"https:\/\/www.cambe.pr.gov.br\/wp-content\/uploads\/2021\/01\/cropped-cropped-cambe_brazao-icone.png","width":240,"height":240,"caption":"Prefeitura de Camb\u00e9"},"image":{"@id":"https:\/\/www.cambe.pr.gov.br\/#\/schema\/logo\/image\/"},"sameAs":["https:\/\/m.facebook.com\/prefeituradecambe"]},{"@type":"Person","@id":"https:\/\/www.cambe.pr.gov.br\/#\/schema\/person\/8e3ee69cb2cadf4b9f8377407227effd","name":"Vinicius Augusto Batista Eira","image":{"@type":"ImageObject","inLanguage":"pt-BR","@id":"https:\/\/secure.gravatar.com\/avatar\/1ec500de7013b30e1d4d7c8c3978f0e4433c37e5d5e4cd186239369c6440122b?s=96&d=mm&r=g","url":"https:\/\/secure.gravatar.com\/avatar\/1ec500de7013b30e1d4d7c8c3978f0e4433c37e5d5e4cd186239369c6440122b?s=96&d=mm&r=g","contentUrl":"https:\/\/secure.gravatar.com\/avatar\/1ec500de7013b30e1d4d7c8c3978f0e4433c37e5d5e4cd186239369c6440122b?s=96&d=mm&r=g","caption":"Vinicius Augusto Batista Eira"},"url":"https:\/\/www.cambe.pr.gov.br\/index.php\/author\/vabeira\/"}]}},"_links":{"self":[{"href":"https:\/\/www.cambe.pr.gov.br\/index.php\/wp-json\/wp\/v2\/posts\/19127","targetHints":{"allow":["GET"]}}],"collection":[{"href":"https:\/\/www.cambe.pr.gov.br\/index.php\/wp-json\/wp\/v2\/posts"}],"about":[{"href":"https:\/\/www.cambe.pr.gov.br\/index.php\/wp-json\/wp\/v2\/types\/post"}],"author":[{"embeddable":true,"href":"https:\/\/www.cambe.pr.gov.br\/index.php\/wp-json\/wp\/v2\/users\/16"}],"replies":[{"embeddable":true,"href":"https:\/\/www.cambe.pr.gov.br\/index.php\/wp-json\/wp\/v2\/comments?post=19127"}],"version-history":[{"count":2,"href":"https:\/\/www.cambe.pr.gov.br\/index.php\/wp-json\/wp\/v2\/posts\/19127\/revisions"}],"predecessor-version":[{"id":19132,"href":"https:\/\/www.cambe.pr.gov.br\/index.php\/wp-json\/wp\/v2\/posts\/19127\/revisions\/19132"}],"wp:attachment":[{"href":"https:\/\/www.cambe.pr.gov.br\/index.php\/wp-json\/wp\/v2\/media?parent=19127"}],"wp:term":[{"taxonomy":"category","embeddable":true,"href":"https:\/\/www.cambe.pr.gov.br\/index.php\/wp-json\/wp\/v2\/categories?post=19127"},{"taxonomy":"post_tag","embeddable":true,"href":"https:\/\/www.cambe.pr.gov.br\/index.php\/wp-json\/wp\/v2\/tags?post=19127"}],"curies":[{"name":"wp","href":"https:\/\/api.w.org\/{rel}","templated":true}]}}