{"id":19109,"date":"2026-04-27T09:50:57","date_gmt":"2026-04-27T12:50:57","guid":{"rendered":"https:\/\/www.cambe.pr.gov.br\/?p=19109"},"modified":"2026-04-27T09:50:57","modified_gmt":"2026-04-27T12:50:57","slug":"estao-abertas-as-inscricoes-para-curso-gratuito-de-modelagem-e-henna-para-sobrancelhas","status":"publish","type":"post","link":"https:\/\/www.cambe.pr.gov.br\/index.php\/estao-abertas-as-inscricoes-para-curso-gratuito-de-modelagem-e-henna-para-sobrancelhas\/","title":{"rendered":"Est\u00e3o abertas as inscri\u00e7\u00f5es para curso gratuito de modelagem e henna para sobrancelhas"},"content":{"rendered":"<div id=\"attachment_19110\" style=\"width: 610px\" class=\"wp-caption alignleft\"><img fetchpriority=\"high\" decoding=\"async\" aria-describedby=\"caption-attachment-19110\" class=\"wp-image-19110\" src=\"https:\/\/www.cambe.pr.gov.br\/wp-content\/uploads\/2026\/04\/modelagem_e_henna_para_sobrancelhas_310483841.jpg\" alt=\"\" width=\"600\" height=\"397\" srcset=\"https:\/\/www.cambe.pr.gov.br\/wp-content\/uploads\/2026\/04\/modelagem_e_henna_para_sobrancelhas_310483841.jpg 562w, https:\/\/www.cambe.pr.gov.br\/wp-content\/uploads\/2026\/04\/modelagem_e_henna_para_sobrancelhas_310483841-300x199.jpg 300w\" sizes=\"(max-width: 600px) 100vw, 600px\" \/><p id=\"caption-attachment-19110\" class=\"wp-caption-text\">\u00a0<\/p><\/div>\n<p style=\"text-align: justify;\"><span style=\"font-weight: 400; font-family: arial, helvetica, sans-serif;\">A Prefeitura de Camb\u00e9, em parceria com Senac Paran\u00e1, abriu inscri\u00e7\u00f5es para curso gratuito de modelagem e henna para sobrancelhas. A forma\u00e7\u00e3o vai garantir o aprendizado de t\u00e9cnicas e a utiliza\u00e7\u00e3o correta de produtos para esse procedimento. Ao todo, s\u00e3o 21 horas de carga hor\u00e1ria, com aulas come\u00e7ando j\u00e1 na pr\u00f3xima segunda-feira (4\/5). <a href=\"https:\/\/www.pr.senac.br\/cursos\/index.asp?uep=2&amp;tc=202600165\" target=\"_blank\" rel=\"noopener\"><strong>Clique aqui<\/strong><\/a> e fa\u00e7a a sua inscri\u00e7\u00e3o.<\/span><\/p>\n<p style=\"text-align: justify;\"><span style=\"font-weight: 400; font-family: arial, helvetica, sans-serif;\">O curso \u00e9 voltado para alunos de no m\u00ednimo 16 anos e com pelo menos o 5\u00ba ano do ensino fundamental, garantindo a aprendizagem de todas as t\u00e9cnicas para a inser\u00e7\u00e3o no mercado de trabalho. A grade curricular prev\u00ea a forma\u00e7\u00e3o em formas e fisionomia: perfil do rosto; corre\u00e7\u00e3o e falhas da sobrancelha; passo a passo da modelagem de sobrancelhas; limpeza da pele para aplica\u00e7\u00e3o da henna; uso do produto; cobertura de pelos brancos; e passo a passo da colora\u00e7\u00e3o com henna.<\/span><\/p>\n<p style=\"text-align: justify;\"><span style=\"font-weight: 400; font-family: arial, helvetica, sans-serif;\">As aulas v\u00e3o de 4 a 12 de maio, em dias da semana, das 14h \u00e0s 17h, no Centro da Juventude, localizado na Avenida Pedro Viriato P. de Souza, 953.<\/span><\/p>\n","protected":false},"excerpt":{"rendered":"<p>A Prefeitura de Camb\u00e9, em parceria com Senac Paran\u00e1, abriu inscri\u00e7\u00f5es para curso gratuito de modelagem e henna para sobrancelhas. A forma\u00e7\u00e3o vai garantir o aprendizado de t\u00e9cnicas e a utiliza\u00e7\u00e3o correta de produtos para esse procedimento. Ao todo, s\u00e3o 21 horas de carga hor\u00e1ria, com aulas come\u00e7ando j\u00e1 na pr\u00f3xima segunda-feira (4\/5). Clique aqui [&hellip;]<\/p>\n","protected":false},"author":16,"featured_media":0,"comment_status":"closed","ping_status":"closed","sticky":false,"template":"","format":"standard","meta":{"ngg_post_thumbnail":0,"footnotes":""},"categories":[1],"tags":[],"class_list":["post-19109","post","type-post","status-publish","format-standard","hentry","category-principal"],"yoast_head":"<!-- This site is optimized with the Yoast SEO plugin v27.4 - https:\/\/yoast.com\/product\/yoast-seo-wordpress\/ -->\n<title>Est\u00e3o abertas as inscri\u00e7\u00f5es para curso gratuito de modelagem e henna para sobrancelhas - Prefeitura de Camb\u00e9<\/title>\n<meta name=\"robots\" content=\"index, follow, max-snippet:-1, max-image-preview:large, max-video-preview:-1\" \/>\n<link rel=\"canonical\" href=\"https:\/\/www.cambe.pr.gov.br\/index.php\/estao-abertas-as-inscricoes-para-curso-gratuito-de-modelagem-e-henna-para-sobrancelhas\/\" \/>\n<meta property=\"og:locale\" content=\"pt_BR\" \/>\n<meta property=\"og:type\" content=\"article\" \/>\n<meta property=\"og:title\" content=\"Est\u00e3o abertas as inscri\u00e7\u00f5es para curso gratuito de modelagem e henna para sobrancelhas - Prefeitura de Camb\u00e9\" \/>\n<meta property=\"og:description\" content=\"A Prefeitura de Camb\u00e9, em parceria com Senac Paran\u00e1, abriu inscri\u00e7\u00f5es para curso gratuito de modelagem e henna para sobrancelhas. A forma\u00e7\u00e3o vai garantir o aprendizado de t\u00e9cnicas e a utiliza\u00e7\u00e3o correta de produtos para esse procedimento. Ao todo, s\u00e3o 21 horas de carga hor\u00e1ria, com aulas come\u00e7ando j\u00e1 na pr\u00f3xima segunda-feira (4\/5). Clique aqui [&hellip;]\" \/>\n<meta property=\"og:url\" content=\"https:\/\/www.cambe.pr.gov.br\/index.php\/estao-abertas-as-inscricoes-para-curso-gratuito-de-modelagem-e-henna-para-sobrancelhas\/\" \/>\n<meta property=\"og:site_name\" content=\"Prefeitura de Camb\u00e9\" \/>\n<meta property=\"article:publisher\" content=\"https:\/\/m.facebook.com\/prefeituradecambe\" \/>\n<meta property=\"article:published_time\" content=\"2026-04-27T12:50:57+00:00\" \/>\n<meta property=\"og:image\" content=\"https:\/\/www.cambe.pr.gov.br\/wp-content\/uploads\/2026\/04\/modelagem_e_henna_para_sobrancelhas_310483841.jpg\" \/>\n\t<meta property=\"og:image:width\" content=\"562\" \/>\n\t<meta property=\"og:image:height\" content=\"372\" \/>\n\t<meta property=\"og:image:type\" content=\"image\/jpeg\" \/>\n<meta name=\"author\" content=\"Vinicius Augusto Batista Eira\" \/>\n<meta name=\"twitter:card\" content=\"summary_large_image\" \/>\n<meta name=\"twitter:label1\" content=\"Escrito por\" \/>\n\t<meta name=\"twitter:data1\" content=\"Vinicius Augusto Batista Eira\" \/>\n\t<meta name=\"twitter:label2\" content=\"Est. tempo de leitura\" \/>\n\t<meta name=\"twitter:data2\" content=\"2 minutos\" \/>\n<script type=\"application\/ld+json\" class=\"yoast-schema-graph\">{\"@context\":\"https:\\\/\\\/schema.org\",\"@graph\":[{\"@type\":\"Article\",\"@id\":\"https:\\\/\\\/www.cambe.pr.gov.br\\\/index.php\\\/estao-abertas-as-inscricoes-para-curso-gratuito-de-modelagem-e-henna-para-sobrancelhas\\\/#article\",\"isPartOf\":{\"@id\":\"https:\\\/\\\/www.cambe.pr.gov.br\\\/index.php\\\/estao-abertas-as-inscricoes-para-curso-gratuito-de-modelagem-e-henna-para-sobrancelhas\\\/\"},\"author\":{\"name\":\"Vinicius Augusto Batista Eira\",\"@id\":\"https:\\\/\\\/www.cambe.pr.gov.br\\\/#\\\/schema\\\/person\\\/8e3ee69cb2cadf4b9f8377407227effd\"},\"headline\":\"Est\u00e3o abertas as inscri\u00e7\u00f5es para curso gratuito de modelagem e henna para sobrancelhas\",\"datePublished\":\"2026-04-27T12:50:57+00:00\",\"mainEntityOfPage\":{\"@id\":\"https:\\\/\\\/www.cambe.pr.gov.br\\\/index.php\\\/estao-abertas-as-inscricoes-para-curso-gratuito-de-modelagem-e-henna-para-sobrancelhas\\\/\"},\"wordCount\":204,\"publisher\":{\"@id\":\"https:\\\/\\\/www.cambe.pr.gov.br\\\/#organization\"},\"image\":{\"@id\":\"https:\\\/\\\/www.cambe.pr.gov.br\\\/index.php\\\/estao-abertas-as-inscricoes-para-curso-gratuito-de-modelagem-e-henna-para-sobrancelhas\\\/#primaryimage\"},\"thumbnailUrl\":\"https:\\\/\\\/www.cambe.pr.gov.br\\\/wp-content\\\/uploads\\\/2026\\\/04\\\/modelagem_e_henna_para_sobrancelhas_310483841.jpg\",\"articleSection\":[\"Principal\"],\"inLanguage\":\"pt-BR\"},{\"@type\":\"WebPage\",\"@id\":\"https:\\\/\\\/www.cambe.pr.gov.br\\\/index.php\\\/estao-abertas-as-inscricoes-para-curso-gratuito-de-modelagem-e-henna-para-sobrancelhas\\\/\",\"url\":\"https:\\\/\\\/www.cambe.pr.gov.br\\\/index.php\\\/estao-abertas-as-inscricoes-para-curso-gratuito-de-modelagem-e-henna-para-sobrancelhas\\\/\",\"name\":\"Est\u00e3o abertas as inscri\u00e7\u00f5es para curso gratuito de modelagem e henna para sobrancelhas - Prefeitura de Camb\u00e9\",\"isPartOf\":{\"@id\":\"https:\\\/\\\/www.cambe.pr.gov.br\\\/#website\"},\"primaryImageOfPage\":{\"@id\":\"https:\\\/\\\/www.cambe.pr.gov.br\\\/index.php\\\/estao-abertas-as-inscricoes-para-curso-gratuito-de-modelagem-e-henna-para-sobrancelhas\\\/#primaryimage\"},\"image\":{\"@id\":\"https:\\\/\\\/www.cambe.pr.gov.br\\\/index.php\\\/estao-abertas-as-inscricoes-para-curso-gratuito-de-modelagem-e-henna-para-sobrancelhas\\\/#primaryimage\"},\"thumbnailUrl\":\"https:\\\/\\\/www.cambe.pr.gov.br\\\/wp-content\\\/uploads\\\/2026\\\/04\\\/modelagem_e_henna_para_sobrancelhas_310483841.jpg\",\"datePublished\":\"2026-04-27T12:50:57+00:00\",\"breadcrumb\":{\"@id\":\"https:\\\/\\\/www.cambe.pr.gov.br\\\/index.php\\\/estao-abertas-as-inscricoes-para-curso-gratuito-de-modelagem-e-henna-para-sobrancelhas\\\/#breadcrumb\"},\"inLanguage\":\"pt-BR\",\"potentialAction\":[{\"@type\":\"ReadAction\",\"target\":[\"https:\\\/\\\/www.cambe.pr.gov.br\\\/index.php\\\/estao-abertas-as-inscricoes-para-curso-gratuito-de-modelagem-e-henna-para-sobrancelhas\\\/\"]}]},{\"@type\":\"ImageObject\",\"inLanguage\":\"pt-BR\",\"@id\":\"https:\\\/\\\/www.cambe.pr.gov.br\\\/index.php\\\/estao-abertas-as-inscricoes-para-curso-gratuito-de-modelagem-e-henna-para-sobrancelhas\\\/#primaryimage\",\"url\":\"https:\\\/\\\/www.cambe.pr.gov.br\\\/wp-content\\\/uploads\\\/2026\\\/04\\\/modelagem_e_henna_para_sobrancelhas_310483841.jpg\",\"contentUrl\":\"https:\\\/\\\/www.cambe.pr.gov.br\\\/wp-content\\\/uploads\\\/2026\\\/04\\\/modelagem_e_henna_para_sobrancelhas_310483841.jpg\",\"width\":562,\"height\":372,\"caption\":\"beautician- makeup artist applies paint henna on previously plucked, design, trimmed eyebrows in a beauty salon in the session correction. Professional care for face S\"},{\"@type\":\"BreadcrumbList\",\"@id\":\"https:\\\/\\\/www.cambe.pr.gov.br\\\/index.php\\\/estao-abertas-as-inscricoes-para-curso-gratuito-de-modelagem-e-henna-para-sobrancelhas\\\/#breadcrumb\",\"itemListElement\":[{\"@type\":\"ListItem\",\"position\":1,\"name\":\"In\u00edcio\",\"item\":\"https:\\\/\\\/www.cambe.pr.gov.br\\\/\"},{\"@type\":\"ListItem\",\"position\":2,\"name\":\"Est\u00e3o abertas as inscri\u00e7\u00f5es para curso gratuito de modelagem e henna para sobrancelhas\"}]},{\"@type\":\"WebSite\",\"@id\":\"https:\\\/\\\/www.cambe.pr.gov.br\\\/#website\",\"url\":\"https:\\\/\\\/www.cambe.pr.gov.br\\\/\",\"name\":\"Prefeitura de Camb\u00e9\",\"description\":\"UM GOVERNO PARA TODOS\",\"publisher\":{\"@id\":\"https:\\\/\\\/www.cambe.pr.gov.br\\\/#organization\"},\"potentialAction\":[{\"@type\":\"SearchAction\",\"target\":{\"@type\":\"EntryPoint\",\"urlTemplate\":\"https:\\\/\\\/www.cambe.pr.gov.br\\\/?s={search_term_string}\"},\"query-input\":{\"@type\":\"PropertyValueSpecification\",\"valueRequired\":true,\"valueName\":\"search_term_string\"}}],\"inLanguage\":\"pt-BR\"},{\"@type\":\"Organization\",\"@id\":\"https:\\\/\\\/www.cambe.pr.gov.br\\\/#organization\",\"name\":\"Prefeitura de Camb\u00e9\",\"url\":\"https:\\\/\\\/www.cambe.pr.gov.br\\\/\",\"logo\":{\"@type\":\"ImageObject\",\"inLanguage\":\"pt-BR\",\"@id\":\"https:\\\/\\\/www.cambe.pr.gov.br\\\/#\\\/schema\\\/logo\\\/image\\\/\",\"url\":\"https:\\\/\\\/www.cambe.pr.gov.br\\\/wp-content\\\/uploads\\\/2021\\\/01\\\/cropped-cropped-cambe_brazao-icone.png\",\"contentUrl\":\"https:\\\/\\\/www.cambe.pr.gov.br\\\/wp-content\\\/uploads\\\/2021\\\/01\\\/cropped-cropped-cambe_brazao-icone.png\",\"width\":240,\"height\":240,\"caption\":\"Prefeitura de Camb\u00e9\"},\"image\":{\"@id\":\"https:\\\/\\\/www.cambe.pr.gov.br\\\/#\\\/schema\\\/logo\\\/image\\\/\"},\"sameAs\":[\"https:\\\/\\\/m.facebook.com\\\/prefeituradecambe\"]},{\"@type\":\"Person\",\"@id\":\"https:\\\/\\\/www.cambe.pr.gov.br\\\/#\\\/schema\\\/person\\\/8e3ee69cb2cadf4b9f8377407227effd\",\"name\":\"Vinicius Augusto Batista Eira\",\"image\":{\"@type\":\"ImageObject\",\"inLanguage\":\"pt-BR\",\"@id\":\"https:\\\/\\\/secure.gravatar.com\\\/avatar\\\/1ec500de7013b30e1d4d7c8c3978f0e4433c37e5d5e4cd186239369c6440122b?s=96&d=mm&r=g\",\"url\":\"https:\\\/\\\/secure.gravatar.com\\\/avatar\\\/1ec500de7013b30e1d4d7c8c3978f0e4433c37e5d5e4cd186239369c6440122b?s=96&d=mm&r=g\",\"contentUrl\":\"https:\\\/\\\/secure.gravatar.com\\\/avatar\\\/1ec500de7013b30e1d4d7c8c3978f0e4433c37e5d5e4cd186239369c6440122b?s=96&d=mm&r=g\",\"caption\":\"Vinicius Augusto Batista Eira\"},\"url\":\"https:\\\/\\\/www.cambe.pr.gov.br\\\/index.php\\\/author\\\/vabeira\\\/\"}]}<\/script>\n<!-- \/ Yoast SEO plugin. -->","yoast_head_json":{"title":"Est\u00e3o abertas as inscri\u00e7\u00f5es para curso gratuito de modelagem e henna para sobrancelhas - Prefeitura de Camb\u00e9","robots":{"index":"index","follow":"follow","max-snippet":"max-snippet:-1","max-image-preview":"max-image-preview:large","max-video-preview":"max-video-preview:-1"},"canonical":"https:\/\/www.cambe.pr.gov.br\/index.php\/estao-abertas-as-inscricoes-para-curso-gratuito-de-modelagem-e-henna-para-sobrancelhas\/","og_locale":"pt_BR","og_type":"article","og_title":"Est\u00e3o abertas as inscri\u00e7\u00f5es para curso gratuito de modelagem e henna para sobrancelhas - Prefeitura de Camb\u00e9","og_description":"A Prefeitura de Camb\u00e9, em parceria com Senac Paran\u00e1, abriu inscri\u00e7\u00f5es para curso gratuito de modelagem e henna para sobrancelhas. A forma\u00e7\u00e3o vai garantir o aprendizado de t\u00e9cnicas e a utiliza\u00e7\u00e3o correta de produtos para esse procedimento. Ao todo, s\u00e3o 21 horas de carga hor\u00e1ria, com aulas come\u00e7ando j\u00e1 na pr\u00f3xima segunda-feira (4\/5). Clique aqui [&hellip;]","og_url":"https:\/\/www.cambe.pr.gov.br\/index.php\/estao-abertas-as-inscricoes-para-curso-gratuito-de-modelagem-e-henna-para-sobrancelhas\/","og_site_name":"Prefeitura de Camb\u00e9","article_publisher":"https:\/\/m.facebook.com\/prefeituradecambe","article_published_time":"2026-04-27T12:50:57+00:00","og_image":[{"width":562,"height":372,"url":"https:\/\/www.cambe.pr.gov.br\/wp-content\/uploads\/2026\/04\/modelagem_e_henna_para_sobrancelhas_310483841.jpg","type":"image\/jpeg"}],"author":"Vinicius Augusto Batista Eira","twitter_card":"summary_large_image","twitter_misc":{"Escrito por":"Vinicius Augusto Batista Eira","Est. tempo de leitura":"2 minutos"},"schema":{"@context":"https:\/\/schema.org","@graph":[{"@type":"Article","@id":"https:\/\/www.cambe.pr.gov.br\/index.php\/estao-abertas-as-inscricoes-para-curso-gratuito-de-modelagem-e-henna-para-sobrancelhas\/#article","isPartOf":{"@id":"https:\/\/www.cambe.pr.gov.br\/index.php\/estao-abertas-as-inscricoes-para-curso-gratuito-de-modelagem-e-henna-para-sobrancelhas\/"},"author":{"name":"Vinicius Augusto Batista Eira","@id":"https:\/\/www.cambe.pr.gov.br\/#\/schema\/person\/8e3ee69cb2cadf4b9f8377407227effd"},"headline":"Est\u00e3o abertas as inscri\u00e7\u00f5es para curso gratuito de modelagem e henna para sobrancelhas","datePublished":"2026-04-27T12:50:57+00:00","mainEntityOfPage":{"@id":"https:\/\/www.cambe.pr.gov.br\/index.php\/estao-abertas-as-inscricoes-para-curso-gratuito-de-modelagem-e-henna-para-sobrancelhas\/"},"wordCount":204,"publisher":{"@id":"https:\/\/www.cambe.pr.gov.br\/#organization"},"image":{"@id":"https:\/\/www.cambe.pr.gov.br\/index.php\/estao-abertas-as-inscricoes-para-curso-gratuito-de-modelagem-e-henna-para-sobrancelhas\/#primaryimage"},"thumbnailUrl":"https:\/\/www.cambe.pr.gov.br\/wp-content\/uploads\/2026\/04\/modelagem_e_henna_para_sobrancelhas_310483841.jpg","articleSection":["Principal"],"inLanguage":"pt-BR"},{"@type":"WebPage","@id":"https:\/\/www.cambe.pr.gov.br\/index.php\/estao-abertas-as-inscricoes-para-curso-gratuito-de-modelagem-e-henna-para-sobrancelhas\/","url":"https:\/\/www.cambe.pr.gov.br\/index.php\/estao-abertas-as-inscricoes-para-curso-gratuito-de-modelagem-e-henna-para-sobrancelhas\/","name":"Est\u00e3o abertas as inscri\u00e7\u00f5es para curso gratuito de modelagem e henna para sobrancelhas - Prefeitura de Camb\u00e9","isPartOf":{"@id":"https:\/\/www.cambe.pr.gov.br\/#website"},"primaryImageOfPage":{"@id":"https:\/\/www.cambe.pr.gov.br\/index.php\/estao-abertas-as-inscricoes-para-curso-gratuito-de-modelagem-e-henna-para-sobrancelhas\/#primaryimage"},"image":{"@id":"https:\/\/www.cambe.pr.gov.br\/index.php\/estao-abertas-as-inscricoes-para-curso-gratuito-de-modelagem-e-henna-para-sobrancelhas\/#primaryimage"},"thumbnailUrl":"https:\/\/www.cambe.pr.gov.br\/wp-content\/uploads\/2026\/04\/modelagem_e_henna_para_sobrancelhas_310483841.jpg","datePublished":"2026-04-27T12:50:57+00:00","breadcrumb":{"@id":"https:\/\/www.cambe.pr.gov.br\/index.php\/estao-abertas-as-inscricoes-para-curso-gratuito-de-modelagem-e-henna-para-sobrancelhas\/#breadcrumb"},"inLanguage":"pt-BR","potentialAction":[{"@type":"ReadAction","target":["https:\/\/www.cambe.pr.gov.br\/index.php\/estao-abertas-as-inscricoes-para-curso-gratuito-de-modelagem-e-henna-para-sobrancelhas\/"]}]},{"@type":"ImageObject","inLanguage":"pt-BR","@id":"https:\/\/www.cambe.pr.gov.br\/index.php\/estao-abertas-as-inscricoes-para-curso-gratuito-de-modelagem-e-henna-para-sobrancelhas\/#primaryimage","url":"https:\/\/www.cambe.pr.gov.br\/wp-content\/uploads\/2026\/04\/modelagem_e_henna_para_sobrancelhas_310483841.jpg","contentUrl":"https:\/\/www.cambe.pr.gov.br\/wp-content\/uploads\/2026\/04\/modelagem_e_henna_para_sobrancelhas_310483841.jpg","width":562,"height":372,"caption":"beautician- makeup artist applies paint henna on previously plucked, design, trimmed eyebrows in a beauty salon in the session correction. Professional care for face S"},{"@type":"BreadcrumbList","@id":"https:\/\/www.cambe.pr.gov.br\/index.php\/estao-abertas-as-inscricoes-para-curso-gratuito-de-modelagem-e-henna-para-sobrancelhas\/#breadcrumb","itemListElement":[{"@type":"ListItem","position":1,"name":"In\u00edcio","item":"https:\/\/www.cambe.pr.gov.br\/"},{"@type":"ListItem","position":2,"name":"Est\u00e3o abertas as inscri\u00e7\u00f5es para curso gratuito de modelagem e henna para sobrancelhas"}]},{"@type":"WebSite","@id":"https:\/\/www.cambe.pr.gov.br\/#website","url":"https:\/\/www.cambe.pr.gov.br\/","name":"Prefeitura de Camb\u00e9","description":"UM GOVERNO PARA TODOS","publisher":{"@id":"https:\/\/www.cambe.pr.gov.br\/#organization"},"potentialAction":[{"@type":"SearchAction","target":{"@type":"EntryPoint","urlTemplate":"https:\/\/www.cambe.pr.gov.br\/?s={search_term_string}"},"query-input":{"@type":"PropertyValueSpecification","valueRequired":true,"valueName":"search_term_string"}}],"inLanguage":"pt-BR"},{"@type":"Organization","@id":"https:\/\/www.cambe.pr.gov.br\/#organization","name":"Prefeitura de Camb\u00e9","url":"https:\/\/www.cambe.pr.gov.br\/","logo":{"@type":"ImageObject","inLanguage":"pt-BR","@id":"https:\/\/www.cambe.pr.gov.br\/#\/schema\/logo\/image\/","url":"https:\/\/www.cambe.pr.gov.br\/wp-content\/uploads\/2021\/01\/cropped-cropped-cambe_brazao-icone.png","contentUrl":"https:\/\/www.cambe.pr.gov.br\/wp-content\/uploads\/2021\/01\/cropped-cropped-cambe_brazao-icone.png","width":240,"height":240,"caption":"Prefeitura de Camb\u00e9"},"image":{"@id":"https:\/\/www.cambe.pr.gov.br\/#\/schema\/logo\/image\/"},"sameAs":["https:\/\/m.facebook.com\/prefeituradecambe"]},{"@type":"Person","@id":"https:\/\/www.cambe.pr.gov.br\/#\/schema\/person\/8e3ee69cb2cadf4b9f8377407227effd","name":"Vinicius Augusto Batista Eira","image":{"@type":"ImageObject","inLanguage":"pt-BR","@id":"https:\/\/secure.gravatar.com\/avatar\/1ec500de7013b30e1d4d7c8c3978f0e4433c37e5d5e4cd186239369c6440122b?s=96&d=mm&r=g","url":"https:\/\/secure.gravatar.com\/avatar\/1ec500de7013b30e1d4d7c8c3978f0e4433c37e5d5e4cd186239369c6440122b?s=96&d=mm&r=g","contentUrl":"https:\/\/secure.gravatar.com\/avatar\/1ec500de7013b30e1d4d7c8c3978f0e4433c37e5d5e4cd186239369c6440122b?s=96&d=mm&r=g","caption":"Vinicius Augusto Batista Eira"},"url":"https:\/\/www.cambe.pr.gov.br\/index.php\/author\/vabeira\/"}]}},"_links":{"self":[{"href":"https:\/\/www.cambe.pr.gov.br\/index.php\/wp-json\/wp\/v2\/posts\/19109","targetHints":{"allow":["GET"]}}],"collection":[{"href":"https:\/\/www.cambe.pr.gov.br\/index.php\/wp-json\/wp\/v2\/posts"}],"about":[{"href":"https:\/\/www.cambe.pr.gov.br\/index.php\/wp-json\/wp\/v2\/types\/post"}],"author":[{"embeddable":true,"href":"https:\/\/www.cambe.pr.gov.br\/index.php\/wp-json\/wp\/v2\/users\/16"}],"replies":[{"embeddable":true,"href":"https:\/\/www.cambe.pr.gov.br\/index.php\/wp-json\/wp\/v2\/comments?post=19109"}],"version-history":[{"count":2,"href":"https:\/\/www.cambe.pr.gov.br\/index.php\/wp-json\/wp\/v2\/posts\/19109\/revisions"}],"predecessor-version":[{"id":19112,"href":"https:\/\/www.cambe.pr.gov.br\/index.php\/wp-json\/wp\/v2\/posts\/19109\/revisions\/19112"}],"wp:attachment":[{"href":"https:\/\/www.cambe.pr.gov.br\/index.php\/wp-json\/wp\/v2\/media?parent=19109"}],"wp:term":[{"taxonomy":"category","embeddable":true,"href":"https:\/\/www.cambe.pr.gov.br\/index.php\/wp-json\/wp\/v2\/categories?post=19109"},{"taxonomy":"post_tag","embeddable":true,"href":"https:\/\/www.cambe.pr.gov.br\/index.php\/wp-json\/wp\/v2\/tags?post=19109"}],"curies":[{"name":"wp","href":"https:\/\/api.w.org\/{rel}","templated":true}]}}