{"id":18871,"date":"2026-03-10T14:52:17","date_gmt":"2026-03-10T17:52:17","guid":{"rendered":"https:\/\/www.cambe.pr.gov.br\/?p=18871"},"modified":"2026-03-10T14:52:17","modified_gmt":"2026-03-10T17:52:17","slug":"secretaria-de-trabalho-tem-mais-de-150-vagas-de-emprego-abertas","status":"publish","type":"post","link":"https:\/\/www.cambe.pr.gov.br\/index.php\/secretaria-de-trabalho-tem-mais-de-150-vagas-de-emprego-abertas\/","title":{"rendered":"Secretaria de Trabalho tem mais de 150 vagas de emprego abertas"},"content":{"rendered":"<p style=\"text-align: justify;\"><span style=\"font-weight: 400; font-family: arial, helvetica, sans-serif;\"><img fetchpriority=\"high\" decoding=\"async\" class=\"alignleft size-large wp-image-4569\" src=\"https:\/\/www.cambe.pr.gov.br\/wp-content\/uploads\/2022\/02\/carteira_de_trabalho_07122000711-e1648648949347-1024x682.jpg\" alt=\"\" width=\"610\" height=\"406\" \/>A Secretaria Municipal de Trabalho e Profissionaliza\u00e7\u00e3o est\u00e1 disponibilizando 154 oportunidades de emprego para essa semana em diversas \u00e1reas. Para participar do processo seletivo, \u00e9 s\u00f3 procurar a Ag\u00eancia do Trabalhador, na Avenida Inglaterra, 774, ou ligar no telefone (43) 3174-9375. As vagas podem sofrer altera\u00e7\u00f5es a qualquer momento sem aviso pr\u00e9vio.<\/span><\/p>\n<p style=\"text-align: justify;\"><span style=\"font-weight: 400; font-family: arial, helvetica, sans-serif;\">Para participar da entrevista, \u00e9 preciso levar Registro Geral (RG), Cadastro de Pessoa F\u00edsica (CPF) e Carteira de Trabalho e Previd\u00eancia Social para que a equipe da ag\u00eancia analise se o perfil do candidato se enquadra para a vaga e fa\u00e7a o encaminhamento.<\/span><\/p>\n<p style=\"text-align: justify;\"><span style=\"font-weight: 400; font-family: arial, helvetica, sans-serif;\">O Sine funciona de segunda a sexta-feira, das 08h30 \u00e0s 11h30 e das 13h \u00e0s 17h.<\/span><\/p>\n<p>&nbsp;<\/p>\n<p>&nbsp;<\/p>\n<p style=\"text-align: justify;\"><strong><span style=\"font-family: arial, helvetica, sans-serif;\">Confira as fun\u00e7\u00f5es dispon\u00edveis:<\/span><\/strong><\/p>\n<p style=\"text-align: justify;\"><span style=\"font-family: arial, helvetica, sans-serif;\">Ajudante de mec\u00e2nico de m\u00e1quinas<\/span><br \/>\n<span style=\"font-family: arial, helvetica, sans-serif;\">Ajudante de motorista<\/span><br \/>\n<span style=\"font-family: arial, helvetica, sans-serif;\">Assistente administrativo<\/span><br \/>\n<span style=\"font-family: arial, helvetica, sans-serif;\">Assistente de vendas<\/span><br \/>\n<span style=\"font-family: arial, helvetica, sans-serif;\">Atendente de balc\u00e3o<\/span><br \/>\n<span style=\"font-family: arial, helvetica, sans-serif;\">Auxiliar administrativo<\/span><br \/>\n<span style=\"font-family: arial, helvetica, sans-serif;\">Auxiliar administrativo PCD<\/span><br \/>\n<span style=\"font-family: arial, helvetica, sans-serif;\">Auxiliar de armazenamento<\/span><br \/>\n<span style=\"font-family: arial, helvetica, sans-serif;\">Auxiliar de cozinha<\/span><br \/>\n<span style=\"font-family: arial, helvetica, sans-serif;\">Auxiliar de estoque (est\u00e1gio)<\/span><br \/>\n<span style=\"font-family: arial, helvetica, sans-serif;\">Auxiliar de produ\u00e7\u00e3o<\/span><br \/>\n<span style=\"font-family: arial, helvetica, sans-serif;\">Auxiliar de produ\u00e7\u00e3o (PCD)<\/span><br \/>\n<span style=\"font-family: arial, helvetica, sans-serif;\">Auxiliar de log\u00edstica<\/span><br \/>\n<span style=\"font-family: arial, helvetica, sans-serif;\">Auxiliar em sa\u00fade bucal<\/span><br \/>\n<span style=\"font-family: arial, helvetica, sans-serif;\">Auxiliar t\u00e9cnico de refrigera\u00e7\u00e3o<\/span><br \/>\n<span style=\"font-family: arial, helvetica, sans-serif;\">Classificador de gr\u00e3os<\/span><br \/>\n<span style=\"font-family: arial, helvetica, sans-serif;\">Eletricista de ve\u00edculos<\/span><br \/>\n<span style=\"font-family: arial, helvetica, sans-serif;\">Empacotador (PCD)<\/span><br \/>\n<span style=\"font-family: arial, helvetica, sans-serif;\">Estoquista<\/span><br \/>\n<span style=\"font-family: arial, helvetica, sans-serif;\">Gar\u00e7onete<\/span><br \/>\n<span style=\"font-family: arial, helvetica, sans-serif;\">Mec\u00e2nico de motocicletas<\/span><br \/>\n<span style=\"font-family: arial, helvetica, sans-serif;\">Motorista entregador<\/span><br \/>\n<span style=\"font-family: arial, helvetica, sans-serif;\">Operador de empilhadeira<\/span><br \/>\n<span style=\"font-family: arial, helvetica, sans-serif;\">Operador de corte e solda<\/span><br \/>\n<span style=\"font-family: arial, helvetica, sans-serif;\">Operador de m\u00e1quinas operatrizes<\/span><br \/>\n<span style=\"font-family: arial, helvetica, sans-serif;\">Orientador de tr\u00e2nsito (zona verde)<\/span><br \/>\n<span style=\"font-family: arial, helvetica, sans-serif;\">Padeiro confeiteiro<\/span><br \/>\n<span style=\"font-family: arial, helvetica, sans-serif;\">Recepcionista (PCD)<\/span><br \/>\n<span style=\"font-family: arial, helvetica, sans-serif;\">Repositor de supermercado<\/span><br \/>\n<span style=\"font-family: arial, helvetica, sans-serif;\">Safrista<\/span><br \/>\n<span style=\"font-family: arial, helvetica, sans-serif;\">Servente de limpeza (PCD)<\/span><br \/>\n<span style=\"font-family: arial, helvetica, sans-serif;\">Soldador<\/span><br \/>\n<span style=\"font-family: arial, helvetica, sans-serif;\">Vendedor<\/span><\/p>\n","protected":false},"excerpt":{"rendered":"<p>A Secretaria Municipal de Trabalho e Profissionaliza\u00e7\u00e3o est\u00e1 disponibilizando 154 oportunidades de emprego para essa semana em diversas \u00e1reas. Para participar do processo seletivo, \u00e9 s\u00f3 procurar a Ag\u00eancia do Trabalhador, na Avenida Inglaterra, 774, ou ligar no telefone (43) 3174-9375. As vagas podem sofrer altera\u00e7\u00f5es a qualquer momento sem aviso pr\u00e9vio. Para participar da [&hellip;]<\/p>\n","protected":false},"author":16,"featured_media":0,"comment_status":"closed","ping_status":"closed","sticky":false,"template":"","format":"standard","meta":{"ngg_post_thumbnail":0,"footnotes":""},"categories":[1],"tags":[],"class_list":["post-18871","post","type-post","status-publish","format-standard","hentry","category-principal"],"yoast_head":"<!-- This site is optimized with the Yoast SEO plugin v27.4 - https:\/\/yoast.com\/product\/yoast-seo-wordpress\/ -->\n<title>Secretaria de Trabalho tem mais de 150 vagas de emprego abertas - Prefeitura de Camb\u00e9<\/title>\n<meta name=\"robots\" content=\"index, follow, max-snippet:-1, max-image-preview:large, max-video-preview:-1\" \/>\n<link rel=\"canonical\" href=\"https:\/\/www.cambe.pr.gov.br\/index.php\/secretaria-de-trabalho-tem-mais-de-150-vagas-de-emprego-abertas\/\" \/>\n<meta property=\"og:locale\" content=\"pt_BR\" \/>\n<meta property=\"og:type\" content=\"article\" \/>\n<meta property=\"og:title\" content=\"Secretaria de Trabalho tem mais de 150 vagas de emprego abertas - Prefeitura de Camb\u00e9\" \/>\n<meta property=\"og:description\" content=\"A Secretaria Municipal de Trabalho e Profissionaliza\u00e7\u00e3o est\u00e1 disponibilizando 154 oportunidades de emprego para essa semana em diversas \u00e1reas. Para participar do processo seletivo, \u00e9 s\u00f3 procurar a Ag\u00eancia do Trabalhador, na Avenida Inglaterra, 774, ou ligar no telefone (43) 3174-9375. As vagas podem sofrer altera\u00e7\u00f5es a qualquer momento sem aviso pr\u00e9vio. Para participar da [&hellip;]\" \/>\n<meta property=\"og:url\" content=\"https:\/\/www.cambe.pr.gov.br\/index.php\/secretaria-de-trabalho-tem-mais-de-150-vagas-de-emprego-abertas\/\" \/>\n<meta property=\"og:site_name\" content=\"Prefeitura de Camb\u00e9\" \/>\n<meta property=\"article:publisher\" content=\"https:\/\/m.facebook.com\/prefeituradecambe\" \/>\n<meta property=\"article:published_time\" content=\"2026-03-10T17:52:17+00:00\" \/>\n<meta property=\"og:image\" content=\"https:\/\/www.cambe.pr.gov.br\/wp-content\/uploads\/2022\/02\/carteira_de_trabalho_07122000711-e1648751820301.jpg\" \/>\n\t<meta property=\"og:image:width\" content=\"1012\" \/>\n\t<meta property=\"og:image:height\" content=\"675\" \/>\n\t<meta property=\"og:image:type\" content=\"image\/jpeg\" \/>\n<meta name=\"author\" content=\"Vinicius Augusto Batista Eira\" \/>\n<meta name=\"twitter:card\" content=\"summary_large_image\" \/>\n<meta name=\"twitter:label1\" content=\"Escrito por\" \/>\n\t<meta name=\"twitter:data1\" content=\"Vinicius Augusto Batista Eira\" \/>\n\t<meta name=\"twitter:label2\" content=\"Est. tempo de leitura\" \/>\n\t<meta name=\"twitter:data2\" content=\"2 minutos\" \/>\n<script type=\"application\/ld+json\" class=\"yoast-schema-graph\">{\"@context\":\"https:\\\/\\\/schema.org\",\"@graph\":[{\"@type\":\"Article\",\"@id\":\"https:\\\/\\\/www.cambe.pr.gov.br\\\/index.php\\\/secretaria-de-trabalho-tem-mais-de-150-vagas-de-emprego-abertas\\\/#article\",\"isPartOf\":{\"@id\":\"https:\\\/\\\/www.cambe.pr.gov.br\\\/index.php\\\/secretaria-de-trabalho-tem-mais-de-150-vagas-de-emprego-abertas\\\/\"},\"author\":{\"name\":\"Vinicius Augusto Batista Eira\",\"@id\":\"https:\\\/\\\/www.cambe.pr.gov.br\\\/#\\\/schema\\\/person\\\/8e3ee69cb2cadf4b9f8377407227effd\"},\"headline\":\"Secretaria de Trabalho tem mais de 150 vagas de emprego abertas\",\"datePublished\":\"2026-03-10T17:52:17+00:00\",\"mainEntityOfPage\":{\"@id\":\"https:\\\/\\\/www.cambe.pr.gov.br\\\/index.php\\\/secretaria-de-trabalho-tem-mais-de-150-vagas-de-emprego-abertas\\\/\"},\"wordCount\":243,\"publisher\":{\"@id\":\"https:\\\/\\\/www.cambe.pr.gov.br\\\/#organization\"},\"image\":{\"@id\":\"https:\\\/\\\/www.cambe.pr.gov.br\\\/index.php\\\/secretaria-de-trabalho-tem-mais-de-150-vagas-de-emprego-abertas\\\/#primaryimage\"},\"thumbnailUrl\":\"https:\\\/\\\/www.cambe.pr.gov.br\\\/wp-content\\\/uploads\\\/2022\\\/02\\\/carteira_de_trabalho_07122000711-e1648648949347-1024x682.jpg\",\"articleSection\":[\"Principal\"],\"inLanguage\":\"pt-BR\"},{\"@type\":\"WebPage\",\"@id\":\"https:\\\/\\\/www.cambe.pr.gov.br\\\/index.php\\\/secretaria-de-trabalho-tem-mais-de-150-vagas-de-emprego-abertas\\\/\",\"url\":\"https:\\\/\\\/www.cambe.pr.gov.br\\\/index.php\\\/secretaria-de-trabalho-tem-mais-de-150-vagas-de-emprego-abertas\\\/\",\"name\":\"Secretaria de Trabalho tem mais de 150 vagas de emprego abertas - Prefeitura de Camb\u00e9\",\"isPartOf\":{\"@id\":\"https:\\\/\\\/www.cambe.pr.gov.br\\\/#website\"},\"primaryImageOfPage\":{\"@id\":\"https:\\\/\\\/www.cambe.pr.gov.br\\\/index.php\\\/secretaria-de-trabalho-tem-mais-de-150-vagas-de-emprego-abertas\\\/#primaryimage\"},\"image\":{\"@id\":\"https:\\\/\\\/www.cambe.pr.gov.br\\\/index.php\\\/secretaria-de-trabalho-tem-mais-de-150-vagas-de-emprego-abertas\\\/#primaryimage\"},\"thumbnailUrl\":\"https:\\\/\\\/www.cambe.pr.gov.br\\\/wp-content\\\/uploads\\\/2022\\\/02\\\/carteira_de_trabalho_07122000711-e1648648949347-1024x682.jpg\",\"datePublished\":\"2026-03-10T17:52:17+00:00\",\"breadcrumb\":{\"@id\":\"https:\\\/\\\/www.cambe.pr.gov.br\\\/index.php\\\/secretaria-de-trabalho-tem-mais-de-150-vagas-de-emprego-abertas\\\/#breadcrumb\"},\"inLanguage\":\"pt-BR\",\"potentialAction\":[{\"@type\":\"ReadAction\",\"target\":[\"https:\\\/\\\/www.cambe.pr.gov.br\\\/index.php\\\/secretaria-de-trabalho-tem-mais-de-150-vagas-de-emprego-abertas\\\/\"]}]},{\"@type\":\"ImageObject\",\"inLanguage\":\"pt-BR\",\"@id\":\"https:\\\/\\\/www.cambe.pr.gov.br\\\/index.php\\\/secretaria-de-trabalho-tem-mais-de-150-vagas-de-emprego-abertas\\\/#primaryimage\",\"url\":\"https:\\\/\\\/www.cambe.pr.gov.br\\\/wp-content\\\/uploads\\\/2022\\\/02\\\/carteira_de_trabalho_07122000711-e1648751820301.jpg\",\"contentUrl\":\"https:\\\/\\\/www.cambe.pr.gov.br\\\/wp-content\\\/uploads\\\/2022\\\/02\\\/carteira_de_trabalho_07122000711-e1648751820301.jpg\",\"width\":1012,\"height\":675},{\"@type\":\"BreadcrumbList\",\"@id\":\"https:\\\/\\\/www.cambe.pr.gov.br\\\/index.php\\\/secretaria-de-trabalho-tem-mais-de-150-vagas-de-emprego-abertas\\\/#breadcrumb\",\"itemListElement\":[{\"@type\":\"ListItem\",\"position\":1,\"name\":\"In\u00edcio\",\"item\":\"https:\\\/\\\/www.cambe.pr.gov.br\\\/\"},{\"@type\":\"ListItem\",\"position\":2,\"name\":\"Secretaria de Trabalho tem mais de 150 vagas de emprego abertas\"}]},{\"@type\":\"WebSite\",\"@id\":\"https:\\\/\\\/www.cambe.pr.gov.br\\\/#website\",\"url\":\"https:\\\/\\\/www.cambe.pr.gov.br\\\/\",\"name\":\"Prefeitura de Camb\u00e9\",\"description\":\"UM GOVERNO PARA TODOS\",\"publisher\":{\"@id\":\"https:\\\/\\\/www.cambe.pr.gov.br\\\/#organization\"},\"potentialAction\":[{\"@type\":\"SearchAction\",\"target\":{\"@type\":\"EntryPoint\",\"urlTemplate\":\"https:\\\/\\\/www.cambe.pr.gov.br\\\/?s={search_term_string}\"},\"query-input\":{\"@type\":\"PropertyValueSpecification\",\"valueRequired\":true,\"valueName\":\"search_term_string\"}}],\"inLanguage\":\"pt-BR\"},{\"@type\":\"Organization\",\"@id\":\"https:\\\/\\\/www.cambe.pr.gov.br\\\/#organization\",\"name\":\"Prefeitura de Camb\u00e9\",\"url\":\"https:\\\/\\\/www.cambe.pr.gov.br\\\/\",\"logo\":{\"@type\":\"ImageObject\",\"inLanguage\":\"pt-BR\",\"@id\":\"https:\\\/\\\/www.cambe.pr.gov.br\\\/#\\\/schema\\\/logo\\\/image\\\/\",\"url\":\"https:\\\/\\\/www.cambe.pr.gov.br\\\/wp-content\\\/uploads\\\/2021\\\/01\\\/cropped-cropped-cambe_brazao-icone.png\",\"contentUrl\":\"https:\\\/\\\/www.cambe.pr.gov.br\\\/wp-content\\\/uploads\\\/2021\\\/01\\\/cropped-cropped-cambe_brazao-icone.png\",\"width\":240,\"height\":240,\"caption\":\"Prefeitura de Camb\u00e9\"},\"image\":{\"@id\":\"https:\\\/\\\/www.cambe.pr.gov.br\\\/#\\\/schema\\\/logo\\\/image\\\/\"},\"sameAs\":[\"https:\\\/\\\/m.facebook.com\\\/prefeituradecambe\"]},{\"@type\":\"Person\",\"@id\":\"https:\\\/\\\/www.cambe.pr.gov.br\\\/#\\\/schema\\\/person\\\/8e3ee69cb2cadf4b9f8377407227effd\",\"name\":\"Vinicius Augusto Batista Eira\",\"image\":{\"@type\":\"ImageObject\",\"inLanguage\":\"pt-BR\",\"@id\":\"https:\\\/\\\/secure.gravatar.com\\\/avatar\\\/1ec500de7013b30e1d4d7c8c3978f0e4433c37e5d5e4cd186239369c6440122b?s=96&d=mm&r=g\",\"url\":\"https:\\\/\\\/secure.gravatar.com\\\/avatar\\\/1ec500de7013b30e1d4d7c8c3978f0e4433c37e5d5e4cd186239369c6440122b?s=96&d=mm&r=g\",\"contentUrl\":\"https:\\\/\\\/secure.gravatar.com\\\/avatar\\\/1ec500de7013b30e1d4d7c8c3978f0e4433c37e5d5e4cd186239369c6440122b?s=96&d=mm&r=g\",\"caption\":\"Vinicius Augusto Batista Eira\"},\"url\":\"https:\\\/\\\/www.cambe.pr.gov.br\\\/index.php\\\/author\\\/vabeira\\\/\"}]}<\/script>\n<!-- \/ Yoast SEO plugin. -->","yoast_head_json":{"title":"Secretaria de Trabalho tem mais de 150 vagas de emprego abertas - Prefeitura de Camb\u00e9","robots":{"index":"index","follow":"follow","max-snippet":"max-snippet:-1","max-image-preview":"max-image-preview:large","max-video-preview":"max-video-preview:-1"},"canonical":"https:\/\/www.cambe.pr.gov.br\/index.php\/secretaria-de-trabalho-tem-mais-de-150-vagas-de-emprego-abertas\/","og_locale":"pt_BR","og_type":"article","og_title":"Secretaria de Trabalho tem mais de 150 vagas de emprego abertas - Prefeitura de Camb\u00e9","og_description":"A Secretaria Municipal de Trabalho e Profissionaliza\u00e7\u00e3o est\u00e1 disponibilizando 154 oportunidades de emprego para essa semana em diversas \u00e1reas. Para participar do processo seletivo, \u00e9 s\u00f3 procurar a Ag\u00eancia do Trabalhador, na Avenida Inglaterra, 774, ou ligar no telefone (43) 3174-9375. As vagas podem sofrer altera\u00e7\u00f5es a qualquer momento sem aviso pr\u00e9vio. Para participar da [&hellip;]","og_url":"https:\/\/www.cambe.pr.gov.br\/index.php\/secretaria-de-trabalho-tem-mais-de-150-vagas-de-emprego-abertas\/","og_site_name":"Prefeitura de Camb\u00e9","article_publisher":"https:\/\/m.facebook.com\/prefeituradecambe","article_published_time":"2026-03-10T17:52:17+00:00","og_image":[{"width":1012,"height":675,"url":"https:\/\/www.cambe.pr.gov.br\/wp-content\/uploads\/2022\/02\/carteira_de_trabalho_07122000711-e1648751820301.jpg","type":"image\/jpeg"}],"author":"Vinicius Augusto Batista Eira","twitter_card":"summary_large_image","twitter_misc":{"Escrito por":"Vinicius Augusto Batista Eira","Est. tempo de leitura":"2 minutos"},"schema":{"@context":"https:\/\/schema.org","@graph":[{"@type":"Article","@id":"https:\/\/www.cambe.pr.gov.br\/index.php\/secretaria-de-trabalho-tem-mais-de-150-vagas-de-emprego-abertas\/#article","isPartOf":{"@id":"https:\/\/www.cambe.pr.gov.br\/index.php\/secretaria-de-trabalho-tem-mais-de-150-vagas-de-emprego-abertas\/"},"author":{"name":"Vinicius Augusto Batista Eira","@id":"https:\/\/www.cambe.pr.gov.br\/#\/schema\/person\/8e3ee69cb2cadf4b9f8377407227effd"},"headline":"Secretaria de Trabalho tem mais de 150 vagas de emprego abertas","datePublished":"2026-03-10T17:52:17+00:00","mainEntityOfPage":{"@id":"https:\/\/www.cambe.pr.gov.br\/index.php\/secretaria-de-trabalho-tem-mais-de-150-vagas-de-emprego-abertas\/"},"wordCount":243,"publisher":{"@id":"https:\/\/www.cambe.pr.gov.br\/#organization"},"image":{"@id":"https:\/\/www.cambe.pr.gov.br\/index.php\/secretaria-de-trabalho-tem-mais-de-150-vagas-de-emprego-abertas\/#primaryimage"},"thumbnailUrl":"https:\/\/www.cambe.pr.gov.br\/wp-content\/uploads\/2022\/02\/carteira_de_trabalho_07122000711-e1648648949347-1024x682.jpg","articleSection":["Principal"],"inLanguage":"pt-BR"},{"@type":"WebPage","@id":"https:\/\/www.cambe.pr.gov.br\/index.php\/secretaria-de-trabalho-tem-mais-de-150-vagas-de-emprego-abertas\/","url":"https:\/\/www.cambe.pr.gov.br\/index.php\/secretaria-de-trabalho-tem-mais-de-150-vagas-de-emprego-abertas\/","name":"Secretaria de Trabalho tem mais de 150 vagas de emprego abertas - Prefeitura de Camb\u00e9","isPartOf":{"@id":"https:\/\/www.cambe.pr.gov.br\/#website"},"primaryImageOfPage":{"@id":"https:\/\/www.cambe.pr.gov.br\/index.php\/secretaria-de-trabalho-tem-mais-de-150-vagas-de-emprego-abertas\/#primaryimage"},"image":{"@id":"https:\/\/www.cambe.pr.gov.br\/index.php\/secretaria-de-trabalho-tem-mais-de-150-vagas-de-emprego-abertas\/#primaryimage"},"thumbnailUrl":"https:\/\/www.cambe.pr.gov.br\/wp-content\/uploads\/2022\/02\/carteira_de_trabalho_07122000711-e1648648949347-1024x682.jpg","datePublished":"2026-03-10T17:52:17+00:00","breadcrumb":{"@id":"https:\/\/www.cambe.pr.gov.br\/index.php\/secretaria-de-trabalho-tem-mais-de-150-vagas-de-emprego-abertas\/#breadcrumb"},"inLanguage":"pt-BR","potentialAction":[{"@type":"ReadAction","target":["https:\/\/www.cambe.pr.gov.br\/index.php\/secretaria-de-trabalho-tem-mais-de-150-vagas-de-emprego-abertas\/"]}]},{"@type":"ImageObject","inLanguage":"pt-BR","@id":"https:\/\/www.cambe.pr.gov.br\/index.php\/secretaria-de-trabalho-tem-mais-de-150-vagas-de-emprego-abertas\/#primaryimage","url":"https:\/\/www.cambe.pr.gov.br\/wp-content\/uploads\/2022\/02\/carteira_de_trabalho_07122000711-e1648751820301.jpg","contentUrl":"https:\/\/www.cambe.pr.gov.br\/wp-content\/uploads\/2022\/02\/carteira_de_trabalho_07122000711-e1648751820301.jpg","width":1012,"height":675},{"@type":"BreadcrumbList","@id":"https:\/\/www.cambe.pr.gov.br\/index.php\/secretaria-de-trabalho-tem-mais-de-150-vagas-de-emprego-abertas\/#breadcrumb","itemListElement":[{"@type":"ListItem","position":1,"name":"In\u00edcio","item":"https:\/\/www.cambe.pr.gov.br\/"},{"@type":"ListItem","position":2,"name":"Secretaria de Trabalho tem mais de 150 vagas de emprego abertas"}]},{"@type":"WebSite","@id":"https:\/\/www.cambe.pr.gov.br\/#website","url":"https:\/\/www.cambe.pr.gov.br\/","name":"Prefeitura de Camb\u00e9","description":"UM GOVERNO PARA TODOS","publisher":{"@id":"https:\/\/www.cambe.pr.gov.br\/#organization"},"potentialAction":[{"@type":"SearchAction","target":{"@type":"EntryPoint","urlTemplate":"https:\/\/www.cambe.pr.gov.br\/?s={search_term_string}"},"query-input":{"@type":"PropertyValueSpecification","valueRequired":true,"valueName":"search_term_string"}}],"inLanguage":"pt-BR"},{"@type":"Organization","@id":"https:\/\/www.cambe.pr.gov.br\/#organization","name":"Prefeitura de Camb\u00e9","url":"https:\/\/www.cambe.pr.gov.br\/","logo":{"@type":"ImageObject","inLanguage":"pt-BR","@id":"https:\/\/www.cambe.pr.gov.br\/#\/schema\/logo\/image\/","url":"https:\/\/www.cambe.pr.gov.br\/wp-content\/uploads\/2021\/01\/cropped-cropped-cambe_brazao-icone.png","contentUrl":"https:\/\/www.cambe.pr.gov.br\/wp-content\/uploads\/2021\/01\/cropped-cropped-cambe_brazao-icone.png","width":240,"height":240,"caption":"Prefeitura de Camb\u00e9"},"image":{"@id":"https:\/\/www.cambe.pr.gov.br\/#\/schema\/logo\/image\/"},"sameAs":["https:\/\/m.facebook.com\/prefeituradecambe"]},{"@type":"Person","@id":"https:\/\/www.cambe.pr.gov.br\/#\/schema\/person\/8e3ee69cb2cadf4b9f8377407227effd","name":"Vinicius Augusto Batista Eira","image":{"@type":"ImageObject","inLanguage":"pt-BR","@id":"https:\/\/secure.gravatar.com\/avatar\/1ec500de7013b30e1d4d7c8c3978f0e4433c37e5d5e4cd186239369c6440122b?s=96&d=mm&r=g","url":"https:\/\/secure.gravatar.com\/avatar\/1ec500de7013b30e1d4d7c8c3978f0e4433c37e5d5e4cd186239369c6440122b?s=96&d=mm&r=g","contentUrl":"https:\/\/secure.gravatar.com\/avatar\/1ec500de7013b30e1d4d7c8c3978f0e4433c37e5d5e4cd186239369c6440122b?s=96&d=mm&r=g","caption":"Vinicius Augusto Batista Eira"},"url":"https:\/\/www.cambe.pr.gov.br\/index.php\/author\/vabeira\/"}]}},"_links":{"self":[{"href":"https:\/\/www.cambe.pr.gov.br\/index.php\/wp-json\/wp\/v2\/posts\/18871","targetHints":{"allow":["GET"]}}],"collection":[{"href":"https:\/\/www.cambe.pr.gov.br\/index.php\/wp-json\/wp\/v2\/posts"}],"about":[{"href":"https:\/\/www.cambe.pr.gov.br\/index.php\/wp-json\/wp\/v2\/types\/post"}],"author":[{"embeddable":true,"href":"https:\/\/www.cambe.pr.gov.br\/index.php\/wp-json\/wp\/v2\/users\/16"}],"replies":[{"embeddable":true,"href":"https:\/\/www.cambe.pr.gov.br\/index.php\/wp-json\/wp\/v2\/comments?post=18871"}],"version-history":[{"count":4,"href":"https:\/\/www.cambe.pr.gov.br\/index.php\/wp-json\/wp\/v2\/posts\/18871\/revisions"}],"predecessor-version":[{"id":18875,"href":"https:\/\/www.cambe.pr.gov.br\/index.php\/wp-json\/wp\/v2\/posts\/18871\/revisions\/18875"}],"wp:attachment":[{"href":"https:\/\/www.cambe.pr.gov.br\/index.php\/wp-json\/wp\/v2\/media?parent=18871"}],"wp:term":[{"taxonomy":"category","embeddable":true,"href":"https:\/\/www.cambe.pr.gov.br\/index.php\/wp-json\/wp\/v2\/categories?post=18871"},{"taxonomy":"post_tag","embeddable":true,"href":"https:\/\/www.cambe.pr.gov.br\/index.php\/wp-json\/wp\/v2\/tags?post=18871"}],"curies":[{"name":"wp","href":"https:\/\/api.w.org\/{rel}","templated":true}]}}