{"id":18867,"date":"2026-03-10T14:08:25","date_gmt":"2026-03-10T17:08:25","guid":{"rendered":"https:\/\/www.cambe.pr.gov.br\/?p=18867"},"modified":"2026-03-10T14:08:25","modified_gmt":"2026-03-10T17:08:25","slug":"instituto-federal-do-parana-abre-inscricoes-para-cursos-gratuitos-de-moda-em-cambe","status":"publish","type":"post","link":"https:\/\/www.cambe.pr.gov.br\/index.php\/instituto-federal-do-parana-abre-inscricoes-para-cursos-gratuitos-de-moda-em-cambe\/","title":{"rendered":"Instituto Federal do Paran\u00e1 abre inscri\u00e7\u00f5es para cursos gratuitos de moda em Camb\u00e9"},"content":{"rendered":"<p><span style=\"font-weight: 400; font-family: arial, helvetica, sans-serif;\"><img fetchpriority=\"high\" decoding=\"async\" class=\"alignleft size-large wp-image-18869\" src=\"https:\/\/www.cambe.pr.gov.br\/wp-content\/uploads\/2026\/03\/front-view-brazilian-woman-working-as-clothing-designer-1-1024x819.jpg\" alt=\"\" width=\"610\" height=\"488\" srcset=\"https:\/\/www.cambe.pr.gov.br\/wp-content\/uploads\/2026\/03\/front-view-brazilian-woman-working-as-clothing-designer-1-1024x819.jpg 1024w, https:\/\/www.cambe.pr.gov.br\/wp-content\/uploads\/2026\/03\/front-view-brazilian-woman-working-as-clothing-designer-1-300x240.jpg 300w, https:\/\/www.cambe.pr.gov.br\/wp-content\/uploads\/2026\/03\/front-view-brazilian-woman-working-as-clothing-designer-1-768x614.jpg 768w, https:\/\/www.cambe.pr.gov.br\/wp-content\/uploads\/2026\/03\/front-view-brazilian-woman-working-as-clothing-designer-1-1536x1229.jpg 1536w, https:\/\/www.cambe.pr.gov.br\/wp-content\/uploads\/2026\/03\/front-view-brazilian-woman-working-as-clothing-designer-1-2048x1638.jpg 2048w\" sizes=\"(max-width: 610px) 100vw, 610px\" \/>Em parceria com a Prefeitura, o Instituto Federal do Paran\u00e1 abriu inscri\u00e7\u00f5es para dois cursos gratuitos de moda em Camb\u00e9. Com inscri\u00e7\u00f5es at\u00e9 17 de mar\u00e7o, o IFPR est\u00e1 ofertando aulas das forma\u00e7\u00f5es de Produ\u00e7\u00e3o de Moda e Styling e Consultoria de Imagem e Estilo. As aulas t\u00eam in\u00edcio nos dias 23 e 25, respectivamente. <a href=\"https:\/\/docs.google.com\/forms\/d\/e\/1FAIpQLSd37ReXU6JZrxd0adwlzxsXcFdGr27dNTTQxK4efrU064AUUA\/viewform\" target=\"_blank\" rel=\"noopener\"><strong>Clique aqui<\/strong><\/a> e fa\u00e7a a sua inscri\u00e7\u00e3o.<\/span><\/p>\n<p><span style=\"font-weight: 400; font-family: arial, helvetica, sans-serif;\">Conforme o Instituto, os cursos s\u00e3o totalmente gratuitos e voltados \u00e0 qualifica\u00e7\u00e3o profissional na \u00e1rea de moda, proporcionando forma\u00e7\u00e3o t\u00e9cnica, desenvolvimento de compet\u00eancias criativas e compreens\u00e3o estrat\u00e9gica da imagem e do styling no contexto contempor\u00e2neo.<\/span><\/p>\n<p><span style=\"font-weight: 400; font-family: arial, helvetica, sans-serif;\">As atividades ser\u00e3o realizadas na Unidade Remota do IFPR em Camb\u00e9, que fica na Rua da Lapa, 160. O curso de Produ\u00e7\u00e3o de Moda e Styling acontecer\u00e1 \u00e0s segundas-feiras, e o curso de Consultoria de Imagem e Estilo ser\u00e1 ofertado \u00e0s quartas-feiras, das 19h \u00e0s 22h. Cada forma\u00e7\u00e3o possui dura\u00e7\u00e3o de quatro meses, com carga hor\u00e1ria total de 60 horas.<\/span><\/p>\n<p><span style=\"font-weight: 400; font-family: arial, helvetica, sans-serif;\">O curso de Produ\u00e7\u00e3o de Moda e Styling ter\u00e1 aulas de: introdu\u00e7\u00e3o \u00e0 produ\u00e7\u00e3o da moda e styling; hist\u00f3ria da moda; t\u00e9cnicas para criatividade; pesquisas de moda e briefing; pr\u00e1ticas de produ\u00e7\u00e3o de moda e styling; e elabora\u00e7\u00e3o\/edi\u00e7\u00e3o de portf\u00f3lios.<\/span><\/p>\n<p><span style=\"font-weight: 400; font-family: arial, helvetica, sans-serif;\">J\u00e1 Consultoria em Imagem e Estilo contar\u00e1 com as seguintes mat\u00e9rias: introdu\u00e7\u00e3o \u00e0 moda; hist\u00f3ria da moda; t\u00e9cnicas de constru\u00e7\u00e3o de imagem; an\u00e1lise de colora\u00e7\u00e3o pessoal; roupas, acess\u00f3rios e tecidos; consultoria de imagem pessoal e profissional; e atendimento ao cliente.<\/span><\/p>\n<p><span style=\"font-weight: 400; font-family: arial, helvetica, sans-serif;\">Os editais com mais informa\u00e7\u00f5es dos cursos podem ser acessados <a href=\"https:\/\/ifpr.edu.br\/goioere\/docinstitucional\/editais\/\" target=\"_blank\" rel=\"noopener\"><strong>neste link<\/strong><\/a>.<\/span><\/p>\n","protected":false},"excerpt":{"rendered":"<p>Em parceria com a Prefeitura, o Instituto Federal do Paran\u00e1 abriu inscri\u00e7\u00f5es para dois cursos gratuitos de moda em Camb\u00e9. Com inscri\u00e7\u00f5es at\u00e9 17 de mar\u00e7o, o IFPR est\u00e1 ofertando aulas das forma\u00e7\u00f5es de Produ\u00e7\u00e3o de Moda e Styling e Consultoria de Imagem e Estilo. As aulas t\u00eam in\u00edcio nos dias 23 e 25, respectivamente. [&hellip;]<\/p>\n","protected":false},"author":16,"featured_media":0,"comment_status":"closed","ping_status":"closed","sticky":false,"template":"","format":"standard","meta":{"ngg_post_thumbnail":0,"footnotes":""},"categories":[1],"tags":[],"class_list":["post-18867","post","type-post","status-publish","format-standard","hentry","category-principal"],"yoast_head":"<!-- This site is optimized with the Yoast SEO plugin v27.4 - https:\/\/yoast.com\/product\/yoast-seo-wordpress\/ -->\n<title>Instituto Federal do Paran\u00e1 abre inscri\u00e7\u00f5es para cursos gratuitos de moda em Camb\u00e9 - Prefeitura de Camb\u00e9<\/title>\n<meta name=\"robots\" content=\"index, follow, max-snippet:-1, max-image-preview:large, max-video-preview:-1\" \/>\n<link rel=\"canonical\" href=\"https:\/\/www.cambe.pr.gov.br\/index.php\/instituto-federal-do-parana-abre-inscricoes-para-cursos-gratuitos-de-moda-em-cambe\/\" \/>\n<meta property=\"og:locale\" content=\"pt_BR\" \/>\n<meta property=\"og:type\" content=\"article\" \/>\n<meta property=\"og:title\" content=\"Instituto Federal do Paran\u00e1 abre inscri\u00e7\u00f5es para cursos gratuitos de moda em Camb\u00e9 - Prefeitura de Camb\u00e9\" \/>\n<meta property=\"og:description\" content=\"Em parceria com a Prefeitura, o Instituto Federal do Paran\u00e1 abriu inscri\u00e7\u00f5es para dois cursos gratuitos de moda em Camb\u00e9. Com inscri\u00e7\u00f5es at\u00e9 17 de mar\u00e7o, o IFPR est\u00e1 ofertando aulas das forma\u00e7\u00f5es de Produ\u00e7\u00e3o de Moda e Styling e Consultoria de Imagem e Estilo. As aulas t\u00eam in\u00edcio nos dias 23 e 25, respectivamente. [&hellip;]\" \/>\n<meta property=\"og:url\" content=\"https:\/\/www.cambe.pr.gov.br\/index.php\/instituto-federal-do-parana-abre-inscricoes-para-cursos-gratuitos-de-moda-em-cambe\/\" \/>\n<meta property=\"og:site_name\" content=\"Prefeitura de Camb\u00e9\" \/>\n<meta property=\"article:publisher\" content=\"https:\/\/m.facebook.com\/prefeituradecambe\" \/>\n<meta property=\"article:published_time\" content=\"2026-03-10T17:08:25+00:00\" \/>\n<meta property=\"og:image\" content=\"https:\/\/www.cambe.pr.gov.br\/wp-content\/uploads\/2026\/03\/front-view-brazilian-woman-working-as-clothing-designer-1-scaled.jpg\" \/>\n\t<meta property=\"og:image:width\" content=\"2560\" \/>\n\t<meta property=\"og:image:height\" content=\"2048\" \/>\n\t<meta property=\"og:image:type\" content=\"image\/jpeg\" \/>\n<meta name=\"author\" content=\"Vinicius Augusto Batista Eira\" \/>\n<meta name=\"twitter:card\" content=\"summary_large_image\" \/>\n<meta name=\"twitter:label1\" content=\"Escrito por\" \/>\n\t<meta name=\"twitter:data1\" content=\"Vinicius Augusto Batista Eira\" \/>\n\t<meta name=\"twitter:label2\" content=\"Est. tempo de leitura\" \/>\n\t<meta name=\"twitter:data2\" content=\"2 minutos\" \/>\n<script type=\"application\/ld+json\" class=\"yoast-schema-graph\">{\"@context\":\"https:\\\/\\\/schema.org\",\"@graph\":[{\"@type\":\"Article\",\"@id\":\"https:\\\/\\\/www.cambe.pr.gov.br\\\/index.php\\\/instituto-federal-do-parana-abre-inscricoes-para-cursos-gratuitos-de-moda-em-cambe\\\/#article\",\"isPartOf\":{\"@id\":\"https:\\\/\\\/www.cambe.pr.gov.br\\\/index.php\\\/instituto-federal-do-parana-abre-inscricoes-para-cursos-gratuitos-de-moda-em-cambe\\\/\"},\"author\":{\"name\":\"Vinicius Augusto Batista Eira\",\"@id\":\"https:\\\/\\\/www.cambe.pr.gov.br\\\/#\\\/schema\\\/person\\\/8e3ee69cb2cadf4b9f8377407227effd\"},\"headline\":\"Instituto Federal do Paran\u00e1 abre inscri\u00e7\u00f5es para cursos gratuitos de moda em Camb\u00e9\",\"datePublished\":\"2026-03-10T17:08:25+00:00\",\"mainEntityOfPage\":{\"@id\":\"https:\\\/\\\/www.cambe.pr.gov.br\\\/index.php\\\/instituto-federal-do-parana-abre-inscricoes-para-cursos-gratuitos-de-moda-em-cambe\\\/\"},\"wordCount\":297,\"publisher\":{\"@id\":\"https:\\\/\\\/www.cambe.pr.gov.br\\\/#organization\"},\"image\":{\"@id\":\"https:\\\/\\\/www.cambe.pr.gov.br\\\/index.php\\\/instituto-federal-do-parana-abre-inscricoes-para-cursos-gratuitos-de-moda-em-cambe\\\/#primaryimage\"},\"thumbnailUrl\":\"https:\\\/\\\/www.cambe.pr.gov.br\\\/wp-content\\\/uploads\\\/2026\\\/03\\\/front-view-brazilian-woman-working-as-clothing-designer-1-1024x819.jpg\",\"articleSection\":[\"Principal\"],\"inLanguage\":\"pt-BR\"},{\"@type\":\"WebPage\",\"@id\":\"https:\\\/\\\/www.cambe.pr.gov.br\\\/index.php\\\/instituto-federal-do-parana-abre-inscricoes-para-cursos-gratuitos-de-moda-em-cambe\\\/\",\"url\":\"https:\\\/\\\/www.cambe.pr.gov.br\\\/index.php\\\/instituto-federal-do-parana-abre-inscricoes-para-cursos-gratuitos-de-moda-em-cambe\\\/\",\"name\":\"Instituto Federal do Paran\u00e1 abre inscri\u00e7\u00f5es para cursos gratuitos de moda em Camb\u00e9 - Prefeitura de Camb\u00e9\",\"isPartOf\":{\"@id\":\"https:\\\/\\\/www.cambe.pr.gov.br\\\/#website\"},\"primaryImageOfPage\":{\"@id\":\"https:\\\/\\\/www.cambe.pr.gov.br\\\/index.php\\\/instituto-federal-do-parana-abre-inscricoes-para-cursos-gratuitos-de-moda-em-cambe\\\/#primaryimage\"},\"image\":{\"@id\":\"https:\\\/\\\/www.cambe.pr.gov.br\\\/index.php\\\/instituto-federal-do-parana-abre-inscricoes-para-cursos-gratuitos-de-moda-em-cambe\\\/#primaryimage\"},\"thumbnailUrl\":\"https:\\\/\\\/www.cambe.pr.gov.br\\\/wp-content\\\/uploads\\\/2026\\\/03\\\/front-view-brazilian-woman-working-as-clothing-designer-1-1024x819.jpg\",\"datePublished\":\"2026-03-10T17:08:25+00:00\",\"breadcrumb\":{\"@id\":\"https:\\\/\\\/www.cambe.pr.gov.br\\\/index.php\\\/instituto-federal-do-parana-abre-inscricoes-para-cursos-gratuitos-de-moda-em-cambe\\\/#breadcrumb\"},\"inLanguage\":\"pt-BR\",\"potentialAction\":[{\"@type\":\"ReadAction\",\"target\":[\"https:\\\/\\\/www.cambe.pr.gov.br\\\/index.php\\\/instituto-federal-do-parana-abre-inscricoes-para-cursos-gratuitos-de-moda-em-cambe\\\/\"]}]},{\"@type\":\"ImageObject\",\"inLanguage\":\"pt-BR\",\"@id\":\"https:\\\/\\\/www.cambe.pr.gov.br\\\/index.php\\\/instituto-federal-do-parana-abre-inscricoes-para-cursos-gratuitos-de-moda-em-cambe\\\/#primaryimage\",\"url\":\"https:\\\/\\\/www.cambe.pr.gov.br\\\/wp-content\\\/uploads\\\/2026\\\/03\\\/front-view-brazilian-woman-working-as-clothing-designer-1-scaled.jpg\",\"contentUrl\":\"https:\\\/\\\/www.cambe.pr.gov.br\\\/wp-content\\\/uploads\\\/2026\\\/03\\\/front-view-brazilian-woman-working-as-clothing-designer-1-scaled.jpg\",\"width\":2560,\"height\":2048},{\"@type\":\"BreadcrumbList\",\"@id\":\"https:\\\/\\\/www.cambe.pr.gov.br\\\/index.php\\\/instituto-federal-do-parana-abre-inscricoes-para-cursos-gratuitos-de-moda-em-cambe\\\/#breadcrumb\",\"itemListElement\":[{\"@type\":\"ListItem\",\"position\":1,\"name\":\"In\u00edcio\",\"item\":\"https:\\\/\\\/www.cambe.pr.gov.br\\\/\"},{\"@type\":\"ListItem\",\"position\":2,\"name\":\"Instituto Federal do Paran\u00e1 abre inscri\u00e7\u00f5es para cursos gratuitos de moda em Camb\u00e9\"}]},{\"@type\":\"WebSite\",\"@id\":\"https:\\\/\\\/www.cambe.pr.gov.br\\\/#website\",\"url\":\"https:\\\/\\\/www.cambe.pr.gov.br\\\/\",\"name\":\"Prefeitura de Camb\u00e9\",\"description\":\"UM GOVERNO PARA TODOS\",\"publisher\":{\"@id\":\"https:\\\/\\\/www.cambe.pr.gov.br\\\/#organization\"},\"potentialAction\":[{\"@type\":\"SearchAction\",\"target\":{\"@type\":\"EntryPoint\",\"urlTemplate\":\"https:\\\/\\\/www.cambe.pr.gov.br\\\/?s={search_term_string}\"},\"query-input\":{\"@type\":\"PropertyValueSpecification\",\"valueRequired\":true,\"valueName\":\"search_term_string\"}}],\"inLanguage\":\"pt-BR\"},{\"@type\":\"Organization\",\"@id\":\"https:\\\/\\\/www.cambe.pr.gov.br\\\/#organization\",\"name\":\"Prefeitura de Camb\u00e9\",\"url\":\"https:\\\/\\\/www.cambe.pr.gov.br\\\/\",\"logo\":{\"@type\":\"ImageObject\",\"inLanguage\":\"pt-BR\",\"@id\":\"https:\\\/\\\/www.cambe.pr.gov.br\\\/#\\\/schema\\\/logo\\\/image\\\/\",\"url\":\"https:\\\/\\\/www.cambe.pr.gov.br\\\/wp-content\\\/uploads\\\/2021\\\/01\\\/cropped-cropped-cambe_brazao-icone.png\",\"contentUrl\":\"https:\\\/\\\/www.cambe.pr.gov.br\\\/wp-content\\\/uploads\\\/2021\\\/01\\\/cropped-cropped-cambe_brazao-icone.png\",\"width\":240,\"height\":240,\"caption\":\"Prefeitura de Camb\u00e9\"},\"image\":{\"@id\":\"https:\\\/\\\/www.cambe.pr.gov.br\\\/#\\\/schema\\\/logo\\\/image\\\/\"},\"sameAs\":[\"https:\\\/\\\/m.facebook.com\\\/prefeituradecambe\"]},{\"@type\":\"Person\",\"@id\":\"https:\\\/\\\/www.cambe.pr.gov.br\\\/#\\\/schema\\\/person\\\/8e3ee69cb2cadf4b9f8377407227effd\",\"name\":\"Vinicius Augusto Batista Eira\",\"image\":{\"@type\":\"ImageObject\",\"inLanguage\":\"pt-BR\",\"@id\":\"https:\\\/\\\/secure.gravatar.com\\\/avatar\\\/1ec500de7013b30e1d4d7c8c3978f0e4433c37e5d5e4cd186239369c6440122b?s=96&d=mm&r=g\",\"url\":\"https:\\\/\\\/secure.gravatar.com\\\/avatar\\\/1ec500de7013b30e1d4d7c8c3978f0e4433c37e5d5e4cd186239369c6440122b?s=96&d=mm&r=g\",\"contentUrl\":\"https:\\\/\\\/secure.gravatar.com\\\/avatar\\\/1ec500de7013b30e1d4d7c8c3978f0e4433c37e5d5e4cd186239369c6440122b?s=96&d=mm&r=g\",\"caption\":\"Vinicius Augusto Batista Eira\"},\"url\":\"https:\\\/\\\/www.cambe.pr.gov.br\\\/index.php\\\/author\\\/vabeira\\\/\"}]}<\/script>\n<!-- \/ Yoast SEO plugin. -->","yoast_head_json":{"title":"Instituto Federal do Paran\u00e1 abre inscri\u00e7\u00f5es para cursos gratuitos de moda em Camb\u00e9 - Prefeitura de Camb\u00e9","robots":{"index":"index","follow":"follow","max-snippet":"max-snippet:-1","max-image-preview":"max-image-preview:large","max-video-preview":"max-video-preview:-1"},"canonical":"https:\/\/www.cambe.pr.gov.br\/index.php\/instituto-federal-do-parana-abre-inscricoes-para-cursos-gratuitos-de-moda-em-cambe\/","og_locale":"pt_BR","og_type":"article","og_title":"Instituto Federal do Paran\u00e1 abre inscri\u00e7\u00f5es para cursos gratuitos de moda em Camb\u00e9 - Prefeitura de Camb\u00e9","og_description":"Em parceria com a Prefeitura, o Instituto Federal do Paran\u00e1 abriu inscri\u00e7\u00f5es para dois cursos gratuitos de moda em Camb\u00e9. Com inscri\u00e7\u00f5es at\u00e9 17 de mar\u00e7o, o IFPR est\u00e1 ofertando aulas das forma\u00e7\u00f5es de Produ\u00e7\u00e3o de Moda e Styling e Consultoria de Imagem e Estilo. As aulas t\u00eam in\u00edcio nos dias 23 e 25, respectivamente. [&hellip;]","og_url":"https:\/\/www.cambe.pr.gov.br\/index.php\/instituto-federal-do-parana-abre-inscricoes-para-cursos-gratuitos-de-moda-em-cambe\/","og_site_name":"Prefeitura de Camb\u00e9","article_publisher":"https:\/\/m.facebook.com\/prefeituradecambe","article_published_time":"2026-03-10T17:08:25+00:00","og_image":[{"width":2560,"height":2048,"url":"https:\/\/www.cambe.pr.gov.br\/wp-content\/uploads\/2026\/03\/front-view-brazilian-woman-working-as-clothing-designer-1-scaled.jpg","type":"image\/jpeg"}],"author":"Vinicius Augusto Batista Eira","twitter_card":"summary_large_image","twitter_misc":{"Escrito por":"Vinicius Augusto Batista Eira","Est. tempo de leitura":"2 minutos"},"schema":{"@context":"https:\/\/schema.org","@graph":[{"@type":"Article","@id":"https:\/\/www.cambe.pr.gov.br\/index.php\/instituto-federal-do-parana-abre-inscricoes-para-cursos-gratuitos-de-moda-em-cambe\/#article","isPartOf":{"@id":"https:\/\/www.cambe.pr.gov.br\/index.php\/instituto-federal-do-parana-abre-inscricoes-para-cursos-gratuitos-de-moda-em-cambe\/"},"author":{"name":"Vinicius Augusto Batista Eira","@id":"https:\/\/www.cambe.pr.gov.br\/#\/schema\/person\/8e3ee69cb2cadf4b9f8377407227effd"},"headline":"Instituto Federal do Paran\u00e1 abre inscri\u00e7\u00f5es para cursos gratuitos de moda em Camb\u00e9","datePublished":"2026-03-10T17:08:25+00:00","mainEntityOfPage":{"@id":"https:\/\/www.cambe.pr.gov.br\/index.php\/instituto-federal-do-parana-abre-inscricoes-para-cursos-gratuitos-de-moda-em-cambe\/"},"wordCount":297,"publisher":{"@id":"https:\/\/www.cambe.pr.gov.br\/#organization"},"image":{"@id":"https:\/\/www.cambe.pr.gov.br\/index.php\/instituto-federal-do-parana-abre-inscricoes-para-cursos-gratuitos-de-moda-em-cambe\/#primaryimage"},"thumbnailUrl":"https:\/\/www.cambe.pr.gov.br\/wp-content\/uploads\/2026\/03\/front-view-brazilian-woman-working-as-clothing-designer-1-1024x819.jpg","articleSection":["Principal"],"inLanguage":"pt-BR"},{"@type":"WebPage","@id":"https:\/\/www.cambe.pr.gov.br\/index.php\/instituto-federal-do-parana-abre-inscricoes-para-cursos-gratuitos-de-moda-em-cambe\/","url":"https:\/\/www.cambe.pr.gov.br\/index.php\/instituto-federal-do-parana-abre-inscricoes-para-cursos-gratuitos-de-moda-em-cambe\/","name":"Instituto Federal do Paran\u00e1 abre inscri\u00e7\u00f5es para cursos gratuitos de moda em Camb\u00e9 - Prefeitura de Camb\u00e9","isPartOf":{"@id":"https:\/\/www.cambe.pr.gov.br\/#website"},"primaryImageOfPage":{"@id":"https:\/\/www.cambe.pr.gov.br\/index.php\/instituto-federal-do-parana-abre-inscricoes-para-cursos-gratuitos-de-moda-em-cambe\/#primaryimage"},"image":{"@id":"https:\/\/www.cambe.pr.gov.br\/index.php\/instituto-federal-do-parana-abre-inscricoes-para-cursos-gratuitos-de-moda-em-cambe\/#primaryimage"},"thumbnailUrl":"https:\/\/www.cambe.pr.gov.br\/wp-content\/uploads\/2026\/03\/front-view-brazilian-woman-working-as-clothing-designer-1-1024x819.jpg","datePublished":"2026-03-10T17:08:25+00:00","breadcrumb":{"@id":"https:\/\/www.cambe.pr.gov.br\/index.php\/instituto-federal-do-parana-abre-inscricoes-para-cursos-gratuitos-de-moda-em-cambe\/#breadcrumb"},"inLanguage":"pt-BR","potentialAction":[{"@type":"ReadAction","target":["https:\/\/www.cambe.pr.gov.br\/index.php\/instituto-federal-do-parana-abre-inscricoes-para-cursos-gratuitos-de-moda-em-cambe\/"]}]},{"@type":"ImageObject","inLanguage":"pt-BR","@id":"https:\/\/www.cambe.pr.gov.br\/index.php\/instituto-federal-do-parana-abre-inscricoes-para-cursos-gratuitos-de-moda-em-cambe\/#primaryimage","url":"https:\/\/www.cambe.pr.gov.br\/wp-content\/uploads\/2026\/03\/front-view-brazilian-woman-working-as-clothing-designer-1-scaled.jpg","contentUrl":"https:\/\/www.cambe.pr.gov.br\/wp-content\/uploads\/2026\/03\/front-view-brazilian-woman-working-as-clothing-designer-1-scaled.jpg","width":2560,"height":2048},{"@type":"BreadcrumbList","@id":"https:\/\/www.cambe.pr.gov.br\/index.php\/instituto-federal-do-parana-abre-inscricoes-para-cursos-gratuitos-de-moda-em-cambe\/#breadcrumb","itemListElement":[{"@type":"ListItem","position":1,"name":"In\u00edcio","item":"https:\/\/www.cambe.pr.gov.br\/"},{"@type":"ListItem","position":2,"name":"Instituto Federal do Paran\u00e1 abre inscri\u00e7\u00f5es para cursos gratuitos de moda em Camb\u00e9"}]},{"@type":"WebSite","@id":"https:\/\/www.cambe.pr.gov.br\/#website","url":"https:\/\/www.cambe.pr.gov.br\/","name":"Prefeitura de Camb\u00e9","description":"UM GOVERNO PARA TODOS","publisher":{"@id":"https:\/\/www.cambe.pr.gov.br\/#organization"},"potentialAction":[{"@type":"SearchAction","target":{"@type":"EntryPoint","urlTemplate":"https:\/\/www.cambe.pr.gov.br\/?s={search_term_string}"},"query-input":{"@type":"PropertyValueSpecification","valueRequired":true,"valueName":"search_term_string"}}],"inLanguage":"pt-BR"},{"@type":"Organization","@id":"https:\/\/www.cambe.pr.gov.br\/#organization","name":"Prefeitura de Camb\u00e9","url":"https:\/\/www.cambe.pr.gov.br\/","logo":{"@type":"ImageObject","inLanguage":"pt-BR","@id":"https:\/\/www.cambe.pr.gov.br\/#\/schema\/logo\/image\/","url":"https:\/\/www.cambe.pr.gov.br\/wp-content\/uploads\/2021\/01\/cropped-cropped-cambe_brazao-icone.png","contentUrl":"https:\/\/www.cambe.pr.gov.br\/wp-content\/uploads\/2021\/01\/cropped-cropped-cambe_brazao-icone.png","width":240,"height":240,"caption":"Prefeitura de Camb\u00e9"},"image":{"@id":"https:\/\/www.cambe.pr.gov.br\/#\/schema\/logo\/image\/"},"sameAs":["https:\/\/m.facebook.com\/prefeituradecambe"]},{"@type":"Person","@id":"https:\/\/www.cambe.pr.gov.br\/#\/schema\/person\/8e3ee69cb2cadf4b9f8377407227effd","name":"Vinicius Augusto Batista Eira","image":{"@type":"ImageObject","inLanguage":"pt-BR","@id":"https:\/\/secure.gravatar.com\/avatar\/1ec500de7013b30e1d4d7c8c3978f0e4433c37e5d5e4cd186239369c6440122b?s=96&d=mm&r=g","url":"https:\/\/secure.gravatar.com\/avatar\/1ec500de7013b30e1d4d7c8c3978f0e4433c37e5d5e4cd186239369c6440122b?s=96&d=mm&r=g","contentUrl":"https:\/\/secure.gravatar.com\/avatar\/1ec500de7013b30e1d4d7c8c3978f0e4433c37e5d5e4cd186239369c6440122b?s=96&d=mm&r=g","caption":"Vinicius Augusto Batista Eira"},"url":"https:\/\/www.cambe.pr.gov.br\/index.php\/author\/vabeira\/"}]}},"_links":{"self":[{"href":"https:\/\/www.cambe.pr.gov.br\/index.php\/wp-json\/wp\/v2\/posts\/18867","targetHints":{"allow":["GET"]}}],"collection":[{"href":"https:\/\/www.cambe.pr.gov.br\/index.php\/wp-json\/wp\/v2\/posts"}],"about":[{"href":"https:\/\/www.cambe.pr.gov.br\/index.php\/wp-json\/wp\/v2\/types\/post"}],"author":[{"embeddable":true,"href":"https:\/\/www.cambe.pr.gov.br\/index.php\/wp-json\/wp\/v2\/users\/16"}],"replies":[{"embeddable":true,"href":"https:\/\/www.cambe.pr.gov.br\/index.php\/wp-json\/wp\/v2\/comments?post=18867"}],"version-history":[{"count":2,"href":"https:\/\/www.cambe.pr.gov.br\/index.php\/wp-json\/wp\/v2\/posts\/18867\/revisions"}],"predecessor-version":[{"id":18870,"href":"https:\/\/www.cambe.pr.gov.br\/index.php\/wp-json\/wp\/v2\/posts\/18867\/revisions\/18870"}],"wp:attachment":[{"href":"https:\/\/www.cambe.pr.gov.br\/index.php\/wp-json\/wp\/v2\/media?parent=18867"}],"wp:term":[{"taxonomy":"category","embeddable":true,"href":"https:\/\/www.cambe.pr.gov.br\/index.php\/wp-json\/wp\/v2\/categories?post=18867"},{"taxonomy":"post_tag","embeddable":true,"href":"https:\/\/www.cambe.pr.gov.br\/index.php\/wp-json\/wp\/v2\/tags?post=18867"}],"curies":[{"name":"wp","href":"https:\/\/api.w.org\/{rel}","templated":true}]}}