{"id":18863,"date":"2026-03-10T11:26:06","date_gmt":"2026-03-10T14:26:06","guid":{"rendered":"https:\/\/www.cambe.pr.gov.br\/?p=18863"},"modified":"2026-03-10T11:26:06","modified_gmt":"2026-03-10T14:26:06","slug":"mes-da-mulher-secretaria-de-saude-prepara-programacao-especial-para-as-mulheres-em-marco","status":"publish","type":"post","link":"https:\/\/www.cambe.pr.gov.br\/index.php\/mes-da-mulher-secretaria-de-saude-prepara-programacao-especial-para-as-mulheres-em-marco\/","title":{"rendered":"M\u00eas da mulher: Secretaria de Sa\u00fade prepara programa\u00e7\u00e3o especial para as mulheres em mar\u00e7o"},"content":{"rendered":"<p style=\"text-align: justify;\"><span style=\"font-weight: 400; font-family: arial, helvetica, sans-serif;\"><img fetchpriority=\"high\" decoding=\"async\" class=\"alignleft wp-image-18864\" src=\"https:\/\/www.cambe.pr.gov.br\/wp-content\/uploads\/2026\/03\/WhatsApp-Image-2026-03-06-at-15.24.45.jpeg\" alt=\"\" width=\"600\" height=\"400\" srcset=\"https:\/\/www.cambe.pr.gov.br\/wp-content\/uploads\/2026\/03\/WhatsApp-Image-2026-03-06-at-15.24.45.jpeg 1024w, https:\/\/www.cambe.pr.gov.br\/wp-content\/uploads\/2026\/03\/WhatsApp-Image-2026-03-06-at-15.24.45-300x200.jpeg 300w, https:\/\/www.cambe.pr.gov.br\/wp-content\/uploads\/2026\/03\/WhatsApp-Image-2026-03-06-at-15.24.45-768x512.jpeg 768w\" sizes=\"(max-width: 600px) 100vw, 600px\" \/>O cuidado e o olhar especial com a mulher n\u00e3o se restringem somente ao dia 8 de mar\u00e7o. E, ao longo de todo o m\u00eas, a Prefeitura de Camb\u00e9, por meio da Secretaria Municipal de Sa\u00fade P\u00fablica, preparou uma programa\u00e7\u00e3o especial voltada para a sa\u00fade das mulheres. Ser\u00e3o feitos atendimentos com o \u00d4nibus da Sa\u00fade em diversos pontos da cidade, Dia D nas UBS em um s\u00e1bado e o in\u00edcio da inser\u00e7\u00e3o do Implante Contraceptivo (Implanon).<\/span><\/p>\n<p style=\"text-align: justify;\"><span style=\"font-weight: 400; font-family: arial, helvetica, sans-serif;\">Nesta ter\u00e7a-feira (10), o \u00d4nibus da Sa\u00fade estar\u00e1 no Centro de Recupera\u00e7\u00e3o Feminino (Cervin) de Camb\u00e9, para atendimento e orienta\u00e7\u00f5es da sa\u00fade da mulher. No dia 17, o ve\u00edculo far\u00e1 uma a\u00e7\u00e3o especial voltada para as trabalhadoras da empresa Pado. J\u00e1 no dia 23, o atendimento ser\u00e1 especial para mulheres em situa\u00e7\u00e3o de rua com coleta de exames preventivos, oferta de testes r\u00e1pidos de HIV, s\u00edfilis e hepatites virais, inser\u00e7\u00e3o de Implante Contraceptivo (Implanon) e vacina\u00e7\u00e3o, em frente \u00e0 Casa de Passagem, na Rua Fortaleza.<\/span><\/p>\n<p style=\"text-align: justify;\"><span style=\"font-weight: 400; font-family: arial, helvetica, sans-serif;\">Para ampliar a possibilidade de a mulher cambeense ser atendida, no s\u00e1bado, dia 21, todas as Unidades B\u00e1sicas de Sa\u00fade (UBS) estar\u00e3o abertas, das 8h \u00e0s 14h, com atendimento especial para elas. Ser\u00e3o feitas coletas de exames preventivos, testes r\u00e1pidos de HIV, s\u00edfilis e hepatites virais e vacina\u00e7\u00e3o.<\/span><\/p>\n<p>&nbsp;<\/p>\n<p style=\"text-align: justify;\"><strong><span style=\"font-family: arial, helvetica, sans-serif;\">In\u00edcio da inser\u00e7\u00e3o do Implanon<\/span><\/strong><\/p>\n<p style=\"text-align: justify;\"><span style=\"font-weight: 400; font-family: arial, helvetica, sans-serif;\">O implante contraceptivo Implanon agora est\u00e1 sendo distribu\u00eddo gratuitamente pelo SUS. Em Camb\u00e9, a a\u00e7\u00e3o ter\u00e1 in\u00edcio no dia 20, na Cl\u00ednica da Mulher. No primeiro momento, por conta do estoque limitado enviado pelo Minist\u00e9rio da Sa\u00fade, a prioridade ser\u00e1 para mulheres em situa\u00e7\u00e3o de rua, vulnerabilidade social e com indica\u00e7\u00e3o cl\u00ednica. Mulheres fora desse grupo ser\u00e3o contempladas em breve e devem procurar a UBS mais pr\u00f3xima para registrar o interesse e dar in\u00edcio ao processo de encaminhamento. A Cl\u00ednica da Mulher far\u00e1 o contato conforme a disponibilidade de implantes.<\/span><\/p>\n<p style=\"text-align: justify;\"><span style=\"font-weight: 400;\"><span style=\"font-family: arial, helvetica, sans-serif;\">De acordo com o Minist\u00e9rio da Sa\u00fade, o implante subd\u00e9rmico (inserido por baixo da pele, no bra\u00e7o) \u00e9 um m\u00e9todo contraceptivo de longa dura\u00e7\u00e3o e alta efic\u00e1cia, considerado vantajoso em rela\u00e7\u00e3o a outras op\u00e7\u00f5es. Ele atua no organismo por at\u00e9 tr\u00eas anos, com 99% de efetividade e sem necessidade de interven\u00e7\u00f5es durante esse per\u00edodo, diferente de outros m\u00e9todos de uso cont\u00ednuo, como ocorre em anticoncepcionais de uso oral ou injet\u00e1vel. A inser\u00e7\u00e3o \u00e9 simples e r\u00e1pida, feita por m\u00e9dicos e enfermeiros devidamente capacitados, apenas com anestesia local, realizada na parte interna do bra\u00e7o.<\/span> <\/span><\/p>\n","protected":false},"excerpt":{"rendered":"<p>O cuidado e o olhar especial com a mulher n\u00e3o se restringem somente ao dia 8 de mar\u00e7o. E, ao longo de todo o m\u00eas, a Prefeitura de Camb\u00e9, por meio da Secretaria Municipal de Sa\u00fade P\u00fablica, preparou uma programa\u00e7\u00e3o especial voltada para a sa\u00fade das mulheres. Ser\u00e3o feitos atendimentos com o \u00d4nibus da Sa\u00fade [&hellip;]<\/p>\n","protected":false},"author":16,"featured_media":0,"comment_status":"closed","ping_status":"closed","sticky":false,"template":"","format":"standard","meta":{"ngg_post_thumbnail":0,"footnotes":""},"categories":[1],"tags":[],"class_list":["post-18863","post","type-post","status-publish","format-standard","hentry","category-principal"],"yoast_head":"<!-- This site is optimized with the Yoast SEO plugin v27.4 - https:\/\/yoast.com\/product\/yoast-seo-wordpress\/ -->\n<title>M\u00eas da mulher: Secretaria de Sa\u00fade prepara programa\u00e7\u00e3o especial para as mulheres em mar\u00e7o - Prefeitura de Camb\u00e9<\/title>\n<meta name=\"robots\" content=\"index, follow, max-snippet:-1, max-image-preview:large, max-video-preview:-1\" \/>\n<link rel=\"canonical\" href=\"https:\/\/www.cambe.pr.gov.br\/index.php\/mes-da-mulher-secretaria-de-saude-prepara-programacao-especial-para-as-mulheres-em-marco\/\" \/>\n<meta property=\"og:locale\" content=\"pt_BR\" \/>\n<meta property=\"og:type\" content=\"article\" \/>\n<meta property=\"og:title\" content=\"M\u00eas da mulher: Secretaria de Sa\u00fade prepara programa\u00e7\u00e3o especial para as mulheres em mar\u00e7o - Prefeitura de Camb\u00e9\" \/>\n<meta property=\"og:description\" content=\"O cuidado e o olhar especial com a mulher n\u00e3o se restringem somente ao dia 8 de mar\u00e7o. E, ao longo de todo o m\u00eas, a Prefeitura de Camb\u00e9, por meio da Secretaria Municipal de Sa\u00fade P\u00fablica, preparou uma programa\u00e7\u00e3o especial voltada para a sa\u00fade das mulheres. Ser\u00e3o feitos atendimentos com o \u00d4nibus da Sa\u00fade [&hellip;]\" \/>\n<meta property=\"og:url\" content=\"https:\/\/www.cambe.pr.gov.br\/index.php\/mes-da-mulher-secretaria-de-saude-prepara-programacao-especial-para-as-mulheres-em-marco\/\" \/>\n<meta property=\"og:site_name\" content=\"Prefeitura de Camb\u00e9\" \/>\n<meta property=\"article:publisher\" content=\"https:\/\/m.facebook.com\/prefeituradecambe\" \/>\n<meta property=\"article:published_time\" content=\"2026-03-10T14:26:06+00:00\" \/>\n<meta property=\"og:image\" content=\"https:\/\/www.cambe.pr.gov.br\/wp-content\/uploads\/2026\/03\/WhatsApp-Image-2026-03-06-at-15.24.45.jpeg\" \/>\n\t<meta property=\"og:image:width\" content=\"1024\" \/>\n\t<meta property=\"og:image:height\" content=\"683\" \/>\n\t<meta property=\"og:image:type\" content=\"image\/jpeg\" \/>\n<meta name=\"author\" content=\"Vinicius Augusto Batista Eira\" \/>\n<meta name=\"twitter:card\" content=\"summary_large_image\" \/>\n<meta name=\"twitter:label1\" content=\"Escrito por\" \/>\n\t<meta name=\"twitter:data1\" content=\"Vinicius Augusto Batista Eira\" \/>\n\t<meta name=\"twitter:label2\" content=\"Est. tempo de leitura\" \/>\n\t<meta name=\"twitter:data2\" content=\"3 minutos\" \/>\n<script type=\"application\/ld+json\" class=\"yoast-schema-graph\">{\"@context\":\"https:\\\/\\\/schema.org\",\"@graph\":[{\"@type\":\"Article\",\"@id\":\"https:\\\/\\\/www.cambe.pr.gov.br\\\/index.php\\\/mes-da-mulher-secretaria-de-saude-prepara-programacao-especial-para-as-mulheres-em-marco\\\/#article\",\"isPartOf\":{\"@id\":\"https:\\\/\\\/www.cambe.pr.gov.br\\\/index.php\\\/mes-da-mulher-secretaria-de-saude-prepara-programacao-especial-para-as-mulheres-em-marco\\\/\"},\"author\":{\"name\":\"Vinicius Augusto Batista Eira\",\"@id\":\"https:\\\/\\\/www.cambe.pr.gov.br\\\/#\\\/schema\\\/person\\\/8e3ee69cb2cadf4b9f8377407227effd\"},\"headline\":\"M\u00eas da mulher: Secretaria de Sa\u00fade prepara programa\u00e7\u00e3o especial para as mulheres em mar\u00e7o\",\"datePublished\":\"2026-03-10T14:26:06+00:00\",\"mainEntityOfPage\":{\"@id\":\"https:\\\/\\\/www.cambe.pr.gov.br\\\/index.php\\\/mes-da-mulher-secretaria-de-saude-prepara-programacao-especial-para-as-mulheres-em-marco\\\/\"},\"wordCount\":472,\"publisher\":{\"@id\":\"https:\\\/\\\/www.cambe.pr.gov.br\\\/#organization\"},\"image\":{\"@id\":\"https:\\\/\\\/www.cambe.pr.gov.br\\\/index.php\\\/mes-da-mulher-secretaria-de-saude-prepara-programacao-especial-para-as-mulheres-em-marco\\\/#primaryimage\"},\"thumbnailUrl\":\"https:\\\/\\\/www.cambe.pr.gov.br\\\/wp-content\\\/uploads\\\/2026\\\/03\\\/WhatsApp-Image-2026-03-06-at-15.24.45.jpeg\",\"articleSection\":[\"Principal\"],\"inLanguage\":\"pt-BR\"},{\"@type\":\"WebPage\",\"@id\":\"https:\\\/\\\/www.cambe.pr.gov.br\\\/index.php\\\/mes-da-mulher-secretaria-de-saude-prepara-programacao-especial-para-as-mulheres-em-marco\\\/\",\"url\":\"https:\\\/\\\/www.cambe.pr.gov.br\\\/index.php\\\/mes-da-mulher-secretaria-de-saude-prepara-programacao-especial-para-as-mulheres-em-marco\\\/\",\"name\":\"M\u00eas da mulher: Secretaria de Sa\u00fade prepara programa\u00e7\u00e3o especial para as mulheres em mar\u00e7o - Prefeitura de Camb\u00e9\",\"isPartOf\":{\"@id\":\"https:\\\/\\\/www.cambe.pr.gov.br\\\/#website\"},\"primaryImageOfPage\":{\"@id\":\"https:\\\/\\\/www.cambe.pr.gov.br\\\/index.php\\\/mes-da-mulher-secretaria-de-saude-prepara-programacao-especial-para-as-mulheres-em-marco\\\/#primaryimage\"},\"image\":{\"@id\":\"https:\\\/\\\/www.cambe.pr.gov.br\\\/index.php\\\/mes-da-mulher-secretaria-de-saude-prepara-programacao-especial-para-as-mulheres-em-marco\\\/#primaryimage\"},\"thumbnailUrl\":\"https:\\\/\\\/www.cambe.pr.gov.br\\\/wp-content\\\/uploads\\\/2026\\\/03\\\/WhatsApp-Image-2026-03-06-at-15.24.45.jpeg\",\"datePublished\":\"2026-03-10T14:26:06+00:00\",\"breadcrumb\":{\"@id\":\"https:\\\/\\\/www.cambe.pr.gov.br\\\/index.php\\\/mes-da-mulher-secretaria-de-saude-prepara-programacao-especial-para-as-mulheres-em-marco\\\/#breadcrumb\"},\"inLanguage\":\"pt-BR\",\"potentialAction\":[{\"@type\":\"ReadAction\",\"target\":[\"https:\\\/\\\/www.cambe.pr.gov.br\\\/index.php\\\/mes-da-mulher-secretaria-de-saude-prepara-programacao-especial-para-as-mulheres-em-marco\\\/\"]}]},{\"@type\":\"ImageObject\",\"inLanguage\":\"pt-BR\",\"@id\":\"https:\\\/\\\/www.cambe.pr.gov.br\\\/index.php\\\/mes-da-mulher-secretaria-de-saude-prepara-programacao-especial-para-as-mulheres-em-marco\\\/#primaryimage\",\"url\":\"https:\\\/\\\/www.cambe.pr.gov.br\\\/wp-content\\\/uploads\\\/2026\\\/03\\\/WhatsApp-Image-2026-03-06-at-15.24.45.jpeg\",\"contentUrl\":\"https:\\\/\\\/www.cambe.pr.gov.br\\\/wp-content\\\/uploads\\\/2026\\\/03\\\/WhatsApp-Image-2026-03-06-at-15.24.45.jpeg\",\"width\":1024,\"height\":683},{\"@type\":\"BreadcrumbList\",\"@id\":\"https:\\\/\\\/www.cambe.pr.gov.br\\\/index.php\\\/mes-da-mulher-secretaria-de-saude-prepara-programacao-especial-para-as-mulheres-em-marco\\\/#breadcrumb\",\"itemListElement\":[{\"@type\":\"ListItem\",\"position\":1,\"name\":\"In\u00edcio\",\"item\":\"https:\\\/\\\/www.cambe.pr.gov.br\\\/\"},{\"@type\":\"ListItem\",\"position\":2,\"name\":\"M\u00eas da mulher: Secretaria de Sa\u00fade prepara programa\u00e7\u00e3o especial para as mulheres em mar\u00e7o\"}]},{\"@type\":\"WebSite\",\"@id\":\"https:\\\/\\\/www.cambe.pr.gov.br\\\/#website\",\"url\":\"https:\\\/\\\/www.cambe.pr.gov.br\\\/\",\"name\":\"Prefeitura de Camb\u00e9\",\"description\":\"UM GOVERNO PARA TODOS\",\"publisher\":{\"@id\":\"https:\\\/\\\/www.cambe.pr.gov.br\\\/#organization\"},\"potentialAction\":[{\"@type\":\"SearchAction\",\"target\":{\"@type\":\"EntryPoint\",\"urlTemplate\":\"https:\\\/\\\/www.cambe.pr.gov.br\\\/?s={search_term_string}\"},\"query-input\":{\"@type\":\"PropertyValueSpecification\",\"valueRequired\":true,\"valueName\":\"search_term_string\"}}],\"inLanguage\":\"pt-BR\"},{\"@type\":\"Organization\",\"@id\":\"https:\\\/\\\/www.cambe.pr.gov.br\\\/#organization\",\"name\":\"Prefeitura de Camb\u00e9\",\"url\":\"https:\\\/\\\/www.cambe.pr.gov.br\\\/\",\"logo\":{\"@type\":\"ImageObject\",\"inLanguage\":\"pt-BR\",\"@id\":\"https:\\\/\\\/www.cambe.pr.gov.br\\\/#\\\/schema\\\/logo\\\/image\\\/\",\"url\":\"https:\\\/\\\/www.cambe.pr.gov.br\\\/wp-content\\\/uploads\\\/2021\\\/01\\\/cropped-cropped-cambe_brazao-icone.png\",\"contentUrl\":\"https:\\\/\\\/www.cambe.pr.gov.br\\\/wp-content\\\/uploads\\\/2021\\\/01\\\/cropped-cropped-cambe_brazao-icone.png\",\"width\":240,\"height\":240,\"caption\":\"Prefeitura de Camb\u00e9\"},\"image\":{\"@id\":\"https:\\\/\\\/www.cambe.pr.gov.br\\\/#\\\/schema\\\/logo\\\/image\\\/\"},\"sameAs\":[\"https:\\\/\\\/m.facebook.com\\\/prefeituradecambe\"]},{\"@type\":\"Person\",\"@id\":\"https:\\\/\\\/www.cambe.pr.gov.br\\\/#\\\/schema\\\/person\\\/8e3ee69cb2cadf4b9f8377407227effd\",\"name\":\"Vinicius Augusto Batista Eira\",\"image\":{\"@type\":\"ImageObject\",\"inLanguage\":\"pt-BR\",\"@id\":\"https:\\\/\\\/secure.gravatar.com\\\/avatar\\\/1ec500de7013b30e1d4d7c8c3978f0e4433c37e5d5e4cd186239369c6440122b?s=96&d=mm&r=g\",\"url\":\"https:\\\/\\\/secure.gravatar.com\\\/avatar\\\/1ec500de7013b30e1d4d7c8c3978f0e4433c37e5d5e4cd186239369c6440122b?s=96&d=mm&r=g\",\"contentUrl\":\"https:\\\/\\\/secure.gravatar.com\\\/avatar\\\/1ec500de7013b30e1d4d7c8c3978f0e4433c37e5d5e4cd186239369c6440122b?s=96&d=mm&r=g\",\"caption\":\"Vinicius Augusto Batista Eira\"},\"url\":\"https:\\\/\\\/www.cambe.pr.gov.br\\\/index.php\\\/author\\\/vabeira\\\/\"}]}<\/script>\n<!-- \/ Yoast SEO plugin. -->","yoast_head_json":{"title":"M\u00eas da mulher: Secretaria de Sa\u00fade prepara programa\u00e7\u00e3o especial para as mulheres em mar\u00e7o - Prefeitura de Camb\u00e9","robots":{"index":"index","follow":"follow","max-snippet":"max-snippet:-1","max-image-preview":"max-image-preview:large","max-video-preview":"max-video-preview:-1"},"canonical":"https:\/\/www.cambe.pr.gov.br\/index.php\/mes-da-mulher-secretaria-de-saude-prepara-programacao-especial-para-as-mulheres-em-marco\/","og_locale":"pt_BR","og_type":"article","og_title":"M\u00eas da mulher: Secretaria de Sa\u00fade prepara programa\u00e7\u00e3o especial para as mulheres em mar\u00e7o - Prefeitura de Camb\u00e9","og_description":"O cuidado e o olhar especial com a mulher n\u00e3o se restringem somente ao dia 8 de mar\u00e7o. E, ao longo de todo o m\u00eas, a Prefeitura de Camb\u00e9, por meio da Secretaria Municipal de Sa\u00fade P\u00fablica, preparou uma programa\u00e7\u00e3o especial voltada para a sa\u00fade das mulheres. Ser\u00e3o feitos atendimentos com o \u00d4nibus da Sa\u00fade [&hellip;]","og_url":"https:\/\/www.cambe.pr.gov.br\/index.php\/mes-da-mulher-secretaria-de-saude-prepara-programacao-especial-para-as-mulheres-em-marco\/","og_site_name":"Prefeitura de Camb\u00e9","article_publisher":"https:\/\/m.facebook.com\/prefeituradecambe","article_published_time":"2026-03-10T14:26:06+00:00","og_image":[{"width":1024,"height":683,"url":"https:\/\/www.cambe.pr.gov.br\/wp-content\/uploads\/2026\/03\/WhatsApp-Image-2026-03-06-at-15.24.45.jpeg","type":"image\/jpeg"}],"author":"Vinicius Augusto Batista Eira","twitter_card":"summary_large_image","twitter_misc":{"Escrito por":"Vinicius Augusto Batista Eira","Est. tempo de leitura":"3 minutos"},"schema":{"@context":"https:\/\/schema.org","@graph":[{"@type":"Article","@id":"https:\/\/www.cambe.pr.gov.br\/index.php\/mes-da-mulher-secretaria-de-saude-prepara-programacao-especial-para-as-mulheres-em-marco\/#article","isPartOf":{"@id":"https:\/\/www.cambe.pr.gov.br\/index.php\/mes-da-mulher-secretaria-de-saude-prepara-programacao-especial-para-as-mulheres-em-marco\/"},"author":{"name":"Vinicius Augusto Batista Eira","@id":"https:\/\/www.cambe.pr.gov.br\/#\/schema\/person\/8e3ee69cb2cadf4b9f8377407227effd"},"headline":"M\u00eas da mulher: Secretaria de Sa\u00fade prepara programa\u00e7\u00e3o especial para as mulheres em mar\u00e7o","datePublished":"2026-03-10T14:26:06+00:00","mainEntityOfPage":{"@id":"https:\/\/www.cambe.pr.gov.br\/index.php\/mes-da-mulher-secretaria-de-saude-prepara-programacao-especial-para-as-mulheres-em-marco\/"},"wordCount":472,"publisher":{"@id":"https:\/\/www.cambe.pr.gov.br\/#organization"},"image":{"@id":"https:\/\/www.cambe.pr.gov.br\/index.php\/mes-da-mulher-secretaria-de-saude-prepara-programacao-especial-para-as-mulheres-em-marco\/#primaryimage"},"thumbnailUrl":"https:\/\/www.cambe.pr.gov.br\/wp-content\/uploads\/2026\/03\/WhatsApp-Image-2026-03-06-at-15.24.45.jpeg","articleSection":["Principal"],"inLanguage":"pt-BR"},{"@type":"WebPage","@id":"https:\/\/www.cambe.pr.gov.br\/index.php\/mes-da-mulher-secretaria-de-saude-prepara-programacao-especial-para-as-mulheres-em-marco\/","url":"https:\/\/www.cambe.pr.gov.br\/index.php\/mes-da-mulher-secretaria-de-saude-prepara-programacao-especial-para-as-mulheres-em-marco\/","name":"M\u00eas da mulher: Secretaria de Sa\u00fade prepara programa\u00e7\u00e3o especial para as mulheres em mar\u00e7o - Prefeitura de Camb\u00e9","isPartOf":{"@id":"https:\/\/www.cambe.pr.gov.br\/#website"},"primaryImageOfPage":{"@id":"https:\/\/www.cambe.pr.gov.br\/index.php\/mes-da-mulher-secretaria-de-saude-prepara-programacao-especial-para-as-mulheres-em-marco\/#primaryimage"},"image":{"@id":"https:\/\/www.cambe.pr.gov.br\/index.php\/mes-da-mulher-secretaria-de-saude-prepara-programacao-especial-para-as-mulheres-em-marco\/#primaryimage"},"thumbnailUrl":"https:\/\/www.cambe.pr.gov.br\/wp-content\/uploads\/2026\/03\/WhatsApp-Image-2026-03-06-at-15.24.45.jpeg","datePublished":"2026-03-10T14:26:06+00:00","breadcrumb":{"@id":"https:\/\/www.cambe.pr.gov.br\/index.php\/mes-da-mulher-secretaria-de-saude-prepara-programacao-especial-para-as-mulheres-em-marco\/#breadcrumb"},"inLanguage":"pt-BR","potentialAction":[{"@type":"ReadAction","target":["https:\/\/www.cambe.pr.gov.br\/index.php\/mes-da-mulher-secretaria-de-saude-prepara-programacao-especial-para-as-mulheres-em-marco\/"]}]},{"@type":"ImageObject","inLanguage":"pt-BR","@id":"https:\/\/www.cambe.pr.gov.br\/index.php\/mes-da-mulher-secretaria-de-saude-prepara-programacao-especial-para-as-mulheres-em-marco\/#primaryimage","url":"https:\/\/www.cambe.pr.gov.br\/wp-content\/uploads\/2026\/03\/WhatsApp-Image-2026-03-06-at-15.24.45.jpeg","contentUrl":"https:\/\/www.cambe.pr.gov.br\/wp-content\/uploads\/2026\/03\/WhatsApp-Image-2026-03-06-at-15.24.45.jpeg","width":1024,"height":683},{"@type":"BreadcrumbList","@id":"https:\/\/www.cambe.pr.gov.br\/index.php\/mes-da-mulher-secretaria-de-saude-prepara-programacao-especial-para-as-mulheres-em-marco\/#breadcrumb","itemListElement":[{"@type":"ListItem","position":1,"name":"In\u00edcio","item":"https:\/\/www.cambe.pr.gov.br\/"},{"@type":"ListItem","position":2,"name":"M\u00eas da mulher: Secretaria de Sa\u00fade prepara programa\u00e7\u00e3o especial para as mulheres em mar\u00e7o"}]},{"@type":"WebSite","@id":"https:\/\/www.cambe.pr.gov.br\/#website","url":"https:\/\/www.cambe.pr.gov.br\/","name":"Prefeitura de Camb\u00e9","description":"UM GOVERNO PARA TODOS","publisher":{"@id":"https:\/\/www.cambe.pr.gov.br\/#organization"},"potentialAction":[{"@type":"SearchAction","target":{"@type":"EntryPoint","urlTemplate":"https:\/\/www.cambe.pr.gov.br\/?s={search_term_string}"},"query-input":{"@type":"PropertyValueSpecification","valueRequired":true,"valueName":"search_term_string"}}],"inLanguage":"pt-BR"},{"@type":"Organization","@id":"https:\/\/www.cambe.pr.gov.br\/#organization","name":"Prefeitura de Camb\u00e9","url":"https:\/\/www.cambe.pr.gov.br\/","logo":{"@type":"ImageObject","inLanguage":"pt-BR","@id":"https:\/\/www.cambe.pr.gov.br\/#\/schema\/logo\/image\/","url":"https:\/\/www.cambe.pr.gov.br\/wp-content\/uploads\/2021\/01\/cropped-cropped-cambe_brazao-icone.png","contentUrl":"https:\/\/www.cambe.pr.gov.br\/wp-content\/uploads\/2021\/01\/cropped-cropped-cambe_brazao-icone.png","width":240,"height":240,"caption":"Prefeitura de Camb\u00e9"},"image":{"@id":"https:\/\/www.cambe.pr.gov.br\/#\/schema\/logo\/image\/"},"sameAs":["https:\/\/m.facebook.com\/prefeituradecambe"]},{"@type":"Person","@id":"https:\/\/www.cambe.pr.gov.br\/#\/schema\/person\/8e3ee69cb2cadf4b9f8377407227effd","name":"Vinicius Augusto Batista Eira","image":{"@type":"ImageObject","inLanguage":"pt-BR","@id":"https:\/\/secure.gravatar.com\/avatar\/1ec500de7013b30e1d4d7c8c3978f0e4433c37e5d5e4cd186239369c6440122b?s=96&d=mm&r=g","url":"https:\/\/secure.gravatar.com\/avatar\/1ec500de7013b30e1d4d7c8c3978f0e4433c37e5d5e4cd186239369c6440122b?s=96&d=mm&r=g","contentUrl":"https:\/\/secure.gravatar.com\/avatar\/1ec500de7013b30e1d4d7c8c3978f0e4433c37e5d5e4cd186239369c6440122b?s=96&d=mm&r=g","caption":"Vinicius Augusto Batista Eira"},"url":"https:\/\/www.cambe.pr.gov.br\/index.php\/author\/vabeira\/"}]}},"_links":{"self":[{"href":"https:\/\/www.cambe.pr.gov.br\/index.php\/wp-json\/wp\/v2\/posts\/18863","targetHints":{"allow":["GET"]}}],"collection":[{"href":"https:\/\/www.cambe.pr.gov.br\/index.php\/wp-json\/wp\/v2\/posts"}],"about":[{"href":"https:\/\/www.cambe.pr.gov.br\/index.php\/wp-json\/wp\/v2\/types\/post"}],"author":[{"embeddable":true,"href":"https:\/\/www.cambe.pr.gov.br\/index.php\/wp-json\/wp\/v2\/users\/16"}],"replies":[{"embeddable":true,"href":"https:\/\/www.cambe.pr.gov.br\/index.php\/wp-json\/wp\/v2\/comments?post=18863"}],"version-history":[{"count":2,"href":"https:\/\/www.cambe.pr.gov.br\/index.php\/wp-json\/wp\/v2\/posts\/18863\/revisions"}],"predecessor-version":[{"id":18866,"href":"https:\/\/www.cambe.pr.gov.br\/index.php\/wp-json\/wp\/v2\/posts\/18863\/revisions\/18866"}],"wp:attachment":[{"href":"https:\/\/www.cambe.pr.gov.br\/index.php\/wp-json\/wp\/v2\/media?parent=18863"}],"wp:term":[{"taxonomy":"category","embeddable":true,"href":"https:\/\/www.cambe.pr.gov.br\/index.php\/wp-json\/wp\/v2\/categories?post=18863"},{"taxonomy":"post_tag","embeddable":true,"href":"https:\/\/www.cambe.pr.gov.br\/index.php\/wp-json\/wp\/v2\/tags?post=18863"}],"curies":[{"name":"wp","href":"https:\/\/api.w.org\/{rel}","templated":true}]}}