{"id":18859,"date":"2026-03-09T16:59:56","date_gmt":"2026-03-09T19:59:56","guid":{"rendered":"https:\/\/www.cambe.pr.gov.br\/?p=18859"},"modified":"2026-03-09T16:59:56","modified_gmt":"2026-03-09T19:59:56","slug":"cambe-inicia-vacinacao-contra-a-dengue-em-profissionais-de-saude","status":"publish","type":"post","link":"https:\/\/www.cambe.pr.gov.br\/index.php\/cambe-inicia-vacinacao-contra-a-dengue-em-profissionais-de-saude\/","title":{"rendered":"Camb\u00e9 inicia vacina\u00e7\u00e3o contra a dengue em profissionais de sa\u00fade"},"content":{"rendered":"<p style=\"text-align: justify;\"><span style=\"font-weight: 400; font-family: arial, helvetica, sans-serif;\"><img fetchpriority=\"high\" decoding=\"async\" class=\"alignleft size-large wp-image-18860\" src=\"https:\/\/www.cambe.pr.gov.br\/wp-content\/uploads\/2026\/03\/WhatsApp-Image-2026-03-09-at-16.59.16-1024x819.jpeg\" alt=\"\" width=\"610\" height=\"488\" srcset=\"https:\/\/www.cambe.pr.gov.br\/wp-content\/uploads\/2026\/03\/WhatsApp-Image-2026-03-09-at-16.59.16-1024x819.jpeg 1024w, https:\/\/www.cambe.pr.gov.br\/wp-content\/uploads\/2026\/03\/WhatsApp-Image-2026-03-09-at-16.59.16-300x240.jpeg 300w, https:\/\/www.cambe.pr.gov.br\/wp-content\/uploads\/2026\/03\/WhatsApp-Image-2026-03-09-at-16.59.16-768x614.jpeg 768w, https:\/\/www.cambe.pr.gov.br\/wp-content\/uploads\/2026\/03\/WhatsApp-Image-2026-03-09-at-16.59.16.jpeg 1280w\" sizes=\"(max-width: 610px) 100vw, 610px\" \/>Prezando pela seguran\u00e7a de profissionais de aten\u00e7\u00e3o prim\u00e1ria no combate \u00e0 dengue, Camb\u00e9 iniciou a vacina\u00e7\u00e3o contra a doen\u00e7a. Inicialmente, as doses dos imunizantes est\u00e3o sendo aplicadas em profissionais da linha de frente, como agentes de endemias, agentes comunit\u00e1rios de sa\u00fade e t\u00e9cnicos de enfermagem que atuam na sala de vacina. O imunizante \u00e9 100% nacional, produzido pelo Instituto Butantan.<\/span><\/p>\n<p style=\"text-align: justify;\"><span style=\"font-weight: 400; font-family: arial, helvetica, sans-serif;\">A vacina Butantan DV foi aprovada pela Ag\u00eancia Nacional de Vigil\u00e2ncia Sanit\u00e1ria (Anvisa) em novembro de 2025. O imunizante, de dose \u00fanica, atua no corpo para evitar o desenvolvimento de formas graves da doen\u00e7a ou infec\u00e7\u00f5es acompanhadas de sinais de alerta. Em estudo do Instituto, a vacina mostrou prote\u00e7\u00e3o em 80% dos casos e mant\u00e9m efic\u00e1cia por at\u00e9 cinco anos.<\/span><\/p>\n<p style=\"text-align: justify;\"><span style=\"font-family: arial, helvetica, sans-serif;\"><span style=\"font-weight: 400;\">Inicialmente, as primeiras doses est\u00e3o sendo destinadas para profissionais de sa\u00fade. Mas ela \u00e9 desenvolvida para atender um p\u00fablico de 15 a 59 anos. Com mais doses, o grupo que pode tomar a vacina vai aumentar, e a estimativa \u00e9 de que, <\/span><span style=\"font-weight: 400;\">c<\/span><span style=\"font-weight: 400;\">om ades\u00e3o de 40% a 50% do p\u00fablico-alvo, j\u00e1 seja poss\u00edvel observar impacto significativo no controle da dengue.<\/span><\/span><\/p>\n<p style=\"text-align: justify;\"><span style=\"font-weight: 400; font-family: arial, helvetica, sans-serif;\">Anna Bueno, enfermeira e coordenadora da Unidade B\u00e1sica de Sa\u00fade do Silvino, celebra a chegada do imunizante, que d\u00e1 esperan\u00e7a de um futuro melhor contra a doen\u00e7a. \u201cEstamos bem felizes com a chegada dessa vacina. Ano passado, v\u00e1rios profissionais nossos ficaram doentes, tiveram caso de dengue. Ainda mais aqui no Silvino, que sempre tem muitos casos. Ela vem como uma esperan\u00e7a mesmo para que a gente n\u00e3o sofra tanto mais. Que logo possamos atender \u00e0 popula\u00e7\u00e3o geral e evitar a explos\u00e3o da epidemia de dengue\u201d, disse.\u00a0<\/span><\/p>\n<p style=\"text-align: justify;\"><span style=\"font-weight: 400; font-family: arial, helvetica, sans-serif;\">A agente comunit\u00e1ria de sa\u00fade, Simone Batista, escapou da dengue em trabalho, mas nas f\u00e9rias, em mar\u00e7o de 2025, pegou a doen\u00e7a e teve uma s\u00e9rie de sintomas. Hoje, toma a dose com al\u00edvio e expectativa de dias melhores. \u201cFoi horr\u00edvel. Tive uma semana de sintomas, muita dor no corpo, dor de cabe\u00e7a, n\u00e3o conseguia me alimentar direito. Fiz o acompanhamento na extens\u00e3o (unidade na antiga UBS do Silvino) e me atenderam muito bem l\u00e1. Tive que me hidratar muito, passei muito mal mesmo. Hoje estou aliviada. Essa vacina \u00e9 um presente para mim. Estou muito ansiosa e muito feliz que chegou essa vacina para a gente. D\u00e1 esperan\u00e7a de dias melhores, de mais seguran\u00e7a para trabalhar\u201d, ressaltou.<\/span><\/p>\n<p>&nbsp;<\/p>\n<p style=\"text-align: justify;\"><strong><span style=\"font-family: arial, helvetica, sans-serif;\">Vacina\u00e7\u00e3o para adolescentes<\/span><\/strong><\/p>\n<p style=\"text-align: justify;\"><span style=\"font-weight: 400; font-family: arial, helvetica, sans-serif;\">Enquanto a vacina em dose \u00fanica n\u00e3o chega para o p\u00fablico geral, Camb\u00e9 segue imunizando adolescentes com outra vacina. Pessoas de 10 a 14 anos podem procurar a Unidade B\u00e1sica de Sa\u00fade mais pr\u00f3xima, com documento pessoal e carteirinha da vacina para tomar a dose e se proteger contra a dengue.<\/span><\/p>\n","protected":false},"excerpt":{"rendered":"<p>Prezando pela seguran\u00e7a de profissionais de aten\u00e7\u00e3o prim\u00e1ria no combate \u00e0 dengue, Camb\u00e9 iniciou a vacina\u00e7\u00e3o contra a doen\u00e7a. Inicialmente, as doses dos imunizantes est\u00e3o sendo aplicadas em profissionais da linha de frente, como agentes de endemias, agentes comunit\u00e1rios de sa\u00fade e t\u00e9cnicos de enfermagem que atuam na sala de vacina. O imunizante \u00e9 100% [&hellip;]<\/p>\n","protected":false},"author":16,"featured_media":0,"comment_status":"closed","ping_status":"closed","sticky":false,"template":"","format":"standard","meta":{"ngg_post_thumbnail":0,"footnotes":""},"categories":[1],"tags":[],"class_list":["post-18859","post","type-post","status-publish","format-standard","hentry","category-principal"],"yoast_head":"<!-- This site is optimized with the Yoast SEO plugin v27.4 - https:\/\/yoast.com\/product\/yoast-seo-wordpress\/ -->\n<title>Camb\u00e9 inicia vacina\u00e7\u00e3o contra a dengue em profissionais de sa\u00fade - Prefeitura de Camb\u00e9<\/title>\n<meta name=\"robots\" content=\"index, follow, max-snippet:-1, max-image-preview:large, max-video-preview:-1\" \/>\n<link rel=\"canonical\" href=\"https:\/\/www.cambe.pr.gov.br\/index.php\/cambe-inicia-vacinacao-contra-a-dengue-em-profissionais-de-saude\/\" \/>\n<meta property=\"og:locale\" content=\"pt_BR\" \/>\n<meta property=\"og:type\" content=\"article\" \/>\n<meta property=\"og:title\" content=\"Camb\u00e9 inicia vacina\u00e7\u00e3o contra a dengue em profissionais de sa\u00fade - Prefeitura de Camb\u00e9\" \/>\n<meta property=\"og:description\" content=\"Prezando pela seguran\u00e7a de profissionais de aten\u00e7\u00e3o prim\u00e1ria no combate \u00e0 dengue, Camb\u00e9 iniciou a vacina\u00e7\u00e3o contra a doen\u00e7a. Inicialmente, as doses dos imunizantes est\u00e3o sendo aplicadas em profissionais da linha de frente, como agentes de endemias, agentes comunit\u00e1rios de sa\u00fade e t\u00e9cnicos de enfermagem que atuam na sala de vacina. O imunizante \u00e9 100% [&hellip;]\" \/>\n<meta property=\"og:url\" content=\"https:\/\/www.cambe.pr.gov.br\/index.php\/cambe-inicia-vacinacao-contra-a-dengue-em-profissionais-de-saude\/\" \/>\n<meta property=\"og:site_name\" content=\"Prefeitura de Camb\u00e9\" \/>\n<meta property=\"article:publisher\" content=\"https:\/\/m.facebook.com\/prefeituradecambe\" \/>\n<meta property=\"article:published_time\" content=\"2026-03-09T19:59:56+00:00\" \/>\n<meta property=\"og:image\" content=\"https:\/\/www.cambe.pr.gov.br\/wp-content\/uploads\/2026\/03\/WhatsApp-Image-2026-03-09-at-16.59.16.jpeg\" \/>\n\t<meta property=\"og:image:width\" content=\"1280\" \/>\n\t<meta property=\"og:image:height\" content=\"1024\" \/>\n\t<meta property=\"og:image:type\" content=\"image\/jpeg\" \/>\n<meta name=\"author\" content=\"Vinicius Augusto Batista Eira\" \/>\n<meta name=\"twitter:card\" content=\"summary_large_image\" \/>\n<meta name=\"twitter:label1\" content=\"Escrito por\" \/>\n\t<meta name=\"twitter:data1\" content=\"Vinicius Augusto Batista Eira\" \/>\n\t<meta name=\"twitter:label2\" content=\"Est. tempo de leitura\" \/>\n\t<meta name=\"twitter:data2\" content=\"3 minutos\" \/>\n<script type=\"application\/ld+json\" class=\"yoast-schema-graph\">{\"@context\":\"https:\\\/\\\/schema.org\",\"@graph\":[{\"@type\":\"Article\",\"@id\":\"https:\\\/\\\/www.cambe.pr.gov.br\\\/index.php\\\/cambe-inicia-vacinacao-contra-a-dengue-em-profissionais-de-saude\\\/#article\",\"isPartOf\":{\"@id\":\"https:\\\/\\\/www.cambe.pr.gov.br\\\/index.php\\\/cambe-inicia-vacinacao-contra-a-dengue-em-profissionais-de-saude\\\/\"},\"author\":{\"name\":\"Vinicius Augusto Batista Eira\",\"@id\":\"https:\\\/\\\/www.cambe.pr.gov.br\\\/#\\\/schema\\\/person\\\/8e3ee69cb2cadf4b9f8377407227effd\"},\"headline\":\"Camb\u00e9 inicia vacina\u00e7\u00e3o contra a dengue em profissionais de sa\u00fade\",\"datePublished\":\"2026-03-09T19:59:56+00:00\",\"mainEntityOfPage\":{\"@id\":\"https:\\\/\\\/www.cambe.pr.gov.br\\\/index.php\\\/cambe-inicia-vacinacao-contra-a-dengue-em-profissionais-de-saude\\\/\"},\"wordCount\":487,\"publisher\":{\"@id\":\"https:\\\/\\\/www.cambe.pr.gov.br\\\/#organization\"},\"image\":{\"@id\":\"https:\\\/\\\/www.cambe.pr.gov.br\\\/index.php\\\/cambe-inicia-vacinacao-contra-a-dengue-em-profissionais-de-saude\\\/#primaryimage\"},\"thumbnailUrl\":\"https:\\\/\\\/www.cambe.pr.gov.br\\\/wp-content\\\/uploads\\\/2026\\\/03\\\/WhatsApp-Image-2026-03-09-at-16.59.16-1024x819.jpeg\",\"articleSection\":[\"Principal\"],\"inLanguage\":\"pt-BR\"},{\"@type\":\"WebPage\",\"@id\":\"https:\\\/\\\/www.cambe.pr.gov.br\\\/index.php\\\/cambe-inicia-vacinacao-contra-a-dengue-em-profissionais-de-saude\\\/\",\"url\":\"https:\\\/\\\/www.cambe.pr.gov.br\\\/index.php\\\/cambe-inicia-vacinacao-contra-a-dengue-em-profissionais-de-saude\\\/\",\"name\":\"Camb\u00e9 inicia vacina\u00e7\u00e3o contra a dengue em profissionais de sa\u00fade - Prefeitura de Camb\u00e9\",\"isPartOf\":{\"@id\":\"https:\\\/\\\/www.cambe.pr.gov.br\\\/#website\"},\"primaryImageOfPage\":{\"@id\":\"https:\\\/\\\/www.cambe.pr.gov.br\\\/index.php\\\/cambe-inicia-vacinacao-contra-a-dengue-em-profissionais-de-saude\\\/#primaryimage\"},\"image\":{\"@id\":\"https:\\\/\\\/www.cambe.pr.gov.br\\\/index.php\\\/cambe-inicia-vacinacao-contra-a-dengue-em-profissionais-de-saude\\\/#primaryimage\"},\"thumbnailUrl\":\"https:\\\/\\\/www.cambe.pr.gov.br\\\/wp-content\\\/uploads\\\/2026\\\/03\\\/WhatsApp-Image-2026-03-09-at-16.59.16-1024x819.jpeg\",\"datePublished\":\"2026-03-09T19:59:56+00:00\",\"breadcrumb\":{\"@id\":\"https:\\\/\\\/www.cambe.pr.gov.br\\\/index.php\\\/cambe-inicia-vacinacao-contra-a-dengue-em-profissionais-de-saude\\\/#breadcrumb\"},\"inLanguage\":\"pt-BR\",\"potentialAction\":[{\"@type\":\"ReadAction\",\"target\":[\"https:\\\/\\\/www.cambe.pr.gov.br\\\/index.php\\\/cambe-inicia-vacinacao-contra-a-dengue-em-profissionais-de-saude\\\/\"]}]},{\"@type\":\"ImageObject\",\"inLanguage\":\"pt-BR\",\"@id\":\"https:\\\/\\\/www.cambe.pr.gov.br\\\/index.php\\\/cambe-inicia-vacinacao-contra-a-dengue-em-profissionais-de-saude\\\/#primaryimage\",\"url\":\"https:\\\/\\\/www.cambe.pr.gov.br\\\/wp-content\\\/uploads\\\/2026\\\/03\\\/WhatsApp-Image-2026-03-09-at-16.59.16.jpeg\",\"contentUrl\":\"https:\\\/\\\/www.cambe.pr.gov.br\\\/wp-content\\\/uploads\\\/2026\\\/03\\\/WhatsApp-Image-2026-03-09-at-16.59.16.jpeg\",\"width\":1280,\"height\":1024},{\"@type\":\"BreadcrumbList\",\"@id\":\"https:\\\/\\\/www.cambe.pr.gov.br\\\/index.php\\\/cambe-inicia-vacinacao-contra-a-dengue-em-profissionais-de-saude\\\/#breadcrumb\",\"itemListElement\":[{\"@type\":\"ListItem\",\"position\":1,\"name\":\"In\u00edcio\",\"item\":\"https:\\\/\\\/www.cambe.pr.gov.br\\\/\"},{\"@type\":\"ListItem\",\"position\":2,\"name\":\"Camb\u00e9 inicia vacina\u00e7\u00e3o contra a dengue em profissionais de sa\u00fade\"}]},{\"@type\":\"WebSite\",\"@id\":\"https:\\\/\\\/www.cambe.pr.gov.br\\\/#website\",\"url\":\"https:\\\/\\\/www.cambe.pr.gov.br\\\/\",\"name\":\"Prefeitura de Camb\u00e9\",\"description\":\"UM GOVERNO PARA TODOS\",\"publisher\":{\"@id\":\"https:\\\/\\\/www.cambe.pr.gov.br\\\/#organization\"},\"potentialAction\":[{\"@type\":\"SearchAction\",\"target\":{\"@type\":\"EntryPoint\",\"urlTemplate\":\"https:\\\/\\\/www.cambe.pr.gov.br\\\/?s={search_term_string}\"},\"query-input\":{\"@type\":\"PropertyValueSpecification\",\"valueRequired\":true,\"valueName\":\"search_term_string\"}}],\"inLanguage\":\"pt-BR\"},{\"@type\":\"Organization\",\"@id\":\"https:\\\/\\\/www.cambe.pr.gov.br\\\/#organization\",\"name\":\"Prefeitura de Camb\u00e9\",\"url\":\"https:\\\/\\\/www.cambe.pr.gov.br\\\/\",\"logo\":{\"@type\":\"ImageObject\",\"inLanguage\":\"pt-BR\",\"@id\":\"https:\\\/\\\/www.cambe.pr.gov.br\\\/#\\\/schema\\\/logo\\\/image\\\/\",\"url\":\"https:\\\/\\\/www.cambe.pr.gov.br\\\/wp-content\\\/uploads\\\/2021\\\/01\\\/cropped-cropped-cambe_brazao-icone.png\",\"contentUrl\":\"https:\\\/\\\/www.cambe.pr.gov.br\\\/wp-content\\\/uploads\\\/2021\\\/01\\\/cropped-cropped-cambe_brazao-icone.png\",\"width\":240,\"height\":240,\"caption\":\"Prefeitura de Camb\u00e9\"},\"image\":{\"@id\":\"https:\\\/\\\/www.cambe.pr.gov.br\\\/#\\\/schema\\\/logo\\\/image\\\/\"},\"sameAs\":[\"https:\\\/\\\/m.facebook.com\\\/prefeituradecambe\"]},{\"@type\":\"Person\",\"@id\":\"https:\\\/\\\/www.cambe.pr.gov.br\\\/#\\\/schema\\\/person\\\/8e3ee69cb2cadf4b9f8377407227effd\",\"name\":\"Vinicius Augusto Batista Eira\",\"image\":{\"@type\":\"ImageObject\",\"inLanguage\":\"pt-BR\",\"@id\":\"https:\\\/\\\/secure.gravatar.com\\\/avatar\\\/1ec500de7013b30e1d4d7c8c3978f0e4433c37e5d5e4cd186239369c6440122b?s=96&d=mm&r=g\",\"url\":\"https:\\\/\\\/secure.gravatar.com\\\/avatar\\\/1ec500de7013b30e1d4d7c8c3978f0e4433c37e5d5e4cd186239369c6440122b?s=96&d=mm&r=g\",\"contentUrl\":\"https:\\\/\\\/secure.gravatar.com\\\/avatar\\\/1ec500de7013b30e1d4d7c8c3978f0e4433c37e5d5e4cd186239369c6440122b?s=96&d=mm&r=g\",\"caption\":\"Vinicius Augusto Batista Eira\"},\"url\":\"https:\\\/\\\/www.cambe.pr.gov.br\\\/index.php\\\/author\\\/vabeira\\\/\"}]}<\/script>\n<!-- \/ Yoast SEO plugin. -->","yoast_head_json":{"title":"Camb\u00e9 inicia vacina\u00e7\u00e3o contra a dengue em profissionais de sa\u00fade - Prefeitura de Camb\u00e9","robots":{"index":"index","follow":"follow","max-snippet":"max-snippet:-1","max-image-preview":"max-image-preview:large","max-video-preview":"max-video-preview:-1"},"canonical":"https:\/\/www.cambe.pr.gov.br\/index.php\/cambe-inicia-vacinacao-contra-a-dengue-em-profissionais-de-saude\/","og_locale":"pt_BR","og_type":"article","og_title":"Camb\u00e9 inicia vacina\u00e7\u00e3o contra a dengue em profissionais de sa\u00fade - Prefeitura de Camb\u00e9","og_description":"Prezando pela seguran\u00e7a de profissionais de aten\u00e7\u00e3o prim\u00e1ria no combate \u00e0 dengue, Camb\u00e9 iniciou a vacina\u00e7\u00e3o contra a doen\u00e7a. Inicialmente, as doses dos imunizantes est\u00e3o sendo aplicadas em profissionais da linha de frente, como agentes de endemias, agentes comunit\u00e1rios de sa\u00fade e t\u00e9cnicos de enfermagem que atuam na sala de vacina. O imunizante \u00e9 100% [&hellip;]","og_url":"https:\/\/www.cambe.pr.gov.br\/index.php\/cambe-inicia-vacinacao-contra-a-dengue-em-profissionais-de-saude\/","og_site_name":"Prefeitura de Camb\u00e9","article_publisher":"https:\/\/m.facebook.com\/prefeituradecambe","article_published_time":"2026-03-09T19:59:56+00:00","og_image":[{"width":1280,"height":1024,"url":"https:\/\/www.cambe.pr.gov.br\/wp-content\/uploads\/2026\/03\/WhatsApp-Image-2026-03-09-at-16.59.16.jpeg","type":"image\/jpeg"}],"author":"Vinicius Augusto Batista Eira","twitter_card":"summary_large_image","twitter_misc":{"Escrito por":"Vinicius Augusto Batista Eira","Est. tempo de leitura":"3 minutos"},"schema":{"@context":"https:\/\/schema.org","@graph":[{"@type":"Article","@id":"https:\/\/www.cambe.pr.gov.br\/index.php\/cambe-inicia-vacinacao-contra-a-dengue-em-profissionais-de-saude\/#article","isPartOf":{"@id":"https:\/\/www.cambe.pr.gov.br\/index.php\/cambe-inicia-vacinacao-contra-a-dengue-em-profissionais-de-saude\/"},"author":{"name":"Vinicius Augusto Batista Eira","@id":"https:\/\/www.cambe.pr.gov.br\/#\/schema\/person\/8e3ee69cb2cadf4b9f8377407227effd"},"headline":"Camb\u00e9 inicia vacina\u00e7\u00e3o contra a dengue em profissionais de sa\u00fade","datePublished":"2026-03-09T19:59:56+00:00","mainEntityOfPage":{"@id":"https:\/\/www.cambe.pr.gov.br\/index.php\/cambe-inicia-vacinacao-contra-a-dengue-em-profissionais-de-saude\/"},"wordCount":487,"publisher":{"@id":"https:\/\/www.cambe.pr.gov.br\/#organization"},"image":{"@id":"https:\/\/www.cambe.pr.gov.br\/index.php\/cambe-inicia-vacinacao-contra-a-dengue-em-profissionais-de-saude\/#primaryimage"},"thumbnailUrl":"https:\/\/www.cambe.pr.gov.br\/wp-content\/uploads\/2026\/03\/WhatsApp-Image-2026-03-09-at-16.59.16-1024x819.jpeg","articleSection":["Principal"],"inLanguage":"pt-BR"},{"@type":"WebPage","@id":"https:\/\/www.cambe.pr.gov.br\/index.php\/cambe-inicia-vacinacao-contra-a-dengue-em-profissionais-de-saude\/","url":"https:\/\/www.cambe.pr.gov.br\/index.php\/cambe-inicia-vacinacao-contra-a-dengue-em-profissionais-de-saude\/","name":"Camb\u00e9 inicia vacina\u00e7\u00e3o contra a dengue em profissionais de sa\u00fade - Prefeitura de Camb\u00e9","isPartOf":{"@id":"https:\/\/www.cambe.pr.gov.br\/#website"},"primaryImageOfPage":{"@id":"https:\/\/www.cambe.pr.gov.br\/index.php\/cambe-inicia-vacinacao-contra-a-dengue-em-profissionais-de-saude\/#primaryimage"},"image":{"@id":"https:\/\/www.cambe.pr.gov.br\/index.php\/cambe-inicia-vacinacao-contra-a-dengue-em-profissionais-de-saude\/#primaryimage"},"thumbnailUrl":"https:\/\/www.cambe.pr.gov.br\/wp-content\/uploads\/2026\/03\/WhatsApp-Image-2026-03-09-at-16.59.16-1024x819.jpeg","datePublished":"2026-03-09T19:59:56+00:00","breadcrumb":{"@id":"https:\/\/www.cambe.pr.gov.br\/index.php\/cambe-inicia-vacinacao-contra-a-dengue-em-profissionais-de-saude\/#breadcrumb"},"inLanguage":"pt-BR","potentialAction":[{"@type":"ReadAction","target":["https:\/\/www.cambe.pr.gov.br\/index.php\/cambe-inicia-vacinacao-contra-a-dengue-em-profissionais-de-saude\/"]}]},{"@type":"ImageObject","inLanguage":"pt-BR","@id":"https:\/\/www.cambe.pr.gov.br\/index.php\/cambe-inicia-vacinacao-contra-a-dengue-em-profissionais-de-saude\/#primaryimage","url":"https:\/\/www.cambe.pr.gov.br\/wp-content\/uploads\/2026\/03\/WhatsApp-Image-2026-03-09-at-16.59.16.jpeg","contentUrl":"https:\/\/www.cambe.pr.gov.br\/wp-content\/uploads\/2026\/03\/WhatsApp-Image-2026-03-09-at-16.59.16.jpeg","width":1280,"height":1024},{"@type":"BreadcrumbList","@id":"https:\/\/www.cambe.pr.gov.br\/index.php\/cambe-inicia-vacinacao-contra-a-dengue-em-profissionais-de-saude\/#breadcrumb","itemListElement":[{"@type":"ListItem","position":1,"name":"In\u00edcio","item":"https:\/\/www.cambe.pr.gov.br\/"},{"@type":"ListItem","position":2,"name":"Camb\u00e9 inicia vacina\u00e7\u00e3o contra a dengue em profissionais de sa\u00fade"}]},{"@type":"WebSite","@id":"https:\/\/www.cambe.pr.gov.br\/#website","url":"https:\/\/www.cambe.pr.gov.br\/","name":"Prefeitura de Camb\u00e9","description":"UM GOVERNO PARA TODOS","publisher":{"@id":"https:\/\/www.cambe.pr.gov.br\/#organization"},"potentialAction":[{"@type":"SearchAction","target":{"@type":"EntryPoint","urlTemplate":"https:\/\/www.cambe.pr.gov.br\/?s={search_term_string}"},"query-input":{"@type":"PropertyValueSpecification","valueRequired":true,"valueName":"search_term_string"}}],"inLanguage":"pt-BR"},{"@type":"Organization","@id":"https:\/\/www.cambe.pr.gov.br\/#organization","name":"Prefeitura de Camb\u00e9","url":"https:\/\/www.cambe.pr.gov.br\/","logo":{"@type":"ImageObject","inLanguage":"pt-BR","@id":"https:\/\/www.cambe.pr.gov.br\/#\/schema\/logo\/image\/","url":"https:\/\/www.cambe.pr.gov.br\/wp-content\/uploads\/2021\/01\/cropped-cropped-cambe_brazao-icone.png","contentUrl":"https:\/\/www.cambe.pr.gov.br\/wp-content\/uploads\/2021\/01\/cropped-cropped-cambe_brazao-icone.png","width":240,"height":240,"caption":"Prefeitura de Camb\u00e9"},"image":{"@id":"https:\/\/www.cambe.pr.gov.br\/#\/schema\/logo\/image\/"},"sameAs":["https:\/\/m.facebook.com\/prefeituradecambe"]},{"@type":"Person","@id":"https:\/\/www.cambe.pr.gov.br\/#\/schema\/person\/8e3ee69cb2cadf4b9f8377407227effd","name":"Vinicius Augusto Batista Eira","image":{"@type":"ImageObject","inLanguage":"pt-BR","@id":"https:\/\/secure.gravatar.com\/avatar\/1ec500de7013b30e1d4d7c8c3978f0e4433c37e5d5e4cd186239369c6440122b?s=96&d=mm&r=g","url":"https:\/\/secure.gravatar.com\/avatar\/1ec500de7013b30e1d4d7c8c3978f0e4433c37e5d5e4cd186239369c6440122b?s=96&d=mm&r=g","contentUrl":"https:\/\/secure.gravatar.com\/avatar\/1ec500de7013b30e1d4d7c8c3978f0e4433c37e5d5e4cd186239369c6440122b?s=96&d=mm&r=g","caption":"Vinicius Augusto Batista Eira"},"url":"https:\/\/www.cambe.pr.gov.br\/index.php\/author\/vabeira\/"}]}},"_links":{"self":[{"href":"https:\/\/www.cambe.pr.gov.br\/index.php\/wp-json\/wp\/v2\/posts\/18859","targetHints":{"allow":["GET"]}}],"collection":[{"href":"https:\/\/www.cambe.pr.gov.br\/index.php\/wp-json\/wp\/v2\/posts"}],"about":[{"href":"https:\/\/www.cambe.pr.gov.br\/index.php\/wp-json\/wp\/v2\/types\/post"}],"author":[{"embeddable":true,"href":"https:\/\/www.cambe.pr.gov.br\/index.php\/wp-json\/wp\/v2\/users\/16"}],"replies":[{"embeddable":true,"href":"https:\/\/www.cambe.pr.gov.br\/index.php\/wp-json\/wp\/v2\/comments?post=18859"}],"version-history":[{"count":1,"href":"https:\/\/www.cambe.pr.gov.br\/index.php\/wp-json\/wp\/v2\/posts\/18859\/revisions"}],"predecessor-version":[{"id":18861,"href":"https:\/\/www.cambe.pr.gov.br\/index.php\/wp-json\/wp\/v2\/posts\/18859\/revisions\/18861"}],"wp:attachment":[{"href":"https:\/\/www.cambe.pr.gov.br\/index.php\/wp-json\/wp\/v2\/media?parent=18859"}],"wp:term":[{"taxonomy":"category","embeddable":true,"href":"https:\/\/www.cambe.pr.gov.br\/index.php\/wp-json\/wp\/v2\/categories?post=18859"},{"taxonomy":"post_tag","embeddable":true,"href":"https:\/\/www.cambe.pr.gov.br\/index.php\/wp-json\/wp\/v2\/tags?post=18859"}],"curies":[{"name":"wp","href":"https:\/\/api.w.org\/{rel}","templated":true}]}}