{"id":18591,"date":"2026-01-14T10:01:59","date_gmt":"2026-01-14T13:01:59","guid":{"rendered":"https:\/\/www.cambe.pr.gov.br\/?p=18591"},"modified":"2026-01-14T10:01:59","modified_gmt":"2026-01-14T13:01:59","slug":"prefeitura-apresenta-projeto-de-modernizacao-da-iluminacao-publica-e-implantacao-de-servicos-digitais","status":"publish","type":"post","link":"https:\/\/www.cambe.pr.gov.br\/index.php\/prefeitura-apresenta-projeto-de-modernizacao-da-iluminacao-publica-e-implantacao-de-servicos-digitais\/","title":{"rendered":"Prefeitura apresenta projeto de moderniza\u00e7\u00e3o da ilumina\u00e7\u00e3o p\u00fablica e implanta\u00e7\u00e3o de servi\u00e7os digitais"},"content":{"rendered":"<p style=\"text-align: justify;\"><span style=\"font-weight: 400; font-family: arial, helvetica, sans-serif;\"><img fetchpriority=\"high\" decoding=\"async\" class=\"alignleft wp-image-18592 size-large\" src=\"https:\/\/www.cambe.pr.gov.br\/wp-content\/uploads\/2026\/01\/DJI_20250523184816_0032_D.MP4_snapshot_00.24.790-1024x576.jpg\" alt=\"\" width=\"610\" height=\"343\" srcset=\"https:\/\/www.cambe.pr.gov.br\/wp-content\/uploads\/2026\/01\/DJI_20250523184816_0032_D.MP4_snapshot_00.24.790-1024x576.jpg 1024w, https:\/\/www.cambe.pr.gov.br\/wp-content\/uploads\/2026\/01\/DJI_20250523184816_0032_D.MP4_snapshot_00.24.790-300x169.jpg 300w, https:\/\/www.cambe.pr.gov.br\/wp-content\/uploads\/2026\/01\/DJI_20250523184816_0032_D.MP4_snapshot_00.24.790-768x432.jpg 768w, https:\/\/www.cambe.pr.gov.br\/wp-content\/uploads\/2026\/01\/DJI_20250523184816_0032_D.MP4_snapshot_00.24.790-1536x864.jpg 1536w, https:\/\/www.cambe.pr.gov.br\/wp-content\/uploads\/2026\/01\/DJI_20250523184816_0032_D.MP4_snapshot_00.24.790-2048x1152.jpg 2048w\" sizes=\"(max-width: 610px) 100vw, 610px\" \/>A Prefeitura de Camb\u00e9 deu in\u00edcio ao projeto de moderniza\u00e7\u00e3o da cidade voltado \u00e0 ilumina\u00e7\u00e3o p\u00fablica e \u00e0 implanta\u00e7\u00e3o de servi\u00e7os digitais integrados, por meio de uma Parceria P\u00fablico-Privada (PPP). A iniciativa visa tornar o munic\u00edpio mais eficiente, seguro e conectado, utilizando tecnologia de ponta a servi\u00e7o da popula\u00e7\u00e3o.\u00a0<\/span><\/p>\n<p style=\"text-align: justify;\"><span style=\"font-weight: 400; font-family: arial, helvetica, sans-serif;\">O projeto prev\u00ea a moderniza\u00e7\u00e3o e amplia\u00e7\u00e3o da rede de ilumina\u00e7\u00e3o p\u00fablica, com a substitui\u00e7\u00e3o das lumin\u00e1rias convencionais por tecnologia em LED, que garante maior efici\u00eancia energ\u00e9tica, redu\u00e7\u00e3o no consumo de energia e melhoria significativa na qualidade da ilumina\u00e7\u00e3o urbana. Al\u00e9m disso, a PPP contempla a implanta\u00e7\u00e3o de diversos servi\u00e7os digitais que ir\u00e3o fortalecer a seguran\u00e7a p\u00fablica, a mobilidade urbana e a gest\u00e3o dos servi\u00e7os de Camb\u00e9. Entre as solu\u00e7\u00f5es previstas est\u00e3o sistemas inteligentes de monitoramento de tr\u00e1fego, controle e integra\u00e7\u00e3o de sem\u00e1foros, rede de fibra \u00f3ptica para conex\u00e3o dos pr\u00e9dios p\u00fablicos e sistemas de c\u00e2meras com reconhecimento facial e veicular.<\/span><\/p>\n<p style=\"text-align: justify;\"><span style=\"font-weight: 400; font-family: arial, helvetica, sans-serif;\">O prefeito Conrado Scheller destacou a import\u00e2ncia do projeto, que vai impactar diretamente a vida dos cambeenses. \u201c\u00c9 um investimento no futuro do munic\u00edpio. Camb\u00e9 vai ter servi\u00e7os de excel\u00eancia e tecnologia de ponta que vai garantir mais qualidade de vida, seguran\u00e7a, efici\u00eancia e conectividade, tanto para quem utiliza, como para quem gere. Os munic\u00edpios que n\u00e3o olharem para solu\u00e7\u00f5es inteligentes e inovadoras, v\u00e3o ficar para tr\u00e1s, e j\u00e1 estamos bem adiantados quanto a isso\u201d, disse.<\/span><\/p>\n<p style=\"text-align: justify;\"><span style=\"font-weight: 400; font-family: arial, helvetica, sans-serif;\">O secret\u00e1rio de Obras e Servi\u00e7os P\u00fablicos, Ant\u00f4nio Carlos Barreto Junior, explica que esse \u00e9 um grande passo para o munic\u00edpio. \u2018\u2019A reuni\u00e3o de partida d\u00e1 in\u00edcio aos estudos de viabilidade do projeto na cidade, que pode definir investimentos para 15, 20, 25 anos. Ent\u00e3o, estabelecer essa parceria em forma de concess\u00e3o, vai potencializar a qualidade do servi\u00e7o prestado ao cambeense no futuro\u2019\u2019, destaca Barreto.<\/span><\/p>\n<p>&nbsp;<\/p>\n<p><strong><span style=\"font-family: arial, helvetica, sans-serif;\">Inova\u00e7\u00e3o, efetividade e redu\u00e7\u00e3o de custos<\/span><\/strong><\/p>\n<div id=\"attachment_18593\" style=\"width: 620px\" class=\"wp-caption alignleft\"><img decoding=\"async\" aria-describedby=\"caption-attachment-18593\" class=\"wp-image-18593 size-large\" src=\"https:\/\/www.cambe.pr.gov.br\/wp-content\/uploads\/2026\/01\/IMG_2770-1024x576.jpg\" alt=\"\" width=\"610\" height=\"343\" srcset=\"https:\/\/www.cambe.pr.gov.br\/wp-content\/uploads\/2026\/01\/IMG_2770-1024x576.jpg 1024w, https:\/\/www.cambe.pr.gov.br\/wp-content\/uploads\/2026\/01\/IMG_2770-300x169.jpg 300w, https:\/\/www.cambe.pr.gov.br\/wp-content\/uploads\/2026\/01\/IMG_2770-768x432.jpg 768w, https:\/\/www.cambe.pr.gov.br\/wp-content\/uploads\/2026\/01\/IMG_2770-1536x864.jpg 1536w, https:\/\/www.cambe.pr.gov.br\/wp-content\/uploads\/2026\/01\/IMG_2770-2048x1152.jpg 2048w\" sizes=\"(max-width: 610px) 100vw, 610px\" \/><p id=\"caption-attachment-18593\" class=\"wp-caption-text\">Equipes da Prefeitura, Caixa e empresas parceiras estiveram presente no lan\u00e7amento do projeto da PPP (B\u00e1rbara Santos\/Prefeitura de Camb\u00e9)<\/p><\/div>\n<p style=\"text-align: justify;\"><span style=\"font-weight: 400; font-family: arial, helvetica, sans-serif;\">A parceria, com prazo determinado, n\u00e3o se trata de privatiza\u00e7\u00e3o. O setor privado atuar\u00e1 como prestador de servi\u00e7os, com remunera\u00e7\u00e3o vinculada ao desempenho e \u00e0 qualidade dos servi\u00e7os entregues. Os riscos do projeto s\u00e3o assumidos pela empresa, garantindo inova\u00e7\u00e3o, efici\u00eancia operacional e redu\u00e7\u00e3o de custos para o munic\u00edpio.\u00a0<\/span><\/p>\n<p style=\"text-align: justify;\"><span style=\"font-weight: 400; font-family: arial, helvetica, sans-serif;\">O cronograma do projeto prev\u00ea um per\u00edodo estimado entre 18 e 24 meses dedicado \u00e0s etapas de planejamento, diagn\u00f3stico e elabora\u00e7\u00e3o dos estudos t\u00e9cnicos, econ\u00f4micos, financeiros, jur\u00eddicos e ambientais. Esse processo garante uma modelagem consistente e segura, culminando na realiza\u00e7\u00e3o da licita\u00e7\u00e3o e na posterior contrata\u00e7\u00e3o da parceria, assegurando a sustentabilidade e a efici\u00eancia do projeto ao longo de toda a concess\u00e3o. Camb\u00e9 atuar\u00e1 na gest\u00e3o do contrato, com consultorias da Caixa e tamb\u00e9m da Funda\u00e7\u00e3o Get\u00falio Vargas.\u00a0<\/span><\/p>\n<p style=\"text-align: justify;\"><span style=\"font-weight: 400; font-family: arial, helvetica, sans-serif;\">Para o superintendente de rede da Caixa, Ederson Claudio Negri, iniciativas como esta demonstram o compromisso de Camb\u00e9 com a moderniza\u00e7\u00e3o da gest\u00e3o p\u00fablica. \u2018\u2019Nosso papel \u00e9 contribuir para o munic\u00edpio ter um projeto bem dimensionado, equilibrado do ponto de vista de riscos e com mecanismos claros de desempenho, garantindo efici\u00eancia, transpar\u00eancia e seguran\u00e7a jur\u00eddica ao longo de toda a concess\u00e3o\u2019\u2019, explica.<\/span><\/p>\n","protected":false},"excerpt":{"rendered":"<p>A Prefeitura de Camb\u00e9 deu in\u00edcio ao projeto de moderniza\u00e7\u00e3o da cidade voltado \u00e0 ilumina\u00e7\u00e3o p\u00fablica e \u00e0 implanta\u00e7\u00e3o de servi\u00e7os digitais integrados, por meio de uma Parceria P\u00fablico-Privada (PPP). A iniciativa visa tornar o munic\u00edpio mais eficiente, seguro e conectado, utilizando tecnologia de ponta a servi\u00e7o da popula\u00e7\u00e3o.\u00a0 O projeto prev\u00ea a moderniza\u00e7\u00e3o e [&hellip;]<\/p>\n","protected":false},"author":16,"featured_media":0,"comment_status":"closed","ping_status":"closed","sticky":false,"template":"","format":"standard","meta":{"ngg_post_thumbnail":0,"footnotes":""},"categories":[1],"tags":[],"class_list":["post-18591","post","type-post","status-publish","format-standard","hentry","category-principal"],"yoast_head":"<!-- This site is optimized with the Yoast SEO plugin v27.4 - https:\/\/yoast.com\/product\/yoast-seo-wordpress\/ -->\n<title>Prefeitura apresenta projeto de moderniza\u00e7\u00e3o da ilumina\u00e7\u00e3o p\u00fablica e implanta\u00e7\u00e3o de servi\u00e7os digitais - Prefeitura de Camb\u00e9<\/title>\n<meta name=\"robots\" content=\"index, follow, max-snippet:-1, max-image-preview:large, max-video-preview:-1\" \/>\n<link rel=\"canonical\" href=\"https:\/\/www.cambe.pr.gov.br\/index.php\/prefeitura-apresenta-projeto-de-modernizacao-da-iluminacao-publica-e-implantacao-de-servicos-digitais\/\" \/>\n<meta property=\"og:locale\" content=\"pt_BR\" \/>\n<meta property=\"og:type\" content=\"article\" \/>\n<meta property=\"og:title\" content=\"Prefeitura apresenta projeto de moderniza\u00e7\u00e3o da ilumina\u00e7\u00e3o p\u00fablica e implanta\u00e7\u00e3o de servi\u00e7os digitais - Prefeitura de Camb\u00e9\" \/>\n<meta property=\"og:description\" content=\"A Prefeitura de Camb\u00e9 deu in\u00edcio ao projeto de moderniza\u00e7\u00e3o da cidade voltado \u00e0 ilumina\u00e7\u00e3o p\u00fablica e \u00e0 implanta\u00e7\u00e3o de servi\u00e7os digitais integrados, por meio de uma Parceria P\u00fablico-Privada (PPP). A iniciativa visa tornar o munic\u00edpio mais eficiente, seguro e conectado, utilizando tecnologia de ponta a servi\u00e7o da popula\u00e7\u00e3o.\u00a0 O projeto prev\u00ea a moderniza\u00e7\u00e3o e [&hellip;]\" \/>\n<meta property=\"og:url\" content=\"https:\/\/www.cambe.pr.gov.br\/index.php\/prefeitura-apresenta-projeto-de-modernizacao-da-iluminacao-publica-e-implantacao-de-servicos-digitais\/\" \/>\n<meta property=\"og:site_name\" content=\"Prefeitura de Camb\u00e9\" \/>\n<meta property=\"article:publisher\" content=\"https:\/\/m.facebook.com\/prefeituradecambe\" \/>\n<meta property=\"article:published_time\" content=\"2026-01-14T13:01:59+00:00\" \/>\n<meta property=\"og:image\" content=\"https:\/\/www.cambe.pr.gov.br\/wp-content\/uploads\/2026\/01\/DJI_20250523184816_0032_D.MP4_snapshot_00.24.790-scaled.jpg\" \/>\n\t<meta property=\"og:image:width\" content=\"2560\" \/>\n\t<meta property=\"og:image:height\" content=\"1440\" \/>\n\t<meta property=\"og:image:type\" content=\"image\/jpeg\" \/>\n<meta name=\"author\" content=\"Vinicius Augusto Batista Eira\" \/>\n<meta name=\"twitter:card\" content=\"summary_large_image\" \/>\n<meta name=\"twitter:label1\" content=\"Escrito por\" \/>\n\t<meta name=\"twitter:data1\" content=\"Vinicius Augusto Batista Eira\" \/>\n\t<meta name=\"twitter:label2\" content=\"Est. tempo de leitura\" \/>\n\t<meta name=\"twitter:data2\" content=\"4 minutos\" \/>\n<script type=\"application\/ld+json\" class=\"yoast-schema-graph\">{\"@context\":\"https:\\\/\\\/schema.org\",\"@graph\":[{\"@type\":\"Article\",\"@id\":\"https:\\\/\\\/www.cambe.pr.gov.br\\\/index.php\\\/prefeitura-apresenta-projeto-de-modernizacao-da-iluminacao-publica-e-implantacao-de-servicos-digitais\\\/#article\",\"isPartOf\":{\"@id\":\"https:\\\/\\\/www.cambe.pr.gov.br\\\/index.php\\\/prefeitura-apresenta-projeto-de-modernizacao-da-iluminacao-publica-e-implantacao-de-servicos-digitais\\\/\"},\"author\":{\"name\":\"Vinicius Augusto Batista Eira\",\"@id\":\"https:\\\/\\\/www.cambe.pr.gov.br\\\/#\\\/schema\\\/person\\\/8e3ee69cb2cadf4b9f8377407227effd\"},\"headline\":\"Prefeitura apresenta projeto de moderniza\u00e7\u00e3o da ilumina\u00e7\u00e3o p\u00fablica e implanta\u00e7\u00e3o de servi\u00e7os digitais\",\"datePublished\":\"2026-01-14T13:01:59+00:00\",\"mainEntityOfPage\":{\"@id\":\"https:\\\/\\\/www.cambe.pr.gov.br\\\/index.php\\\/prefeitura-apresenta-projeto-de-modernizacao-da-iluminacao-publica-e-implantacao-de-servicos-digitais\\\/\"},\"wordCount\":616,\"publisher\":{\"@id\":\"https:\\\/\\\/www.cambe.pr.gov.br\\\/#organization\"},\"image\":{\"@id\":\"https:\\\/\\\/www.cambe.pr.gov.br\\\/index.php\\\/prefeitura-apresenta-projeto-de-modernizacao-da-iluminacao-publica-e-implantacao-de-servicos-digitais\\\/#primaryimage\"},\"thumbnailUrl\":\"https:\\\/\\\/www.cambe.pr.gov.br\\\/wp-content\\\/uploads\\\/2026\\\/01\\\/DJI_20250523184816_0032_D.MP4_snapshot_00.24.790-1024x576.jpg\",\"articleSection\":[\"Principal\"],\"inLanguage\":\"pt-BR\"},{\"@type\":\"WebPage\",\"@id\":\"https:\\\/\\\/www.cambe.pr.gov.br\\\/index.php\\\/prefeitura-apresenta-projeto-de-modernizacao-da-iluminacao-publica-e-implantacao-de-servicos-digitais\\\/\",\"url\":\"https:\\\/\\\/www.cambe.pr.gov.br\\\/index.php\\\/prefeitura-apresenta-projeto-de-modernizacao-da-iluminacao-publica-e-implantacao-de-servicos-digitais\\\/\",\"name\":\"Prefeitura apresenta projeto de moderniza\u00e7\u00e3o da ilumina\u00e7\u00e3o p\u00fablica e implanta\u00e7\u00e3o de servi\u00e7os digitais - Prefeitura de Camb\u00e9\",\"isPartOf\":{\"@id\":\"https:\\\/\\\/www.cambe.pr.gov.br\\\/#website\"},\"primaryImageOfPage\":{\"@id\":\"https:\\\/\\\/www.cambe.pr.gov.br\\\/index.php\\\/prefeitura-apresenta-projeto-de-modernizacao-da-iluminacao-publica-e-implantacao-de-servicos-digitais\\\/#primaryimage\"},\"image\":{\"@id\":\"https:\\\/\\\/www.cambe.pr.gov.br\\\/index.php\\\/prefeitura-apresenta-projeto-de-modernizacao-da-iluminacao-publica-e-implantacao-de-servicos-digitais\\\/#primaryimage\"},\"thumbnailUrl\":\"https:\\\/\\\/www.cambe.pr.gov.br\\\/wp-content\\\/uploads\\\/2026\\\/01\\\/DJI_20250523184816_0032_D.MP4_snapshot_00.24.790-1024x576.jpg\",\"datePublished\":\"2026-01-14T13:01:59+00:00\",\"breadcrumb\":{\"@id\":\"https:\\\/\\\/www.cambe.pr.gov.br\\\/index.php\\\/prefeitura-apresenta-projeto-de-modernizacao-da-iluminacao-publica-e-implantacao-de-servicos-digitais\\\/#breadcrumb\"},\"inLanguage\":\"pt-BR\",\"potentialAction\":[{\"@type\":\"ReadAction\",\"target\":[\"https:\\\/\\\/www.cambe.pr.gov.br\\\/index.php\\\/prefeitura-apresenta-projeto-de-modernizacao-da-iluminacao-publica-e-implantacao-de-servicos-digitais\\\/\"]}]},{\"@type\":\"ImageObject\",\"inLanguage\":\"pt-BR\",\"@id\":\"https:\\\/\\\/www.cambe.pr.gov.br\\\/index.php\\\/prefeitura-apresenta-projeto-de-modernizacao-da-iluminacao-publica-e-implantacao-de-servicos-digitais\\\/#primaryimage\",\"url\":\"https:\\\/\\\/www.cambe.pr.gov.br\\\/wp-content\\\/uploads\\\/2026\\\/01\\\/DJI_20250523184816_0032_D.MP4_snapshot_00.24.790-scaled.jpg\",\"contentUrl\":\"https:\\\/\\\/www.cambe.pr.gov.br\\\/wp-content\\\/uploads\\\/2026\\\/01\\\/DJI_20250523184816_0032_D.MP4_snapshot_00.24.790-scaled.jpg\",\"width\":2560,\"height\":1440},{\"@type\":\"BreadcrumbList\",\"@id\":\"https:\\\/\\\/www.cambe.pr.gov.br\\\/index.php\\\/prefeitura-apresenta-projeto-de-modernizacao-da-iluminacao-publica-e-implantacao-de-servicos-digitais\\\/#breadcrumb\",\"itemListElement\":[{\"@type\":\"ListItem\",\"position\":1,\"name\":\"In\u00edcio\",\"item\":\"https:\\\/\\\/www.cambe.pr.gov.br\\\/\"},{\"@type\":\"ListItem\",\"position\":2,\"name\":\"Prefeitura apresenta projeto de moderniza\u00e7\u00e3o da ilumina\u00e7\u00e3o p\u00fablica e implanta\u00e7\u00e3o de servi\u00e7os digitais\"}]},{\"@type\":\"WebSite\",\"@id\":\"https:\\\/\\\/www.cambe.pr.gov.br\\\/#website\",\"url\":\"https:\\\/\\\/www.cambe.pr.gov.br\\\/\",\"name\":\"Prefeitura de Camb\u00e9\",\"description\":\"UM GOVERNO PARA TODOS\",\"publisher\":{\"@id\":\"https:\\\/\\\/www.cambe.pr.gov.br\\\/#organization\"},\"potentialAction\":[{\"@type\":\"SearchAction\",\"target\":{\"@type\":\"EntryPoint\",\"urlTemplate\":\"https:\\\/\\\/www.cambe.pr.gov.br\\\/?s={search_term_string}\"},\"query-input\":{\"@type\":\"PropertyValueSpecification\",\"valueRequired\":true,\"valueName\":\"search_term_string\"}}],\"inLanguage\":\"pt-BR\"},{\"@type\":\"Organization\",\"@id\":\"https:\\\/\\\/www.cambe.pr.gov.br\\\/#organization\",\"name\":\"Prefeitura de Camb\u00e9\",\"url\":\"https:\\\/\\\/www.cambe.pr.gov.br\\\/\",\"logo\":{\"@type\":\"ImageObject\",\"inLanguage\":\"pt-BR\",\"@id\":\"https:\\\/\\\/www.cambe.pr.gov.br\\\/#\\\/schema\\\/logo\\\/image\\\/\",\"url\":\"https:\\\/\\\/www.cambe.pr.gov.br\\\/wp-content\\\/uploads\\\/2021\\\/01\\\/cropped-cropped-cambe_brazao-icone.png\",\"contentUrl\":\"https:\\\/\\\/www.cambe.pr.gov.br\\\/wp-content\\\/uploads\\\/2021\\\/01\\\/cropped-cropped-cambe_brazao-icone.png\",\"width\":240,\"height\":240,\"caption\":\"Prefeitura de Camb\u00e9\"},\"image\":{\"@id\":\"https:\\\/\\\/www.cambe.pr.gov.br\\\/#\\\/schema\\\/logo\\\/image\\\/\"},\"sameAs\":[\"https:\\\/\\\/m.facebook.com\\\/prefeituradecambe\"]},{\"@type\":\"Person\",\"@id\":\"https:\\\/\\\/www.cambe.pr.gov.br\\\/#\\\/schema\\\/person\\\/8e3ee69cb2cadf4b9f8377407227effd\",\"name\":\"Vinicius Augusto Batista Eira\",\"image\":{\"@type\":\"ImageObject\",\"inLanguage\":\"pt-BR\",\"@id\":\"https:\\\/\\\/secure.gravatar.com\\\/avatar\\\/1ec500de7013b30e1d4d7c8c3978f0e4433c37e5d5e4cd186239369c6440122b?s=96&d=mm&r=g\",\"url\":\"https:\\\/\\\/secure.gravatar.com\\\/avatar\\\/1ec500de7013b30e1d4d7c8c3978f0e4433c37e5d5e4cd186239369c6440122b?s=96&d=mm&r=g\",\"contentUrl\":\"https:\\\/\\\/secure.gravatar.com\\\/avatar\\\/1ec500de7013b30e1d4d7c8c3978f0e4433c37e5d5e4cd186239369c6440122b?s=96&d=mm&r=g\",\"caption\":\"Vinicius Augusto Batista Eira\"},\"url\":\"https:\\\/\\\/www.cambe.pr.gov.br\\\/index.php\\\/author\\\/vabeira\\\/\"}]}<\/script>\n<!-- \/ Yoast SEO plugin. -->","yoast_head_json":{"title":"Prefeitura apresenta projeto de moderniza\u00e7\u00e3o da ilumina\u00e7\u00e3o p\u00fablica e implanta\u00e7\u00e3o de servi\u00e7os digitais - Prefeitura de Camb\u00e9","robots":{"index":"index","follow":"follow","max-snippet":"max-snippet:-1","max-image-preview":"max-image-preview:large","max-video-preview":"max-video-preview:-1"},"canonical":"https:\/\/www.cambe.pr.gov.br\/index.php\/prefeitura-apresenta-projeto-de-modernizacao-da-iluminacao-publica-e-implantacao-de-servicos-digitais\/","og_locale":"pt_BR","og_type":"article","og_title":"Prefeitura apresenta projeto de moderniza\u00e7\u00e3o da ilumina\u00e7\u00e3o p\u00fablica e implanta\u00e7\u00e3o de servi\u00e7os digitais - Prefeitura de Camb\u00e9","og_description":"A Prefeitura de Camb\u00e9 deu in\u00edcio ao projeto de moderniza\u00e7\u00e3o da cidade voltado \u00e0 ilumina\u00e7\u00e3o p\u00fablica e \u00e0 implanta\u00e7\u00e3o de servi\u00e7os digitais integrados, por meio de uma Parceria P\u00fablico-Privada (PPP). A iniciativa visa tornar o munic\u00edpio mais eficiente, seguro e conectado, utilizando tecnologia de ponta a servi\u00e7o da popula\u00e7\u00e3o.\u00a0 O projeto prev\u00ea a moderniza\u00e7\u00e3o e [&hellip;]","og_url":"https:\/\/www.cambe.pr.gov.br\/index.php\/prefeitura-apresenta-projeto-de-modernizacao-da-iluminacao-publica-e-implantacao-de-servicos-digitais\/","og_site_name":"Prefeitura de Camb\u00e9","article_publisher":"https:\/\/m.facebook.com\/prefeituradecambe","article_published_time":"2026-01-14T13:01:59+00:00","og_image":[{"width":2560,"height":1440,"url":"https:\/\/www.cambe.pr.gov.br\/wp-content\/uploads\/2026\/01\/DJI_20250523184816_0032_D.MP4_snapshot_00.24.790-scaled.jpg","type":"image\/jpeg"}],"author":"Vinicius Augusto Batista Eira","twitter_card":"summary_large_image","twitter_misc":{"Escrito por":"Vinicius Augusto Batista Eira","Est. tempo de leitura":"4 minutos"},"schema":{"@context":"https:\/\/schema.org","@graph":[{"@type":"Article","@id":"https:\/\/www.cambe.pr.gov.br\/index.php\/prefeitura-apresenta-projeto-de-modernizacao-da-iluminacao-publica-e-implantacao-de-servicos-digitais\/#article","isPartOf":{"@id":"https:\/\/www.cambe.pr.gov.br\/index.php\/prefeitura-apresenta-projeto-de-modernizacao-da-iluminacao-publica-e-implantacao-de-servicos-digitais\/"},"author":{"name":"Vinicius Augusto Batista Eira","@id":"https:\/\/www.cambe.pr.gov.br\/#\/schema\/person\/8e3ee69cb2cadf4b9f8377407227effd"},"headline":"Prefeitura apresenta projeto de moderniza\u00e7\u00e3o da ilumina\u00e7\u00e3o p\u00fablica e implanta\u00e7\u00e3o de servi\u00e7os digitais","datePublished":"2026-01-14T13:01:59+00:00","mainEntityOfPage":{"@id":"https:\/\/www.cambe.pr.gov.br\/index.php\/prefeitura-apresenta-projeto-de-modernizacao-da-iluminacao-publica-e-implantacao-de-servicos-digitais\/"},"wordCount":616,"publisher":{"@id":"https:\/\/www.cambe.pr.gov.br\/#organization"},"image":{"@id":"https:\/\/www.cambe.pr.gov.br\/index.php\/prefeitura-apresenta-projeto-de-modernizacao-da-iluminacao-publica-e-implantacao-de-servicos-digitais\/#primaryimage"},"thumbnailUrl":"https:\/\/www.cambe.pr.gov.br\/wp-content\/uploads\/2026\/01\/DJI_20250523184816_0032_D.MP4_snapshot_00.24.790-1024x576.jpg","articleSection":["Principal"],"inLanguage":"pt-BR"},{"@type":"WebPage","@id":"https:\/\/www.cambe.pr.gov.br\/index.php\/prefeitura-apresenta-projeto-de-modernizacao-da-iluminacao-publica-e-implantacao-de-servicos-digitais\/","url":"https:\/\/www.cambe.pr.gov.br\/index.php\/prefeitura-apresenta-projeto-de-modernizacao-da-iluminacao-publica-e-implantacao-de-servicos-digitais\/","name":"Prefeitura apresenta projeto de moderniza\u00e7\u00e3o da ilumina\u00e7\u00e3o p\u00fablica e implanta\u00e7\u00e3o de servi\u00e7os digitais - Prefeitura de Camb\u00e9","isPartOf":{"@id":"https:\/\/www.cambe.pr.gov.br\/#website"},"primaryImageOfPage":{"@id":"https:\/\/www.cambe.pr.gov.br\/index.php\/prefeitura-apresenta-projeto-de-modernizacao-da-iluminacao-publica-e-implantacao-de-servicos-digitais\/#primaryimage"},"image":{"@id":"https:\/\/www.cambe.pr.gov.br\/index.php\/prefeitura-apresenta-projeto-de-modernizacao-da-iluminacao-publica-e-implantacao-de-servicos-digitais\/#primaryimage"},"thumbnailUrl":"https:\/\/www.cambe.pr.gov.br\/wp-content\/uploads\/2026\/01\/DJI_20250523184816_0032_D.MP4_snapshot_00.24.790-1024x576.jpg","datePublished":"2026-01-14T13:01:59+00:00","breadcrumb":{"@id":"https:\/\/www.cambe.pr.gov.br\/index.php\/prefeitura-apresenta-projeto-de-modernizacao-da-iluminacao-publica-e-implantacao-de-servicos-digitais\/#breadcrumb"},"inLanguage":"pt-BR","potentialAction":[{"@type":"ReadAction","target":["https:\/\/www.cambe.pr.gov.br\/index.php\/prefeitura-apresenta-projeto-de-modernizacao-da-iluminacao-publica-e-implantacao-de-servicos-digitais\/"]}]},{"@type":"ImageObject","inLanguage":"pt-BR","@id":"https:\/\/www.cambe.pr.gov.br\/index.php\/prefeitura-apresenta-projeto-de-modernizacao-da-iluminacao-publica-e-implantacao-de-servicos-digitais\/#primaryimage","url":"https:\/\/www.cambe.pr.gov.br\/wp-content\/uploads\/2026\/01\/DJI_20250523184816_0032_D.MP4_snapshot_00.24.790-scaled.jpg","contentUrl":"https:\/\/www.cambe.pr.gov.br\/wp-content\/uploads\/2026\/01\/DJI_20250523184816_0032_D.MP4_snapshot_00.24.790-scaled.jpg","width":2560,"height":1440},{"@type":"BreadcrumbList","@id":"https:\/\/www.cambe.pr.gov.br\/index.php\/prefeitura-apresenta-projeto-de-modernizacao-da-iluminacao-publica-e-implantacao-de-servicos-digitais\/#breadcrumb","itemListElement":[{"@type":"ListItem","position":1,"name":"In\u00edcio","item":"https:\/\/www.cambe.pr.gov.br\/"},{"@type":"ListItem","position":2,"name":"Prefeitura apresenta projeto de moderniza\u00e7\u00e3o da ilumina\u00e7\u00e3o p\u00fablica e implanta\u00e7\u00e3o de servi\u00e7os digitais"}]},{"@type":"WebSite","@id":"https:\/\/www.cambe.pr.gov.br\/#website","url":"https:\/\/www.cambe.pr.gov.br\/","name":"Prefeitura de Camb\u00e9","description":"UM GOVERNO PARA TODOS","publisher":{"@id":"https:\/\/www.cambe.pr.gov.br\/#organization"},"potentialAction":[{"@type":"SearchAction","target":{"@type":"EntryPoint","urlTemplate":"https:\/\/www.cambe.pr.gov.br\/?s={search_term_string}"},"query-input":{"@type":"PropertyValueSpecification","valueRequired":true,"valueName":"search_term_string"}}],"inLanguage":"pt-BR"},{"@type":"Organization","@id":"https:\/\/www.cambe.pr.gov.br\/#organization","name":"Prefeitura de Camb\u00e9","url":"https:\/\/www.cambe.pr.gov.br\/","logo":{"@type":"ImageObject","inLanguage":"pt-BR","@id":"https:\/\/www.cambe.pr.gov.br\/#\/schema\/logo\/image\/","url":"https:\/\/www.cambe.pr.gov.br\/wp-content\/uploads\/2021\/01\/cropped-cropped-cambe_brazao-icone.png","contentUrl":"https:\/\/www.cambe.pr.gov.br\/wp-content\/uploads\/2021\/01\/cropped-cropped-cambe_brazao-icone.png","width":240,"height":240,"caption":"Prefeitura de Camb\u00e9"},"image":{"@id":"https:\/\/www.cambe.pr.gov.br\/#\/schema\/logo\/image\/"},"sameAs":["https:\/\/m.facebook.com\/prefeituradecambe"]},{"@type":"Person","@id":"https:\/\/www.cambe.pr.gov.br\/#\/schema\/person\/8e3ee69cb2cadf4b9f8377407227effd","name":"Vinicius Augusto Batista Eira","image":{"@type":"ImageObject","inLanguage":"pt-BR","@id":"https:\/\/secure.gravatar.com\/avatar\/1ec500de7013b30e1d4d7c8c3978f0e4433c37e5d5e4cd186239369c6440122b?s=96&d=mm&r=g","url":"https:\/\/secure.gravatar.com\/avatar\/1ec500de7013b30e1d4d7c8c3978f0e4433c37e5d5e4cd186239369c6440122b?s=96&d=mm&r=g","contentUrl":"https:\/\/secure.gravatar.com\/avatar\/1ec500de7013b30e1d4d7c8c3978f0e4433c37e5d5e4cd186239369c6440122b?s=96&d=mm&r=g","caption":"Vinicius Augusto Batista Eira"},"url":"https:\/\/www.cambe.pr.gov.br\/index.php\/author\/vabeira\/"}]}},"_links":{"self":[{"href":"https:\/\/www.cambe.pr.gov.br\/index.php\/wp-json\/wp\/v2\/posts\/18591","targetHints":{"allow":["GET"]}}],"collection":[{"href":"https:\/\/www.cambe.pr.gov.br\/index.php\/wp-json\/wp\/v2\/posts"}],"about":[{"href":"https:\/\/www.cambe.pr.gov.br\/index.php\/wp-json\/wp\/v2\/types\/post"}],"author":[{"embeddable":true,"href":"https:\/\/www.cambe.pr.gov.br\/index.php\/wp-json\/wp\/v2\/users\/16"}],"replies":[{"embeddable":true,"href":"https:\/\/www.cambe.pr.gov.br\/index.php\/wp-json\/wp\/v2\/comments?post=18591"}],"version-history":[{"count":1,"href":"https:\/\/www.cambe.pr.gov.br\/index.php\/wp-json\/wp\/v2\/posts\/18591\/revisions"}],"predecessor-version":[{"id":18594,"href":"https:\/\/www.cambe.pr.gov.br\/index.php\/wp-json\/wp\/v2\/posts\/18591\/revisions\/18594"}],"wp:attachment":[{"href":"https:\/\/www.cambe.pr.gov.br\/index.php\/wp-json\/wp\/v2\/media?parent=18591"}],"wp:term":[{"taxonomy":"category","embeddable":true,"href":"https:\/\/www.cambe.pr.gov.br\/index.php\/wp-json\/wp\/v2\/categories?post=18591"},{"taxonomy":"post_tag","embeddable":true,"href":"https:\/\/www.cambe.pr.gov.br\/index.php\/wp-json\/wp\/v2\/tags?post=18591"}],"curies":[{"name":"wp","href":"https:\/\/api.w.org\/{rel}","templated":true}]}}