{"id":18269,"date":"2025-09-10T14:56:58","date_gmt":"2025-09-10T17:56:58","guid":{"rendered":"https:\/\/www.cambe.pr.gov.br\/?p=18269"},"modified":"2025-11-21T15:08:27","modified_gmt":"2025-11-21T18:08:27","slug":"relatorio-de-resultados-consulta-publica-pnab-ciclo-ii-2025","status":"publish","type":"post","link":"https:\/\/www.cambe.pr.gov.br\/index.php\/relatorio-de-resultados-consulta-publica-pnab-ciclo-ii-2025\/","title":{"rendered":"Relat\u00f3rio de Resultados: Consulta P\u00fablica PNAB Ciclo II (2025)"},"content":{"rendered":"<p style=\"text-align: justify;\">1. Introdu\u00e7\u00e3o<\/p>\n<p style=\"text-align: justify;\">Em um esfor\u00e7o conjunto, a comiss\u00e3o de trabalho para o segundo ciclo da PNAB, em colabora\u00e7\u00e3o com o Conselho Municipal de Cultura, definiu as linhas de fomento apresentadas nesta consulta, tomando como base a Escuta P\u00fablica realizada em 31 de maio durante a VI Confer\u00eancia Municipal de Cultura.<\/p>\n<p style=\"text-align: justify;\">A realiza\u00e7\u00e3o desta Consulta P\u00fablica teve como prop\u00f3sito ampliar a transpar\u00eancia e fortalecer a participa\u00e7\u00e3o colaborativa da sociedade, permitindo que um n\u00famero maior de agentes culturais, coletivos e cidad\u00e3os pudesse analisar, validar e sugerir ajustes \u00e0 proposta constru\u00edda.<\/p>\n<p style=\"text-align: justify;\">Esta etapa complementa o processo participativo iniciado na escuta presencial, garantindo que as decis\u00f5es sobre os recursos da PNAB sejam tomadas de forma democr\u00e1tica e alinhadas \u00e0s necessidades reais do setor cultural de Camb\u00e9.<\/p>\n<p style=\"text-align: justify;\">2. Metodologia e Participa\u00e7\u00e3o<\/p>\n<p style=\"text-align: justify;\">A escuta p\u00fablica foi realizada por meio de um formul\u00e1rio online, elaborado pela Secretaria Municipal de Educa\u00e7\u00e3o e Cultura de Camb\u00e9 com o objetivo de coletar contribui\u00e7\u00f5es da comunidade cultural para a constru\u00e7\u00e3o dos editais da Pol\u00edtica Nacional Aldir Blanc (PNAB) \u2013 Ciclo 2025.<\/p>\n<p style=\"text-align: justify;\">O formul\u00e1rio esteve dispon\u00edvel para participa\u00e7\u00e3o do dia 25 a 28 de agosto, permitindo que fazedores de cultura, agentes independentes, coletivos, institui\u00e7\u00f5es e demais interessados pudessem registrar suas sugest\u00f5es, demandas e percep\u00e7\u00f5es de forma acess\u00edvel e democr\u00e1tica.<\/p>\n<p style=\"text-align: justify;\">As respostas recebidas foram compiladas, analisadas e sistematizadas para orientar a defini\u00e7\u00e3o das prioridades, linhas de apoio e diretrizes do ciclo II da PNAB no munic\u00edpio.<\/p>\n<p style=\"text-align: justify;\">3. Proposta apresentada<\/p>\n<p style=\"text-align: justify;\">Valor Total do Ciclo: R$ 767.946,73<\/p>\n<p style=\"text-align: justify;\">Linha de Fomento&nbsp; &nbsp; &nbsp; &nbsp; &nbsp; &nbsp; &nbsp;Valor (R$)<br \/>\nLaborat\u00f3rios (Inicia\u00e7\u00e3o Art\u00edstica)&nbsp; &nbsp;R$ 200.000,00<br \/>\nCultura Viva (Pontos de Cultura)&nbsp; &nbsp;R$ 191.986,68<br \/>\nLivre (Produ\u00e7\u00e3o\/Circula\u00e7\u00e3o)&nbsp; &nbsp;R$ 140.000,00<br \/>\nInfraCultura (Equipamentos)&nbsp; &nbsp;R$ 76.794,67<br \/>\nAtividades Perform\u00e1ticas&nbsp; &nbsp;R$ 46.000,00<br \/>\nOperacionaliza\u00e7\u00e3o (5%)&nbsp; &nbsp;R$ 38.397,33<br \/>\nCinema Itinerante&nbsp; &nbsp;R$ 36.000,00<br \/>\nHist\u00f3ria e Territ\u00f3rio&nbsp; &nbsp;R$ 31.000,00<br \/>\nQualifica\u00e7\u00e3o Gestor&nbsp; &nbsp;R$ 7.768,05<br \/>\n&nbsp;<\/p>\n<p style=\"text-align: justify;\">Gr\u00e1fico 1: Divis\u00e3o Or\u00e7ament\u00e1ria<\/p>\n<p style=\"text-align: justify;\"><img fetchpriority=\"high\" decoding=\"async\" class=\"alignnone wp-image-18270 size-large\" src=\"https:\/\/www.cambe.pr.gov.br\/wp-content\/uploads\/2025\/11\/Grafico_dados_aldir2025-1024x683.png\" alt=\"\" width=\"610\" height=\"407\" srcset=\"https:\/\/www.cambe.pr.gov.br\/wp-content\/uploads\/2025\/11\/Grafico_dados_aldir2025-1024x683.png 1024w, https:\/\/www.cambe.pr.gov.br\/wp-content\/uploads\/2025\/11\/Grafico_dados_aldir2025-300x200.png 300w, https:\/\/www.cambe.pr.gov.br\/wp-content\/uploads\/2025\/11\/Grafico_dados_aldir2025-768x512.png 768w, https:\/\/www.cambe.pr.gov.br\/wp-content\/uploads\/2025\/11\/Grafico_dados_aldir2025-1536x1024.png 1536w, https:\/\/www.cambe.pr.gov.br\/wp-content\/uploads\/2025\/11\/Grafico_dados_aldir2025.png 1800w\" sizes=\"(max-width: 610px) 100vw, 610px\" \/><\/p>\n<p style=\"text-align: justify;\">4. Resultados da Consulta<\/p>\n<p style=\"text-align: justify;\">A consulta obteve um total de 28 participa\u00e7\u00f5es da comunidade cultural. O resultado demonstra uma ampla aprova\u00e7\u00e3o da proposta apresentada.<\/p>\n<p style=\"text-align: justify;\">92,8% (26 votos): Concord\u00e2ncia Plena (Responderam apenas &#8220;Sim&#8221;, &#8220;Concordo&#8221; ou &#8220;De acordo&#8221;).<br \/>\n7,2% (2 votos): Concord\u00e2ncia com Sugest\u00f5es ou Ressalvas.<\/p>\n<p style=\"text-align: justify;\">Gr\u00e1fico 2: Percentual de Aprova\u00e7\u00e3o<\/p>\n<p style=\"text-align: justify;\"><img decoding=\"async\" class=\"alignnone wp-image-18271 size-large\" src=\"https:\/\/www.cambe.pr.gov.br\/wp-content\/uploads\/2025\/11\/Grafico_dados_aldir2025_1-1024x614.png\" alt=\"\" width=\"610\" height=\"366\" srcset=\"https:\/\/www.cambe.pr.gov.br\/wp-content\/uploads\/2025\/11\/Grafico_dados_aldir2025_1-1024x614.png 1024w, https:\/\/www.cambe.pr.gov.br\/wp-content\/uploads\/2025\/11\/Grafico_dados_aldir2025_1-300x180.png 300w, https:\/\/www.cambe.pr.gov.br\/wp-content\/uploads\/2025\/11\/Grafico_dados_aldir2025_1-768x461.png 768w, https:\/\/www.cambe.pr.gov.br\/wp-content\/uploads\/2025\/11\/Grafico_dados_aldir2025_1.png 1500w\" sizes=\"(max-width: 610px) 100vw, 610px\" \/><\/p>\n<p style=\"text-align: justify;\">5. Sugest\u00f5es Qualitativas<\/p>\n<p style=\"text-align: justify;\">Al\u00e9m das respostas quantitativas, os participantes forneceram sugest\u00f5es e demandas espec\u00edficas no espa\u00e7o de participa\u00e7\u00e3o aberta. As principais reivindica\u00e7\u00f5es foram:<\/p>\n<p style=\"text-align: justify;\">&#8220;Sim, concordo. Minha sugest\u00e3o \u00e9 que haja transpar\u00eancia e ampla divulga\u00e7\u00e3o na atribui\u00e7\u00e3o das verbas.&#8221;<br \/>\n&#8220;Sobre a Hist\u00f3ria e territ\u00f3rio creio que metade do valor seria suficiente; podendo o valor restante ser aplicado em mais recursos como para o centro da juventude exemplo: cortinas, ilumina\u00e7\u00e3o, som.&#8221;<br \/>\nConclus\u00e3o<\/p>\n<p style=\"text-align: justify;\">A consulta p\u00fablica realizada no \u00e2mbito do segundo ciclo da Pol\u00edtica Nacional Aldir Blanc (PNAB) demonstrou um alto \u00edndice de aprova\u00e7\u00e3o da proposta apresentada, com 92,8% dos participantes expressando concord\u00e2ncia plena e apenas 7,2% apresentando concord\u00e2ncia com sugest\u00f5es ou ressalvas. Este resultado refor\u00e7a o alinhamento entre as linhas de fomento definidas pela comiss\u00e3o de trabalho e as expectativas da comunidade cultural local, validando a estrat\u00e9gia de distribui\u00e7\u00e3o or\u00e7ament\u00e1ria.<\/p>\n<p style=\"text-align: justify;\">&nbsp;<\/p>\n<p style=\"text-align: justify;\">&nbsp;<\/p>\n","protected":false},"excerpt":{"rendered":"<p>1. Introdu\u00e7\u00e3o Em um esfor\u00e7o conjunto, a comiss\u00e3o de trabalho para o segundo ciclo da PNAB, em colabora\u00e7\u00e3o com o Conselho Municipal de Cultura, definiu as linhas de fomento apresentadas nesta consulta, tomando como base a Escuta P\u00fablica realizada em 31 de maio durante a VI Confer\u00eancia Municipal de Cultura. A realiza\u00e7\u00e3o desta Consulta P\u00fablica [&hellip;]<\/p>\n","protected":false},"author":1,"featured_media":0,"comment_status":"closed","ping_status":"closed","sticky":false,"template":"","format":"standard","meta":{"ngg_post_thumbnail":0,"footnotes":""},"categories":[32],"tags":[],"class_list":["post-18269","post","type-post","status-publish","format-standard","hentry","category-outros"],"yoast_head":"<!-- This site is optimized with the Yoast SEO plugin v27.4 - https:\/\/yoast.com\/product\/yoast-seo-wordpress\/ -->\n<title>Relat\u00f3rio de Resultados: Consulta P\u00fablica PNAB Ciclo II (2025) - Prefeitura de Camb\u00e9<\/title>\n<meta name=\"robots\" content=\"index, follow, max-snippet:-1, max-image-preview:large, max-video-preview:-1\" \/>\n<link rel=\"canonical\" href=\"https:\/\/www.cambe.pr.gov.br\/index.php\/relatorio-de-resultados-consulta-publica-pnab-ciclo-ii-2025\/\" \/>\n<meta property=\"og:locale\" content=\"pt_BR\" \/>\n<meta property=\"og:type\" content=\"article\" \/>\n<meta property=\"og:title\" content=\"Relat\u00f3rio de Resultados: Consulta P\u00fablica PNAB Ciclo II (2025) - Prefeitura de Camb\u00e9\" \/>\n<meta property=\"og:description\" content=\"1. Introdu\u00e7\u00e3o Em um esfor\u00e7o conjunto, a comiss\u00e3o de trabalho para o segundo ciclo da PNAB, em colabora\u00e7\u00e3o com o Conselho Municipal de Cultura, definiu as linhas de fomento apresentadas nesta consulta, tomando como base a Escuta P\u00fablica realizada em 31 de maio durante a VI Confer\u00eancia Municipal de Cultura. A realiza\u00e7\u00e3o desta Consulta P\u00fablica [&hellip;]\" \/>\n<meta property=\"og:url\" content=\"https:\/\/www.cambe.pr.gov.br\/index.php\/relatorio-de-resultados-consulta-publica-pnab-ciclo-ii-2025\/\" \/>\n<meta property=\"og:site_name\" content=\"Prefeitura de Camb\u00e9\" \/>\n<meta property=\"article:publisher\" content=\"https:\/\/m.facebook.com\/prefeituradecambe\" \/>\n<meta property=\"article:published_time\" content=\"2025-09-10T17:56:58+00:00\" \/>\n<meta property=\"article:modified_time\" content=\"2025-11-21T18:08:27+00:00\" \/>\n<meta property=\"og:image\" content=\"https:\/\/www.cambe.pr.gov.br\/wp-content\/uploads\/2025\/11\/Grafico_dados_aldir2025.png\" \/>\n\t<meta property=\"og:image:width\" content=\"1800\" \/>\n\t<meta property=\"og:image:height\" content=\"1200\" \/>\n\t<meta property=\"og:image:type\" content=\"image\/png\" \/>\n<meta name=\"author\" content=\"ticambe75732\" \/>\n<meta name=\"twitter:card\" content=\"summary_large_image\" \/>\n<meta name=\"twitter:label1\" content=\"Escrito por\" \/>\n\t<meta name=\"twitter:data1\" content=\"ticambe75732\" \/>\n\t<meta name=\"twitter:label2\" content=\"Est. tempo de leitura\" \/>\n\t<meta name=\"twitter:data2\" content=\"4 minutos\" \/>\n<script type=\"application\/ld+json\" class=\"yoast-schema-graph\">{\"@context\":\"https:\\\/\\\/schema.org\",\"@graph\":[{\"@type\":\"Article\",\"@id\":\"https:\\\/\\\/www.cambe.pr.gov.br\\\/index.php\\\/relatorio-de-resultados-consulta-publica-pnab-ciclo-ii-2025\\\/#article\",\"isPartOf\":{\"@id\":\"https:\\\/\\\/www.cambe.pr.gov.br\\\/index.php\\\/relatorio-de-resultados-consulta-publica-pnab-ciclo-ii-2025\\\/\"},\"author\":{\"name\":\"ticambe75732\",\"@id\":\"https:\\\/\\\/www.cambe.pr.gov.br\\\/#\\\/schema\\\/person\\\/163bab0d3b46eb61934629275d4c1321\"},\"headline\":\"Relat\u00f3rio de Resultados: Consulta P\u00fablica PNAB Ciclo II (2025)\",\"datePublished\":\"2025-09-10T17:56:58+00:00\",\"dateModified\":\"2025-11-21T18:08:27+00:00\",\"mainEntityOfPage\":{\"@id\":\"https:\\\/\\\/www.cambe.pr.gov.br\\\/index.php\\\/relatorio-de-resultados-consulta-publica-pnab-ciclo-ii-2025\\\/\"},\"wordCount\":567,\"publisher\":{\"@id\":\"https:\\\/\\\/www.cambe.pr.gov.br\\\/#organization\"},\"image\":{\"@id\":\"https:\\\/\\\/www.cambe.pr.gov.br\\\/index.php\\\/relatorio-de-resultados-consulta-publica-pnab-ciclo-ii-2025\\\/#primaryimage\"},\"thumbnailUrl\":\"https:\\\/\\\/www.cambe.pr.gov.br\\\/wp-content\\\/uploads\\\/2025\\\/11\\\/Grafico_dados_aldir2025-1024x683.png\",\"articleSection\":[\"Outros\"],\"inLanguage\":\"pt-BR\"},{\"@type\":\"WebPage\",\"@id\":\"https:\\\/\\\/www.cambe.pr.gov.br\\\/index.php\\\/relatorio-de-resultados-consulta-publica-pnab-ciclo-ii-2025\\\/\",\"url\":\"https:\\\/\\\/www.cambe.pr.gov.br\\\/index.php\\\/relatorio-de-resultados-consulta-publica-pnab-ciclo-ii-2025\\\/\",\"name\":\"Relat\u00f3rio de Resultados: Consulta P\u00fablica PNAB Ciclo II (2025) - Prefeitura de Camb\u00e9\",\"isPartOf\":{\"@id\":\"https:\\\/\\\/www.cambe.pr.gov.br\\\/#website\"},\"primaryImageOfPage\":{\"@id\":\"https:\\\/\\\/www.cambe.pr.gov.br\\\/index.php\\\/relatorio-de-resultados-consulta-publica-pnab-ciclo-ii-2025\\\/#primaryimage\"},\"image\":{\"@id\":\"https:\\\/\\\/www.cambe.pr.gov.br\\\/index.php\\\/relatorio-de-resultados-consulta-publica-pnab-ciclo-ii-2025\\\/#primaryimage\"},\"thumbnailUrl\":\"https:\\\/\\\/www.cambe.pr.gov.br\\\/wp-content\\\/uploads\\\/2025\\\/11\\\/Grafico_dados_aldir2025-1024x683.png\",\"datePublished\":\"2025-09-10T17:56:58+00:00\",\"dateModified\":\"2025-11-21T18:08:27+00:00\",\"breadcrumb\":{\"@id\":\"https:\\\/\\\/www.cambe.pr.gov.br\\\/index.php\\\/relatorio-de-resultados-consulta-publica-pnab-ciclo-ii-2025\\\/#breadcrumb\"},\"inLanguage\":\"pt-BR\",\"potentialAction\":[{\"@type\":\"ReadAction\",\"target\":[\"https:\\\/\\\/www.cambe.pr.gov.br\\\/index.php\\\/relatorio-de-resultados-consulta-publica-pnab-ciclo-ii-2025\\\/\"]}]},{\"@type\":\"ImageObject\",\"inLanguage\":\"pt-BR\",\"@id\":\"https:\\\/\\\/www.cambe.pr.gov.br\\\/index.php\\\/relatorio-de-resultados-consulta-publica-pnab-ciclo-ii-2025\\\/#primaryimage\",\"url\":\"https:\\\/\\\/www.cambe.pr.gov.br\\\/wp-content\\\/uploads\\\/2025\\\/11\\\/Grafico_dados_aldir2025.png\",\"contentUrl\":\"https:\\\/\\\/www.cambe.pr.gov.br\\\/wp-content\\\/uploads\\\/2025\\\/11\\\/Grafico_dados_aldir2025.png\",\"width\":1800,\"height\":1200},{\"@type\":\"BreadcrumbList\",\"@id\":\"https:\\\/\\\/www.cambe.pr.gov.br\\\/index.php\\\/relatorio-de-resultados-consulta-publica-pnab-ciclo-ii-2025\\\/#breadcrumb\",\"itemListElement\":[{\"@type\":\"ListItem\",\"position\":1,\"name\":\"In\u00edcio\",\"item\":\"https:\\\/\\\/www.cambe.pr.gov.br\\\/\"},{\"@type\":\"ListItem\",\"position\":2,\"name\":\"Relat\u00f3rio de Resultados: Consulta P\u00fablica PNAB Ciclo II (2025)\"}]},{\"@type\":\"WebSite\",\"@id\":\"https:\\\/\\\/www.cambe.pr.gov.br\\\/#website\",\"url\":\"https:\\\/\\\/www.cambe.pr.gov.br\\\/\",\"name\":\"Prefeitura de Camb\u00e9\",\"description\":\"UM GOVERNO PARA TODOS\",\"publisher\":{\"@id\":\"https:\\\/\\\/www.cambe.pr.gov.br\\\/#organization\"},\"potentialAction\":[{\"@type\":\"SearchAction\",\"target\":{\"@type\":\"EntryPoint\",\"urlTemplate\":\"https:\\\/\\\/www.cambe.pr.gov.br\\\/?s={search_term_string}\"},\"query-input\":{\"@type\":\"PropertyValueSpecification\",\"valueRequired\":true,\"valueName\":\"search_term_string\"}}],\"inLanguage\":\"pt-BR\"},{\"@type\":\"Organization\",\"@id\":\"https:\\\/\\\/www.cambe.pr.gov.br\\\/#organization\",\"name\":\"Prefeitura de Camb\u00e9\",\"url\":\"https:\\\/\\\/www.cambe.pr.gov.br\\\/\",\"logo\":{\"@type\":\"ImageObject\",\"inLanguage\":\"pt-BR\",\"@id\":\"https:\\\/\\\/www.cambe.pr.gov.br\\\/#\\\/schema\\\/logo\\\/image\\\/\",\"url\":\"https:\\\/\\\/www.cambe.pr.gov.br\\\/wp-content\\\/uploads\\\/2021\\\/01\\\/cropped-cropped-cambe_brazao-icone.png\",\"contentUrl\":\"https:\\\/\\\/www.cambe.pr.gov.br\\\/wp-content\\\/uploads\\\/2021\\\/01\\\/cropped-cropped-cambe_brazao-icone.png\",\"width\":240,\"height\":240,\"caption\":\"Prefeitura de Camb\u00e9\"},\"image\":{\"@id\":\"https:\\\/\\\/www.cambe.pr.gov.br\\\/#\\\/schema\\\/logo\\\/image\\\/\"},\"sameAs\":[\"https:\\\/\\\/m.facebook.com\\\/prefeituradecambe\"]},{\"@type\":\"Person\",\"@id\":\"https:\\\/\\\/www.cambe.pr.gov.br\\\/#\\\/schema\\\/person\\\/163bab0d3b46eb61934629275d4c1321\",\"name\":\"ticambe75732\",\"image\":{\"@type\":\"ImageObject\",\"inLanguage\":\"pt-BR\",\"@id\":\"https:\\\/\\\/secure.gravatar.com\\\/avatar\\\/bf7b8cb9f36bf9e3ee532b1e57cd7056b16a580f9e5742ed9d6bc1db542370f4?s=96&d=mm&r=g\",\"url\":\"https:\\\/\\\/secure.gravatar.com\\\/avatar\\\/bf7b8cb9f36bf9e3ee532b1e57cd7056b16a580f9e5742ed9d6bc1db542370f4?s=96&d=mm&r=g\",\"contentUrl\":\"https:\\\/\\\/secure.gravatar.com\\\/avatar\\\/bf7b8cb9f36bf9e3ee532b1e57cd7056b16a580f9e5742ed9d6bc1db542370f4?s=96&d=mm&r=g\",\"caption\":\"ticambe75732\"},\"sameAs\":[\"http:\\\/\\\/www.cambe.pr.gov.br\"],\"url\":\"https:\\\/\\\/www.cambe.pr.gov.br\\\/index.php\\\/author\\\/ticambe75732\\\/\"}]}<\/script>\n<!-- \/ Yoast SEO plugin. -->","yoast_head_json":{"title":"Relat\u00f3rio de Resultados: Consulta P\u00fablica PNAB Ciclo II (2025) - Prefeitura de Camb\u00e9","robots":{"index":"index","follow":"follow","max-snippet":"max-snippet:-1","max-image-preview":"max-image-preview:large","max-video-preview":"max-video-preview:-1"},"canonical":"https:\/\/www.cambe.pr.gov.br\/index.php\/relatorio-de-resultados-consulta-publica-pnab-ciclo-ii-2025\/","og_locale":"pt_BR","og_type":"article","og_title":"Relat\u00f3rio de Resultados: Consulta P\u00fablica PNAB Ciclo II (2025) - Prefeitura de Camb\u00e9","og_description":"1. Introdu\u00e7\u00e3o Em um esfor\u00e7o conjunto, a comiss\u00e3o de trabalho para o segundo ciclo da PNAB, em colabora\u00e7\u00e3o com o Conselho Municipal de Cultura, definiu as linhas de fomento apresentadas nesta consulta, tomando como base a Escuta P\u00fablica realizada em 31 de maio durante a VI Confer\u00eancia Municipal de Cultura. A realiza\u00e7\u00e3o desta Consulta P\u00fablica [&hellip;]","og_url":"https:\/\/www.cambe.pr.gov.br\/index.php\/relatorio-de-resultados-consulta-publica-pnab-ciclo-ii-2025\/","og_site_name":"Prefeitura de Camb\u00e9","article_publisher":"https:\/\/m.facebook.com\/prefeituradecambe","article_published_time":"2025-09-10T17:56:58+00:00","article_modified_time":"2025-11-21T18:08:27+00:00","og_image":[{"width":1800,"height":1200,"url":"https:\/\/www.cambe.pr.gov.br\/wp-content\/uploads\/2025\/11\/Grafico_dados_aldir2025.png","type":"image\/png"}],"author":"ticambe75732","twitter_card":"summary_large_image","twitter_misc":{"Escrito por":"ticambe75732","Est. tempo de leitura":"4 minutos"},"schema":{"@context":"https:\/\/schema.org","@graph":[{"@type":"Article","@id":"https:\/\/www.cambe.pr.gov.br\/index.php\/relatorio-de-resultados-consulta-publica-pnab-ciclo-ii-2025\/#article","isPartOf":{"@id":"https:\/\/www.cambe.pr.gov.br\/index.php\/relatorio-de-resultados-consulta-publica-pnab-ciclo-ii-2025\/"},"author":{"name":"ticambe75732","@id":"https:\/\/www.cambe.pr.gov.br\/#\/schema\/person\/163bab0d3b46eb61934629275d4c1321"},"headline":"Relat\u00f3rio de Resultados: Consulta P\u00fablica PNAB Ciclo II (2025)","datePublished":"2025-09-10T17:56:58+00:00","dateModified":"2025-11-21T18:08:27+00:00","mainEntityOfPage":{"@id":"https:\/\/www.cambe.pr.gov.br\/index.php\/relatorio-de-resultados-consulta-publica-pnab-ciclo-ii-2025\/"},"wordCount":567,"publisher":{"@id":"https:\/\/www.cambe.pr.gov.br\/#organization"},"image":{"@id":"https:\/\/www.cambe.pr.gov.br\/index.php\/relatorio-de-resultados-consulta-publica-pnab-ciclo-ii-2025\/#primaryimage"},"thumbnailUrl":"https:\/\/www.cambe.pr.gov.br\/wp-content\/uploads\/2025\/11\/Grafico_dados_aldir2025-1024x683.png","articleSection":["Outros"],"inLanguage":"pt-BR"},{"@type":"WebPage","@id":"https:\/\/www.cambe.pr.gov.br\/index.php\/relatorio-de-resultados-consulta-publica-pnab-ciclo-ii-2025\/","url":"https:\/\/www.cambe.pr.gov.br\/index.php\/relatorio-de-resultados-consulta-publica-pnab-ciclo-ii-2025\/","name":"Relat\u00f3rio de Resultados: Consulta P\u00fablica PNAB Ciclo II (2025) - Prefeitura de Camb\u00e9","isPartOf":{"@id":"https:\/\/www.cambe.pr.gov.br\/#website"},"primaryImageOfPage":{"@id":"https:\/\/www.cambe.pr.gov.br\/index.php\/relatorio-de-resultados-consulta-publica-pnab-ciclo-ii-2025\/#primaryimage"},"image":{"@id":"https:\/\/www.cambe.pr.gov.br\/index.php\/relatorio-de-resultados-consulta-publica-pnab-ciclo-ii-2025\/#primaryimage"},"thumbnailUrl":"https:\/\/www.cambe.pr.gov.br\/wp-content\/uploads\/2025\/11\/Grafico_dados_aldir2025-1024x683.png","datePublished":"2025-09-10T17:56:58+00:00","dateModified":"2025-11-21T18:08:27+00:00","breadcrumb":{"@id":"https:\/\/www.cambe.pr.gov.br\/index.php\/relatorio-de-resultados-consulta-publica-pnab-ciclo-ii-2025\/#breadcrumb"},"inLanguage":"pt-BR","potentialAction":[{"@type":"ReadAction","target":["https:\/\/www.cambe.pr.gov.br\/index.php\/relatorio-de-resultados-consulta-publica-pnab-ciclo-ii-2025\/"]}]},{"@type":"ImageObject","inLanguage":"pt-BR","@id":"https:\/\/www.cambe.pr.gov.br\/index.php\/relatorio-de-resultados-consulta-publica-pnab-ciclo-ii-2025\/#primaryimage","url":"https:\/\/www.cambe.pr.gov.br\/wp-content\/uploads\/2025\/11\/Grafico_dados_aldir2025.png","contentUrl":"https:\/\/www.cambe.pr.gov.br\/wp-content\/uploads\/2025\/11\/Grafico_dados_aldir2025.png","width":1800,"height":1200},{"@type":"BreadcrumbList","@id":"https:\/\/www.cambe.pr.gov.br\/index.php\/relatorio-de-resultados-consulta-publica-pnab-ciclo-ii-2025\/#breadcrumb","itemListElement":[{"@type":"ListItem","position":1,"name":"In\u00edcio","item":"https:\/\/www.cambe.pr.gov.br\/"},{"@type":"ListItem","position":2,"name":"Relat\u00f3rio de Resultados: Consulta P\u00fablica PNAB Ciclo II (2025)"}]},{"@type":"WebSite","@id":"https:\/\/www.cambe.pr.gov.br\/#website","url":"https:\/\/www.cambe.pr.gov.br\/","name":"Prefeitura de Camb\u00e9","description":"UM GOVERNO PARA TODOS","publisher":{"@id":"https:\/\/www.cambe.pr.gov.br\/#organization"},"potentialAction":[{"@type":"SearchAction","target":{"@type":"EntryPoint","urlTemplate":"https:\/\/www.cambe.pr.gov.br\/?s={search_term_string}"},"query-input":{"@type":"PropertyValueSpecification","valueRequired":true,"valueName":"search_term_string"}}],"inLanguage":"pt-BR"},{"@type":"Organization","@id":"https:\/\/www.cambe.pr.gov.br\/#organization","name":"Prefeitura de Camb\u00e9","url":"https:\/\/www.cambe.pr.gov.br\/","logo":{"@type":"ImageObject","inLanguage":"pt-BR","@id":"https:\/\/www.cambe.pr.gov.br\/#\/schema\/logo\/image\/","url":"https:\/\/www.cambe.pr.gov.br\/wp-content\/uploads\/2021\/01\/cropped-cropped-cambe_brazao-icone.png","contentUrl":"https:\/\/www.cambe.pr.gov.br\/wp-content\/uploads\/2021\/01\/cropped-cropped-cambe_brazao-icone.png","width":240,"height":240,"caption":"Prefeitura de Camb\u00e9"},"image":{"@id":"https:\/\/www.cambe.pr.gov.br\/#\/schema\/logo\/image\/"},"sameAs":["https:\/\/m.facebook.com\/prefeituradecambe"]},{"@type":"Person","@id":"https:\/\/www.cambe.pr.gov.br\/#\/schema\/person\/163bab0d3b46eb61934629275d4c1321","name":"ticambe75732","image":{"@type":"ImageObject","inLanguage":"pt-BR","@id":"https:\/\/secure.gravatar.com\/avatar\/bf7b8cb9f36bf9e3ee532b1e57cd7056b16a580f9e5742ed9d6bc1db542370f4?s=96&d=mm&r=g","url":"https:\/\/secure.gravatar.com\/avatar\/bf7b8cb9f36bf9e3ee532b1e57cd7056b16a580f9e5742ed9d6bc1db542370f4?s=96&d=mm&r=g","contentUrl":"https:\/\/secure.gravatar.com\/avatar\/bf7b8cb9f36bf9e3ee532b1e57cd7056b16a580f9e5742ed9d6bc1db542370f4?s=96&d=mm&r=g","caption":"ticambe75732"},"sameAs":["http:\/\/www.cambe.pr.gov.br"],"url":"https:\/\/www.cambe.pr.gov.br\/index.php\/author\/ticambe75732\/"}]}},"_links":{"self":[{"href":"https:\/\/www.cambe.pr.gov.br\/index.php\/wp-json\/wp\/v2\/posts\/18269","targetHints":{"allow":["GET"]}}],"collection":[{"href":"https:\/\/www.cambe.pr.gov.br\/index.php\/wp-json\/wp\/v2\/posts"}],"about":[{"href":"https:\/\/www.cambe.pr.gov.br\/index.php\/wp-json\/wp\/v2\/types\/post"}],"author":[{"embeddable":true,"href":"https:\/\/www.cambe.pr.gov.br\/index.php\/wp-json\/wp\/v2\/users\/1"}],"replies":[{"embeddable":true,"href":"https:\/\/www.cambe.pr.gov.br\/index.php\/wp-json\/wp\/v2\/comments?post=18269"}],"version-history":[{"count":2,"href":"https:\/\/www.cambe.pr.gov.br\/index.php\/wp-json\/wp\/v2\/posts\/18269\/revisions"}],"predecessor-version":[{"id":18273,"href":"https:\/\/www.cambe.pr.gov.br\/index.php\/wp-json\/wp\/v2\/posts\/18269\/revisions\/18273"}],"wp:attachment":[{"href":"https:\/\/www.cambe.pr.gov.br\/index.php\/wp-json\/wp\/v2\/media?parent=18269"}],"wp:term":[{"taxonomy":"category","embeddable":true,"href":"https:\/\/www.cambe.pr.gov.br\/index.php\/wp-json\/wp\/v2\/categories?post=18269"},{"taxonomy":"post_tag","embeddable":true,"href":"https:\/\/www.cambe.pr.gov.br\/index.php\/wp-json\/wp\/v2\/tags?post=18269"}],"curies":[{"name":"wp","href":"https:\/\/api.w.org\/{rel}","templated":true}]}}