{"id":17748,"date":"2025-09-15T16:51:02","date_gmt":"2025-09-15T19:51:02","guid":{"rendered":"https:\/\/www.cambe.pr.gov.br\/?p=17748"},"modified":"2025-09-15T16:52:12","modified_gmt":"2025-09-15T19:52:12","slug":"forcas-de-seguranca-lancam-a-operacao-sinergia-da-missao-parana-em-cambe","status":"publish","type":"post","link":"https:\/\/www.cambe.pr.gov.br\/index.php\/forcas-de-seguranca-lancam-a-operacao-sinergia-da-missao-parana-em-cambe\/","title":{"rendered":"For\u00e7as de Seguran\u00e7a lan\u00e7am a Opera\u00e7\u00e3o Sinergia, da Miss\u00e3o Paran\u00e1, em Camb\u00e9"},"content":{"rendered":"<p><img fetchpriority=\"high\" decoding=\"async\" class=\"alignleft wp-image-17749 size-large\" src=\"https:\/\/www.cambe.pr.gov.br\/wp-content\/uploads\/2025\/09\/DJI_20250915153618_0146_D-1024x576.jpg\" alt=\"\" width=\"610\" height=\"343\" srcset=\"https:\/\/www.cambe.pr.gov.br\/wp-content\/uploads\/2025\/09\/DJI_20250915153618_0146_D-1024x576.jpg 1024w, https:\/\/www.cambe.pr.gov.br\/wp-content\/uploads\/2025\/09\/DJI_20250915153618_0146_D-300x169.jpg 300w, https:\/\/www.cambe.pr.gov.br\/wp-content\/uploads\/2025\/09\/DJI_20250915153618_0146_D-768x432.jpg 768w, https:\/\/www.cambe.pr.gov.br\/wp-content\/uploads\/2025\/09\/DJI_20250915153618_0146_D-1536x864.jpg 1536w, https:\/\/www.cambe.pr.gov.br\/wp-content\/uploads\/2025\/09\/DJI_20250915153618_0146_D-2048x1152.jpg 2048w\" sizes=\"(max-width: 610px) 100vw, 610px\" \/><\/p>\n<p style=\"text-align: justify;\"><span style=\"font-weight: 400; font-family: arial, helvetica, sans-serif;\">Ao longo dessa semana, for\u00e7as de seguran\u00e7a de Camb\u00e9 integram a Opera\u00e7\u00e3o Sinergia, da Miss\u00e3o Paran\u00e1 da Secretaria de Estado de Seguran\u00e7a P\u00fablica. O lan\u00e7amento foi feito na tarde desta segunda-feira (15), no Centro Esportivo Castelo Branco, com a presen\u00e7a do secret\u00e1rio de Estado Hudson Le\u00f4ncio Teixeira, do prefeito Conrado Scheller, e de agentes de diversas \u00e1reas de seguran\u00e7a com atua\u00e7\u00e3o no munic\u00edpio. At\u00e9 a pr\u00f3xima sexta-feira (19), as for\u00e7as de seguran\u00e7a v\u00e3o refor\u00e7ar o policiamento ostensivo, ampliar a preven\u00e7\u00e3o de crimes e intensificar a repress\u00e3o qualificada em toda a regi\u00e3o Norte do Estado. Ainda ser\u00e3o feitas reuni\u00f5es com autoridades locais e exposi\u00e7\u00e3o de material para a comunidade.<\/span><\/p>\n<p style=\"text-align: justify;\"><span style=\"font-weight: 400; font-family: arial, helvetica, sans-serif;\">A Opera\u00e7\u00e3o Sinergia prev\u00ea o cumprimento de mandados de pris\u00f5es e outras medidas cautelares; fiscaliza\u00e7\u00e3o de ve\u00edculos e pessoas em condi\u00e7\u00f5es de fundada suspeita; patrulhamento ostensivo e preventivo, propiciando maior sensa\u00e7\u00e3o de seguran\u00e7a, e desestimulando e prevenindo a\u00e7\u00f5es criminosas e outros delitos; fiscaliza\u00e7\u00e3o de pontos sens\u00edveis em \u00e1reas de grande deslocamento e nas rodovias; al\u00e9m da abordagem a pessoas, mediante a fundada suspeita.<\/span><\/p>\n<p style=\"text-align: justify;\"><span style=\"font-weight: 400; font-family: arial, helvetica, sans-serif;\">A Secretaria de Estado de Seguran\u00e7a P\u00fablica tamb\u00e9m vai atuar no Norte do Estado nesta semana. Al\u00e9m do secret\u00e1rio Hudson Teixeira, outros servidores estar\u00e3o na regi\u00e3o para promover palestras com agentes das for\u00e7as policiais, e se reunir com prefeitos, deputados, vereadores e comunidade e entender melhor as demandas locais para promover a\u00e7\u00f5es mais efetivas de seguran\u00e7a p\u00fablica.<\/span><\/p>\n<p style=\"text-align: justify;\"><span style=\"font-weight: 400; font-family: arial, helvetica, sans-serif;\">Integram a Opera\u00e7\u00e3o a Pol\u00edcia Militar, por meio da 11\u00aa Companhia Independente, assim como unidades do Choque, Rone, Pol\u00edcia Civil, Pol\u00edcia Penal, Pol\u00edcia Cient\u00edfica, Pol\u00edcia Rodovi\u00e1ria Federal, Corpo de Bombeiros, Secretaria Municipal de Seguran\u00e7a P\u00fablica e Tr\u00e2nsito e Guarda Municipal de Londrina.<\/span><\/p>\n<p style=\"text-align: justify;\"><span style=\"font-weight: 400; font-family: arial, helvetica, sans-serif;\">O prefeito de Camb\u00e9, Conrado Scheller, destacou que a parceria com o governador Ratinho Junior e o secret\u00e1rio de Seguran\u00e7a, Hudson Teixeira, vem promovendo diversos benef\u00edcios para toda a popula\u00e7\u00e3o. \u201cEssa uni\u00e3o \u00e9 essencial para tornar Camb\u00e9 uma das cidades mais seguras do Paran\u00e1. Temos todo um investimento em equipamentos e tecnologia, viaturas, armamento, nossas mais de 200 c\u00e2meras. Enfim, tudo isso est\u00e1 contribuindo para que Camb\u00e9 seja exemplo positivo em seguran\u00e7a p\u00fablica. Agradecer ao governador Ratinho Junior e parabenizar por essa campanha que intensifica toda essas a\u00e7\u00f5es\u201d.<\/span><\/p>\n<p style=\"text-align: justify;\"><span style=\"font-weight: 400; font-family: arial, helvetica, sans-serif;\">O secret\u00e1rio de Estado Hudson Le\u00f4ncio Teixeira ressaltou que a opera\u00e7\u00e3o promove um congelamento de toda a regi\u00e3o Norte em uma sinergia para coibir o crime, ampliar as for\u00e7as de patrulhamento e capacitar os agentes. \u201cEssa \u00e9 uma a\u00e7\u00e3o muito ben\u00e9fica, porque foi feito todo um levantamento estrat\u00e9gico. Teremos cumprimento de algumas opera\u00e7\u00f5es que se iniciaram h\u00e1 alguns meses, e a gente vai tirar da rua v\u00e1rios marginais que est\u00e3o soltos. N\u00f3s trouxemos esse apoio efetivo, e mais que isso, \u00e9 a possibilidade da comunidade conversar conosco. Ent\u00e3o, para que eu saiba algumas demandas que eles t\u00eam, que \u00e0s vezes n\u00e3o chegam a Curitiba, por v\u00e1rios aspectos burocr\u00e1ticos. E ouvindo a sociedade, ouvindo em especial o prefeito, os vereadores, a gente consegue dar um atendimento mais \u00e1gil para toda essa demanda\u201d, disse.<\/span><\/p>\n<p>&nbsp;<\/p>\n<p style=\"text-align: justify;\"><strong><span style=\"font-family: arial, helvetica, sans-serif;\">Miss\u00e3o Paran\u00e1 II<\/span><\/strong><\/p>\n<p style=\"text-align: justify;\"><span style=\"font-weight: 400; font-family: arial, helvetica, sans-serif;\"><img decoding=\"async\" class=\"alignleft size-large wp-image-17750\" src=\"https:\/\/www.cambe.pr.gov.br\/wp-content\/uploads\/2025\/09\/WhatsApp-Image-2025-09-15-at-16.48.28-1024x768.jpeg\" alt=\"\" width=\"610\" height=\"458\" srcset=\"https:\/\/www.cambe.pr.gov.br\/wp-content\/uploads\/2025\/09\/WhatsApp-Image-2025-09-15-at-16.48.28-1024x768.jpeg 1024w, https:\/\/www.cambe.pr.gov.br\/wp-content\/uploads\/2025\/09\/WhatsApp-Image-2025-09-15-at-16.48.28-300x225.jpeg 300w, https:\/\/www.cambe.pr.gov.br\/wp-content\/uploads\/2025\/09\/WhatsApp-Image-2025-09-15-at-16.48.28-768x576.jpeg 768w, https:\/\/www.cambe.pr.gov.br\/wp-content\/uploads\/2025\/09\/WhatsApp-Image-2025-09-15-at-16.48.28-1536x1152.jpeg 1536w, https:\/\/www.cambe.pr.gov.br\/wp-content\/uploads\/2025\/09\/WhatsApp-Image-2025-09-15-at-16.48.28-2048x1536.jpeg 2048w, https:\/\/www.cambe.pr.gov.br\/wp-content\/uploads\/2025\/09\/WhatsApp-Image-2025-09-15-at-16.48.28-400x300.jpeg 400w\" sizes=\"(max-width: 610px) 100vw, 610px\" \/>Al\u00e9m de Camb\u00e9, a a\u00e7\u00e3o tamb\u00e9m ter\u00e1 como sedes Londrina, Corn\u00e9lio Proc\u00f3pio, Jacarezinho e Ibipor\u00e3, abrangendo cerca de 66 cidades e alcan\u00e7ando diretamente mais de 1,5 milh\u00e3o de pessoas. Todo o efetivo dispon\u00edvel, tanto operacional quanto administrativo, foi mobilizado para fortalecer a presen\u00e7a do Estado nas ruas e aproximar as for\u00e7as policiais da popula\u00e7\u00e3o.<\/span><\/p>\n<p style=\"text-align: justify;\"><span style=\"font-weight: 400; font-family: arial, helvetica, sans-serif;\">Toda a\u00e7\u00e3o \u00e9 coordenada pela Secretaria de Estado da Seguran\u00e7a P\u00fablica (Sesp), envolvendo equipes das for\u00e7as estaduais e de unidades especializadas que atuam conjuntamente para ampliar a seguran\u00e7a, garantir respostas r\u00e1pidas \u00e0s demandas da popula\u00e7\u00e3o e consolidar uma gest\u00e3o de seguran\u00e7a p\u00fablica mais participativa.<\/span><\/p>\n<p style=\"text-align: justify;\"><span style=\"font-weight: 400; font-family: arial, helvetica, sans-serif;\">Al\u00e9m do trabalho de policiamento, tamb\u00e9m haver\u00e1 a intera\u00e7\u00e3o com a sociedade. Est\u00e3o previstas exposi\u00e7\u00f5es e atividades abertas ao p\u00fablico, para a popula\u00e7\u00e3o conhecer de perto o trabalho das corpora\u00e7\u00f5es, incluindo a exibi\u00e7\u00e3o de equipamentos, ve\u00edculos e tecnologias. A iniciativa busca aproximar os cidad\u00e3os dos profissionais de seguran\u00e7a, valorizando e fortalecendo a atua\u00e7\u00e3o conjunta.<\/span><\/p>\n","protected":false},"excerpt":{"rendered":"<p>Ao longo dessa semana, for\u00e7as de seguran\u00e7a de Camb\u00e9 integram a Opera\u00e7\u00e3o Sinergia, da Miss\u00e3o Paran\u00e1 da Secretaria de Estado de Seguran\u00e7a P\u00fablica. O lan\u00e7amento foi feito na tarde desta segunda-feira (15), no Centro Esportivo Castelo Branco, com a presen\u00e7a do secret\u00e1rio de Estado Hudson Le\u00f4ncio Teixeira, do prefeito Conrado Scheller, e de agentes de [&hellip;]<\/p>\n","protected":false},"author":16,"featured_media":0,"comment_status":"closed","ping_status":"closed","sticky":false,"template":"","format":"standard","meta":{"ngg_post_thumbnail":0,"footnotes":""},"categories":[1],"tags":[],"class_list":["post-17748","post","type-post","status-publish","format-standard","hentry","category-principal"],"yoast_head":"<!-- This site is optimized with the Yoast SEO plugin v27.4 - https:\/\/yoast.com\/product\/yoast-seo-wordpress\/ -->\n<title>For\u00e7as de Seguran\u00e7a lan\u00e7am a Opera\u00e7\u00e3o Sinergia, da Miss\u00e3o Paran\u00e1, em Camb\u00e9 - Prefeitura de Camb\u00e9<\/title>\n<meta name=\"robots\" content=\"index, follow, max-snippet:-1, max-image-preview:large, max-video-preview:-1\" \/>\n<link rel=\"canonical\" href=\"https:\/\/www.cambe.pr.gov.br\/index.php\/forcas-de-seguranca-lancam-a-operacao-sinergia-da-missao-parana-em-cambe\/\" \/>\n<meta property=\"og:locale\" content=\"pt_BR\" \/>\n<meta property=\"og:type\" content=\"article\" \/>\n<meta property=\"og:title\" content=\"For\u00e7as de Seguran\u00e7a lan\u00e7am a Opera\u00e7\u00e3o Sinergia, da Miss\u00e3o Paran\u00e1, em Camb\u00e9 - Prefeitura de Camb\u00e9\" \/>\n<meta property=\"og:description\" content=\"Ao longo dessa semana, for\u00e7as de seguran\u00e7a de Camb\u00e9 integram a Opera\u00e7\u00e3o Sinergia, da Miss\u00e3o Paran\u00e1 da Secretaria de Estado de Seguran\u00e7a P\u00fablica. O lan\u00e7amento foi feito na tarde desta segunda-feira (15), no Centro Esportivo Castelo Branco, com a presen\u00e7a do secret\u00e1rio de Estado Hudson Le\u00f4ncio Teixeira, do prefeito Conrado Scheller, e de agentes de [&hellip;]\" \/>\n<meta property=\"og:url\" content=\"https:\/\/www.cambe.pr.gov.br\/index.php\/forcas-de-seguranca-lancam-a-operacao-sinergia-da-missao-parana-em-cambe\/\" \/>\n<meta property=\"og:site_name\" content=\"Prefeitura de Camb\u00e9\" \/>\n<meta property=\"article:publisher\" content=\"https:\/\/m.facebook.com\/prefeituradecambe\" \/>\n<meta property=\"article:published_time\" content=\"2025-09-15T19:51:02+00:00\" \/>\n<meta property=\"article:modified_time\" content=\"2025-09-15T19:52:12+00:00\" \/>\n<meta property=\"og:image\" content=\"https:\/\/www.cambe.pr.gov.br\/wp-content\/uploads\/2025\/09\/DJI_20250915153618_0146_D-scaled.jpg\" \/>\n\t<meta property=\"og:image:width\" content=\"2560\" \/>\n\t<meta property=\"og:image:height\" content=\"1440\" \/>\n\t<meta property=\"og:image:type\" content=\"image\/jpeg\" \/>\n<meta name=\"author\" content=\"Vinicius Augusto Batista Eira\" \/>\n<meta name=\"twitter:card\" content=\"summary_large_image\" \/>\n<meta name=\"twitter:label1\" content=\"Escrito por\" \/>\n\t<meta name=\"twitter:data1\" content=\"Vinicius Augusto Batista Eira\" \/>\n\t<meta name=\"twitter:label2\" content=\"Est. tempo de leitura\" \/>\n\t<meta name=\"twitter:data2\" content=\"4 minutos\" \/>\n<script type=\"application\/ld+json\" class=\"yoast-schema-graph\">{\"@context\":\"https:\\\/\\\/schema.org\",\"@graph\":[{\"@type\":\"Article\",\"@id\":\"https:\\\/\\\/www.cambe.pr.gov.br\\\/index.php\\\/forcas-de-seguranca-lancam-a-operacao-sinergia-da-missao-parana-em-cambe\\\/#article\",\"isPartOf\":{\"@id\":\"https:\\\/\\\/www.cambe.pr.gov.br\\\/index.php\\\/forcas-de-seguranca-lancam-a-operacao-sinergia-da-missao-parana-em-cambe\\\/\"},\"author\":{\"name\":\"Vinicius Augusto Batista Eira\",\"@id\":\"https:\\\/\\\/www.cambe.pr.gov.br\\\/#\\\/schema\\\/person\\\/8e3ee69cb2cadf4b9f8377407227effd\"},\"headline\":\"For\u00e7as de Seguran\u00e7a lan\u00e7am a Opera\u00e7\u00e3o Sinergia, da Miss\u00e3o Paran\u00e1, em Camb\u00e9\",\"datePublished\":\"2025-09-15T19:51:02+00:00\",\"dateModified\":\"2025-09-15T19:52:12+00:00\",\"mainEntityOfPage\":{\"@id\":\"https:\\\/\\\/www.cambe.pr.gov.br\\\/index.php\\\/forcas-de-seguranca-lancam-a-operacao-sinergia-da-missao-parana-em-cambe\\\/\"},\"wordCount\":771,\"publisher\":{\"@id\":\"https:\\\/\\\/www.cambe.pr.gov.br\\\/#organization\"},\"image\":{\"@id\":\"https:\\\/\\\/www.cambe.pr.gov.br\\\/index.php\\\/forcas-de-seguranca-lancam-a-operacao-sinergia-da-missao-parana-em-cambe\\\/#primaryimage\"},\"thumbnailUrl\":\"https:\\\/\\\/www.cambe.pr.gov.br\\\/wp-content\\\/uploads\\\/2025\\\/09\\\/DJI_20250915153618_0146_D-1024x576.jpg\",\"articleSection\":[\"Principal\"],\"inLanguage\":\"pt-BR\"},{\"@type\":\"WebPage\",\"@id\":\"https:\\\/\\\/www.cambe.pr.gov.br\\\/index.php\\\/forcas-de-seguranca-lancam-a-operacao-sinergia-da-missao-parana-em-cambe\\\/\",\"url\":\"https:\\\/\\\/www.cambe.pr.gov.br\\\/index.php\\\/forcas-de-seguranca-lancam-a-operacao-sinergia-da-missao-parana-em-cambe\\\/\",\"name\":\"For\u00e7as de Seguran\u00e7a lan\u00e7am a Opera\u00e7\u00e3o Sinergia, da Miss\u00e3o Paran\u00e1, em Camb\u00e9 - Prefeitura de Camb\u00e9\",\"isPartOf\":{\"@id\":\"https:\\\/\\\/www.cambe.pr.gov.br\\\/#website\"},\"primaryImageOfPage\":{\"@id\":\"https:\\\/\\\/www.cambe.pr.gov.br\\\/index.php\\\/forcas-de-seguranca-lancam-a-operacao-sinergia-da-missao-parana-em-cambe\\\/#primaryimage\"},\"image\":{\"@id\":\"https:\\\/\\\/www.cambe.pr.gov.br\\\/index.php\\\/forcas-de-seguranca-lancam-a-operacao-sinergia-da-missao-parana-em-cambe\\\/#primaryimage\"},\"thumbnailUrl\":\"https:\\\/\\\/www.cambe.pr.gov.br\\\/wp-content\\\/uploads\\\/2025\\\/09\\\/DJI_20250915153618_0146_D-1024x576.jpg\",\"datePublished\":\"2025-09-15T19:51:02+00:00\",\"dateModified\":\"2025-09-15T19:52:12+00:00\",\"breadcrumb\":{\"@id\":\"https:\\\/\\\/www.cambe.pr.gov.br\\\/index.php\\\/forcas-de-seguranca-lancam-a-operacao-sinergia-da-missao-parana-em-cambe\\\/#breadcrumb\"},\"inLanguage\":\"pt-BR\",\"potentialAction\":[{\"@type\":\"ReadAction\",\"target\":[\"https:\\\/\\\/www.cambe.pr.gov.br\\\/index.php\\\/forcas-de-seguranca-lancam-a-operacao-sinergia-da-missao-parana-em-cambe\\\/\"]}]},{\"@type\":\"ImageObject\",\"inLanguage\":\"pt-BR\",\"@id\":\"https:\\\/\\\/www.cambe.pr.gov.br\\\/index.php\\\/forcas-de-seguranca-lancam-a-operacao-sinergia-da-missao-parana-em-cambe\\\/#primaryimage\",\"url\":\"https:\\\/\\\/www.cambe.pr.gov.br\\\/wp-content\\\/uploads\\\/2025\\\/09\\\/DJI_20250915153618_0146_D-scaled.jpg\",\"contentUrl\":\"https:\\\/\\\/www.cambe.pr.gov.br\\\/wp-content\\\/uploads\\\/2025\\\/09\\\/DJI_20250915153618_0146_D-scaled.jpg\",\"width\":2560,\"height\":1440,\"caption\":\"default\"},{\"@type\":\"BreadcrumbList\",\"@id\":\"https:\\\/\\\/www.cambe.pr.gov.br\\\/index.php\\\/forcas-de-seguranca-lancam-a-operacao-sinergia-da-missao-parana-em-cambe\\\/#breadcrumb\",\"itemListElement\":[{\"@type\":\"ListItem\",\"position\":1,\"name\":\"In\u00edcio\",\"item\":\"https:\\\/\\\/www.cambe.pr.gov.br\\\/\"},{\"@type\":\"ListItem\",\"position\":2,\"name\":\"For\u00e7as de Seguran\u00e7a lan\u00e7am a Opera\u00e7\u00e3o Sinergia, da Miss\u00e3o Paran\u00e1, em Camb\u00e9\"}]},{\"@type\":\"WebSite\",\"@id\":\"https:\\\/\\\/www.cambe.pr.gov.br\\\/#website\",\"url\":\"https:\\\/\\\/www.cambe.pr.gov.br\\\/\",\"name\":\"Prefeitura de Camb\u00e9\",\"description\":\"UM GOVERNO PARA TODOS\",\"publisher\":{\"@id\":\"https:\\\/\\\/www.cambe.pr.gov.br\\\/#organization\"},\"potentialAction\":[{\"@type\":\"SearchAction\",\"target\":{\"@type\":\"EntryPoint\",\"urlTemplate\":\"https:\\\/\\\/www.cambe.pr.gov.br\\\/?s={search_term_string}\"},\"query-input\":{\"@type\":\"PropertyValueSpecification\",\"valueRequired\":true,\"valueName\":\"search_term_string\"}}],\"inLanguage\":\"pt-BR\"},{\"@type\":\"Organization\",\"@id\":\"https:\\\/\\\/www.cambe.pr.gov.br\\\/#organization\",\"name\":\"Prefeitura de Camb\u00e9\",\"url\":\"https:\\\/\\\/www.cambe.pr.gov.br\\\/\",\"logo\":{\"@type\":\"ImageObject\",\"inLanguage\":\"pt-BR\",\"@id\":\"https:\\\/\\\/www.cambe.pr.gov.br\\\/#\\\/schema\\\/logo\\\/image\\\/\",\"url\":\"https:\\\/\\\/www.cambe.pr.gov.br\\\/wp-content\\\/uploads\\\/2021\\\/01\\\/cropped-cropped-cambe_brazao-icone.png\",\"contentUrl\":\"https:\\\/\\\/www.cambe.pr.gov.br\\\/wp-content\\\/uploads\\\/2021\\\/01\\\/cropped-cropped-cambe_brazao-icone.png\",\"width\":240,\"height\":240,\"caption\":\"Prefeitura de Camb\u00e9\"},\"image\":{\"@id\":\"https:\\\/\\\/www.cambe.pr.gov.br\\\/#\\\/schema\\\/logo\\\/image\\\/\"},\"sameAs\":[\"https:\\\/\\\/m.facebook.com\\\/prefeituradecambe\"]},{\"@type\":\"Person\",\"@id\":\"https:\\\/\\\/www.cambe.pr.gov.br\\\/#\\\/schema\\\/person\\\/8e3ee69cb2cadf4b9f8377407227effd\",\"name\":\"Vinicius Augusto Batista Eira\",\"image\":{\"@type\":\"ImageObject\",\"inLanguage\":\"pt-BR\",\"@id\":\"https:\\\/\\\/secure.gravatar.com\\\/avatar\\\/1ec500de7013b30e1d4d7c8c3978f0e4433c37e5d5e4cd186239369c6440122b?s=96&d=mm&r=g\",\"url\":\"https:\\\/\\\/secure.gravatar.com\\\/avatar\\\/1ec500de7013b30e1d4d7c8c3978f0e4433c37e5d5e4cd186239369c6440122b?s=96&d=mm&r=g\",\"contentUrl\":\"https:\\\/\\\/secure.gravatar.com\\\/avatar\\\/1ec500de7013b30e1d4d7c8c3978f0e4433c37e5d5e4cd186239369c6440122b?s=96&d=mm&r=g\",\"caption\":\"Vinicius Augusto Batista Eira\"},\"url\":\"https:\\\/\\\/www.cambe.pr.gov.br\\\/index.php\\\/author\\\/vabeira\\\/\"}]}<\/script>\n<!-- \/ Yoast SEO plugin. -->","yoast_head_json":{"title":"For\u00e7as de Seguran\u00e7a lan\u00e7am a Opera\u00e7\u00e3o Sinergia, da Miss\u00e3o Paran\u00e1, em Camb\u00e9 - Prefeitura de Camb\u00e9","robots":{"index":"index","follow":"follow","max-snippet":"max-snippet:-1","max-image-preview":"max-image-preview:large","max-video-preview":"max-video-preview:-1"},"canonical":"https:\/\/www.cambe.pr.gov.br\/index.php\/forcas-de-seguranca-lancam-a-operacao-sinergia-da-missao-parana-em-cambe\/","og_locale":"pt_BR","og_type":"article","og_title":"For\u00e7as de Seguran\u00e7a lan\u00e7am a Opera\u00e7\u00e3o Sinergia, da Miss\u00e3o Paran\u00e1, em Camb\u00e9 - Prefeitura de Camb\u00e9","og_description":"Ao longo dessa semana, for\u00e7as de seguran\u00e7a de Camb\u00e9 integram a Opera\u00e7\u00e3o Sinergia, da Miss\u00e3o Paran\u00e1 da Secretaria de Estado de Seguran\u00e7a P\u00fablica. O lan\u00e7amento foi feito na tarde desta segunda-feira (15), no Centro Esportivo Castelo Branco, com a presen\u00e7a do secret\u00e1rio de Estado Hudson Le\u00f4ncio Teixeira, do prefeito Conrado Scheller, e de agentes de [&hellip;]","og_url":"https:\/\/www.cambe.pr.gov.br\/index.php\/forcas-de-seguranca-lancam-a-operacao-sinergia-da-missao-parana-em-cambe\/","og_site_name":"Prefeitura de Camb\u00e9","article_publisher":"https:\/\/m.facebook.com\/prefeituradecambe","article_published_time":"2025-09-15T19:51:02+00:00","article_modified_time":"2025-09-15T19:52:12+00:00","og_image":[{"width":2560,"height":1440,"url":"https:\/\/www.cambe.pr.gov.br\/wp-content\/uploads\/2025\/09\/DJI_20250915153618_0146_D-scaled.jpg","type":"image\/jpeg"}],"author":"Vinicius Augusto Batista Eira","twitter_card":"summary_large_image","twitter_misc":{"Escrito por":"Vinicius Augusto Batista Eira","Est. tempo de leitura":"4 minutos"},"schema":{"@context":"https:\/\/schema.org","@graph":[{"@type":"Article","@id":"https:\/\/www.cambe.pr.gov.br\/index.php\/forcas-de-seguranca-lancam-a-operacao-sinergia-da-missao-parana-em-cambe\/#article","isPartOf":{"@id":"https:\/\/www.cambe.pr.gov.br\/index.php\/forcas-de-seguranca-lancam-a-operacao-sinergia-da-missao-parana-em-cambe\/"},"author":{"name":"Vinicius Augusto Batista Eira","@id":"https:\/\/www.cambe.pr.gov.br\/#\/schema\/person\/8e3ee69cb2cadf4b9f8377407227effd"},"headline":"For\u00e7as de Seguran\u00e7a lan\u00e7am a Opera\u00e7\u00e3o Sinergia, da Miss\u00e3o Paran\u00e1, em Camb\u00e9","datePublished":"2025-09-15T19:51:02+00:00","dateModified":"2025-09-15T19:52:12+00:00","mainEntityOfPage":{"@id":"https:\/\/www.cambe.pr.gov.br\/index.php\/forcas-de-seguranca-lancam-a-operacao-sinergia-da-missao-parana-em-cambe\/"},"wordCount":771,"publisher":{"@id":"https:\/\/www.cambe.pr.gov.br\/#organization"},"image":{"@id":"https:\/\/www.cambe.pr.gov.br\/index.php\/forcas-de-seguranca-lancam-a-operacao-sinergia-da-missao-parana-em-cambe\/#primaryimage"},"thumbnailUrl":"https:\/\/www.cambe.pr.gov.br\/wp-content\/uploads\/2025\/09\/DJI_20250915153618_0146_D-1024x576.jpg","articleSection":["Principal"],"inLanguage":"pt-BR"},{"@type":"WebPage","@id":"https:\/\/www.cambe.pr.gov.br\/index.php\/forcas-de-seguranca-lancam-a-operacao-sinergia-da-missao-parana-em-cambe\/","url":"https:\/\/www.cambe.pr.gov.br\/index.php\/forcas-de-seguranca-lancam-a-operacao-sinergia-da-missao-parana-em-cambe\/","name":"For\u00e7as de Seguran\u00e7a lan\u00e7am a Opera\u00e7\u00e3o Sinergia, da Miss\u00e3o Paran\u00e1, em Camb\u00e9 - Prefeitura de Camb\u00e9","isPartOf":{"@id":"https:\/\/www.cambe.pr.gov.br\/#website"},"primaryImageOfPage":{"@id":"https:\/\/www.cambe.pr.gov.br\/index.php\/forcas-de-seguranca-lancam-a-operacao-sinergia-da-missao-parana-em-cambe\/#primaryimage"},"image":{"@id":"https:\/\/www.cambe.pr.gov.br\/index.php\/forcas-de-seguranca-lancam-a-operacao-sinergia-da-missao-parana-em-cambe\/#primaryimage"},"thumbnailUrl":"https:\/\/www.cambe.pr.gov.br\/wp-content\/uploads\/2025\/09\/DJI_20250915153618_0146_D-1024x576.jpg","datePublished":"2025-09-15T19:51:02+00:00","dateModified":"2025-09-15T19:52:12+00:00","breadcrumb":{"@id":"https:\/\/www.cambe.pr.gov.br\/index.php\/forcas-de-seguranca-lancam-a-operacao-sinergia-da-missao-parana-em-cambe\/#breadcrumb"},"inLanguage":"pt-BR","potentialAction":[{"@type":"ReadAction","target":["https:\/\/www.cambe.pr.gov.br\/index.php\/forcas-de-seguranca-lancam-a-operacao-sinergia-da-missao-parana-em-cambe\/"]}]},{"@type":"ImageObject","inLanguage":"pt-BR","@id":"https:\/\/www.cambe.pr.gov.br\/index.php\/forcas-de-seguranca-lancam-a-operacao-sinergia-da-missao-parana-em-cambe\/#primaryimage","url":"https:\/\/www.cambe.pr.gov.br\/wp-content\/uploads\/2025\/09\/DJI_20250915153618_0146_D-scaled.jpg","contentUrl":"https:\/\/www.cambe.pr.gov.br\/wp-content\/uploads\/2025\/09\/DJI_20250915153618_0146_D-scaled.jpg","width":2560,"height":1440,"caption":"default"},{"@type":"BreadcrumbList","@id":"https:\/\/www.cambe.pr.gov.br\/index.php\/forcas-de-seguranca-lancam-a-operacao-sinergia-da-missao-parana-em-cambe\/#breadcrumb","itemListElement":[{"@type":"ListItem","position":1,"name":"In\u00edcio","item":"https:\/\/www.cambe.pr.gov.br\/"},{"@type":"ListItem","position":2,"name":"For\u00e7as de Seguran\u00e7a lan\u00e7am a Opera\u00e7\u00e3o Sinergia, da Miss\u00e3o Paran\u00e1, em Camb\u00e9"}]},{"@type":"WebSite","@id":"https:\/\/www.cambe.pr.gov.br\/#website","url":"https:\/\/www.cambe.pr.gov.br\/","name":"Prefeitura de Camb\u00e9","description":"UM GOVERNO PARA TODOS","publisher":{"@id":"https:\/\/www.cambe.pr.gov.br\/#organization"},"potentialAction":[{"@type":"SearchAction","target":{"@type":"EntryPoint","urlTemplate":"https:\/\/www.cambe.pr.gov.br\/?s={search_term_string}"},"query-input":{"@type":"PropertyValueSpecification","valueRequired":true,"valueName":"search_term_string"}}],"inLanguage":"pt-BR"},{"@type":"Organization","@id":"https:\/\/www.cambe.pr.gov.br\/#organization","name":"Prefeitura de Camb\u00e9","url":"https:\/\/www.cambe.pr.gov.br\/","logo":{"@type":"ImageObject","inLanguage":"pt-BR","@id":"https:\/\/www.cambe.pr.gov.br\/#\/schema\/logo\/image\/","url":"https:\/\/www.cambe.pr.gov.br\/wp-content\/uploads\/2021\/01\/cropped-cropped-cambe_brazao-icone.png","contentUrl":"https:\/\/www.cambe.pr.gov.br\/wp-content\/uploads\/2021\/01\/cropped-cropped-cambe_brazao-icone.png","width":240,"height":240,"caption":"Prefeitura de Camb\u00e9"},"image":{"@id":"https:\/\/www.cambe.pr.gov.br\/#\/schema\/logo\/image\/"},"sameAs":["https:\/\/m.facebook.com\/prefeituradecambe"]},{"@type":"Person","@id":"https:\/\/www.cambe.pr.gov.br\/#\/schema\/person\/8e3ee69cb2cadf4b9f8377407227effd","name":"Vinicius Augusto Batista Eira","image":{"@type":"ImageObject","inLanguage":"pt-BR","@id":"https:\/\/secure.gravatar.com\/avatar\/1ec500de7013b30e1d4d7c8c3978f0e4433c37e5d5e4cd186239369c6440122b?s=96&d=mm&r=g","url":"https:\/\/secure.gravatar.com\/avatar\/1ec500de7013b30e1d4d7c8c3978f0e4433c37e5d5e4cd186239369c6440122b?s=96&d=mm&r=g","contentUrl":"https:\/\/secure.gravatar.com\/avatar\/1ec500de7013b30e1d4d7c8c3978f0e4433c37e5d5e4cd186239369c6440122b?s=96&d=mm&r=g","caption":"Vinicius Augusto Batista Eira"},"url":"https:\/\/www.cambe.pr.gov.br\/index.php\/author\/vabeira\/"}]}},"_links":{"self":[{"href":"https:\/\/www.cambe.pr.gov.br\/index.php\/wp-json\/wp\/v2\/posts\/17748","targetHints":{"allow":["GET"]}}],"collection":[{"href":"https:\/\/www.cambe.pr.gov.br\/index.php\/wp-json\/wp\/v2\/posts"}],"about":[{"href":"https:\/\/www.cambe.pr.gov.br\/index.php\/wp-json\/wp\/v2\/types\/post"}],"author":[{"embeddable":true,"href":"https:\/\/www.cambe.pr.gov.br\/index.php\/wp-json\/wp\/v2\/users\/16"}],"replies":[{"embeddable":true,"href":"https:\/\/www.cambe.pr.gov.br\/index.php\/wp-json\/wp\/v2\/comments?post=17748"}],"version-history":[{"count":2,"href":"https:\/\/www.cambe.pr.gov.br\/index.php\/wp-json\/wp\/v2\/posts\/17748\/revisions"}],"predecessor-version":[{"id":17752,"href":"https:\/\/www.cambe.pr.gov.br\/index.php\/wp-json\/wp\/v2\/posts\/17748\/revisions\/17752"}],"wp:attachment":[{"href":"https:\/\/www.cambe.pr.gov.br\/index.php\/wp-json\/wp\/v2\/media?parent=17748"}],"wp:term":[{"taxonomy":"category","embeddable":true,"href":"https:\/\/www.cambe.pr.gov.br\/index.php\/wp-json\/wp\/v2\/categories?post=17748"},{"taxonomy":"post_tag","embeddable":true,"href":"https:\/\/www.cambe.pr.gov.br\/index.php\/wp-json\/wp\/v2\/tags?post=17748"}],"curies":[{"name":"wp","href":"https:\/\/api.w.org\/{rel}","templated":true}]}}