{"id":17744,"date":"2025-09-12T15:24:52","date_gmt":"2025-09-12T18:24:52","guid":{"rendered":"https:\/\/www.cambe.pr.gov.br\/?p=17744"},"modified":"2025-09-12T15:24:52","modified_gmt":"2025-09-12T18:24:52","slug":"secretaria-de-saude-promove-mutirao-de-limpeza-na-regiao-do-cambe-iv-neste-sabado-13","status":"publish","type":"post","link":"https:\/\/www.cambe.pr.gov.br\/index.php\/secretaria-de-saude-promove-mutirao-de-limpeza-na-regiao-do-cambe-iv-neste-sabado-13\/","title":{"rendered":"Secretaria de Sa\u00fade promove mutir\u00e3o de limpeza na regi\u00e3o do Camb\u00e9 IV neste s\u00e1bado (13)"},"content":{"rendered":"<p style=\"text-align: justify;\"><span style=\"font-weight: 400; font-family: arial, helvetica, sans-serif;\"><img fetchpriority=\"high\" decoding=\"async\" class=\"alignleft size-large wp-image-16033\" src=\"https:\/\/www.cambe.pr.gov.br\/wp-content\/uploads\/2025\/02\/DSC_0124-copiar-2-1024x678.jpg\" alt=\"\" width=\"610\" height=\"404\" srcset=\"https:\/\/www.cambe.pr.gov.br\/wp-content\/uploads\/2025\/02\/DSC_0124-copiar-2-1024x678.jpg 1024w, https:\/\/www.cambe.pr.gov.br\/wp-content\/uploads\/2025\/02\/DSC_0124-copiar-2-300x199.jpg 300w, https:\/\/www.cambe.pr.gov.br\/wp-content\/uploads\/2025\/02\/DSC_0124-copiar-2-768x509.jpg 768w, https:\/\/www.cambe.pr.gov.br\/wp-content\/uploads\/2025\/02\/DSC_0124-copiar-2-1536x1018.jpg 1536w, https:\/\/www.cambe.pr.gov.br\/wp-content\/uploads\/2025\/02\/DSC_0124-copiar-2-2048x1357.jpg 2048w\" sizes=\"(max-width: 610px) 100vw, 610px\" \/>A Secretaria Municipal de Sa\u00fade P\u00fablica realiza mais um mutir\u00e3o de limpeza contra a dengue neste s\u00e1bado (13). A partir das 7 horas, os caminh\u00f5es e agentes de endemias estar\u00e3o nas ruas de abrang\u00eancia da Unidade B\u00e1sica de Sa\u00fade (UBS) do Camb\u00e9 IV. A a\u00e7\u00e3o visa ajudar moradores a limpar seus quintais e se prevenir contra a dengue, agora que os \u00edndices da doen\u00e7a est\u00e3o baixos. Se chover, o mutir\u00e3o ser\u00e1 adiado.<\/span><\/p>\n<p style=\"text-align: justify;\"><span style=\"font-weight: 400; font-family: arial, helvetica, sans-serif;\">S\u00e3o bairros atendidos pela UBS do Camb\u00e9 IV e que ir\u00e3o receber o mutir\u00e3o: Camb\u00e9 IV, Ana Rosa, Jardim das Flores, Jardim Liberdade, Jardim Monte Alto, Santa Isabel, Terra Nova e Tupi.<\/span><\/p>\n<p style=\"text-align: justify;\"><span style=\"font-weight: 400; font-family: arial, helvetica, sans-serif;\">Os agentes da Prefeitura recolhem objetos em geral que possam acumular \u00e1gua, m\u00f3veis e madeiras. N\u00e3o s\u00e3o recolhidos galhos, folhas, entulhos ou materiais de constru\u00e7\u00e3o. Esses materiais devem ser descartados corretamente.<\/span><\/p>\n<p style=\"text-align: justify;\"><span style=\"font-weight: 400; font-family: arial, helvetica, sans-serif;\">A Secretaria Municipal de Sa\u00fade P\u00fablica ainda recomenda que os cambeenses da regi\u00e3o coloquem os itens permitidos nas cal\u00e7adas de suas casas ainda na noite desta sexta-feira (12), j\u00e1 que o caminh\u00e3o j\u00e1 pode ter passado na rua se o morador deixar para fazer isso no s\u00e1bado. Em alguns casos h\u00e1 muito volume de lixo para recolher, e caso os agentes n\u00e3o consigam fazer a limpeza no dia do mutir\u00e3o, os caminh\u00f5es retornam durante a semana para fazer a coleta.<\/span><\/p>\n","protected":false},"excerpt":{"rendered":"<p>A Secretaria Municipal de Sa\u00fade P\u00fablica realiza mais um mutir\u00e3o de limpeza contra a dengue neste s\u00e1bado (13). A partir das 7 horas, os caminh\u00f5es e agentes de endemias estar\u00e3o nas ruas de abrang\u00eancia da Unidade B\u00e1sica de Sa\u00fade (UBS) do Camb\u00e9 IV. A a\u00e7\u00e3o visa ajudar moradores a limpar seus quintais e se prevenir [&hellip;]<\/p>\n","protected":false},"author":16,"featured_media":0,"comment_status":"closed","ping_status":"closed","sticky":false,"template":"","format":"standard","meta":{"ngg_post_thumbnail":0,"footnotes":""},"categories":[1],"tags":[],"class_list":["post-17744","post","type-post","status-publish","format-standard","hentry","category-principal"],"yoast_head":"<!-- This site is optimized with the Yoast SEO plugin v27.4 - https:\/\/yoast.com\/product\/yoast-seo-wordpress\/ -->\n<title>Secretaria de Sa\u00fade promove mutir\u00e3o de limpeza na regi\u00e3o do Camb\u00e9 IV neste s\u00e1bado (13) - Prefeitura de Camb\u00e9<\/title>\n<meta name=\"robots\" content=\"index, follow, max-snippet:-1, max-image-preview:large, max-video-preview:-1\" \/>\n<link rel=\"canonical\" href=\"https:\/\/www.cambe.pr.gov.br\/index.php\/secretaria-de-saude-promove-mutirao-de-limpeza-na-regiao-do-cambe-iv-neste-sabado-13\/\" \/>\n<meta property=\"og:locale\" content=\"pt_BR\" \/>\n<meta property=\"og:type\" content=\"article\" \/>\n<meta property=\"og:title\" content=\"Secretaria de Sa\u00fade promove mutir\u00e3o de limpeza na regi\u00e3o do Camb\u00e9 IV neste s\u00e1bado (13) - Prefeitura de Camb\u00e9\" \/>\n<meta property=\"og:description\" content=\"A Secretaria Municipal de Sa\u00fade P\u00fablica realiza mais um mutir\u00e3o de limpeza contra a dengue neste s\u00e1bado (13). A partir das 7 horas, os caminh\u00f5es e agentes de endemias estar\u00e3o nas ruas de abrang\u00eancia da Unidade B\u00e1sica de Sa\u00fade (UBS) do Camb\u00e9 IV. A a\u00e7\u00e3o visa ajudar moradores a limpar seus quintais e se prevenir [&hellip;]\" \/>\n<meta property=\"og:url\" content=\"https:\/\/www.cambe.pr.gov.br\/index.php\/secretaria-de-saude-promove-mutirao-de-limpeza-na-regiao-do-cambe-iv-neste-sabado-13\/\" \/>\n<meta property=\"og:site_name\" content=\"Prefeitura de Camb\u00e9\" \/>\n<meta property=\"article:publisher\" content=\"https:\/\/m.facebook.com\/prefeituradecambe\" \/>\n<meta property=\"article:published_time\" content=\"2025-09-12T18:24:52+00:00\" \/>\n<meta property=\"og:image\" content=\"https:\/\/www.cambe.pr.gov.br\/wp-content\/uploads\/2025\/02\/DSC_0124-copiar-2-scaled.jpg\" \/>\n\t<meta property=\"og:image:width\" content=\"2560\" \/>\n\t<meta property=\"og:image:height\" content=\"1696\" \/>\n\t<meta property=\"og:image:type\" content=\"image\/jpeg\" \/>\n<meta name=\"author\" content=\"Vinicius Augusto Batista Eira\" \/>\n<meta name=\"twitter:card\" content=\"summary_large_image\" \/>\n<meta name=\"twitter:label1\" content=\"Escrito por\" \/>\n\t<meta name=\"twitter:data1\" content=\"Vinicius Augusto Batista Eira\" \/>\n\t<meta name=\"twitter:label2\" content=\"Est. tempo de leitura\" \/>\n\t<meta name=\"twitter:data2\" content=\"2 minutos\" \/>\n<script type=\"application\/ld+json\" class=\"yoast-schema-graph\">{\"@context\":\"https:\\\/\\\/schema.org\",\"@graph\":[{\"@type\":\"Article\",\"@id\":\"https:\\\/\\\/www.cambe.pr.gov.br\\\/index.php\\\/secretaria-de-saude-promove-mutirao-de-limpeza-na-regiao-do-cambe-iv-neste-sabado-13\\\/#article\",\"isPartOf\":{\"@id\":\"https:\\\/\\\/www.cambe.pr.gov.br\\\/index.php\\\/secretaria-de-saude-promove-mutirao-de-limpeza-na-regiao-do-cambe-iv-neste-sabado-13\\\/\"},\"author\":{\"name\":\"Vinicius Augusto Batista Eira\",\"@id\":\"https:\\\/\\\/www.cambe.pr.gov.br\\\/#\\\/schema\\\/person\\\/8e3ee69cb2cadf4b9f8377407227effd\"},\"headline\":\"Secretaria de Sa\u00fade promove mutir\u00e3o de limpeza na regi\u00e3o do Camb\u00e9 IV neste s\u00e1bado (13)\",\"datePublished\":\"2025-09-12T18:24:52+00:00\",\"mainEntityOfPage\":{\"@id\":\"https:\\\/\\\/www.cambe.pr.gov.br\\\/index.php\\\/secretaria-de-saude-promove-mutirao-de-limpeza-na-regiao-do-cambe-iv-neste-sabado-13\\\/\"},\"wordCount\":259,\"publisher\":{\"@id\":\"https:\\\/\\\/www.cambe.pr.gov.br\\\/#organization\"},\"image\":{\"@id\":\"https:\\\/\\\/www.cambe.pr.gov.br\\\/index.php\\\/secretaria-de-saude-promove-mutirao-de-limpeza-na-regiao-do-cambe-iv-neste-sabado-13\\\/#primaryimage\"},\"thumbnailUrl\":\"https:\\\/\\\/www.cambe.pr.gov.br\\\/wp-content\\\/uploads\\\/2025\\\/02\\\/DSC_0124-copiar-2-1024x678.jpg\",\"articleSection\":[\"Principal\"],\"inLanguage\":\"pt-BR\"},{\"@type\":\"WebPage\",\"@id\":\"https:\\\/\\\/www.cambe.pr.gov.br\\\/index.php\\\/secretaria-de-saude-promove-mutirao-de-limpeza-na-regiao-do-cambe-iv-neste-sabado-13\\\/\",\"url\":\"https:\\\/\\\/www.cambe.pr.gov.br\\\/index.php\\\/secretaria-de-saude-promove-mutirao-de-limpeza-na-regiao-do-cambe-iv-neste-sabado-13\\\/\",\"name\":\"Secretaria de Sa\u00fade promove mutir\u00e3o de limpeza na regi\u00e3o do Camb\u00e9 IV neste s\u00e1bado (13) - Prefeitura de Camb\u00e9\",\"isPartOf\":{\"@id\":\"https:\\\/\\\/www.cambe.pr.gov.br\\\/#website\"},\"primaryImageOfPage\":{\"@id\":\"https:\\\/\\\/www.cambe.pr.gov.br\\\/index.php\\\/secretaria-de-saude-promove-mutirao-de-limpeza-na-regiao-do-cambe-iv-neste-sabado-13\\\/#primaryimage\"},\"image\":{\"@id\":\"https:\\\/\\\/www.cambe.pr.gov.br\\\/index.php\\\/secretaria-de-saude-promove-mutirao-de-limpeza-na-regiao-do-cambe-iv-neste-sabado-13\\\/#primaryimage\"},\"thumbnailUrl\":\"https:\\\/\\\/www.cambe.pr.gov.br\\\/wp-content\\\/uploads\\\/2025\\\/02\\\/DSC_0124-copiar-2-1024x678.jpg\",\"datePublished\":\"2025-09-12T18:24:52+00:00\",\"breadcrumb\":{\"@id\":\"https:\\\/\\\/www.cambe.pr.gov.br\\\/index.php\\\/secretaria-de-saude-promove-mutirao-de-limpeza-na-regiao-do-cambe-iv-neste-sabado-13\\\/#breadcrumb\"},\"inLanguage\":\"pt-BR\",\"potentialAction\":[{\"@type\":\"ReadAction\",\"target\":[\"https:\\\/\\\/www.cambe.pr.gov.br\\\/index.php\\\/secretaria-de-saude-promove-mutirao-de-limpeza-na-regiao-do-cambe-iv-neste-sabado-13\\\/\"]}]},{\"@type\":\"ImageObject\",\"inLanguage\":\"pt-BR\",\"@id\":\"https:\\\/\\\/www.cambe.pr.gov.br\\\/index.php\\\/secretaria-de-saude-promove-mutirao-de-limpeza-na-regiao-do-cambe-iv-neste-sabado-13\\\/#primaryimage\",\"url\":\"https:\\\/\\\/www.cambe.pr.gov.br\\\/wp-content\\\/uploads\\\/2025\\\/02\\\/DSC_0124-copiar-2-scaled.jpg\",\"contentUrl\":\"https:\\\/\\\/www.cambe.pr.gov.br\\\/wp-content\\\/uploads\\\/2025\\\/02\\\/DSC_0124-copiar-2-scaled.jpg\",\"width\":2560,\"height\":1696},{\"@type\":\"BreadcrumbList\",\"@id\":\"https:\\\/\\\/www.cambe.pr.gov.br\\\/index.php\\\/secretaria-de-saude-promove-mutirao-de-limpeza-na-regiao-do-cambe-iv-neste-sabado-13\\\/#breadcrumb\",\"itemListElement\":[{\"@type\":\"ListItem\",\"position\":1,\"name\":\"In\u00edcio\",\"item\":\"https:\\\/\\\/www.cambe.pr.gov.br\\\/\"},{\"@type\":\"ListItem\",\"position\":2,\"name\":\"Secretaria de Sa\u00fade promove mutir\u00e3o de limpeza na regi\u00e3o do Camb\u00e9 IV neste s\u00e1bado (13)\"}]},{\"@type\":\"WebSite\",\"@id\":\"https:\\\/\\\/www.cambe.pr.gov.br\\\/#website\",\"url\":\"https:\\\/\\\/www.cambe.pr.gov.br\\\/\",\"name\":\"Prefeitura de Camb\u00e9\",\"description\":\"UM GOVERNO PARA TODOS\",\"publisher\":{\"@id\":\"https:\\\/\\\/www.cambe.pr.gov.br\\\/#organization\"},\"potentialAction\":[{\"@type\":\"SearchAction\",\"target\":{\"@type\":\"EntryPoint\",\"urlTemplate\":\"https:\\\/\\\/www.cambe.pr.gov.br\\\/?s={search_term_string}\"},\"query-input\":{\"@type\":\"PropertyValueSpecification\",\"valueRequired\":true,\"valueName\":\"search_term_string\"}}],\"inLanguage\":\"pt-BR\"},{\"@type\":\"Organization\",\"@id\":\"https:\\\/\\\/www.cambe.pr.gov.br\\\/#organization\",\"name\":\"Prefeitura de Camb\u00e9\",\"url\":\"https:\\\/\\\/www.cambe.pr.gov.br\\\/\",\"logo\":{\"@type\":\"ImageObject\",\"inLanguage\":\"pt-BR\",\"@id\":\"https:\\\/\\\/www.cambe.pr.gov.br\\\/#\\\/schema\\\/logo\\\/image\\\/\",\"url\":\"https:\\\/\\\/www.cambe.pr.gov.br\\\/wp-content\\\/uploads\\\/2021\\\/01\\\/cropped-cropped-cambe_brazao-icone.png\",\"contentUrl\":\"https:\\\/\\\/www.cambe.pr.gov.br\\\/wp-content\\\/uploads\\\/2021\\\/01\\\/cropped-cropped-cambe_brazao-icone.png\",\"width\":240,\"height\":240,\"caption\":\"Prefeitura de Camb\u00e9\"},\"image\":{\"@id\":\"https:\\\/\\\/www.cambe.pr.gov.br\\\/#\\\/schema\\\/logo\\\/image\\\/\"},\"sameAs\":[\"https:\\\/\\\/m.facebook.com\\\/prefeituradecambe\"]},{\"@type\":\"Person\",\"@id\":\"https:\\\/\\\/www.cambe.pr.gov.br\\\/#\\\/schema\\\/person\\\/8e3ee69cb2cadf4b9f8377407227effd\",\"name\":\"Vinicius Augusto Batista Eira\",\"image\":{\"@type\":\"ImageObject\",\"inLanguage\":\"pt-BR\",\"@id\":\"https:\\\/\\\/secure.gravatar.com\\\/avatar\\\/1ec500de7013b30e1d4d7c8c3978f0e4433c37e5d5e4cd186239369c6440122b?s=96&d=mm&r=g\",\"url\":\"https:\\\/\\\/secure.gravatar.com\\\/avatar\\\/1ec500de7013b30e1d4d7c8c3978f0e4433c37e5d5e4cd186239369c6440122b?s=96&d=mm&r=g\",\"contentUrl\":\"https:\\\/\\\/secure.gravatar.com\\\/avatar\\\/1ec500de7013b30e1d4d7c8c3978f0e4433c37e5d5e4cd186239369c6440122b?s=96&d=mm&r=g\",\"caption\":\"Vinicius Augusto Batista Eira\"},\"url\":\"https:\\\/\\\/www.cambe.pr.gov.br\\\/index.php\\\/author\\\/vabeira\\\/\"}]}<\/script>\n<!-- \/ Yoast SEO plugin. -->","yoast_head_json":{"title":"Secretaria de Sa\u00fade promove mutir\u00e3o de limpeza na regi\u00e3o do Camb\u00e9 IV neste s\u00e1bado (13) - Prefeitura de Camb\u00e9","robots":{"index":"index","follow":"follow","max-snippet":"max-snippet:-1","max-image-preview":"max-image-preview:large","max-video-preview":"max-video-preview:-1"},"canonical":"https:\/\/www.cambe.pr.gov.br\/index.php\/secretaria-de-saude-promove-mutirao-de-limpeza-na-regiao-do-cambe-iv-neste-sabado-13\/","og_locale":"pt_BR","og_type":"article","og_title":"Secretaria de Sa\u00fade promove mutir\u00e3o de limpeza na regi\u00e3o do Camb\u00e9 IV neste s\u00e1bado (13) - Prefeitura de Camb\u00e9","og_description":"A Secretaria Municipal de Sa\u00fade P\u00fablica realiza mais um mutir\u00e3o de limpeza contra a dengue neste s\u00e1bado (13). A partir das 7 horas, os caminh\u00f5es e agentes de endemias estar\u00e3o nas ruas de abrang\u00eancia da Unidade B\u00e1sica de Sa\u00fade (UBS) do Camb\u00e9 IV. A a\u00e7\u00e3o visa ajudar moradores a limpar seus quintais e se prevenir [&hellip;]","og_url":"https:\/\/www.cambe.pr.gov.br\/index.php\/secretaria-de-saude-promove-mutirao-de-limpeza-na-regiao-do-cambe-iv-neste-sabado-13\/","og_site_name":"Prefeitura de Camb\u00e9","article_publisher":"https:\/\/m.facebook.com\/prefeituradecambe","article_published_time":"2025-09-12T18:24:52+00:00","og_image":[{"width":2560,"height":1696,"url":"https:\/\/www.cambe.pr.gov.br\/wp-content\/uploads\/2025\/02\/DSC_0124-copiar-2-scaled.jpg","type":"image\/jpeg"}],"author":"Vinicius Augusto Batista Eira","twitter_card":"summary_large_image","twitter_misc":{"Escrito por":"Vinicius Augusto Batista Eira","Est. tempo de leitura":"2 minutos"},"schema":{"@context":"https:\/\/schema.org","@graph":[{"@type":"Article","@id":"https:\/\/www.cambe.pr.gov.br\/index.php\/secretaria-de-saude-promove-mutirao-de-limpeza-na-regiao-do-cambe-iv-neste-sabado-13\/#article","isPartOf":{"@id":"https:\/\/www.cambe.pr.gov.br\/index.php\/secretaria-de-saude-promove-mutirao-de-limpeza-na-regiao-do-cambe-iv-neste-sabado-13\/"},"author":{"name":"Vinicius Augusto Batista Eira","@id":"https:\/\/www.cambe.pr.gov.br\/#\/schema\/person\/8e3ee69cb2cadf4b9f8377407227effd"},"headline":"Secretaria de Sa\u00fade promove mutir\u00e3o de limpeza na regi\u00e3o do Camb\u00e9 IV neste s\u00e1bado (13)","datePublished":"2025-09-12T18:24:52+00:00","mainEntityOfPage":{"@id":"https:\/\/www.cambe.pr.gov.br\/index.php\/secretaria-de-saude-promove-mutirao-de-limpeza-na-regiao-do-cambe-iv-neste-sabado-13\/"},"wordCount":259,"publisher":{"@id":"https:\/\/www.cambe.pr.gov.br\/#organization"},"image":{"@id":"https:\/\/www.cambe.pr.gov.br\/index.php\/secretaria-de-saude-promove-mutirao-de-limpeza-na-regiao-do-cambe-iv-neste-sabado-13\/#primaryimage"},"thumbnailUrl":"https:\/\/www.cambe.pr.gov.br\/wp-content\/uploads\/2025\/02\/DSC_0124-copiar-2-1024x678.jpg","articleSection":["Principal"],"inLanguage":"pt-BR"},{"@type":"WebPage","@id":"https:\/\/www.cambe.pr.gov.br\/index.php\/secretaria-de-saude-promove-mutirao-de-limpeza-na-regiao-do-cambe-iv-neste-sabado-13\/","url":"https:\/\/www.cambe.pr.gov.br\/index.php\/secretaria-de-saude-promove-mutirao-de-limpeza-na-regiao-do-cambe-iv-neste-sabado-13\/","name":"Secretaria de Sa\u00fade promove mutir\u00e3o de limpeza na regi\u00e3o do Camb\u00e9 IV neste s\u00e1bado (13) - Prefeitura de Camb\u00e9","isPartOf":{"@id":"https:\/\/www.cambe.pr.gov.br\/#website"},"primaryImageOfPage":{"@id":"https:\/\/www.cambe.pr.gov.br\/index.php\/secretaria-de-saude-promove-mutirao-de-limpeza-na-regiao-do-cambe-iv-neste-sabado-13\/#primaryimage"},"image":{"@id":"https:\/\/www.cambe.pr.gov.br\/index.php\/secretaria-de-saude-promove-mutirao-de-limpeza-na-regiao-do-cambe-iv-neste-sabado-13\/#primaryimage"},"thumbnailUrl":"https:\/\/www.cambe.pr.gov.br\/wp-content\/uploads\/2025\/02\/DSC_0124-copiar-2-1024x678.jpg","datePublished":"2025-09-12T18:24:52+00:00","breadcrumb":{"@id":"https:\/\/www.cambe.pr.gov.br\/index.php\/secretaria-de-saude-promove-mutirao-de-limpeza-na-regiao-do-cambe-iv-neste-sabado-13\/#breadcrumb"},"inLanguage":"pt-BR","potentialAction":[{"@type":"ReadAction","target":["https:\/\/www.cambe.pr.gov.br\/index.php\/secretaria-de-saude-promove-mutirao-de-limpeza-na-regiao-do-cambe-iv-neste-sabado-13\/"]}]},{"@type":"ImageObject","inLanguage":"pt-BR","@id":"https:\/\/www.cambe.pr.gov.br\/index.php\/secretaria-de-saude-promove-mutirao-de-limpeza-na-regiao-do-cambe-iv-neste-sabado-13\/#primaryimage","url":"https:\/\/www.cambe.pr.gov.br\/wp-content\/uploads\/2025\/02\/DSC_0124-copiar-2-scaled.jpg","contentUrl":"https:\/\/www.cambe.pr.gov.br\/wp-content\/uploads\/2025\/02\/DSC_0124-copiar-2-scaled.jpg","width":2560,"height":1696},{"@type":"BreadcrumbList","@id":"https:\/\/www.cambe.pr.gov.br\/index.php\/secretaria-de-saude-promove-mutirao-de-limpeza-na-regiao-do-cambe-iv-neste-sabado-13\/#breadcrumb","itemListElement":[{"@type":"ListItem","position":1,"name":"In\u00edcio","item":"https:\/\/www.cambe.pr.gov.br\/"},{"@type":"ListItem","position":2,"name":"Secretaria de Sa\u00fade promove mutir\u00e3o de limpeza na regi\u00e3o do Camb\u00e9 IV neste s\u00e1bado (13)"}]},{"@type":"WebSite","@id":"https:\/\/www.cambe.pr.gov.br\/#website","url":"https:\/\/www.cambe.pr.gov.br\/","name":"Prefeitura de Camb\u00e9","description":"UM GOVERNO PARA TODOS","publisher":{"@id":"https:\/\/www.cambe.pr.gov.br\/#organization"},"potentialAction":[{"@type":"SearchAction","target":{"@type":"EntryPoint","urlTemplate":"https:\/\/www.cambe.pr.gov.br\/?s={search_term_string}"},"query-input":{"@type":"PropertyValueSpecification","valueRequired":true,"valueName":"search_term_string"}}],"inLanguage":"pt-BR"},{"@type":"Organization","@id":"https:\/\/www.cambe.pr.gov.br\/#organization","name":"Prefeitura de Camb\u00e9","url":"https:\/\/www.cambe.pr.gov.br\/","logo":{"@type":"ImageObject","inLanguage":"pt-BR","@id":"https:\/\/www.cambe.pr.gov.br\/#\/schema\/logo\/image\/","url":"https:\/\/www.cambe.pr.gov.br\/wp-content\/uploads\/2021\/01\/cropped-cropped-cambe_brazao-icone.png","contentUrl":"https:\/\/www.cambe.pr.gov.br\/wp-content\/uploads\/2021\/01\/cropped-cropped-cambe_brazao-icone.png","width":240,"height":240,"caption":"Prefeitura de Camb\u00e9"},"image":{"@id":"https:\/\/www.cambe.pr.gov.br\/#\/schema\/logo\/image\/"},"sameAs":["https:\/\/m.facebook.com\/prefeituradecambe"]},{"@type":"Person","@id":"https:\/\/www.cambe.pr.gov.br\/#\/schema\/person\/8e3ee69cb2cadf4b9f8377407227effd","name":"Vinicius Augusto Batista Eira","image":{"@type":"ImageObject","inLanguage":"pt-BR","@id":"https:\/\/secure.gravatar.com\/avatar\/1ec500de7013b30e1d4d7c8c3978f0e4433c37e5d5e4cd186239369c6440122b?s=96&d=mm&r=g","url":"https:\/\/secure.gravatar.com\/avatar\/1ec500de7013b30e1d4d7c8c3978f0e4433c37e5d5e4cd186239369c6440122b?s=96&d=mm&r=g","contentUrl":"https:\/\/secure.gravatar.com\/avatar\/1ec500de7013b30e1d4d7c8c3978f0e4433c37e5d5e4cd186239369c6440122b?s=96&d=mm&r=g","caption":"Vinicius Augusto Batista Eira"},"url":"https:\/\/www.cambe.pr.gov.br\/index.php\/author\/vabeira\/"}]}},"_links":{"self":[{"href":"https:\/\/www.cambe.pr.gov.br\/index.php\/wp-json\/wp\/v2\/posts\/17744","targetHints":{"allow":["GET"]}}],"collection":[{"href":"https:\/\/www.cambe.pr.gov.br\/index.php\/wp-json\/wp\/v2\/posts"}],"about":[{"href":"https:\/\/www.cambe.pr.gov.br\/index.php\/wp-json\/wp\/v2\/types\/post"}],"author":[{"embeddable":true,"href":"https:\/\/www.cambe.pr.gov.br\/index.php\/wp-json\/wp\/v2\/users\/16"}],"replies":[{"embeddable":true,"href":"https:\/\/www.cambe.pr.gov.br\/index.php\/wp-json\/wp\/v2\/comments?post=17744"}],"version-history":[{"count":3,"href":"https:\/\/www.cambe.pr.gov.br\/index.php\/wp-json\/wp\/v2\/posts\/17744\/revisions"}],"predecessor-version":[{"id":17747,"href":"https:\/\/www.cambe.pr.gov.br\/index.php\/wp-json\/wp\/v2\/posts\/17744\/revisions\/17747"}],"wp:attachment":[{"href":"https:\/\/www.cambe.pr.gov.br\/index.php\/wp-json\/wp\/v2\/media?parent=17744"}],"wp:term":[{"taxonomy":"category","embeddable":true,"href":"https:\/\/www.cambe.pr.gov.br\/index.php\/wp-json\/wp\/v2\/categories?post=17744"},{"taxonomy":"post_tag","embeddable":true,"href":"https:\/\/www.cambe.pr.gov.br\/index.php\/wp-json\/wp\/v2\/tags?post=17744"}],"curies":[{"name":"wp","href":"https:\/\/api.w.org\/{rel}","templated":true}]}}