{"id":17741,"date":"2025-09-12T14:24:28","date_gmt":"2025-09-12T17:24:28","guid":{"rendered":"https:\/\/www.cambe.pr.gov.br\/?p=17741"},"modified":"2025-09-12T14:24:28","modified_gmt":"2025-09-12T17:24:28","slug":"prefeitura-inaugura-o-espaco-familia-lauro-re-ligeiro-no-castelo-branco-neste-sabado-13","status":"publish","type":"post","link":"https:\/\/www.cambe.pr.gov.br\/index.php\/prefeitura-inaugura-o-espaco-familia-lauro-re-ligeiro-no-castelo-branco-neste-sabado-13\/","title":{"rendered":"Prefeitura inaugura o Espa\u00e7o Fam\u00edlia Lauro R\u00e9 Ligeiro, no Castelo Branco, neste s\u00e1bado (13)"},"content":{"rendered":"<p style=\"text-align: justify;\"><span style=\"font-weight: 400; font-family: arial, helvetica, sans-serif;\"><img fetchpriority=\"high\" decoding=\"async\" class=\"alignleft wp-image-17742 size-large\" src=\"https:\/\/www.cambe.pr.gov.br\/wp-content\/uploads\/2025\/09\/01-geral-ok.MP4_snapshot_00.24.024-1024x819.jpg\" alt=\"\" width=\"610\" height=\"488\" srcset=\"https:\/\/www.cambe.pr.gov.br\/wp-content\/uploads\/2025\/09\/01-geral-ok.MP4_snapshot_00.24.024-1024x819.jpg 1024w, https:\/\/www.cambe.pr.gov.br\/wp-content\/uploads\/2025\/09\/01-geral-ok.MP4_snapshot_00.24.024-300x240.jpg 300w, https:\/\/www.cambe.pr.gov.br\/wp-content\/uploads\/2025\/09\/01-geral-ok.MP4_snapshot_00.24.024-768x614.jpg 768w, https:\/\/www.cambe.pr.gov.br\/wp-content\/uploads\/2025\/09\/01-geral-ok.MP4_snapshot_00.24.024-1536x1228.jpg 1536w, https:\/\/www.cambe.pr.gov.br\/wp-content\/uploads\/2025\/09\/01-geral-ok.MP4_snapshot_00.24.024.jpg 1698w\" sizes=\"(max-width: 610px) 100vw, 610px\" \/>Mais uma op\u00e7\u00e3o de lazer, esporte e conviv\u00eancia familiar em Camb\u00e9. Neste s\u00e1bado, a partir das 9h30, a Prefeitura inaugura o Espa\u00e7o Fam\u00edlia do Castelo Branco. O que antes era uma quadra poliesportiva abandonada e sem vida, agora passa a ser uma estrutura completa com op\u00e7\u00f5es para todas as idades, que junto ao Centro Esportivo passa a ser o maior complexo esportivo do munic\u00edpio.<\/span><\/p>\n<p style=\"text-align: justify;\"><span style=\"font-weight: 400; font-family: arial, helvetica, sans-serif;\">O Espa\u00e7o Fam\u00edlia Lauro R\u00e9 Ligeiro fica na Rua Bento Munhoz da Rocha Neto, 550, e conta com duas quadras de areia, academia para a terceira idade, parquinho, pra\u00e7as internas, banheiros e pista de skate. Tamb\u00e9m foi feita a reforma da quadra poliesportiva e arquibancadas que j\u00e1 existiam ali, que agora passa a levar o nome de Eliane Alvin Dias. Foram investidos mais de R$ 1,5 milh\u00e3o em mais sa\u00fade, esporte e lazer para toda a comunidade.<\/span><\/p>\n<p style=\"text-align: justify;\"><span style=\"font-weight: 400; font-family: arial, helvetica, sans-serif;\">O prefeito Conrado Scheller celebrou a entrega do Espa\u00e7o, que impacta diretamente v\u00e1rias \u00e1reas atendidas pela Prefeitura. \u201c\u00c9 com muita alegria que entregamos essa estrutura. Um local que antes estava abandonado, era utilizado por desocupados, andarilhos, agora vai ser uma op\u00e7\u00e3o de esporte e lazer para toda a fam\u00edlia. Tem op\u00e7\u00e3o de esportes nas quadras, skate, academia, brinquedo para as crian\u00e7as. Isso traz felicidade para todos, gera sa\u00fade, une as pessoas\u201d, disse o prefeito.<\/span><\/p>\n<p style=\"text-align: justify;\"><span style=\"font-weight: 400; font-family: arial, helvetica, sans-serif;\">A cerim\u00f4nia de inaugura\u00e7\u00e3o do Espa\u00e7o Fam\u00edlia Lauro R\u00e9 Ligeiro \u00e9 aberta para toda a comunidade, e acontece neste s\u00e1bado (13), \u00e0s 9h30.<\/span><\/p>\n<p>&nbsp;<\/p>\n<p style=\"text-align: justify;\"><strong><span style=\"font-family: arial, helvetica, sans-serif;\">Espa\u00e7o Fam\u00edlia Lauro R\u00e9 Ligeiro<\/span><\/strong><\/p>\n<p style=\"text-align: justify;\"><span style=\"font-weight: 400; font-family: arial, helvetica, sans-serif;\">Lauro R\u00e9 Ligeiro nasceu em Santo Anast\u00e1cio\u2013SP, em 31 de julho de 1937. Filho de Gabriel R\u00e9 Reberte e Magdalena Mingoranse R\u00e9, foi o quarto de oito irm\u00e3os. Nos anos 1950, a fam\u00edlia se mudou para Sertaneja\u2013PR, onde montaram uma sapataria para atender \u00e0s demandas da cidade e regi\u00e3o. Foi l\u00e1 que Lauro conheceu e se casou com Natalina Flausina Ligeiro, hoje com 79 anos e aposentada como professora estadual. O casal teve tr\u00eas filhos.<\/span><\/p>\n<p style=\"text-align: justify;\"><span style=\"font-weight: 400; font-family: arial, helvetica, sans-serif;\">A fam\u00edlia chegou em Camb\u00e9 em 1983. Lauro e Natalina se tornaram l\u00edderes da comunidade cat\u00f3lica, e ele abriu sua sapataria no Parque Manella, atendendo moradores do Castelo Branco e regi\u00f5es vizinhas. Com o tempo, Lauro se tornou l\u00edder comunit\u00e1rio na luta pela conquista do terreno onde hoje est\u00e1 a Capela Divino Esp\u00edrito Santo, que antes funcionava no Centro Comunit\u00e1rio.\u00a0<\/span><\/p>\n<p style=\"text-align: justify;\"><span style=\"font-weight: 400; font-family: arial, helvetica, sans-serif;\">Em 1987, Lauro assumiu a presid\u00eancia da Associa\u00e7\u00e3o de Moradores do Castelo Branco, sendo o primeiro morador do conjunto a se candidatar a uma vaga como vereador nas elei\u00e7\u00f5es de 1988. Embora n\u00e3o tenha sido eleito, foi convidado pelo prefeito Z\u00e9 do Carmo para assumir a Secretaria de Assuntos Comunit\u00e1rios. Lauro trabalhou ao lado das Associa\u00e7\u00f5es de Moradores e das hortas comunit\u00e1rias, o que contribuiu para sua elei\u00e7\u00e3o como vereador nas elei\u00e7\u00f5es de 1991. Ele assumiu o cargo em 1992, foi reeleito em 1996, e ficou no cargo at\u00e9 1999. Ap\u00f3s isso, enfrentou problemas de sa\u00fade, mas permaneceu por mais quatro anos como assessor da Prefeitura, em gest\u00e3o do prefeito Z\u00e9 do Carmo, e tamb\u00e9m da C\u00e2mara de Vereadores, convidado pelo vereador Osmarino Manzoni.<\/span><\/p>\n<p style=\"text-align: justify;\"><span style=\"font-weight: 400; font-family: arial, helvetica, sans-serif;\">Pessoa de muitos amigos, Lauro sempre lutou pelas melhorias de sua regi\u00e3o, trabalhando em parceria com a Prefeitura e com deputados com quem tinha contato. Sua hist\u00f3ria na comunidade foi marcada por muito esfor\u00e7o e dedica\u00e7\u00e3o.\u00a0 Ao todo, foram 36 anos de hist\u00f3ria no Castelo Branco, marcados pela cordialidade, humildade, firmeza e honestidade. Em 2012, Lauro foi diagnosticado com Mal de Alzheimer. Ele faleceu em 10 de dezembro de 2019.<\/span><\/p>\n","protected":false},"excerpt":{"rendered":"<p>Mais uma op\u00e7\u00e3o de lazer, esporte e conviv\u00eancia familiar em Camb\u00e9. Neste s\u00e1bado, a partir das 9h30, a Prefeitura inaugura o Espa\u00e7o Fam\u00edlia do Castelo Branco. O que antes era uma quadra poliesportiva abandonada e sem vida, agora passa a ser uma estrutura completa com op\u00e7\u00f5es para todas as idades, que junto ao Centro Esportivo [&hellip;]<\/p>\n","protected":false},"author":16,"featured_media":0,"comment_status":"closed","ping_status":"closed","sticky":false,"template":"","format":"standard","meta":{"ngg_post_thumbnail":0,"footnotes":""},"categories":[1],"tags":[],"class_list":["post-17741","post","type-post","status-publish","format-standard","hentry","category-principal"],"yoast_head":"<!-- This site is optimized with the Yoast SEO plugin v27.4 - https:\/\/yoast.com\/product\/yoast-seo-wordpress\/ -->\n<title>Prefeitura inaugura o Espa\u00e7o Fam\u00edlia Lauro R\u00e9 Ligeiro, no Castelo Branco, neste s\u00e1bado (13) - Prefeitura de Camb\u00e9<\/title>\n<meta name=\"robots\" content=\"index, follow, max-snippet:-1, max-image-preview:large, max-video-preview:-1\" \/>\n<link rel=\"canonical\" href=\"https:\/\/www.cambe.pr.gov.br\/index.php\/prefeitura-inaugura-o-espaco-familia-lauro-re-ligeiro-no-castelo-branco-neste-sabado-13\/\" \/>\n<meta property=\"og:locale\" content=\"pt_BR\" \/>\n<meta property=\"og:type\" content=\"article\" \/>\n<meta property=\"og:title\" content=\"Prefeitura inaugura o Espa\u00e7o Fam\u00edlia Lauro R\u00e9 Ligeiro, no Castelo Branco, neste s\u00e1bado (13) - Prefeitura de Camb\u00e9\" \/>\n<meta property=\"og:description\" content=\"Mais uma op\u00e7\u00e3o de lazer, esporte e conviv\u00eancia familiar em Camb\u00e9. Neste s\u00e1bado, a partir das 9h30, a Prefeitura inaugura o Espa\u00e7o Fam\u00edlia do Castelo Branco. O que antes era uma quadra poliesportiva abandonada e sem vida, agora passa a ser uma estrutura completa com op\u00e7\u00f5es para todas as idades, que junto ao Centro Esportivo [&hellip;]\" \/>\n<meta property=\"og:url\" content=\"https:\/\/www.cambe.pr.gov.br\/index.php\/prefeitura-inaugura-o-espaco-familia-lauro-re-ligeiro-no-castelo-branco-neste-sabado-13\/\" \/>\n<meta property=\"og:site_name\" content=\"Prefeitura de Camb\u00e9\" \/>\n<meta property=\"article:publisher\" content=\"https:\/\/m.facebook.com\/prefeituradecambe\" \/>\n<meta property=\"article:published_time\" content=\"2025-09-12T17:24:28+00:00\" \/>\n<meta property=\"og:image\" content=\"https:\/\/www.cambe.pr.gov.br\/wp-content\/uploads\/2025\/09\/01-geral-ok.MP4_snapshot_00.24.024.jpg\" \/>\n\t<meta property=\"og:image:width\" content=\"1698\" \/>\n\t<meta property=\"og:image:height\" content=\"1358\" \/>\n\t<meta property=\"og:image:type\" content=\"image\/jpeg\" \/>\n<meta name=\"author\" content=\"Vinicius Augusto Batista Eira\" \/>\n<meta name=\"twitter:card\" content=\"summary_large_image\" \/>\n<meta name=\"twitter:label1\" content=\"Escrito por\" \/>\n\t<meta name=\"twitter:data1\" content=\"Vinicius Augusto Batista Eira\" \/>\n\t<meta name=\"twitter:label2\" content=\"Est. tempo de leitura\" \/>\n\t<meta name=\"twitter:data2\" content=\"4 minutos\" \/>\n<script type=\"application\/ld+json\" class=\"yoast-schema-graph\">{\"@context\":\"https:\\\/\\\/schema.org\",\"@graph\":[{\"@type\":\"Article\",\"@id\":\"https:\\\/\\\/www.cambe.pr.gov.br\\\/index.php\\\/prefeitura-inaugura-o-espaco-familia-lauro-re-ligeiro-no-castelo-branco-neste-sabado-13\\\/#article\",\"isPartOf\":{\"@id\":\"https:\\\/\\\/www.cambe.pr.gov.br\\\/index.php\\\/prefeitura-inaugura-o-espaco-familia-lauro-re-ligeiro-no-castelo-branco-neste-sabado-13\\\/\"},\"author\":{\"name\":\"Vinicius Augusto Batista Eira\",\"@id\":\"https:\\\/\\\/www.cambe.pr.gov.br\\\/#\\\/schema\\\/person\\\/8e3ee69cb2cadf4b9f8377407227effd\"},\"headline\":\"Prefeitura inaugura o Espa\u00e7o Fam\u00edlia Lauro R\u00e9 Ligeiro, no Castelo Branco, neste s\u00e1bado (13)\",\"datePublished\":\"2025-09-12T17:24:28+00:00\",\"mainEntityOfPage\":{\"@id\":\"https:\\\/\\\/www.cambe.pr.gov.br\\\/index.php\\\/prefeitura-inaugura-o-espaco-familia-lauro-re-ligeiro-no-castelo-branco-neste-sabado-13\\\/\"},\"wordCount\":630,\"publisher\":{\"@id\":\"https:\\\/\\\/www.cambe.pr.gov.br\\\/#organization\"},\"image\":{\"@id\":\"https:\\\/\\\/www.cambe.pr.gov.br\\\/index.php\\\/prefeitura-inaugura-o-espaco-familia-lauro-re-ligeiro-no-castelo-branco-neste-sabado-13\\\/#primaryimage\"},\"thumbnailUrl\":\"https:\\\/\\\/www.cambe.pr.gov.br\\\/wp-content\\\/uploads\\\/2025\\\/09\\\/01-geral-ok.MP4_snapshot_00.24.024-1024x819.jpg\",\"articleSection\":[\"Principal\"],\"inLanguage\":\"pt-BR\"},{\"@type\":\"WebPage\",\"@id\":\"https:\\\/\\\/www.cambe.pr.gov.br\\\/index.php\\\/prefeitura-inaugura-o-espaco-familia-lauro-re-ligeiro-no-castelo-branco-neste-sabado-13\\\/\",\"url\":\"https:\\\/\\\/www.cambe.pr.gov.br\\\/index.php\\\/prefeitura-inaugura-o-espaco-familia-lauro-re-ligeiro-no-castelo-branco-neste-sabado-13\\\/\",\"name\":\"Prefeitura inaugura o Espa\u00e7o Fam\u00edlia Lauro R\u00e9 Ligeiro, no Castelo Branco, neste s\u00e1bado (13) - Prefeitura de Camb\u00e9\",\"isPartOf\":{\"@id\":\"https:\\\/\\\/www.cambe.pr.gov.br\\\/#website\"},\"primaryImageOfPage\":{\"@id\":\"https:\\\/\\\/www.cambe.pr.gov.br\\\/index.php\\\/prefeitura-inaugura-o-espaco-familia-lauro-re-ligeiro-no-castelo-branco-neste-sabado-13\\\/#primaryimage\"},\"image\":{\"@id\":\"https:\\\/\\\/www.cambe.pr.gov.br\\\/index.php\\\/prefeitura-inaugura-o-espaco-familia-lauro-re-ligeiro-no-castelo-branco-neste-sabado-13\\\/#primaryimage\"},\"thumbnailUrl\":\"https:\\\/\\\/www.cambe.pr.gov.br\\\/wp-content\\\/uploads\\\/2025\\\/09\\\/01-geral-ok.MP4_snapshot_00.24.024-1024x819.jpg\",\"datePublished\":\"2025-09-12T17:24:28+00:00\",\"breadcrumb\":{\"@id\":\"https:\\\/\\\/www.cambe.pr.gov.br\\\/index.php\\\/prefeitura-inaugura-o-espaco-familia-lauro-re-ligeiro-no-castelo-branco-neste-sabado-13\\\/#breadcrumb\"},\"inLanguage\":\"pt-BR\",\"potentialAction\":[{\"@type\":\"ReadAction\",\"target\":[\"https:\\\/\\\/www.cambe.pr.gov.br\\\/index.php\\\/prefeitura-inaugura-o-espaco-familia-lauro-re-ligeiro-no-castelo-branco-neste-sabado-13\\\/\"]}]},{\"@type\":\"ImageObject\",\"inLanguage\":\"pt-BR\",\"@id\":\"https:\\\/\\\/www.cambe.pr.gov.br\\\/index.php\\\/prefeitura-inaugura-o-espaco-familia-lauro-re-ligeiro-no-castelo-branco-neste-sabado-13\\\/#primaryimage\",\"url\":\"https:\\\/\\\/www.cambe.pr.gov.br\\\/wp-content\\\/uploads\\\/2025\\\/09\\\/01-geral-ok.MP4_snapshot_00.24.024.jpg\",\"contentUrl\":\"https:\\\/\\\/www.cambe.pr.gov.br\\\/wp-content\\\/uploads\\\/2025\\\/09\\\/01-geral-ok.MP4_snapshot_00.24.024.jpg\",\"width\":1698,\"height\":1358},{\"@type\":\"BreadcrumbList\",\"@id\":\"https:\\\/\\\/www.cambe.pr.gov.br\\\/index.php\\\/prefeitura-inaugura-o-espaco-familia-lauro-re-ligeiro-no-castelo-branco-neste-sabado-13\\\/#breadcrumb\",\"itemListElement\":[{\"@type\":\"ListItem\",\"position\":1,\"name\":\"In\u00edcio\",\"item\":\"https:\\\/\\\/www.cambe.pr.gov.br\\\/\"},{\"@type\":\"ListItem\",\"position\":2,\"name\":\"Prefeitura inaugura o Espa\u00e7o Fam\u00edlia Lauro R\u00e9 Ligeiro, no Castelo Branco, neste s\u00e1bado (13)\"}]},{\"@type\":\"WebSite\",\"@id\":\"https:\\\/\\\/www.cambe.pr.gov.br\\\/#website\",\"url\":\"https:\\\/\\\/www.cambe.pr.gov.br\\\/\",\"name\":\"Prefeitura de Camb\u00e9\",\"description\":\"UM GOVERNO PARA TODOS\",\"publisher\":{\"@id\":\"https:\\\/\\\/www.cambe.pr.gov.br\\\/#organization\"},\"potentialAction\":[{\"@type\":\"SearchAction\",\"target\":{\"@type\":\"EntryPoint\",\"urlTemplate\":\"https:\\\/\\\/www.cambe.pr.gov.br\\\/?s={search_term_string}\"},\"query-input\":{\"@type\":\"PropertyValueSpecification\",\"valueRequired\":true,\"valueName\":\"search_term_string\"}}],\"inLanguage\":\"pt-BR\"},{\"@type\":\"Organization\",\"@id\":\"https:\\\/\\\/www.cambe.pr.gov.br\\\/#organization\",\"name\":\"Prefeitura de Camb\u00e9\",\"url\":\"https:\\\/\\\/www.cambe.pr.gov.br\\\/\",\"logo\":{\"@type\":\"ImageObject\",\"inLanguage\":\"pt-BR\",\"@id\":\"https:\\\/\\\/www.cambe.pr.gov.br\\\/#\\\/schema\\\/logo\\\/image\\\/\",\"url\":\"https:\\\/\\\/www.cambe.pr.gov.br\\\/wp-content\\\/uploads\\\/2021\\\/01\\\/cropped-cropped-cambe_brazao-icone.png\",\"contentUrl\":\"https:\\\/\\\/www.cambe.pr.gov.br\\\/wp-content\\\/uploads\\\/2021\\\/01\\\/cropped-cropped-cambe_brazao-icone.png\",\"width\":240,\"height\":240,\"caption\":\"Prefeitura de Camb\u00e9\"},\"image\":{\"@id\":\"https:\\\/\\\/www.cambe.pr.gov.br\\\/#\\\/schema\\\/logo\\\/image\\\/\"},\"sameAs\":[\"https:\\\/\\\/m.facebook.com\\\/prefeituradecambe\"]},{\"@type\":\"Person\",\"@id\":\"https:\\\/\\\/www.cambe.pr.gov.br\\\/#\\\/schema\\\/person\\\/8e3ee69cb2cadf4b9f8377407227effd\",\"name\":\"Vinicius Augusto Batista Eira\",\"image\":{\"@type\":\"ImageObject\",\"inLanguage\":\"pt-BR\",\"@id\":\"https:\\\/\\\/secure.gravatar.com\\\/avatar\\\/1ec500de7013b30e1d4d7c8c3978f0e4433c37e5d5e4cd186239369c6440122b?s=96&d=mm&r=g\",\"url\":\"https:\\\/\\\/secure.gravatar.com\\\/avatar\\\/1ec500de7013b30e1d4d7c8c3978f0e4433c37e5d5e4cd186239369c6440122b?s=96&d=mm&r=g\",\"contentUrl\":\"https:\\\/\\\/secure.gravatar.com\\\/avatar\\\/1ec500de7013b30e1d4d7c8c3978f0e4433c37e5d5e4cd186239369c6440122b?s=96&d=mm&r=g\",\"caption\":\"Vinicius Augusto Batista Eira\"},\"url\":\"https:\\\/\\\/www.cambe.pr.gov.br\\\/index.php\\\/author\\\/vabeira\\\/\"}]}<\/script>\n<!-- \/ Yoast SEO plugin. -->","yoast_head_json":{"title":"Prefeitura inaugura o Espa\u00e7o Fam\u00edlia Lauro R\u00e9 Ligeiro, no Castelo Branco, neste s\u00e1bado (13) - Prefeitura de Camb\u00e9","robots":{"index":"index","follow":"follow","max-snippet":"max-snippet:-1","max-image-preview":"max-image-preview:large","max-video-preview":"max-video-preview:-1"},"canonical":"https:\/\/www.cambe.pr.gov.br\/index.php\/prefeitura-inaugura-o-espaco-familia-lauro-re-ligeiro-no-castelo-branco-neste-sabado-13\/","og_locale":"pt_BR","og_type":"article","og_title":"Prefeitura inaugura o Espa\u00e7o Fam\u00edlia Lauro R\u00e9 Ligeiro, no Castelo Branco, neste s\u00e1bado (13) - Prefeitura de Camb\u00e9","og_description":"Mais uma op\u00e7\u00e3o de lazer, esporte e conviv\u00eancia familiar em Camb\u00e9. Neste s\u00e1bado, a partir das 9h30, a Prefeitura inaugura o Espa\u00e7o Fam\u00edlia do Castelo Branco. O que antes era uma quadra poliesportiva abandonada e sem vida, agora passa a ser uma estrutura completa com op\u00e7\u00f5es para todas as idades, que junto ao Centro Esportivo [&hellip;]","og_url":"https:\/\/www.cambe.pr.gov.br\/index.php\/prefeitura-inaugura-o-espaco-familia-lauro-re-ligeiro-no-castelo-branco-neste-sabado-13\/","og_site_name":"Prefeitura de Camb\u00e9","article_publisher":"https:\/\/m.facebook.com\/prefeituradecambe","article_published_time":"2025-09-12T17:24:28+00:00","og_image":[{"width":1698,"height":1358,"url":"https:\/\/www.cambe.pr.gov.br\/wp-content\/uploads\/2025\/09\/01-geral-ok.MP4_snapshot_00.24.024.jpg","type":"image\/jpeg"}],"author":"Vinicius Augusto Batista Eira","twitter_card":"summary_large_image","twitter_misc":{"Escrito por":"Vinicius Augusto Batista Eira","Est. tempo de leitura":"4 minutos"},"schema":{"@context":"https:\/\/schema.org","@graph":[{"@type":"Article","@id":"https:\/\/www.cambe.pr.gov.br\/index.php\/prefeitura-inaugura-o-espaco-familia-lauro-re-ligeiro-no-castelo-branco-neste-sabado-13\/#article","isPartOf":{"@id":"https:\/\/www.cambe.pr.gov.br\/index.php\/prefeitura-inaugura-o-espaco-familia-lauro-re-ligeiro-no-castelo-branco-neste-sabado-13\/"},"author":{"name":"Vinicius Augusto Batista Eira","@id":"https:\/\/www.cambe.pr.gov.br\/#\/schema\/person\/8e3ee69cb2cadf4b9f8377407227effd"},"headline":"Prefeitura inaugura o Espa\u00e7o Fam\u00edlia Lauro R\u00e9 Ligeiro, no Castelo Branco, neste s\u00e1bado (13)","datePublished":"2025-09-12T17:24:28+00:00","mainEntityOfPage":{"@id":"https:\/\/www.cambe.pr.gov.br\/index.php\/prefeitura-inaugura-o-espaco-familia-lauro-re-ligeiro-no-castelo-branco-neste-sabado-13\/"},"wordCount":630,"publisher":{"@id":"https:\/\/www.cambe.pr.gov.br\/#organization"},"image":{"@id":"https:\/\/www.cambe.pr.gov.br\/index.php\/prefeitura-inaugura-o-espaco-familia-lauro-re-ligeiro-no-castelo-branco-neste-sabado-13\/#primaryimage"},"thumbnailUrl":"https:\/\/www.cambe.pr.gov.br\/wp-content\/uploads\/2025\/09\/01-geral-ok.MP4_snapshot_00.24.024-1024x819.jpg","articleSection":["Principal"],"inLanguage":"pt-BR"},{"@type":"WebPage","@id":"https:\/\/www.cambe.pr.gov.br\/index.php\/prefeitura-inaugura-o-espaco-familia-lauro-re-ligeiro-no-castelo-branco-neste-sabado-13\/","url":"https:\/\/www.cambe.pr.gov.br\/index.php\/prefeitura-inaugura-o-espaco-familia-lauro-re-ligeiro-no-castelo-branco-neste-sabado-13\/","name":"Prefeitura inaugura o Espa\u00e7o Fam\u00edlia Lauro R\u00e9 Ligeiro, no Castelo Branco, neste s\u00e1bado (13) - Prefeitura de Camb\u00e9","isPartOf":{"@id":"https:\/\/www.cambe.pr.gov.br\/#website"},"primaryImageOfPage":{"@id":"https:\/\/www.cambe.pr.gov.br\/index.php\/prefeitura-inaugura-o-espaco-familia-lauro-re-ligeiro-no-castelo-branco-neste-sabado-13\/#primaryimage"},"image":{"@id":"https:\/\/www.cambe.pr.gov.br\/index.php\/prefeitura-inaugura-o-espaco-familia-lauro-re-ligeiro-no-castelo-branco-neste-sabado-13\/#primaryimage"},"thumbnailUrl":"https:\/\/www.cambe.pr.gov.br\/wp-content\/uploads\/2025\/09\/01-geral-ok.MP4_snapshot_00.24.024-1024x819.jpg","datePublished":"2025-09-12T17:24:28+00:00","breadcrumb":{"@id":"https:\/\/www.cambe.pr.gov.br\/index.php\/prefeitura-inaugura-o-espaco-familia-lauro-re-ligeiro-no-castelo-branco-neste-sabado-13\/#breadcrumb"},"inLanguage":"pt-BR","potentialAction":[{"@type":"ReadAction","target":["https:\/\/www.cambe.pr.gov.br\/index.php\/prefeitura-inaugura-o-espaco-familia-lauro-re-ligeiro-no-castelo-branco-neste-sabado-13\/"]}]},{"@type":"ImageObject","inLanguage":"pt-BR","@id":"https:\/\/www.cambe.pr.gov.br\/index.php\/prefeitura-inaugura-o-espaco-familia-lauro-re-ligeiro-no-castelo-branco-neste-sabado-13\/#primaryimage","url":"https:\/\/www.cambe.pr.gov.br\/wp-content\/uploads\/2025\/09\/01-geral-ok.MP4_snapshot_00.24.024.jpg","contentUrl":"https:\/\/www.cambe.pr.gov.br\/wp-content\/uploads\/2025\/09\/01-geral-ok.MP4_snapshot_00.24.024.jpg","width":1698,"height":1358},{"@type":"BreadcrumbList","@id":"https:\/\/www.cambe.pr.gov.br\/index.php\/prefeitura-inaugura-o-espaco-familia-lauro-re-ligeiro-no-castelo-branco-neste-sabado-13\/#breadcrumb","itemListElement":[{"@type":"ListItem","position":1,"name":"In\u00edcio","item":"https:\/\/www.cambe.pr.gov.br\/"},{"@type":"ListItem","position":2,"name":"Prefeitura inaugura o Espa\u00e7o Fam\u00edlia Lauro R\u00e9 Ligeiro, no Castelo Branco, neste s\u00e1bado (13)"}]},{"@type":"WebSite","@id":"https:\/\/www.cambe.pr.gov.br\/#website","url":"https:\/\/www.cambe.pr.gov.br\/","name":"Prefeitura de Camb\u00e9","description":"UM GOVERNO PARA TODOS","publisher":{"@id":"https:\/\/www.cambe.pr.gov.br\/#organization"},"potentialAction":[{"@type":"SearchAction","target":{"@type":"EntryPoint","urlTemplate":"https:\/\/www.cambe.pr.gov.br\/?s={search_term_string}"},"query-input":{"@type":"PropertyValueSpecification","valueRequired":true,"valueName":"search_term_string"}}],"inLanguage":"pt-BR"},{"@type":"Organization","@id":"https:\/\/www.cambe.pr.gov.br\/#organization","name":"Prefeitura de Camb\u00e9","url":"https:\/\/www.cambe.pr.gov.br\/","logo":{"@type":"ImageObject","inLanguage":"pt-BR","@id":"https:\/\/www.cambe.pr.gov.br\/#\/schema\/logo\/image\/","url":"https:\/\/www.cambe.pr.gov.br\/wp-content\/uploads\/2021\/01\/cropped-cropped-cambe_brazao-icone.png","contentUrl":"https:\/\/www.cambe.pr.gov.br\/wp-content\/uploads\/2021\/01\/cropped-cropped-cambe_brazao-icone.png","width":240,"height":240,"caption":"Prefeitura de Camb\u00e9"},"image":{"@id":"https:\/\/www.cambe.pr.gov.br\/#\/schema\/logo\/image\/"},"sameAs":["https:\/\/m.facebook.com\/prefeituradecambe"]},{"@type":"Person","@id":"https:\/\/www.cambe.pr.gov.br\/#\/schema\/person\/8e3ee69cb2cadf4b9f8377407227effd","name":"Vinicius Augusto Batista Eira","image":{"@type":"ImageObject","inLanguage":"pt-BR","@id":"https:\/\/secure.gravatar.com\/avatar\/1ec500de7013b30e1d4d7c8c3978f0e4433c37e5d5e4cd186239369c6440122b?s=96&d=mm&r=g","url":"https:\/\/secure.gravatar.com\/avatar\/1ec500de7013b30e1d4d7c8c3978f0e4433c37e5d5e4cd186239369c6440122b?s=96&d=mm&r=g","contentUrl":"https:\/\/secure.gravatar.com\/avatar\/1ec500de7013b30e1d4d7c8c3978f0e4433c37e5d5e4cd186239369c6440122b?s=96&d=mm&r=g","caption":"Vinicius Augusto Batista Eira"},"url":"https:\/\/www.cambe.pr.gov.br\/index.php\/author\/vabeira\/"}]}},"_links":{"self":[{"href":"https:\/\/www.cambe.pr.gov.br\/index.php\/wp-json\/wp\/v2\/posts\/17741","targetHints":{"allow":["GET"]}}],"collection":[{"href":"https:\/\/www.cambe.pr.gov.br\/index.php\/wp-json\/wp\/v2\/posts"}],"about":[{"href":"https:\/\/www.cambe.pr.gov.br\/index.php\/wp-json\/wp\/v2\/types\/post"}],"author":[{"embeddable":true,"href":"https:\/\/www.cambe.pr.gov.br\/index.php\/wp-json\/wp\/v2\/users\/16"}],"replies":[{"embeddable":true,"href":"https:\/\/www.cambe.pr.gov.br\/index.php\/wp-json\/wp\/v2\/comments?post=17741"}],"version-history":[{"count":1,"href":"https:\/\/www.cambe.pr.gov.br\/index.php\/wp-json\/wp\/v2\/posts\/17741\/revisions"}],"predecessor-version":[{"id":17743,"href":"https:\/\/www.cambe.pr.gov.br\/index.php\/wp-json\/wp\/v2\/posts\/17741\/revisions\/17743"}],"wp:attachment":[{"href":"https:\/\/www.cambe.pr.gov.br\/index.php\/wp-json\/wp\/v2\/media?parent=17741"}],"wp:term":[{"taxonomy":"category","embeddable":true,"href":"https:\/\/www.cambe.pr.gov.br\/index.php\/wp-json\/wp\/v2\/categories?post=17741"},{"taxonomy":"post_tag","embeddable":true,"href":"https:\/\/www.cambe.pr.gov.br\/index.php\/wp-json\/wp\/v2\/tags?post=17741"}],"curies":[{"name":"wp","href":"https:\/\/api.w.org\/{rel}","templated":true}]}}