{"id":17738,"date":"2025-09-11T16:36:34","date_gmt":"2025-09-11T19:36:34","guid":{"rendered":"https:\/\/www.cambe.pr.gov.br\/?p=17738"},"modified":"2025-09-11T16:36:34","modified_gmt":"2025-09-11T19:36:34","slug":"cambe-sedia-torneio-de-ginastica-ritmica-e-troca-de-faixas-de-judo-neste-fim-de-semana","status":"publish","type":"post","link":"https:\/\/www.cambe.pr.gov.br\/index.php\/cambe-sedia-torneio-de-ginastica-ritmica-e-troca-de-faixas-de-judo-neste-fim-de-semana\/","title":{"rendered":"Camb\u00e9 sedia torneio de gin\u00e1stica r\u00edtmica e troca de faixas de jud\u00f4 neste fim de semana"},"content":{"rendered":"<p style=\"text-align: justify;\"><span style=\"font-weight: 400; font-family: arial, helvetica, sans-serif;\"><img fetchpriority=\"high\" decoding=\"async\" class=\"alignleft size-large wp-image-16223\" src=\"https:\/\/www.cambe.pr.gov.br\/wp-content\/uploads\/2025\/02\/PMC_0460-copiar-1024x683.jpg\" alt=\"\" width=\"610\" height=\"407\" srcset=\"https:\/\/www.cambe.pr.gov.br\/wp-content\/uploads\/2025\/02\/PMC_0460-copiar-1024x683.jpg 1024w, https:\/\/www.cambe.pr.gov.br\/wp-content\/uploads\/2025\/02\/PMC_0460-copiar-300x200.jpg 300w, https:\/\/www.cambe.pr.gov.br\/wp-content\/uploads\/2025\/02\/PMC_0460-copiar-768x512.jpg 768w, https:\/\/www.cambe.pr.gov.br\/wp-content\/uploads\/2025\/02\/PMC_0460-copiar-1536x1024.jpg 1536w, https:\/\/www.cambe.pr.gov.br\/wp-content\/uploads\/2025\/02\/PMC_0460-copiar-2048x1366.jpg 2048w\" sizes=\"(max-width: 610px) 100vw, 610px\" \/>O fim de semana ser\u00e1 de muito esporte em Camb\u00e9. A partir desta sexta-feira (12), o munic\u00edpio vai sediar a cerim\u00f4nia de troca de jud\u00f4. J\u00e1 o s\u00e1bado (13), \u00e9 reservado para mais de 300 atletas de gin\u00e1stica r\u00edtmica. Os eventos s\u00e3o abertos para toda a comunidade, e contam com apoio da Prefeitura, por meio da Secretaria Municipal de Esportes e Lazer.<\/span><\/p>\n<p style=\"text-align: justify;\"><span style=\"font-weight: 400; font-family: arial, helvetica, sans-serif;\">Na noite desta sexta, a partir das 19h30, mais de 100 atletas far\u00e3o a troca de faixas de jud\u00f4. O evento \u00e9 a celebra\u00e7\u00e3o da dedica\u00e7\u00e3o, disciplina e conquistas dos atletas, entre esporte e educa\u00e7\u00e3o, que est\u00e3o evoluindo na modalidade. A troca de faixas ser\u00e1 feita no Instituto Nossa Senhora Auxiliadora (Insa), que fica na Rua Par\u00e1, 854.<\/span><\/p>\n<p style=\"text-align: justify;\"><span style=\"font-weight: 400; font-family: arial, helvetica, sans-serif;\">O s\u00e1bado fica por conta da gin\u00e1stica r\u00edtmica. Mais de 300 atletas participam dos torneios Elisabeth Laffranchi, a partir das 8h30, e do 2\u00ba torneio Reference Camb\u00e9, com in\u00edcio \u00e0s 14h. Pela manh\u00e3, a competi\u00e7\u00e3o \u00e9 promovida pela Federa\u00e7\u00e3o Paranaense de Gin\u00e1stica, voltado para ginastas iniciantes, visando criar um primeiro contato com competi\u00e7\u00f5es oficiais, \u00e1rbitros e avalia\u00e7\u00f5es. A competi\u00e7\u00e3o homenageia Elisabeth Laffranchi, pioneira da modalidade no estado. Al\u00e9m de vivenciar novas experi\u00eancias e aprimorar habilidades, as atletas estar\u00e3o arrecadando alimentos que ser\u00e3o doados para a Santa Casa de Camb\u00e9. As competi\u00e7\u00f5es ser\u00e3o feitas no Gin\u00e1sio Jo\u00e3o de Deus Almeida, localizado na Rua Carlos Sawade, 138.<\/span><\/p>\n","protected":false},"excerpt":{"rendered":"<p>O fim de semana ser\u00e1 de muito esporte em Camb\u00e9. A partir desta sexta-feira (12), o munic\u00edpio vai sediar a cerim\u00f4nia de troca de jud\u00f4. J\u00e1 o s\u00e1bado (13), \u00e9 reservado para mais de 300 atletas de gin\u00e1stica r\u00edtmica. Os eventos s\u00e3o abertos para toda a comunidade, e contam com apoio da Prefeitura, por meio [&hellip;]<\/p>\n","protected":false},"author":16,"featured_media":0,"comment_status":"closed","ping_status":"closed","sticky":false,"template":"","format":"standard","meta":{"ngg_post_thumbnail":0,"footnotes":""},"categories":[1],"tags":[],"class_list":["post-17738","post","type-post","status-publish","format-standard","hentry","category-principal"],"yoast_head":"<!-- This site is optimized with the Yoast SEO plugin v27.4 - https:\/\/yoast.com\/product\/yoast-seo-wordpress\/ -->\n<title>Camb\u00e9 sedia torneio de gin\u00e1stica r\u00edtmica e troca de faixas de jud\u00f4 neste fim de semana - Prefeitura de Camb\u00e9<\/title>\n<meta name=\"robots\" content=\"index, follow, max-snippet:-1, max-image-preview:large, max-video-preview:-1\" \/>\n<link rel=\"canonical\" href=\"https:\/\/www.cambe.pr.gov.br\/index.php\/cambe-sedia-torneio-de-ginastica-ritmica-e-troca-de-faixas-de-judo-neste-fim-de-semana\/\" \/>\n<meta property=\"og:locale\" content=\"pt_BR\" \/>\n<meta property=\"og:type\" content=\"article\" \/>\n<meta property=\"og:title\" content=\"Camb\u00e9 sedia torneio de gin\u00e1stica r\u00edtmica e troca de faixas de jud\u00f4 neste fim de semana - Prefeitura de Camb\u00e9\" \/>\n<meta property=\"og:description\" content=\"O fim de semana ser\u00e1 de muito esporte em Camb\u00e9. A partir desta sexta-feira (12), o munic\u00edpio vai sediar a cerim\u00f4nia de troca de jud\u00f4. J\u00e1 o s\u00e1bado (13), \u00e9 reservado para mais de 300 atletas de gin\u00e1stica r\u00edtmica. Os eventos s\u00e3o abertos para toda a comunidade, e contam com apoio da Prefeitura, por meio [&hellip;]\" \/>\n<meta property=\"og:url\" content=\"https:\/\/www.cambe.pr.gov.br\/index.php\/cambe-sedia-torneio-de-ginastica-ritmica-e-troca-de-faixas-de-judo-neste-fim-de-semana\/\" \/>\n<meta property=\"og:site_name\" content=\"Prefeitura de Camb\u00e9\" \/>\n<meta property=\"article:publisher\" content=\"https:\/\/m.facebook.com\/prefeituradecambe\" \/>\n<meta property=\"article:published_time\" content=\"2025-09-11T19:36:34+00:00\" \/>\n<meta property=\"og:image\" content=\"https:\/\/www.cambe.pr.gov.br\/wp-content\/uploads\/2025\/02\/PMC_0460-copiar-scaled.jpg\" \/>\n\t<meta property=\"og:image:width\" content=\"2560\" \/>\n\t<meta property=\"og:image:height\" content=\"1707\" \/>\n\t<meta property=\"og:image:type\" content=\"image\/jpeg\" \/>\n<meta name=\"author\" content=\"Vinicius Augusto Batista Eira\" \/>\n<meta name=\"twitter:card\" content=\"summary_large_image\" \/>\n<meta name=\"twitter:label1\" content=\"Escrito por\" \/>\n\t<meta name=\"twitter:data1\" content=\"Vinicius Augusto Batista Eira\" \/>\n\t<meta name=\"twitter:label2\" content=\"Est. tempo de leitura\" \/>\n\t<meta name=\"twitter:data2\" content=\"2 minutos\" \/>\n<script type=\"application\/ld+json\" class=\"yoast-schema-graph\">{\"@context\":\"https:\\\/\\\/schema.org\",\"@graph\":[{\"@type\":\"Article\",\"@id\":\"https:\\\/\\\/www.cambe.pr.gov.br\\\/index.php\\\/cambe-sedia-torneio-de-ginastica-ritmica-e-troca-de-faixas-de-judo-neste-fim-de-semana\\\/#article\",\"isPartOf\":{\"@id\":\"https:\\\/\\\/www.cambe.pr.gov.br\\\/index.php\\\/cambe-sedia-torneio-de-ginastica-ritmica-e-troca-de-faixas-de-judo-neste-fim-de-semana\\\/\"},\"author\":{\"name\":\"Vinicius Augusto Batista Eira\",\"@id\":\"https:\\\/\\\/www.cambe.pr.gov.br\\\/#\\\/schema\\\/person\\\/8e3ee69cb2cadf4b9f8377407227effd\"},\"headline\":\"Camb\u00e9 sedia torneio de gin\u00e1stica r\u00edtmica e troca de faixas de jud\u00f4 neste fim de semana\",\"datePublished\":\"2025-09-11T19:36:34+00:00\",\"mainEntityOfPage\":{\"@id\":\"https:\\\/\\\/www.cambe.pr.gov.br\\\/index.php\\\/cambe-sedia-torneio-de-ginastica-ritmica-e-troca-de-faixas-de-judo-neste-fim-de-semana\\\/\"},\"wordCount\":261,\"publisher\":{\"@id\":\"https:\\\/\\\/www.cambe.pr.gov.br\\\/#organization\"},\"image\":{\"@id\":\"https:\\\/\\\/www.cambe.pr.gov.br\\\/index.php\\\/cambe-sedia-torneio-de-ginastica-ritmica-e-troca-de-faixas-de-judo-neste-fim-de-semana\\\/#primaryimage\"},\"thumbnailUrl\":\"https:\\\/\\\/www.cambe.pr.gov.br\\\/wp-content\\\/uploads\\\/2025\\\/02\\\/PMC_0460-copiar-1024x683.jpg\",\"articleSection\":[\"Principal\"],\"inLanguage\":\"pt-BR\"},{\"@type\":\"WebPage\",\"@id\":\"https:\\\/\\\/www.cambe.pr.gov.br\\\/index.php\\\/cambe-sedia-torneio-de-ginastica-ritmica-e-troca-de-faixas-de-judo-neste-fim-de-semana\\\/\",\"url\":\"https:\\\/\\\/www.cambe.pr.gov.br\\\/index.php\\\/cambe-sedia-torneio-de-ginastica-ritmica-e-troca-de-faixas-de-judo-neste-fim-de-semana\\\/\",\"name\":\"Camb\u00e9 sedia torneio de gin\u00e1stica r\u00edtmica e troca de faixas de jud\u00f4 neste fim de semana - Prefeitura de Camb\u00e9\",\"isPartOf\":{\"@id\":\"https:\\\/\\\/www.cambe.pr.gov.br\\\/#website\"},\"primaryImageOfPage\":{\"@id\":\"https:\\\/\\\/www.cambe.pr.gov.br\\\/index.php\\\/cambe-sedia-torneio-de-ginastica-ritmica-e-troca-de-faixas-de-judo-neste-fim-de-semana\\\/#primaryimage\"},\"image\":{\"@id\":\"https:\\\/\\\/www.cambe.pr.gov.br\\\/index.php\\\/cambe-sedia-torneio-de-ginastica-ritmica-e-troca-de-faixas-de-judo-neste-fim-de-semana\\\/#primaryimage\"},\"thumbnailUrl\":\"https:\\\/\\\/www.cambe.pr.gov.br\\\/wp-content\\\/uploads\\\/2025\\\/02\\\/PMC_0460-copiar-1024x683.jpg\",\"datePublished\":\"2025-09-11T19:36:34+00:00\",\"breadcrumb\":{\"@id\":\"https:\\\/\\\/www.cambe.pr.gov.br\\\/index.php\\\/cambe-sedia-torneio-de-ginastica-ritmica-e-troca-de-faixas-de-judo-neste-fim-de-semana\\\/#breadcrumb\"},\"inLanguage\":\"pt-BR\",\"potentialAction\":[{\"@type\":\"ReadAction\",\"target\":[\"https:\\\/\\\/www.cambe.pr.gov.br\\\/index.php\\\/cambe-sedia-torneio-de-ginastica-ritmica-e-troca-de-faixas-de-judo-neste-fim-de-semana\\\/\"]}]},{\"@type\":\"ImageObject\",\"inLanguage\":\"pt-BR\",\"@id\":\"https:\\\/\\\/www.cambe.pr.gov.br\\\/index.php\\\/cambe-sedia-torneio-de-ginastica-ritmica-e-troca-de-faixas-de-judo-neste-fim-de-semana\\\/#primaryimage\",\"url\":\"https:\\\/\\\/www.cambe.pr.gov.br\\\/wp-content\\\/uploads\\\/2025\\\/02\\\/PMC_0460-copiar-scaled.jpg\",\"contentUrl\":\"https:\\\/\\\/www.cambe.pr.gov.br\\\/wp-content\\\/uploads\\\/2025\\\/02\\\/PMC_0460-copiar-scaled.jpg\",\"width\":2560,\"height\":1707},{\"@type\":\"BreadcrumbList\",\"@id\":\"https:\\\/\\\/www.cambe.pr.gov.br\\\/index.php\\\/cambe-sedia-torneio-de-ginastica-ritmica-e-troca-de-faixas-de-judo-neste-fim-de-semana\\\/#breadcrumb\",\"itemListElement\":[{\"@type\":\"ListItem\",\"position\":1,\"name\":\"In\u00edcio\",\"item\":\"https:\\\/\\\/www.cambe.pr.gov.br\\\/\"},{\"@type\":\"ListItem\",\"position\":2,\"name\":\"Camb\u00e9 sedia torneio de gin\u00e1stica r\u00edtmica e troca de faixas de jud\u00f4 neste fim de semana\"}]},{\"@type\":\"WebSite\",\"@id\":\"https:\\\/\\\/www.cambe.pr.gov.br\\\/#website\",\"url\":\"https:\\\/\\\/www.cambe.pr.gov.br\\\/\",\"name\":\"Prefeitura de Camb\u00e9\",\"description\":\"UM GOVERNO PARA TODOS\",\"publisher\":{\"@id\":\"https:\\\/\\\/www.cambe.pr.gov.br\\\/#organization\"},\"potentialAction\":[{\"@type\":\"SearchAction\",\"target\":{\"@type\":\"EntryPoint\",\"urlTemplate\":\"https:\\\/\\\/www.cambe.pr.gov.br\\\/?s={search_term_string}\"},\"query-input\":{\"@type\":\"PropertyValueSpecification\",\"valueRequired\":true,\"valueName\":\"search_term_string\"}}],\"inLanguage\":\"pt-BR\"},{\"@type\":\"Organization\",\"@id\":\"https:\\\/\\\/www.cambe.pr.gov.br\\\/#organization\",\"name\":\"Prefeitura de Camb\u00e9\",\"url\":\"https:\\\/\\\/www.cambe.pr.gov.br\\\/\",\"logo\":{\"@type\":\"ImageObject\",\"inLanguage\":\"pt-BR\",\"@id\":\"https:\\\/\\\/www.cambe.pr.gov.br\\\/#\\\/schema\\\/logo\\\/image\\\/\",\"url\":\"https:\\\/\\\/www.cambe.pr.gov.br\\\/wp-content\\\/uploads\\\/2021\\\/01\\\/cropped-cropped-cambe_brazao-icone.png\",\"contentUrl\":\"https:\\\/\\\/www.cambe.pr.gov.br\\\/wp-content\\\/uploads\\\/2021\\\/01\\\/cropped-cropped-cambe_brazao-icone.png\",\"width\":240,\"height\":240,\"caption\":\"Prefeitura de Camb\u00e9\"},\"image\":{\"@id\":\"https:\\\/\\\/www.cambe.pr.gov.br\\\/#\\\/schema\\\/logo\\\/image\\\/\"},\"sameAs\":[\"https:\\\/\\\/m.facebook.com\\\/prefeituradecambe\"]},{\"@type\":\"Person\",\"@id\":\"https:\\\/\\\/www.cambe.pr.gov.br\\\/#\\\/schema\\\/person\\\/8e3ee69cb2cadf4b9f8377407227effd\",\"name\":\"Vinicius Augusto Batista Eira\",\"image\":{\"@type\":\"ImageObject\",\"inLanguage\":\"pt-BR\",\"@id\":\"https:\\\/\\\/secure.gravatar.com\\\/avatar\\\/1ec500de7013b30e1d4d7c8c3978f0e4433c37e5d5e4cd186239369c6440122b?s=96&d=mm&r=g\",\"url\":\"https:\\\/\\\/secure.gravatar.com\\\/avatar\\\/1ec500de7013b30e1d4d7c8c3978f0e4433c37e5d5e4cd186239369c6440122b?s=96&d=mm&r=g\",\"contentUrl\":\"https:\\\/\\\/secure.gravatar.com\\\/avatar\\\/1ec500de7013b30e1d4d7c8c3978f0e4433c37e5d5e4cd186239369c6440122b?s=96&d=mm&r=g\",\"caption\":\"Vinicius Augusto Batista Eira\"},\"url\":\"https:\\\/\\\/www.cambe.pr.gov.br\\\/index.php\\\/author\\\/vabeira\\\/\"}]}<\/script>\n<!-- \/ Yoast SEO plugin. -->","yoast_head_json":{"title":"Camb\u00e9 sedia torneio de gin\u00e1stica r\u00edtmica e troca de faixas de jud\u00f4 neste fim de semana - Prefeitura de Camb\u00e9","robots":{"index":"index","follow":"follow","max-snippet":"max-snippet:-1","max-image-preview":"max-image-preview:large","max-video-preview":"max-video-preview:-1"},"canonical":"https:\/\/www.cambe.pr.gov.br\/index.php\/cambe-sedia-torneio-de-ginastica-ritmica-e-troca-de-faixas-de-judo-neste-fim-de-semana\/","og_locale":"pt_BR","og_type":"article","og_title":"Camb\u00e9 sedia torneio de gin\u00e1stica r\u00edtmica e troca de faixas de jud\u00f4 neste fim de semana - Prefeitura de Camb\u00e9","og_description":"O fim de semana ser\u00e1 de muito esporte em Camb\u00e9. A partir desta sexta-feira (12), o munic\u00edpio vai sediar a cerim\u00f4nia de troca de jud\u00f4. J\u00e1 o s\u00e1bado (13), \u00e9 reservado para mais de 300 atletas de gin\u00e1stica r\u00edtmica. Os eventos s\u00e3o abertos para toda a comunidade, e contam com apoio da Prefeitura, por meio [&hellip;]","og_url":"https:\/\/www.cambe.pr.gov.br\/index.php\/cambe-sedia-torneio-de-ginastica-ritmica-e-troca-de-faixas-de-judo-neste-fim-de-semana\/","og_site_name":"Prefeitura de Camb\u00e9","article_publisher":"https:\/\/m.facebook.com\/prefeituradecambe","article_published_time":"2025-09-11T19:36:34+00:00","og_image":[{"width":2560,"height":1707,"url":"https:\/\/www.cambe.pr.gov.br\/wp-content\/uploads\/2025\/02\/PMC_0460-copiar-scaled.jpg","type":"image\/jpeg"}],"author":"Vinicius Augusto Batista Eira","twitter_card":"summary_large_image","twitter_misc":{"Escrito por":"Vinicius Augusto Batista Eira","Est. tempo de leitura":"2 minutos"},"schema":{"@context":"https:\/\/schema.org","@graph":[{"@type":"Article","@id":"https:\/\/www.cambe.pr.gov.br\/index.php\/cambe-sedia-torneio-de-ginastica-ritmica-e-troca-de-faixas-de-judo-neste-fim-de-semana\/#article","isPartOf":{"@id":"https:\/\/www.cambe.pr.gov.br\/index.php\/cambe-sedia-torneio-de-ginastica-ritmica-e-troca-de-faixas-de-judo-neste-fim-de-semana\/"},"author":{"name":"Vinicius Augusto Batista Eira","@id":"https:\/\/www.cambe.pr.gov.br\/#\/schema\/person\/8e3ee69cb2cadf4b9f8377407227effd"},"headline":"Camb\u00e9 sedia torneio de gin\u00e1stica r\u00edtmica e troca de faixas de jud\u00f4 neste fim de semana","datePublished":"2025-09-11T19:36:34+00:00","mainEntityOfPage":{"@id":"https:\/\/www.cambe.pr.gov.br\/index.php\/cambe-sedia-torneio-de-ginastica-ritmica-e-troca-de-faixas-de-judo-neste-fim-de-semana\/"},"wordCount":261,"publisher":{"@id":"https:\/\/www.cambe.pr.gov.br\/#organization"},"image":{"@id":"https:\/\/www.cambe.pr.gov.br\/index.php\/cambe-sedia-torneio-de-ginastica-ritmica-e-troca-de-faixas-de-judo-neste-fim-de-semana\/#primaryimage"},"thumbnailUrl":"https:\/\/www.cambe.pr.gov.br\/wp-content\/uploads\/2025\/02\/PMC_0460-copiar-1024x683.jpg","articleSection":["Principal"],"inLanguage":"pt-BR"},{"@type":"WebPage","@id":"https:\/\/www.cambe.pr.gov.br\/index.php\/cambe-sedia-torneio-de-ginastica-ritmica-e-troca-de-faixas-de-judo-neste-fim-de-semana\/","url":"https:\/\/www.cambe.pr.gov.br\/index.php\/cambe-sedia-torneio-de-ginastica-ritmica-e-troca-de-faixas-de-judo-neste-fim-de-semana\/","name":"Camb\u00e9 sedia torneio de gin\u00e1stica r\u00edtmica e troca de faixas de jud\u00f4 neste fim de semana - Prefeitura de Camb\u00e9","isPartOf":{"@id":"https:\/\/www.cambe.pr.gov.br\/#website"},"primaryImageOfPage":{"@id":"https:\/\/www.cambe.pr.gov.br\/index.php\/cambe-sedia-torneio-de-ginastica-ritmica-e-troca-de-faixas-de-judo-neste-fim-de-semana\/#primaryimage"},"image":{"@id":"https:\/\/www.cambe.pr.gov.br\/index.php\/cambe-sedia-torneio-de-ginastica-ritmica-e-troca-de-faixas-de-judo-neste-fim-de-semana\/#primaryimage"},"thumbnailUrl":"https:\/\/www.cambe.pr.gov.br\/wp-content\/uploads\/2025\/02\/PMC_0460-copiar-1024x683.jpg","datePublished":"2025-09-11T19:36:34+00:00","breadcrumb":{"@id":"https:\/\/www.cambe.pr.gov.br\/index.php\/cambe-sedia-torneio-de-ginastica-ritmica-e-troca-de-faixas-de-judo-neste-fim-de-semana\/#breadcrumb"},"inLanguage":"pt-BR","potentialAction":[{"@type":"ReadAction","target":["https:\/\/www.cambe.pr.gov.br\/index.php\/cambe-sedia-torneio-de-ginastica-ritmica-e-troca-de-faixas-de-judo-neste-fim-de-semana\/"]}]},{"@type":"ImageObject","inLanguage":"pt-BR","@id":"https:\/\/www.cambe.pr.gov.br\/index.php\/cambe-sedia-torneio-de-ginastica-ritmica-e-troca-de-faixas-de-judo-neste-fim-de-semana\/#primaryimage","url":"https:\/\/www.cambe.pr.gov.br\/wp-content\/uploads\/2025\/02\/PMC_0460-copiar-scaled.jpg","contentUrl":"https:\/\/www.cambe.pr.gov.br\/wp-content\/uploads\/2025\/02\/PMC_0460-copiar-scaled.jpg","width":2560,"height":1707},{"@type":"BreadcrumbList","@id":"https:\/\/www.cambe.pr.gov.br\/index.php\/cambe-sedia-torneio-de-ginastica-ritmica-e-troca-de-faixas-de-judo-neste-fim-de-semana\/#breadcrumb","itemListElement":[{"@type":"ListItem","position":1,"name":"In\u00edcio","item":"https:\/\/www.cambe.pr.gov.br\/"},{"@type":"ListItem","position":2,"name":"Camb\u00e9 sedia torneio de gin\u00e1stica r\u00edtmica e troca de faixas de jud\u00f4 neste fim de semana"}]},{"@type":"WebSite","@id":"https:\/\/www.cambe.pr.gov.br\/#website","url":"https:\/\/www.cambe.pr.gov.br\/","name":"Prefeitura de Camb\u00e9","description":"UM GOVERNO PARA TODOS","publisher":{"@id":"https:\/\/www.cambe.pr.gov.br\/#organization"},"potentialAction":[{"@type":"SearchAction","target":{"@type":"EntryPoint","urlTemplate":"https:\/\/www.cambe.pr.gov.br\/?s={search_term_string}"},"query-input":{"@type":"PropertyValueSpecification","valueRequired":true,"valueName":"search_term_string"}}],"inLanguage":"pt-BR"},{"@type":"Organization","@id":"https:\/\/www.cambe.pr.gov.br\/#organization","name":"Prefeitura de Camb\u00e9","url":"https:\/\/www.cambe.pr.gov.br\/","logo":{"@type":"ImageObject","inLanguage":"pt-BR","@id":"https:\/\/www.cambe.pr.gov.br\/#\/schema\/logo\/image\/","url":"https:\/\/www.cambe.pr.gov.br\/wp-content\/uploads\/2021\/01\/cropped-cropped-cambe_brazao-icone.png","contentUrl":"https:\/\/www.cambe.pr.gov.br\/wp-content\/uploads\/2021\/01\/cropped-cropped-cambe_brazao-icone.png","width":240,"height":240,"caption":"Prefeitura de Camb\u00e9"},"image":{"@id":"https:\/\/www.cambe.pr.gov.br\/#\/schema\/logo\/image\/"},"sameAs":["https:\/\/m.facebook.com\/prefeituradecambe"]},{"@type":"Person","@id":"https:\/\/www.cambe.pr.gov.br\/#\/schema\/person\/8e3ee69cb2cadf4b9f8377407227effd","name":"Vinicius Augusto Batista Eira","image":{"@type":"ImageObject","inLanguage":"pt-BR","@id":"https:\/\/secure.gravatar.com\/avatar\/1ec500de7013b30e1d4d7c8c3978f0e4433c37e5d5e4cd186239369c6440122b?s=96&d=mm&r=g","url":"https:\/\/secure.gravatar.com\/avatar\/1ec500de7013b30e1d4d7c8c3978f0e4433c37e5d5e4cd186239369c6440122b?s=96&d=mm&r=g","contentUrl":"https:\/\/secure.gravatar.com\/avatar\/1ec500de7013b30e1d4d7c8c3978f0e4433c37e5d5e4cd186239369c6440122b?s=96&d=mm&r=g","caption":"Vinicius Augusto Batista Eira"},"url":"https:\/\/www.cambe.pr.gov.br\/index.php\/author\/vabeira\/"}]}},"_links":{"self":[{"href":"https:\/\/www.cambe.pr.gov.br\/index.php\/wp-json\/wp\/v2\/posts\/17738","targetHints":{"allow":["GET"]}}],"collection":[{"href":"https:\/\/www.cambe.pr.gov.br\/index.php\/wp-json\/wp\/v2\/posts"}],"about":[{"href":"https:\/\/www.cambe.pr.gov.br\/index.php\/wp-json\/wp\/v2\/types\/post"}],"author":[{"embeddable":true,"href":"https:\/\/www.cambe.pr.gov.br\/index.php\/wp-json\/wp\/v2\/users\/16"}],"replies":[{"embeddable":true,"href":"https:\/\/www.cambe.pr.gov.br\/index.php\/wp-json\/wp\/v2\/comments?post=17738"}],"version-history":[{"count":2,"href":"https:\/\/www.cambe.pr.gov.br\/index.php\/wp-json\/wp\/v2\/posts\/17738\/revisions"}],"predecessor-version":[{"id":17740,"href":"https:\/\/www.cambe.pr.gov.br\/index.php\/wp-json\/wp\/v2\/posts\/17738\/revisions\/17740"}],"wp:attachment":[{"href":"https:\/\/www.cambe.pr.gov.br\/index.php\/wp-json\/wp\/v2\/media?parent=17738"}],"wp:term":[{"taxonomy":"category","embeddable":true,"href":"https:\/\/www.cambe.pr.gov.br\/index.php\/wp-json\/wp\/v2\/categories?post=17738"},{"taxonomy":"post_tag","embeddable":true,"href":"https:\/\/www.cambe.pr.gov.br\/index.php\/wp-json\/wp\/v2\/tags?post=17738"}],"curies":[{"name":"wp","href":"https:\/\/api.w.org\/{rel}","templated":true}]}}