{"id":17695,"date":"2025-09-01T16:43:33","date_gmt":"2025-09-01T19:43:33","guid":{"rendered":"https:\/\/www.cambe.pr.gov.br\/?p=17695"},"modified":"2025-09-01T18:12:14","modified_gmt":"2025-09-01T21:12:14","slug":"referencia-nacional-sestran-promove-capacitacao-de-novos-agentes-de-transito-de-rolandia","status":"publish","type":"post","link":"https:\/\/www.cambe.pr.gov.br\/index.php\/referencia-nacional-sestran-promove-capacitacao-de-novos-agentes-de-transito-de-rolandia\/","title":{"rendered":"Refer\u00eancia nacional, Sestran promove capacita\u00e7\u00e3o de novos agentes de tr\u00e2nsito de Rol\u00e2ndia"},"content":{"rendered":"<p style=\"text-align: justify;\"><span style=\"font-weight: 400; font-family: arial, helvetica, sans-serif;\"><img fetchpriority=\"high\" decoding=\"async\" class=\"alignleft size-large wp-image-17696\" src=\"https:\/\/www.cambe.pr.gov.br\/wp-content\/uploads\/2025\/09\/WhatsApp-Image-2025-09-01-at-15.05.01-1024x768.jpeg\" alt=\"\" width=\"610\" height=\"458\" srcset=\"https:\/\/www.cambe.pr.gov.br\/wp-content\/uploads\/2025\/09\/WhatsApp-Image-2025-09-01-at-15.05.01-1024x768.jpeg 1024w, https:\/\/www.cambe.pr.gov.br\/wp-content\/uploads\/2025\/09\/WhatsApp-Image-2025-09-01-at-15.05.01-300x225.jpeg 300w, https:\/\/www.cambe.pr.gov.br\/wp-content\/uploads\/2025\/09\/WhatsApp-Image-2025-09-01-at-15.05.01-768x576.jpeg 768w, https:\/\/www.cambe.pr.gov.br\/wp-content\/uploads\/2025\/09\/WhatsApp-Image-2025-09-01-at-15.05.01-400x300.jpeg 400w, https:\/\/www.cambe.pr.gov.br\/wp-content\/uploads\/2025\/09\/WhatsApp-Image-2025-09-01-at-15.05.01.jpeg 1280w\" sizes=\"(max-width: 610px) 100vw, 610px\" \/>Para garantir mais seguran\u00e7a no tr\u00e2nsito em toda a regi\u00e3o, a Prefeitura de Camb\u00e9, por meio da Secretaria Municipal de Seguran\u00e7a P\u00fablica e Tr\u00e2nsito (Sestran), est\u00e1 realizando uma capacita\u00e7\u00e3o com novos agentes de tr\u00e2nsito de Rol\u00e2ndia. A a\u00e7\u00e3o envolve troca de conhecimentos e integra\u00e7\u00e3o regional com procedimentos internos e de rua para garantir a\u00e7\u00f5es mais efetivas nos dois munic\u00edpios.<\/span><\/p>\n<p style=\"text-align: justify;\"><span style=\"font-weight: 400; font-family: arial, helvetica, sans-serif;\">Com isso, os agentes de tr\u00e2nsito de Camb\u00e9 est\u00e3o promovendo capacita\u00e7\u00f5es em fiscaliza\u00e7\u00e3o de tr\u00e2nsito, opera\u00e7\u00e3o de videomonitoramento, organiza\u00e7\u00e3o de escalas e rotinas de trabalho, atendimento \u00e0 ouvidoria e demandas telef\u00f4nicas, uso de aplicativos para registro de infra\u00e7\u00f5es, e gest\u00e3o de eventos, fechamentos vi\u00e1rios e controle semaf\u00f3rico. Tamb\u00e9m s\u00e3o feitas orienta\u00e7\u00f5es para atividades internas, como registro de informa\u00e7\u00f5es e elabora\u00e7\u00e3o de relat\u00f3rios operacionais.<\/span><\/p>\n<p style=\"text-align: justify;\"><span style=\"font-weight: 400; font-family: arial, helvetica, sans-serif;\">Thays Kuchenbecker, secret\u00e1ria de Seguran\u00e7a P\u00fablica e Tr\u00e2nsito de Camb\u00e9, destacou que a coopera\u00e7\u00e3o entre os munic\u00edpios fortalece a integra\u00e7\u00e3o regional e aprimora a pr\u00e1tica operacional dos agentes de tr\u00e2nsito por meio da troca de conhecimentos. \u201cEssa colabora\u00e7\u00e3o permite que munic\u00edpios de menor porte, que iniciaram recentemente suas atividades de fiscaliza\u00e7\u00e3o de tr\u00e2nsito, compartilhem experi\u00eancias e superem desafios relacionados \u00e0 adapta\u00e7\u00e3o da popula\u00e7\u00e3o e aos novos contextos urbanos.\u00a0 Essas iniciativas refletem o crescimento e a organiza\u00e7\u00e3o de Camb\u00e9, destacando seu potencial para promover a dissemina\u00e7\u00e3o de experi\u00eancias e boas pr\u00e1ticas\u201d, disse.<\/span><\/p>\n<p>&nbsp;<\/p>\n<p style=\"text-align: justify;\"><strong><span style=\"font-family: arial, helvetica, sans-serif;\">Seguran\u00e7a e planejamento do tr\u00e2nsito refer\u00eancia nacional<\/span><\/strong><\/p>\n<p style=\"text-align: justify;\"><span style=\"font-weight: 400; font-family: arial, helvetica, sans-serif;\"><img decoding=\"async\" class=\"alignleft wp-image-17699\" src=\"https:\/\/www.cambe.pr.gov.br\/wp-content\/uploads\/2025\/09\/WhatsApp-Image-2025-09-01-at-16.55.21-1024x933.jpeg\" alt=\"\" width=\"439\" height=\"400\" srcset=\"https:\/\/www.cambe.pr.gov.br\/wp-content\/uploads\/2025\/09\/WhatsApp-Image-2025-09-01-at-16.55.21-1024x933.jpeg 1024w, https:\/\/www.cambe.pr.gov.br\/wp-content\/uploads\/2025\/09\/WhatsApp-Image-2025-09-01-at-16.55.21-300x273.jpeg 300w, https:\/\/www.cambe.pr.gov.br\/wp-content\/uploads\/2025\/09\/WhatsApp-Image-2025-09-01-at-16.55.21-768x700.jpeg 768w, https:\/\/www.cambe.pr.gov.br\/wp-content\/uploads\/2025\/09\/WhatsApp-Image-2025-09-01-at-16.55.21.jpeg 1179w\" sizes=\"(max-width: 439px) 100vw, 439px\" \/>Os agentes de tr\u00e2nsito de Camb\u00e9 completam dois anos na fun\u00e7\u00e3o em 2025. E desde ent\u00e3o, o tr\u00e2nsito no munic\u00edpio tem um grande acr\u00e9scimo em organiza\u00e7\u00e3o e seguran\u00e7a. O munic\u00edpio investiu na contrata\u00e7\u00e3o e forma\u00e7\u00e3o dos novos agentes, assim como na constru\u00e7\u00e3o da sede da nova Secretaria, equipada ainda com uma Central de Monitoramento moderna que auxilia as equipes de seguran\u00e7a de Camb\u00e9 na manuten\u00e7\u00e3o da seguran\u00e7a e resolu\u00e7\u00e3o de crimes.<\/span><\/p>\n<p style=\"text-align: justify;\"><span style=\"font-weight: 400; font-family: arial, helvetica, sans-serif;\">Ao todo, Camb\u00e9 conta hoje com mais de 200 c\u00e2meras de monitoramento espalhadas por toda a cidade. Dessas, 18 verificam avan\u00e7o de sinal vermelho, avan\u00e7o sobre a faixa de pedestres, convers\u00e3o irregular e excesso de velocidade, garantindo mais seguran\u00e7a e salvando vidas no tr\u00e2nsito. Somente no primeiro m\u00eas do programa Camb\u00e9 + Segura, pode-se observar uma redu\u00e7\u00e3o da velocidade m\u00e9dia da via em mais de 96% dos trechos fiscalizados.<\/span><\/p>\n<p style=\"text-align: justify;\"><span style=\"font-weight: 400; font-family: arial, helvetica, sans-serif;\">Tudo isso credenciou <a href=\"https:\/\/www.cambe.pr.gov.br\/index.php\/secretaria-de-transito-e-selecionada-para-compor-orgao-de-estudo-de-transito-do-governo-federal\/\" target=\"_blank\" rel=\"noopener\"><strong>Camb\u00e9 para auxiliar na tomada de decis\u00e3o de tr\u00e2nsito nacionalmente<\/strong><\/a>. No in\u00edcio de agosto, a Sestran foi selecionada para compor a C\u00e2mara Tem\u00e1tica de Sa\u00fade para Tr\u00e2nsito (CTST) do Conselho Nacional de Tr\u00e2nsito (Contran). A composi\u00e7\u00e3o dos grupos \u00e9 atualizada a cada bi\u00eanio, visando fortalecer a atua\u00e7\u00e3o do \u00f3rg\u00e3o coordenador, normativo e consultivo m\u00e1ximo da pol\u00edtica nacional de tr\u00e2nsito, respons\u00e1vel pela regulamenta\u00e7\u00e3o do C\u00f3digo de Tr\u00e2nsito Brasileiro.<\/span><\/p>\n","protected":false},"excerpt":{"rendered":"<p>Para garantir mais seguran\u00e7a no tr\u00e2nsito em toda a regi\u00e3o, a Prefeitura de Camb\u00e9, por meio da Secretaria Municipal de Seguran\u00e7a P\u00fablica e Tr\u00e2nsito (Sestran), est\u00e1 realizando uma capacita\u00e7\u00e3o com novos agentes de tr\u00e2nsito de Rol\u00e2ndia. A a\u00e7\u00e3o envolve troca de conhecimentos e integra\u00e7\u00e3o regional com procedimentos internos e de rua para garantir a\u00e7\u00f5es mais [&hellip;]<\/p>\n","protected":false},"author":16,"featured_media":0,"comment_status":"closed","ping_status":"closed","sticky":false,"template":"","format":"standard","meta":{"ngg_post_thumbnail":0,"footnotes":""},"categories":[1],"tags":[],"class_list":["post-17695","post","type-post","status-publish","format-standard","hentry","category-principal"],"yoast_head":"<!-- This site is optimized with the Yoast SEO plugin v27.4 - https:\/\/yoast.com\/product\/yoast-seo-wordpress\/ -->\n<title>Refer\u00eancia nacional, Sestran promove capacita\u00e7\u00e3o de novos agentes de tr\u00e2nsito de Rol\u00e2ndia - Prefeitura de Camb\u00e9<\/title>\n<meta name=\"robots\" content=\"index, follow, max-snippet:-1, max-image-preview:large, max-video-preview:-1\" \/>\n<link rel=\"canonical\" href=\"https:\/\/www.cambe.pr.gov.br\/index.php\/referencia-nacional-sestran-promove-capacitacao-de-novos-agentes-de-transito-de-rolandia\/\" \/>\n<meta property=\"og:locale\" content=\"pt_BR\" \/>\n<meta property=\"og:type\" content=\"article\" \/>\n<meta property=\"og:title\" content=\"Refer\u00eancia nacional, Sestran promove capacita\u00e7\u00e3o de novos agentes de tr\u00e2nsito de Rol\u00e2ndia - Prefeitura de Camb\u00e9\" \/>\n<meta property=\"og:description\" content=\"Para garantir mais seguran\u00e7a no tr\u00e2nsito em toda a regi\u00e3o, a Prefeitura de Camb\u00e9, por meio da Secretaria Municipal de Seguran\u00e7a P\u00fablica e Tr\u00e2nsito (Sestran), est\u00e1 realizando uma capacita\u00e7\u00e3o com novos agentes de tr\u00e2nsito de Rol\u00e2ndia. A a\u00e7\u00e3o envolve troca de conhecimentos e integra\u00e7\u00e3o regional com procedimentos internos e de rua para garantir a\u00e7\u00f5es mais [&hellip;]\" \/>\n<meta property=\"og:url\" content=\"https:\/\/www.cambe.pr.gov.br\/index.php\/referencia-nacional-sestran-promove-capacitacao-de-novos-agentes-de-transito-de-rolandia\/\" \/>\n<meta property=\"og:site_name\" content=\"Prefeitura de Camb\u00e9\" \/>\n<meta property=\"article:publisher\" content=\"https:\/\/m.facebook.com\/prefeituradecambe\" \/>\n<meta property=\"article:published_time\" content=\"2025-09-01T19:43:33+00:00\" \/>\n<meta property=\"article:modified_time\" content=\"2025-09-01T21:12:14+00:00\" \/>\n<meta property=\"og:image\" content=\"https:\/\/www.cambe.pr.gov.br\/wp-content\/uploads\/2025\/09\/WhatsApp-Image-2025-09-01-at-15.05.01.jpeg\" \/>\n\t<meta property=\"og:image:width\" content=\"1280\" \/>\n\t<meta property=\"og:image:height\" content=\"960\" \/>\n\t<meta property=\"og:image:type\" content=\"image\/jpeg\" \/>\n<meta name=\"author\" content=\"Vinicius Augusto Batista Eira\" \/>\n<meta name=\"twitter:card\" content=\"summary_large_image\" \/>\n<meta name=\"twitter:label1\" content=\"Escrito por\" \/>\n\t<meta name=\"twitter:data1\" content=\"Vinicius Augusto Batista Eira\" \/>\n\t<meta name=\"twitter:label2\" content=\"Est. tempo de leitura\" \/>\n\t<meta name=\"twitter:data2\" content=\"3 minutos\" \/>\n<script type=\"application\/ld+json\" class=\"yoast-schema-graph\">{\"@context\":\"https:\\\/\\\/schema.org\",\"@graph\":[{\"@type\":\"Article\",\"@id\":\"https:\\\/\\\/www.cambe.pr.gov.br\\\/index.php\\\/referencia-nacional-sestran-promove-capacitacao-de-novos-agentes-de-transito-de-rolandia\\\/#article\",\"isPartOf\":{\"@id\":\"https:\\\/\\\/www.cambe.pr.gov.br\\\/index.php\\\/referencia-nacional-sestran-promove-capacitacao-de-novos-agentes-de-transito-de-rolandia\\\/\"},\"author\":{\"name\":\"Vinicius Augusto Batista Eira\",\"@id\":\"https:\\\/\\\/www.cambe.pr.gov.br\\\/#\\\/schema\\\/person\\\/8e3ee69cb2cadf4b9f8377407227effd\"},\"headline\":\"Refer\u00eancia nacional, Sestran promove capacita\u00e7\u00e3o de novos agentes de tr\u00e2nsito de Rol\u00e2ndia\",\"datePublished\":\"2025-09-01T19:43:33+00:00\",\"dateModified\":\"2025-09-01T21:12:14+00:00\",\"mainEntityOfPage\":{\"@id\":\"https:\\\/\\\/www.cambe.pr.gov.br\\\/index.php\\\/referencia-nacional-sestran-promove-capacitacao-de-novos-agentes-de-transito-de-rolandia\\\/\"},\"wordCount\":537,\"publisher\":{\"@id\":\"https:\\\/\\\/www.cambe.pr.gov.br\\\/#organization\"},\"image\":{\"@id\":\"https:\\\/\\\/www.cambe.pr.gov.br\\\/index.php\\\/referencia-nacional-sestran-promove-capacitacao-de-novos-agentes-de-transito-de-rolandia\\\/#primaryimage\"},\"thumbnailUrl\":\"https:\\\/\\\/www.cambe.pr.gov.br\\\/wp-content\\\/uploads\\\/2025\\\/09\\\/WhatsApp-Image-2025-09-01-at-15.05.01-1024x768.jpeg\",\"articleSection\":[\"Principal\"],\"inLanguage\":\"pt-BR\"},{\"@type\":\"WebPage\",\"@id\":\"https:\\\/\\\/www.cambe.pr.gov.br\\\/index.php\\\/referencia-nacional-sestran-promove-capacitacao-de-novos-agentes-de-transito-de-rolandia\\\/\",\"url\":\"https:\\\/\\\/www.cambe.pr.gov.br\\\/index.php\\\/referencia-nacional-sestran-promove-capacitacao-de-novos-agentes-de-transito-de-rolandia\\\/\",\"name\":\"Refer\u00eancia nacional, Sestran promove capacita\u00e7\u00e3o de novos agentes de tr\u00e2nsito de Rol\u00e2ndia - Prefeitura de Camb\u00e9\",\"isPartOf\":{\"@id\":\"https:\\\/\\\/www.cambe.pr.gov.br\\\/#website\"},\"primaryImageOfPage\":{\"@id\":\"https:\\\/\\\/www.cambe.pr.gov.br\\\/index.php\\\/referencia-nacional-sestran-promove-capacitacao-de-novos-agentes-de-transito-de-rolandia\\\/#primaryimage\"},\"image\":{\"@id\":\"https:\\\/\\\/www.cambe.pr.gov.br\\\/index.php\\\/referencia-nacional-sestran-promove-capacitacao-de-novos-agentes-de-transito-de-rolandia\\\/#primaryimage\"},\"thumbnailUrl\":\"https:\\\/\\\/www.cambe.pr.gov.br\\\/wp-content\\\/uploads\\\/2025\\\/09\\\/WhatsApp-Image-2025-09-01-at-15.05.01-1024x768.jpeg\",\"datePublished\":\"2025-09-01T19:43:33+00:00\",\"dateModified\":\"2025-09-01T21:12:14+00:00\",\"breadcrumb\":{\"@id\":\"https:\\\/\\\/www.cambe.pr.gov.br\\\/index.php\\\/referencia-nacional-sestran-promove-capacitacao-de-novos-agentes-de-transito-de-rolandia\\\/#breadcrumb\"},\"inLanguage\":\"pt-BR\",\"potentialAction\":[{\"@type\":\"ReadAction\",\"target\":[\"https:\\\/\\\/www.cambe.pr.gov.br\\\/index.php\\\/referencia-nacional-sestran-promove-capacitacao-de-novos-agentes-de-transito-de-rolandia\\\/\"]}]},{\"@type\":\"ImageObject\",\"inLanguage\":\"pt-BR\",\"@id\":\"https:\\\/\\\/www.cambe.pr.gov.br\\\/index.php\\\/referencia-nacional-sestran-promove-capacitacao-de-novos-agentes-de-transito-de-rolandia\\\/#primaryimage\",\"url\":\"https:\\\/\\\/www.cambe.pr.gov.br\\\/wp-content\\\/uploads\\\/2025\\\/09\\\/WhatsApp-Image-2025-09-01-at-15.05.01.jpeg\",\"contentUrl\":\"https:\\\/\\\/www.cambe.pr.gov.br\\\/wp-content\\\/uploads\\\/2025\\\/09\\\/WhatsApp-Image-2025-09-01-at-15.05.01.jpeg\",\"width\":1280,\"height\":960},{\"@type\":\"BreadcrumbList\",\"@id\":\"https:\\\/\\\/www.cambe.pr.gov.br\\\/index.php\\\/referencia-nacional-sestran-promove-capacitacao-de-novos-agentes-de-transito-de-rolandia\\\/#breadcrumb\",\"itemListElement\":[{\"@type\":\"ListItem\",\"position\":1,\"name\":\"In\u00edcio\",\"item\":\"https:\\\/\\\/www.cambe.pr.gov.br\\\/\"},{\"@type\":\"ListItem\",\"position\":2,\"name\":\"Refer\u00eancia nacional, Sestran promove capacita\u00e7\u00e3o de novos agentes de tr\u00e2nsito de Rol\u00e2ndia\"}]},{\"@type\":\"WebSite\",\"@id\":\"https:\\\/\\\/www.cambe.pr.gov.br\\\/#website\",\"url\":\"https:\\\/\\\/www.cambe.pr.gov.br\\\/\",\"name\":\"Prefeitura de Camb\u00e9\",\"description\":\"UM GOVERNO PARA TODOS\",\"publisher\":{\"@id\":\"https:\\\/\\\/www.cambe.pr.gov.br\\\/#organization\"},\"potentialAction\":[{\"@type\":\"SearchAction\",\"target\":{\"@type\":\"EntryPoint\",\"urlTemplate\":\"https:\\\/\\\/www.cambe.pr.gov.br\\\/?s={search_term_string}\"},\"query-input\":{\"@type\":\"PropertyValueSpecification\",\"valueRequired\":true,\"valueName\":\"search_term_string\"}}],\"inLanguage\":\"pt-BR\"},{\"@type\":\"Organization\",\"@id\":\"https:\\\/\\\/www.cambe.pr.gov.br\\\/#organization\",\"name\":\"Prefeitura de Camb\u00e9\",\"url\":\"https:\\\/\\\/www.cambe.pr.gov.br\\\/\",\"logo\":{\"@type\":\"ImageObject\",\"inLanguage\":\"pt-BR\",\"@id\":\"https:\\\/\\\/www.cambe.pr.gov.br\\\/#\\\/schema\\\/logo\\\/image\\\/\",\"url\":\"https:\\\/\\\/www.cambe.pr.gov.br\\\/wp-content\\\/uploads\\\/2021\\\/01\\\/cropped-cropped-cambe_brazao-icone.png\",\"contentUrl\":\"https:\\\/\\\/www.cambe.pr.gov.br\\\/wp-content\\\/uploads\\\/2021\\\/01\\\/cropped-cropped-cambe_brazao-icone.png\",\"width\":240,\"height\":240,\"caption\":\"Prefeitura de Camb\u00e9\"},\"image\":{\"@id\":\"https:\\\/\\\/www.cambe.pr.gov.br\\\/#\\\/schema\\\/logo\\\/image\\\/\"},\"sameAs\":[\"https:\\\/\\\/m.facebook.com\\\/prefeituradecambe\"]},{\"@type\":\"Person\",\"@id\":\"https:\\\/\\\/www.cambe.pr.gov.br\\\/#\\\/schema\\\/person\\\/8e3ee69cb2cadf4b9f8377407227effd\",\"name\":\"Vinicius Augusto Batista Eira\",\"image\":{\"@type\":\"ImageObject\",\"inLanguage\":\"pt-BR\",\"@id\":\"https:\\\/\\\/secure.gravatar.com\\\/avatar\\\/1ec500de7013b30e1d4d7c8c3978f0e4433c37e5d5e4cd186239369c6440122b?s=96&d=mm&r=g\",\"url\":\"https:\\\/\\\/secure.gravatar.com\\\/avatar\\\/1ec500de7013b30e1d4d7c8c3978f0e4433c37e5d5e4cd186239369c6440122b?s=96&d=mm&r=g\",\"contentUrl\":\"https:\\\/\\\/secure.gravatar.com\\\/avatar\\\/1ec500de7013b30e1d4d7c8c3978f0e4433c37e5d5e4cd186239369c6440122b?s=96&d=mm&r=g\",\"caption\":\"Vinicius Augusto Batista Eira\"},\"url\":\"https:\\\/\\\/www.cambe.pr.gov.br\\\/index.php\\\/author\\\/vabeira\\\/\"}]}<\/script>\n<!-- \/ Yoast SEO plugin. -->","yoast_head_json":{"title":"Refer\u00eancia nacional, Sestran promove capacita\u00e7\u00e3o de novos agentes de tr\u00e2nsito de Rol\u00e2ndia - Prefeitura de Camb\u00e9","robots":{"index":"index","follow":"follow","max-snippet":"max-snippet:-1","max-image-preview":"max-image-preview:large","max-video-preview":"max-video-preview:-1"},"canonical":"https:\/\/www.cambe.pr.gov.br\/index.php\/referencia-nacional-sestran-promove-capacitacao-de-novos-agentes-de-transito-de-rolandia\/","og_locale":"pt_BR","og_type":"article","og_title":"Refer\u00eancia nacional, Sestran promove capacita\u00e7\u00e3o de novos agentes de tr\u00e2nsito de Rol\u00e2ndia - Prefeitura de Camb\u00e9","og_description":"Para garantir mais seguran\u00e7a no tr\u00e2nsito em toda a regi\u00e3o, a Prefeitura de Camb\u00e9, por meio da Secretaria Municipal de Seguran\u00e7a P\u00fablica e Tr\u00e2nsito (Sestran), est\u00e1 realizando uma capacita\u00e7\u00e3o com novos agentes de tr\u00e2nsito de Rol\u00e2ndia. A a\u00e7\u00e3o envolve troca de conhecimentos e integra\u00e7\u00e3o regional com procedimentos internos e de rua para garantir a\u00e7\u00f5es mais [&hellip;]","og_url":"https:\/\/www.cambe.pr.gov.br\/index.php\/referencia-nacional-sestran-promove-capacitacao-de-novos-agentes-de-transito-de-rolandia\/","og_site_name":"Prefeitura de Camb\u00e9","article_publisher":"https:\/\/m.facebook.com\/prefeituradecambe","article_published_time":"2025-09-01T19:43:33+00:00","article_modified_time":"2025-09-01T21:12:14+00:00","og_image":[{"width":1280,"height":960,"url":"https:\/\/www.cambe.pr.gov.br\/wp-content\/uploads\/2025\/09\/WhatsApp-Image-2025-09-01-at-15.05.01.jpeg","type":"image\/jpeg"}],"author":"Vinicius Augusto Batista Eira","twitter_card":"summary_large_image","twitter_misc":{"Escrito por":"Vinicius Augusto Batista Eira","Est. tempo de leitura":"3 minutos"},"schema":{"@context":"https:\/\/schema.org","@graph":[{"@type":"Article","@id":"https:\/\/www.cambe.pr.gov.br\/index.php\/referencia-nacional-sestran-promove-capacitacao-de-novos-agentes-de-transito-de-rolandia\/#article","isPartOf":{"@id":"https:\/\/www.cambe.pr.gov.br\/index.php\/referencia-nacional-sestran-promove-capacitacao-de-novos-agentes-de-transito-de-rolandia\/"},"author":{"name":"Vinicius Augusto Batista Eira","@id":"https:\/\/www.cambe.pr.gov.br\/#\/schema\/person\/8e3ee69cb2cadf4b9f8377407227effd"},"headline":"Refer\u00eancia nacional, Sestran promove capacita\u00e7\u00e3o de novos agentes de tr\u00e2nsito de Rol\u00e2ndia","datePublished":"2025-09-01T19:43:33+00:00","dateModified":"2025-09-01T21:12:14+00:00","mainEntityOfPage":{"@id":"https:\/\/www.cambe.pr.gov.br\/index.php\/referencia-nacional-sestran-promove-capacitacao-de-novos-agentes-de-transito-de-rolandia\/"},"wordCount":537,"publisher":{"@id":"https:\/\/www.cambe.pr.gov.br\/#organization"},"image":{"@id":"https:\/\/www.cambe.pr.gov.br\/index.php\/referencia-nacional-sestran-promove-capacitacao-de-novos-agentes-de-transito-de-rolandia\/#primaryimage"},"thumbnailUrl":"https:\/\/www.cambe.pr.gov.br\/wp-content\/uploads\/2025\/09\/WhatsApp-Image-2025-09-01-at-15.05.01-1024x768.jpeg","articleSection":["Principal"],"inLanguage":"pt-BR"},{"@type":"WebPage","@id":"https:\/\/www.cambe.pr.gov.br\/index.php\/referencia-nacional-sestran-promove-capacitacao-de-novos-agentes-de-transito-de-rolandia\/","url":"https:\/\/www.cambe.pr.gov.br\/index.php\/referencia-nacional-sestran-promove-capacitacao-de-novos-agentes-de-transito-de-rolandia\/","name":"Refer\u00eancia nacional, Sestran promove capacita\u00e7\u00e3o de novos agentes de tr\u00e2nsito de Rol\u00e2ndia - Prefeitura de Camb\u00e9","isPartOf":{"@id":"https:\/\/www.cambe.pr.gov.br\/#website"},"primaryImageOfPage":{"@id":"https:\/\/www.cambe.pr.gov.br\/index.php\/referencia-nacional-sestran-promove-capacitacao-de-novos-agentes-de-transito-de-rolandia\/#primaryimage"},"image":{"@id":"https:\/\/www.cambe.pr.gov.br\/index.php\/referencia-nacional-sestran-promove-capacitacao-de-novos-agentes-de-transito-de-rolandia\/#primaryimage"},"thumbnailUrl":"https:\/\/www.cambe.pr.gov.br\/wp-content\/uploads\/2025\/09\/WhatsApp-Image-2025-09-01-at-15.05.01-1024x768.jpeg","datePublished":"2025-09-01T19:43:33+00:00","dateModified":"2025-09-01T21:12:14+00:00","breadcrumb":{"@id":"https:\/\/www.cambe.pr.gov.br\/index.php\/referencia-nacional-sestran-promove-capacitacao-de-novos-agentes-de-transito-de-rolandia\/#breadcrumb"},"inLanguage":"pt-BR","potentialAction":[{"@type":"ReadAction","target":["https:\/\/www.cambe.pr.gov.br\/index.php\/referencia-nacional-sestran-promove-capacitacao-de-novos-agentes-de-transito-de-rolandia\/"]}]},{"@type":"ImageObject","inLanguage":"pt-BR","@id":"https:\/\/www.cambe.pr.gov.br\/index.php\/referencia-nacional-sestran-promove-capacitacao-de-novos-agentes-de-transito-de-rolandia\/#primaryimage","url":"https:\/\/www.cambe.pr.gov.br\/wp-content\/uploads\/2025\/09\/WhatsApp-Image-2025-09-01-at-15.05.01.jpeg","contentUrl":"https:\/\/www.cambe.pr.gov.br\/wp-content\/uploads\/2025\/09\/WhatsApp-Image-2025-09-01-at-15.05.01.jpeg","width":1280,"height":960},{"@type":"BreadcrumbList","@id":"https:\/\/www.cambe.pr.gov.br\/index.php\/referencia-nacional-sestran-promove-capacitacao-de-novos-agentes-de-transito-de-rolandia\/#breadcrumb","itemListElement":[{"@type":"ListItem","position":1,"name":"In\u00edcio","item":"https:\/\/www.cambe.pr.gov.br\/"},{"@type":"ListItem","position":2,"name":"Refer\u00eancia nacional, Sestran promove capacita\u00e7\u00e3o de novos agentes de tr\u00e2nsito de Rol\u00e2ndia"}]},{"@type":"WebSite","@id":"https:\/\/www.cambe.pr.gov.br\/#website","url":"https:\/\/www.cambe.pr.gov.br\/","name":"Prefeitura de Camb\u00e9","description":"UM GOVERNO PARA TODOS","publisher":{"@id":"https:\/\/www.cambe.pr.gov.br\/#organization"},"potentialAction":[{"@type":"SearchAction","target":{"@type":"EntryPoint","urlTemplate":"https:\/\/www.cambe.pr.gov.br\/?s={search_term_string}"},"query-input":{"@type":"PropertyValueSpecification","valueRequired":true,"valueName":"search_term_string"}}],"inLanguage":"pt-BR"},{"@type":"Organization","@id":"https:\/\/www.cambe.pr.gov.br\/#organization","name":"Prefeitura de Camb\u00e9","url":"https:\/\/www.cambe.pr.gov.br\/","logo":{"@type":"ImageObject","inLanguage":"pt-BR","@id":"https:\/\/www.cambe.pr.gov.br\/#\/schema\/logo\/image\/","url":"https:\/\/www.cambe.pr.gov.br\/wp-content\/uploads\/2021\/01\/cropped-cropped-cambe_brazao-icone.png","contentUrl":"https:\/\/www.cambe.pr.gov.br\/wp-content\/uploads\/2021\/01\/cropped-cropped-cambe_brazao-icone.png","width":240,"height":240,"caption":"Prefeitura de Camb\u00e9"},"image":{"@id":"https:\/\/www.cambe.pr.gov.br\/#\/schema\/logo\/image\/"},"sameAs":["https:\/\/m.facebook.com\/prefeituradecambe"]},{"@type":"Person","@id":"https:\/\/www.cambe.pr.gov.br\/#\/schema\/person\/8e3ee69cb2cadf4b9f8377407227effd","name":"Vinicius Augusto Batista Eira","image":{"@type":"ImageObject","inLanguage":"pt-BR","@id":"https:\/\/secure.gravatar.com\/avatar\/1ec500de7013b30e1d4d7c8c3978f0e4433c37e5d5e4cd186239369c6440122b?s=96&d=mm&r=g","url":"https:\/\/secure.gravatar.com\/avatar\/1ec500de7013b30e1d4d7c8c3978f0e4433c37e5d5e4cd186239369c6440122b?s=96&d=mm&r=g","contentUrl":"https:\/\/secure.gravatar.com\/avatar\/1ec500de7013b30e1d4d7c8c3978f0e4433c37e5d5e4cd186239369c6440122b?s=96&d=mm&r=g","caption":"Vinicius Augusto Batista Eira"},"url":"https:\/\/www.cambe.pr.gov.br\/index.php\/author\/vabeira\/"}]}},"_links":{"self":[{"href":"https:\/\/www.cambe.pr.gov.br\/index.php\/wp-json\/wp\/v2\/posts\/17695","targetHints":{"allow":["GET"]}}],"collection":[{"href":"https:\/\/www.cambe.pr.gov.br\/index.php\/wp-json\/wp\/v2\/posts"}],"about":[{"href":"https:\/\/www.cambe.pr.gov.br\/index.php\/wp-json\/wp\/v2\/types\/post"}],"author":[{"embeddable":true,"href":"https:\/\/www.cambe.pr.gov.br\/index.php\/wp-json\/wp\/v2\/users\/16"}],"replies":[{"embeddable":true,"href":"https:\/\/www.cambe.pr.gov.br\/index.php\/wp-json\/wp\/v2\/comments?post=17695"}],"version-history":[{"count":7,"href":"https:\/\/www.cambe.pr.gov.br\/index.php\/wp-json\/wp\/v2\/posts\/17695\/revisions"}],"predecessor-version":[{"id":17705,"href":"https:\/\/www.cambe.pr.gov.br\/index.php\/wp-json\/wp\/v2\/posts\/17695\/revisions\/17705"}],"wp:attachment":[{"href":"https:\/\/www.cambe.pr.gov.br\/index.php\/wp-json\/wp\/v2\/media?parent=17695"}],"wp:term":[{"taxonomy":"category","embeddable":true,"href":"https:\/\/www.cambe.pr.gov.br\/index.php\/wp-json\/wp\/v2\/categories?post=17695"},{"taxonomy":"post_tag","embeddable":true,"href":"https:\/\/www.cambe.pr.gov.br\/index.php\/wp-json\/wp\/v2\/tags?post=17695"}],"curies":[{"name":"wp","href":"https:\/\/api.w.org\/{rel}","templated":true}]}}