{"id":17688,"date":"2025-08-29T16:15:40","date_gmt":"2025-08-29T19:15:40","guid":{"rendered":"https:\/\/www.cambe.pr.gov.br\/?p=17688"},"modified":"2025-08-29T16:38:09","modified_gmt":"2025-08-29T19:38:09","slug":"prefeitura-encaminha-mais-de-20-animais-a-unifil-no-primeiro-mes-do-convenio-de-tratamento-animal","status":"publish","type":"post","link":"https:\/\/www.cambe.pr.gov.br\/index.php\/prefeitura-encaminha-mais-de-20-animais-a-unifil-no-primeiro-mes-do-convenio-de-tratamento-animal\/","title":{"rendered":"Prefeitura encaminha cerca de 20 animais \u00e0 UniFil no primeiro m\u00eas do conv\u00eanio de tratamento animal"},"content":{"rendered":"<p style=\"text-align: justify;\"><span style=\"font-weight: 400; font-family: arial, helvetica, sans-serif;\"><img fetchpriority=\"high\" decoding=\"async\" class=\"alignleft wp-image-17689 size-large\" src=\"https:\/\/www.cambe.pr.gov.br\/wp-content\/uploads\/2025\/08\/WhatsApp-Image-2025-08-29-at-10.34.47-1024x768.jpeg\" alt=\"\" width=\"610\" height=\"458\" srcset=\"https:\/\/www.cambe.pr.gov.br\/wp-content\/uploads\/2025\/08\/WhatsApp-Image-2025-08-29-at-10.34.47-1024x768.jpeg 1024w, https:\/\/www.cambe.pr.gov.br\/wp-content\/uploads\/2025\/08\/WhatsApp-Image-2025-08-29-at-10.34.47-300x225.jpeg 300w, https:\/\/www.cambe.pr.gov.br\/wp-content\/uploads\/2025\/08\/WhatsApp-Image-2025-08-29-at-10.34.47-768x576.jpeg 768w, https:\/\/www.cambe.pr.gov.br\/wp-content\/uploads\/2025\/08\/WhatsApp-Image-2025-08-29-at-10.34.47-400x300.jpeg 400w, https:\/\/www.cambe.pr.gov.br\/wp-content\/uploads\/2025\/08\/WhatsApp-Image-2025-08-29-at-10.34.47.jpeg 1200w\" sizes=\"(max-width: 610px) 100vw, 610px\" \/>O Programa de Atendimento e Tratamento Animal (PATA) completou um m\u00eas. E durante esse per\u00edodo, a Prefeitura de Camb\u00e9 avaliou 21 animais de rua, encaminhando 17 ao Hospital Veterin\u00e1rio da UniFil, por meio do conv\u00eanio de atendimento de urg\u00eancia e emerg\u00eancia de c\u00e3es e gatos. O objetivo do conv\u00eanio \u00e9 garantir mais prote\u00e7\u00e3o e bem-estar animal, com tratamento direto para animais de pequeno e m\u00e9dio porte que sejam comunit\u00e1rios, errantes e v\u00edtimas de maus-tratos.<\/span><\/p>\n<p style=\"text-align: justify;\"><span style=\"font-weight: 400; font-family: arial, helvetica, sans-serif;\">No primeiro m\u00eas de atendimento, a Secretaria Municipal de Agricultura e Meio Ambiente avaliou 21 animais, 19 c\u00e3es e dois gatos, sendo 17 casos classificados como urg\u00eancia e emerg\u00eancia e encaminhados para o hospital veterin\u00e1rio. Ao todo, foram 15 animais de rua, com 13 sendo encaminhados ao hospital; 4 animais de fam\u00edlias de baixa renda com 3 encaminhados; e um de ONG tamb\u00e9m indo ao hospital.<\/span><\/p>\n<p style=\"text-align: justify;\"><span style=\"font-weight: 400; font-family: arial, helvetica, sans-serif;\">Dos 15 c\u00e3es e 2 gatos atendidos pela UniFil, seis sofreram acidentes ou foram atropelados, com tr\u00eas recebendo alta, um em recupera\u00e7\u00e3o ainda no hospital e dois que vieram a \u00f3bito. Outros dois animais tamb\u00e9m morreram, em raz\u00e3o de outros motivos.<\/span><\/p>\n<p style=\"text-align: justify;\"><span style=\"font-weight: 400; font-family: arial, helvetica, sans-serif;\">Dos animais encaminhados ao hospital veterin\u00e1rio: dois eram do Centro, dois do Jardim Santo Amaro e mais dois do Jardim Vila Rica; e mais um no Euthymio Casaroto, Residencial Roberto Concei\u00e7\u00e3o, Estrada Fregonezi, Jardim Alvorada, Jardim do Caf\u00e9, Jardim Jos\u00e9 Favaro, Jardim Riviera, Jardim Santa Isabel, Silvino, Tupi e Vila Atalaia.<\/span><\/p>\n<p style=\"text-align: justify;\"><span style=\"font-weight: 400; font-family: arial, helvetica, sans-serif;\">A Secretaria tamb\u00e9m relata algumas dificuldades encontradas durante o m\u00eas, de casos que n\u00e3o se aplicavam as regras do servi\u00e7o, como: mun\u00edcipes entrando em contato para relatar animais que n\u00e3o estavam em emerg\u00eancia; levando animais direto para a UniFil sem contato pr\u00e9vio com a Secretaria para triagem e avalia\u00e7\u00e3o; procura do servi\u00e7o para consultas; procura para animais pr\u00f3prios; procura para animais de outros munic\u00edpios, como Londrina; mun\u00edcipes que n\u00e3o s\u00e3o de baixa renda; e procura pelo atendimento fora do hor\u00e1rio comercial.<\/span><\/p>\n<p>&nbsp;<\/p>\n<p style=\"text-align: justify;\"><strong><span style=\"font-family: arial, helvetica, sans-serif;\">Como utilizar o servi\u00e7o?<\/span><\/strong><\/p>\n<p style=\"text-align: justify;\"><span style=\"font-weight: 400; font-family: arial, helvetica, sans-serif;\"><img decoding=\"async\" class=\"alignleft wp-image-17690\" src=\"https:\/\/www.cambe.pr.gov.br\/wp-content\/uploads\/2025\/08\/WhatsApp-Image-2025-08-29-at-14.34.46.jpeg\" alt=\"\" width=\"600\" height=\"450\" srcset=\"https:\/\/www.cambe.pr.gov.br\/wp-content\/uploads\/2025\/08\/WhatsApp-Image-2025-08-29-at-14.34.46.jpeg 900w, https:\/\/www.cambe.pr.gov.br\/wp-content\/uploads\/2025\/08\/WhatsApp-Image-2025-08-29-at-14.34.46-300x225.jpeg 300w, https:\/\/www.cambe.pr.gov.br\/wp-content\/uploads\/2025\/08\/WhatsApp-Image-2025-08-29-at-14.34.46-768x576.jpeg 768w, https:\/\/www.cambe.pr.gov.br\/wp-content\/uploads\/2025\/08\/WhatsApp-Image-2025-08-29-at-14.34.46-400x300.jpeg 400w\" sizes=\"(max-width: 600px) 100vw, 600px\" \/>Se voc\u00ea identificar um animal de rua ou comunit\u00e1rio em situa\u00e7\u00e3o de maus tratos, atropelado ou precisando de atendimento de urg\u00eancia e emerg\u00eancia, fa\u00e7a o seguinte: filme o animal mostrando endere\u00e7o e localiza\u00e7\u00e3o, assegurando ser no munic\u00edpio, e envie no WhatsApp: (43) 99111-3597. Um servidor vai fazer a avalia\u00e7\u00e3o online, em hor\u00e1rio comercial, e passar as orienta\u00e7\u00f5es sobre o bichinho.<\/span><\/p>\n<p style=\"text-align: justify;\"><span style=\"font-weight: 400; font-family: arial, helvetica, sans-serif;\">O servi\u00e7o \u00e9 voltado para urg\u00eancia e emerg\u00eancia, e n\u00e3o consulta. Ou seja, animais atropelados, v\u00edtimas de maus tratos ou correndo risco de morte. Al\u00e9m disso, se o animal for identificado com dono e em situa\u00e7\u00e3o de maus-tratos, a pessoa pode ser responsabilizada e arcar com o valor do tratamento. Situa\u00e7\u00f5es que n\u00e3o s\u00e3o urgentes tamb\u00e9m podem ser penalizadas. A Secretaria tamb\u00e9m ressalta que nenhum animal deve ser levado \u00e0 UniFil sem avalia\u00e7\u00e3o da equipe da Prefeitura.<\/span><\/p>\n<p style=\"text-align: justify;\"><span style=\"font-weight: 400; font-family: arial, helvetica, sans-serif;\">A veterin\u00e1ria Fernanda Grano explica o programa e ressalta a efetividade da a\u00e7\u00e3o, com alto n\u00famero de animais recuperados. \u201cO Programa de Atendimento e Tratamento Animal visa esse atendimento de urg\u00eancia e emerg\u00eancia para c\u00e3es e gatos em situa\u00e7\u00e3o de rua. Ent\u00e3o, n\u00f3s fazemos uma avalia\u00e7\u00e3o pr\u00e9via dos animais no local indicado, e se for realmente detectado urg\u00eancia e emerg\u00eancia e se enquadre dentro do programa, n\u00f3s realizamos o encaminhamento. E s\u00f3 nesse primeiro m\u00eas, 76% dos animais j\u00e1 se recuperaram e tiveram alta, um \u00edndice bem expressivo\u201d, disse.<\/span><\/p>\n<p>&nbsp;<\/p>\n<p style=\"text-align: justify;\"><strong><span style=\"font-family: arial, helvetica, sans-serif;\">Mais cuidado, prote\u00e7\u00e3o e bem-estar animal<\/span><\/strong><\/p>\n<p style=\"text-align: justify;\"><span style=\"font-weight: 400; font-family: arial, helvetica, sans-serif;\">O conv\u00eanio com a UniFil \u00e9 mais uma a\u00e7\u00e3o que refor\u00e7a a aten\u00e7\u00e3o e cuidado com a causa animal em Camb\u00e9. A parceria surgiu para acrescentar um suporte t\u00e9cnico especializado ao Programa, que j\u00e1 distribui ra\u00e7\u00e3o, medicamentos e promove castra\u00e7\u00e3o gratuitamente, al\u00e9m da doa\u00e7\u00e3o de animais de grande porte resgatados no munic\u00edpio.<\/span><\/p>\n<p style=\"text-align: justify;\"><span style=\"font-weight: 400; font-family: arial, helvetica, sans-serif;\">Ao todo, s\u00e3o investidos R$ 240 mil por ano na parceria com a UniFil, que conta com um hospital veterin\u00e1rio moderno e tecnol\u00f3gico. O local tem estrutura para atender todos os animais, como os de porte pequeno como c\u00e3es e gatos do conv\u00eanio, e conta com todo o suporte como cirurgias, exames laboratoriais, raio-x e ultrassom; e especialidades com cirurgi\u00e3o, oncologista, anestesista e oftalmologista.<\/span><\/p>\n<p style=\"text-align: justify;\"><span style=\"font-weight: 400; font-family: arial, helvetica, sans-serif;\">Al\u00e9m disso, s\u00f3 no primeiro semestre de 2025, a Prefeitura j\u00e1 havia distribu\u00eddo mais de 20 toneladas de ra\u00e7\u00e3o para o atendimento de 1.520 animais no munic\u00edpio, al\u00e9m de diversos medicamentos b\u00e1sicos, verm\u00edfugos e antiparasit\u00e1rios.<\/span><\/p>\n<p style=\"text-align: justify;\"><span style=\"font-weight: 400; font-family: arial, helvetica, sans-serif;\">A Secretaria de Agricultura e Meio Ambiente tamb\u00e9m conta com o programa de castra\u00e7\u00e3o. S\u00f3 de abril a julho, foram castrados 188 animais no munic\u00edpio. Para ter acesso ao servi\u00e7o, basta fazer um cadastro na sede da Secretaria, a equipe avalia o caso e, se aprovado, o animal entra na fila de atendimento. A castra\u00e7\u00e3o \u00e9 voltada para tutores de animais com baixa renda, com cadastro no Cad\u00danico ou at\u00e9 dois sal\u00e1rios m\u00ednimos de renda.<\/span><\/p>\n<p style=\"text-align: justify;\"><span style=\"font-weight: 400; font-family: arial, helvetica, sans-serif;\">J\u00e1 B\u00e1rbara Rodrigues, tamb\u00e9m veterin\u00e1ria da Prefeitura, ressalta que Camb\u00e9 vem se tornando refer\u00eancia no tratamento e cuidado com a causa animal. \u201cHoje, temos o programa de castra\u00e7\u00e3o em Camb\u00e9, que atende, em m\u00e9dia, 45 animais por m\u00eas e tem um papel crucial no controle populacional de c\u00e3es e gatos. Isso previne o aumento desordenado da popula\u00e7\u00e3o animal, e diminui o abandono e o sofrimento desses animais. A castra\u00e7\u00e3o tamb\u00e9m contribui para a promo\u00e7\u00e3o da sa\u00fade deles, reduz a incid\u00eancia de doen\u00e7as e comportamentos indesejados, refletindo diretamente na qualidade de vida da comunidade em geral, do munic\u00edpio. Al\u00e9m disso, temos tamb\u00e9m o programa de distribui\u00e7\u00e3o de ra\u00e7\u00e3o e medicamentos b\u00e1sicos, o programa C\u00e3ob\u00e9, que atende tanto os animais de fam\u00edlias em situa\u00e7\u00e3o de vulnerabilidade, quanto ONGs. Esses animais recebem uma ra\u00e7\u00e3o de boa qualidade, medicamentos e a garantia da preven\u00e7\u00e3o de doen\u00e7as e promo\u00e7\u00e3o de qualidade de vida. Esses programas s\u00e3o fruto do compromisso da Prefeitura de Camb\u00e9 para promover a sa\u00fade p\u00fablica e o cuidado respons\u00e1vel dos animais. Contamos com o apoio de toda a popula\u00e7\u00e3o para a gente ter ainda mais sucesso nessas a\u00e7\u00f5es\u201d, disse.<\/span><\/p>\n","protected":false},"excerpt":{"rendered":"<p>O Programa de Atendimento e Tratamento Animal (PATA) completou um m\u00eas. E durante esse per\u00edodo, a Prefeitura de Camb\u00e9 avaliou 21 animais de rua, encaminhando 17 ao Hospital Veterin\u00e1rio da UniFil, por meio do conv\u00eanio de atendimento de urg\u00eancia e emerg\u00eancia de c\u00e3es e gatos. O objetivo do conv\u00eanio \u00e9 garantir mais prote\u00e7\u00e3o e bem-estar [&hellip;]<\/p>\n","protected":false},"author":16,"featured_media":0,"comment_status":"closed","ping_status":"closed","sticky":false,"template":"","format":"standard","meta":{"ngg_post_thumbnail":0,"footnotes":""},"categories":[1],"tags":[],"class_list":["post-17688","post","type-post","status-publish","format-standard","hentry","category-principal"],"yoast_head":"<!-- This site is optimized with the Yoast SEO plugin v27.4 - https:\/\/yoast.com\/product\/yoast-seo-wordpress\/ -->\n<title>Prefeitura encaminha cerca de 20 animais \u00e0 UniFil no primeiro m\u00eas do conv\u00eanio de tratamento animal - Prefeitura de Camb\u00e9<\/title>\n<meta name=\"robots\" content=\"index, follow, max-snippet:-1, max-image-preview:large, max-video-preview:-1\" \/>\n<link rel=\"canonical\" href=\"https:\/\/www.cambe.pr.gov.br\/index.php\/prefeitura-encaminha-mais-de-20-animais-a-unifil-no-primeiro-mes-do-convenio-de-tratamento-animal\/\" \/>\n<meta property=\"og:locale\" content=\"pt_BR\" \/>\n<meta property=\"og:type\" content=\"article\" \/>\n<meta property=\"og:title\" content=\"Prefeitura encaminha cerca de 20 animais \u00e0 UniFil no primeiro m\u00eas do conv\u00eanio de tratamento animal - Prefeitura de Camb\u00e9\" \/>\n<meta property=\"og:description\" content=\"O Programa de Atendimento e Tratamento Animal (PATA) completou um m\u00eas. E durante esse per\u00edodo, a Prefeitura de Camb\u00e9 avaliou 21 animais de rua, encaminhando 17 ao Hospital Veterin\u00e1rio da UniFil, por meio do conv\u00eanio de atendimento de urg\u00eancia e emerg\u00eancia de c\u00e3es e gatos. O objetivo do conv\u00eanio \u00e9 garantir mais prote\u00e7\u00e3o e bem-estar [&hellip;]\" \/>\n<meta property=\"og:url\" content=\"https:\/\/www.cambe.pr.gov.br\/index.php\/prefeitura-encaminha-mais-de-20-animais-a-unifil-no-primeiro-mes-do-convenio-de-tratamento-animal\/\" \/>\n<meta property=\"og:site_name\" content=\"Prefeitura de Camb\u00e9\" \/>\n<meta property=\"article:publisher\" content=\"https:\/\/m.facebook.com\/prefeituradecambe\" \/>\n<meta property=\"article:published_time\" content=\"2025-08-29T19:15:40+00:00\" \/>\n<meta property=\"article:modified_time\" content=\"2025-08-29T19:38:09+00:00\" \/>\n<meta property=\"og:image\" content=\"https:\/\/www.cambe.pr.gov.br\/wp-content\/uploads\/2025\/08\/WhatsApp-Image-2025-08-29-at-10.34.47.jpeg\" \/>\n\t<meta property=\"og:image:width\" content=\"1200\" \/>\n\t<meta property=\"og:image:height\" content=\"900\" \/>\n\t<meta property=\"og:image:type\" content=\"image\/jpeg\" \/>\n<meta name=\"author\" content=\"Vinicius Augusto Batista Eira\" \/>\n<meta name=\"twitter:card\" content=\"summary_large_image\" \/>\n<meta name=\"twitter:label1\" content=\"Escrito por\" \/>\n\t<meta name=\"twitter:data1\" content=\"Vinicius Augusto Batista Eira\" \/>\n\t<meta name=\"twitter:label2\" content=\"Est. tempo de leitura\" \/>\n\t<meta name=\"twitter:data2\" content=\"6 minutos\" \/>\n<script type=\"application\/ld+json\" class=\"yoast-schema-graph\">{\"@context\":\"https:\\\/\\\/schema.org\",\"@graph\":[{\"@type\":\"Article\",\"@id\":\"https:\\\/\\\/www.cambe.pr.gov.br\\\/index.php\\\/prefeitura-encaminha-mais-de-20-animais-a-unifil-no-primeiro-mes-do-convenio-de-tratamento-animal\\\/#article\",\"isPartOf\":{\"@id\":\"https:\\\/\\\/www.cambe.pr.gov.br\\\/index.php\\\/prefeitura-encaminha-mais-de-20-animais-a-unifil-no-primeiro-mes-do-convenio-de-tratamento-animal\\\/\"},\"author\":{\"name\":\"Vinicius Augusto Batista Eira\",\"@id\":\"https:\\\/\\\/www.cambe.pr.gov.br\\\/#\\\/schema\\\/person\\\/8e3ee69cb2cadf4b9f8377407227effd\"},\"headline\":\"Prefeitura encaminha cerca de 20 animais \u00e0 UniFil no primeiro m\u00eas do conv\u00eanio de tratamento animal\",\"datePublished\":\"2025-08-29T19:15:40+00:00\",\"dateModified\":\"2025-08-29T19:38:09+00:00\",\"mainEntityOfPage\":{\"@id\":\"https:\\\/\\\/www.cambe.pr.gov.br\\\/index.php\\\/prefeitura-encaminha-mais-de-20-animais-a-unifil-no-primeiro-mes-do-convenio-de-tratamento-animal\\\/\"},\"wordCount\":1105,\"publisher\":{\"@id\":\"https:\\\/\\\/www.cambe.pr.gov.br\\\/#organization\"},\"image\":{\"@id\":\"https:\\\/\\\/www.cambe.pr.gov.br\\\/index.php\\\/prefeitura-encaminha-mais-de-20-animais-a-unifil-no-primeiro-mes-do-convenio-de-tratamento-animal\\\/#primaryimage\"},\"thumbnailUrl\":\"https:\\\/\\\/www.cambe.pr.gov.br\\\/wp-content\\\/uploads\\\/2025\\\/08\\\/WhatsApp-Image-2025-08-29-at-10.34.47-1024x768.jpeg\",\"articleSection\":[\"Principal\"],\"inLanguage\":\"pt-BR\"},{\"@type\":\"WebPage\",\"@id\":\"https:\\\/\\\/www.cambe.pr.gov.br\\\/index.php\\\/prefeitura-encaminha-mais-de-20-animais-a-unifil-no-primeiro-mes-do-convenio-de-tratamento-animal\\\/\",\"url\":\"https:\\\/\\\/www.cambe.pr.gov.br\\\/index.php\\\/prefeitura-encaminha-mais-de-20-animais-a-unifil-no-primeiro-mes-do-convenio-de-tratamento-animal\\\/\",\"name\":\"Prefeitura encaminha cerca de 20 animais \u00e0 UniFil no primeiro m\u00eas do conv\u00eanio de tratamento animal - Prefeitura de Camb\u00e9\",\"isPartOf\":{\"@id\":\"https:\\\/\\\/www.cambe.pr.gov.br\\\/#website\"},\"primaryImageOfPage\":{\"@id\":\"https:\\\/\\\/www.cambe.pr.gov.br\\\/index.php\\\/prefeitura-encaminha-mais-de-20-animais-a-unifil-no-primeiro-mes-do-convenio-de-tratamento-animal\\\/#primaryimage\"},\"image\":{\"@id\":\"https:\\\/\\\/www.cambe.pr.gov.br\\\/index.php\\\/prefeitura-encaminha-mais-de-20-animais-a-unifil-no-primeiro-mes-do-convenio-de-tratamento-animal\\\/#primaryimage\"},\"thumbnailUrl\":\"https:\\\/\\\/www.cambe.pr.gov.br\\\/wp-content\\\/uploads\\\/2025\\\/08\\\/WhatsApp-Image-2025-08-29-at-10.34.47-1024x768.jpeg\",\"datePublished\":\"2025-08-29T19:15:40+00:00\",\"dateModified\":\"2025-08-29T19:38:09+00:00\",\"breadcrumb\":{\"@id\":\"https:\\\/\\\/www.cambe.pr.gov.br\\\/index.php\\\/prefeitura-encaminha-mais-de-20-animais-a-unifil-no-primeiro-mes-do-convenio-de-tratamento-animal\\\/#breadcrumb\"},\"inLanguage\":\"pt-BR\",\"potentialAction\":[{\"@type\":\"ReadAction\",\"target\":[\"https:\\\/\\\/www.cambe.pr.gov.br\\\/index.php\\\/prefeitura-encaminha-mais-de-20-animais-a-unifil-no-primeiro-mes-do-convenio-de-tratamento-animal\\\/\"]}]},{\"@type\":\"ImageObject\",\"inLanguage\":\"pt-BR\",\"@id\":\"https:\\\/\\\/www.cambe.pr.gov.br\\\/index.php\\\/prefeitura-encaminha-mais-de-20-animais-a-unifil-no-primeiro-mes-do-convenio-de-tratamento-animal\\\/#primaryimage\",\"url\":\"https:\\\/\\\/www.cambe.pr.gov.br\\\/wp-content\\\/uploads\\\/2025\\\/08\\\/WhatsApp-Image-2025-08-29-at-10.34.47.jpeg\",\"contentUrl\":\"https:\\\/\\\/www.cambe.pr.gov.br\\\/wp-content\\\/uploads\\\/2025\\\/08\\\/WhatsApp-Image-2025-08-29-at-10.34.47.jpeg\",\"width\":1200,\"height\":900},{\"@type\":\"BreadcrumbList\",\"@id\":\"https:\\\/\\\/www.cambe.pr.gov.br\\\/index.php\\\/prefeitura-encaminha-mais-de-20-animais-a-unifil-no-primeiro-mes-do-convenio-de-tratamento-animal\\\/#breadcrumb\",\"itemListElement\":[{\"@type\":\"ListItem\",\"position\":1,\"name\":\"In\u00edcio\",\"item\":\"https:\\\/\\\/www.cambe.pr.gov.br\\\/\"},{\"@type\":\"ListItem\",\"position\":2,\"name\":\"Prefeitura encaminha cerca de 20 animais \u00e0 UniFil no primeiro m\u00eas do conv\u00eanio de tratamento animal\"}]},{\"@type\":\"WebSite\",\"@id\":\"https:\\\/\\\/www.cambe.pr.gov.br\\\/#website\",\"url\":\"https:\\\/\\\/www.cambe.pr.gov.br\\\/\",\"name\":\"Prefeitura de Camb\u00e9\",\"description\":\"UM GOVERNO PARA TODOS\",\"publisher\":{\"@id\":\"https:\\\/\\\/www.cambe.pr.gov.br\\\/#organization\"},\"potentialAction\":[{\"@type\":\"SearchAction\",\"target\":{\"@type\":\"EntryPoint\",\"urlTemplate\":\"https:\\\/\\\/www.cambe.pr.gov.br\\\/?s={search_term_string}\"},\"query-input\":{\"@type\":\"PropertyValueSpecification\",\"valueRequired\":true,\"valueName\":\"search_term_string\"}}],\"inLanguage\":\"pt-BR\"},{\"@type\":\"Organization\",\"@id\":\"https:\\\/\\\/www.cambe.pr.gov.br\\\/#organization\",\"name\":\"Prefeitura de Camb\u00e9\",\"url\":\"https:\\\/\\\/www.cambe.pr.gov.br\\\/\",\"logo\":{\"@type\":\"ImageObject\",\"inLanguage\":\"pt-BR\",\"@id\":\"https:\\\/\\\/www.cambe.pr.gov.br\\\/#\\\/schema\\\/logo\\\/image\\\/\",\"url\":\"https:\\\/\\\/www.cambe.pr.gov.br\\\/wp-content\\\/uploads\\\/2021\\\/01\\\/cropped-cropped-cambe_brazao-icone.png\",\"contentUrl\":\"https:\\\/\\\/www.cambe.pr.gov.br\\\/wp-content\\\/uploads\\\/2021\\\/01\\\/cropped-cropped-cambe_brazao-icone.png\",\"width\":240,\"height\":240,\"caption\":\"Prefeitura de Camb\u00e9\"},\"image\":{\"@id\":\"https:\\\/\\\/www.cambe.pr.gov.br\\\/#\\\/schema\\\/logo\\\/image\\\/\"},\"sameAs\":[\"https:\\\/\\\/m.facebook.com\\\/prefeituradecambe\"]},{\"@type\":\"Person\",\"@id\":\"https:\\\/\\\/www.cambe.pr.gov.br\\\/#\\\/schema\\\/person\\\/8e3ee69cb2cadf4b9f8377407227effd\",\"name\":\"Vinicius Augusto Batista Eira\",\"image\":{\"@type\":\"ImageObject\",\"inLanguage\":\"pt-BR\",\"@id\":\"https:\\\/\\\/secure.gravatar.com\\\/avatar\\\/1ec500de7013b30e1d4d7c8c3978f0e4433c37e5d5e4cd186239369c6440122b?s=96&d=mm&r=g\",\"url\":\"https:\\\/\\\/secure.gravatar.com\\\/avatar\\\/1ec500de7013b30e1d4d7c8c3978f0e4433c37e5d5e4cd186239369c6440122b?s=96&d=mm&r=g\",\"contentUrl\":\"https:\\\/\\\/secure.gravatar.com\\\/avatar\\\/1ec500de7013b30e1d4d7c8c3978f0e4433c37e5d5e4cd186239369c6440122b?s=96&d=mm&r=g\",\"caption\":\"Vinicius Augusto Batista Eira\"},\"url\":\"https:\\\/\\\/www.cambe.pr.gov.br\\\/index.php\\\/author\\\/vabeira\\\/\"}]}<\/script>\n<!-- \/ Yoast SEO plugin. -->","yoast_head_json":{"title":"Prefeitura encaminha cerca de 20 animais \u00e0 UniFil no primeiro m\u00eas do conv\u00eanio de tratamento animal - Prefeitura de Camb\u00e9","robots":{"index":"index","follow":"follow","max-snippet":"max-snippet:-1","max-image-preview":"max-image-preview:large","max-video-preview":"max-video-preview:-1"},"canonical":"https:\/\/www.cambe.pr.gov.br\/index.php\/prefeitura-encaminha-mais-de-20-animais-a-unifil-no-primeiro-mes-do-convenio-de-tratamento-animal\/","og_locale":"pt_BR","og_type":"article","og_title":"Prefeitura encaminha cerca de 20 animais \u00e0 UniFil no primeiro m\u00eas do conv\u00eanio de tratamento animal - Prefeitura de Camb\u00e9","og_description":"O Programa de Atendimento e Tratamento Animal (PATA) completou um m\u00eas. E durante esse per\u00edodo, a Prefeitura de Camb\u00e9 avaliou 21 animais de rua, encaminhando 17 ao Hospital Veterin\u00e1rio da UniFil, por meio do conv\u00eanio de atendimento de urg\u00eancia e emerg\u00eancia de c\u00e3es e gatos. O objetivo do conv\u00eanio \u00e9 garantir mais prote\u00e7\u00e3o e bem-estar [&hellip;]","og_url":"https:\/\/www.cambe.pr.gov.br\/index.php\/prefeitura-encaminha-mais-de-20-animais-a-unifil-no-primeiro-mes-do-convenio-de-tratamento-animal\/","og_site_name":"Prefeitura de Camb\u00e9","article_publisher":"https:\/\/m.facebook.com\/prefeituradecambe","article_published_time":"2025-08-29T19:15:40+00:00","article_modified_time":"2025-08-29T19:38:09+00:00","og_image":[{"width":1200,"height":900,"url":"https:\/\/www.cambe.pr.gov.br\/wp-content\/uploads\/2025\/08\/WhatsApp-Image-2025-08-29-at-10.34.47.jpeg","type":"image\/jpeg"}],"author":"Vinicius Augusto Batista Eira","twitter_card":"summary_large_image","twitter_misc":{"Escrito por":"Vinicius Augusto Batista Eira","Est. tempo de leitura":"6 minutos"},"schema":{"@context":"https:\/\/schema.org","@graph":[{"@type":"Article","@id":"https:\/\/www.cambe.pr.gov.br\/index.php\/prefeitura-encaminha-mais-de-20-animais-a-unifil-no-primeiro-mes-do-convenio-de-tratamento-animal\/#article","isPartOf":{"@id":"https:\/\/www.cambe.pr.gov.br\/index.php\/prefeitura-encaminha-mais-de-20-animais-a-unifil-no-primeiro-mes-do-convenio-de-tratamento-animal\/"},"author":{"name":"Vinicius Augusto Batista Eira","@id":"https:\/\/www.cambe.pr.gov.br\/#\/schema\/person\/8e3ee69cb2cadf4b9f8377407227effd"},"headline":"Prefeitura encaminha cerca de 20 animais \u00e0 UniFil no primeiro m\u00eas do conv\u00eanio de tratamento animal","datePublished":"2025-08-29T19:15:40+00:00","dateModified":"2025-08-29T19:38:09+00:00","mainEntityOfPage":{"@id":"https:\/\/www.cambe.pr.gov.br\/index.php\/prefeitura-encaminha-mais-de-20-animais-a-unifil-no-primeiro-mes-do-convenio-de-tratamento-animal\/"},"wordCount":1105,"publisher":{"@id":"https:\/\/www.cambe.pr.gov.br\/#organization"},"image":{"@id":"https:\/\/www.cambe.pr.gov.br\/index.php\/prefeitura-encaminha-mais-de-20-animais-a-unifil-no-primeiro-mes-do-convenio-de-tratamento-animal\/#primaryimage"},"thumbnailUrl":"https:\/\/www.cambe.pr.gov.br\/wp-content\/uploads\/2025\/08\/WhatsApp-Image-2025-08-29-at-10.34.47-1024x768.jpeg","articleSection":["Principal"],"inLanguage":"pt-BR"},{"@type":"WebPage","@id":"https:\/\/www.cambe.pr.gov.br\/index.php\/prefeitura-encaminha-mais-de-20-animais-a-unifil-no-primeiro-mes-do-convenio-de-tratamento-animal\/","url":"https:\/\/www.cambe.pr.gov.br\/index.php\/prefeitura-encaminha-mais-de-20-animais-a-unifil-no-primeiro-mes-do-convenio-de-tratamento-animal\/","name":"Prefeitura encaminha cerca de 20 animais \u00e0 UniFil no primeiro m\u00eas do conv\u00eanio de tratamento animal - Prefeitura de Camb\u00e9","isPartOf":{"@id":"https:\/\/www.cambe.pr.gov.br\/#website"},"primaryImageOfPage":{"@id":"https:\/\/www.cambe.pr.gov.br\/index.php\/prefeitura-encaminha-mais-de-20-animais-a-unifil-no-primeiro-mes-do-convenio-de-tratamento-animal\/#primaryimage"},"image":{"@id":"https:\/\/www.cambe.pr.gov.br\/index.php\/prefeitura-encaminha-mais-de-20-animais-a-unifil-no-primeiro-mes-do-convenio-de-tratamento-animal\/#primaryimage"},"thumbnailUrl":"https:\/\/www.cambe.pr.gov.br\/wp-content\/uploads\/2025\/08\/WhatsApp-Image-2025-08-29-at-10.34.47-1024x768.jpeg","datePublished":"2025-08-29T19:15:40+00:00","dateModified":"2025-08-29T19:38:09+00:00","breadcrumb":{"@id":"https:\/\/www.cambe.pr.gov.br\/index.php\/prefeitura-encaminha-mais-de-20-animais-a-unifil-no-primeiro-mes-do-convenio-de-tratamento-animal\/#breadcrumb"},"inLanguage":"pt-BR","potentialAction":[{"@type":"ReadAction","target":["https:\/\/www.cambe.pr.gov.br\/index.php\/prefeitura-encaminha-mais-de-20-animais-a-unifil-no-primeiro-mes-do-convenio-de-tratamento-animal\/"]}]},{"@type":"ImageObject","inLanguage":"pt-BR","@id":"https:\/\/www.cambe.pr.gov.br\/index.php\/prefeitura-encaminha-mais-de-20-animais-a-unifil-no-primeiro-mes-do-convenio-de-tratamento-animal\/#primaryimage","url":"https:\/\/www.cambe.pr.gov.br\/wp-content\/uploads\/2025\/08\/WhatsApp-Image-2025-08-29-at-10.34.47.jpeg","contentUrl":"https:\/\/www.cambe.pr.gov.br\/wp-content\/uploads\/2025\/08\/WhatsApp-Image-2025-08-29-at-10.34.47.jpeg","width":1200,"height":900},{"@type":"BreadcrumbList","@id":"https:\/\/www.cambe.pr.gov.br\/index.php\/prefeitura-encaminha-mais-de-20-animais-a-unifil-no-primeiro-mes-do-convenio-de-tratamento-animal\/#breadcrumb","itemListElement":[{"@type":"ListItem","position":1,"name":"In\u00edcio","item":"https:\/\/www.cambe.pr.gov.br\/"},{"@type":"ListItem","position":2,"name":"Prefeitura encaminha cerca de 20 animais \u00e0 UniFil no primeiro m\u00eas do conv\u00eanio de tratamento animal"}]},{"@type":"WebSite","@id":"https:\/\/www.cambe.pr.gov.br\/#website","url":"https:\/\/www.cambe.pr.gov.br\/","name":"Prefeitura de Camb\u00e9","description":"UM GOVERNO PARA TODOS","publisher":{"@id":"https:\/\/www.cambe.pr.gov.br\/#organization"},"potentialAction":[{"@type":"SearchAction","target":{"@type":"EntryPoint","urlTemplate":"https:\/\/www.cambe.pr.gov.br\/?s={search_term_string}"},"query-input":{"@type":"PropertyValueSpecification","valueRequired":true,"valueName":"search_term_string"}}],"inLanguage":"pt-BR"},{"@type":"Organization","@id":"https:\/\/www.cambe.pr.gov.br\/#organization","name":"Prefeitura de Camb\u00e9","url":"https:\/\/www.cambe.pr.gov.br\/","logo":{"@type":"ImageObject","inLanguage":"pt-BR","@id":"https:\/\/www.cambe.pr.gov.br\/#\/schema\/logo\/image\/","url":"https:\/\/www.cambe.pr.gov.br\/wp-content\/uploads\/2021\/01\/cropped-cropped-cambe_brazao-icone.png","contentUrl":"https:\/\/www.cambe.pr.gov.br\/wp-content\/uploads\/2021\/01\/cropped-cropped-cambe_brazao-icone.png","width":240,"height":240,"caption":"Prefeitura de Camb\u00e9"},"image":{"@id":"https:\/\/www.cambe.pr.gov.br\/#\/schema\/logo\/image\/"},"sameAs":["https:\/\/m.facebook.com\/prefeituradecambe"]},{"@type":"Person","@id":"https:\/\/www.cambe.pr.gov.br\/#\/schema\/person\/8e3ee69cb2cadf4b9f8377407227effd","name":"Vinicius Augusto Batista Eira","image":{"@type":"ImageObject","inLanguage":"pt-BR","@id":"https:\/\/secure.gravatar.com\/avatar\/1ec500de7013b30e1d4d7c8c3978f0e4433c37e5d5e4cd186239369c6440122b?s=96&d=mm&r=g","url":"https:\/\/secure.gravatar.com\/avatar\/1ec500de7013b30e1d4d7c8c3978f0e4433c37e5d5e4cd186239369c6440122b?s=96&d=mm&r=g","contentUrl":"https:\/\/secure.gravatar.com\/avatar\/1ec500de7013b30e1d4d7c8c3978f0e4433c37e5d5e4cd186239369c6440122b?s=96&d=mm&r=g","caption":"Vinicius Augusto Batista Eira"},"url":"https:\/\/www.cambe.pr.gov.br\/index.php\/author\/vabeira\/"}]}},"_links":{"self":[{"href":"https:\/\/www.cambe.pr.gov.br\/index.php\/wp-json\/wp\/v2\/posts\/17688","targetHints":{"allow":["GET"]}}],"collection":[{"href":"https:\/\/www.cambe.pr.gov.br\/index.php\/wp-json\/wp\/v2\/posts"}],"about":[{"href":"https:\/\/www.cambe.pr.gov.br\/index.php\/wp-json\/wp\/v2\/types\/post"}],"author":[{"embeddable":true,"href":"https:\/\/www.cambe.pr.gov.br\/index.php\/wp-json\/wp\/v2\/users\/16"}],"replies":[{"embeddable":true,"href":"https:\/\/www.cambe.pr.gov.br\/index.php\/wp-json\/wp\/v2\/comments?post=17688"}],"version-history":[{"count":4,"href":"https:\/\/www.cambe.pr.gov.br\/index.php\/wp-json\/wp\/v2\/posts\/17688\/revisions"}],"predecessor-version":[{"id":17694,"href":"https:\/\/www.cambe.pr.gov.br\/index.php\/wp-json\/wp\/v2\/posts\/17688\/revisions\/17694"}],"wp:attachment":[{"href":"https:\/\/www.cambe.pr.gov.br\/index.php\/wp-json\/wp\/v2\/media?parent=17688"}],"wp:term":[{"taxonomy":"category","embeddable":true,"href":"https:\/\/www.cambe.pr.gov.br\/index.php\/wp-json\/wp\/v2\/categories?post=17688"},{"taxonomy":"post_tag","embeddable":true,"href":"https:\/\/www.cambe.pr.gov.br\/index.php\/wp-json\/wp\/v2\/tags?post=17688"}],"curies":[{"name":"wp","href":"https:\/\/api.w.org\/{rel}","templated":true}]}}