{"id":17677,"date":"2025-08-29T11:43:48","date_gmt":"2025-08-29T14:43:48","guid":{"rendered":"https:\/\/www.cambe.pr.gov.br\/?p=17677"},"modified":"2025-08-29T12:44:39","modified_gmt":"2025-08-29T15:44:39","slug":"esporotricose-prefeitura-promove-capacitacao-sobre-a-doenca-para-equipes-de-saude","status":"publish","type":"post","link":"https:\/\/www.cambe.pr.gov.br\/index.php\/esporotricose-prefeitura-promove-capacitacao-sobre-a-doenca-para-equipes-de-saude\/","title":{"rendered":"Esporotricose: Prefeitura promove capacita\u00e7\u00e3o sobre a doen\u00e7a para equipes de sa\u00fade"},"content":{"rendered":"<div id=\"attachment_17685\" style=\"width: 682px\" class=\"wp-caption alignleft\"><img fetchpriority=\"high\" decoding=\"async\" aria-describedby=\"caption-attachment-17685\" class=\"wp-image-17685 size-full\" src=\"https:\/\/www.cambe.pr.gov.br\/wp-content\/uploads\/2025\/08\/WhatsApp-Image-2025-08-29-at-12.24.12.jpeg\" alt=\"\" width=\"672\" height=\"538\" srcset=\"https:\/\/www.cambe.pr.gov.br\/wp-content\/uploads\/2025\/08\/WhatsApp-Image-2025-08-29-at-12.24.12.jpeg 672w, https:\/\/www.cambe.pr.gov.br\/wp-content\/uploads\/2025\/08\/WhatsApp-Image-2025-08-29-at-12.24.12-300x240.jpeg 300w\" sizes=\"(max-width: 672px) 100vw, 672px\" \/><p id=\"caption-attachment-17685\" class=\"wp-caption-text\">Com a esporotricose, os animais apresentam les\u00f5es de pele, principalmente nariz, membros, cauda e incha\u00e7o nasal. Essas les\u00f5es podem se espalhar por todo o corpo do animal<\/p><\/div>\n<p><span style=\"font-weight: 400; font-family: arial, helvetica, sans-serif;\">A Prefeitura de Camb\u00e9, por meio da Secretaria Municipal de Sa\u00fade P\u00fablica, come\u00e7a uma s\u00e9rie de capacita\u00e7\u00f5es na pr\u00f3xima semana sobre a esporotricose. As a\u00e7\u00f5es s\u00e3o voltadas para equipes de sa\u00fade, ONGs e protetoras de animais, com recomenda\u00e7\u00f5es de abordagem e primeiros cuidados com animais e humanos. A Secretaria vem intensificando as medidas no munic\u00edpio, j\u00e1 que a esporotricose \u00e9 s\u00e9ria, pode afetar humanos e animais dom\u00e9sticos, principalmente gatos, causando les\u00f5es na pele, \u00falceras e feridas e demandando tratamento m\u00e9dico, podendo levar os animais a \u00f3bito e causando risco \u00e0 sa\u00fade p\u00fablica.<\/span><\/p>\n<p><span style=\"font-weight: 400; font-family: arial, helvetica, sans-serif;\">Ao longo de todo o ano, desde o in\u00edcio do surgimento dos casos, na regi\u00e3o do Camb\u00e9 4, est\u00e3o sendo feitas a\u00e7\u00f5es de busca ativa com animais no munic\u00edpio e capacita\u00e7\u00e3o de servidores para orienta\u00e7\u00e3o, encaminhamento e tratamento adequado para que os casos n\u00e3o se espalhem.<\/span><\/p>\n<p>&nbsp;<\/p>\n<p style=\"text-align: justify;\"><strong><span style=\"font-family: arial, helvetica, sans-serif;\">Capacita\u00e7\u00e3o com profissionais da sa\u00fade<\/span><\/strong><\/p>\n<p><span style=\"font-weight: 400; font-family: arial, helvetica, sans-serif;\">Na pr\u00f3xima segunda e sexta-feira, dias 1 e 5\/9, as a\u00e7\u00f5es s\u00e3o voltadas para agentes de combate \u00e0s endemias, agentes comunit\u00e1rios de sa\u00fade, enfermeiros e auxiliares de enfermagem de todas as unidades de sa\u00fade de Camb\u00e9. A capacita\u00e7\u00e3o ser\u00e1 feita no Centro de Conviv\u00eancia do Idoso do Tupi, na Rua Curitiba, 1037. No dia 1, a a\u00e7\u00e3o ser\u00e1 \u00e0s 14h; e no dia 5, \u00e0s 8h30.<\/span><\/p>\n<p><span style=\"font-weight: 400; font-family: arial, helvetica, sans-serif;\">Renata Cristina Dias, m\u00e9dica veterin\u00e1ria da Secretaria de Sa\u00fade, explica que a capacita\u00e7\u00e3o vai abordar toda a situa\u00e7\u00e3o da doen\u00e7a, sintomas, tratamento, o que est\u00e1 acontecendo em Camb\u00e9, onde se concentram os casos, o que vem sendo feito para preven\u00e7\u00e3o e controle e qual a abordagem deve ser realizada com animais e humanos.<\/span><\/p>\n<p><span style=\"font-weight: 400; font-family: arial, helvetica, sans-serif;\">\u201cO objetivo de fazer essa capacita\u00e7\u00e3o para todos os funcion\u00e1rios da sa\u00fade \u00e9 para a gente ter o olhar preparado para a esporotricose em outros bairros. Corre-se o risco de aparecer em outro bairro e ficar silencioso, come\u00e7ar a alastrar. Ent\u00e3o, a gente j\u00e1 est\u00e1 fazendo essa capacita\u00e7\u00e3o para todo mundo ficar ciente do que \u00e9 a doen\u00e7a no humano e no animal. E na d\u00favida, na suspeita, j\u00e1 procurar a sa\u00fade, relatar a situa\u00e7\u00e3o, mandar foto e a gente fazer a busca ativa, procurar esse paciente e tentar diagnosticar para ver se \u00e9 a esporotricose e a gente tamb\u00e9m fazer um cerco para n\u00e3o ter a prolifera\u00e7\u00e3o, a dissemina\u00e7\u00e3o dessa doen\u00e7a em outras regi\u00f5es tamb\u00e9m. At\u00e9 agora s\u00e3o seis casos s\u00f3 em humanos. Ent\u00e3o, a gente v\u00ea que essa situa\u00e7\u00e3o ambiental e a transmiss\u00e3o acontece. \u00c9 importante ter esse olhar quando fazer a vistoria nas casas, ficar de olho, ver se o animal tem alguma les\u00e3o ou a pessoa tem alguma les\u00e3o e notificar\u201d, disse Dias.<\/span><\/p>\n<p>&nbsp;<\/p>\n<p style=\"text-align: justify;\"><strong><span style=\"font-family: arial, helvetica, sans-serif;\">Capacita\u00e7\u00e3o com ONGs e protetoras de animais<\/span><\/strong><\/p>\n<p><span style=\"font-weight: 400; font-family: arial, helvetica, sans-serif;\">J\u00e1 na quarta-feira (3), a a\u00e7\u00e3o \u00e9 voltada para respons\u00e1veis por ONGs e protetoras de animais do munic\u00edpio. A capacita\u00e7\u00e3o ser\u00e1 na Secretaria Municipal de Planejamento, na Rua Fran\u00e7a, 87, a partir das 14h.<\/span><\/p>\n<p><span style=\"font-weight: 400; font-family: arial, helvetica, sans-serif;\">Segundo a veterin\u00e1ria da Secretaria de Sa\u00fade, o objetivo \u00e9 explicar o que \u00e9 a esporotricose em cima do trabalho que ONGs e protetoras realizam com animais errantes ou acumuladores de animais. E tamb\u00e9m, entender a caracter\u00edstica das les\u00f5es, como \u00e9 a ferida, o que fazer ao verem um animal que elas est\u00e3o cuidando ou pegarem na rua com esporotricose e cuidados necess\u00e1rios.\u00a0<\/span><\/p>\n<p><span style=\"font-weight: 400; font-family: arial, helvetica, sans-serif;\">\u201cE temos tamb\u00e9m a situa\u00e7\u00e3o de acumuladores no munic\u00edpio. Por isso, vamos orientar para que elas nos passarem tamb\u00e9m os contatos desses acumuladores, principalmente na regi\u00e3o que est\u00e1 tendo surto, para fazermos a vistoria, ficar mais em cima. Se a doen\u00e7a entra em um acumulador, se ter v\u00e1rios casos de animais de uma vez s\u00f3. \u00c9 mais dif\u00edcil tratamento, tem a prolifera\u00e7\u00e3o ambiental. A a\u00e7\u00e3o \u00e9 para terem uma consci\u00eancia maior do que \u00e9 a esporotricose no trabalho que elas realizam aqui no munic\u00edpio\u201d, concluiu Renata.<\/span><\/p>\n<p>&nbsp;<\/p>\n<p style=\"text-align: justify;\"><strong><span style=\"font-family: arial, helvetica, sans-serif;\">O que \u00e9 a esporotricose?<\/span><\/strong><\/p>\n<p><span style=\"font-weight: 400; font-family: arial, helvetica, sans-serif;\">A esporotricose \u00e9 uma doen\u00e7a que pode atingir animais e humanos. Ela \u00e9 causada pelo fungo sporothrix, encontrado no meio ambiente como solo, mat\u00e9ria de origem vegetal, madeira e mat\u00e9ria org\u00e2nica em decomposi\u00e7\u00e3o. A doen\u00e7a pode ter propaga\u00e7\u00e3o atrav\u00e9s do pr\u00f3prio ambiente, com a pele ou mucosa com les\u00f5es, como acidentes com espinhos de plantas contaminados pelo fungo; e tamb\u00e9m pelo animal, principalmente os gatos, na intera\u00e7\u00e3o com outros animais ou ambiente. O animal infectado pode causar ferimentos como arranh\u00f5es, mordidas e contato com as secre\u00e7\u00f5es de les\u00f5es.<\/span><\/p>\n<p><span style=\"font-weight: 400; font-family: arial, helvetica, sans-serif;\">Entenda melhor os sintomas e forma de preven\u00e7\u00e3o <a href=\"https:\/\/www.cambe.pr.gov.br\/index.php\/esporotricose-entenda-a-doenca-que-atinge-animais-domesticos-e-humanos\/\" target=\"_blank\" rel=\"noopener\"><strong>clicando aqui<\/strong><\/a>. Ajude o munic\u00edpio a eliminar de vez a doen\u00e7a, protegendo voc\u00ea e seu animal de estima\u00e7\u00e3o.<\/span><\/p>\n","protected":false},"excerpt":{"rendered":"<p>A Prefeitura de Camb\u00e9, por meio da Secretaria Municipal de Sa\u00fade P\u00fablica, come\u00e7a uma s\u00e9rie de capacita\u00e7\u00f5es na pr\u00f3xima semana sobre a esporotricose. As a\u00e7\u00f5es s\u00e3o voltadas para equipes de sa\u00fade, ONGs e protetoras de animais, com recomenda\u00e7\u00f5es de abordagem e primeiros cuidados com animais e humanos. A Secretaria vem intensificando as medidas no munic\u00edpio, [&hellip;]<\/p>\n","protected":false},"author":16,"featured_media":0,"comment_status":"closed","ping_status":"closed","sticky":false,"template":"","format":"standard","meta":{"ngg_post_thumbnail":0,"footnotes":""},"categories":[1],"tags":[],"class_list":["post-17677","post","type-post","status-publish","format-standard","hentry","category-principal"],"yoast_head":"<!-- This site is optimized with the Yoast SEO plugin v27.4 - https:\/\/yoast.com\/product\/yoast-seo-wordpress\/ -->\n<title>Esporotricose: Prefeitura promove capacita\u00e7\u00e3o sobre a doen\u00e7a para equipes de sa\u00fade - Prefeitura de Camb\u00e9<\/title>\n<meta name=\"robots\" content=\"index, follow, max-snippet:-1, max-image-preview:large, max-video-preview:-1\" \/>\n<link rel=\"canonical\" href=\"https:\/\/www.cambe.pr.gov.br\/index.php\/esporotricose-prefeitura-promove-capacitacao-sobre-a-doenca-para-equipes-de-saude\/\" \/>\n<meta property=\"og:locale\" content=\"pt_BR\" \/>\n<meta property=\"og:type\" content=\"article\" \/>\n<meta property=\"og:title\" content=\"Esporotricose: Prefeitura promove capacita\u00e7\u00e3o sobre a doen\u00e7a para equipes de sa\u00fade - Prefeitura de Camb\u00e9\" \/>\n<meta property=\"og:description\" content=\"A Prefeitura de Camb\u00e9, por meio da Secretaria Municipal de Sa\u00fade P\u00fablica, come\u00e7a uma s\u00e9rie de capacita\u00e7\u00f5es na pr\u00f3xima semana sobre a esporotricose. As a\u00e7\u00f5es s\u00e3o voltadas para equipes de sa\u00fade, ONGs e protetoras de animais, com recomenda\u00e7\u00f5es de abordagem e primeiros cuidados com animais e humanos. A Secretaria vem intensificando as medidas no munic\u00edpio, [&hellip;]\" \/>\n<meta property=\"og:url\" content=\"https:\/\/www.cambe.pr.gov.br\/index.php\/esporotricose-prefeitura-promove-capacitacao-sobre-a-doenca-para-equipes-de-saude\/\" \/>\n<meta property=\"og:site_name\" content=\"Prefeitura de Camb\u00e9\" \/>\n<meta property=\"article:publisher\" content=\"https:\/\/m.facebook.com\/prefeituradecambe\" \/>\n<meta property=\"article:published_time\" content=\"2025-08-29T14:43:48+00:00\" \/>\n<meta property=\"article:modified_time\" content=\"2025-08-29T15:44:39+00:00\" \/>\n<meta property=\"og:image\" content=\"https:\/\/www.cambe.pr.gov.br\/wp-content\/uploads\/2025\/08\/WhatsApp-Image-2025-08-29-at-12.24.12.jpeg\" \/>\n\t<meta property=\"og:image:width\" content=\"672\" \/>\n\t<meta property=\"og:image:height\" content=\"538\" \/>\n\t<meta property=\"og:image:type\" content=\"image\/jpeg\" \/>\n<meta name=\"author\" content=\"Vinicius Augusto Batista Eira\" \/>\n<meta name=\"twitter:card\" content=\"summary_large_image\" \/>\n<meta name=\"twitter:label1\" content=\"Escrito por\" \/>\n\t<meta name=\"twitter:data1\" content=\"Vinicius Augusto Batista Eira\" \/>\n\t<meta name=\"twitter:label2\" content=\"Est. tempo de leitura\" \/>\n\t<meta name=\"twitter:data2\" content=\"5 minutos\" \/>\n<script type=\"application\/ld+json\" class=\"yoast-schema-graph\">{\"@context\":\"https:\\\/\\\/schema.org\",\"@graph\":[{\"@type\":\"Article\",\"@id\":\"https:\\\/\\\/www.cambe.pr.gov.br\\\/index.php\\\/esporotricose-prefeitura-promove-capacitacao-sobre-a-doenca-para-equipes-de-saude\\\/#article\",\"isPartOf\":{\"@id\":\"https:\\\/\\\/www.cambe.pr.gov.br\\\/index.php\\\/esporotricose-prefeitura-promove-capacitacao-sobre-a-doenca-para-equipes-de-saude\\\/\"},\"author\":{\"name\":\"Vinicius Augusto Batista Eira\",\"@id\":\"https:\\\/\\\/www.cambe.pr.gov.br\\\/#\\\/schema\\\/person\\\/8e3ee69cb2cadf4b9f8377407227effd\"},\"headline\":\"Esporotricose: Prefeitura promove capacita\u00e7\u00e3o sobre a doen\u00e7a para equipes de sa\u00fade\",\"datePublished\":\"2025-08-29T14:43:48+00:00\",\"dateModified\":\"2025-08-29T15:44:39+00:00\",\"mainEntityOfPage\":{\"@id\":\"https:\\\/\\\/www.cambe.pr.gov.br\\\/index.php\\\/esporotricose-prefeitura-promove-capacitacao-sobre-a-doenca-para-equipes-de-saude\\\/\"},\"wordCount\":878,\"publisher\":{\"@id\":\"https:\\\/\\\/www.cambe.pr.gov.br\\\/#organization\"},\"image\":{\"@id\":\"https:\\\/\\\/www.cambe.pr.gov.br\\\/index.php\\\/esporotricose-prefeitura-promove-capacitacao-sobre-a-doenca-para-equipes-de-saude\\\/#primaryimage\"},\"thumbnailUrl\":\"https:\\\/\\\/www.cambe.pr.gov.br\\\/wp-content\\\/uploads\\\/2025\\\/08\\\/WhatsApp-Image-2025-08-29-at-12.24.12.jpeg\",\"articleSection\":[\"Principal\"],\"inLanguage\":\"pt-BR\"},{\"@type\":\"WebPage\",\"@id\":\"https:\\\/\\\/www.cambe.pr.gov.br\\\/index.php\\\/esporotricose-prefeitura-promove-capacitacao-sobre-a-doenca-para-equipes-de-saude\\\/\",\"url\":\"https:\\\/\\\/www.cambe.pr.gov.br\\\/index.php\\\/esporotricose-prefeitura-promove-capacitacao-sobre-a-doenca-para-equipes-de-saude\\\/\",\"name\":\"Esporotricose: Prefeitura promove capacita\u00e7\u00e3o sobre a doen\u00e7a para equipes de sa\u00fade - Prefeitura de Camb\u00e9\",\"isPartOf\":{\"@id\":\"https:\\\/\\\/www.cambe.pr.gov.br\\\/#website\"},\"primaryImageOfPage\":{\"@id\":\"https:\\\/\\\/www.cambe.pr.gov.br\\\/index.php\\\/esporotricose-prefeitura-promove-capacitacao-sobre-a-doenca-para-equipes-de-saude\\\/#primaryimage\"},\"image\":{\"@id\":\"https:\\\/\\\/www.cambe.pr.gov.br\\\/index.php\\\/esporotricose-prefeitura-promove-capacitacao-sobre-a-doenca-para-equipes-de-saude\\\/#primaryimage\"},\"thumbnailUrl\":\"https:\\\/\\\/www.cambe.pr.gov.br\\\/wp-content\\\/uploads\\\/2025\\\/08\\\/WhatsApp-Image-2025-08-29-at-12.24.12.jpeg\",\"datePublished\":\"2025-08-29T14:43:48+00:00\",\"dateModified\":\"2025-08-29T15:44:39+00:00\",\"breadcrumb\":{\"@id\":\"https:\\\/\\\/www.cambe.pr.gov.br\\\/index.php\\\/esporotricose-prefeitura-promove-capacitacao-sobre-a-doenca-para-equipes-de-saude\\\/#breadcrumb\"},\"inLanguage\":\"pt-BR\",\"potentialAction\":[{\"@type\":\"ReadAction\",\"target\":[\"https:\\\/\\\/www.cambe.pr.gov.br\\\/index.php\\\/esporotricose-prefeitura-promove-capacitacao-sobre-a-doenca-para-equipes-de-saude\\\/\"]}]},{\"@type\":\"ImageObject\",\"inLanguage\":\"pt-BR\",\"@id\":\"https:\\\/\\\/www.cambe.pr.gov.br\\\/index.php\\\/esporotricose-prefeitura-promove-capacitacao-sobre-a-doenca-para-equipes-de-saude\\\/#primaryimage\",\"url\":\"https:\\\/\\\/www.cambe.pr.gov.br\\\/wp-content\\\/uploads\\\/2025\\\/08\\\/WhatsApp-Image-2025-08-29-at-12.24.12.jpeg\",\"contentUrl\":\"https:\\\/\\\/www.cambe.pr.gov.br\\\/wp-content\\\/uploads\\\/2025\\\/08\\\/WhatsApp-Image-2025-08-29-at-12.24.12.jpeg\",\"width\":672,\"height\":538},{\"@type\":\"BreadcrumbList\",\"@id\":\"https:\\\/\\\/www.cambe.pr.gov.br\\\/index.php\\\/esporotricose-prefeitura-promove-capacitacao-sobre-a-doenca-para-equipes-de-saude\\\/#breadcrumb\",\"itemListElement\":[{\"@type\":\"ListItem\",\"position\":1,\"name\":\"In\u00edcio\",\"item\":\"https:\\\/\\\/www.cambe.pr.gov.br\\\/\"},{\"@type\":\"ListItem\",\"position\":2,\"name\":\"Esporotricose: Prefeitura promove capacita\u00e7\u00e3o sobre a doen\u00e7a para equipes de sa\u00fade\"}]},{\"@type\":\"WebSite\",\"@id\":\"https:\\\/\\\/www.cambe.pr.gov.br\\\/#website\",\"url\":\"https:\\\/\\\/www.cambe.pr.gov.br\\\/\",\"name\":\"Prefeitura de Camb\u00e9\",\"description\":\"UM GOVERNO PARA TODOS\",\"publisher\":{\"@id\":\"https:\\\/\\\/www.cambe.pr.gov.br\\\/#organization\"},\"potentialAction\":[{\"@type\":\"SearchAction\",\"target\":{\"@type\":\"EntryPoint\",\"urlTemplate\":\"https:\\\/\\\/www.cambe.pr.gov.br\\\/?s={search_term_string}\"},\"query-input\":{\"@type\":\"PropertyValueSpecification\",\"valueRequired\":true,\"valueName\":\"search_term_string\"}}],\"inLanguage\":\"pt-BR\"},{\"@type\":\"Organization\",\"@id\":\"https:\\\/\\\/www.cambe.pr.gov.br\\\/#organization\",\"name\":\"Prefeitura de Camb\u00e9\",\"url\":\"https:\\\/\\\/www.cambe.pr.gov.br\\\/\",\"logo\":{\"@type\":\"ImageObject\",\"inLanguage\":\"pt-BR\",\"@id\":\"https:\\\/\\\/www.cambe.pr.gov.br\\\/#\\\/schema\\\/logo\\\/image\\\/\",\"url\":\"https:\\\/\\\/www.cambe.pr.gov.br\\\/wp-content\\\/uploads\\\/2021\\\/01\\\/cropped-cropped-cambe_brazao-icone.png\",\"contentUrl\":\"https:\\\/\\\/www.cambe.pr.gov.br\\\/wp-content\\\/uploads\\\/2021\\\/01\\\/cropped-cropped-cambe_brazao-icone.png\",\"width\":240,\"height\":240,\"caption\":\"Prefeitura de Camb\u00e9\"},\"image\":{\"@id\":\"https:\\\/\\\/www.cambe.pr.gov.br\\\/#\\\/schema\\\/logo\\\/image\\\/\"},\"sameAs\":[\"https:\\\/\\\/m.facebook.com\\\/prefeituradecambe\"]},{\"@type\":\"Person\",\"@id\":\"https:\\\/\\\/www.cambe.pr.gov.br\\\/#\\\/schema\\\/person\\\/8e3ee69cb2cadf4b9f8377407227effd\",\"name\":\"Vinicius Augusto Batista Eira\",\"image\":{\"@type\":\"ImageObject\",\"inLanguage\":\"pt-BR\",\"@id\":\"https:\\\/\\\/secure.gravatar.com\\\/avatar\\\/1ec500de7013b30e1d4d7c8c3978f0e4433c37e5d5e4cd186239369c6440122b?s=96&d=mm&r=g\",\"url\":\"https:\\\/\\\/secure.gravatar.com\\\/avatar\\\/1ec500de7013b30e1d4d7c8c3978f0e4433c37e5d5e4cd186239369c6440122b?s=96&d=mm&r=g\",\"contentUrl\":\"https:\\\/\\\/secure.gravatar.com\\\/avatar\\\/1ec500de7013b30e1d4d7c8c3978f0e4433c37e5d5e4cd186239369c6440122b?s=96&d=mm&r=g\",\"caption\":\"Vinicius Augusto Batista Eira\"},\"url\":\"https:\\\/\\\/www.cambe.pr.gov.br\\\/index.php\\\/author\\\/vabeira\\\/\"}]}<\/script>\n<!-- \/ Yoast SEO plugin. -->","yoast_head_json":{"title":"Esporotricose: Prefeitura promove capacita\u00e7\u00e3o sobre a doen\u00e7a para equipes de sa\u00fade - Prefeitura de Camb\u00e9","robots":{"index":"index","follow":"follow","max-snippet":"max-snippet:-1","max-image-preview":"max-image-preview:large","max-video-preview":"max-video-preview:-1"},"canonical":"https:\/\/www.cambe.pr.gov.br\/index.php\/esporotricose-prefeitura-promove-capacitacao-sobre-a-doenca-para-equipes-de-saude\/","og_locale":"pt_BR","og_type":"article","og_title":"Esporotricose: Prefeitura promove capacita\u00e7\u00e3o sobre a doen\u00e7a para equipes de sa\u00fade - Prefeitura de Camb\u00e9","og_description":"A Prefeitura de Camb\u00e9, por meio da Secretaria Municipal de Sa\u00fade P\u00fablica, come\u00e7a uma s\u00e9rie de capacita\u00e7\u00f5es na pr\u00f3xima semana sobre a esporotricose. As a\u00e7\u00f5es s\u00e3o voltadas para equipes de sa\u00fade, ONGs e protetoras de animais, com recomenda\u00e7\u00f5es de abordagem e primeiros cuidados com animais e humanos. A Secretaria vem intensificando as medidas no munic\u00edpio, [&hellip;]","og_url":"https:\/\/www.cambe.pr.gov.br\/index.php\/esporotricose-prefeitura-promove-capacitacao-sobre-a-doenca-para-equipes-de-saude\/","og_site_name":"Prefeitura de Camb\u00e9","article_publisher":"https:\/\/m.facebook.com\/prefeituradecambe","article_published_time":"2025-08-29T14:43:48+00:00","article_modified_time":"2025-08-29T15:44:39+00:00","og_image":[{"width":672,"height":538,"url":"https:\/\/www.cambe.pr.gov.br\/wp-content\/uploads\/2025\/08\/WhatsApp-Image-2025-08-29-at-12.24.12.jpeg","type":"image\/jpeg"}],"author":"Vinicius Augusto Batista Eira","twitter_card":"summary_large_image","twitter_misc":{"Escrito por":"Vinicius Augusto Batista Eira","Est. tempo de leitura":"5 minutos"},"schema":{"@context":"https:\/\/schema.org","@graph":[{"@type":"Article","@id":"https:\/\/www.cambe.pr.gov.br\/index.php\/esporotricose-prefeitura-promove-capacitacao-sobre-a-doenca-para-equipes-de-saude\/#article","isPartOf":{"@id":"https:\/\/www.cambe.pr.gov.br\/index.php\/esporotricose-prefeitura-promove-capacitacao-sobre-a-doenca-para-equipes-de-saude\/"},"author":{"name":"Vinicius Augusto Batista Eira","@id":"https:\/\/www.cambe.pr.gov.br\/#\/schema\/person\/8e3ee69cb2cadf4b9f8377407227effd"},"headline":"Esporotricose: Prefeitura promove capacita\u00e7\u00e3o sobre a doen\u00e7a para equipes de sa\u00fade","datePublished":"2025-08-29T14:43:48+00:00","dateModified":"2025-08-29T15:44:39+00:00","mainEntityOfPage":{"@id":"https:\/\/www.cambe.pr.gov.br\/index.php\/esporotricose-prefeitura-promove-capacitacao-sobre-a-doenca-para-equipes-de-saude\/"},"wordCount":878,"publisher":{"@id":"https:\/\/www.cambe.pr.gov.br\/#organization"},"image":{"@id":"https:\/\/www.cambe.pr.gov.br\/index.php\/esporotricose-prefeitura-promove-capacitacao-sobre-a-doenca-para-equipes-de-saude\/#primaryimage"},"thumbnailUrl":"https:\/\/www.cambe.pr.gov.br\/wp-content\/uploads\/2025\/08\/WhatsApp-Image-2025-08-29-at-12.24.12.jpeg","articleSection":["Principal"],"inLanguage":"pt-BR"},{"@type":"WebPage","@id":"https:\/\/www.cambe.pr.gov.br\/index.php\/esporotricose-prefeitura-promove-capacitacao-sobre-a-doenca-para-equipes-de-saude\/","url":"https:\/\/www.cambe.pr.gov.br\/index.php\/esporotricose-prefeitura-promove-capacitacao-sobre-a-doenca-para-equipes-de-saude\/","name":"Esporotricose: Prefeitura promove capacita\u00e7\u00e3o sobre a doen\u00e7a para equipes de sa\u00fade - Prefeitura de Camb\u00e9","isPartOf":{"@id":"https:\/\/www.cambe.pr.gov.br\/#website"},"primaryImageOfPage":{"@id":"https:\/\/www.cambe.pr.gov.br\/index.php\/esporotricose-prefeitura-promove-capacitacao-sobre-a-doenca-para-equipes-de-saude\/#primaryimage"},"image":{"@id":"https:\/\/www.cambe.pr.gov.br\/index.php\/esporotricose-prefeitura-promove-capacitacao-sobre-a-doenca-para-equipes-de-saude\/#primaryimage"},"thumbnailUrl":"https:\/\/www.cambe.pr.gov.br\/wp-content\/uploads\/2025\/08\/WhatsApp-Image-2025-08-29-at-12.24.12.jpeg","datePublished":"2025-08-29T14:43:48+00:00","dateModified":"2025-08-29T15:44:39+00:00","breadcrumb":{"@id":"https:\/\/www.cambe.pr.gov.br\/index.php\/esporotricose-prefeitura-promove-capacitacao-sobre-a-doenca-para-equipes-de-saude\/#breadcrumb"},"inLanguage":"pt-BR","potentialAction":[{"@type":"ReadAction","target":["https:\/\/www.cambe.pr.gov.br\/index.php\/esporotricose-prefeitura-promove-capacitacao-sobre-a-doenca-para-equipes-de-saude\/"]}]},{"@type":"ImageObject","inLanguage":"pt-BR","@id":"https:\/\/www.cambe.pr.gov.br\/index.php\/esporotricose-prefeitura-promove-capacitacao-sobre-a-doenca-para-equipes-de-saude\/#primaryimage","url":"https:\/\/www.cambe.pr.gov.br\/wp-content\/uploads\/2025\/08\/WhatsApp-Image-2025-08-29-at-12.24.12.jpeg","contentUrl":"https:\/\/www.cambe.pr.gov.br\/wp-content\/uploads\/2025\/08\/WhatsApp-Image-2025-08-29-at-12.24.12.jpeg","width":672,"height":538},{"@type":"BreadcrumbList","@id":"https:\/\/www.cambe.pr.gov.br\/index.php\/esporotricose-prefeitura-promove-capacitacao-sobre-a-doenca-para-equipes-de-saude\/#breadcrumb","itemListElement":[{"@type":"ListItem","position":1,"name":"In\u00edcio","item":"https:\/\/www.cambe.pr.gov.br\/"},{"@type":"ListItem","position":2,"name":"Esporotricose: Prefeitura promove capacita\u00e7\u00e3o sobre a doen\u00e7a para equipes de sa\u00fade"}]},{"@type":"WebSite","@id":"https:\/\/www.cambe.pr.gov.br\/#website","url":"https:\/\/www.cambe.pr.gov.br\/","name":"Prefeitura de Camb\u00e9","description":"UM GOVERNO PARA TODOS","publisher":{"@id":"https:\/\/www.cambe.pr.gov.br\/#organization"},"potentialAction":[{"@type":"SearchAction","target":{"@type":"EntryPoint","urlTemplate":"https:\/\/www.cambe.pr.gov.br\/?s={search_term_string}"},"query-input":{"@type":"PropertyValueSpecification","valueRequired":true,"valueName":"search_term_string"}}],"inLanguage":"pt-BR"},{"@type":"Organization","@id":"https:\/\/www.cambe.pr.gov.br\/#organization","name":"Prefeitura de Camb\u00e9","url":"https:\/\/www.cambe.pr.gov.br\/","logo":{"@type":"ImageObject","inLanguage":"pt-BR","@id":"https:\/\/www.cambe.pr.gov.br\/#\/schema\/logo\/image\/","url":"https:\/\/www.cambe.pr.gov.br\/wp-content\/uploads\/2021\/01\/cropped-cropped-cambe_brazao-icone.png","contentUrl":"https:\/\/www.cambe.pr.gov.br\/wp-content\/uploads\/2021\/01\/cropped-cropped-cambe_brazao-icone.png","width":240,"height":240,"caption":"Prefeitura de Camb\u00e9"},"image":{"@id":"https:\/\/www.cambe.pr.gov.br\/#\/schema\/logo\/image\/"},"sameAs":["https:\/\/m.facebook.com\/prefeituradecambe"]},{"@type":"Person","@id":"https:\/\/www.cambe.pr.gov.br\/#\/schema\/person\/8e3ee69cb2cadf4b9f8377407227effd","name":"Vinicius Augusto Batista Eira","image":{"@type":"ImageObject","inLanguage":"pt-BR","@id":"https:\/\/secure.gravatar.com\/avatar\/1ec500de7013b30e1d4d7c8c3978f0e4433c37e5d5e4cd186239369c6440122b?s=96&d=mm&r=g","url":"https:\/\/secure.gravatar.com\/avatar\/1ec500de7013b30e1d4d7c8c3978f0e4433c37e5d5e4cd186239369c6440122b?s=96&d=mm&r=g","contentUrl":"https:\/\/secure.gravatar.com\/avatar\/1ec500de7013b30e1d4d7c8c3978f0e4433c37e5d5e4cd186239369c6440122b?s=96&d=mm&r=g","caption":"Vinicius Augusto Batista Eira"},"url":"https:\/\/www.cambe.pr.gov.br\/index.php\/author\/vabeira\/"}]}},"_links":{"self":[{"href":"https:\/\/www.cambe.pr.gov.br\/index.php\/wp-json\/wp\/v2\/posts\/17677","targetHints":{"allow":["GET"]}}],"collection":[{"href":"https:\/\/www.cambe.pr.gov.br\/index.php\/wp-json\/wp\/v2\/posts"}],"about":[{"href":"https:\/\/www.cambe.pr.gov.br\/index.php\/wp-json\/wp\/v2\/types\/post"}],"author":[{"embeddable":true,"href":"https:\/\/www.cambe.pr.gov.br\/index.php\/wp-json\/wp\/v2\/users\/16"}],"replies":[{"embeddable":true,"href":"https:\/\/www.cambe.pr.gov.br\/index.php\/wp-json\/wp\/v2\/comments?post=17677"}],"version-history":[{"count":9,"href":"https:\/\/www.cambe.pr.gov.br\/index.php\/wp-json\/wp\/v2\/posts\/17677\/revisions"}],"predecessor-version":[{"id":17686,"href":"https:\/\/www.cambe.pr.gov.br\/index.php\/wp-json\/wp\/v2\/posts\/17677\/revisions\/17686"}],"wp:attachment":[{"href":"https:\/\/www.cambe.pr.gov.br\/index.php\/wp-json\/wp\/v2\/media?parent=17677"}],"wp:term":[{"taxonomy":"category","embeddable":true,"href":"https:\/\/www.cambe.pr.gov.br\/index.php\/wp-json\/wp\/v2\/categories?post=17677"},{"taxonomy":"post_tag","embeddable":true,"href":"https:\/\/www.cambe.pr.gov.br\/index.php\/wp-json\/wp\/v2\/tags?post=17677"}],"curies":[{"name":"wp","href":"https:\/\/api.w.org\/{rel}","templated":true}]}}