{"id":17671,"date":"2025-08-28T16:55:09","date_gmt":"2025-08-28T19:55:09","guid":{"rendered":"https:\/\/www.cambe.pr.gov.br\/?p=17671"},"modified":"2025-08-28T16:55:09","modified_gmt":"2025-08-28T19:55:09","slug":"com-julho-aquecido-cambe-mantem-todos-os-meses-do-ano-com-saldo-positivo-na-geracao-de-empregos","status":"publish","type":"post","link":"https:\/\/www.cambe.pr.gov.br\/index.php\/com-julho-aquecido-cambe-mantem-todos-os-meses-do-ano-com-saldo-positivo-na-geracao-de-empregos\/","title":{"rendered":"Com julho aquecido, Camb\u00e9 mant\u00e9m todos os meses do ano com saldo positivo na gera\u00e7\u00e3o de empregos"},"content":{"rendered":"<p style=\"text-align: justify;\"><span style=\"font-weight: 400; font-family: arial, helvetica, sans-serif;\"><img fetchpriority=\"high\" decoding=\"async\" class=\"alignleft size-large wp-image-3010\" src=\"https:\/\/www.cambe.pr.gov.br\/wp-content\/uploads\/2021\/08\/carteira-de-trabalho-e1648661604335-1024x683.jpg\" alt=\"\" width=\"610\" height=\"407\" srcset=\"https:\/\/www.cambe.pr.gov.br\/wp-content\/uploads\/2021\/08\/carteira-de-trabalho-e1648661604335-1024x683.jpg 1024w, https:\/\/www.cambe.pr.gov.br\/wp-content\/uploads\/2021\/08\/carteira-de-trabalho-e1648661604335-300x200.jpg 300w, https:\/\/www.cambe.pr.gov.br\/wp-content\/uploads\/2021\/08\/carteira-de-trabalho-e1648661604335-768x512.jpg 768w, https:\/\/www.cambe.pr.gov.br\/wp-content\/uploads\/2021\/08\/carteira-de-trabalho-e1648661604335-1536x1024.jpg 1536w, https:\/\/www.cambe.pr.gov.br\/wp-content\/uploads\/2021\/08\/carteira-de-trabalho-e1648661604335.jpg 1572w\" sizes=\"(max-width: 610px) 100vw, 610px\" \/>Camb\u00e9 segue sendo destaque na abertura de empregos em 2025, e fechou todos os meses do ano com saldo positivo no segmento. De acordo com dados do Minist\u00e9rio do Trabalho, atrav\u00e9s do Cadastro Geral de Empregados e Desempregados (Caged), em julho, foram abertas 108 novas vagas com carteira assinada, resultado de 1.472 contrata\u00e7\u00f5es e 1.364 demiss\u00f5es. Al\u00e9m disso, o munic\u00edpio registra o maior n\u00famero de contrata\u00e7\u00f5es em sete meses do ano desde que o minist\u00e9rio implementou o sistema do Novo Caged em 2020, com quase 10 mil novos postos de emprego preenchidos.<\/span><\/p>\n<p style=\"text-align: justify;\"><span style=\"font-weight: 400; font-family: arial, helvetica, sans-serif;\">Em julho, o setor que mais se destacou foi o de servi\u00e7os, com 46 novas vagas com carteira assinada \u2013 seguido de com\u00e9rcio (40), ind\u00fastria (19) e agropecu\u00e1ria (11). Foram contratados 921 homens e 551 mulheres no per\u00edodo, com destaque para pessoas com ensino m\u00e9dio completo, com 117 novas vagas.<\/span><\/p>\n<p style=\"text-align: justify;\"><span style=\"font-weight: 400; font-family: arial, helvetica, sans-serif;\">Em 2025, Camb\u00e9 registra um saldo de 604 novas vagas de emprego criadas, com 9.897 admiss\u00f5es e 9.293 demiss\u00f5es. Dos setores com dados levantados pelo Caged, o com\u00e9rcio lidera o ranking com saldo de 245 vagas, seguido de servi\u00e7os (178), ind\u00fastria (149), agropecu\u00e1ria (19) e constru\u00e7\u00e3o (13). Ao todo, foram contratados 6.067 homens e 3.830 mulheres. Desses, 6.894 tinham ensino m\u00e9dio completo, e 2.853 tinham entre 18 e 24 anos &#8211; a faixa et\u00e1ria mais aquecida.<\/span><\/p>\n<p style=\"text-align: justify;\"><span style=\"font-weight: 400; font-family: arial, helvetica, sans-serif;\">\u201cIsso \u00e9 fruto do investimento que fazemos no fomento ao emprego e garantia de seguran\u00e7a jur\u00eddica e oportunidade para empresas e empres\u00e1rios. Camb\u00e9 capacita seus moradores, mant\u00e9m um di\u00e1logo pr\u00f3ximo com empres\u00e1rios, atrai emprego e gera\u00e7\u00e3o de renda e garante cada vez mais oportunidade de mudan\u00e7a de vida. Os n\u00fameros s\u00e3o a concretiza\u00e7\u00e3o de um trabalho efetivo. Nunca tivemos um ano t\u00e3o positivo como 2025, e vamos seguir melhorando isso\u201d, expressou o prefeito Conrado Scheller.<\/span><\/p>\n<p style=\"text-align: justify;\"><span style=\"font-weight: 400; font-family: arial, helvetica, sans-serif;\">O secret\u00e1rio municipal de Trabalho e Profissionaliza\u00e7\u00e3o, Eduardo Cazarim, ressaltou que os n\u00fameros deixa a Secretaria ainda mais otimista para o futuro. \u201cEstamos muito felizes com os resultados que est\u00e3o aparecendo em nossa cidade e em todos os setores. Isso mostra que existe hoje um bom trabalho realizado pela Secretaria e n\u00f3s vamos melhorar isso ainda mais. Estamos trabalhando para garantir mais qualifica\u00e7\u00e3o aos nossos trabalhadores, acolher eles ainda mais e direcionar essas pessoas para as empresas. Por outro lado, estamos entendendo necessidades das empresas, e buscando atend\u00ea-las com mais efici\u00eancia no Sine, no sentido de ter m\u00e3o de obra espec\u00edfica para aquilo que eles est\u00e3o procurando. E esses n\u00fameros nos deixa muito otimistas para o futuro. Tem muitas vagas que precisam ser preenchidas, e vamos trabalhar para ter n\u00fameros ainda melhores nos pr\u00f3ximos meses\u201d.<\/span><\/p>\n","protected":false},"excerpt":{"rendered":"<p>Camb\u00e9 segue sendo destaque na abertura de empregos em 2025, e fechou todos os meses do ano com saldo positivo no segmento. De acordo com dados do Minist\u00e9rio do Trabalho, atrav\u00e9s do Cadastro Geral de Empregados e Desempregados (Caged), em julho, foram abertas 108 novas vagas com carteira assinada, resultado de 1.472 contrata\u00e7\u00f5es e 1.364 [&hellip;]<\/p>\n","protected":false},"author":16,"featured_media":0,"comment_status":"closed","ping_status":"closed","sticky":false,"template":"","format":"standard","meta":{"ngg_post_thumbnail":0,"footnotes":""},"categories":[1],"tags":[],"class_list":["post-17671","post","type-post","status-publish","format-standard","hentry","category-principal"],"yoast_head":"<!-- This site is optimized with the Yoast SEO plugin v27.4 - https:\/\/yoast.com\/product\/yoast-seo-wordpress\/ -->\n<title>Com julho aquecido, Camb\u00e9 mant\u00e9m todos os meses do ano com saldo positivo na gera\u00e7\u00e3o de empregos - Prefeitura de Camb\u00e9<\/title>\n<meta name=\"robots\" content=\"index, follow, max-snippet:-1, max-image-preview:large, max-video-preview:-1\" \/>\n<link rel=\"canonical\" href=\"https:\/\/www.cambe.pr.gov.br\/index.php\/com-julho-aquecido-cambe-mantem-todos-os-meses-do-ano-com-saldo-positivo-na-geracao-de-empregos\/\" \/>\n<meta property=\"og:locale\" content=\"pt_BR\" \/>\n<meta property=\"og:type\" content=\"article\" \/>\n<meta property=\"og:title\" content=\"Com julho aquecido, Camb\u00e9 mant\u00e9m todos os meses do ano com saldo positivo na gera\u00e7\u00e3o de empregos - Prefeitura de Camb\u00e9\" \/>\n<meta property=\"og:description\" content=\"Camb\u00e9 segue sendo destaque na abertura de empregos em 2025, e fechou todos os meses do ano com saldo positivo no segmento. De acordo com dados do Minist\u00e9rio do Trabalho, atrav\u00e9s do Cadastro Geral de Empregados e Desempregados (Caged), em julho, foram abertas 108 novas vagas com carteira assinada, resultado de 1.472 contrata\u00e7\u00f5es e 1.364 [&hellip;]\" \/>\n<meta property=\"og:url\" content=\"https:\/\/www.cambe.pr.gov.br\/index.php\/com-julho-aquecido-cambe-mantem-todos-os-meses-do-ano-com-saldo-positivo-na-geracao-de-empregos\/\" \/>\n<meta property=\"og:site_name\" content=\"Prefeitura de Camb\u00e9\" \/>\n<meta property=\"article:publisher\" content=\"https:\/\/m.facebook.com\/prefeituradecambe\" \/>\n<meta property=\"article:published_time\" content=\"2025-08-28T19:55:09+00:00\" \/>\n<meta property=\"og:image\" content=\"https:\/\/www.cambe.pr.gov.br\/wp-content\/uploads\/2021\/08\/carteira-de-trabalho-e1648661604335.jpg\" \/>\n\t<meta property=\"og:image:width\" content=\"1572\" \/>\n\t<meta property=\"og:image:height\" content=\"1048\" \/>\n\t<meta property=\"og:image:type\" content=\"image\/jpeg\" \/>\n<meta name=\"author\" content=\"Vinicius Augusto Batista Eira\" \/>\n<meta name=\"twitter:card\" content=\"summary_large_image\" \/>\n<meta name=\"twitter:label1\" content=\"Escrito por\" \/>\n\t<meta name=\"twitter:data1\" content=\"Vinicius Augusto Batista Eira\" \/>\n\t<meta name=\"twitter:label2\" content=\"Est. tempo de leitura\" \/>\n\t<meta name=\"twitter:data2\" content=\"3 minutos\" \/>\n<script type=\"application\/ld+json\" class=\"yoast-schema-graph\">{\"@context\":\"https:\\\/\\\/schema.org\",\"@graph\":[{\"@type\":\"Article\",\"@id\":\"https:\\\/\\\/www.cambe.pr.gov.br\\\/index.php\\\/com-julho-aquecido-cambe-mantem-todos-os-meses-do-ano-com-saldo-positivo-na-geracao-de-empregos\\\/#article\",\"isPartOf\":{\"@id\":\"https:\\\/\\\/www.cambe.pr.gov.br\\\/index.php\\\/com-julho-aquecido-cambe-mantem-todos-os-meses-do-ano-com-saldo-positivo-na-geracao-de-empregos\\\/\"},\"author\":{\"name\":\"Vinicius Augusto Batista Eira\",\"@id\":\"https:\\\/\\\/www.cambe.pr.gov.br\\\/#\\\/schema\\\/person\\\/8e3ee69cb2cadf4b9f8377407227effd\"},\"headline\":\"Com julho aquecido, Camb\u00e9 mant\u00e9m todos os meses do ano com saldo positivo na gera\u00e7\u00e3o de empregos\",\"datePublished\":\"2025-08-28T19:55:09+00:00\",\"mainEntityOfPage\":{\"@id\":\"https:\\\/\\\/www.cambe.pr.gov.br\\\/index.php\\\/com-julho-aquecido-cambe-mantem-todos-os-meses-do-ano-com-saldo-positivo-na-geracao-de-empregos\\\/\"},\"wordCount\":467,\"publisher\":{\"@id\":\"https:\\\/\\\/www.cambe.pr.gov.br\\\/#organization\"},\"image\":{\"@id\":\"https:\\\/\\\/www.cambe.pr.gov.br\\\/index.php\\\/com-julho-aquecido-cambe-mantem-todos-os-meses-do-ano-com-saldo-positivo-na-geracao-de-empregos\\\/#primaryimage\"},\"thumbnailUrl\":\"https:\\\/\\\/www.cambe.pr.gov.br\\\/wp-content\\\/uploads\\\/2021\\\/08\\\/carteira-de-trabalho-e1648661604335-1024x683.jpg\",\"articleSection\":[\"Principal\"],\"inLanguage\":\"pt-BR\"},{\"@type\":\"WebPage\",\"@id\":\"https:\\\/\\\/www.cambe.pr.gov.br\\\/index.php\\\/com-julho-aquecido-cambe-mantem-todos-os-meses-do-ano-com-saldo-positivo-na-geracao-de-empregos\\\/\",\"url\":\"https:\\\/\\\/www.cambe.pr.gov.br\\\/index.php\\\/com-julho-aquecido-cambe-mantem-todos-os-meses-do-ano-com-saldo-positivo-na-geracao-de-empregos\\\/\",\"name\":\"Com julho aquecido, Camb\u00e9 mant\u00e9m todos os meses do ano com saldo positivo na gera\u00e7\u00e3o de empregos - Prefeitura de Camb\u00e9\",\"isPartOf\":{\"@id\":\"https:\\\/\\\/www.cambe.pr.gov.br\\\/#website\"},\"primaryImageOfPage\":{\"@id\":\"https:\\\/\\\/www.cambe.pr.gov.br\\\/index.php\\\/com-julho-aquecido-cambe-mantem-todos-os-meses-do-ano-com-saldo-positivo-na-geracao-de-empregos\\\/#primaryimage\"},\"image\":{\"@id\":\"https:\\\/\\\/www.cambe.pr.gov.br\\\/index.php\\\/com-julho-aquecido-cambe-mantem-todos-os-meses-do-ano-com-saldo-positivo-na-geracao-de-empregos\\\/#primaryimage\"},\"thumbnailUrl\":\"https:\\\/\\\/www.cambe.pr.gov.br\\\/wp-content\\\/uploads\\\/2021\\\/08\\\/carteira-de-trabalho-e1648661604335-1024x683.jpg\",\"datePublished\":\"2025-08-28T19:55:09+00:00\",\"breadcrumb\":{\"@id\":\"https:\\\/\\\/www.cambe.pr.gov.br\\\/index.php\\\/com-julho-aquecido-cambe-mantem-todos-os-meses-do-ano-com-saldo-positivo-na-geracao-de-empregos\\\/#breadcrumb\"},\"inLanguage\":\"pt-BR\",\"potentialAction\":[{\"@type\":\"ReadAction\",\"target\":[\"https:\\\/\\\/www.cambe.pr.gov.br\\\/index.php\\\/com-julho-aquecido-cambe-mantem-todos-os-meses-do-ano-com-saldo-positivo-na-geracao-de-empregos\\\/\"]}]},{\"@type\":\"ImageObject\",\"inLanguage\":\"pt-BR\",\"@id\":\"https:\\\/\\\/www.cambe.pr.gov.br\\\/index.php\\\/com-julho-aquecido-cambe-mantem-todos-os-meses-do-ano-com-saldo-positivo-na-geracao-de-empregos\\\/#primaryimage\",\"url\":\"https:\\\/\\\/www.cambe.pr.gov.br\\\/wp-content\\\/uploads\\\/2021\\\/08\\\/carteira-de-trabalho-e1648661604335.jpg\",\"contentUrl\":\"https:\\\/\\\/www.cambe.pr.gov.br\\\/wp-content\\\/uploads\\\/2021\\\/08\\\/carteira-de-trabalho-e1648661604335.jpg\",\"width\":1572,\"height\":1048},{\"@type\":\"BreadcrumbList\",\"@id\":\"https:\\\/\\\/www.cambe.pr.gov.br\\\/index.php\\\/com-julho-aquecido-cambe-mantem-todos-os-meses-do-ano-com-saldo-positivo-na-geracao-de-empregos\\\/#breadcrumb\",\"itemListElement\":[{\"@type\":\"ListItem\",\"position\":1,\"name\":\"In\u00edcio\",\"item\":\"https:\\\/\\\/www.cambe.pr.gov.br\\\/\"},{\"@type\":\"ListItem\",\"position\":2,\"name\":\"Com julho aquecido, Camb\u00e9 mant\u00e9m todos os meses do ano com saldo positivo na gera\u00e7\u00e3o de empregos\"}]},{\"@type\":\"WebSite\",\"@id\":\"https:\\\/\\\/www.cambe.pr.gov.br\\\/#website\",\"url\":\"https:\\\/\\\/www.cambe.pr.gov.br\\\/\",\"name\":\"Prefeitura de Camb\u00e9\",\"description\":\"UM GOVERNO PARA TODOS\",\"publisher\":{\"@id\":\"https:\\\/\\\/www.cambe.pr.gov.br\\\/#organization\"},\"potentialAction\":[{\"@type\":\"SearchAction\",\"target\":{\"@type\":\"EntryPoint\",\"urlTemplate\":\"https:\\\/\\\/www.cambe.pr.gov.br\\\/?s={search_term_string}\"},\"query-input\":{\"@type\":\"PropertyValueSpecification\",\"valueRequired\":true,\"valueName\":\"search_term_string\"}}],\"inLanguage\":\"pt-BR\"},{\"@type\":\"Organization\",\"@id\":\"https:\\\/\\\/www.cambe.pr.gov.br\\\/#organization\",\"name\":\"Prefeitura de Camb\u00e9\",\"url\":\"https:\\\/\\\/www.cambe.pr.gov.br\\\/\",\"logo\":{\"@type\":\"ImageObject\",\"inLanguage\":\"pt-BR\",\"@id\":\"https:\\\/\\\/www.cambe.pr.gov.br\\\/#\\\/schema\\\/logo\\\/image\\\/\",\"url\":\"https:\\\/\\\/www.cambe.pr.gov.br\\\/wp-content\\\/uploads\\\/2021\\\/01\\\/cropped-cropped-cambe_brazao-icone.png\",\"contentUrl\":\"https:\\\/\\\/www.cambe.pr.gov.br\\\/wp-content\\\/uploads\\\/2021\\\/01\\\/cropped-cropped-cambe_brazao-icone.png\",\"width\":240,\"height\":240,\"caption\":\"Prefeitura de Camb\u00e9\"},\"image\":{\"@id\":\"https:\\\/\\\/www.cambe.pr.gov.br\\\/#\\\/schema\\\/logo\\\/image\\\/\"},\"sameAs\":[\"https:\\\/\\\/m.facebook.com\\\/prefeituradecambe\"]},{\"@type\":\"Person\",\"@id\":\"https:\\\/\\\/www.cambe.pr.gov.br\\\/#\\\/schema\\\/person\\\/8e3ee69cb2cadf4b9f8377407227effd\",\"name\":\"Vinicius Augusto Batista Eira\",\"image\":{\"@type\":\"ImageObject\",\"inLanguage\":\"pt-BR\",\"@id\":\"https:\\\/\\\/secure.gravatar.com\\\/avatar\\\/1ec500de7013b30e1d4d7c8c3978f0e4433c37e5d5e4cd186239369c6440122b?s=96&d=mm&r=g\",\"url\":\"https:\\\/\\\/secure.gravatar.com\\\/avatar\\\/1ec500de7013b30e1d4d7c8c3978f0e4433c37e5d5e4cd186239369c6440122b?s=96&d=mm&r=g\",\"contentUrl\":\"https:\\\/\\\/secure.gravatar.com\\\/avatar\\\/1ec500de7013b30e1d4d7c8c3978f0e4433c37e5d5e4cd186239369c6440122b?s=96&d=mm&r=g\",\"caption\":\"Vinicius Augusto Batista Eira\"},\"url\":\"https:\\\/\\\/www.cambe.pr.gov.br\\\/index.php\\\/author\\\/vabeira\\\/\"}]}<\/script>\n<!-- \/ Yoast SEO plugin. -->","yoast_head_json":{"title":"Com julho aquecido, Camb\u00e9 mant\u00e9m todos os meses do ano com saldo positivo na gera\u00e7\u00e3o de empregos - Prefeitura de Camb\u00e9","robots":{"index":"index","follow":"follow","max-snippet":"max-snippet:-1","max-image-preview":"max-image-preview:large","max-video-preview":"max-video-preview:-1"},"canonical":"https:\/\/www.cambe.pr.gov.br\/index.php\/com-julho-aquecido-cambe-mantem-todos-os-meses-do-ano-com-saldo-positivo-na-geracao-de-empregos\/","og_locale":"pt_BR","og_type":"article","og_title":"Com julho aquecido, Camb\u00e9 mant\u00e9m todos os meses do ano com saldo positivo na gera\u00e7\u00e3o de empregos - Prefeitura de Camb\u00e9","og_description":"Camb\u00e9 segue sendo destaque na abertura de empregos em 2025, e fechou todos os meses do ano com saldo positivo no segmento. De acordo com dados do Minist\u00e9rio do Trabalho, atrav\u00e9s do Cadastro Geral de Empregados e Desempregados (Caged), em julho, foram abertas 108 novas vagas com carteira assinada, resultado de 1.472 contrata\u00e7\u00f5es e 1.364 [&hellip;]","og_url":"https:\/\/www.cambe.pr.gov.br\/index.php\/com-julho-aquecido-cambe-mantem-todos-os-meses-do-ano-com-saldo-positivo-na-geracao-de-empregos\/","og_site_name":"Prefeitura de Camb\u00e9","article_publisher":"https:\/\/m.facebook.com\/prefeituradecambe","article_published_time":"2025-08-28T19:55:09+00:00","og_image":[{"width":1572,"height":1048,"url":"https:\/\/www.cambe.pr.gov.br\/wp-content\/uploads\/2021\/08\/carteira-de-trabalho-e1648661604335.jpg","type":"image\/jpeg"}],"author":"Vinicius Augusto Batista Eira","twitter_card":"summary_large_image","twitter_misc":{"Escrito por":"Vinicius Augusto Batista Eira","Est. tempo de leitura":"3 minutos"},"schema":{"@context":"https:\/\/schema.org","@graph":[{"@type":"Article","@id":"https:\/\/www.cambe.pr.gov.br\/index.php\/com-julho-aquecido-cambe-mantem-todos-os-meses-do-ano-com-saldo-positivo-na-geracao-de-empregos\/#article","isPartOf":{"@id":"https:\/\/www.cambe.pr.gov.br\/index.php\/com-julho-aquecido-cambe-mantem-todos-os-meses-do-ano-com-saldo-positivo-na-geracao-de-empregos\/"},"author":{"name":"Vinicius Augusto Batista Eira","@id":"https:\/\/www.cambe.pr.gov.br\/#\/schema\/person\/8e3ee69cb2cadf4b9f8377407227effd"},"headline":"Com julho aquecido, Camb\u00e9 mant\u00e9m todos os meses do ano com saldo positivo na gera\u00e7\u00e3o de empregos","datePublished":"2025-08-28T19:55:09+00:00","mainEntityOfPage":{"@id":"https:\/\/www.cambe.pr.gov.br\/index.php\/com-julho-aquecido-cambe-mantem-todos-os-meses-do-ano-com-saldo-positivo-na-geracao-de-empregos\/"},"wordCount":467,"publisher":{"@id":"https:\/\/www.cambe.pr.gov.br\/#organization"},"image":{"@id":"https:\/\/www.cambe.pr.gov.br\/index.php\/com-julho-aquecido-cambe-mantem-todos-os-meses-do-ano-com-saldo-positivo-na-geracao-de-empregos\/#primaryimage"},"thumbnailUrl":"https:\/\/www.cambe.pr.gov.br\/wp-content\/uploads\/2021\/08\/carteira-de-trabalho-e1648661604335-1024x683.jpg","articleSection":["Principal"],"inLanguage":"pt-BR"},{"@type":"WebPage","@id":"https:\/\/www.cambe.pr.gov.br\/index.php\/com-julho-aquecido-cambe-mantem-todos-os-meses-do-ano-com-saldo-positivo-na-geracao-de-empregos\/","url":"https:\/\/www.cambe.pr.gov.br\/index.php\/com-julho-aquecido-cambe-mantem-todos-os-meses-do-ano-com-saldo-positivo-na-geracao-de-empregos\/","name":"Com julho aquecido, Camb\u00e9 mant\u00e9m todos os meses do ano com saldo positivo na gera\u00e7\u00e3o de empregos - Prefeitura de Camb\u00e9","isPartOf":{"@id":"https:\/\/www.cambe.pr.gov.br\/#website"},"primaryImageOfPage":{"@id":"https:\/\/www.cambe.pr.gov.br\/index.php\/com-julho-aquecido-cambe-mantem-todos-os-meses-do-ano-com-saldo-positivo-na-geracao-de-empregos\/#primaryimage"},"image":{"@id":"https:\/\/www.cambe.pr.gov.br\/index.php\/com-julho-aquecido-cambe-mantem-todos-os-meses-do-ano-com-saldo-positivo-na-geracao-de-empregos\/#primaryimage"},"thumbnailUrl":"https:\/\/www.cambe.pr.gov.br\/wp-content\/uploads\/2021\/08\/carteira-de-trabalho-e1648661604335-1024x683.jpg","datePublished":"2025-08-28T19:55:09+00:00","breadcrumb":{"@id":"https:\/\/www.cambe.pr.gov.br\/index.php\/com-julho-aquecido-cambe-mantem-todos-os-meses-do-ano-com-saldo-positivo-na-geracao-de-empregos\/#breadcrumb"},"inLanguage":"pt-BR","potentialAction":[{"@type":"ReadAction","target":["https:\/\/www.cambe.pr.gov.br\/index.php\/com-julho-aquecido-cambe-mantem-todos-os-meses-do-ano-com-saldo-positivo-na-geracao-de-empregos\/"]}]},{"@type":"ImageObject","inLanguage":"pt-BR","@id":"https:\/\/www.cambe.pr.gov.br\/index.php\/com-julho-aquecido-cambe-mantem-todos-os-meses-do-ano-com-saldo-positivo-na-geracao-de-empregos\/#primaryimage","url":"https:\/\/www.cambe.pr.gov.br\/wp-content\/uploads\/2021\/08\/carteira-de-trabalho-e1648661604335.jpg","contentUrl":"https:\/\/www.cambe.pr.gov.br\/wp-content\/uploads\/2021\/08\/carteira-de-trabalho-e1648661604335.jpg","width":1572,"height":1048},{"@type":"BreadcrumbList","@id":"https:\/\/www.cambe.pr.gov.br\/index.php\/com-julho-aquecido-cambe-mantem-todos-os-meses-do-ano-com-saldo-positivo-na-geracao-de-empregos\/#breadcrumb","itemListElement":[{"@type":"ListItem","position":1,"name":"In\u00edcio","item":"https:\/\/www.cambe.pr.gov.br\/"},{"@type":"ListItem","position":2,"name":"Com julho aquecido, Camb\u00e9 mant\u00e9m todos os meses do ano com saldo positivo na gera\u00e7\u00e3o de empregos"}]},{"@type":"WebSite","@id":"https:\/\/www.cambe.pr.gov.br\/#website","url":"https:\/\/www.cambe.pr.gov.br\/","name":"Prefeitura de Camb\u00e9","description":"UM GOVERNO PARA TODOS","publisher":{"@id":"https:\/\/www.cambe.pr.gov.br\/#organization"},"potentialAction":[{"@type":"SearchAction","target":{"@type":"EntryPoint","urlTemplate":"https:\/\/www.cambe.pr.gov.br\/?s={search_term_string}"},"query-input":{"@type":"PropertyValueSpecification","valueRequired":true,"valueName":"search_term_string"}}],"inLanguage":"pt-BR"},{"@type":"Organization","@id":"https:\/\/www.cambe.pr.gov.br\/#organization","name":"Prefeitura de Camb\u00e9","url":"https:\/\/www.cambe.pr.gov.br\/","logo":{"@type":"ImageObject","inLanguage":"pt-BR","@id":"https:\/\/www.cambe.pr.gov.br\/#\/schema\/logo\/image\/","url":"https:\/\/www.cambe.pr.gov.br\/wp-content\/uploads\/2021\/01\/cropped-cropped-cambe_brazao-icone.png","contentUrl":"https:\/\/www.cambe.pr.gov.br\/wp-content\/uploads\/2021\/01\/cropped-cropped-cambe_brazao-icone.png","width":240,"height":240,"caption":"Prefeitura de Camb\u00e9"},"image":{"@id":"https:\/\/www.cambe.pr.gov.br\/#\/schema\/logo\/image\/"},"sameAs":["https:\/\/m.facebook.com\/prefeituradecambe"]},{"@type":"Person","@id":"https:\/\/www.cambe.pr.gov.br\/#\/schema\/person\/8e3ee69cb2cadf4b9f8377407227effd","name":"Vinicius Augusto Batista Eira","image":{"@type":"ImageObject","inLanguage":"pt-BR","@id":"https:\/\/secure.gravatar.com\/avatar\/1ec500de7013b30e1d4d7c8c3978f0e4433c37e5d5e4cd186239369c6440122b?s=96&d=mm&r=g","url":"https:\/\/secure.gravatar.com\/avatar\/1ec500de7013b30e1d4d7c8c3978f0e4433c37e5d5e4cd186239369c6440122b?s=96&d=mm&r=g","contentUrl":"https:\/\/secure.gravatar.com\/avatar\/1ec500de7013b30e1d4d7c8c3978f0e4433c37e5d5e4cd186239369c6440122b?s=96&d=mm&r=g","caption":"Vinicius Augusto Batista Eira"},"url":"https:\/\/www.cambe.pr.gov.br\/index.php\/author\/vabeira\/"}]}},"_links":{"self":[{"href":"https:\/\/www.cambe.pr.gov.br\/index.php\/wp-json\/wp\/v2\/posts\/17671","targetHints":{"allow":["GET"]}}],"collection":[{"href":"https:\/\/www.cambe.pr.gov.br\/index.php\/wp-json\/wp\/v2\/posts"}],"about":[{"href":"https:\/\/www.cambe.pr.gov.br\/index.php\/wp-json\/wp\/v2\/types\/post"}],"author":[{"embeddable":true,"href":"https:\/\/www.cambe.pr.gov.br\/index.php\/wp-json\/wp\/v2\/users\/16"}],"replies":[{"embeddable":true,"href":"https:\/\/www.cambe.pr.gov.br\/index.php\/wp-json\/wp\/v2\/comments?post=17671"}],"version-history":[{"count":2,"href":"https:\/\/www.cambe.pr.gov.br\/index.php\/wp-json\/wp\/v2\/posts\/17671\/revisions"}],"predecessor-version":[{"id":17673,"href":"https:\/\/www.cambe.pr.gov.br\/index.php\/wp-json\/wp\/v2\/posts\/17671\/revisions\/17673"}],"wp:attachment":[{"href":"https:\/\/www.cambe.pr.gov.br\/index.php\/wp-json\/wp\/v2\/media?parent=17671"}],"wp:term":[{"taxonomy":"category","embeddable":true,"href":"https:\/\/www.cambe.pr.gov.br\/index.php\/wp-json\/wp\/v2\/categories?post=17671"},{"taxonomy":"post_tag","embeddable":true,"href":"https:\/\/www.cambe.pr.gov.br\/index.php\/wp-json\/wp\/v2\/tags?post=17671"}],"curies":[{"name":"wp","href":"https:\/\/api.w.org\/{rel}","templated":true}]}}