{"id":17666,"date":"2025-08-28T14:03:53","date_gmt":"2025-08-28T17:03:53","guid":{"rendered":"https:\/\/www.cambe.pr.gov.br\/?p=17666"},"modified":"2025-08-28T14:03:53","modified_gmt":"2025-08-28T17:03:53","slug":"aprovado-projeto-da-prefeitura-que-dispensa-multas-de-areas-irregulares-ate-2025","status":"publish","type":"post","link":"https:\/\/www.cambe.pr.gov.br\/index.php\/aprovado-projeto-da-prefeitura-que-dispensa-multas-de-areas-irregulares-ate-2025\/","title":{"rendered":"Aprovado projeto da Prefeitura que dispensa multas de \u00e1reas irregulares at\u00e9 2025"},"content":{"rendered":"<p style=\"text-align: justify;\"><span style=\"font-family: arial, helvetica, sans-serif;\"><img fetchpriority=\"high\" decoding=\"async\" class=\"alignleft size-large wp-image-17534\" src=\"https:\/\/www.cambe.pr.gov.br\/wp-content\/uploads\/2025\/08\/DJI_0351.MOV_snapshot_00.00.024-1024x576.jpg\" alt=\"\" width=\"610\" height=\"343\" srcset=\"https:\/\/www.cambe.pr.gov.br\/wp-content\/uploads\/2025\/08\/DJI_0351.MOV_snapshot_00.00.024-1024x576.jpg 1024w, https:\/\/www.cambe.pr.gov.br\/wp-content\/uploads\/2025\/08\/DJI_0351.MOV_snapshot_00.00.024-300x169.jpg 300w, https:\/\/www.cambe.pr.gov.br\/wp-content\/uploads\/2025\/08\/DJI_0351.MOV_snapshot_00.00.024-768x432.jpg 768w, https:\/\/www.cambe.pr.gov.br\/wp-content\/uploads\/2025\/08\/DJI_0351.MOV_snapshot_00.00.024-1536x864.jpg 1536w, https:\/\/www.cambe.pr.gov.br\/wp-content\/uploads\/2025\/08\/DJI_0351.MOV_snapshot_00.00.024-2048x1152.jpg 2048w\" sizes=\"(max-width: 610px) 100vw, 610px\" \/>Foi aprovado mais um projeto enviado pela Prefeitura do pacote de leis que englobam o Plano de Acelera\u00e7\u00e3o do Desenvolvimento de Camb\u00e9. Agora, o Projeto de Lei dispensa o lan\u00e7amento de multas para diferen\u00e7as de \u00e1reas constru\u00eddas at\u00e9 2025. O texto engloba constru\u00e7\u00f5es al\u00e9m da metragem constatada no cadastro do im\u00f3vel, detectadas por georreferenciamento, e n\u00e3o informadas pelo contribuinte.<\/span><\/p>\n<p style=\"text-align: justify;\"><span style=\"font-family: arial, helvetica, sans-serif;\">A proposta busca atualizar o cadastro imobili\u00e1rio do munic\u00edpio utilizando informa\u00e7\u00f5es obtidas por georreferenciamento, seguindo as recomenda\u00e7\u00f5es do Tribunal de Contas do Estado do Paran\u00e1 (TCE-PR) para melhorar a efici\u00eancia da administra\u00e7\u00e3o tribut\u00e1ria e evitar um peso tribut\u00e1rio.<\/span><\/p>\n<p style=\"text-align: justify;\"><span style=\"font-family: arial, helvetica, sans-serif;\">Em 2022, a Prefeitura criou um Sistema de Informa\u00e7\u00f5es Geogr\u00e1ficas, o Sig-Camb\u00e9, no qual fez um georreferenciamento do munic\u00edpio com ortofotos de alta resolu\u00e7\u00e3o, criando um mapa base de Camb\u00e9 com informa\u00e7\u00f5es de quadras, ruas e lotes. O sistema auxiliou, tamb\u00e9m, na localiza\u00e7\u00e3o de obras irregulares ou clandestinas, e identificou o aumento de propriedades com \u00e1reas constru\u00eddas no im\u00f3vel sem informar a Prefeitura.<\/span><\/p>\n<p style=\"text-align: justify;\"><span style=\"font-family: arial, helvetica, sans-serif;\">Desde o in\u00edcio do m\u00eas, os moradores que se encaixam nessa situa\u00e7\u00e3o foram notificados sobre a metragem constatada a mais nos im\u00f3veis, com 34% de aumento nas casas. Segundo a Secretaria de Fazenda, com esses dados o Munic\u00edpio poderia cobrar os \u00faltimos cinco anos desta diferen\u00e7a do IPTU, al\u00e9m de multa prevista para quem n\u00e3o informa as altera\u00e7\u00f5es. A Lei aprovada na C\u00e2mara isenta a cobran\u00e7a do IPTU desses anos e das multas aos mun\u00edcipes que n\u00e3o declaram a constru\u00e7\u00e3o nova ou aumento de constru\u00e7\u00e3o.<\/span><\/p>\n<p style=\"text-align: justify;\"><span style=\"font-family: arial, helvetica, sans-serif;\">Al\u00e9m disso, caso o morador conteste a informa\u00e7\u00e3o, entenda que aquela constru\u00e7\u00e3o n\u00e3o \u00e9 dele, que a metragem colocada n\u00e3o corresponde com a metragem da constru\u00e7\u00e3o, ter\u00e1 um prazo, de 8 de setembro a 8 de outubro, para comparecer no Centro Cultural, e apresentar a documenta\u00e7\u00e3o necess\u00e1ria para comprovar que a imagem ou metragem est\u00e1 em desacordo com o existente no im\u00f3vel. Quem est\u00e1 regularizado ou aceitou a notifica\u00e7\u00e3o, n\u00e3o precisa comparecer a nenhum \u00f3rg\u00e3o da Prefeitura ou atualizar a planta do im\u00f3vel.<\/span><\/p>\n<p style=\"text-align: justify;\"><span style=\"font-family: arial, helvetica, sans-serif;\">Vale destacar que toda obra em Camb\u00e9 precisa da documenta\u00e7\u00e3o e alvar\u00e1 de execu\u00e7\u00e3o conforme Lei Complementar N.\u00ba 51, de 24 de setembro de 2020, o C\u00f3digo de Edifica\u00e7\u00f5es e Obras das \u00e1reas urbanas e rurais do munic\u00edpio e de outras provid\u00eancias.<\/span><\/p>\n<p>&nbsp;<\/p>\n<p style=\"text-align: justify;\"><strong><span style=\"font-family: arial, helvetica, sans-serif;\">Outros projetos aprovados<\/span><\/strong><\/p>\n<p style=\"text-align: justify;\"><span style=\"font-family: arial, helvetica, sans-serif;\">Tamb\u00e9m foram aprovados outros Projetos de Lei enviados pela Prefeitura, como \u043e de altera\u00e7\u00e3o do Estatuto e o Plano de Carreira e Remunera\u00e7\u00e3o do Magist\u00e9rio P\u00fablico Municipal; estrutura\u00e7\u00e3o do Plano de Cargos, Carreiras e Vencimentos dos Servidores da Administra\u00e7\u00e3o Direta, Autarquias e Funda\u00e7\u00f5es Municipais; e modifica\u00e7\u00e3o da lei sobre o Conselho Municipal de Saneamento Ambiental e o Fundo Municipal de Saneamento Ambiental.<\/span><\/p>\n<p style=\"text-align: justify;\"><span style=\"font-family: arial, helvetica, sans-serif;\">Avan\u00e7ou ainda a atualiza\u00e7\u00e3o da Planta Gen\u00e9rica de Valores (PGV). A atual PGV foi institu\u00edda h\u00e1 quase 30 anos e, hoje, est\u00e1 defasada. O TCE-PR tem demandado que os munic\u00edpios atualizem constantemente as plantas gen\u00e9ricas para combater falhas de gest\u00e3o fiscal e or\u00e7ament\u00e1ria. De cerca de 45 mil im\u00f3veis de Camb\u00e9, 43% vai ter impacto financeiro de somente R$ 0,01 a R$ 100, e em 21% de R$ 100,01 a R$ 200.<\/span><\/p>\n","protected":false},"excerpt":{"rendered":"<p>Foi aprovado mais um projeto enviado pela Prefeitura do pacote de leis que englobam o Plano de Acelera\u00e7\u00e3o do Desenvolvimento de Camb\u00e9. Agora, o Projeto de Lei dispensa o lan\u00e7amento de multas para diferen\u00e7as de \u00e1reas constru\u00eddas at\u00e9 2025. O texto engloba constru\u00e7\u00f5es al\u00e9m da metragem constatada no cadastro do im\u00f3vel, detectadas por georreferenciamento, e [&hellip;]<\/p>\n","protected":false},"author":16,"featured_media":0,"comment_status":"closed","ping_status":"closed","sticky":false,"template":"","format":"standard","meta":{"ngg_post_thumbnail":0,"footnotes":""},"categories":[1],"tags":[],"class_list":["post-17666","post","type-post","status-publish","format-standard","hentry","category-principal"],"yoast_head":"<!-- This site is optimized with the Yoast SEO plugin v27.4 - https:\/\/yoast.com\/product\/yoast-seo-wordpress\/ -->\n<title>Aprovado projeto da Prefeitura que dispensa multas de \u00e1reas irregulares at\u00e9 2025 - Prefeitura de Camb\u00e9<\/title>\n<meta name=\"robots\" content=\"index, follow, max-snippet:-1, max-image-preview:large, max-video-preview:-1\" \/>\n<link rel=\"canonical\" href=\"https:\/\/www.cambe.pr.gov.br\/index.php\/aprovado-projeto-da-prefeitura-que-dispensa-multas-de-areas-irregulares-ate-2025\/\" \/>\n<meta property=\"og:locale\" content=\"pt_BR\" \/>\n<meta property=\"og:type\" content=\"article\" \/>\n<meta property=\"og:title\" content=\"Aprovado projeto da Prefeitura que dispensa multas de \u00e1reas irregulares at\u00e9 2025 - Prefeitura de Camb\u00e9\" \/>\n<meta property=\"og:description\" content=\"Foi aprovado mais um projeto enviado pela Prefeitura do pacote de leis que englobam o Plano de Acelera\u00e7\u00e3o do Desenvolvimento de Camb\u00e9. Agora, o Projeto de Lei dispensa o lan\u00e7amento de multas para diferen\u00e7as de \u00e1reas constru\u00eddas at\u00e9 2025. O texto engloba constru\u00e7\u00f5es al\u00e9m da metragem constatada no cadastro do im\u00f3vel, detectadas por georreferenciamento, e [&hellip;]\" \/>\n<meta property=\"og:url\" content=\"https:\/\/www.cambe.pr.gov.br\/index.php\/aprovado-projeto-da-prefeitura-que-dispensa-multas-de-areas-irregulares-ate-2025\/\" \/>\n<meta property=\"og:site_name\" content=\"Prefeitura de Camb\u00e9\" \/>\n<meta property=\"article:publisher\" content=\"https:\/\/m.facebook.com\/prefeituradecambe\" \/>\n<meta property=\"article:published_time\" content=\"2025-08-28T17:03:53+00:00\" \/>\n<meta property=\"og:image\" content=\"https:\/\/www.cambe.pr.gov.br\/wp-content\/uploads\/2025\/08\/DJI_0351.MOV_snapshot_00.00.024-scaled.jpg\" \/>\n\t<meta property=\"og:image:width\" content=\"2560\" \/>\n\t<meta property=\"og:image:height\" content=\"1440\" \/>\n\t<meta property=\"og:image:type\" content=\"image\/jpeg\" \/>\n<meta name=\"author\" content=\"Vinicius Augusto Batista Eira\" \/>\n<meta name=\"twitter:card\" content=\"summary_large_image\" \/>\n<meta name=\"twitter:label1\" content=\"Escrito por\" \/>\n\t<meta name=\"twitter:data1\" content=\"Vinicius Augusto Batista Eira\" \/>\n\t<meta name=\"twitter:label2\" content=\"Est. tempo de leitura\" \/>\n\t<meta name=\"twitter:data2\" content=\"4 minutos\" \/>\n<script type=\"application\/ld+json\" class=\"yoast-schema-graph\">{\"@context\":\"https:\\\/\\\/schema.org\",\"@graph\":[{\"@type\":\"Article\",\"@id\":\"https:\\\/\\\/www.cambe.pr.gov.br\\\/index.php\\\/aprovado-projeto-da-prefeitura-que-dispensa-multas-de-areas-irregulares-ate-2025\\\/#article\",\"isPartOf\":{\"@id\":\"https:\\\/\\\/www.cambe.pr.gov.br\\\/index.php\\\/aprovado-projeto-da-prefeitura-que-dispensa-multas-de-areas-irregulares-ate-2025\\\/\"},\"author\":{\"name\":\"Vinicius Augusto Batista Eira\",\"@id\":\"https:\\\/\\\/www.cambe.pr.gov.br\\\/#\\\/schema\\\/person\\\/8e3ee69cb2cadf4b9f8377407227effd\"},\"headline\":\"Aprovado projeto da Prefeitura que dispensa multas de \u00e1reas irregulares at\u00e9 2025\",\"datePublished\":\"2025-08-28T17:03:53+00:00\",\"mainEntityOfPage\":{\"@id\":\"https:\\\/\\\/www.cambe.pr.gov.br\\\/index.php\\\/aprovado-projeto-da-prefeitura-que-dispensa-multas-de-areas-irregulares-ate-2025\\\/\"},\"wordCount\":580,\"publisher\":{\"@id\":\"https:\\\/\\\/www.cambe.pr.gov.br\\\/#organization\"},\"image\":{\"@id\":\"https:\\\/\\\/www.cambe.pr.gov.br\\\/index.php\\\/aprovado-projeto-da-prefeitura-que-dispensa-multas-de-areas-irregulares-ate-2025\\\/#primaryimage\"},\"thumbnailUrl\":\"https:\\\/\\\/www.cambe.pr.gov.br\\\/wp-content\\\/uploads\\\/2025\\\/08\\\/DJI_0351.MOV_snapshot_00.00.024-1024x576.jpg\",\"articleSection\":[\"Principal\"],\"inLanguage\":\"pt-BR\"},{\"@type\":\"WebPage\",\"@id\":\"https:\\\/\\\/www.cambe.pr.gov.br\\\/index.php\\\/aprovado-projeto-da-prefeitura-que-dispensa-multas-de-areas-irregulares-ate-2025\\\/\",\"url\":\"https:\\\/\\\/www.cambe.pr.gov.br\\\/index.php\\\/aprovado-projeto-da-prefeitura-que-dispensa-multas-de-areas-irregulares-ate-2025\\\/\",\"name\":\"Aprovado projeto da Prefeitura que dispensa multas de \u00e1reas irregulares at\u00e9 2025 - Prefeitura de Camb\u00e9\",\"isPartOf\":{\"@id\":\"https:\\\/\\\/www.cambe.pr.gov.br\\\/#website\"},\"primaryImageOfPage\":{\"@id\":\"https:\\\/\\\/www.cambe.pr.gov.br\\\/index.php\\\/aprovado-projeto-da-prefeitura-que-dispensa-multas-de-areas-irregulares-ate-2025\\\/#primaryimage\"},\"image\":{\"@id\":\"https:\\\/\\\/www.cambe.pr.gov.br\\\/index.php\\\/aprovado-projeto-da-prefeitura-que-dispensa-multas-de-areas-irregulares-ate-2025\\\/#primaryimage\"},\"thumbnailUrl\":\"https:\\\/\\\/www.cambe.pr.gov.br\\\/wp-content\\\/uploads\\\/2025\\\/08\\\/DJI_0351.MOV_snapshot_00.00.024-1024x576.jpg\",\"datePublished\":\"2025-08-28T17:03:53+00:00\",\"breadcrumb\":{\"@id\":\"https:\\\/\\\/www.cambe.pr.gov.br\\\/index.php\\\/aprovado-projeto-da-prefeitura-que-dispensa-multas-de-areas-irregulares-ate-2025\\\/#breadcrumb\"},\"inLanguage\":\"pt-BR\",\"potentialAction\":[{\"@type\":\"ReadAction\",\"target\":[\"https:\\\/\\\/www.cambe.pr.gov.br\\\/index.php\\\/aprovado-projeto-da-prefeitura-que-dispensa-multas-de-areas-irregulares-ate-2025\\\/\"]}]},{\"@type\":\"ImageObject\",\"inLanguage\":\"pt-BR\",\"@id\":\"https:\\\/\\\/www.cambe.pr.gov.br\\\/index.php\\\/aprovado-projeto-da-prefeitura-que-dispensa-multas-de-areas-irregulares-ate-2025\\\/#primaryimage\",\"url\":\"https:\\\/\\\/www.cambe.pr.gov.br\\\/wp-content\\\/uploads\\\/2025\\\/08\\\/DJI_0351.MOV_snapshot_00.00.024-scaled.jpg\",\"contentUrl\":\"https:\\\/\\\/www.cambe.pr.gov.br\\\/wp-content\\\/uploads\\\/2025\\\/08\\\/DJI_0351.MOV_snapshot_00.00.024-scaled.jpg\",\"width\":2560,\"height\":1440},{\"@type\":\"BreadcrumbList\",\"@id\":\"https:\\\/\\\/www.cambe.pr.gov.br\\\/index.php\\\/aprovado-projeto-da-prefeitura-que-dispensa-multas-de-areas-irregulares-ate-2025\\\/#breadcrumb\",\"itemListElement\":[{\"@type\":\"ListItem\",\"position\":1,\"name\":\"In\u00edcio\",\"item\":\"https:\\\/\\\/www.cambe.pr.gov.br\\\/\"},{\"@type\":\"ListItem\",\"position\":2,\"name\":\"Aprovado projeto da Prefeitura que dispensa multas de \u00e1reas irregulares at\u00e9 2025\"}]},{\"@type\":\"WebSite\",\"@id\":\"https:\\\/\\\/www.cambe.pr.gov.br\\\/#website\",\"url\":\"https:\\\/\\\/www.cambe.pr.gov.br\\\/\",\"name\":\"Prefeitura de Camb\u00e9\",\"description\":\"UM GOVERNO PARA TODOS\",\"publisher\":{\"@id\":\"https:\\\/\\\/www.cambe.pr.gov.br\\\/#organization\"},\"potentialAction\":[{\"@type\":\"SearchAction\",\"target\":{\"@type\":\"EntryPoint\",\"urlTemplate\":\"https:\\\/\\\/www.cambe.pr.gov.br\\\/?s={search_term_string}\"},\"query-input\":{\"@type\":\"PropertyValueSpecification\",\"valueRequired\":true,\"valueName\":\"search_term_string\"}}],\"inLanguage\":\"pt-BR\"},{\"@type\":\"Organization\",\"@id\":\"https:\\\/\\\/www.cambe.pr.gov.br\\\/#organization\",\"name\":\"Prefeitura de Camb\u00e9\",\"url\":\"https:\\\/\\\/www.cambe.pr.gov.br\\\/\",\"logo\":{\"@type\":\"ImageObject\",\"inLanguage\":\"pt-BR\",\"@id\":\"https:\\\/\\\/www.cambe.pr.gov.br\\\/#\\\/schema\\\/logo\\\/image\\\/\",\"url\":\"https:\\\/\\\/www.cambe.pr.gov.br\\\/wp-content\\\/uploads\\\/2021\\\/01\\\/cropped-cropped-cambe_brazao-icone.png\",\"contentUrl\":\"https:\\\/\\\/www.cambe.pr.gov.br\\\/wp-content\\\/uploads\\\/2021\\\/01\\\/cropped-cropped-cambe_brazao-icone.png\",\"width\":240,\"height\":240,\"caption\":\"Prefeitura de Camb\u00e9\"},\"image\":{\"@id\":\"https:\\\/\\\/www.cambe.pr.gov.br\\\/#\\\/schema\\\/logo\\\/image\\\/\"},\"sameAs\":[\"https:\\\/\\\/m.facebook.com\\\/prefeituradecambe\"]},{\"@type\":\"Person\",\"@id\":\"https:\\\/\\\/www.cambe.pr.gov.br\\\/#\\\/schema\\\/person\\\/8e3ee69cb2cadf4b9f8377407227effd\",\"name\":\"Vinicius Augusto Batista Eira\",\"image\":{\"@type\":\"ImageObject\",\"inLanguage\":\"pt-BR\",\"@id\":\"https:\\\/\\\/secure.gravatar.com\\\/avatar\\\/1ec500de7013b30e1d4d7c8c3978f0e4433c37e5d5e4cd186239369c6440122b?s=96&d=mm&r=g\",\"url\":\"https:\\\/\\\/secure.gravatar.com\\\/avatar\\\/1ec500de7013b30e1d4d7c8c3978f0e4433c37e5d5e4cd186239369c6440122b?s=96&d=mm&r=g\",\"contentUrl\":\"https:\\\/\\\/secure.gravatar.com\\\/avatar\\\/1ec500de7013b30e1d4d7c8c3978f0e4433c37e5d5e4cd186239369c6440122b?s=96&d=mm&r=g\",\"caption\":\"Vinicius Augusto Batista Eira\"},\"url\":\"https:\\\/\\\/www.cambe.pr.gov.br\\\/index.php\\\/author\\\/vabeira\\\/\"}]}<\/script>\n<!-- \/ Yoast SEO plugin. -->","yoast_head_json":{"title":"Aprovado projeto da Prefeitura que dispensa multas de \u00e1reas irregulares at\u00e9 2025 - Prefeitura de Camb\u00e9","robots":{"index":"index","follow":"follow","max-snippet":"max-snippet:-1","max-image-preview":"max-image-preview:large","max-video-preview":"max-video-preview:-1"},"canonical":"https:\/\/www.cambe.pr.gov.br\/index.php\/aprovado-projeto-da-prefeitura-que-dispensa-multas-de-areas-irregulares-ate-2025\/","og_locale":"pt_BR","og_type":"article","og_title":"Aprovado projeto da Prefeitura que dispensa multas de \u00e1reas irregulares at\u00e9 2025 - Prefeitura de Camb\u00e9","og_description":"Foi aprovado mais um projeto enviado pela Prefeitura do pacote de leis que englobam o Plano de Acelera\u00e7\u00e3o do Desenvolvimento de Camb\u00e9. Agora, o Projeto de Lei dispensa o lan\u00e7amento de multas para diferen\u00e7as de \u00e1reas constru\u00eddas at\u00e9 2025. O texto engloba constru\u00e7\u00f5es al\u00e9m da metragem constatada no cadastro do im\u00f3vel, detectadas por georreferenciamento, e [&hellip;]","og_url":"https:\/\/www.cambe.pr.gov.br\/index.php\/aprovado-projeto-da-prefeitura-que-dispensa-multas-de-areas-irregulares-ate-2025\/","og_site_name":"Prefeitura de Camb\u00e9","article_publisher":"https:\/\/m.facebook.com\/prefeituradecambe","article_published_time":"2025-08-28T17:03:53+00:00","og_image":[{"width":2560,"height":1440,"url":"https:\/\/www.cambe.pr.gov.br\/wp-content\/uploads\/2025\/08\/DJI_0351.MOV_snapshot_00.00.024-scaled.jpg","type":"image\/jpeg"}],"author":"Vinicius Augusto Batista Eira","twitter_card":"summary_large_image","twitter_misc":{"Escrito por":"Vinicius Augusto Batista Eira","Est. tempo de leitura":"4 minutos"},"schema":{"@context":"https:\/\/schema.org","@graph":[{"@type":"Article","@id":"https:\/\/www.cambe.pr.gov.br\/index.php\/aprovado-projeto-da-prefeitura-que-dispensa-multas-de-areas-irregulares-ate-2025\/#article","isPartOf":{"@id":"https:\/\/www.cambe.pr.gov.br\/index.php\/aprovado-projeto-da-prefeitura-que-dispensa-multas-de-areas-irregulares-ate-2025\/"},"author":{"name":"Vinicius Augusto Batista Eira","@id":"https:\/\/www.cambe.pr.gov.br\/#\/schema\/person\/8e3ee69cb2cadf4b9f8377407227effd"},"headline":"Aprovado projeto da Prefeitura que dispensa multas de \u00e1reas irregulares at\u00e9 2025","datePublished":"2025-08-28T17:03:53+00:00","mainEntityOfPage":{"@id":"https:\/\/www.cambe.pr.gov.br\/index.php\/aprovado-projeto-da-prefeitura-que-dispensa-multas-de-areas-irregulares-ate-2025\/"},"wordCount":580,"publisher":{"@id":"https:\/\/www.cambe.pr.gov.br\/#organization"},"image":{"@id":"https:\/\/www.cambe.pr.gov.br\/index.php\/aprovado-projeto-da-prefeitura-que-dispensa-multas-de-areas-irregulares-ate-2025\/#primaryimage"},"thumbnailUrl":"https:\/\/www.cambe.pr.gov.br\/wp-content\/uploads\/2025\/08\/DJI_0351.MOV_snapshot_00.00.024-1024x576.jpg","articleSection":["Principal"],"inLanguage":"pt-BR"},{"@type":"WebPage","@id":"https:\/\/www.cambe.pr.gov.br\/index.php\/aprovado-projeto-da-prefeitura-que-dispensa-multas-de-areas-irregulares-ate-2025\/","url":"https:\/\/www.cambe.pr.gov.br\/index.php\/aprovado-projeto-da-prefeitura-que-dispensa-multas-de-areas-irregulares-ate-2025\/","name":"Aprovado projeto da Prefeitura que dispensa multas de \u00e1reas irregulares at\u00e9 2025 - Prefeitura de Camb\u00e9","isPartOf":{"@id":"https:\/\/www.cambe.pr.gov.br\/#website"},"primaryImageOfPage":{"@id":"https:\/\/www.cambe.pr.gov.br\/index.php\/aprovado-projeto-da-prefeitura-que-dispensa-multas-de-areas-irregulares-ate-2025\/#primaryimage"},"image":{"@id":"https:\/\/www.cambe.pr.gov.br\/index.php\/aprovado-projeto-da-prefeitura-que-dispensa-multas-de-areas-irregulares-ate-2025\/#primaryimage"},"thumbnailUrl":"https:\/\/www.cambe.pr.gov.br\/wp-content\/uploads\/2025\/08\/DJI_0351.MOV_snapshot_00.00.024-1024x576.jpg","datePublished":"2025-08-28T17:03:53+00:00","breadcrumb":{"@id":"https:\/\/www.cambe.pr.gov.br\/index.php\/aprovado-projeto-da-prefeitura-que-dispensa-multas-de-areas-irregulares-ate-2025\/#breadcrumb"},"inLanguage":"pt-BR","potentialAction":[{"@type":"ReadAction","target":["https:\/\/www.cambe.pr.gov.br\/index.php\/aprovado-projeto-da-prefeitura-que-dispensa-multas-de-areas-irregulares-ate-2025\/"]}]},{"@type":"ImageObject","inLanguage":"pt-BR","@id":"https:\/\/www.cambe.pr.gov.br\/index.php\/aprovado-projeto-da-prefeitura-que-dispensa-multas-de-areas-irregulares-ate-2025\/#primaryimage","url":"https:\/\/www.cambe.pr.gov.br\/wp-content\/uploads\/2025\/08\/DJI_0351.MOV_snapshot_00.00.024-scaled.jpg","contentUrl":"https:\/\/www.cambe.pr.gov.br\/wp-content\/uploads\/2025\/08\/DJI_0351.MOV_snapshot_00.00.024-scaled.jpg","width":2560,"height":1440},{"@type":"BreadcrumbList","@id":"https:\/\/www.cambe.pr.gov.br\/index.php\/aprovado-projeto-da-prefeitura-que-dispensa-multas-de-areas-irregulares-ate-2025\/#breadcrumb","itemListElement":[{"@type":"ListItem","position":1,"name":"In\u00edcio","item":"https:\/\/www.cambe.pr.gov.br\/"},{"@type":"ListItem","position":2,"name":"Aprovado projeto da Prefeitura que dispensa multas de \u00e1reas irregulares at\u00e9 2025"}]},{"@type":"WebSite","@id":"https:\/\/www.cambe.pr.gov.br\/#website","url":"https:\/\/www.cambe.pr.gov.br\/","name":"Prefeitura de Camb\u00e9","description":"UM GOVERNO PARA TODOS","publisher":{"@id":"https:\/\/www.cambe.pr.gov.br\/#organization"},"potentialAction":[{"@type":"SearchAction","target":{"@type":"EntryPoint","urlTemplate":"https:\/\/www.cambe.pr.gov.br\/?s={search_term_string}"},"query-input":{"@type":"PropertyValueSpecification","valueRequired":true,"valueName":"search_term_string"}}],"inLanguage":"pt-BR"},{"@type":"Organization","@id":"https:\/\/www.cambe.pr.gov.br\/#organization","name":"Prefeitura de Camb\u00e9","url":"https:\/\/www.cambe.pr.gov.br\/","logo":{"@type":"ImageObject","inLanguage":"pt-BR","@id":"https:\/\/www.cambe.pr.gov.br\/#\/schema\/logo\/image\/","url":"https:\/\/www.cambe.pr.gov.br\/wp-content\/uploads\/2021\/01\/cropped-cropped-cambe_brazao-icone.png","contentUrl":"https:\/\/www.cambe.pr.gov.br\/wp-content\/uploads\/2021\/01\/cropped-cropped-cambe_brazao-icone.png","width":240,"height":240,"caption":"Prefeitura de Camb\u00e9"},"image":{"@id":"https:\/\/www.cambe.pr.gov.br\/#\/schema\/logo\/image\/"},"sameAs":["https:\/\/m.facebook.com\/prefeituradecambe"]},{"@type":"Person","@id":"https:\/\/www.cambe.pr.gov.br\/#\/schema\/person\/8e3ee69cb2cadf4b9f8377407227effd","name":"Vinicius Augusto Batista Eira","image":{"@type":"ImageObject","inLanguage":"pt-BR","@id":"https:\/\/secure.gravatar.com\/avatar\/1ec500de7013b30e1d4d7c8c3978f0e4433c37e5d5e4cd186239369c6440122b?s=96&d=mm&r=g","url":"https:\/\/secure.gravatar.com\/avatar\/1ec500de7013b30e1d4d7c8c3978f0e4433c37e5d5e4cd186239369c6440122b?s=96&d=mm&r=g","contentUrl":"https:\/\/secure.gravatar.com\/avatar\/1ec500de7013b30e1d4d7c8c3978f0e4433c37e5d5e4cd186239369c6440122b?s=96&d=mm&r=g","caption":"Vinicius Augusto Batista Eira"},"url":"https:\/\/www.cambe.pr.gov.br\/index.php\/author\/vabeira\/"}]}},"_links":{"self":[{"href":"https:\/\/www.cambe.pr.gov.br\/index.php\/wp-json\/wp\/v2\/posts\/17666","targetHints":{"allow":["GET"]}}],"collection":[{"href":"https:\/\/www.cambe.pr.gov.br\/index.php\/wp-json\/wp\/v2\/posts"}],"about":[{"href":"https:\/\/www.cambe.pr.gov.br\/index.php\/wp-json\/wp\/v2\/types\/post"}],"author":[{"embeddable":true,"href":"https:\/\/www.cambe.pr.gov.br\/index.php\/wp-json\/wp\/v2\/users\/16"}],"replies":[{"embeddable":true,"href":"https:\/\/www.cambe.pr.gov.br\/index.php\/wp-json\/wp\/v2\/comments?post=17666"}],"version-history":[{"count":2,"href":"https:\/\/www.cambe.pr.gov.br\/index.php\/wp-json\/wp\/v2\/posts\/17666\/revisions"}],"predecessor-version":[{"id":17668,"href":"https:\/\/www.cambe.pr.gov.br\/index.php\/wp-json\/wp\/v2\/posts\/17666\/revisions\/17668"}],"wp:attachment":[{"href":"https:\/\/www.cambe.pr.gov.br\/index.php\/wp-json\/wp\/v2\/media?parent=17666"}],"wp:term":[{"taxonomy":"category","embeddable":true,"href":"https:\/\/www.cambe.pr.gov.br\/index.php\/wp-json\/wp\/v2\/categories?post=17666"},{"taxonomy":"post_tag","embeddable":true,"href":"https:\/\/www.cambe.pr.gov.br\/index.php\/wp-json\/wp\/v2\/tags?post=17666"}],"curies":[{"name":"wp","href":"https:\/\/api.w.org\/{rel}","templated":true}]}}