{"id":17629,"date":"2025-08-26T17:55:57","date_gmt":"2025-08-26T20:55:57","guid":{"rendered":"https:\/\/www.cambe.pr.gov.br\/?p=17629"},"modified":"2025-08-26T17:55:57","modified_gmt":"2025-08-26T20:55:57","slug":"prefeitura-consegue-aprovacao-do-projeto-para-construcao-do-viaduto-da-esperanca-junto-ao-dnit","status":"publish","type":"post","link":"https:\/\/www.cambe.pr.gov.br\/index.php\/prefeitura-consegue-aprovacao-do-projeto-para-construcao-do-viaduto-da-esperanca-junto-ao-dnit\/","title":{"rendered":"Prefeitura consegue aprova\u00e7\u00e3o do projeto para constru\u00e7\u00e3o do Viaduto da Esperan\u00e7a junto ao DNIT"},"content":{"rendered":"<p><img fetchpriority=\"high\" decoding=\"async\" class=\"alignleft wp-image-17631 size-large\" src=\"https:\/\/www.cambe.pr.gov.br\/wp-content\/uploads\/2025\/08\/DJI_0356-1024x576.jpg\" alt=\"\" width=\"610\" height=\"343\" srcset=\"https:\/\/www.cambe.pr.gov.br\/wp-content\/uploads\/2025\/08\/DJI_0356-1024x576.jpg 1024w, https:\/\/www.cambe.pr.gov.br\/wp-content\/uploads\/2025\/08\/DJI_0356-300x169.jpg 300w, https:\/\/www.cambe.pr.gov.br\/wp-content\/uploads\/2025\/08\/DJI_0356-768x432.jpg 768w, https:\/\/www.cambe.pr.gov.br\/wp-content\/uploads\/2025\/08\/DJI_0356-1536x864.jpg 1536w, https:\/\/www.cambe.pr.gov.br\/wp-content\/uploads\/2025\/08\/DJI_0356-2048x1152.jpg 2048w\" sizes=\"(max-width: 610px) 100vw, 610px\" \/><\/p>\n<p style=\"text-align: justify;\"><span style=\"font-family: arial, helvetica, sans-serif;\">Uma das mais importantes e aguardadas obras em Camb\u00e9, enfim, recebeu a aprova\u00e7\u00e3o federal definitiva e vai sair do papel. A Prefeitura conseguiu a aprova\u00e7\u00e3o do projeto de constru\u00e7\u00e3o do Viaduto da Esperan\u00e7a com o Departamento Nacional de Infraestrutura de Transportes (DNIT), do Minist\u00e9rio dos Transportes. A estrutura vai ser feita com o Governo do Estado, e fica na BR-369, no quil\u00f4metro 161, no cruzamento com a Avenida da Esperan\u00e7a, com custo estimado de R$ 25 milh\u00f5es.<\/span><\/p>\n<p style=\"text-align: justify;\"><span style=\"font-family: arial, helvetica, sans-serif;\">Nesta ter\u00e7a-feira (26), o prefeito Conrado Scheller conversou com o governador Ratinho Junior sobre a obra e ele reafirmou o compromisso de constru\u00e7\u00e3o do viaduto, garantindo que j\u00e1 seguir\u00e1 para licita\u00e7\u00e3o.<\/span><\/p>\n<p style=\"text-align: justify;\"><span style=\"font-family: arial, helvetica, sans-serif;\">O Viaduto da Esperan\u00e7a \u00e9 um sonho antigo do morador cambeense e de motoristas de toda a regi\u00e3o que trafegam pela rodovia, gerando mais fluidez e seguran\u00e7a vi\u00e1ria para todos. Ainda em 2023, a Prefeitura se adiantou e desenvolveu um projeto moderno, com metodologia que faz a proje\u00e7\u00e3o da obra em 3D, com simula\u00e7\u00e3o do andamento das interven\u00e7\u00f5es ao longo do tempo, garantindo maior precis\u00e3o para or\u00e7ar materiais, prever diferentes solu\u00e7\u00f5es a partir de cada etapa do projeto e corrigir erros antecipadamente.<\/span><\/p>\n<p style=\"text-align: justify;\"><span style=\"font-family: arial, helvetica, sans-serif;\">Em fevereiro de 2024, o prefeito Conrado entregou o projeto pessoalmente ao governador, apresentando a obra e sacramentando a parceria para licitar o servi\u00e7o. No entanto, como a BR-369 pertence \u00e0 Uni\u00e3o, precisava da autoriza\u00e7\u00e3o e acordo de coopera\u00e7\u00e3o da Prefeitura com o DNIT para que o processo se iniciasse. Enfim, o Minist\u00e9rio deu a aprova\u00e7\u00e3o, por meio da Portaria N.\u00ba 5002, de 25 de agosto de 2025.<\/span><\/p>\n<p style=\"text-align: justify;\"><span style=\"font-family: arial, helvetica, sans-serif;\">Ao todo, segundo a estimativa do projeto da Prefeitura, cerca de 25 mil ve\u00edculos e seis mil caminh\u00f5es trafegam pelo trecho diariamente, sendo a liga\u00e7\u00e3o entre Londrina, Rol\u00e2ndia e Arapongas; e tamb\u00e9m da parte de baixo da BR-369 com o Centro e outros bairros de Camb\u00e9. Hoje a rodovia corta a cidade, separando duas regi\u00f5es com cerca de 50 mil moradores de cada lado da via.<\/span><\/p>\n<p style=\"text-align: justify;\"><span style=\"font-family: arial, helvetica, sans-serif;\">O prefeito Conrado celebrou a not\u00edcia, que vai impactar diretamente a vida de muitos cambeenses e motoristas de toda a regi\u00e3o. \u201cEst\u00e1vamos aguardando essa not\u00edcia j\u00e1 h\u00e1 muito tempo, e temos a certeza de que vai trazer in\u00fameros benef\u00edcios para muitas pessoas. O viaduto garante maior fluidez na rodovia, facilita a log\u00edstica em todo o norte do Estado e d\u00e1 mais seguran\u00e7a aos motoristas e moradores de Camb\u00e9 que precisam cruzar a via. Camb\u00e9 tem essa caracter\u00edstica quase \u00fanica de ser cortada pela rodovia, e essa obra vai ajudar a vida de muita gente\u201d, disse.<\/span><\/p>\n<p style=\"text-align: justify;\"><span style=\"font-family: arial, helvetica, sans-serif;\">No in\u00edcio de 2024, o governador Ratinho Junior j\u00e1 havia sinalizado o viaduto da Esperan\u00e7a, somado com outras estruturas da regi\u00e3o como os viadutos Jos\u00e9 do Carmo Garcia e da PUC, em Londrina, resolve problemas de seguran\u00e7a vi\u00e1ria da regi\u00e3o e cria uma grande art\u00e9ria log\u00edstica.<\/span><\/p>\n<p style=\"text-align: justify;\"><span style=\"font-family: arial, helvetica, sans-serif;\">\u201cEsse \u00e9 um projeto important\u00edssimo. H\u00e1 muito tempo a regi\u00e3o trabalha em cima dessa solu\u00e7\u00e3o, para poder diminuir os acidentes que acontecem ali, facilitar a vida e a integra\u00e7\u00e3o urbana da cidade dos dois lados e, claro, levar mais seguran\u00e7a para toda a popula\u00e7\u00e3o e melhorar a log\u00edstica de Camb\u00e9, Londrina e toda a regi\u00e3o. Com a obra, teremos mais integra\u00e7\u00e3o e vamos juntar Camb\u00e9 de vez\u201d, disse o governador.<\/span><\/p>\n","protected":false},"excerpt":{"rendered":"<p>Uma das mais importantes e aguardadas obras em Camb\u00e9, enfim, recebeu a aprova\u00e7\u00e3o federal definitiva e vai sair do papel. A Prefeitura conseguiu a aprova\u00e7\u00e3o do projeto de constru\u00e7\u00e3o do Viaduto da Esperan\u00e7a com o Departamento Nacional de Infraestrutura de Transportes (DNIT), do Minist\u00e9rio dos Transportes. A estrutura vai ser feita com o Governo do [&hellip;]<\/p>\n","protected":false},"author":16,"featured_media":0,"comment_status":"closed","ping_status":"closed","sticky":false,"template":"","format":"standard","meta":{"ngg_post_thumbnail":0,"footnotes":""},"categories":[1],"tags":[],"class_list":["post-17629","post","type-post","status-publish","format-standard","hentry","category-principal"],"yoast_head":"<!-- This site is optimized with the Yoast SEO plugin v27.4 - https:\/\/yoast.com\/product\/yoast-seo-wordpress\/ -->\n<title>Prefeitura consegue aprova\u00e7\u00e3o do projeto para constru\u00e7\u00e3o do Viaduto da Esperan\u00e7a junto ao DNIT - Prefeitura de Camb\u00e9<\/title>\n<meta name=\"robots\" content=\"index, follow, max-snippet:-1, max-image-preview:large, max-video-preview:-1\" \/>\n<link rel=\"canonical\" href=\"https:\/\/www.cambe.pr.gov.br\/index.php\/prefeitura-consegue-aprovacao-do-projeto-para-construcao-do-viaduto-da-esperanca-junto-ao-dnit\/\" \/>\n<meta property=\"og:locale\" content=\"pt_BR\" \/>\n<meta property=\"og:type\" content=\"article\" \/>\n<meta property=\"og:title\" content=\"Prefeitura consegue aprova\u00e7\u00e3o do projeto para constru\u00e7\u00e3o do Viaduto da Esperan\u00e7a junto ao DNIT - Prefeitura de Camb\u00e9\" \/>\n<meta property=\"og:description\" content=\"Uma das mais importantes e aguardadas obras em Camb\u00e9, enfim, recebeu a aprova\u00e7\u00e3o federal definitiva e vai sair do papel. A Prefeitura conseguiu a aprova\u00e7\u00e3o do projeto de constru\u00e7\u00e3o do Viaduto da Esperan\u00e7a com o Departamento Nacional de Infraestrutura de Transportes (DNIT), do Minist\u00e9rio dos Transportes. A estrutura vai ser feita com o Governo do [&hellip;]\" \/>\n<meta property=\"og:url\" content=\"https:\/\/www.cambe.pr.gov.br\/index.php\/prefeitura-consegue-aprovacao-do-projeto-para-construcao-do-viaduto-da-esperanca-junto-ao-dnit\/\" \/>\n<meta property=\"og:site_name\" content=\"Prefeitura de Camb\u00e9\" \/>\n<meta property=\"article:publisher\" content=\"https:\/\/m.facebook.com\/prefeituradecambe\" \/>\n<meta property=\"article:published_time\" content=\"2025-08-26T20:55:57+00:00\" \/>\n<meta property=\"og:image\" content=\"https:\/\/www.cambe.pr.gov.br\/wp-content\/uploads\/2025\/08\/DJI_0356-scaled.jpg\" \/>\n\t<meta property=\"og:image:width\" content=\"2560\" \/>\n\t<meta property=\"og:image:height\" content=\"1440\" \/>\n\t<meta property=\"og:image:type\" content=\"image\/jpeg\" \/>\n<meta name=\"author\" content=\"Vinicius Augusto Batista Eira\" \/>\n<meta name=\"twitter:card\" content=\"summary_large_image\" \/>\n<meta name=\"twitter:label1\" content=\"Escrito por\" \/>\n\t<meta name=\"twitter:data1\" content=\"Vinicius Augusto Batista Eira\" \/>\n\t<meta name=\"twitter:label2\" content=\"Est. tempo de leitura\" \/>\n\t<meta name=\"twitter:data2\" content=\"4 minutos\" \/>\n<script type=\"application\/ld+json\" class=\"yoast-schema-graph\">{\"@context\":\"https:\\\/\\\/schema.org\",\"@graph\":[{\"@type\":\"Article\",\"@id\":\"https:\\\/\\\/www.cambe.pr.gov.br\\\/index.php\\\/prefeitura-consegue-aprovacao-do-projeto-para-construcao-do-viaduto-da-esperanca-junto-ao-dnit\\\/#article\",\"isPartOf\":{\"@id\":\"https:\\\/\\\/www.cambe.pr.gov.br\\\/index.php\\\/prefeitura-consegue-aprovacao-do-projeto-para-construcao-do-viaduto-da-esperanca-junto-ao-dnit\\\/\"},\"author\":{\"name\":\"Vinicius Augusto Batista Eira\",\"@id\":\"https:\\\/\\\/www.cambe.pr.gov.br\\\/#\\\/schema\\\/person\\\/8e3ee69cb2cadf4b9f8377407227effd\"},\"headline\":\"Prefeitura consegue aprova\u00e7\u00e3o do projeto para constru\u00e7\u00e3o do Viaduto da Esperan\u00e7a junto ao DNIT\",\"datePublished\":\"2025-08-26T20:55:57+00:00\",\"mainEntityOfPage\":{\"@id\":\"https:\\\/\\\/www.cambe.pr.gov.br\\\/index.php\\\/prefeitura-consegue-aprovacao-do-projeto-para-construcao-do-viaduto-da-esperanca-junto-ao-dnit\\\/\"},\"wordCount\":597,\"publisher\":{\"@id\":\"https:\\\/\\\/www.cambe.pr.gov.br\\\/#organization\"},\"image\":{\"@id\":\"https:\\\/\\\/www.cambe.pr.gov.br\\\/index.php\\\/prefeitura-consegue-aprovacao-do-projeto-para-construcao-do-viaduto-da-esperanca-junto-ao-dnit\\\/#primaryimage\"},\"thumbnailUrl\":\"https:\\\/\\\/www.cambe.pr.gov.br\\\/wp-content\\\/uploads\\\/2025\\\/08\\\/DJI_0356-1024x576.jpg\",\"articleSection\":[\"Principal\"],\"inLanguage\":\"pt-BR\"},{\"@type\":\"WebPage\",\"@id\":\"https:\\\/\\\/www.cambe.pr.gov.br\\\/index.php\\\/prefeitura-consegue-aprovacao-do-projeto-para-construcao-do-viaduto-da-esperanca-junto-ao-dnit\\\/\",\"url\":\"https:\\\/\\\/www.cambe.pr.gov.br\\\/index.php\\\/prefeitura-consegue-aprovacao-do-projeto-para-construcao-do-viaduto-da-esperanca-junto-ao-dnit\\\/\",\"name\":\"Prefeitura consegue aprova\u00e7\u00e3o do projeto para constru\u00e7\u00e3o do Viaduto da Esperan\u00e7a junto ao DNIT - Prefeitura de Camb\u00e9\",\"isPartOf\":{\"@id\":\"https:\\\/\\\/www.cambe.pr.gov.br\\\/#website\"},\"primaryImageOfPage\":{\"@id\":\"https:\\\/\\\/www.cambe.pr.gov.br\\\/index.php\\\/prefeitura-consegue-aprovacao-do-projeto-para-construcao-do-viaduto-da-esperanca-junto-ao-dnit\\\/#primaryimage\"},\"image\":{\"@id\":\"https:\\\/\\\/www.cambe.pr.gov.br\\\/index.php\\\/prefeitura-consegue-aprovacao-do-projeto-para-construcao-do-viaduto-da-esperanca-junto-ao-dnit\\\/#primaryimage\"},\"thumbnailUrl\":\"https:\\\/\\\/www.cambe.pr.gov.br\\\/wp-content\\\/uploads\\\/2025\\\/08\\\/DJI_0356-1024x576.jpg\",\"datePublished\":\"2025-08-26T20:55:57+00:00\",\"breadcrumb\":{\"@id\":\"https:\\\/\\\/www.cambe.pr.gov.br\\\/index.php\\\/prefeitura-consegue-aprovacao-do-projeto-para-construcao-do-viaduto-da-esperanca-junto-ao-dnit\\\/#breadcrumb\"},\"inLanguage\":\"pt-BR\",\"potentialAction\":[{\"@type\":\"ReadAction\",\"target\":[\"https:\\\/\\\/www.cambe.pr.gov.br\\\/index.php\\\/prefeitura-consegue-aprovacao-do-projeto-para-construcao-do-viaduto-da-esperanca-junto-ao-dnit\\\/\"]}]},{\"@type\":\"ImageObject\",\"inLanguage\":\"pt-BR\",\"@id\":\"https:\\\/\\\/www.cambe.pr.gov.br\\\/index.php\\\/prefeitura-consegue-aprovacao-do-projeto-para-construcao-do-viaduto-da-esperanca-junto-ao-dnit\\\/#primaryimage\",\"url\":\"https:\\\/\\\/www.cambe.pr.gov.br\\\/wp-content\\\/uploads\\\/2025\\\/08\\\/DJI_0356-scaled.jpg\",\"contentUrl\":\"https:\\\/\\\/www.cambe.pr.gov.br\\\/wp-content\\\/uploads\\\/2025\\\/08\\\/DJI_0356-scaled.jpg\",\"width\":2560,\"height\":1440,\"caption\":\"DCIM100MEDIADJI_0356.JPG\"},{\"@type\":\"BreadcrumbList\",\"@id\":\"https:\\\/\\\/www.cambe.pr.gov.br\\\/index.php\\\/prefeitura-consegue-aprovacao-do-projeto-para-construcao-do-viaduto-da-esperanca-junto-ao-dnit\\\/#breadcrumb\",\"itemListElement\":[{\"@type\":\"ListItem\",\"position\":1,\"name\":\"In\u00edcio\",\"item\":\"https:\\\/\\\/www.cambe.pr.gov.br\\\/\"},{\"@type\":\"ListItem\",\"position\":2,\"name\":\"Prefeitura consegue aprova\u00e7\u00e3o do projeto para constru\u00e7\u00e3o do Viaduto da Esperan\u00e7a junto ao DNIT\"}]},{\"@type\":\"WebSite\",\"@id\":\"https:\\\/\\\/www.cambe.pr.gov.br\\\/#website\",\"url\":\"https:\\\/\\\/www.cambe.pr.gov.br\\\/\",\"name\":\"Prefeitura de Camb\u00e9\",\"description\":\"UM GOVERNO PARA TODOS\",\"publisher\":{\"@id\":\"https:\\\/\\\/www.cambe.pr.gov.br\\\/#organization\"},\"potentialAction\":[{\"@type\":\"SearchAction\",\"target\":{\"@type\":\"EntryPoint\",\"urlTemplate\":\"https:\\\/\\\/www.cambe.pr.gov.br\\\/?s={search_term_string}\"},\"query-input\":{\"@type\":\"PropertyValueSpecification\",\"valueRequired\":true,\"valueName\":\"search_term_string\"}}],\"inLanguage\":\"pt-BR\"},{\"@type\":\"Organization\",\"@id\":\"https:\\\/\\\/www.cambe.pr.gov.br\\\/#organization\",\"name\":\"Prefeitura de Camb\u00e9\",\"url\":\"https:\\\/\\\/www.cambe.pr.gov.br\\\/\",\"logo\":{\"@type\":\"ImageObject\",\"inLanguage\":\"pt-BR\",\"@id\":\"https:\\\/\\\/www.cambe.pr.gov.br\\\/#\\\/schema\\\/logo\\\/image\\\/\",\"url\":\"https:\\\/\\\/www.cambe.pr.gov.br\\\/wp-content\\\/uploads\\\/2021\\\/01\\\/cropped-cropped-cambe_brazao-icone.png\",\"contentUrl\":\"https:\\\/\\\/www.cambe.pr.gov.br\\\/wp-content\\\/uploads\\\/2021\\\/01\\\/cropped-cropped-cambe_brazao-icone.png\",\"width\":240,\"height\":240,\"caption\":\"Prefeitura de Camb\u00e9\"},\"image\":{\"@id\":\"https:\\\/\\\/www.cambe.pr.gov.br\\\/#\\\/schema\\\/logo\\\/image\\\/\"},\"sameAs\":[\"https:\\\/\\\/m.facebook.com\\\/prefeituradecambe\"]},{\"@type\":\"Person\",\"@id\":\"https:\\\/\\\/www.cambe.pr.gov.br\\\/#\\\/schema\\\/person\\\/8e3ee69cb2cadf4b9f8377407227effd\",\"name\":\"Vinicius Augusto Batista Eira\",\"image\":{\"@type\":\"ImageObject\",\"inLanguage\":\"pt-BR\",\"@id\":\"https:\\\/\\\/secure.gravatar.com\\\/avatar\\\/1ec500de7013b30e1d4d7c8c3978f0e4433c37e5d5e4cd186239369c6440122b?s=96&d=mm&r=g\",\"url\":\"https:\\\/\\\/secure.gravatar.com\\\/avatar\\\/1ec500de7013b30e1d4d7c8c3978f0e4433c37e5d5e4cd186239369c6440122b?s=96&d=mm&r=g\",\"contentUrl\":\"https:\\\/\\\/secure.gravatar.com\\\/avatar\\\/1ec500de7013b30e1d4d7c8c3978f0e4433c37e5d5e4cd186239369c6440122b?s=96&d=mm&r=g\",\"caption\":\"Vinicius Augusto Batista Eira\"},\"url\":\"https:\\\/\\\/www.cambe.pr.gov.br\\\/index.php\\\/author\\\/vabeira\\\/\"}]}<\/script>\n<!-- \/ Yoast SEO plugin. -->","yoast_head_json":{"title":"Prefeitura consegue aprova\u00e7\u00e3o do projeto para constru\u00e7\u00e3o do Viaduto da Esperan\u00e7a junto ao DNIT - Prefeitura de Camb\u00e9","robots":{"index":"index","follow":"follow","max-snippet":"max-snippet:-1","max-image-preview":"max-image-preview:large","max-video-preview":"max-video-preview:-1"},"canonical":"https:\/\/www.cambe.pr.gov.br\/index.php\/prefeitura-consegue-aprovacao-do-projeto-para-construcao-do-viaduto-da-esperanca-junto-ao-dnit\/","og_locale":"pt_BR","og_type":"article","og_title":"Prefeitura consegue aprova\u00e7\u00e3o do projeto para constru\u00e7\u00e3o do Viaduto da Esperan\u00e7a junto ao DNIT - Prefeitura de Camb\u00e9","og_description":"Uma das mais importantes e aguardadas obras em Camb\u00e9, enfim, recebeu a aprova\u00e7\u00e3o federal definitiva e vai sair do papel. A Prefeitura conseguiu a aprova\u00e7\u00e3o do projeto de constru\u00e7\u00e3o do Viaduto da Esperan\u00e7a com o Departamento Nacional de Infraestrutura de Transportes (DNIT), do Minist\u00e9rio dos Transportes. A estrutura vai ser feita com o Governo do [&hellip;]","og_url":"https:\/\/www.cambe.pr.gov.br\/index.php\/prefeitura-consegue-aprovacao-do-projeto-para-construcao-do-viaduto-da-esperanca-junto-ao-dnit\/","og_site_name":"Prefeitura de Camb\u00e9","article_publisher":"https:\/\/m.facebook.com\/prefeituradecambe","article_published_time":"2025-08-26T20:55:57+00:00","og_image":[{"width":2560,"height":1440,"url":"https:\/\/www.cambe.pr.gov.br\/wp-content\/uploads\/2025\/08\/DJI_0356-scaled.jpg","type":"image\/jpeg"}],"author":"Vinicius Augusto Batista Eira","twitter_card":"summary_large_image","twitter_misc":{"Escrito por":"Vinicius Augusto Batista Eira","Est. tempo de leitura":"4 minutos"},"schema":{"@context":"https:\/\/schema.org","@graph":[{"@type":"Article","@id":"https:\/\/www.cambe.pr.gov.br\/index.php\/prefeitura-consegue-aprovacao-do-projeto-para-construcao-do-viaduto-da-esperanca-junto-ao-dnit\/#article","isPartOf":{"@id":"https:\/\/www.cambe.pr.gov.br\/index.php\/prefeitura-consegue-aprovacao-do-projeto-para-construcao-do-viaduto-da-esperanca-junto-ao-dnit\/"},"author":{"name":"Vinicius Augusto Batista Eira","@id":"https:\/\/www.cambe.pr.gov.br\/#\/schema\/person\/8e3ee69cb2cadf4b9f8377407227effd"},"headline":"Prefeitura consegue aprova\u00e7\u00e3o do projeto para constru\u00e7\u00e3o do Viaduto da Esperan\u00e7a junto ao DNIT","datePublished":"2025-08-26T20:55:57+00:00","mainEntityOfPage":{"@id":"https:\/\/www.cambe.pr.gov.br\/index.php\/prefeitura-consegue-aprovacao-do-projeto-para-construcao-do-viaduto-da-esperanca-junto-ao-dnit\/"},"wordCount":597,"publisher":{"@id":"https:\/\/www.cambe.pr.gov.br\/#organization"},"image":{"@id":"https:\/\/www.cambe.pr.gov.br\/index.php\/prefeitura-consegue-aprovacao-do-projeto-para-construcao-do-viaduto-da-esperanca-junto-ao-dnit\/#primaryimage"},"thumbnailUrl":"https:\/\/www.cambe.pr.gov.br\/wp-content\/uploads\/2025\/08\/DJI_0356-1024x576.jpg","articleSection":["Principal"],"inLanguage":"pt-BR"},{"@type":"WebPage","@id":"https:\/\/www.cambe.pr.gov.br\/index.php\/prefeitura-consegue-aprovacao-do-projeto-para-construcao-do-viaduto-da-esperanca-junto-ao-dnit\/","url":"https:\/\/www.cambe.pr.gov.br\/index.php\/prefeitura-consegue-aprovacao-do-projeto-para-construcao-do-viaduto-da-esperanca-junto-ao-dnit\/","name":"Prefeitura consegue aprova\u00e7\u00e3o do projeto para constru\u00e7\u00e3o do Viaduto da Esperan\u00e7a junto ao DNIT - Prefeitura de Camb\u00e9","isPartOf":{"@id":"https:\/\/www.cambe.pr.gov.br\/#website"},"primaryImageOfPage":{"@id":"https:\/\/www.cambe.pr.gov.br\/index.php\/prefeitura-consegue-aprovacao-do-projeto-para-construcao-do-viaduto-da-esperanca-junto-ao-dnit\/#primaryimage"},"image":{"@id":"https:\/\/www.cambe.pr.gov.br\/index.php\/prefeitura-consegue-aprovacao-do-projeto-para-construcao-do-viaduto-da-esperanca-junto-ao-dnit\/#primaryimage"},"thumbnailUrl":"https:\/\/www.cambe.pr.gov.br\/wp-content\/uploads\/2025\/08\/DJI_0356-1024x576.jpg","datePublished":"2025-08-26T20:55:57+00:00","breadcrumb":{"@id":"https:\/\/www.cambe.pr.gov.br\/index.php\/prefeitura-consegue-aprovacao-do-projeto-para-construcao-do-viaduto-da-esperanca-junto-ao-dnit\/#breadcrumb"},"inLanguage":"pt-BR","potentialAction":[{"@type":"ReadAction","target":["https:\/\/www.cambe.pr.gov.br\/index.php\/prefeitura-consegue-aprovacao-do-projeto-para-construcao-do-viaduto-da-esperanca-junto-ao-dnit\/"]}]},{"@type":"ImageObject","inLanguage":"pt-BR","@id":"https:\/\/www.cambe.pr.gov.br\/index.php\/prefeitura-consegue-aprovacao-do-projeto-para-construcao-do-viaduto-da-esperanca-junto-ao-dnit\/#primaryimage","url":"https:\/\/www.cambe.pr.gov.br\/wp-content\/uploads\/2025\/08\/DJI_0356-scaled.jpg","contentUrl":"https:\/\/www.cambe.pr.gov.br\/wp-content\/uploads\/2025\/08\/DJI_0356-scaled.jpg","width":2560,"height":1440,"caption":"DCIM100MEDIADJI_0356.JPG"},{"@type":"BreadcrumbList","@id":"https:\/\/www.cambe.pr.gov.br\/index.php\/prefeitura-consegue-aprovacao-do-projeto-para-construcao-do-viaduto-da-esperanca-junto-ao-dnit\/#breadcrumb","itemListElement":[{"@type":"ListItem","position":1,"name":"In\u00edcio","item":"https:\/\/www.cambe.pr.gov.br\/"},{"@type":"ListItem","position":2,"name":"Prefeitura consegue aprova\u00e7\u00e3o do projeto para constru\u00e7\u00e3o do Viaduto da Esperan\u00e7a junto ao DNIT"}]},{"@type":"WebSite","@id":"https:\/\/www.cambe.pr.gov.br\/#website","url":"https:\/\/www.cambe.pr.gov.br\/","name":"Prefeitura de Camb\u00e9","description":"UM GOVERNO PARA TODOS","publisher":{"@id":"https:\/\/www.cambe.pr.gov.br\/#organization"},"potentialAction":[{"@type":"SearchAction","target":{"@type":"EntryPoint","urlTemplate":"https:\/\/www.cambe.pr.gov.br\/?s={search_term_string}"},"query-input":{"@type":"PropertyValueSpecification","valueRequired":true,"valueName":"search_term_string"}}],"inLanguage":"pt-BR"},{"@type":"Organization","@id":"https:\/\/www.cambe.pr.gov.br\/#organization","name":"Prefeitura de Camb\u00e9","url":"https:\/\/www.cambe.pr.gov.br\/","logo":{"@type":"ImageObject","inLanguage":"pt-BR","@id":"https:\/\/www.cambe.pr.gov.br\/#\/schema\/logo\/image\/","url":"https:\/\/www.cambe.pr.gov.br\/wp-content\/uploads\/2021\/01\/cropped-cropped-cambe_brazao-icone.png","contentUrl":"https:\/\/www.cambe.pr.gov.br\/wp-content\/uploads\/2021\/01\/cropped-cropped-cambe_brazao-icone.png","width":240,"height":240,"caption":"Prefeitura de Camb\u00e9"},"image":{"@id":"https:\/\/www.cambe.pr.gov.br\/#\/schema\/logo\/image\/"},"sameAs":["https:\/\/m.facebook.com\/prefeituradecambe"]},{"@type":"Person","@id":"https:\/\/www.cambe.pr.gov.br\/#\/schema\/person\/8e3ee69cb2cadf4b9f8377407227effd","name":"Vinicius Augusto Batista Eira","image":{"@type":"ImageObject","inLanguage":"pt-BR","@id":"https:\/\/secure.gravatar.com\/avatar\/1ec500de7013b30e1d4d7c8c3978f0e4433c37e5d5e4cd186239369c6440122b?s=96&d=mm&r=g","url":"https:\/\/secure.gravatar.com\/avatar\/1ec500de7013b30e1d4d7c8c3978f0e4433c37e5d5e4cd186239369c6440122b?s=96&d=mm&r=g","contentUrl":"https:\/\/secure.gravatar.com\/avatar\/1ec500de7013b30e1d4d7c8c3978f0e4433c37e5d5e4cd186239369c6440122b?s=96&d=mm&r=g","caption":"Vinicius Augusto Batista Eira"},"url":"https:\/\/www.cambe.pr.gov.br\/index.php\/author\/vabeira\/"}]}},"_links":{"self":[{"href":"https:\/\/www.cambe.pr.gov.br\/index.php\/wp-json\/wp\/v2\/posts\/17629","targetHints":{"allow":["GET"]}}],"collection":[{"href":"https:\/\/www.cambe.pr.gov.br\/index.php\/wp-json\/wp\/v2\/posts"}],"about":[{"href":"https:\/\/www.cambe.pr.gov.br\/index.php\/wp-json\/wp\/v2\/types\/post"}],"author":[{"embeddable":true,"href":"https:\/\/www.cambe.pr.gov.br\/index.php\/wp-json\/wp\/v2\/users\/16"}],"replies":[{"embeddable":true,"href":"https:\/\/www.cambe.pr.gov.br\/index.php\/wp-json\/wp\/v2\/comments?post=17629"}],"version-history":[{"count":2,"href":"https:\/\/www.cambe.pr.gov.br\/index.php\/wp-json\/wp\/v2\/posts\/17629\/revisions"}],"predecessor-version":[{"id":17632,"href":"https:\/\/www.cambe.pr.gov.br\/index.php\/wp-json\/wp\/v2\/posts\/17629\/revisions\/17632"}],"wp:attachment":[{"href":"https:\/\/www.cambe.pr.gov.br\/index.php\/wp-json\/wp\/v2\/media?parent=17629"}],"wp:term":[{"taxonomy":"category","embeddable":true,"href":"https:\/\/www.cambe.pr.gov.br\/index.php\/wp-json\/wp\/v2\/categories?post=17629"},{"taxonomy":"post_tag","embeddable":true,"href":"https:\/\/www.cambe.pr.gov.br\/index.php\/wp-json\/wp\/v2\/tags?post=17629"}],"curies":[{"name":"wp","href":"https:\/\/api.w.org\/{rel}","templated":true}]}}