{"id":17626,"date":"2025-08-26T14:20:06","date_gmt":"2025-08-26T17:20:06","guid":{"rendered":"https:\/\/www.cambe.pr.gov.br\/?p=17626"},"modified":"2025-08-26T14:20:06","modified_gmt":"2025-08-26T17:20:06","slug":"prefeitura-lanca-consulta-publica-do-plano-de-acao-da-politica-nacional-aldir-blanc","status":"publish","type":"post","link":"https:\/\/www.cambe.pr.gov.br\/index.php\/prefeitura-lanca-consulta-publica-do-plano-de-acao-da-politica-nacional-aldir-blanc\/","title":{"rendered":"Prefeitura lan\u00e7a consulta p\u00fablica do plano de a\u00e7\u00e3o da Pol\u00edtica Nacional Aldir Blanc"},"content":{"rendered":"<div id=\"attachment_16895\" style=\"width: 620px\" class=\"wp-caption alignleft\"><img fetchpriority=\"high\" decoding=\"async\" aria-describedby=\"caption-attachment-16895\" class=\"wp-image-16895 size-large\" src=\"https:\/\/www.cambe.pr.gov.br\/wp-content\/uploads\/2025\/05\/Imagem-do-WhatsApp-de-2025-05-13-as-16.08.16_6e581996-1024x768.jpg\" alt=\"\" width=\"610\" height=\"458\" srcset=\"https:\/\/www.cambe.pr.gov.br\/wp-content\/uploads\/2025\/05\/Imagem-do-WhatsApp-de-2025-05-13-as-16.08.16_6e581996-1024x768.jpg 1024w, https:\/\/www.cambe.pr.gov.br\/wp-content\/uploads\/2025\/05\/Imagem-do-WhatsApp-de-2025-05-13-as-16.08.16_6e581996-300x225.jpg 300w, https:\/\/www.cambe.pr.gov.br\/wp-content\/uploads\/2025\/05\/Imagem-do-WhatsApp-de-2025-05-13-as-16.08.16_6e581996-768x576.jpg 768w, https:\/\/www.cambe.pr.gov.br\/wp-content\/uploads\/2025\/05\/Imagem-do-WhatsApp-de-2025-05-13-as-16.08.16_6e581996-400x300.jpg 400w, https:\/\/www.cambe.pr.gov.br\/wp-content\/uploads\/2025\/05\/Imagem-do-WhatsApp-de-2025-05-13-as-16.08.16_6e581996.jpg 1280w\" sizes=\"(max-width: 610px) 100vw, 610px\" \/><p id=\"caption-attachment-16895\" class=\"wp-caption-text\">Ao todo, ser\u00e1 investido mais de R$ 700 mil em cultura durante o pr\u00f3ximo ciclo da PNAB (Reprodu\u00e7\u00e3o\/Nara Oliveira)<\/p><\/div>\n<p style=\"text-align: justify;\"><span style=\"font-weight: 400; font-family: arial, helvetica, sans-serif;\">A Prefeitura de Camb\u00e9, por meio da Secretaria Municipal de Educa\u00e7\u00e3o e Cultura, e em parceria com o Conselho Municipal de Cultura, abriu uma consulta p\u00fablica para o segundo ciclo da Pol\u00edtica Nacional Aldir Blanc (PNAB). O objetivo \u00e9 coletar sugest\u00f5es e coment\u00e1rios da comunidade cultural sobre as propostas de linhas de fomento que ser\u00e3o implementadas no munic\u00edpio. O segundo ciclo vai investir mais de R$ 700 mil na cultura de Camb\u00e9. Para participar \u00e9 s\u00f3 acessar o formul\u00e1rio <a href=\"https:\/\/docs.google.com\/forms\/d\/e\/1FAIpQLSfDeNprWcs9mpLd3cArPSyajQHRLQ6bNXLekEOo7krlKMI4ng\/viewform\" target=\"_blank\" rel=\"noopener\"><strong>clicando aqui<\/strong><\/a>.<\/span><\/p>\n<p style=\"text-align: justify;\"><span style=\"font-weight: 400; font-family: arial, helvetica, sans-serif;\">As propostas de fomento do ciclo foram elaboradas pela comiss\u00e3o de trabalho da PNAB, com base nas discuss\u00f5es da escuta p\u00fablica realizada em 31 de maio. As linhas de a\u00e7\u00e3o visam atender \u00e0s diversas necessidades da comunidade art\u00edstica local. Com isso, foi feita a consulta p\u00fablica para receber coment\u00e1rios e sugest\u00f5es da comunidade. As propostas est\u00e3o dispon\u00edveis para consulta no <a href=\"https:\/\/www.cambe.pr.gov.br\/index.php\/secretarias\/secretarias\/cultura\/lei-aldir-blanc\/lei-aldir-blanc-2024\/\" target=\"_blank\" rel=\"noopener\"><strong>site oficial da Prefeitura<\/strong><\/a> e abaixo. O prazo para contribui\u00e7\u00f5es vai at\u00e9 o dia 28 de agosto.<\/span><\/p>\n<p style=\"text-align: justify;\"><span style=\"font-weight: 400; font-family: arial, helvetica, sans-serif;\">\u201cA participa\u00e7\u00e3o da sociedade civil \u00e9 fundamental para garantir que o plano de a\u00e7\u00e3o seja transparente, democr\u00e1tico e realmente atenda \u00e0s demandas de artistas, produtores e fazedores de cultura de Camb\u00e9. Com isso, convidamos todos os interessados a participar do processo. A contribui\u00e7\u00e3o \u00e9 essencial para construirmos juntos um plano cultural mais forte e inclusivo para Camb\u00e9\u201d, ressaltou o coordenador do departamento art\u00edstico, Ricardo Ara\u00fajo.<\/span><\/p>\n<p>&nbsp;<\/p>\n<p style=\"text-align: justify;\"><strong><span style=\"font-family: arial, helvetica, sans-serif;\">Propostas de fomento do segundo ciclo da PNAB<\/span><\/strong><\/p>\n<p style=\"text-align: justify;\"><span style=\"font-weight: 400; font-family: arial, helvetica, sans-serif;\">Em maio, <a href=\"https:\/\/www.cambe.pr.gov.br\/index.php\/cambe-tem-plano-de-acao-aprovado-e-vai-receber-mais-de-r-3-milhoes-para-a-cultura-atraves-da-pnab\/\" target=\"_blank\" rel=\"noopener\"><strong>Camb\u00e9 teve seu plano de a\u00e7\u00e3o da PNAB aprovado<\/strong><\/a> pelo Minist\u00e9rio da Cultura. Com isso, o munic\u00edpio vai receber R$ 3.071.786,92 ao longo dos pr\u00f3ximos quatro anos. O recurso ser\u00e1 destinado ao fortalecimento do setor cultural local por meio de editais p\u00fablicos e a\u00e7\u00f5es de fomento.<\/span><\/p>\n<p style=\"text-align: justify;\"><span style=\"font-weight: 400; font-family: arial, helvetica, sans-serif;\">O primeiro ciclo \u00e9 do valor de R$ 767.946,73, e segundo discuss\u00f5es e escuta p\u00fablica feitas pela comiss\u00e3o de trabalho do munic\u00edpio, est\u00e3o previstos para serem distribu\u00eddos da seguinte forma:<\/span><\/p>\n<p style=\"text-align: justify;\"><span style=\"font-weight: 400; font-family: arial, helvetica, sans-serif;\"><strong>Cultura Viva (R$191.986,68)<\/strong> &#8211; Linha de subs\u00eddio para Pontos de Cultura. Oferece apoio financeiro para a manuten\u00e7\u00e3o e continuidade de suas atividades.<\/span><\/p>\n<p style=\"text-align: justify;\"><span style=\"font-weight: 400; font-family: arial, helvetica, sans-serif;\"><strong>Cinema itinerante (R$36.000,00)<\/strong> &#8211; Linha de fomento para a exibi\u00e7\u00e3o de filmes em espa\u00e7os p\u00fablicos.<\/span><\/p>\n<p style=\"text-align: justify;\"><span style=\"font-weight: 400; font-family: arial, helvetica, sans-serif;\"><strong>Laborat\u00f3rios (R$200.000,00)<\/strong> &#8211; Linha de fomento para aulas de inicia\u00e7\u00e3o art\u00edstica nas mais diversas linguagens art\u00edsticas.<\/span><\/p>\n<p style=\"text-align: justify;\"><span style=\"font-weight: 400; font-family: arial, helvetica, sans-serif;\"><strong>Livre (R$140.000,00)<\/strong> &#8211;\u00a0 Linha de fomento para produ\u00e7\u00e3o, circula\u00e7\u00e3o e difus\u00e3o cultural nas mais diversas linguagens art\u00edsticas.\u00a0<\/span><\/p>\n<p style=\"text-align: justify;\"><span style=\"font-weight: 400; font-family: arial, helvetica, sans-serif;\"><strong>Atividades perform\u00e1ticas e t\u00e9cnicas (R$46.000,00)<\/strong> &#8211; Linha de fomento para performances, exibi\u00e7\u00f5es e atividades t\u00e9cnicas nas mais diversas linguagens art\u00edsticas.<\/span><\/p>\n<p style=\"text-align: justify;\"><span style=\"font-weight: 400; font-family: arial, helvetica, sans-serif;\"><strong>Hist\u00f3ria e territ\u00f3rio (R$31.000,00)<\/strong> &#8211; Linha de fomento \u00e0 pesquisa hist\u00f3rica e \u00e0 produ\u00e7\u00e3o de e-books sobre os territ\u00f3rios de Camb\u00e9, visando o registro e a preserva\u00e7\u00e3o da mem\u00f3ria local.<\/span><\/p>\n<p style=\"text-align: justify;\"><span style=\"font-weight: 400; font-family: arial, helvetica, sans-serif;\"><strong>INFRACultura (R$76.794,67)<\/strong> &#8211; Melhorias e aquisi\u00e7\u00f5es de equipamentos para o Centro Cultural.<\/span><\/p>\n<p style=\"text-align: justify;\"><span style=\"font-weight: 400; font-family: arial, helvetica, sans-serif;\"><strong>Qualifica\u00e7\u00e3o de gestores (R$7.768,05)<\/strong> &#8211; Forma\u00e7\u00e3o em Gest\u00e3o P\u00fablica para Servidores Municipais.<\/span><\/p>\n<p style=\"text-align: justify;\"><span style=\"font-weight: 400; font-family: arial, helvetica, sans-serif;\"><strong>Operacionaliza\u00e7\u00e3o (R$38.397,33)<\/strong> &#8211; Conforme a legisla\u00e7\u00e3o que regulamenta a PNAB, at\u00e9 5\u202f% dos recursos podem ser destinados \u00e0 gest\u00e3o e \u00e0 operacionaliza\u00e7\u00e3o do programa. Esse montante cobre custos administrativos, contrata\u00e7\u00e3o de entidades parceiras, log\u00edstica e demais despesas necess\u00e1rias para viabilizar as a\u00e7\u00f5es previstas.<\/span><\/p>\n","protected":false},"excerpt":{"rendered":"<p>A Prefeitura de Camb\u00e9, por meio da Secretaria Municipal de Educa\u00e7\u00e3o e Cultura, e em parceria com o Conselho Municipal de Cultura, abriu uma consulta p\u00fablica para o segundo ciclo da Pol\u00edtica Nacional Aldir Blanc (PNAB). O objetivo \u00e9 coletar sugest\u00f5es e coment\u00e1rios da comunidade cultural sobre as propostas de linhas de fomento que ser\u00e3o [&hellip;]<\/p>\n","protected":false},"author":16,"featured_media":0,"comment_status":"closed","ping_status":"closed","sticky":false,"template":"","format":"standard","meta":{"ngg_post_thumbnail":0,"footnotes":""},"categories":[1],"tags":[],"class_list":["post-17626","post","type-post","status-publish","format-standard","hentry","category-principal"],"yoast_head":"<!-- This site is optimized with the Yoast SEO plugin v27.4 - https:\/\/yoast.com\/product\/yoast-seo-wordpress\/ -->\n<title>Prefeitura lan\u00e7a consulta p\u00fablica do plano de a\u00e7\u00e3o da Pol\u00edtica Nacional Aldir Blanc - Prefeitura de Camb\u00e9<\/title>\n<meta name=\"robots\" content=\"index, follow, max-snippet:-1, max-image-preview:large, max-video-preview:-1\" \/>\n<link rel=\"canonical\" href=\"https:\/\/www.cambe.pr.gov.br\/index.php\/prefeitura-lanca-consulta-publica-do-plano-de-acao-da-politica-nacional-aldir-blanc\/\" \/>\n<meta property=\"og:locale\" content=\"pt_BR\" \/>\n<meta property=\"og:type\" content=\"article\" \/>\n<meta property=\"og:title\" content=\"Prefeitura lan\u00e7a consulta p\u00fablica do plano de a\u00e7\u00e3o da Pol\u00edtica Nacional Aldir Blanc - Prefeitura de Camb\u00e9\" \/>\n<meta property=\"og:description\" content=\"A Prefeitura de Camb\u00e9, por meio da Secretaria Municipal de Educa\u00e7\u00e3o e Cultura, e em parceria com o Conselho Municipal de Cultura, abriu uma consulta p\u00fablica para o segundo ciclo da Pol\u00edtica Nacional Aldir Blanc (PNAB). O objetivo \u00e9 coletar sugest\u00f5es e coment\u00e1rios da comunidade cultural sobre as propostas de linhas de fomento que ser\u00e3o [&hellip;]\" \/>\n<meta property=\"og:url\" content=\"https:\/\/www.cambe.pr.gov.br\/index.php\/prefeitura-lanca-consulta-publica-do-plano-de-acao-da-politica-nacional-aldir-blanc\/\" \/>\n<meta property=\"og:site_name\" content=\"Prefeitura de Camb\u00e9\" \/>\n<meta property=\"article:publisher\" content=\"https:\/\/m.facebook.com\/prefeituradecambe\" \/>\n<meta property=\"article:published_time\" content=\"2025-08-26T17:20:06+00:00\" \/>\n<meta property=\"og:image\" content=\"https:\/\/www.cambe.pr.gov.br\/wp-content\/uploads\/2025\/05\/Imagem-do-WhatsApp-de-2025-05-13-as-16.08.16_6e581996.jpg\" \/>\n\t<meta property=\"og:image:width\" content=\"1280\" \/>\n\t<meta property=\"og:image:height\" content=\"960\" \/>\n\t<meta property=\"og:image:type\" content=\"image\/jpeg\" \/>\n<meta name=\"author\" content=\"Vinicius Augusto Batista Eira\" \/>\n<meta name=\"twitter:card\" content=\"summary_large_image\" \/>\n<meta name=\"twitter:label1\" content=\"Escrito por\" \/>\n\t<meta name=\"twitter:data1\" content=\"Vinicius Augusto Batista Eira\" \/>\n\t<meta name=\"twitter:label2\" content=\"Est. tempo de leitura\" \/>\n\t<meta name=\"twitter:data2\" content=\"4 minutos\" \/>\n<script type=\"application\/ld+json\" class=\"yoast-schema-graph\">{\"@context\":\"https:\\\/\\\/schema.org\",\"@graph\":[{\"@type\":\"Article\",\"@id\":\"https:\\\/\\\/www.cambe.pr.gov.br\\\/index.php\\\/prefeitura-lanca-consulta-publica-do-plano-de-acao-da-politica-nacional-aldir-blanc\\\/#article\",\"isPartOf\":{\"@id\":\"https:\\\/\\\/www.cambe.pr.gov.br\\\/index.php\\\/prefeitura-lanca-consulta-publica-do-plano-de-acao-da-politica-nacional-aldir-blanc\\\/\"},\"author\":{\"name\":\"Vinicius Augusto Batista Eira\",\"@id\":\"https:\\\/\\\/www.cambe.pr.gov.br\\\/#\\\/schema\\\/person\\\/8e3ee69cb2cadf4b9f8377407227effd\"},\"headline\":\"Prefeitura lan\u00e7a consulta p\u00fablica do plano de a\u00e7\u00e3o da Pol\u00edtica Nacional Aldir Blanc\",\"datePublished\":\"2025-08-26T17:20:06+00:00\",\"mainEntityOfPage\":{\"@id\":\"https:\\\/\\\/www.cambe.pr.gov.br\\\/index.php\\\/prefeitura-lanca-consulta-publica-do-plano-de-acao-da-politica-nacional-aldir-blanc\\\/\"},\"wordCount\":602,\"publisher\":{\"@id\":\"https:\\\/\\\/www.cambe.pr.gov.br\\\/#organization\"},\"image\":{\"@id\":\"https:\\\/\\\/www.cambe.pr.gov.br\\\/index.php\\\/prefeitura-lanca-consulta-publica-do-plano-de-acao-da-politica-nacional-aldir-blanc\\\/#primaryimage\"},\"thumbnailUrl\":\"https:\\\/\\\/www.cambe.pr.gov.br\\\/wp-content\\\/uploads\\\/2025\\\/05\\\/Imagem-do-WhatsApp-de-2025-05-13-as-16.08.16_6e581996-1024x768.jpg\",\"articleSection\":[\"Principal\"],\"inLanguage\":\"pt-BR\"},{\"@type\":\"WebPage\",\"@id\":\"https:\\\/\\\/www.cambe.pr.gov.br\\\/index.php\\\/prefeitura-lanca-consulta-publica-do-plano-de-acao-da-politica-nacional-aldir-blanc\\\/\",\"url\":\"https:\\\/\\\/www.cambe.pr.gov.br\\\/index.php\\\/prefeitura-lanca-consulta-publica-do-plano-de-acao-da-politica-nacional-aldir-blanc\\\/\",\"name\":\"Prefeitura lan\u00e7a consulta p\u00fablica do plano de a\u00e7\u00e3o da Pol\u00edtica Nacional Aldir Blanc - Prefeitura de Camb\u00e9\",\"isPartOf\":{\"@id\":\"https:\\\/\\\/www.cambe.pr.gov.br\\\/#website\"},\"primaryImageOfPage\":{\"@id\":\"https:\\\/\\\/www.cambe.pr.gov.br\\\/index.php\\\/prefeitura-lanca-consulta-publica-do-plano-de-acao-da-politica-nacional-aldir-blanc\\\/#primaryimage\"},\"image\":{\"@id\":\"https:\\\/\\\/www.cambe.pr.gov.br\\\/index.php\\\/prefeitura-lanca-consulta-publica-do-plano-de-acao-da-politica-nacional-aldir-blanc\\\/#primaryimage\"},\"thumbnailUrl\":\"https:\\\/\\\/www.cambe.pr.gov.br\\\/wp-content\\\/uploads\\\/2025\\\/05\\\/Imagem-do-WhatsApp-de-2025-05-13-as-16.08.16_6e581996-1024x768.jpg\",\"datePublished\":\"2025-08-26T17:20:06+00:00\",\"breadcrumb\":{\"@id\":\"https:\\\/\\\/www.cambe.pr.gov.br\\\/index.php\\\/prefeitura-lanca-consulta-publica-do-plano-de-acao-da-politica-nacional-aldir-blanc\\\/#breadcrumb\"},\"inLanguage\":\"pt-BR\",\"potentialAction\":[{\"@type\":\"ReadAction\",\"target\":[\"https:\\\/\\\/www.cambe.pr.gov.br\\\/index.php\\\/prefeitura-lanca-consulta-publica-do-plano-de-acao-da-politica-nacional-aldir-blanc\\\/\"]}]},{\"@type\":\"ImageObject\",\"inLanguage\":\"pt-BR\",\"@id\":\"https:\\\/\\\/www.cambe.pr.gov.br\\\/index.php\\\/prefeitura-lanca-consulta-publica-do-plano-de-acao-da-politica-nacional-aldir-blanc\\\/#primaryimage\",\"url\":\"https:\\\/\\\/www.cambe.pr.gov.br\\\/wp-content\\\/uploads\\\/2025\\\/05\\\/Imagem-do-WhatsApp-de-2025-05-13-as-16.08.16_6e581996.jpg\",\"contentUrl\":\"https:\\\/\\\/www.cambe.pr.gov.br\\\/wp-content\\\/uploads\\\/2025\\\/05\\\/Imagem-do-WhatsApp-de-2025-05-13-as-16.08.16_6e581996.jpg\",\"width\":1280,\"height\":960},{\"@type\":\"BreadcrumbList\",\"@id\":\"https:\\\/\\\/www.cambe.pr.gov.br\\\/index.php\\\/prefeitura-lanca-consulta-publica-do-plano-de-acao-da-politica-nacional-aldir-blanc\\\/#breadcrumb\",\"itemListElement\":[{\"@type\":\"ListItem\",\"position\":1,\"name\":\"In\u00edcio\",\"item\":\"https:\\\/\\\/www.cambe.pr.gov.br\\\/\"},{\"@type\":\"ListItem\",\"position\":2,\"name\":\"Prefeitura lan\u00e7a consulta p\u00fablica do plano de a\u00e7\u00e3o da Pol\u00edtica Nacional Aldir Blanc\"}]},{\"@type\":\"WebSite\",\"@id\":\"https:\\\/\\\/www.cambe.pr.gov.br\\\/#website\",\"url\":\"https:\\\/\\\/www.cambe.pr.gov.br\\\/\",\"name\":\"Prefeitura de Camb\u00e9\",\"description\":\"UM GOVERNO PARA TODOS\",\"publisher\":{\"@id\":\"https:\\\/\\\/www.cambe.pr.gov.br\\\/#organization\"},\"potentialAction\":[{\"@type\":\"SearchAction\",\"target\":{\"@type\":\"EntryPoint\",\"urlTemplate\":\"https:\\\/\\\/www.cambe.pr.gov.br\\\/?s={search_term_string}\"},\"query-input\":{\"@type\":\"PropertyValueSpecification\",\"valueRequired\":true,\"valueName\":\"search_term_string\"}}],\"inLanguage\":\"pt-BR\"},{\"@type\":\"Organization\",\"@id\":\"https:\\\/\\\/www.cambe.pr.gov.br\\\/#organization\",\"name\":\"Prefeitura de Camb\u00e9\",\"url\":\"https:\\\/\\\/www.cambe.pr.gov.br\\\/\",\"logo\":{\"@type\":\"ImageObject\",\"inLanguage\":\"pt-BR\",\"@id\":\"https:\\\/\\\/www.cambe.pr.gov.br\\\/#\\\/schema\\\/logo\\\/image\\\/\",\"url\":\"https:\\\/\\\/www.cambe.pr.gov.br\\\/wp-content\\\/uploads\\\/2021\\\/01\\\/cropped-cropped-cambe_brazao-icone.png\",\"contentUrl\":\"https:\\\/\\\/www.cambe.pr.gov.br\\\/wp-content\\\/uploads\\\/2021\\\/01\\\/cropped-cropped-cambe_brazao-icone.png\",\"width\":240,\"height\":240,\"caption\":\"Prefeitura de Camb\u00e9\"},\"image\":{\"@id\":\"https:\\\/\\\/www.cambe.pr.gov.br\\\/#\\\/schema\\\/logo\\\/image\\\/\"},\"sameAs\":[\"https:\\\/\\\/m.facebook.com\\\/prefeituradecambe\"]},{\"@type\":\"Person\",\"@id\":\"https:\\\/\\\/www.cambe.pr.gov.br\\\/#\\\/schema\\\/person\\\/8e3ee69cb2cadf4b9f8377407227effd\",\"name\":\"Vinicius Augusto Batista Eira\",\"image\":{\"@type\":\"ImageObject\",\"inLanguage\":\"pt-BR\",\"@id\":\"https:\\\/\\\/secure.gravatar.com\\\/avatar\\\/1ec500de7013b30e1d4d7c8c3978f0e4433c37e5d5e4cd186239369c6440122b?s=96&d=mm&r=g\",\"url\":\"https:\\\/\\\/secure.gravatar.com\\\/avatar\\\/1ec500de7013b30e1d4d7c8c3978f0e4433c37e5d5e4cd186239369c6440122b?s=96&d=mm&r=g\",\"contentUrl\":\"https:\\\/\\\/secure.gravatar.com\\\/avatar\\\/1ec500de7013b30e1d4d7c8c3978f0e4433c37e5d5e4cd186239369c6440122b?s=96&d=mm&r=g\",\"caption\":\"Vinicius Augusto Batista Eira\"},\"url\":\"https:\\\/\\\/www.cambe.pr.gov.br\\\/index.php\\\/author\\\/vabeira\\\/\"}]}<\/script>\n<!-- \/ Yoast SEO plugin. -->","yoast_head_json":{"title":"Prefeitura lan\u00e7a consulta p\u00fablica do plano de a\u00e7\u00e3o da Pol\u00edtica Nacional Aldir Blanc - Prefeitura de Camb\u00e9","robots":{"index":"index","follow":"follow","max-snippet":"max-snippet:-1","max-image-preview":"max-image-preview:large","max-video-preview":"max-video-preview:-1"},"canonical":"https:\/\/www.cambe.pr.gov.br\/index.php\/prefeitura-lanca-consulta-publica-do-plano-de-acao-da-politica-nacional-aldir-blanc\/","og_locale":"pt_BR","og_type":"article","og_title":"Prefeitura lan\u00e7a consulta p\u00fablica do plano de a\u00e7\u00e3o da Pol\u00edtica Nacional Aldir Blanc - Prefeitura de Camb\u00e9","og_description":"A Prefeitura de Camb\u00e9, por meio da Secretaria Municipal de Educa\u00e7\u00e3o e Cultura, e em parceria com o Conselho Municipal de Cultura, abriu uma consulta p\u00fablica para o segundo ciclo da Pol\u00edtica Nacional Aldir Blanc (PNAB). O objetivo \u00e9 coletar sugest\u00f5es e coment\u00e1rios da comunidade cultural sobre as propostas de linhas de fomento que ser\u00e3o [&hellip;]","og_url":"https:\/\/www.cambe.pr.gov.br\/index.php\/prefeitura-lanca-consulta-publica-do-plano-de-acao-da-politica-nacional-aldir-blanc\/","og_site_name":"Prefeitura de Camb\u00e9","article_publisher":"https:\/\/m.facebook.com\/prefeituradecambe","article_published_time":"2025-08-26T17:20:06+00:00","og_image":[{"width":1280,"height":960,"url":"https:\/\/www.cambe.pr.gov.br\/wp-content\/uploads\/2025\/05\/Imagem-do-WhatsApp-de-2025-05-13-as-16.08.16_6e581996.jpg","type":"image\/jpeg"}],"author":"Vinicius Augusto Batista Eira","twitter_card":"summary_large_image","twitter_misc":{"Escrito por":"Vinicius Augusto Batista Eira","Est. tempo de leitura":"4 minutos"},"schema":{"@context":"https:\/\/schema.org","@graph":[{"@type":"Article","@id":"https:\/\/www.cambe.pr.gov.br\/index.php\/prefeitura-lanca-consulta-publica-do-plano-de-acao-da-politica-nacional-aldir-blanc\/#article","isPartOf":{"@id":"https:\/\/www.cambe.pr.gov.br\/index.php\/prefeitura-lanca-consulta-publica-do-plano-de-acao-da-politica-nacional-aldir-blanc\/"},"author":{"name":"Vinicius Augusto Batista Eira","@id":"https:\/\/www.cambe.pr.gov.br\/#\/schema\/person\/8e3ee69cb2cadf4b9f8377407227effd"},"headline":"Prefeitura lan\u00e7a consulta p\u00fablica do plano de a\u00e7\u00e3o da Pol\u00edtica Nacional Aldir Blanc","datePublished":"2025-08-26T17:20:06+00:00","mainEntityOfPage":{"@id":"https:\/\/www.cambe.pr.gov.br\/index.php\/prefeitura-lanca-consulta-publica-do-plano-de-acao-da-politica-nacional-aldir-blanc\/"},"wordCount":602,"publisher":{"@id":"https:\/\/www.cambe.pr.gov.br\/#organization"},"image":{"@id":"https:\/\/www.cambe.pr.gov.br\/index.php\/prefeitura-lanca-consulta-publica-do-plano-de-acao-da-politica-nacional-aldir-blanc\/#primaryimage"},"thumbnailUrl":"https:\/\/www.cambe.pr.gov.br\/wp-content\/uploads\/2025\/05\/Imagem-do-WhatsApp-de-2025-05-13-as-16.08.16_6e581996-1024x768.jpg","articleSection":["Principal"],"inLanguage":"pt-BR"},{"@type":"WebPage","@id":"https:\/\/www.cambe.pr.gov.br\/index.php\/prefeitura-lanca-consulta-publica-do-plano-de-acao-da-politica-nacional-aldir-blanc\/","url":"https:\/\/www.cambe.pr.gov.br\/index.php\/prefeitura-lanca-consulta-publica-do-plano-de-acao-da-politica-nacional-aldir-blanc\/","name":"Prefeitura lan\u00e7a consulta p\u00fablica do plano de a\u00e7\u00e3o da Pol\u00edtica Nacional Aldir Blanc - Prefeitura de Camb\u00e9","isPartOf":{"@id":"https:\/\/www.cambe.pr.gov.br\/#website"},"primaryImageOfPage":{"@id":"https:\/\/www.cambe.pr.gov.br\/index.php\/prefeitura-lanca-consulta-publica-do-plano-de-acao-da-politica-nacional-aldir-blanc\/#primaryimage"},"image":{"@id":"https:\/\/www.cambe.pr.gov.br\/index.php\/prefeitura-lanca-consulta-publica-do-plano-de-acao-da-politica-nacional-aldir-blanc\/#primaryimage"},"thumbnailUrl":"https:\/\/www.cambe.pr.gov.br\/wp-content\/uploads\/2025\/05\/Imagem-do-WhatsApp-de-2025-05-13-as-16.08.16_6e581996-1024x768.jpg","datePublished":"2025-08-26T17:20:06+00:00","breadcrumb":{"@id":"https:\/\/www.cambe.pr.gov.br\/index.php\/prefeitura-lanca-consulta-publica-do-plano-de-acao-da-politica-nacional-aldir-blanc\/#breadcrumb"},"inLanguage":"pt-BR","potentialAction":[{"@type":"ReadAction","target":["https:\/\/www.cambe.pr.gov.br\/index.php\/prefeitura-lanca-consulta-publica-do-plano-de-acao-da-politica-nacional-aldir-blanc\/"]}]},{"@type":"ImageObject","inLanguage":"pt-BR","@id":"https:\/\/www.cambe.pr.gov.br\/index.php\/prefeitura-lanca-consulta-publica-do-plano-de-acao-da-politica-nacional-aldir-blanc\/#primaryimage","url":"https:\/\/www.cambe.pr.gov.br\/wp-content\/uploads\/2025\/05\/Imagem-do-WhatsApp-de-2025-05-13-as-16.08.16_6e581996.jpg","contentUrl":"https:\/\/www.cambe.pr.gov.br\/wp-content\/uploads\/2025\/05\/Imagem-do-WhatsApp-de-2025-05-13-as-16.08.16_6e581996.jpg","width":1280,"height":960},{"@type":"BreadcrumbList","@id":"https:\/\/www.cambe.pr.gov.br\/index.php\/prefeitura-lanca-consulta-publica-do-plano-de-acao-da-politica-nacional-aldir-blanc\/#breadcrumb","itemListElement":[{"@type":"ListItem","position":1,"name":"In\u00edcio","item":"https:\/\/www.cambe.pr.gov.br\/"},{"@type":"ListItem","position":2,"name":"Prefeitura lan\u00e7a consulta p\u00fablica do plano de a\u00e7\u00e3o da Pol\u00edtica Nacional Aldir Blanc"}]},{"@type":"WebSite","@id":"https:\/\/www.cambe.pr.gov.br\/#website","url":"https:\/\/www.cambe.pr.gov.br\/","name":"Prefeitura de Camb\u00e9","description":"UM GOVERNO PARA TODOS","publisher":{"@id":"https:\/\/www.cambe.pr.gov.br\/#organization"},"potentialAction":[{"@type":"SearchAction","target":{"@type":"EntryPoint","urlTemplate":"https:\/\/www.cambe.pr.gov.br\/?s={search_term_string}"},"query-input":{"@type":"PropertyValueSpecification","valueRequired":true,"valueName":"search_term_string"}}],"inLanguage":"pt-BR"},{"@type":"Organization","@id":"https:\/\/www.cambe.pr.gov.br\/#organization","name":"Prefeitura de Camb\u00e9","url":"https:\/\/www.cambe.pr.gov.br\/","logo":{"@type":"ImageObject","inLanguage":"pt-BR","@id":"https:\/\/www.cambe.pr.gov.br\/#\/schema\/logo\/image\/","url":"https:\/\/www.cambe.pr.gov.br\/wp-content\/uploads\/2021\/01\/cropped-cropped-cambe_brazao-icone.png","contentUrl":"https:\/\/www.cambe.pr.gov.br\/wp-content\/uploads\/2021\/01\/cropped-cropped-cambe_brazao-icone.png","width":240,"height":240,"caption":"Prefeitura de Camb\u00e9"},"image":{"@id":"https:\/\/www.cambe.pr.gov.br\/#\/schema\/logo\/image\/"},"sameAs":["https:\/\/m.facebook.com\/prefeituradecambe"]},{"@type":"Person","@id":"https:\/\/www.cambe.pr.gov.br\/#\/schema\/person\/8e3ee69cb2cadf4b9f8377407227effd","name":"Vinicius Augusto Batista Eira","image":{"@type":"ImageObject","inLanguage":"pt-BR","@id":"https:\/\/secure.gravatar.com\/avatar\/1ec500de7013b30e1d4d7c8c3978f0e4433c37e5d5e4cd186239369c6440122b?s=96&d=mm&r=g","url":"https:\/\/secure.gravatar.com\/avatar\/1ec500de7013b30e1d4d7c8c3978f0e4433c37e5d5e4cd186239369c6440122b?s=96&d=mm&r=g","contentUrl":"https:\/\/secure.gravatar.com\/avatar\/1ec500de7013b30e1d4d7c8c3978f0e4433c37e5d5e4cd186239369c6440122b?s=96&d=mm&r=g","caption":"Vinicius Augusto Batista Eira"},"url":"https:\/\/www.cambe.pr.gov.br\/index.php\/author\/vabeira\/"}]}},"_links":{"self":[{"href":"https:\/\/www.cambe.pr.gov.br\/index.php\/wp-json\/wp\/v2\/posts\/17626","targetHints":{"allow":["GET"]}}],"collection":[{"href":"https:\/\/www.cambe.pr.gov.br\/index.php\/wp-json\/wp\/v2\/posts"}],"about":[{"href":"https:\/\/www.cambe.pr.gov.br\/index.php\/wp-json\/wp\/v2\/types\/post"}],"author":[{"embeddable":true,"href":"https:\/\/www.cambe.pr.gov.br\/index.php\/wp-json\/wp\/v2\/users\/16"}],"replies":[{"embeddable":true,"href":"https:\/\/www.cambe.pr.gov.br\/index.php\/wp-json\/wp\/v2\/comments?post=17626"}],"version-history":[{"count":2,"href":"https:\/\/www.cambe.pr.gov.br\/index.php\/wp-json\/wp\/v2\/posts\/17626\/revisions"}],"predecessor-version":[{"id":17628,"href":"https:\/\/www.cambe.pr.gov.br\/index.php\/wp-json\/wp\/v2\/posts\/17626\/revisions\/17628"}],"wp:attachment":[{"href":"https:\/\/www.cambe.pr.gov.br\/index.php\/wp-json\/wp\/v2\/media?parent=17626"}],"wp:term":[{"taxonomy":"category","embeddable":true,"href":"https:\/\/www.cambe.pr.gov.br\/index.php\/wp-json\/wp\/v2\/categories?post=17626"},{"taxonomy":"post_tag","embeddable":true,"href":"https:\/\/www.cambe.pr.gov.br\/index.php\/wp-json\/wp\/v2\/tags?post=17626"}],"curies":[{"name":"wp","href":"https:\/\/api.w.org\/{rel}","templated":true}]}}