{"id":17622,"date":"2025-08-26T11:33:48","date_gmt":"2025-08-26T14:33:48","guid":{"rendered":"https:\/\/www.cambe.pr.gov.br\/?p=17622"},"modified":"2025-08-26T11:33:48","modified_gmt":"2025-08-26T14:33:48","slug":"cambe-sedia-evento-gratuito-de-manejo-e-conservacao-do-solo-na-proxima-semana","status":"publish","type":"post","link":"https:\/\/www.cambe.pr.gov.br\/index.php\/cambe-sedia-evento-gratuito-de-manejo-e-conservacao-do-solo-na-proxima-semana\/","title":{"rendered":"Camb\u00e9 sedia evento gratuito de manejo e conserva\u00e7\u00e3o do solo na pr\u00f3xima semana"},"content":{"rendered":"<p style=\"text-align: justify;\"><span style=\"font-weight: 400; font-family: arial, helvetica, sans-serif;\"><img fetchpriority=\"high\" decoding=\"async\" class=\"alignleft size-large wp-image-17623\" src=\"https:\/\/www.cambe.pr.gov.br\/wp-content\/uploads\/2025\/08\/WhatsApp-Image-2025-08-26-at-09.59.51-1024x1024.jpeg\" alt=\"\" width=\"610\" height=\"610\" srcset=\"https:\/\/www.cambe.pr.gov.br\/wp-content\/uploads\/2025\/08\/WhatsApp-Image-2025-08-26-at-09.59.51-1024x1024.jpeg 1024w, https:\/\/www.cambe.pr.gov.br\/wp-content\/uploads\/2025\/08\/WhatsApp-Image-2025-08-26-at-09.59.51-300x300.jpeg 300w, https:\/\/www.cambe.pr.gov.br\/wp-content\/uploads\/2025\/08\/WhatsApp-Image-2025-08-26-at-09.59.51-150x150.jpeg 150w, https:\/\/www.cambe.pr.gov.br\/wp-content\/uploads\/2025\/08\/WhatsApp-Image-2025-08-26-at-09.59.51-768x768.jpeg 768w, https:\/\/www.cambe.pr.gov.br\/wp-content\/uploads\/2025\/08\/WhatsApp-Image-2025-08-26-at-09.59.51-50x50.jpeg 50w, https:\/\/www.cambe.pr.gov.br\/wp-content\/uploads\/2025\/08\/WhatsApp-Image-2025-08-26-at-09.59.51-80x80.jpeg 80w, https:\/\/www.cambe.pr.gov.br\/wp-content\/uploads\/2025\/08\/WhatsApp-Image-2025-08-26-at-09.59.51.jpeg 1280w\" sizes=\"(max-width: 610px) 100vw, 610px\" \/>Para garantir solu\u00e7\u00f5es que podem aumentar a produtividade, preservar o solo e garantir a sustentabilidade da sua propriedade, Camb\u00e9 sedia na pr\u00f3xima ter\u00e7a-feira (2\/9) o evento Dia de Campo de Solos de Camb\u00e9. Essa \u00e9 uma iniciativa do Sistema FAEP, atrav\u00e9s do PROSOLO, que trar\u00e1 especialistas para demonstra\u00e7\u00f5es pr\u00e1ticas de manejo e conserva\u00e7\u00e3o do solo e da \u00e1gua em esta\u00e7\u00f5es tem\u00e1ticas. O Dia de Solo tem apoio da Prefeitura por meio da Secretaria Municipal de Agricultura e Meio Ambiente.<\/span><\/p>\n<p style=\"text-align: justify;\"><span style=\"font-weight: 400; font-family: arial, helvetica, sans-serif;\">O evento \u00e9 gratuito, voltado para produtores rurais e t\u00e9cnicos, com in\u00edcio \u00e0s 7h45, na Megaparcela Experimental de Camb\u00e9 &#8211; PR-455 Camb\u00e9, entre os quil\u00f4metros 96 e 97. Confira a localiza\u00e7\u00e3o <a href=\"https:\/\/maps.app.goo.gl\/Fxw3VQQQXmXJbS3F9\" target=\"_blank\" rel=\"noopener\"><strong>neste link<\/strong><\/a>. J\u00e1 a inscri\u00e7\u00e3o pode ser feita <a href=\"https:\/\/forms.office.com\/r\/G3mLjL8JMa\" target=\"_blank\" rel=\"noopener\"><strong>clicando aqui<\/strong><\/a>.<\/span><\/p>\n<p style=\"text-align: justify;\"><span style=\"font-weight: 400; font-family: arial, helvetica, sans-serif;\">Segundo a organiza\u00e7\u00e3o do evento, o manejo e conserva\u00e7\u00e3o de solos e \u00e1guas s\u00e3o um conjunto de pr\u00e1ticas que visam preservar as qualidades do solo e a manuten\u00e7\u00e3o e\/ou aumento das produtividades. Isso ocorre atrav\u00e9s do aumento da infiltra\u00e7\u00e3o e reten\u00e7\u00e3o de \u00e1guas das chuvas, diminui\u00e7\u00e3o da eros\u00e3o e compacta\u00e7\u00e3o dos solos.<\/span><\/p>\n<p style=\"text-align: justify;\"><span style=\"font-weight: 400; font-family: arial, helvetica, sans-serif;\">\u201cO Paran\u00e1 j\u00e1 foi exemplo de conserva\u00e7\u00e3o de solos, em d\u00e9cadas passadas, praticamente todas as \u00e1reas agr\u00edcolas possu\u00edam terra\u00e7os bem dimensionados. A realidade mudou nos \u00faltimos anos e a eros\u00e3o do solo voltou a ser um problema em parte das lavouras. Nesse Dia de Campo, ser\u00e3o discutidos resultados de pesquisa e pr\u00e1ticas que visam melhorar a conserva\u00e7\u00e3o de solos e \u00e1guas em nosso munic\u00edpio e regi\u00e3o\u201d, explicou o gerente regional de Londrina\/IDR Paran\u00e1, Renan Barzan.<\/span><\/p>\n<p style=\"text-align: justify;\"><span style=\"font-weight: 400; font-family: arial, helvetica, sans-serif;\">O evento ser\u00e1 promovido pelo NAPI PROSOLO, com realiza\u00e7\u00e3o do Sistema FAEP\/SENAR e IDR-Paran\u00e1, e tem apoio da FETAEP, Sistema Estadual de Agricultura, OCEPAR e Secretaria Municipal de Agricultura e Meio Ambiente de Camb\u00e9.<\/span><\/p>\n","protected":false},"excerpt":{"rendered":"<p>Para garantir solu\u00e7\u00f5es que podem aumentar a produtividade, preservar o solo e garantir a sustentabilidade da sua propriedade, Camb\u00e9 sedia na pr\u00f3xima ter\u00e7a-feira (2\/9) o evento Dia de Campo de Solos de Camb\u00e9. Essa \u00e9 uma iniciativa do Sistema FAEP, atrav\u00e9s do PROSOLO, que trar\u00e1 especialistas para demonstra\u00e7\u00f5es pr\u00e1ticas de manejo e conserva\u00e7\u00e3o do solo [&hellip;]<\/p>\n","protected":false},"author":16,"featured_media":0,"comment_status":"closed","ping_status":"closed","sticky":false,"template":"","format":"standard","meta":{"ngg_post_thumbnail":0,"footnotes":""},"categories":[1],"tags":[],"class_list":["post-17622","post","type-post","status-publish","format-standard","hentry","category-principal"],"yoast_head":"<!-- This site is optimized with the Yoast SEO plugin v27.4 - https:\/\/yoast.com\/product\/yoast-seo-wordpress\/ -->\n<title>Camb\u00e9 sedia evento gratuito de manejo e conserva\u00e7\u00e3o do solo na pr\u00f3xima semana - Prefeitura de Camb\u00e9<\/title>\n<meta name=\"robots\" content=\"index, follow, max-snippet:-1, max-image-preview:large, max-video-preview:-1\" \/>\n<link rel=\"canonical\" href=\"https:\/\/www.cambe.pr.gov.br\/index.php\/cambe-sedia-evento-gratuito-de-manejo-e-conservacao-do-solo-na-proxima-semana\/\" \/>\n<meta property=\"og:locale\" content=\"pt_BR\" \/>\n<meta property=\"og:type\" content=\"article\" \/>\n<meta property=\"og:title\" content=\"Camb\u00e9 sedia evento gratuito de manejo e conserva\u00e7\u00e3o do solo na pr\u00f3xima semana - Prefeitura de Camb\u00e9\" \/>\n<meta property=\"og:description\" content=\"Para garantir solu\u00e7\u00f5es que podem aumentar a produtividade, preservar o solo e garantir a sustentabilidade da sua propriedade, Camb\u00e9 sedia na pr\u00f3xima ter\u00e7a-feira (2\/9) o evento Dia de Campo de Solos de Camb\u00e9. Essa \u00e9 uma iniciativa do Sistema FAEP, atrav\u00e9s do PROSOLO, que trar\u00e1 especialistas para demonstra\u00e7\u00f5es pr\u00e1ticas de manejo e conserva\u00e7\u00e3o do solo [&hellip;]\" \/>\n<meta property=\"og:url\" content=\"https:\/\/www.cambe.pr.gov.br\/index.php\/cambe-sedia-evento-gratuito-de-manejo-e-conservacao-do-solo-na-proxima-semana\/\" \/>\n<meta property=\"og:site_name\" content=\"Prefeitura de Camb\u00e9\" \/>\n<meta property=\"article:publisher\" content=\"https:\/\/m.facebook.com\/prefeituradecambe\" \/>\n<meta property=\"article:published_time\" content=\"2025-08-26T14:33:48+00:00\" \/>\n<meta property=\"og:image\" content=\"https:\/\/www.cambe.pr.gov.br\/wp-content\/uploads\/2025\/08\/WhatsApp-Image-2025-08-26-at-09.59.51.jpeg\" \/>\n\t<meta property=\"og:image:width\" content=\"1280\" \/>\n\t<meta property=\"og:image:height\" content=\"1280\" \/>\n\t<meta property=\"og:image:type\" content=\"image\/jpeg\" \/>\n<meta name=\"author\" content=\"Vinicius Augusto Batista Eira\" \/>\n<meta name=\"twitter:card\" content=\"summary_large_image\" \/>\n<meta name=\"twitter:label1\" content=\"Escrito por\" \/>\n\t<meta name=\"twitter:data1\" content=\"Vinicius Augusto Batista Eira\" \/>\n\t<meta name=\"twitter:label2\" content=\"Est. tempo de leitura\" \/>\n\t<meta name=\"twitter:data2\" content=\"2 minutos\" \/>\n<script type=\"application\/ld+json\" class=\"yoast-schema-graph\">{\"@context\":\"https:\\\/\\\/schema.org\",\"@graph\":[{\"@type\":\"Article\",\"@id\":\"https:\\\/\\\/www.cambe.pr.gov.br\\\/index.php\\\/cambe-sedia-evento-gratuito-de-manejo-e-conservacao-do-solo-na-proxima-semana\\\/#article\",\"isPartOf\":{\"@id\":\"https:\\\/\\\/www.cambe.pr.gov.br\\\/index.php\\\/cambe-sedia-evento-gratuito-de-manejo-e-conservacao-do-solo-na-proxima-semana\\\/\"},\"author\":{\"name\":\"Vinicius Augusto Batista Eira\",\"@id\":\"https:\\\/\\\/www.cambe.pr.gov.br\\\/#\\\/schema\\\/person\\\/8e3ee69cb2cadf4b9f8377407227effd\"},\"headline\":\"Camb\u00e9 sedia evento gratuito de manejo e conserva\u00e7\u00e3o do solo na pr\u00f3xima semana\",\"datePublished\":\"2025-08-26T14:33:48+00:00\",\"mainEntityOfPage\":{\"@id\":\"https:\\\/\\\/www.cambe.pr.gov.br\\\/index.php\\\/cambe-sedia-evento-gratuito-de-manejo-e-conservacao-do-solo-na-proxima-semana\\\/\"},\"wordCount\":331,\"publisher\":{\"@id\":\"https:\\\/\\\/www.cambe.pr.gov.br\\\/#organization\"},\"image\":{\"@id\":\"https:\\\/\\\/www.cambe.pr.gov.br\\\/index.php\\\/cambe-sedia-evento-gratuito-de-manejo-e-conservacao-do-solo-na-proxima-semana\\\/#primaryimage\"},\"thumbnailUrl\":\"https:\\\/\\\/www.cambe.pr.gov.br\\\/wp-content\\\/uploads\\\/2025\\\/08\\\/WhatsApp-Image-2025-08-26-at-09.59.51-1024x1024.jpeg\",\"articleSection\":[\"Principal\"],\"inLanguage\":\"pt-BR\"},{\"@type\":\"WebPage\",\"@id\":\"https:\\\/\\\/www.cambe.pr.gov.br\\\/index.php\\\/cambe-sedia-evento-gratuito-de-manejo-e-conservacao-do-solo-na-proxima-semana\\\/\",\"url\":\"https:\\\/\\\/www.cambe.pr.gov.br\\\/index.php\\\/cambe-sedia-evento-gratuito-de-manejo-e-conservacao-do-solo-na-proxima-semana\\\/\",\"name\":\"Camb\u00e9 sedia evento gratuito de manejo e conserva\u00e7\u00e3o do solo na pr\u00f3xima semana - Prefeitura de Camb\u00e9\",\"isPartOf\":{\"@id\":\"https:\\\/\\\/www.cambe.pr.gov.br\\\/#website\"},\"primaryImageOfPage\":{\"@id\":\"https:\\\/\\\/www.cambe.pr.gov.br\\\/index.php\\\/cambe-sedia-evento-gratuito-de-manejo-e-conservacao-do-solo-na-proxima-semana\\\/#primaryimage\"},\"image\":{\"@id\":\"https:\\\/\\\/www.cambe.pr.gov.br\\\/index.php\\\/cambe-sedia-evento-gratuito-de-manejo-e-conservacao-do-solo-na-proxima-semana\\\/#primaryimage\"},\"thumbnailUrl\":\"https:\\\/\\\/www.cambe.pr.gov.br\\\/wp-content\\\/uploads\\\/2025\\\/08\\\/WhatsApp-Image-2025-08-26-at-09.59.51-1024x1024.jpeg\",\"datePublished\":\"2025-08-26T14:33:48+00:00\",\"breadcrumb\":{\"@id\":\"https:\\\/\\\/www.cambe.pr.gov.br\\\/index.php\\\/cambe-sedia-evento-gratuito-de-manejo-e-conservacao-do-solo-na-proxima-semana\\\/#breadcrumb\"},\"inLanguage\":\"pt-BR\",\"potentialAction\":[{\"@type\":\"ReadAction\",\"target\":[\"https:\\\/\\\/www.cambe.pr.gov.br\\\/index.php\\\/cambe-sedia-evento-gratuito-de-manejo-e-conservacao-do-solo-na-proxima-semana\\\/\"]}]},{\"@type\":\"ImageObject\",\"inLanguage\":\"pt-BR\",\"@id\":\"https:\\\/\\\/www.cambe.pr.gov.br\\\/index.php\\\/cambe-sedia-evento-gratuito-de-manejo-e-conservacao-do-solo-na-proxima-semana\\\/#primaryimage\",\"url\":\"https:\\\/\\\/www.cambe.pr.gov.br\\\/wp-content\\\/uploads\\\/2025\\\/08\\\/WhatsApp-Image-2025-08-26-at-09.59.51.jpeg\",\"contentUrl\":\"https:\\\/\\\/www.cambe.pr.gov.br\\\/wp-content\\\/uploads\\\/2025\\\/08\\\/WhatsApp-Image-2025-08-26-at-09.59.51.jpeg\",\"width\":1280,\"height\":1280},{\"@type\":\"BreadcrumbList\",\"@id\":\"https:\\\/\\\/www.cambe.pr.gov.br\\\/index.php\\\/cambe-sedia-evento-gratuito-de-manejo-e-conservacao-do-solo-na-proxima-semana\\\/#breadcrumb\",\"itemListElement\":[{\"@type\":\"ListItem\",\"position\":1,\"name\":\"In\u00edcio\",\"item\":\"https:\\\/\\\/www.cambe.pr.gov.br\\\/\"},{\"@type\":\"ListItem\",\"position\":2,\"name\":\"Camb\u00e9 sedia evento gratuito de manejo e conserva\u00e7\u00e3o do solo na pr\u00f3xima semana\"}]},{\"@type\":\"WebSite\",\"@id\":\"https:\\\/\\\/www.cambe.pr.gov.br\\\/#website\",\"url\":\"https:\\\/\\\/www.cambe.pr.gov.br\\\/\",\"name\":\"Prefeitura de Camb\u00e9\",\"description\":\"UM GOVERNO PARA TODOS\",\"publisher\":{\"@id\":\"https:\\\/\\\/www.cambe.pr.gov.br\\\/#organization\"},\"potentialAction\":[{\"@type\":\"SearchAction\",\"target\":{\"@type\":\"EntryPoint\",\"urlTemplate\":\"https:\\\/\\\/www.cambe.pr.gov.br\\\/?s={search_term_string}\"},\"query-input\":{\"@type\":\"PropertyValueSpecification\",\"valueRequired\":true,\"valueName\":\"search_term_string\"}}],\"inLanguage\":\"pt-BR\"},{\"@type\":\"Organization\",\"@id\":\"https:\\\/\\\/www.cambe.pr.gov.br\\\/#organization\",\"name\":\"Prefeitura de Camb\u00e9\",\"url\":\"https:\\\/\\\/www.cambe.pr.gov.br\\\/\",\"logo\":{\"@type\":\"ImageObject\",\"inLanguage\":\"pt-BR\",\"@id\":\"https:\\\/\\\/www.cambe.pr.gov.br\\\/#\\\/schema\\\/logo\\\/image\\\/\",\"url\":\"https:\\\/\\\/www.cambe.pr.gov.br\\\/wp-content\\\/uploads\\\/2021\\\/01\\\/cropped-cropped-cambe_brazao-icone.png\",\"contentUrl\":\"https:\\\/\\\/www.cambe.pr.gov.br\\\/wp-content\\\/uploads\\\/2021\\\/01\\\/cropped-cropped-cambe_brazao-icone.png\",\"width\":240,\"height\":240,\"caption\":\"Prefeitura de Camb\u00e9\"},\"image\":{\"@id\":\"https:\\\/\\\/www.cambe.pr.gov.br\\\/#\\\/schema\\\/logo\\\/image\\\/\"},\"sameAs\":[\"https:\\\/\\\/m.facebook.com\\\/prefeituradecambe\"]},{\"@type\":\"Person\",\"@id\":\"https:\\\/\\\/www.cambe.pr.gov.br\\\/#\\\/schema\\\/person\\\/8e3ee69cb2cadf4b9f8377407227effd\",\"name\":\"Vinicius Augusto Batista Eira\",\"image\":{\"@type\":\"ImageObject\",\"inLanguage\":\"pt-BR\",\"@id\":\"https:\\\/\\\/secure.gravatar.com\\\/avatar\\\/1ec500de7013b30e1d4d7c8c3978f0e4433c37e5d5e4cd186239369c6440122b?s=96&d=mm&r=g\",\"url\":\"https:\\\/\\\/secure.gravatar.com\\\/avatar\\\/1ec500de7013b30e1d4d7c8c3978f0e4433c37e5d5e4cd186239369c6440122b?s=96&d=mm&r=g\",\"contentUrl\":\"https:\\\/\\\/secure.gravatar.com\\\/avatar\\\/1ec500de7013b30e1d4d7c8c3978f0e4433c37e5d5e4cd186239369c6440122b?s=96&d=mm&r=g\",\"caption\":\"Vinicius Augusto Batista Eira\"},\"url\":\"https:\\\/\\\/www.cambe.pr.gov.br\\\/index.php\\\/author\\\/vabeira\\\/\"}]}<\/script>\n<!-- \/ Yoast SEO plugin. -->","yoast_head_json":{"title":"Camb\u00e9 sedia evento gratuito de manejo e conserva\u00e7\u00e3o do solo na pr\u00f3xima semana - Prefeitura de Camb\u00e9","robots":{"index":"index","follow":"follow","max-snippet":"max-snippet:-1","max-image-preview":"max-image-preview:large","max-video-preview":"max-video-preview:-1"},"canonical":"https:\/\/www.cambe.pr.gov.br\/index.php\/cambe-sedia-evento-gratuito-de-manejo-e-conservacao-do-solo-na-proxima-semana\/","og_locale":"pt_BR","og_type":"article","og_title":"Camb\u00e9 sedia evento gratuito de manejo e conserva\u00e7\u00e3o do solo na pr\u00f3xima semana - Prefeitura de Camb\u00e9","og_description":"Para garantir solu\u00e7\u00f5es que podem aumentar a produtividade, preservar o solo e garantir a sustentabilidade da sua propriedade, Camb\u00e9 sedia na pr\u00f3xima ter\u00e7a-feira (2\/9) o evento Dia de Campo de Solos de Camb\u00e9. Essa \u00e9 uma iniciativa do Sistema FAEP, atrav\u00e9s do PROSOLO, que trar\u00e1 especialistas para demonstra\u00e7\u00f5es pr\u00e1ticas de manejo e conserva\u00e7\u00e3o do solo [&hellip;]","og_url":"https:\/\/www.cambe.pr.gov.br\/index.php\/cambe-sedia-evento-gratuito-de-manejo-e-conservacao-do-solo-na-proxima-semana\/","og_site_name":"Prefeitura de Camb\u00e9","article_publisher":"https:\/\/m.facebook.com\/prefeituradecambe","article_published_time":"2025-08-26T14:33:48+00:00","og_image":[{"width":1280,"height":1280,"url":"https:\/\/www.cambe.pr.gov.br\/wp-content\/uploads\/2025\/08\/WhatsApp-Image-2025-08-26-at-09.59.51.jpeg","type":"image\/jpeg"}],"author":"Vinicius Augusto Batista Eira","twitter_card":"summary_large_image","twitter_misc":{"Escrito por":"Vinicius Augusto Batista Eira","Est. tempo de leitura":"2 minutos"},"schema":{"@context":"https:\/\/schema.org","@graph":[{"@type":"Article","@id":"https:\/\/www.cambe.pr.gov.br\/index.php\/cambe-sedia-evento-gratuito-de-manejo-e-conservacao-do-solo-na-proxima-semana\/#article","isPartOf":{"@id":"https:\/\/www.cambe.pr.gov.br\/index.php\/cambe-sedia-evento-gratuito-de-manejo-e-conservacao-do-solo-na-proxima-semana\/"},"author":{"name":"Vinicius Augusto Batista Eira","@id":"https:\/\/www.cambe.pr.gov.br\/#\/schema\/person\/8e3ee69cb2cadf4b9f8377407227effd"},"headline":"Camb\u00e9 sedia evento gratuito de manejo e conserva\u00e7\u00e3o do solo na pr\u00f3xima semana","datePublished":"2025-08-26T14:33:48+00:00","mainEntityOfPage":{"@id":"https:\/\/www.cambe.pr.gov.br\/index.php\/cambe-sedia-evento-gratuito-de-manejo-e-conservacao-do-solo-na-proxima-semana\/"},"wordCount":331,"publisher":{"@id":"https:\/\/www.cambe.pr.gov.br\/#organization"},"image":{"@id":"https:\/\/www.cambe.pr.gov.br\/index.php\/cambe-sedia-evento-gratuito-de-manejo-e-conservacao-do-solo-na-proxima-semana\/#primaryimage"},"thumbnailUrl":"https:\/\/www.cambe.pr.gov.br\/wp-content\/uploads\/2025\/08\/WhatsApp-Image-2025-08-26-at-09.59.51-1024x1024.jpeg","articleSection":["Principal"],"inLanguage":"pt-BR"},{"@type":"WebPage","@id":"https:\/\/www.cambe.pr.gov.br\/index.php\/cambe-sedia-evento-gratuito-de-manejo-e-conservacao-do-solo-na-proxima-semana\/","url":"https:\/\/www.cambe.pr.gov.br\/index.php\/cambe-sedia-evento-gratuito-de-manejo-e-conservacao-do-solo-na-proxima-semana\/","name":"Camb\u00e9 sedia evento gratuito de manejo e conserva\u00e7\u00e3o do solo na pr\u00f3xima semana - Prefeitura de Camb\u00e9","isPartOf":{"@id":"https:\/\/www.cambe.pr.gov.br\/#website"},"primaryImageOfPage":{"@id":"https:\/\/www.cambe.pr.gov.br\/index.php\/cambe-sedia-evento-gratuito-de-manejo-e-conservacao-do-solo-na-proxima-semana\/#primaryimage"},"image":{"@id":"https:\/\/www.cambe.pr.gov.br\/index.php\/cambe-sedia-evento-gratuito-de-manejo-e-conservacao-do-solo-na-proxima-semana\/#primaryimage"},"thumbnailUrl":"https:\/\/www.cambe.pr.gov.br\/wp-content\/uploads\/2025\/08\/WhatsApp-Image-2025-08-26-at-09.59.51-1024x1024.jpeg","datePublished":"2025-08-26T14:33:48+00:00","breadcrumb":{"@id":"https:\/\/www.cambe.pr.gov.br\/index.php\/cambe-sedia-evento-gratuito-de-manejo-e-conservacao-do-solo-na-proxima-semana\/#breadcrumb"},"inLanguage":"pt-BR","potentialAction":[{"@type":"ReadAction","target":["https:\/\/www.cambe.pr.gov.br\/index.php\/cambe-sedia-evento-gratuito-de-manejo-e-conservacao-do-solo-na-proxima-semana\/"]}]},{"@type":"ImageObject","inLanguage":"pt-BR","@id":"https:\/\/www.cambe.pr.gov.br\/index.php\/cambe-sedia-evento-gratuito-de-manejo-e-conservacao-do-solo-na-proxima-semana\/#primaryimage","url":"https:\/\/www.cambe.pr.gov.br\/wp-content\/uploads\/2025\/08\/WhatsApp-Image-2025-08-26-at-09.59.51.jpeg","contentUrl":"https:\/\/www.cambe.pr.gov.br\/wp-content\/uploads\/2025\/08\/WhatsApp-Image-2025-08-26-at-09.59.51.jpeg","width":1280,"height":1280},{"@type":"BreadcrumbList","@id":"https:\/\/www.cambe.pr.gov.br\/index.php\/cambe-sedia-evento-gratuito-de-manejo-e-conservacao-do-solo-na-proxima-semana\/#breadcrumb","itemListElement":[{"@type":"ListItem","position":1,"name":"In\u00edcio","item":"https:\/\/www.cambe.pr.gov.br\/"},{"@type":"ListItem","position":2,"name":"Camb\u00e9 sedia evento gratuito de manejo e conserva\u00e7\u00e3o do solo na pr\u00f3xima semana"}]},{"@type":"WebSite","@id":"https:\/\/www.cambe.pr.gov.br\/#website","url":"https:\/\/www.cambe.pr.gov.br\/","name":"Prefeitura de Camb\u00e9","description":"UM GOVERNO PARA TODOS","publisher":{"@id":"https:\/\/www.cambe.pr.gov.br\/#organization"},"potentialAction":[{"@type":"SearchAction","target":{"@type":"EntryPoint","urlTemplate":"https:\/\/www.cambe.pr.gov.br\/?s={search_term_string}"},"query-input":{"@type":"PropertyValueSpecification","valueRequired":true,"valueName":"search_term_string"}}],"inLanguage":"pt-BR"},{"@type":"Organization","@id":"https:\/\/www.cambe.pr.gov.br\/#organization","name":"Prefeitura de Camb\u00e9","url":"https:\/\/www.cambe.pr.gov.br\/","logo":{"@type":"ImageObject","inLanguage":"pt-BR","@id":"https:\/\/www.cambe.pr.gov.br\/#\/schema\/logo\/image\/","url":"https:\/\/www.cambe.pr.gov.br\/wp-content\/uploads\/2021\/01\/cropped-cropped-cambe_brazao-icone.png","contentUrl":"https:\/\/www.cambe.pr.gov.br\/wp-content\/uploads\/2021\/01\/cropped-cropped-cambe_brazao-icone.png","width":240,"height":240,"caption":"Prefeitura de Camb\u00e9"},"image":{"@id":"https:\/\/www.cambe.pr.gov.br\/#\/schema\/logo\/image\/"},"sameAs":["https:\/\/m.facebook.com\/prefeituradecambe"]},{"@type":"Person","@id":"https:\/\/www.cambe.pr.gov.br\/#\/schema\/person\/8e3ee69cb2cadf4b9f8377407227effd","name":"Vinicius Augusto Batista Eira","image":{"@type":"ImageObject","inLanguage":"pt-BR","@id":"https:\/\/secure.gravatar.com\/avatar\/1ec500de7013b30e1d4d7c8c3978f0e4433c37e5d5e4cd186239369c6440122b?s=96&d=mm&r=g","url":"https:\/\/secure.gravatar.com\/avatar\/1ec500de7013b30e1d4d7c8c3978f0e4433c37e5d5e4cd186239369c6440122b?s=96&d=mm&r=g","contentUrl":"https:\/\/secure.gravatar.com\/avatar\/1ec500de7013b30e1d4d7c8c3978f0e4433c37e5d5e4cd186239369c6440122b?s=96&d=mm&r=g","caption":"Vinicius Augusto Batista Eira"},"url":"https:\/\/www.cambe.pr.gov.br\/index.php\/author\/vabeira\/"}]}},"_links":{"self":[{"href":"https:\/\/www.cambe.pr.gov.br\/index.php\/wp-json\/wp\/v2\/posts\/17622","targetHints":{"allow":["GET"]}}],"collection":[{"href":"https:\/\/www.cambe.pr.gov.br\/index.php\/wp-json\/wp\/v2\/posts"}],"about":[{"href":"https:\/\/www.cambe.pr.gov.br\/index.php\/wp-json\/wp\/v2\/types\/post"}],"author":[{"embeddable":true,"href":"https:\/\/www.cambe.pr.gov.br\/index.php\/wp-json\/wp\/v2\/users\/16"}],"replies":[{"embeddable":true,"href":"https:\/\/www.cambe.pr.gov.br\/index.php\/wp-json\/wp\/v2\/comments?post=17622"}],"version-history":[{"count":2,"href":"https:\/\/www.cambe.pr.gov.br\/index.php\/wp-json\/wp\/v2\/posts\/17622\/revisions"}],"predecessor-version":[{"id":17625,"href":"https:\/\/www.cambe.pr.gov.br\/index.php\/wp-json\/wp\/v2\/posts\/17622\/revisions\/17625"}],"wp:attachment":[{"href":"https:\/\/www.cambe.pr.gov.br\/index.php\/wp-json\/wp\/v2\/media?parent=17622"}],"wp:term":[{"taxonomy":"category","embeddable":true,"href":"https:\/\/www.cambe.pr.gov.br\/index.php\/wp-json\/wp\/v2\/categories?post=17622"},{"taxonomy":"post_tag","embeddable":true,"href":"https:\/\/www.cambe.pr.gov.br\/index.php\/wp-json\/wp\/v2\/tags?post=17622"}],"curies":[{"name":"wp","href":"https:\/\/api.w.org\/{rel}","templated":true}]}}