{"id":17600,"date":"2025-08-22T13:55:58","date_gmt":"2025-08-22T16:55:58","guid":{"rendered":"https:\/\/www.cambe.pr.gov.br\/?p=17600"},"modified":"2025-08-22T13:56:57","modified_gmt":"2025-08-22T16:56:57","slug":"cambe-passa-a-ter-15-minutos-de-tolerancia-na-zona-verde-e-isencao-de-taxa-em-concurso-para-doador-de-sangue","status":"publish","type":"post","link":"https:\/\/www.cambe.pr.gov.br\/index.php\/cambe-passa-a-ter-15-minutos-de-tolerancia-na-zona-verde-e-isencao-de-taxa-em-concurso-para-doador-de-sangue\/","title":{"rendered":"Camb\u00e9 passa a ter 15 minutos de toler\u00e2ncia na Zona Verde e isen\u00e7\u00e3o de taxa em concurso para doador de sangue"},"content":{"rendered":"<p style=\"text-align: justify;\"><span style=\"font-weight: 400; font-family: arial, helvetica, sans-serif;\"><img fetchpriority=\"high\" decoding=\"async\" class=\"alignleft size-large wp-image-16879\" src=\"https:\/\/www.cambe.pr.gov.br\/wp-content\/uploads\/2025\/05\/DSC_0008-copiar-1024x678.jpg\" alt=\"\" width=\"610\" height=\"404\" srcset=\"https:\/\/www.cambe.pr.gov.br\/wp-content\/uploads\/2025\/05\/DSC_0008-copiar-1024x678.jpg 1024w, https:\/\/www.cambe.pr.gov.br\/wp-content\/uploads\/2025\/05\/DSC_0008-copiar-300x199.jpg 300w, https:\/\/www.cambe.pr.gov.br\/wp-content\/uploads\/2025\/05\/DSC_0008-copiar-768x509.jpg 768w, https:\/\/www.cambe.pr.gov.br\/wp-content\/uploads\/2025\/05\/DSC_0008-copiar-1536x1017.jpg 1536w, https:\/\/www.cambe.pr.gov.br\/wp-content\/uploads\/2025\/05\/DSC_0008-copiar-2048x1356.jpg 2048w\" sizes=\"(max-width: 610px) 100vw, 610px\" \/>Foram aprovados dois projetos de leis que impactam a vida do cambeense e de moradores de toda a regi\u00e3o. O primeiro, enviado pela Prefeitura \u00e0 C\u00e2mara, estabelece 15 minutos de toler\u00e2ncia nas vagas do estacionamento rotativo da Zona Verde. E tamb\u00e9m, doadores de sangue ter\u00e3o isen\u00e7\u00e3o da taxa de inscri\u00e7\u00e3o em concursos p\u00fablicos e processos seletivos realizados pela Prefeitura.<\/span><\/p>\n<p style=\"text-align: justify;\"><span style=\"font-weight: 400; font-family: arial, helvetica, sans-serif;\">A Zona Verde passar\u00e1 por algumas mudan\u00e7as a partir do novo decreto. A principal novidade \u00e9 a isen\u00e7\u00e3o da cobran\u00e7a nos primeiros 15 minutos de uso da vaga, medida que n\u00e3o existia no sistema anterior. O objetivo \u00e9 facilitar paradas r\u00e1pidas, como para embarque e desembarque ou pequenas compras, sem gerar custo ao usu\u00e1rio. Tamb\u00e9m atualiza os crit\u00e9rios para defini\u00e7\u00e3o de tarifas, reajustes e procedimentos de fiscaliza\u00e7\u00e3o. A gest\u00e3o do sistema poder\u00e1 continuar sendo feita pelo munic\u00edpio ou por empresas contratadas, mas com maior flexibilidade nos prazos e modelos de opera\u00e7\u00e3o. E para coibir motoristas que n\u00e3o pagam o estacionamento, a legisla\u00e7\u00e3o prev\u00ea uma tarifa p\u00f3s-utiliza\u00e7\u00e3o, que, se n\u00e3o regularizada, pode gerar uma autua\u00e7\u00e3o de tr\u00e2nsito de R$ 195.<\/span><\/p>\n<p style=\"text-align: justify;\"><span style=\"font-weight: 400; font-family: arial, helvetica, sans-serif;\">A hora na Zona Verde, hoje, custa R$ 2. O pagamento de uma das 815 vagas no munic\u00edpio pode ser feito via parqu\u00edmetros, com os colaboradores ou pelo aplicativo Estacione Legal. O estacionamento rotativo \u00e9 administrado pela Epesmel, com valor arrecadado utilizado para custear o sistema e retorna para a sociedade por meio do Instituto Social de Aprendizagem Profissional, associa\u00e7\u00e3o sem fins lucrativos que promove cursos de qualifica\u00e7\u00e3o profissional para adolescentes.<\/span><\/p>\n<p style=\"text-align: justify;\"><span style=\"font-weight: 400; font-family: arial, helvetica, sans-serif;\">J\u00e1 no texto dos doadores de sangue, a legisla\u00e7\u00e3o estabelece isen\u00e7\u00e3o na taxa de inscri\u00e7\u00e3o aos candidatos cadastrados em \u00f3rg\u00e3o oficial coletor ou em entidade credenciada pela Uni\u00e3o, Estado ou munic\u00edpio, desde que comprovem ao menos duas doa\u00e7\u00f5es no per\u00edodo de 12 meses anteriores \u00e0 publica\u00e7\u00e3o do edital. A comprova\u00e7\u00e3o dever\u00e1 ser feita por documento emitido pela entidade coletora e apresentado no momento da inscri\u00e7\u00e3o ou no prazo estabelecido para solicitar o benef\u00edcio.<\/span><\/p>\n<p style=\"text-align: justify;\"><span style=\"font-weight: 400; font-family: arial, helvetica, sans-serif;\">O prefeito Conrado Scheller celebrou os projetos, j\u00e1 h\u00e1 algum tempo pedido pela sociedade. \u201cA Zona Verde \u00e9 muito importante porque garante rotatividade nas vagas, ajuda o com\u00e9rcio e d\u00e1 mais seguran\u00e7a para os motoristas. Essa parceria com a Epesmel \u00e9 fundamental. Trouxemos essa antiga reivindica\u00e7\u00e3o da sociedade que vai garantir mais fluidez ao servi\u00e7o e fomento ao com\u00e9rcio. E a isen\u00e7\u00e3o da taxa de inscri\u00e7\u00e3o com doa\u00e7\u00e3o de sangue \u00e9 um incentivo para que esse ato que salva vidas se intensifique e possa ajudar cada vez mais pessoas, al\u00e9m de tamb\u00e9m trazer mais candidatos capacitados aos nossos processos seletivos. Ajuda a popula\u00e7\u00e3o dos dois lados\u201d, destacou.<\/span><\/p>\n","protected":false},"excerpt":{"rendered":"<p>Foram aprovados dois projetos de leis que impactam a vida do cambeense e de moradores de toda a regi\u00e3o. O primeiro, enviado pela Prefeitura \u00e0 C\u00e2mara, estabelece 15 minutos de toler\u00e2ncia nas vagas do estacionamento rotativo da Zona Verde. E tamb\u00e9m, doadores de sangue ter\u00e3o isen\u00e7\u00e3o da taxa de inscri\u00e7\u00e3o em concursos p\u00fablicos e processos [&hellip;]<\/p>\n","protected":false},"author":16,"featured_media":0,"comment_status":"closed","ping_status":"closed","sticky":false,"template":"","format":"standard","meta":{"ngg_post_thumbnail":0,"footnotes":""},"categories":[1],"tags":[],"class_list":["post-17600","post","type-post","status-publish","format-standard","hentry","category-principal"],"yoast_head":"<!-- This site is optimized with the Yoast SEO plugin v27.4 - https:\/\/yoast.com\/product\/yoast-seo-wordpress\/ -->\n<title>Camb\u00e9 passa a ter 15 minutos de toler\u00e2ncia na Zona Verde e isen\u00e7\u00e3o de taxa em concurso para doador de sangue - Prefeitura de Camb\u00e9<\/title>\n<meta name=\"robots\" content=\"index, follow, max-snippet:-1, max-image-preview:large, max-video-preview:-1\" \/>\n<link rel=\"canonical\" href=\"https:\/\/www.cambe.pr.gov.br\/index.php\/cambe-passa-a-ter-15-minutos-de-tolerancia-na-zona-verde-e-isencao-de-taxa-em-concurso-para-doador-de-sangue\/\" \/>\n<meta property=\"og:locale\" content=\"pt_BR\" \/>\n<meta property=\"og:type\" content=\"article\" \/>\n<meta property=\"og:title\" content=\"Camb\u00e9 passa a ter 15 minutos de toler\u00e2ncia na Zona Verde e isen\u00e7\u00e3o de taxa em concurso para doador de sangue - Prefeitura de Camb\u00e9\" \/>\n<meta property=\"og:description\" content=\"Foram aprovados dois projetos de leis que impactam a vida do cambeense e de moradores de toda a regi\u00e3o. O primeiro, enviado pela Prefeitura \u00e0 C\u00e2mara, estabelece 15 minutos de toler\u00e2ncia nas vagas do estacionamento rotativo da Zona Verde. E tamb\u00e9m, doadores de sangue ter\u00e3o isen\u00e7\u00e3o da taxa de inscri\u00e7\u00e3o em concursos p\u00fablicos e processos [&hellip;]\" \/>\n<meta property=\"og:url\" content=\"https:\/\/www.cambe.pr.gov.br\/index.php\/cambe-passa-a-ter-15-minutos-de-tolerancia-na-zona-verde-e-isencao-de-taxa-em-concurso-para-doador-de-sangue\/\" \/>\n<meta property=\"og:site_name\" content=\"Prefeitura de Camb\u00e9\" \/>\n<meta property=\"article:publisher\" content=\"https:\/\/m.facebook.com\/prefeituradecambe\" \/>\n<meta property=\"article:published_time\" content=\"2025-08-22T16:55:58+00:00\" \/>\n<meta property=\"article:modified_time\" content=\"2025-08-22T16:56:57+00:00\" \/>\n<meta property=\"og:image\" content=\"https:\/\/www.cambe.pr.gov.br\/wp-content\/uploads\/2025\/05\/DSC_0008-copiar-scaled.jpg\" \/>\n\t<meta property=\"og:image:width\" content=\"2560\" \/>\n\t<meta property=\"og:image:height\" content=\"1695\" \/>\n\t<meta property=\"og:image:type\" content=\"image\/jpeg\" \/>\n<meta name=\"author\" content=\"Vinicius Augusto Batista Eira\" \/>\n<meta name=\"twitter:card\" content=\"summary_large_image\" \/>\n<meta name=\"twitter:label1\" content=\"Escrito por\" \/>\n\t<meta name=\"twitter:data1\" content=\"Vinicius Augusto Batista Eira\" \/>\n\t<meta name=\"twitter:label2\" content=\"Est. tempo de leitura\" \/>\n\t<meta name=\"twitter:data2\" content=\"3 minutos\" \/>\n<script type=\"application\/ld+json\" class=\"yoast-schema-graph\">{\"@context\":\"https:\\\/\\\/schema.org\",\"@graph\":[{\"@type\":\"Article\",\"@id\":\"https:\\\/\\\/www.cambe.pr.gov.br\\\/index.php\\\/cambe-passa-a-ter-15-minutos-de-tolerancia-na-zona-verde-e-isencao-de-taxa-em-concurso-para-doador-de-sangue\\\/#article\",\"isPartOf\":{\"@id\":\"https:\\\/\\\/www.cambe.pr.gov.br\\\/index.php\\\/cambe-passa-a-ter-15-minutos-de-tolerancia-na-zona-verde-e-isencao-de-taxa-em-concurso-para-doador-de-sangue\\\/\"},\"author\":{\"name\":\"Vinicius Augusto Batista Eira\",\"@id\":\"https:\\\/\\\/www.cambe.pr.gov.br\\\/#\\\/schema\\\/person\\\/8e3ee69cb2cadf4b9f8377407227effd\"},\"headline\":\"Camb\u00e9 passa a ter 15 minutos de toler\u00e2ncia na Zona Verde e isen\u00e7\u00e3o de taxa em concurso para doador de sangue\",\"datePublished\":\"2025-08-22T16:55:58+00:00\",\"dateModified\":\"2025-08-22T16:56:57+00:00\",\"mainEntityOfPage\":{\"@id\":\"https:\\\/\\\/www.cambe.pr.gov.br\\\/index.php\\\/cambe-passa-a-ter-15-minutos-de-tolerancia-na-zona-verde-e-isencao-de-taxa-em-concurso-para-doador-de-sangue\\\/\"},\"wordCount\":492,\"publisher\":{\"@id\":\"https:\\\/\\\/www.cambe.pr.gov.br\\\/#organization\"},\"image\":{\"@id\":\"https:\\\/\\\/www.cambe.pr.gov.br\\\/index.php\\\/cambe-passa-a-ter-15-minutos-de-tolerancia-na-zona-verde-e-isencao-de-taxa-em-concurso-para-doador-de-sangue\\\/#primaryimage\"},\"thumbnailUrl\":\"https:\\\/\\\/www.cambe.pr.gov.br\\\/wp-content\\\/uploads\\\/2025\\\/05\\\/DSC_0008-copiar-1024x678.jpg\",\"articleSection\":[\"Principal\"],\"inLanguage\":\"pt-BR\"},{\"@type\":\"WebPage\",\"@id\":\"https:\\\/\\\/www.cambe.pr.gov.br\\\/index.php\\\/cambe-passa-a-ter-15-minutos-de-tolerancia-na-zona-verde-e-isencao-de-taxa-em-concurso-para-doador-de-sangue\\\/\",\"url\":\"https:\\\/\\\/www.cambe.pr.gov.br\\\/index.php\\\/cambe-passa-a-ter-15-minutos-de-tolerancia-na-zona-verde-e-isencao-de-taxa-em-concurso-para-doador-de-sangue\\\/\",\"name\":\"Camb\u00e9 passa a ter 15 minutos de toler\u00e2ncia na Zona Verde e isen\u00e7\u00e3o de taxa em concurso para doador de sangue - Prefeitura de Camb\u00e9\",\"isPartOf\":{\"@id\":\"https:\\\/\\\/www.cambe.pr.gov.br\\\/#website\"},\"primaryImageOfPage\":{\"@id\":\"https:\\\/\\\/www.cambe.pr.gov.br\\\/index.php\\\/cambe-passa-a-ter-15-minutos-de-tolerancia-na-zona-verde-e-isencao-de-taxa-em-concurso-para-doador-de-sangue\\\/#primaryimage\"},\"image\":{\"@id\":\"https:\\\/\\\/www.cambe.pr.gov.br\\\/index.php\\\/cambe-passa-a-ter-15-minutos-de-tolerancia-na-zona-verde-e-isencao-de-taxa-em-concurso-para-doador-de-sangue\\\/#primaryimage\"},\"thumbnailUrl\":\"https:\\\/\\\/www.cambe.pr.gov.br\\\/wp-content\\\/uploads\\\/2025\\\/05\\\/DSC_0008-copiar-1024x678.jpg\",\"datePublished\":\"2025-08-22T16:55:58+00:00\",\"dateModified\":\"2025-08-22T16:56:57+00:00\",\"breadcrumb\":{\"@id\":\"https:\\\/\\\/www.cambe.pr.gov.br\\\/index.php\\\/cambe-passa-a-ter-15-minutos-de-tolerancia-na-zona-verde-e-isencao-de-taxa-em-concurso-para-doador-de-sangue\\\/#breadcrumb\"},\"inLanguage\":\"pt-BR\",\"potentialAction\":[{\"@type\":\"ReadAction\",\"target\":[\"https:\\\/\\\/www.cambe.pr.gov.br\\\/index.php\\\/cambe-passa-a-ter-15-minutos-de-tolerancia-na-zona-verde-e-isencao-de-taxa-em-concurso-para-doador-de-sangue\\\/\"]}]},{\"@type\":\"ImageObject\",\"inLanguage\":\"pt-BR\",\"@id\":\"https:\\\/\\\/www.cambe.pr.gov.br\\\/index.php\\\/cambe-passa-a-ter-15-minutos-de-tolerancia-na-zona-verde-e-isencao-de-taxa-em-concurso-para-doador-de-sangue\\\/#primaryimage\",\"url\":\"https:\\\/\\\/www.cambe.pr.gov.br\\\/wp-content\\\/uploads\\\/2025\\\/05\\\/DSC_0008-copiar-scaled.jpg\",\"contentUrl\":\"https:\\\/\\\/www.cambe.pr.gov.br\\\/wp-content\\\/uploads\\\/2025\\\/05\\\/DSC_0008-copiar-scaled.jpg\",\"width\":2560,\"height\":1695},{\"@type\":\"BreadcrumbList\",\"@id\":\"https:\\\/\\\/www.cambe.pr.gov.br\\\/index.php\\\/cambe-passa-a-ter-15-minutos-de-tolerancia-na-zona-verde-e-isencao-de-taxa-em-concurso-para-doador-de-sangue\\\/#breadcrumb\",\"itemListElement\":[{\"@type\":\"ListItem\",\"position\":1,\"name\":\"In\u00edcio\",\"item\":\"https:\\\/\\\/www.cambe.pr.gov.br\\\/\"},{\"@type\":\"ListItem\",\"position\":2,\"name\":\"Camb\u00e9 passa a ter 15 minutos de toler\u00e2ncia na Zona Verde e isen\u00e7\u00e3o de taxa em concurso para doador de sangue\"}]},{\"@type\":\"WebSite\",\"@id\":\"https:\\\/\\\/www.cambe.pr.gov.br\\\/#website\",\"url\":\"https:\\\/\\\/www.cambe.pr.gov.br\\\/\",\"name\":\"Prefeitura de Camb\u00e9\",\"description\":\"UM GOVERNO PARA TODOS\",\"publisher\":{\"@id\":\"https:\\\/\\\/www.cambe.pr.gov.br\\\/#organization\"},\"potentialAction\":[{\"@type\":\"SearchAction\",\"target\":{\"@type\":\"EntryPoint\",\"urlTemplate\":\"https:\\\/\\\/www.cambe.pr.gov.br\\\/?s={search_term_string}\"},\"query-input\":{\"@type\":\"PropertyValueSpecification\",\"valueRequired\":true,\"valueName\":\"search_term_string\"}}],\"inLanguage\":\"pt-BR\"},{\"@type\":\"Organization\",\"@id\":\"https:\\\/\\\/www.cambe.pr.gov.br\\\/#organization\",\"name\":\"Prefeitura de Camb\u00e9\",\"url\":\"https:\\\/\\\/www.cambe.pr.gov.br\\\/\",\"logo\":{\"@type\":\"ImageObject\",\"inLanguage\":\"pt-BR\",\"@id\":\"https:\\\/\\\/www.cambe.pr.gov.br\\\/#\\\/schema\\\/logo\\\/image\\\/\",\"url\":\"https:\\\/\\\/www.cambe.pr.gov.br\\\/wp-content\\\/uploads\\\/2021\\\/01\\\/cropped-cropped-cambe_brazao-icone.png\",\"contentUrl\":\"https:\\\/\\\/www.cambe.pr.gov.br\\\/wp-content\\\/uploads\\\/2021\\\/01\\\/cropped-cropped-cambe_brazao-icone.png\",\"width\":240,\"height\":240,\"caption\":\"Prefeitura de Camb\u00e9\"},\"image\":{\"@id\":\"https:\\\/\\\/www.cambe.pr.gov.br\\\/#\\\/schema\\\/logo\\\/image\\\/\"},\"sameAs\":[\"https:\\\/\\\/m.facebook.com\\\/prefeituradecambe\"]},{\"@type\":\"Person\",\"@id\":\"https:\\\/\\\/www.cambe.pr.gov.br\\\/#\\\/schema\\\/person\\\/8e3ee69cb2cadf4b9f8377407227effd\",\"name\":\"Vinicius Augusto Batista Eira\",\"image\":{\"@type\":\"ImageObject\",\"inLanguage\":\"pt-BR\",\"@id\":\"https:\\\/\\\/secure.gravatar.com\\\/avatar\\\/1ec500de7013b30e1d4d7c8c3978f0e4433c37e5d5e4cd186239369c6440122b?s=96&d=mm&r=g\",\"url\":\"https:\\\/\\\/secure.gravatar.com\\\/avatar\\\/1ec500de7013b30e1d4d7c8c3978f0e4433c37e5d5e4cd186239369c6440122b?s=96&d=mm&r=g\",\"contentUrl\":\"https:\\\/\\\/secure.gravatar.com\\\/avatar\\\/1ec500de7013b30e1d4d7c8c3978f0e4433c37e5d5e4cd186239369c6440122b?s=96&d=mm&r=g\",\"caption\":\"Vinicius Augusto Batista Eira\"},\"url\":\"https:\\\/\\\/www.cambe.pr.gov.br\\\/index.php\\\/author\\\/vabeira\\\/\"}]}<\/script>\n<!-- \/ Yoast SEO plugin. -->","yoast_head_json":{"title":"Camb\u00e9 passa a ter 15 minutos de toler\u00e2ncia na Zona Verde e isen\u00e7\u00e3o de taxa em concurso para doador de sangue - Prefeitura de Camb\u00e9","robots":{"index":"index","follow":"follow","max-snippet":"max-snippet:-1","max-image-preview":"max-image-preview:large","max-video-preview":"max-video-preview:-1"},"canonical":"https:\/\/www.cambe.pr.gov.br\/index.php\/cambe-passa-a-ter-15-minutos-de-tolerancia-na-zona-verde-e-isencao-de-taxa-em-concurso-para-doador-de-sangue\/","og_locale":"pt_BR","og_type":"article","og_title":"Camb\u00e9 passa a ter 15 minutos de toler\u00e2ncia na Zona Verde e isen\u00e7\u00e3o de taxa em concurso para doador de sangue - Prefeitura de Camb\u00e9","og_description":"Foram aprovados dois projetos de leis que impactam a vida do cambeense e de moradores de toda a regi\u00e3o. O primeiro, enviado pela Prefeitura \u00e0 C\u00e2mara, estabelece 15 minutos de toler\u00e2ncia nas vagas do estacionamento rotativo da Zona Verde. E tamb\u00e9m, doadores de sangue ter\u00e3o isen\u00e7\u00e3o da taxa de inscri\u00e7\u00e3o em concursos p\u00fablicos e processos [&hellip;]","og_url":"https:\/\/www.cambe.pr.gov.br\/index.php\/cambe-passa-a-ter-15-minutos-de-tolerancia-na-zona-verde-e-isencao-de-taxa-em-concurso-para-doador-de-sangue\/","og_site_name":"Prefeitura de Camb\u00e9","article_publisher":"https:\/\/m.facebook.com\/prefeituradecambe","article_published_time":"2025-08-22T16:55:58+00:00","article_modified_time":"2025-08-22T16:56:57+00:00","og_image":[{"width":2560,"height":1695,"url":"https:\/\/www.cambe.pr.gov.br\/wp-content\/uploads\/2025\/05\/DSC_0008-copiar-scaled.jpg","type":"image\/jpeg"}],"author":"Vinicius Augusto Batista Eira","twitter_card":"summary_large_image","twitter_misc":{"Escrito por":"Vinicius Augusto Batista Eira","Est. tempo de leitura":"3 minutos"},"schema":{"@context":"https:\/\/schema.org","@graph":[{"@type":"Article","@id":"https:\/\/www.cambe.pr.gov.br\/index.php\/cambe-passa-a-ter-15-minutos-de-tolerancia-na-zona-verde-e-isencao-de-taxa-em-concurso-para-doador-de-sangue\/#article","isPartOf":{"@id":"https:\/\/www.cambe.pr.gov.br\/index.php\/cambe-passa-a-ter-15-minutos-de-tolerancia-na-zona-verde-e-isencao-de-taxa-em-concurso-para-doador-de-sangue\/"},"author":{"name":"Vinicius Augusto Batista Eira","@id":"https:\/\/www.cambe.pr.gov.br\/#\/schema\/person\/8e3ee69cb2cadf4b9f8377407227effd"},"headline":"Camb\u00e9 passa a ter 15 minutos de toler\u00e2ncia na Zona Verde e isen\u00e7\u00e3o de taxa em concurso para doador de sangue","datePublished":"2025-08-22T16:55:58+00:00","dateModified":"2025-08-22T16:56:57+00:00","mainEntityOfPage":{"@id":"https:\/\/www.cambe.pr.gov.br\/index.php\/cambe-passa-a-ter-15-minutos-de-tolerancia-na-zona-verde-e-isencao-de-taxa-em-concurso-para-doador-de-sangue\/"},"wordCount":492,"publisher":{"@id":"https:\/\/www.cambe.pr.gov.br\/#organization"},"image":{"@id":"https:\/\/www.cambe.pr.gov.br\/index.php\/cambe-passa-a-ter-15-minutos-de-tolerancia-na-zona-verde-e-isencao-de-taxa-em-concurso-para-doador-de-sangue\/#primaryimage"},"thumbnailUrl":"https:\/\/www.cambe.pr.gov.br\/wp-content\/uploads\/2025\/05\/DSC_0008-copiar-1024x678.jpg","articleSection":["Principal"],"inLanguage":"pt-BR"},{"@type":"WebPage","@id":"https:\/\/www.cambe.pr.gov.br\/index.php\/cambe-passa-a-ter-15-minutos-de-tolerancia-na-zona-verde-e-isencao-de-taxa-em-concurso-para-doador-de-sangue\/","url":"https:\/\/www.cambe.pr.gov.br\/index.php\/cambe-passa-a-ter-15-minutos-de-tolerancia-na-zona-verde-e-isencao-de-taxa-em-concurso-para-doador-de-sangue\/","name":"Camb\u00e9 passa a ter 15 minutos de toler\u00e2ncia na Zona Verde e isen\u00e7\u00e3o de taxa em concurso para doador de sangue - Prefeitura de Camb\u00e9","isPartOf":{"@id":"https:\/\/www.cambe.pr.gov.br\/#website"},"primaryImageOfPage":{"@id":"https:\/\/www.cambe.pr.gov.br\/index.php\/cambe-passa-a-ter-15-minutos-de-tolerancia-na-zona-verde-e-isencao-de-taxa-em-concurso-para-doador-de-sangue\/#primaryimage"},"image":{"@id":"https:\/\/www.cambe.pr.gov.br\/index.php\/cambe-passa-a-ter-15-minutos-de-tolerancia-na-zona-verde-e-isencao-de-taxa-em-concurso-para-doador-de-sangue\/#primaryimage"},"thumbnailUrl":"https:\/\/www.cambe.pr.gov.br\/wp-content\/uploads\/2025\/05\/DSC_0008-copiar-1024x678.jpg","datePublished":"2025-08-22T16:55:58+00:00","dateModified":"2025-08-22T16:56:57+00:00","breadcrumb":{"@id":"https:\/\/www.cambe.pr.gov.br\/index.php\/cambe-passa-a-ter-15-minutos-de-tolerancia-na-zona-verde-e-isencao-de-taxa-em-concurso-para-doador-de-sangue\/#breadcrumb"},"inLanguage":"pt-BR","potentialAction":[{"@type":"ReadAction","target":["https:\/\/www.cambe.pr.gov.br\/index.php\/cambe-passa-a-ter-15-minutos-de-tolerancia-na-zona-verde-e-isencao-de-taxa-em-concurso-para-doador-de-sangue\/"]}]},{"@type":"ImageObject","inLanguage":"pt-BR","@id":"https:\/\/www.cambe.pr.gov.br\/index.php\/cambe-passa-a-ter-15-minutos-de-tolerancia-na-zona-verde-e-isencao-de-taxa-em-concurso-para-doador-de-sangue\/#primaryimage","url":"https:\/\/www.cambe.pr.gov.br\/wp-content\/uploads\/2025\/05\/DSC_0008-copiar-scaled.jpg","contentUrl":"https:\/\/www.cambe.pr.gov.br\/wp-content\/uploads\/2025\/05\/DSC_0008-copiar-scaled.jpg","width":2560,"height":1695},{"@type":"BreadcrumbList","@id":"https:\/\/www.cambe.pr.gov.br\/index.php\/cambe-passa-a-ter-15-minutos-de-tolerancia-na-zona-verde-e-isencao-de-taxa-em-concurso-para-doador-de-sangue\/#breadcrumb","itemListElement":[{"@type":"ListItem","position":1,"name":"In\u00edcio","item":"https:\/\/www.cambe.pr.gov.br\/"},{"@type":"ListItem","position":2,"name":"Camb\u00e9 passa a ter 15 minutos de toler\u00e2ncia na Zona Verde e isen\u00e7\u00e3o de taxa em concurso para doador de sangue"}]},{"@type":"WebSite","@id":"https:\/\/www.cambe.pr.gov.br\/#website","url":"https:\/\/www.cambe.pr.gov.br\/","name":"Prefeitura de Camb\u00e9","description":"UM GOVERNO PARA TODOS","publisher":{"@id":"https:\/\/www.cambe.pr.gov.br\/#organization"},"potentialAction":[{"@type":"SearchAction","target":{"@type":"EntryPoint","urlTemplate":"https:\/\/www.cambe.pr.gov.br\/?s={search_term_string}"},"query-input":{"@type":"PropertyValueSpecification","valueRequired":true,"valueName":"search_term_string"}}],"inLanguage":"pt-BR"},{"@type":"Organization","@id":"https:\/\/www.cambe.pr.gov.br\/#organization","name":"Prefeitura de Camb\u00e9","url":"https:\/\/www.cambe.pr.gov.br\/","logo":{"@type":"ImageObject","inLanguage":"pt-BR","@id":"https:\/\/www.cambe.pr.gov.br\/#\/schema\/logo\/image\/","url":"https:\/\/www.cambe.pr.gov.br\/wp-content\/uploads\/2021\/01\/cropped-cropped-cambe_brazao-icone.png","contentUrl":"https:\/\/www.cambe.pr.gov.br\/wp-content\/uploads\/2021\/01\/cropped-cropped-cambe_brazao-icone.png","width":240,"height":240,"caption":"Prefeitura de Camb\u00e9"},"image":{"@id":"https:\/\/www.cambe.pr.gov.br\/#\/schema\/logo\/image\/"},"sameAs":["https:\/\/m.facebook.com\/prefeituradecambe"]},{"@type":"Person","@id":"https:\/\/www.cambe.pr.gov.br\/#\/schema\/person\/8e3ee69cb2cadf4b9f8377407227effd","name":"Vinicius Augusto Batista Eira","image":{"@type":"ImageObject","inLanguage":"pt-BR","@id":"https:\/\/secure.gravatar.com\/avatar\/1ec500de7013b30e1d4d7c8c3978f0e4433c37e5d5e4cd186239369c6440122b?s=96&d=mm&r=g","url":"https:\/\/secure.gravatar.com\/avatar\/1ec500de7013b30e1d4d7c8c3978f0e4433c37e5d5e4cd186239369c6440122b?s=96&d=mm&r=g","contentUrl":"https:\/\/secure.gravatar.com\/avatar\/1ec500de7013b30e1d4d7c8c3978f0e4433c37e5d5e4cd186239369c6440122b?s=96&d=mm&r=g","caption":"Vinicius Augusto Batista Eira"},"url":"https:\/\/www.cambe.pr.gov.br\/index.php\/author\/vabeira\/"}]}},"_links":{"self":[{"href":"https:\/\/www.cambe.pr.gov.br\/index.php\/wp-json\/wp\/v2\/posts\/17600","targetHints":{"allow":["GET"]}}],"collection":[{"href":"https:\/\/www.cambe.pr.gov.br\/index.php\/wp-json\/wp\/v2\/posts"}],"about":[{"href":"https:\/\/www.cambe.pr.gov.br\/index.php\/wp-json\/wp\/v2\/types\/post"}],"author":[{"embeddable":true,"href":"https:\/\/www.cambe.pr.gov.br\/index.php\/wp-json\/wp\/v2\/users\/16"}],"replies":[{"embeddable":true,"href":"https:\/\/www.cambe.pr.gov.br\/index.php\/wp-json\/wp\/v2\/comments?post=17600"}],"version-history":[{"count":3,"href":"https:\/\/www.cambe.pr.gov.br\/index.php\/wp-json\/wp\/v2\/posts\/17600\/revisions"}],"predecessor-version":[{"id":17616,"href":"https:\/\/www.cambe.pr.gov.br\/index.php\/wp-json\/wp\/v2\/posts\/17600\/revisions\/17616"}],"wp:attachment":[{"href":"https:\/\/www.cambe.pr.gov.br\/index.php\/wp-json\/wp\/v2\/media?parent=17600"}],"wp:term":[{"taxonomy":"category","embeddable":true,"href":"https:\/\/www.cambe.pr.gov.br\/index.php\/wp-json\/wp\/v2\/categories?post=17600"},{"taxonomy":"post_tag","embeddable":true,"href":"https:\/\/www.cambe.pr.gov.br\/index.php\/wp-json\/wp\/v2\/tags?post=17600"}],"curies":[{"name":"wp","href":"https:\/\/api.w.org\/{rel}","templated":true}]}}