{"id":17592,"date":"2025-08-19T10:31:38","date_gmt":"2025-08-19T13:31:38","guid":{"rendered":"https:\/\/www.cambe.pr.gov.br\/?p=17592"},"modified":"2025-08-21T16:02:47","modified_gmt":"2025-08-21T19:02:47","slug":"biblioteca-publica-municipal-e-reinaugurada-apos-reforma-e-melhoria-do-espaco","status":"publish","type":"post","link":"https:\/\/www.cambe.pr.gov.br\/index.php\/biblioteca-publica-municipal-e-reinaugurada-apos-reforma-e-melhoria-do-espaco\/","title":{"rendered":"Biblioteca P\u00fablica Municipal \u00e9 reinaugurada ap\u00f3s reforma e melhoria do espa\u00e7o"},"content":{"rendered":"<p style=\"text-align: justify;\"><span style=\"font-weight: 400; font-family: arial, helvetica, sans-serif;\"><img fetchpriority=\"high\" decoding=\"async\" class=\"alignleft size-large wp-image-17593\" src=\"https:\/\/www.cambe.pr.gov.br\/wp-content\/uploads\/2025\/08\/DSC_0131-1024x683.jpg\" alt=\"\" width=\"610\" height=\"407\" srcset=\"https:\/\/www.cambe.pr.gov.br\/wp-content\/uploads\/2025\/08\/DSC_0131-1024x683.jpg 1024w, https:\/\/www.cambe.pr.gov.br\/wp-content\/uploads\/2025\/08\/DSC_0131-300x200.jpg 300w, https:\/\/www.cambe.pr.gov.br\/wp-content\/uploads\/2025\/08\/DSC_0131-768x512.jpg 768w, https:\/\/www.cambe.pr.gov.br\/wp-content\/uploads\/2025\/08\/DSC_0131-1536x1024.jpg 1536w, https:\/\/www.cambe.pr.gov.br\/wp-content\/uploads\/2025\/08\/DSC_0131-2048x1365.jpg 2048w\" sizes=\"(max-width: 610px) 100vw, 610px\" \/>Um dos marcos culturais de Camb\u00e9, a Biblioteca P\u00fablica Municipal foi reinaugurada em evento nesta segunda-feira (18). Em novo espa\u00e7o, agora no piso superior do Centro Cultural, a Biblioteca P\u00fablica Municipal passou por reforma, troca de equipamentos e constru\u00e7\u00e3o de um novo ambiente idealizado para as crian\u00e7as. Al\u00e9m disso, tamb\u00e9m foi rebatizada, e agora leva o nome de Maria Adelina de Melo e Souza, servidora da Prefeitura por mais de 30 anos e uma das maiores incentivadoras da leitura no munic\u00edpio.<\/span><\/p>\n<p style=\"text-align: justify;\"><span style=\"font-weight: 400; font-family: arial, helvetica, sans-serif;\">A Biblioteca P\u00fablica Municipal, que completa 63 anos em 2025, mudou de lugar com o Museu Hist\u00f3rico de Camb\u00e9. Com isso, deixou o t\u00e9rreo e o subsolo do Centro Cultural e foi transferida para o piso superior. O espa\u00e7o foi reformulado e pensado para atender com a popula\u00e7\u00e3o, com mob\u00edlias novas, aquisi\u00e7\u00e3o de novos equipamentos e constru\u00e7\u00e3o de uma ala infantil, que conta com livros espec\u00edficos para as crian\u00e7as e brinquedos pedag\u00f3gicos.<\/span><\/p>\n<p style=\"text-align: justify;\"><span style=\"font-weight: 400; font-family: arial, helvetica, sans-serif;\">Um dos principais espa\u00e7os culturais do munic\u00edpio, a Biblioteca oferece uma gama de servi\u00e7os. \u00c9 poss\u00edvel emprestar livros, ler no local, fazer pesquisas, visita guiada com as servidoras da Secretaria Municipal de Educa\u00e7\u00e3o e Cultura, sarau, eventos culturais, al\u00e9m do projeto de conta\u00e7\u00e3o de hist\u00f3rias.<\/span><\/p>\n<p style=\"text-align: justify;\"><span style=\"font-weight: 400; font-family: arial, helvetica, sans-serif;\">O espa\u00e7o agora leva o nome de Maria Adelina de Melo e Souza. Nascida em Camb\u00e9, ela foi aluna na primeira turma de biblioteconomia na Universidade Estadual de Londrina, em 1975. Foi bibliotec\u00e1ria da Prefeitura de 1972 a 2003, e chefiou importantes diretorias culturais e da Biblioteca. Tamb\u00e9m idealizou e organizou o primeiro acervo da biblioteca infantil, e dirigiu a mudan\u00e7a do acervo da biblioteca ao Centro Cultural em 1990. Ainda foi bibliotec\u00e1ria na Universidade Estadual de Maring\u00e1. Maria Adelina de Melo e Souza faleceu em 2022, mas deixou um legado inesquec\u00edvel e imensur\u00e1vel para a cultura cambeense.<\/span><\/p>\n<p style=\"text-align: justify;\"><span style=\"font-weight: 400; font-family: arial, helvetica, sans-serif;\"><img decoding=\"async\" class=\"alignleft size-large wp-image-17594\" src=\"https:\/\/www.cambe.pr.gov.br\/wp-content\/uploads\/2025\/08\/DSC_0147-1024x683.jpg\" alt=\"\" width=\"610\" height=\"407\" srcset=\"https:\/\/www.cambe.pr.gov.br\/wp-content\/uploads\/2025\/08\/DSC_0147-1024x683.jpg 1024w, https:\/\/www.cambe.pr.gov.br\/wp-content\/uploads\/2025\/08\/DSC_0147-300x200.jpg 300w, https:\/\/www.cambe.pr.gov.br\/wp-content\/uploads\/2025\/08\/DSC_0147-768x512.jpg 768w, https:\/\/www.cambe.pr.gov.br\/wp-content\/uploads\/2025\/08\/DSC_0147-1536x1024.jpg 1536w, https:\/\/www.cambe.pr.gov.br\/wp-content\/uploads\/2025\/08\/DSC_0147-2048x1365.jpg 2048w\" sizes=\"(max-width: 610px) 100vw, 610px\" \/>A secret\u00e1ria municipal de Educa\u00e7\u00e3o e Cultura, Estela Camata, ressaltou a import\u00e2ncia do munic\u00edpio contar com uma biblioteca de qualidade, e desse novo espa\u00e7o levar o nome de uma pessoa t\u00e3o importante para que esse momento viesse ocorrer. A biblioteca representa um espa\u00e7o de conhecimento, de est\u00edmulo. Estamos em novos tempos, com a internet, onde a gente tem muita informa\u00e7\u00e3o na palma da m\u00e3o. Mas \u00e9 atrav\u00e9s do livro que a crian\u00e7a aprende, desenvolve a criatividade, a imagina\u00e7\u00e3o. Ent\u00e3o, n\u00f3s temos que sempre incentivar a leitura em espa\u00e7os como esse. E a homenagem \u00e0 Maria Adelina \u00e9 um reconhecimento por uma servidora que dedicou a vida, n\u00e3o s\u00f3 ao espa\u00e7o do Centro Cultural, mas quando foi a primeira bibliotec\u00e1ria do munic\u00edpio. Ela \u00e9 reconhecida tamb\u00e9m por todos os servidores que trabalharam com ela. Ent\u00e3o, \u00e9 uma homenagem merecida para quem dedicou a vida \u00e0 cultura, \u00e0 biblioteca, \u00e0 leitura e ao conhecimento\u201d, disse.<\/span><\/p>\n<p style=\"text-align: justify;\"><span style=\"font-weight: 400; font-family: arial, helvetica, sans-serif;\">A Biblioteca P\u00fablica Municipal est\u00e1 localizada no piso superior do Centro Cultural, na Rua Par\u00e1, 161, e funciona de segunda a sexta-feira, das 8h30 \u00e0s 11h30 e das 13h \u00e0s 17h.<\/span><\/p>\n<p>&nbsp;<\/p>\n<p style=\"text-align: justify;\"><strong><span style=\"font-family: arial, helvetica, sans-serif;\">Biblioteca P\u00fablica Municipal Maria Adelina de Melo e Souza<\/span><\/strong><\/p>\n<p style=\"text-align: justify;\"><span style=\"font-weight: 400; font-family: arial, helvetica, sans-serif;\">A Biblioteca P\u00fablica Municipal de Camb\u00e9 foi criada pela Lei Municipal n.\u00ba 214\/1960. Iniciou a sua organiza\u00e7\u00e3o em 1954, sendo inaugurada em dia 24 de dezembro de 1962. A Biblioteca P\u00fablica come\u00e7ou suas atividades em uma sala de aula do Col\u00e9gio Estadual Olavo Bilac, depois funcionou na Rua Otto Gaertner, 35.\u00a0<\/span><\/p>\n<p style=\"text-align: justify;\"><span style=\"font-weight: 400; font-family: arial, helvetica, sans-serif;\">Com o tempo, e o desenvolvimento do munic\u00edpio, foi necess\u00e1ria a constru\u00e7\u00e3o de um Centro Cultural que abrigasse a Secretaria Municipal de Cultura e a Biblioteca P\u00fablica. O Centro Cultural de Camb\u00e9, foi inaugurado no dia 1 de novembro de 1990, com o intuito de promover a cultura. Mas j\u00e1 em 2 de novembro de 1990, a biblioteca foi transferida para o espa\u00e7o.<\/span><\/p>\n","protected":false},"excerpt":{"rendered":"<p>Um dos marcos culturais de Camb\u00e9, a Biblioteca P\u00fablica Municipal foi reinaugurada em evento nesta segunda-feira (18). Em novo espa\u00e7o, agora no piso superior do Centro Cultural, a Biblioteca P\u00fablica Municipal passou por reforma, troca de equipamentos e constru\u00e7\u00e3o de um novo ambiente idealizado para as crian\u00e7as. Al\u00e9m disso, tamb\u00e9m foi rebatizada, e agora leva [&hellip;]<\/p>\n","protected":false},"author":16,"featured_media":0,"comment_status":"closed","ping_status":"closed","sticky":false,"template":"","format":"standard","meta":{"ngg_post_thumbnail":0,"footnotes":""},"categories":[1],"tags":[],"class_list":["post-17592","post","type-post","status-publish","format-standard","hentry","category-principal"],"yoast_head":"<!-- This site is optimized with the Yoast SEO plugin v27.4 - https:\/\/yoast.com\/product\/yoast-seo-wordpress\/ -->\n<title>Biblioteca P\u00fablica Municipal \u00e9 reinaugurada ap\u00f3s reforma e melhoria do espa\u00e7o - Prefeitura de Camb\u00e9<\/title>\n<meta name=\"robots\" content=\"index, follow, max-snippet:-1, max-image-preview:large, max-video-preview:-1\" \/>\n<link rel=\"canonical\" href=\"https:\/\/www.cambe.pr.gov.br\/index.php\/biblioteca-publica-municipal-e-reinaugurada-apos-reforma-e-melhoria-do-espaco\/\" \/>\n<meta property=\"og:locale\" content=\"pt_BR\" \/>\n<meta property=\"og:type\" content=\"article\" \/>\n<meta property=\"og:title\" content=\"Biblioteca P\u00fablica Municipal \u00e9 reinaugurada ap\u00f3s reforma e melhoria do espa\u00e7o - Prefeitura de Camb\u00e9\" \/>\n<meta property=\"og:description\" content=\"Um dos marcos culturais de Camb\u00e9, a Biblioteca P\u00fablica Municipal foi reinaugurada em evento nesta segunda-feira (18). Em novo espa\u00e7o, agora no piso superior do Centro Cultural, a Biblioteca P\u00fablica Municipal passou por reforma, troca de equipamentos e constru\u00e7\u00e3o de um novo ambiente idealizado para as crian\u00e7as. Al\u00e9m disso, tamb\u00e9m foi rebatizada, e agora leva [&hellip;]\" \/>\n<meta property=\"og:url\" content=\"https:\/\/www.cambe.pr.gov.br\/index.php\/biblioteca-publica-municipal-e-reinaugurada-apos-reforma-e-melhoria-do-espaco\/\" \/>\n<meta property=\"og:site_name\" content=\"Prefeitura de Camb\u00e9\" \/>\n<meta property=\"article:publisher\" content=\"https:\/\/m.facebook.com\/prefeituradecambe\" \/>\n<meta property=\"article:published_time\" content=\"2025-08-19T13:31:38+00:00\" \/>\n<meta property=\"article:modified_time\" content=\"2025-08-21T19:02:47+00:00\" \/>\n<meta property=\"og:image\" content=\"https:\/\/www.cambe.pr.gov.br\/wp-content\/uploads\/2025\/08\/DSC_0131-scaled.jpg\" \/>\n\t<meta property=\"og:image:width\" content=\"2560\" \/>\n\t<meta property=\"og:image:height\" content=\"1707\" \/>\n\t<meta property=\"og:image:type\" content=\"image\/jpeg\" \/>\n<meta name=\"author\" content=\"Vinicius Augusto Batista Eira\" \/>\n<meta name=\"twitter:card\" content=\"summary_large_image\" \/>\n<meta name=\"twitter:label1\" content=\"Escrito por\" \/>\n\t<meta name=\"twitter:data1\" content=\"Vinicius Augusto Batista Eira\" \/>\n\t<meta name=\"twitter:label2\" content=\"Est. tempo de leitura\" \/>\n\t<meta name=\"twitter:data2\" content=\"4 minutos\" \/>\n<script type=\"application\/ld+json\" class=\"yoast-schema-graph\">{\"@context\":\"https:\\\/\\\/schema.org\",\"@graph\":[{\"@type\":\"Article\",\"@id\":\"https:\\\/\\\/www.cambe.pr.gov.br\\\/index.php\\\/biblioteca-publica-municipal-e-reinaugurada-apos-reforma-e-melhoria-do-espaco\\\/#article\",\"isPartOf\":{\"@id\":\"https:\\\/\\\/www.cambe.pr.gov.br\\\/index.php\\\/biblioteca-publica-municipal-e-reinaugurada-apos-reforma-e-melhoria-do-espaco\\\/\"},\"author\":{\"name\":\"Vinicius Augusto Batista Eira\",\"@id\":\"https:\\\/\\\/www.cambe.pr.gov.br\\\/#\\\/schema\\\/person\\\/8e3ee69cb2cadf4b9f8377407227effd\"},\"headline\":\"Biblioteca P\u00fablica Municipal \u00e9 reinaugurada ap\u00f3s reforma e melhoria do espa\u00e7o\",\"datePublished\":\"2025-08-19T13:31:38+00:00\",\"dateModified\":\"2025-08-21T19:02:47+00:00\",\"mainEntityOfPage\":{\"@id\":\"https:\\\/\\\/www.cambe.pr.gov.br\\\/index.php\\\/biblioteca-publica-municipal-e-reinaugurada-apos-reforma-e-melhoria-do-espaco\\\/\"},\"wordCount\":657,\"publisher\":{\"@id\":\"https:\\\/\\\/www.cambe.pr.gov.br\\\/#organization\"},\"image\":{\"@id\":\"https:\\\/\\\/www.cambe.pr.gov.br\\\/index.php\\\/biblioteca-publica-municipal-e-reinaugurada-apos-reforma-e-melhoria-do-espaco\\\/#primaryimage\"},\"thumbnailUrl\":\"https:\\\/\\\/www.cambe.pr.gov.br\\\/wp-content\\\/uploads\\\/2025\\\/08\\\/DSC_0131-1024x683.jpg\",\"articleSection\":[\"Principal\"],\"inLanguage\":\"pt-BR\"},{\"@type\":\"WebPage\",\"@id\":\"https:\\\/\\\/www.cambe.pr.gov.br\\\/index.php\\\/biblioteca-publica-municipal-e-reinaugurada-apos-reforma-e-melhoria-do-espaco\\\/\",\"url\":\"https:\\\/\\\/www.cambe.pr.gov.br\\\/index.php\\\/biblioteca-publica-municipal-e-reinaugurada-apos-reforma-e-melhoria-do-espaco\\\/\",\"name\":\"Biblioteca P\u00fablica Municipal \u00e9 reinaugurada ap\u00f3s reforma e melhoria do espa\u00e7o - Prefeitura de Camb\u00e9\",\"isPartOf\":{\"@id\":\"https:\\\/\\\/www.cambe.pr.gov.br\\\/#website\"},\"primaryImageOfPage\":{\"@id\":\"https:\\\/\\\/www.cambe.pr.gov.br\\\/index.php\\\/biblioteca-publica-municipal-e-reinaugurada-apos-reforma-e-melhoria-do-espaco\\\/#primaryimage\"},\"image\":{\"@id\":\"https:\\\/\\\/www.cambe.pr.gov.br\\\/index.php\\\/biblioteca-publica-municipal-e-reinaugurada-apos-reforma-e-melhoria-do-espaco\\\/#primaryimage\"},\"thumbnailUrl\":\"https:\\\/\\\/www.cambe.pr.gov.br\\\/wp-content\\\/uploads\\\/2025\\\/08\\\/DSC_0131-1024x683.jpg\",\"datePublished\":\"2025-08-19T13:31:38+00:00\",\"dateModified\":\"2025-08-21T19:02:47+00:00\",\"breadcrumb\":{\"@id\":\"https:\\\/\\\/www.cambe.pr.gov.br\\\/index.php\\\/biblioteca-publica-municipal-e-reinaugurada-apos-reforma-e-melhoria-do-espaco\\\/#breadcrumb\"},\"inLanguage\":\"pt-BR\",\"potentialAction\":[{\"@type\":\"ReadAction\",\"target\":[\"https:\\\/\\\/www.cambe.pr.gov.br\\\/index.php\\\/biblioteca-publica-municipal-e-reinaugurada-apos-reforma-e-melhoria-do-espaco\\\/\"]}]},{\"@type\":\"ImageObject\",\"inLanguage\":\"pt-BR\",\"@id\":\"https:\\\/\\\/www.cambe.pr.gov.br\\\/index.php\\\/biblioteca-publica-municipal-e-reinaugurada-apos-reforma-e-melhoria-do-espaco\\\/#primaryimage\",\"url\":\"https:\\\/\\\/www.cambe.pr.gov.br\\\/wp-content\\\/uploads\\\/2025\\\/08\\\/DSC_0131-scaled.jpg\",\"contentUrl\":\"https:\\\/\\\/www.cambe.pr.gov.br\\\/wp-content\\\/uploads\\\/2025\\\/08\\\/DSC_0131-scaled.jpg\",\"width\":2560,\"height\":1707},{\"@type\":\"BreadcrumbList\",\"@id\":\"https:\\\/\\\/www.cambe.pr.gov.br\\\/index.php\\\/biblioteca-publica-municipal-e-reinaugurada-apos-reforma-e-melhoria-do-espaco\\\/#breadcrumb\",\"itemListElement\":[{\"@type\":\"ListItem\",\"position\":1,\"name\":\"In\u00edcio\",\"item\":\"https:\\\/\\\/www.cambe.pr.gov.br\\\/\"},{\"@type\":\"ListItem\",\"position\":2,\"name\":\"Biblioteca P\u00fablica Municipal \u00e9 reinaugurada ap\u00f3s reforma e melhoria do espa\u00e7o\"}]},{\"@type\":\"WebSite\",\"@id\":\"https:\\\/\\\/www.cambe.pr.gov.br\\\/#website\",\"url\":\"https:\\\/\\\/www.cambe.pr.gov.br\\\/\",\"name\":\"Prefeitura de Camb\u00e9\",\"description\":\"UM GOVERNO PARA TODOS\",\"publisher\":{\"@id\":\"https:\\\/\\\/www.cambe.pr.gov.br\\\/#organization\"},\"potentialAction\":[{\"@type\":\"SearchAction\",\"target\":{\"@type\":\"EntryPoint\",\"urlTemplate\":\"https:\\\/\\\/www.cambe.pr.gov.br\\\/?s={search_term_string}\"},\"query-input\":{\"@type\":\"PropertyValueSpecification\",\"valueRequired\":true,\"valueName\":\"search_term_string\"}}],\"inLanguage\":\"pt-BR\"},{\"@type\":\"Organization\",\"@id\":\"https:\\\/\\\/www.cambe.pr.gov.br\\\/#organization\",\"name\":\"Prefeitura de Camb\u00e9\",\"url\":\"https:\\\/\\\/www.cambe.pr.gov.br\\\/\",\"logo\":{\"@type\":\"ImageObject\",\"inLanguage\":\"pt-BR\",\"@id\":\"https:\\\/\\\/www.cambe.pr.gov.br\\\/#\\\/schema\\\/logo\\\/image\\\/\",\"url\":\"https:\\\/\\\/www.cambe.pr.gov.br\\\/wp-content\\\/uploads\\\/2021\\\/01\\\/cropped-cropped-cambe_brazao-icone.png\",\"contentUrl\":\"https:\\\/\\\/www.cambe.pr.gov.br\\\/wp-content\\\/uploads\\\/2021\\\/01\\\/cropped-cropped-cambe_brazao-icone.png\",\"width\":240,\"height\":240,\"caption\":\"Prefeitura de Camb\u00e9\"},\"image\":{\"@id\":\"https:\\\/\\\/www.cambe.pr.gov.br\\\/#\\\/schema\\\/logo\\\/image\\\/\"},\"sameAs\":[\"https:\\\/\\\/m.facebook.com\\\/prefeituradecambe\"]},{\"@type\":\"Person\",\"@id\":\"https:\\\/\\\/www.cambe.pr.gov.br\\\/#\\\/schema\\\/person\\\/8e3ee69cb2cadf4b9f8377407227effd\",\"name\":\"Vinicius Augusto Batista Eira\",\"image\":{\"@type\":\"ImageObject\",\"inLanguage\":\"pt-BR\",\"@id\":\"https:\\\/\\\/secure.gravatar.com\\\/avatar\\\/1ec500de7013b30e1d4d7c8c3978f0e4433c37e5d5e4cd186239369c6440122b?s=96&d=mm&r=g\",\"url\":\"https:\\\/\\\/secure.gravatar.com\\\/avatar\\\/1ec500de7013b30e1d4d7c8c3978f0e4433c37e5d5e4cd186239369c6440122b?s=96&d=mm&r=g\",\"contentUrl\":\"https:\\\/\\\/secure.gravatar.com\\\/avatar\\\/1ec500de7013b30e1d4d7c8c3978f0e4433c37e5d5e4cd186239369c6440122b?s=96&d=mm&r=g\",\"caption\":\"Vinicius Augusto Batista Eira\"},\"url\":\"https:\\\/\\\/www.cambe.pr.gov.br\\\/index.php\\\/author\\\/vabeira\\\/\"}]}<\/script>\n<!-- \/ Yoast SEO plugin. -->","yoast_head_json":{"title":"Biblioteca P\u00fablica Municipal \u00e9 reinaugurada ap\u00f3s reforma e melhoria do espa\u00e7o - Prefeitura de Camb\u00e9","robots":{"index":"index","follow":"follow","max-snippet":"max-snippet:-1","max-image-preview":"max-image-preview:large","max-video-preview":"max-video-preview:-1"},"canonical":"https:\/\/www.cambe.pr.gov.br\/index.php\/biblioteca-publica-municipal-e-reinaugurada-apos-reforma-e-melhoria-do-espaco\/","og_locale":"pt_BR","og_type":"article","og_title":"Biblioteca P\u00fablica Municipal \u00e9 reinaugurada ap\u00f3s reforma e melhoria do espa\u00e7o - Prefeitura de Camb\u00e9","og_description":"Um dos marcos culturais de Camb\u00e9, a Biblioteca P\u00fablica Municipal foi reinaugurada em evento nesta segunda-feira (18). Em novo espa\u00e7o, agora no piso superior do Centro Cultural, a Biblioteca P\u00fablica Municipal passou por reforma, troca de equipamentos e constru\u00e7\u00e3o de um novo ambiente idealizado para as crian\u00e7as. Al\u00e9m disso, tamb\u00e9m foi rebatizada, e agora leva [&hellip;]","og_url":"https:\/\/www.cambe.pr.gov.br\/index.php\/biblioteca-publica-municipal-e-reinaugurada-apos-reforma-e-melhoria-do-espaco\/","og_site_name":"Prefeitura de Camb\u00e9","article_publisher":"https:\/\/m.facebook.com\/prefeituradecambe","article_published_time":"2025-08-19T13:31:38+00:00","article_modified_time":"2025-08-21T19:02:47+00:00","og_image":[{"width":2560,"height":1707,"url":"https:\/\/www.cambe.pr.gov.br\/wp-content\/uploads\/2025\/08\/DSC_0131-scaled.jpg","type":"image\/jpeg"}],"author":"Vinicius Augusto Batista Eira","twitter_card":"summary_large_image","twitter_misc":{"Escrito por":"Vinicius Augusto Batista Eira","Est. tempo de leitura":"4 minutos"},"schema":{"@context":"https:\/\/schema.org","@graph":[{"@type":"Article","@id":"https:\/\/www.cambe.pr.gov.br\/index.php\/biblioteca-publica-municipal-e-reinaugurada-apos-reforma-e-melhoria-do-espaco\/#article","isPartOf":{"@id":"https:\/\/www.cambe.pr.gov.br\/index.php\/biblioteca-publica-municipal-e-reinaugurada-apos-reforma-e-melhoria-do-espaco\/"},"author":{"name":"Vinicius Augusto Batista Eira","@id":"https:\/\/www.cambe.pr.gov.br\/#\/schema\/person\/8e3ee69cb2cadf4b9f8377407227effd"},"headline":"Biblioteca P\u00fablica Municipal \u00e9 reinaugurada ap\u00f3s reforma e melhoria do espa\u00e7o","datePublished":"2025-08-19T13:31:38+00:00","dateModified":"2025-08-21T19:02:47+00:00","mainEntityOfPage":{"@id":"https:\/\/www.cambe.pr.gov.br\/index.php\/biblioteca-publica-municipal-e-reinaugurada-apos-reforma-e-melhoria-do-espaco\/"},"wordCount":657,"publisher":{"@id":"https:\/\/www.cambe.pr.gov.br\/#organization"},"image":{"@id":"https:\/\/www.cambe.pr.gov.br\/index.php\/biblioteca-publica-municipal-e-reinaugurada-apos-reforma-e-melhoria-do-espaco\/#primaryimage"},"thumbnailUrl":"https:\/\/www.cambe.pr.gov.br\/wp-content\/uploads\/2025\/08\/DSC_0131-1024x683.jpg","articleSection":["Principal"],"inLanguage":"pt-BR"},{"@type":"WebPage","@id":"https:\/\/www.cambe.pr.gov.br\/index.php\/biblioteca-publica-municipal-e-reinaugurada-apos-reforma-e-melhoria-do-espaco\/","url":"https:\/\/www.cambe.pr.gov.br\/index.php\/biblioteca-publica-municipal-e-reinaugurada-apos-reforma-e-melhoria-do-espaco\/","name":"Biblioteca P\u00fablica Municipal \u00e9 reinaugurada ap\u00f3s reforma e melhoria do espa\u00e7o - Prefeitura de Camb\u00e9","isPartOf":{"@id":"https:\/\/www.cambe.pr.gov.br\/#website"},"primaryImageOfPage":{"@id":"https:\/\/www.cambe.pr.gov.br\/index.php\/biblioteca-publica-municipal-e-reinaugurada-apos-reforma-e-melhoria-do-espaco\/#primaryimage"},"image":{"@id":"https:\/\/www.cambe.pr.gov.br\/index.php\/biblioteca-publica-municipal-e-reinaugurada-apos-reforma-e-melhoria-do-espaco\/#primaryimage"},"thumbnailUrl":"https:\/\/www.cambe.pr.gov.br\/wp-content\/uploads\/2025\/08\/DSC_0131-1024x683.jpg","datePublished":"2025-08-19T13:31:38+00:00","dateModified":"2025-08-21T19:02:47+00:00","breadcrumb":{"@id":"https:\/\/www.cambe.pr.gov.br\/index.php\/biblioteca-publica-municipal-e-reinaugurada-apos-reforma-e-melhoria-do-espaco\/#breadcrumb"},"inLanguage":"pt-BR","potentialAction":[{"@type":"ReadAction","target":["https:\/\/www.cambe.pr.gov.br\/index.php\/biblioteca-publica-municipal-e-reinaugurada-apos-reforma-e-melhoria-do-espaco\/"]}]},{"@type":"ImageObject","inLanguage":"pt-BR","@id":"https:\/\/www.cambe.pr.gov.br\/index.php\/biblioteca-publica-municipal-e-reinaugurada-apos-reforma-e-melhoria-do-espaco\/#primaryimage","url":"https:\/\/www.cambe.pr.gov.br\/wp-content\/uploads\/2025\/08\/DSC_0131-scaled.jpg","contentUrl":"https:\/\/www.cambe.pr.gov.br\/wp-content\/uploads\/2025\/08\/DSC_0131-scaled.jpg","width":2560,"height":1707},{"@type":"BreadcrumbList","@id":"https:\/\/www.cambe.pr.gov.br\/index.php\/biblioteca-publica-municipal-e-reinaugurada-apos-reforma-e-melhoria-do-espaco\/#breadcrumb","itemListElement":[{"@type":"ListItem","position":1,"name":"In\u00edcio","item":"https:\/\/www.cambe.pr.gov.br\/"},{"@type":"ListItem","position":2,"name":"Biblioteca P\u00fablica Municipal \u00e9 reinaugurada ap\u00f3s reforma e melhoria do espa\u00e7o"}]},{"@type":"WebSite","@id":"https:\/\/www.cambe.pr.gov.br\/#website","url":"https:\/\/www.cambe.pr.gov.br\/","name":"Prefeitura de Camb\u00e9","description":"UM GOVERNO PARA TODOS","publisher":{"@id":"https:\/\/www.cambe.pr.gov.br\/#organization"},"potentialAction":[{"@type":"SearchAction","target":{"@type":"EntryPoint","urlTemplate":"https:\/\/www.cambe.pr.gov.br\/?s={search_term_string}"},"query-input":{"@type":"PropertyValueSpecification","valueRequired":true,"valueName":"search_term_string"}}],"inLanguage":"pt-BR"},{"@type":"Organization","@id":"https:\/\/www.cambe.pr.gov.br\/#organization","name":"Prefeitura de Camb\u00e9","url":"https:\/\/www.cambe.pr.gov.br\/","logo":{"@type":"ImageObject","inLanguage":"pt-BR","@id":"https:\/\/www.cambe.pr.gov.br\/#\/schema\/logo\/image\/","url":"https:\/\/www.cambe.pr.gov.br\/wp-content\/uploads\/2021\/01\/cropped-cropped-cambe_brazao-icone.png","contentUrl":"https:\/\/www.cambe.pr.gov.br\/wp-content\/uploads\/2021\/01\/cropped-cropped-cambe_brazao-icone.png","width":240,"height":240,"caption":"Prefeitura de Camb\u00e9"},"image":{"@id":"https:\/\/www.cambe.pr.gov.br\/#\/schema\/logo\/image\/"},"sameAs":["https:\/\/m.facebook.com\/prefeituradecambe"]},{"@type":"Person","@id":"https:\/\/www.cambe.pr.gov.br\/#\/schema\/person\/8e3ee69cb2cadf4b9f8377407227effd","name":"Vinicius Augusto Batista Eira","image":{"@type":"ImageObject","inLanguage":"pt-BR","@id":"https:\/\/secure.gravatar.com\/avatar\/1ec500de7013b30e1d4d7c8c3978f0e4433c37e5d5e4cd186239369c6440122b?s=96&d=mm&r=g","url":"https:\/\/secure.gravatar.com\/avatar\/1ec500de7013b30e1d4d7c8c3978f0e4433c37e5d5e4cd186239369c6440122b?s=96&d=mm&r=g","contentUrl":"https:\/\/secure.gravatar.com\/avatar\/1ec500de7013b30e1d4d7c8c3978f0e4433c37e5d5e4cd186239369c6440122b?s=96&d=mm&r=g","caption":"Vinicius Augusto Batista Eira"},"url":"https:\/\/www.cambe.pr.gov.br\/index.php\/author\/vabeira\/"}]}},"_links":{"self":[{"href":"https:\/\/www.cambe.pr.gov.br\/index.php\/wp-json\/wp\/v2\/posts\/17592","targetHints":{"allow":["GET"]}}],"collection":[{"href":"https:\/\/www.cambe.pr.gov.br\/index.php\/wp-json\/wp\/v2\/posts"}],"about":[{"href":"https:\/\/www.cambe.pr.gov.br\/index.php\/wp-json\/wp\/v2\/types\/post"}],"author":[{"embeddable":true,"href":"https:\/\/www.cambe.pr.gov.br\/index.php\/wp-json\/wp\/v2\/users\/16"}],"replies":[{"embeddable":true,"href":"https:\/\/www.cambe.pr.gov.br\/index.php\/wp-json\/wp\/v2\/comments?post=17592"}],"version-history":[{"count":6,"href":"https:\/\/www.cambe.pr.gov.br\/index.php\/wp-json\/wp\/v2\/posts\/17592\/revisions"}],"predecessor-version":[{"id":17609,"href":"https:\/\/www.cambe.pr.gov.br\/index.php\/wp-json\/wp\/v2\/posts\/17592\/revisions\/17609"}],"wp:attachment":[{"href":"https:\/\/www.cambe.pr.gov.br\/index.php\/wp-json\/wp\/v2\/media?parent=17592"}],"wp:term":[{"taxonomy":"category","embeddable":true,"href":"https:\/\/www.cambe.pr.gov.br\/index.php\/wp-json\/wp\/v2\/categories?post=17592"},{"taxonomy":"post_tag","embeddable":true,"href":"https:\/\/www.cambe.pr.gov.br\/index.php\/wp-json\/wp\/v2\/tags?post=17592"}],"curies":[{"name":"wp","href":"https:\/\/api.w.org\/{rel}","templated":true}]}}