{"id":17586,"date":"2025-08-18T15:51:08","date_gmt":"2025-08-18T18:51:08","guid":{"rendered":"https:\/\/www.cambe.pr.gov.br\/?p=17586"},"modified":"2025-08-18T16:38:28","modified_gmt":"2025-08-18T19:38:28","slug":"prefeitura-promove-acao-de-enfrentamento-a-violencia-contra-a-mulher-no-calcadao-nesta-terca-19","status":"publish","type":"post","link":"https:\/\/www.cambe.pr.gov.br\/index.php\/prefeitura-promove-acao-de-enfrentamento-a-violencia-contra-a-mulher-no-calcadao-nesta-terca-19\/","title":{"rendered":"Prefeitura promove a\u00e7\u00e3o de enfrentamento \u00e0 viol\u00eancia contra a mulher no cal\u00e7ad\u00e3o nesta ter\u00e7a (19)"},"content":{"rendered":"<p style=\"text-align: justify;\"><span style=\"font-weight: 400; font-family: arial, helvetica, sans-serif;\"><img fetchpriority=\"high\" decoding=\"async\" class=\"alignleft size-large wp-image-17587\" src=\"https:\/\/www.cambe.pr.gov.br\/wp-content\/uploads\/2025\/08\/WhatsApp-Image-2025-08-18-at-15.26.01-819x1024.jpeg\" alt=\"\" width=\"610\" height=\"763\" srcset=\"https:\/\/www.cambe.pr.gov.br\/wp-content\/uploads\/2025\/08\/WhatsApp-Image-2025-08-18-at-15.26.01-819x1024.jpeg 819w, https:\/\/www.cambe.pr.gov.br\/wp-content\/uploads\/2025\/08\/WhatsApp-Image-2025-08-18-at-15.26.01-240x300.jpeg 240w, https:\/\/www.cambe.pr.gov.br\/wp-content\/uploads\/2025\/08\/WhatsApp-Image-2025-08-18-at-15.26.01-768x960.jpeg 768w, https:\/\/www.cambe.pr.gov.br\/wp-content\/uploads\/2025\/08\/WhatsApp-Image-2025-08-18-at-15.26.01.jpeg 1024w\" sizes=\"(max-width: 610px) 100vw, 610px\" \/>Para preven\u00e7\u00e3o de todas as formas de viol\u00eancia, assim como divulga\u00e7\u00e3o do trabalho para as mulheres de Camb\u00e9, a Prefeitura promove o evento Uma Cor, Uma Luta. A iniciativa \u00e9 da Secretaria Municipal de Assist\u00eancia Social e Cidadania, voltada para toda a popula\u00e7\u00e3o, e ir\u00e1 contar com orienta\u00e7\u00e3o de seguran\u00e7a e direitos, entrega de materiais para divulga\u00e7\u00e3o de a\u00e7\u00f5es e atendimentos de sa\u00fade gratuitos. Uma Cor, Uma Luta acontece no Cal\u00e7ad\u00e3o, entre a Rua Fran\u00e7a e a Avenida Inglaterra, nesta ter\u00e7a-feira (19), a partir das 9h.<\/span><\/p>\n<p style=\"text-align: justify;\"><span style=\"font-weight: 400; font-family: arial, helvetica, sans-serif;\">A a\u00e7\u00e3o conta com as secretarias municipais que fazem trabalho ao p\u00fablico feminino, os segmentos da seguran\u00e7a p\u00fablica, sistema de justi\u00e7a e de coletivos da sociedade civil, representando componentes importantes da rede de atendimento \u00e0 mulher cambeense e da Pol\u00edtica da Mulher.\u00a0<\/span><\/p>\n<p style=\"text-align: justify;\"><span style=\"font-weight: 400; font-family: arial, helvetica, sans-serif;\">O destaque \u00e9 o \u00d4nibus Lil\u00e1s, da Secretaria Estadual da Mulher, Igualdade Racial e Pessoa Idosa &#8211; SEMIPI, que far\u00e1 atendimentos de orienta\u00e7\u00e3o \u00e0 popula\u00e7\u00e3o promovidos pela equipe da Procuradoria da Mulher, Defensoria P\u00fablica do Estado do Paran\u00e1, Conselho da Comunidade e CREAS. Al\u00e9m do \u00d4nibus Lil\u00e1s, a Secretaria Municipal de Sa\u00fade P\u00fablica estar\u00e1 com o \u00d4nibus da Mulher para coleta de exame preventivo e avalia\u00e7\u00e3o de sa\u00fade bucal. Atividades dos grupos atendidos pelos parceiros da a\u00e7\u00e3o e exposi\u00e7\u00e3o de trabalhos tamb\u00e9m ser\u00e3o realizadas com participa\u00e7\u00e3o aberta \u00e0 comunidade.<\/span><\/p>\n<p style=\"text-align: justify;\"><span style=\"font-weight: 400; font-family: arial, helvetica, sans-serif;\">Desde o \u00faltimo m\u00eas, o munic\u00edpio vem sediando eventos de conscientiza\u00e7\u00e3o da viol\u00eancia contra a mulher e luta contra o feminic\u00eddio, como a <a href=\"https:\/\/www.cambe.pr.gov.br\/index.php\/luta-contra-o-feminicidio-cambe-participa-da-3a-caminhada-do-meio-dia-nesta-terca-feira-22\/\" target=\"_blank\" rel=\"noopener\"><strong>Caminhada do Meio Dia<\/strong><\/a>, e blitz para entrega de material no tr\u00e2nsito.<\/span><\/p>\n<p style=\"text-align: justify;\"><span style=\"font-weight: 400; font-family: arial, helvetica, sans-serif;\">A secret\u00e1ria municipal de Assist\u00eancia Social e Cidadania, Fl\u00e1via Iwakura, ressaltou essas a\u00e7\u00f5es fazem parte da campanha Uma Cor, Uma Luta, alusiva ao agosto lil\u00e1s, o m\u00eas de mobiliza\u00e7\u00e3o pelo enfrentamento da viol\u00eancia contra a mulher. Com isso, o munic\u00edpio deixa exposto para as mulheres de Camb\u00e9 que nenhuma delas est\u00e1 sozinha.<\/span><\/p>\n<p style=\"text-align: justify;\"><span style=\"font-weight: 400; font-family: arial, helvetica, sans-serif;\">\u201cNesta ter\u00e7a, n\u00f3s estaremos ali reunidas com todas as outras secretarias, apresentando os trabalhos, os grupos de mulheres e oportunidades voltadas para esse p\u00fablico no nosso munic\u00edpio. \u00c9 um marco ter toda a rede de atendimento \u00e0 mulher cambeense, o \u00d4nibus Lil\u00e1s do governo do Estado, Procuradoria da Mulher, Defensoria P\u00fablica do Estado do Paran\u00e1, Conselho da Comunidade, CREAS e \u00d4nibus da Mulher. \u00c9 mais uma a\u00e7\u00e3o para a mobiliza\u00e7\u00e3o do Augusto Lil\u00e1s, para ficar marcado mais uma vez no nosso munic\u00edpio, chamar aten\u00e7\u00e3o para essa pauta e fortalecer a pol\u00edtica p\u00fablica para a mulher&#8221;, disse a secret\u00e1ria.<\/span><\/p>\n","protected":false},"excerpt":{"rendered":"<p>Para preven\u00e7\u00e3o de todas as formas de viol\u00eancia, assim como divulga\u00e7\u00e3o do trabalho para as mulheres de Camb\u00e9, a Prefeitura promove o evento Uma Cor, Uma Luta. A iniciativa \u00e9 da Secretaria Municipal de Assist\u00eancia Social e Cidadania, voltada para toda a popula\u00e7\u00e3o, e ir\u00e1 contar com orienta\u00e7\u00e3o de seguran\u00e7a e direitos, entrega de materiais [&hellip;]<\/p>\n","protected":false},"author":16,"featured_media":0,"comment_status":"closed","ping_status":"closed","sticky":false,"template":"","format":"standard","meta":{"ngg_post_thumbnail":0,"footnotes":""},"categories":[1],"tags":[],"class_list":["post-17586","post","type-post","status-publish","format-standard","hentry","category-principal"],"yoast_head":"<!-- This site is optimized with the Yoast SEO plugin v27.4 - https:\/\/yoast.com\/product\/yoast-seo-wordpress\/ -->\n<title>Prefeitura promove a\u00e7\u00e3o de enfrentamento \u00e0 viol\u00eancia contra a mulher no cal\u00e7ad\u00e3o nesta ter\u00e7a (19) - Prefeitura de Camb\u00e9<\/title>\n<meta name=\"robots\" content=\"index, follow, max-snippet:-1, max-image-preview:large, max-video-preview:-1\" \/>\n<link rel=\"canonical\" href=\"https:\/\/www.cambe.pr.gov.br\/index.php\/prefeitura-promove-acao-de-enfrentamento-a-violencia-contra-a-mulher-no-calcadao-nesta-terca-19\/\" \/>\n<meta property=\"og:locale\" content=\"pt_BR\" \/>\n<meta property=\"og:type\" content=\"article\" \/>\n<meta property=\"og:title\" content=\"Prefeitura promove a\u00e7\u00e3o de enfrentamento \u00e0 viol\u00eancia contra a mulher no cal\u00e7ad\u00e3o nesta ter\u00e7a (19) - Prefeitura de Camb\u00e9\" \/>\n<meta property=\"og:description\" content=\"Para preven\u00e7\u00e3o de todas as formas de viol\u00eancia, assim como divulga\u00e7\u00e3o do trabalho para as mulheres de Camb\u00e9, a Prefeitura promove o evento Uma Cor, Uma Luta. A iniciativa \u00e9 da Secretaria Municipal de Assist\u00eancia Social e Cidadania, voltada para toda a popula\u00e7\u00e3o, e ir\u00e1 contar com orienta\u00e7\u00e3o de seguran\u00e7a e direitos, entrega de materiais [&hellip;]\" \/>\n<meta property=\"og:url\" content=\"https:\/\/www.cambe.pr.gov.br\/index.php\/prefeitura-promove-acao-de-enfrentamento-a-violencia-contra-a-mulher-no-calcadao-nesta-terca-19\/\" \/>\n<meta property=\"og:site_name\" content=\"Prefeitura de Camb\u00e9\" \/>\n<meta property=\"article:publisher\" content=\"https:\/\/m.facebook.com\/prefeituradecambe\" \/>\n<meta property=\"article:published_time\" content=\"2025-08-18T18:51:08+00:00\" \/>\n<meta property=\"article:modified_time\" content=\"2025-08-18T19:38:28+00:00\" \/>\n<meta property=\"og:image\" content=\"https:\/\/www.cambe.pr.gov.br\/wp-content\/uploads\/2025\/08\/WhatsApp-Image-2025-08-18-at-15.26.01.jpeg\" \/>\n\t<meta property=\"og:image:width\" content=\"1024\" \/>\n\t<meta property=\"og:image:height\" content=\"1280\" \/>\n\t<meta property=\"og:image:type\" content=\"image\/jpeg\" \/>\n<meta name=\"author\" content=\"Vinicius Augusto Batista Eira\" \/>\n<meta name=\"twitter:card\" content=\"summary_large_image\" \/>\n<meta name=\"twitter:label1\" content=\"Escrito por\" \/>\n\t<meta name=\"twitter:data1\" content=\"Vinicius Augusto Batista Eira\" \/>\n\t<meta name=\"twitter:label2\" content=\"Est. tempo de leitura\" \/>\n\t<meta name=\"twitter:data2\" content=\"3 minutos\" \/>\n<script type=\"application\/ld+json\" class=\"yoast-schema-graph\">{\"@context\":\"https:\\\/\\\/schema.org\",\"@graph\":[{\"@type\":\"Article\",\"@id\":\"https:\\\/\\\/www.cambe.pr.gov.br\\\/index.php\\\/prefeitura-promove-acao-de-enfrentamento-a-violencia-contra-a-mulher-no-calcadao-nesta-terca-19\\\/#article\",\"isPartOf\":{\"@id\":\"https:\\\/\\\/www.cambe.pr.gov.br\\\/index.php\\\/prefeitura-promove-acao-de-enfrentamento-a-violencia-contra-a-mulher-no-calcadao-nesta-terca-19\\\/\"},\"author\":{\"name\":\"Vinicius Augusto Batista Eira\",\"@id\":\"https:\\\/\\\/www.cambe.pr.gov.br\\\/#\\\/schema\\\/person\\\/8e3ee69cb2cadf4b9f8377407227effd\"},\"headline\":\"Prefeitura promove a\u00e7\u00e3o de enfrentamento \u00e0 viol\u00eancia contra a mulher no cal\u00e7ad\u00e3o nesta ter\u00e7a (19)\",\"datePublished\":\"2025-08-18T18:51:08+00:00\",\"dateModified\":\"2025-08-18T19:38:28+00:00\",\"mainEntityOfPage\":{\"@id\":\"https:\\\/\\\/www.cambe.pr.gov.br\\\/index.php\\\/prefeitura-promove-acao-de-enfrentamento-a-violencia-contra-a-mulher-no-calcadao-nesta-terca-19\\\/\"},\"wordCount\":475,\"publisher\":{\"@id\":\"https:\\\/\\\/www.cambe.pr.gov.br\\\/#organization\"},\"image\":{\"@id\":\"https:\\\/\\\/www.cambe.pr.gov.br\\\/index.php\\\/prefeitura-promove-acao-de-enfrentamento-a-violencia-contra-a-mulher-no-calcadao-nesta-terca-19\\\/#primaryimage\"},\"thumbnailUrl\":\"https:\\\/\\\/www.cambe.pr.gov.br\\\/wp-content\\\/uploads\\\/2025\\\/08\\\/WhatsApp-Image-2025-08-18-at-15.26.01-819x1024.jpeg\",\"articleSection\":[\"Principal\"],\"inLanguage\":\"pt-BR\"},{\"@type\":\"WebPage\",\"@id\":\"https:\\\/\\\/www.cambe.pr.gov.br\\\/index.php\\\/prefeitura-promove-acao-de-enfrentamento-a-violencia-contra-a-mulher-no-calcadao-nesta-terca-19\\\/\",\"url\":\"https:\\\/\\\/www.cambe.pr.gov.br\\\/index.php\\\/prefeitura-promove-acao-de-enfrentamento-a-violencia-contra-a-mulher-no-calcadao-nesta-terca-19\\\/\",\"name\":\"Prefeitura promove a\u00e7\u00e3o de enfrentamento \u00e0 viol\u00eancia contra a mulher no cal\u00e7ad\u00e3o nesta ter\u00e7a (19) - Prefeitura de Camb\u00e9\",\"isPartOf\":{\"@id\":\"https:\\\/\\\/www.cambe.pr.gov.br\\\/#website\"},\"primaryImageOfPage\":{\"@id\":\"https:\\\/\\\/www.cambe.pr.gov.br\\\/index.php\\\/prefeitura-promove-acao-de-enfrentamento-a-violencia-contra-a-mulher-no-calcadao-nesta-terca-19\\\/#primaryimage\"},\"image\":{\"@id\":\"https:\\\/\\\/www.cambe.pr.gov.br\\\/index.php\\\/prefeitura-promove-acao-de-enfrentamento-a-violencia-contra-a-mulher-no-calcadao-nesta-terca-19\\\/#primaryimage\"},\"thumbnailUrl\":\"https:\\\/\\\/www.cambe.pr.gov.br\\\/wp-content\\\/uploads\\\/2025\\\/08\\\/WhatsApp-Image-2025-08-18-at-15.26.01-819x1024.jpeg\",\"datePublished\":\"2025-08-18T18:51:08+00:00\",\"dateModified\":\"2025-08-18T19:38:28+00:00\",\"breadcrumb\":{\"@id\":\"https:\\\/\\\/www.cambe.pr.gov.br\\\/index.php\\\/prefeitura-promove-acao-de-enfrentamento-a-violencia-contra-a-mulher-no-calcadao-nesta-terca-19\\\/#breadcrumb\"},\"inLanguage\":\"pt-BR\",\"potentialAction\":[{\"@type\":\"ReadAction\",\"target\":[\"https:\\\/\\\/www.cambe.pr.gov.br\\\/index.php\\\/prefeitura-promove-acao-de-enfrentamento-a-violencia-contra-a-mulher-no-calcadao-nesta-terca-19\\\/\"]}]},{\"@type\":\"ImageObject\",\"inLanguage\":\"pt-BR\",\"@id\":\"https:\\\/\\\/www.cambe.pr.gov.br\\\/index.php\\\/prefeitura-promove-acao-de-enfrentamento-a-violencia-contra-a-mulher-no-calcadao-nesta-terca-19\\\/#primaryimage\",\"url\":\"https:\\\/\\\/www.cambe.pr.gov.br\\\/wp-content\\\/uploads\\\/2025\\\/08\\\/WhatsApp-Image-2025-08-18-at-15.26.01.jpeg\",\"contentUrl\":\"https:\\\/\\\/www.cambe.pr.gov.br\\\/wp-content\\\/uploads\\\/2025\\\/08\\\/WhatsApp-Image-2025-08-18-at-15.26.01.jpeg\",\"width\":1024,\"height\":1280},{\"@type\":\"BreadcrumbList\",\"@id\":\"https:\\\/\\\/www.cambe.pr.gov.br\\\/index.php\\\/prefeitura-promove-acao-de-enfrentamento-a-violencia-contra-a-mulher-no-calcadao-nesta-terca-19\\\/#breadcrumb\",\"itemListElement\":[{\"@type\":\"ListItem\",\"position\":1,\"name\":\"In\u00edcio\",\"item\":\"https:\\\/\\\/www.cambe.pr.gov.br\\\/\"},{\"@type\":\"ListItem\",\"position\":2,\"name\":\"Prefeitura promove a\u00e7\u00e3o de enfrentamento \u00e0 viol\u00eancia contra a mulher no cal\u00e7ad\u00e3o nesta ter\u00e7a (19)\"}]},{\"@type\":\"WebSite\",\"@id\":\"https:\\\/\\\/www.cambe.pr.gov.br\\\/#website\",\"url\":\"https:\\\/\\\/www.cambe.pr.gov.br\\\/\",\"name\":\"Prefeitura de Camb\u00e9\",\"description\":\"UM GOVERNO PARA TODOS\",\"publisher\":{\"@id\":\"https:\\\/\\\/www.cambe.pr.gov.br\\\/#organization\"},\"potentialAction\":[{\"@type\":\"SearchAction\",\"target\":{\"@type\":\"EntryPoint\",\"urlTemplate\":\"https:\\\/\\\/www.cambe.pr.gov.br\\\/?s={search_term_string}\"},\"query-input\":{\"@type\":\"PropertyValueSpecification\",\"valueRequired\":true,\"valueName\":\"search_term_string\"}}],\"inLanguage\":\"pt-BR\"},{\"@type\":\"Organization\",\"@id\":\"https:\\\/\\\/www.cambe.pr.gov.br\\\/#organization\",\"name\":\"Prefeitura de Camb\u00e9\",\"url\":\"https:\\\/\\\/www.cambe.pr.gov.br\\\/\",\"logo\":{\"@type\":\"ImageObject\",\"inLanguage\":\"pt-BR\",\"@id\":\"https:\\\/\\\/www.cambe.pr.gov.br\\\/#\\\/schema\\\/logo\\\/image\\\/\",\"url\":\"https:\\\/\\\/www.cambe.pr.gov.br\\\/wp-content\\\/uploads\\\/2021\\\/01\\\/cropped-cropped-cambe_brazao-icone.png\",\"contentUrl\":\"https:\\\/\\\/www.cambe.pr.gov.br\\\/wp-content\\\/uploads\\\/2021\\\/01\\\/cropped-cropped-cambe_brazao-icone.png\",\"width\":240,\"height\":240,\"caption\":\"Prefeitura de Camb\u00e9\"},\"image\":{\"@id\":\"https:\\\/\\\/www.cambe.pr.gov.br\\\/#\\\/schema\\\/logo\\\/image\\\/\"},\"sameAs\":[\"https:\\\/\\\/m.facebook.com\\\/prefeituradecambe\"]},{\"@type\":\"Person\",\"@id\":\"https:\\\/\\\/www.cambe.pr.gov.br\\\/#\\\/schema\\\/person\\\/8e3ee69cb2cadf4b9f8377407227effd\",\"name\":\"Vinicius Augusto Batista Eira\",\"image\":{\"@type\":\"ImageObject\",\"inLanguage\":\"pt-BR\",\"@id\":\"https:\\\/\\\/secure.gravatar.com\\\/avatar\\\/1ec500de7013b30e1d4d7c8c3978f0e4433c37e5d5e4cd186239369c6440122b?s=96&d=mm&r=g\",\"url\":\"https:\\\/\\\/secure.gravatar.com\\\/avatar\\\/1ec500de7013b30e1d4d7c8c3978f0e4433c37e5d5e4cd186239369c6440122b?s=96&d=mm&r=g\",\"contentUrl\":\"https:\\\/\\\/secure.gravatar.com\\\/avatar\\\/1ec500de7013b30e1d4d7c8c3978f0e4433c37e5d5e4cd186239369c6440122b?s=96&d=mm&r=g\",\"caption\":\"Vinicius Augusto Batista Eira\"},\"url\":\"https:\\\/\\\/www.cambe.pr.gov.br\\\/index.php\\\/author\\\/vabeira\\\/\"}]}<\/script>\n<!-- \/ Yoast SEO plugin. -->","yoast_head_json":{"title":"Prefeitura promove a\u00e7\u00e3o de enfrentamento \u00e0 viol\u00eancia contra a mulher no cal\u00e7ad\u00e3o nesta ter\u00e7a (19) - Prefeitura de Camb\u00e9","robots":{"index":"index","follow":"follow","max-snippet":"max-snippet:-1","max-image-preview":"max-image-preview:large","max-video-preview":"max-video-preview:-1"},"canonical":"https:\/\/www.cambe.pr.gov.br\/index.php\/prefeitura-promove-acao-de-enfrentamento-a-violencia-contra-a-mulher-no-calcadao-nesta-terca-19\/","og_locale":"pt_BR","og_type":"article","og_title":"Prefeitura promove a\u00e7\u00e3o de enfrentamento \u00e0 viol\u00eancia contra a mulher no cal\u00e7ad\u00e3o nesta ter\u00e7a (19) - Prefeitura de Camb\u00e9","og_description":"Para preven\u00e7\u00e3o de todas as formas de viol\u00eancia, assim como divulga\u00e7\u00e3o do trabalho para as mulheres de Camb\u00e9, a Prefeitura promove o evento Uma Cor, Uma Luta. A iniciativa \u00e9 da Secretaria Municipal de Assist\u00eancia Social e Cidadania, voltada para toda a popula\u00e7\u00e3o, e ir\u00e1 contar com orienta\u00e7\u00e3o de seguran\u00e7a e direitos, entrega de materiais [&hellip;]","og_url":"https:\/\/www.cambe.pr.gov.br\/index.php\/prefeitura-promove-acao-de-enfrentamento-a-violencia-contra-a-mulher-no-calcadao-nesta-terca-19\/","og_site_name":"Prefeitura de Camb\u00e9","article_publisher":"https:\/\/m.facebook.com\/prefeituradecambe","article_published_time":"2025-08-18T18:51:08+00:00","article_modified_time":"2025-08-18T19:38:28+00:00","og_image":[{"width":1024,"height":1280,"url":"https:\/\/www.cambe.pr.gov.br\/wp-content\/uploads\/2025\/08\/WhatsApp-Image-2025-08-18-at-15.26.01.jpeg","type":"image\/jpeg"}],"author":"Vinicius Augusto Batista Eira","twitter_card":"summary_large_image","twitter_misc":{"Escrito por":"Vinicius Augusto Batista Eira","Est. tempo de leitura":"3 minutos"},"schema":{"@context":"https:\/\/schema.org","@graph":[{"@type":"Article","@id":"https:\/\/www.cambe.pr.gov.br\/index.php\/prefeitura-promove-acao-de-enfrentamento-a-violencia-contra-a-mulher-no-calcadao-nesta-terca-19\/#article","isPartOf":{"@id":"https:\/\/www.cambe.pr.gov.br\/index.php\/prefeitura-promove-acao-de-enfrentamento-a-violencia-contra-a-mulher-no-calcadao-nesta-terca-19\/"},"author":{"name":"Vinicius Augusto Batista Eira","@id":"https:\/\/www.cambe.pr.gov.br\/#\/schema\/person\/8e3ee69cb2cadf4b9f8377407227effd"},"headline":"Prefeitura promove a\u00e7\u00e3o de enfrentamento \u00e0 viol\u00eancia contra a mulher no cal\u00e7ad\u00e3o nesta ter\u00e7a (19)","datePublished":"2025-08-18T18:51:08+00:00","dateModified":"2025-08-18T19:38:28+00:00","mainEntityOfPage":{"@id":"https:\/\/www.cambe.pr.gov.br\/index.php\/prefeitura-promove-acao-de-enfrentamento-a-violencia-contra-a-mulher-no-calcadao-nesta-terca-19\/"},"wordCount":475,"publisher":{"@id":"https:\/\/www.cambe.pr.gov.br\/#organization"},"image":{"@id":"https:\/\/www.cambe.pr.gov.br\/index.php\/prefeitura-promove-acao-de-enfrentamento-a-violencia-contra-a-mulher-no-calcadao-nesta-terca-19\/#primaryimage"},"thumbnailUrl":"https:\/\/www.cambe.pr.gov.br\/wp-content\/uploads\/2025\/08\/WhatsApp-Image-2025-08-18-at-15.26.01-819x1024.jpeg","articleSection":["Principal"],"inLanguage":"pt-BR"},{"@type":"WebPage","@id":"https:\/\/www.cambe.pr.gov.br\/index.php\/prefeitura-promove-acao-de-enfrentamento-a-violencia-contra-a-mulher-no-calcadao-nesta-terca-19\/","url":"https:\/\/www.cambe.pr.gov.br\/index.php\/prefeitura-promove-acao-de-enfrentamento-a-violencia-contra-a-mulher-no-calcadao-nesta-terca-19\/","name":"Prefeitura promove a\u00e7\u00e3o de enfrentamento \u00e0 viol\u00eancia contra a mulher no cal\u00e7ad\u00e3o nesta ter\u00e7a (19) - Prefeitura de Camb\u00e9","isPartOf":{"@id":"https:\/\/www.cambe.pr.gov.br\/#website"},"primaryImageOfPage":{"@id":"https:\/\/www.cambe.pr.gov.br\/index.php\/prefeitura-promove-acao-de-enfrentamento-a-violencia-contra-a-mulher-no-calcadao-nesta-terca-19\/#primaryimage"},"image":{"@id":"https:\/\/www.cambe.pr.gov.br\/index.php\/prefeitura-promove-acao-de-enfrentamento-a-violencia-contra-a-mulher-no-calcadao-nesta-terca-19\/#primaryimage"},"thumbnailUrl":"https:\/\/www.cambe.pr.gov.br\/wp-content\/uploads\/2025\/08\/WhatsApp-Image-2025-08-18-at-15.26.01-819x1024.jpeg","datePublished":"2025-08-18T18:51:08+00:00","dateModified":"2025-08-18T19:38:28+00:00","breadcrumb":{"@id":"https:\/\/www.cambe.pr.gov.br\/index.php\/prefeitura-promove-acao-de-enfrentamento-a-violencia-contra-a-mulher-no-calcadao-nesta-terca-19\/#breadcrumb"},"inLanguage":"pt-BR","potentialAction":[{"@type":"ReadAction","target":["https:\/\/www.cambe.pr.gov.br\/index.php\/prefeitura-promove-acao-de-enfrentamento-a-violencia-contra-a-mulher-no-calcadao-nesta-terca-19\/"]}]},{"@type":"ImageObject","inLanguage":"pt-BR","@id":"https:\/\/www.cambe.pr.gov.br\/index.php\/prefeitura-promove-acao-de-enfrentamento-a-violencia-contra-a-mulher-no-calcadao-nesta-terca-19\/#primaryimage","url":"https:\/\/www.cambe.pr.gov.br\/wp-content\/uploads\/2025\/08\/WhatsApp-Image-2025-08-18-at-15.26.01.jpeg","contentUrl":"https:\/\/www.cambe.pr.gov.br\/wp-content\/uploads\/2025\/08\/WhatsApp-Image-2025-08-18-at-15.26.01.jpeg","width":1024,"height":1280},{"@type":"BreadcrumbList","@id":"https:\/\/www.cambe.pr.gov.br\/index.php\/prefeitura-promove-acao-de-enfrentamento-a-violencia-contra-a-mulher-no-calcadao-nesta-terca-19\/#breadcrumb","itemListElement":[{"@type":"ListItem","position":1,"name":"In\u00edcio","item":"https:\/\/www.cambe.pr.gov.br\/"},{"@type":"ListItem","position":2,"name":"Prefeitura promove a\u00e7\u00e3o de enfrentamento \u00e0 viol\u00eancia contra a mulher no cal\u00e7ad\u00e3o nesta ter\u00e7a (19)"}]},{"@type":"WebSite","@id":"https:\/\/www.cambe.pr.gov.br\/#website","url":"https:\/\/www.cambe.pr.gov.br\/","name":"Prefeitura de Camb\u00e9","description":"UM GOVERNO PARA TODOS","publisher":{"@id":"https:\/\/www.cambe.pr.gov.br\/#organization"},"potentialAction":[{"@type":"SearchAction","target":{"@type":"EntryPoint","urlTemplate":"https:\/\/www.cambe.pr.gov.br\/?s={search_term_string}"},"query-input":{"@type":"PropertyValueSpecification","valueRequired":true,"valueName":"search_term_string"}}],"inLanguage":"pt-BR"},{"@type":"Organization","@id":"https:\/\/www.cambe.pr.gov.br\/#organization","name":"Prefeitura de Camb\u00e9","url":"https:\/\/www.cambe.pr.gov.br\/","logo":{"@type":"ImageObject","inLanguage":"pt-BR","@id":"https:\/\/www.cambe.pr.gov.br\/#\/schema\/logo\/image\/","url":"https:\/\/www.cambe.pr.gov.br\/wp-content\/uploads\/2021\/01\/cropped-cropped-cambe_brazao-icone.png","contentUrl":"https:\/\/www.cambe.pr.gov.br\/wp-content\/uploads\/2021\/01\/cropped-cropped-cambe_brazao-icone.png","width":240,"height":240,"caption":"Prefeitura de Camb\u00e9"},"image":{"@id":"https:\/\/www.cambe.pr.gov.br\/#\/schema\/logo\/image\/"},"sameAs":["https:\/\/m.facebook.com\/prefeituradecambe"]},{"@type":"Person","@id":"https:\/\/www.cambe.pr.gov.br\/#\/schema\/person\/8e3ee69cb2cadf4b9f8377407227effd","name":"Vinicius Augusto Batista Eira","image":{"@type":"ImageObject","inLanguage":"pt-BR","@id":"https:\/\/secure.gravatar.com\/avatar\/1ec500de7013b30e1d4d7c8c3978f0e4433c37e5d5e4cd186239369c6440122b?s=96&d=mm&r=g","url":"https:\/\/secure.gravatar.com\/avatar\/1ec500de7013b30e1d4d7c8c3978f0e4433c37e5d5e4cd186239369c6440122b?s=96&d=mm&r=g","contentUrl":"https:\/\/secure.gravatar.com\/avatar\/1ec500de7013b30e1d4d7c8c3978f0e4433c37e5d5e4cd186239369c6440122b?s=96&d=mm&r=g","caption":"Vinicius Augusto Batista Eira"},"url":"https:\/\/www.cambe.pr.gov.br\/index.php\/author\/vabeira\/"}]}},"_links":{"self":[{"href":"https:\/\/www.cambe.pr.gov.br\/index.php\/wp-json\/wp\/v2\/posts\/17586","targetHints":{"allow":["GET"]}}],"collection":[{"href":"https:\/\/www.cambe.pr.gov.br\/index.php\/wp-json\/wp\/v2\/posts"}],"about":[{"href":"https:\/\/www.cambe.pr.gov.br\/index.php\/wp-json\/wp\/v2\/types\/post"}],"author":[{"embeddable":true,"href":"https:\/\/www.cambe.pr.gov.br\/index.php\/wp-json\/wp\/v2\/users\/16"}],"replies":[{"embeddable":true,"href":"https:\/\/www.cambe.pr.gov.br\/index.php\/wp-json\/wp\/v2\/comments?post=17586"}],"version-history":[{"count":2,"href":"https:\/\/www.cambe.pr.gov.br\/index.php\/wp-json\/wp\/v2\/posts\/17586\/revisions"}],"predecessor-version":[{"id":17589,"href":"https:\/\/www.cambe.pr.gov.br\/index.php\/wp-json\/wp\/v2\/posts\/17586\/revisions\/17589"}],"wp:attachment":[{"href":"https:\/\/www.cambe.pr.gov.br\/index.php\/wp-json\/wp\/v2\/media?parent=17586"}],"wp:term":[{"taxonomy":"category","embeddable":true,"href":"https:\/\/www.cambe.pr.gov.br\/index.php\/wp-json\/wp\/v2\/categories?post=17586"},{"taxonomy":"post_tag","embeddable":true,"href":"https:\/\/www.cambe.pr.gov.br\/index.php\/wp-json\/wp\/v2\/tags?post=17586"}],"curies":[{"name":"wp","href":"https:\/\/api.w.org\/{rel}","templated":true}]}}