{"id":17576,"date":"2025-08-15T10:21:12","date_gmt":"2025-08-15T13:21:12","guid":{"rendered":"https:\/\/www.cambe.pr.gov.br\/?p=17576"},"modified":"2025-08-15T10:21:23","modified_gmt":"2025-08-15T13:21:23","slug":"festinbe-divulgada-lista-de-selecionados-para-a-1a-mostra-de-teatro-independente-de-cambe","status":"publish","type":"post","link":"https:\/\/www.cambe.pr.gov.br\/index.php\/festinbe-divulgada-lista-de-selecionados-para-a-1a-mostra-de-teatro-independente-de-cambe\/","title":{"rendered":"Festinb\u00e9: divulgada lista de selecionados para a 1\u00aa Mostra de Teatro Independente de Camb\u00e9"},"content":{"rendered":"<p style=\"text-align: justify;\"><span style=\"font-weight: 400; font-family: arial, helvetica, sans-serif;\"><img fetchpriority=\"high\" decoding=\"async\" class=\"alignleft size-large wp-image-17230\" src=\"https:\/\/www.cambe.pr.gov.br\/wp-content\/uploads\/2025\/06\/Imagem-do-WhatsApp-de-2025-06-23-as-15.16.01_b4e3bba7-819x1024.jpg\" alt=\"\" width=\"610\" height=\"763\" srcset=\"https:\/\/www.cambe.pr.gov.br\/wp-content\/uploads\/2025\/06\/Imagem-do-WhatsApp-de-2025-06-23-as-15.16.01_b4e3bba7-819x1024.jpg 819w, https:\/\/www.cambe.pr.gov.br\/wp-content\/uploads\/2025\/06\/Imagem-do-WhatsApp-de-2025-06-23-as-15.16.01_b4e3bba7-240x300.jpg 240w, https:\/\/www.cambe.pr.gov.br\/wp-content\/uploads\/2025\/06\/Imagem-do-WhatsApp-de-2025-06-23-as-15.16.01_b4e3bba7-768x960.jpg 768w, https:\/\/www.cambe.pr.gov.br\/wp-content\/uploads\/2025\/06\/Imagem-do-WhatsApp-de-2025-06-23-as-15.16.01_b4e3bba7-1229x1536.jpg 1229w, https:\/\/www.cambe.pr.gov.br\/wp-content\/uploads\/2025\/06\/Imagem-do-WhatsApp-de-2025-06-23-as-15.16.01_b4e3bba7.jpg 1280w\" sizes=\"(max-width: 610px) 100vw, 610px\" \/>Mais acesso \u00e0 cultura e ao teatro em Camb\u00e9. Foi divulgado a lista de selecionados para a primeira edi\u00e7\u00e3o do Festinb\u00e9 &#8211; 1\u00aa Mostra de Teatro Independente de Camb\u00e9. O evento pioneiro visa incentivar a produ\u00e7\u00e3o e oportunidade cultural no munic\u00edpio. Ao todo, foram escolhidos dez trabalhos, de 35 inscritos, que se apresentam em novembro. A mostra \u00e9 uma iniciativa da Academia de Artes Cultural e conta com o apoio da Prefeitura, por meio da Secretaria Municipal de Educa\u00e7\u00e3o e Cultura de Camb\u00e9, atrav\u00e9s da Pol\u00edtica Nacional Aldir Blanc (PNAB) e realiza\u00e7\u00e3o do Ponto de Cultura Teatro Ramalho.<\/span><\/p>\n<p style=\"text-align: justify;\"><span style=\"font-weight: 400; font-family: arial, helvetica, sans-serif;\">A 1\u00aa Mostra acontece entre os dias 8 e 16 de novembro, em diversos pontos de Camb\u00e9 como o Centro Cultural, Centro da Juventude, CCI do Novo Bandeirantes, Parque Hist\u00f3rico, Biblioteca, Lar Santo Ant\u00f4nio e no Teatro Ramalho. A edi\u00e7\u00e3o contar\u00e1 com tr\u00eas modalidades de participa\u00e7\u00e3o, sendo elas: mostras, que incluem pequenas apresenta\u00e7\u00f5es e performances teatrais e conta\u00e7\u00e3o de hist\u00f3rias pelos equipamentos culturais da cidade; laborat\u00f3rios, que oferecem experi\u00eancias art\u00edsticas em v\u00e1rias linguagens como teatro, circo e dan\u00e7a); e espet\u00e1culo, com uma oportunidade para um espet\u00e1culo teatral que ser\u00e1 apresentado no Teatro Ramalho.\u00a0<\/span><\/p>\n<p style=\"text-align: justify;\"><span style=\"font-weight: 400; font-family: arial, helvetica, sans-serif;\">Foram selecionados os seguintes trabalhos, laborat\u00f3rio: Priscila Fonteles &#8211; Da estante para o palco, Jefferson Maciel &#8211; Maratona do ator e Amanda Figueira &#8211; Mulheres em movimento; mostra: Edna Aguiar &#8211; Preta do Leite, Beca Conta &#8211; Onde as hist\u00f3rias encontram o brincar, Primavera Jata\u00ed &#8211; Mi\u00fada Giganta, Cia. EB &#8211; Um sonho de liberdade, Cia de Theatro Fase 3 &#8211; Col\u00f3quio D&#8217;\u00e1gua e Batuta Cultural &#8211; O circo biruta e o mosquito mequetrefe; e espet\u00e1culo: com Cia. FUNCART de Teatro &#8211; Dr. Gabriel &#8220;Uma alma partida&#8221; com dire\u00e7\u00e3o de Silvio Ribeiro.<\/span><\/p>\n<p style=\"text-align: justify;\"><span style=\"font-weight: 400; font-family: arial, helvetica, sans-serif;\">Mais informa\u00e7\u00f5es no Instagram do Festival, atrav\u00e9s <a href=\"https:\/\/www.instagram.com\/festinbe\/\" target=\"_blank\" rel=\"noopener\"><strong>deste link<\/strong><\/a>.<\/span><\/p>\n","protected":false},"excerpt":{"rendered":"<p>Mais acesso \u00e0 cultura e ao teatro em Camb\u00e9. Foi divulgado a lista de selecionados para a primeira edi\u00e7\u00e3o do Festinb\u00e9 &#8211; 1\u00aa Mostra de Teatro Independente de Camb\u00e9. O evento pioneiro visa incentivar a produ\u00e7\u00e3o e oportunidade cultural no munic\u00edpio. Ao todo, foram escolhidos dez trabalhos, de 35 inscritos, que se apresentam em novembro. [&hellip;]<\/p>\n","protected":false},"author":16,"featured_media":0,"comment_status":"closed","ping_status":"closed","sticky":false,"template":"","format":"standard","meta":{"ngg_post_thumbnail":0,"footnotes":""},"categories":[1],"tags":[],"class_list":["post-17576","post","type-post","status-publish","format-standard","hentry","category-principal"],"yoast_head":"<!-- This site is optimized with the Yoast SEO plugin v27.4 - https:\/\/yoast.com\/product\/yoast-seo-wordpress\/ -->\n<title>Festinb\u00e9: divulgada lista de selecionados para a 1\u00aa Mostra de Teatro Independente de Camb\u00e9 - Prefeitura de Camb\u00e9<\/title>\n<meta name=\"robots\" content=\"index, follow, max-snippet:-1, max-image-preview:large, max-video-preview:-1\" \/>\n<link rel=\"canonical\" href=\"https:\/\/www.cambe.pr.gov.br\/index.php\/festinbe-divulgada-lista-de-selecionados-para-a-1a-mostra-de-teatro-independente-de-cambe\/\" \/>\n<meta property=\"og:locale\" content=\"pt_BR\" \/>\n<meta property=\"og:type\" content=\"article\" \/>\n<meta property=\"og:title\" content=\"Festinb\u00e9: divulgada lista de selecionados para a 1\u00aa Mostra de Teatro Independente de Camb\u00e9 - Prefeitura de Camb\u00e9\" \/>\n<meta property=\"og:description\" content=\"Mais acesso \u00e0 cultura e ao teatro em Camb\u00e9. Foi divulgado a lista de selecionados para a primeira edi\u00e7\u00e3o do Festinb\u00e9 &#8211; 1\u00aa Mostra de Teatro Independente de Camb\u00e9. O evento pioneiro visa incentivar a produ\u00e7\u00e3o e oportunidade cultural no munic\u00edpio. Ao todo, foram escolhidos dez trabalhos, de 35 inscritos, que se apresentam em novembro. [&hellip;]\" \/>\n<meta property=\"og:url\" content=\"https:\/\/www.cambe.pr.gov.br\/index.php\/festinbe-divulgada-lista-de-selecionados-para-a-1a-mostra-de-teatro-independente-de-cambe\/\" \/>\n<meta property=\"og:site_name\" content=\"Prefeitura de Camb\u00e9\" \/>\n<meta property=\"article:publisher\" content=\"https:\/\/m.facebook.com\/prefeituradecambe\" \/>\n<meta property=\"article:published_time\" content=\"2025-08-15T13:21:12+00:00\" \/>\n<meta property=\"article:modified_time\" content=\"2025-08-15T13:21:23+00:00\" \/>\n<meta property=\"og:image\" content=\"https:\/\/www.cambe.pr.gov.br\/wp-content\/uploads\/2025\/06\/Imagem-do-WhatsApp-de-2025-06-23-as-15.16.01_b4e3bba7.jpg\" \/>\n\t<meta property=\"og:image:width\" content=\"1280\" \/>\n\t<meta property=\"og:image:height\" content=\"1600\" \/>\n\t<meta property=\"og:image:type\" content=\"image\/jpeg\" \/>\n<meta name=\"author\" content=\"Vinicius Augusto Batista Eira\" \/>\n<meta name=\"twitter:card\" content=\"summary_large_image\" \/>\n<meta name=\"twitter:label1\" content=\"Escrito por\" \/>\n\t<meta name=\"twitter:data1\" content=\"Vinicius Augusto Batista Eira\" \/>\n\t<meta name=\"twitter:label2\" content=\"Est. tempo de leitura\" \/>\n\t<meta name=\"twitter:data2\" content=\"2 minutos\" \/>\n<script type=\"application\/ld+json\" class=\"yoast-schema-graph\">{\"@context\":\"https:\\\/\\\/schema.org\",\"@graph\":[{\"@type\":\"Article\",\"@id\":\"https:\\\/\\\/www.cambe.pr.gov.br\\\/index.php\\\/festinbe-divulgada-lista-de-selecionados-para-a-1a-mostra-de-teatro-independente-de-cambe\\\/#article\",\"isPartOf\":{\"@id\":\"https:\\\/\\\/www.cambe.pr.gov.br\\\/index.php\\\/festinbe-divulgada-lista-de-selecionados-para-a-1a-mostra-de-teatro-independente-de-cambe\\\/\"},\"author\":{\"name\":\"Vinicius Augusto Batista Eira\",\"@id\":\"https:\\\/\\\/www.cambe.pr.gov.br\\\/#\\\/schema\\\/person\\\/8e3ee69cb2cadf4b9f8377407227effd\"},\"headline\":\"Festinb\u00e9: divulgada lista de selecionados para a 1\u00aa Mostra de Teatro Independente de Camb\u00e9\",\"datePublished\":\"2025-08-15T13:21:12+00:00\",\"dateModified\":\"2025-08-15T13:21:23+00:00\",\"mainEntityOfPage\":{\"@id\":\"https:\\\/\\\/www.cambe.pr.gov.br\\\/index.php\\\/festinbe-divulgada-lista-de-selecionados-para-a-1a-mostra-de-teatro-independente-de-cambe\\\/\"},\"wordCount\":328,\"publisher\":{\"@id\":\"https:\\\/\\\/www.cambe.pr.gov.br\\\/#organization\"},\"image\":{\"@id\":\"https:\\\/\\\/www.cambe.pr.gov.br\\\/index.php\\\/festinbe-divulgada-lista-de-selecionados-para-a-1a-mostra-de-teatro-independente-de-cambe\\\/#primaryimage\"},\"thumbnailUrl\":\"https:\\\/\\\/www.cambe.pr.gov.br\\\/wp-content\\\/uploads\\\/2025\\\/06\\\/Imagem-do-WhatsApp-de-2025-06-23-as-15.16.01_b4e3bba7-819x1024.jpg\",\"articleSection\":[\"Principal\"],\"inLanguage\":\"pt-BR\"},{\"@type\":\"WebPage\",\"@id\":\"https:\\\/\\\/www.cambe.pr.gov.br\\\/index.php\\\/festinbe-divulgada-lista-de-selecionados-para-a-1a-mostra-de-teatro-independente-de-cambe\\\/\",\"url\":\"https:\\\/\\\/www.cambe.pr.gov.br\\\/index.php\\\/festinbe-divulgada-lista-de-selecionados-para-a-1a-mostra-de-teatro-independente-de-cambe\\\/\",\"name\":\"Festinb\u00e9: divulgada lista de selecionados para a 1\u00aa Mostra de Teatro Independente de Camb\u00e9 - Prefeitura de Camb\u00e9\",\"isPartOf\":{\"@id\":\"https:\\\/\\\/www.cambe.pr.gov.br\\\/#website\"},\"primaryImageOfPage\":{\"@id\":\"https:\\\/\\\/www.cambe.pr.gov.br\\\/index.php\\\/festinbe-divulgada-lista-de-selecionados-para-a-1a-mostra-de-teatro-independente-de-cambe\\\/#primaryimage\"},\"image\":{\"@id\":\"https:\\\/\\\/www.cambe.pr.gov.br\\\/index.php\\\/festinbe-divulgada-lista-de-selecionados-para-a-1a-mostra-de-teatro-independente-de-cambe\\\/#primaryimage\"},\"thumbnailUrl\":\"https:\\\/\\\/www.cambe.pr.gov.br\\\/wp-content\\\/uploads\\\/2025\\\/06\\\/Imagem-do-WhatsApp-de-2025-06-23-as-15.16.01_b4e3bba7-819x1024.jpg\",\"datePublished\":\"2025-08-15T13:21:12+00:00\",\"dateModified\":\"2025-08-15T13:21:23+00:00\",\"breadcrumb\":{\"@id\":\"https:\\\/\\\/www.cambe.pr.gov.br\\\/index.php\\\/festinbe-divulgada-lista-de-selecionados-para-a-1a-mostra-de-teatro-independente-de-cambe\\\/#breadcrumb\"},\"inLanguage\":\"pt-BR\",\"potentialAction\":[{\"@type\":\"ReadAction\",\"target\":[\"https:\\\/\\\/www.cambe.pr.gov.br\\\/index.php\\\/festinbe-divulgada-lista-de-selecionados-para-a-1a-mostra-de-teatro-independente-de-cambe\\\/\"]}]},{\"@type\":\"ImageObject\",\"inLanguage\":\"pt-BR\",\"@id\":\"https:\\\/\\\/www.cambe.pr.gov.br\\\/index.php\\\/festinbe-divulgada-lista-de-selecionados-para-a-1a-mostra-de-teatro-independente-de-cambe\\\/#primaryimage\",\"url\":\"https:\\\/\\\/www.cambe.pr.gov.br\\\/wp-content\\\/uploads\\\/2025\\\/06\\\/Imagem-do-WhatsApp-de-2025-06-23-as-15.16.01_b4e3bba7.jpg\",\"contentUrl\":\"https:\\\/\\\/www.cambe.pr.gov.br\\\/wp-content\\\/uploads\\\/2025\\\/06\\\/Imagem-do-WhatsApp-de-2025-06-23-as-15.16.01_b4e3bba7.jpg\",\"width\":1280,\"height\":1600},{\"@type\":\"BreadcrumbList\",\"@id\":\"https:\\\/\\\/www.cambe.pr.gov.br\\\/index.php\\\/festinbe-divulgada-lista-de-selecionados-para-a-1a-mostra-de-teatro-independente-de-cambe\\\/#breadcrumb\",\"itemListElement\":[{\"@type\":\"ListItem\",\"position\":1,\"name\":\"In\u00edcio\",\"item\":\"https:\\\/\\\/www.cambe.pr.gov.br\\\/\"},{\"@type\":\"ListItem\",\"position\":2,\"name\":\"Festinb\u00e9: divulgada lista de selecionados para a 1\u00aa Mostra de Teatro Independente de Camb\u00e9\"}]},{\"@type\":\"WebSite\",\"@id\":\"https:\\\/\\\/www.cambe.pr.gov.br\\\/#website\",\"url\":\"https:\\\/\\\/www.cambe.pr.gov.br\\\/\",\"name\":\"Prefeitura de Camb\u00e9\",\"description\":\"UM GOVERNO PARA TODOS\",\"publisher\":{\"@id\":\"https:\\\/\\\/www.cambe.pr.gov.br\\\/#organization\"},\"potentialAction\":[{\"@type\":\"SearchAction\",\"target\":{\"@type\":\"EntryPoint\",\"urlTemplate\":\"https:\\\/\\\/www.cambe.pr.gov.br\\\/?s={search_term_string}\"},\"query-input\":{\"@type\":\"PropertyValueSpecification\",\"valueRequired\":true,\"valueName\":\"search_term_string\"}}],\"inLanguage\":\"pt-BR\"},{\"@type\":\"Organization\",\"@id\":\"https:\\\/\\\/www.cambe.pr.gov.br\\\/#organization\",\"name\":\"Prefeitura de Camb\u00e9\",\"url\":\"https:\\\/\\\/www.cambe.pr.gov.br\\\/\",\"logo\":{\"@type\":\"ImageObject\",\"inLanguage\":\"pt-BR\",\"@id\":\"https:\\\/\\\/www.cambe.pr.gov.br\\\/#\\\/schema\\\/logo\\\/image\\\/\",\"url\":\"https:\\\/\\\/www.cambe.pr.gov.br\\\/wp-content\\\/uploads\\\/2021\\\/01\\\/cropped-cropped-cambe_brazao-icone.png\",\"contentUrl\":\"https:\\\/\\\/www.cambe.pr.gov.br\\\/wp-content\\\/uploads\\\/2021\\\/01\\\/cropped-cropped-cambe_brazao-icone.png\",\"width\":240,\"height\":240,\"caption\":\"Prefeitura de Camb\u00e9\"},\"image\":{\"@id\":\"https:\\\/\\\/www.cambe.pr.gov.br\\\/#\\\/schema\\\/logo\\\/image\\\/\"},\"sameAs\":[\"https:\\\/\\\/m.facebook.com\\\/prefeituradecambe\"]},{\"@type\":\"Person\",\"@id\":\"https:\\\/\\\/www.cambe.pr.gov.br\\\/#\\\/schema\\\/person\\\/8e3ee69cb2cadf4b9f8377407227effd\",\"name\":\"Vinicius Augusto Batista Eira\",\"image\":{\"@type\":\"ImageObject\",\"inLanguage\":\"pt-BR\",\"@id\":\"https:\\\/\\\/secure.gravatar.com\\\/avatar\\\/1ec500de7013b30e1d4d7c8c3978f0e4433c37e5d5e4cd186239369c6440122b?s=96&d=mm&r=g\",\"url\":\"https:\\\/\\\/secure.gravatar.com\\\/avatar\\\/1ec500de7013b30e1d4d7c8c3978f0e4433c37e5d5e4cd186239369c6440122b?s=96&d=mm&r=g\",\"contentUrl\":\"https:\\\/\\\/secure.gravatar.com\\\/avatar\\\/1ec500de7013b30e1d4d7c8c3978f0e4433c37e5d5e4cd186239369c6440122b?s=96&d=mm&r=g\",\"caption\":\"Vinicius Augusto Batista Eira\"},\"url\":\"https:\\\/\\\/www.cambe.pr.gov.br\\\/index.php\\\/author\\\/vabeira\\\/\"}]}<\/script>\n<!-- \/ Yoast SEO plugin. -->","yoast_head_json":{"title":"Festinb\u00e9: divulgada lista de selecionados para a 1\u00aa Mostra de Teatro Independente de Camb\u00e9 - Prefeitura de Camb\u00e9","robots":{"index":"index","follow":"follow","max-snippet":"max-snippet:-1","max-image-preview":"max-image-preview:large","max-video-preview":"max-video-preview:-1"},"canonical":"https:\/\/www.cambe.pr.gov.br\/index.php\/festinbe-divulgada-lista-de-selecionados-para-a-1a-mostra-de-teatro-independente-de-cambe\/","og_locale":"pt_BR","og_type":"article","og_title":"Festinb\u00e9: divulgada lista de selecionados para a 1\u00aa Mostra de Teatro Independente de Camb\u00e9 - Prefeitura de Camb\u00e9","og_description":"Mais acesso \u00e0 cultura e ao teatro em Camb\u00e9. Foi divulgado a lista de selecionados para a primeira edi\u00e7\u00e3o do Festinb\u00e9 &#8211; 1\u00aa Mostra de Teatro Independente de Camb\u00e9. O evento pioneiro visa incentivar a produ\u00e7\u00e3o e oportunidade cultural no munic\u00edpio. Ao todo, foram escolhidos dez trabalhos, de 35 inscritos, que se apresentam em novembro. [&hellip;]","og_url":"https:\/\/www.cambe.pr.gov.br\/index.php\/festinbe-divulgada-lista-de-selecionados-para-a-1a-mostra-de-teatro-independente-de-cambe\/","og_site_name":"Prefeitura de Camb\u00e9","article_publisher":"https:\/\/m.facebook.com\/prefeituradecambe","article_published_time":"2025-08-15T13:21:12+00:00","article_modified_time":"2025-08-15T13:21:23+00:00","og_image":[{"width":1280,"height":1600,"url":"https:\/\/www.cambe.pr.gov.br\/wp-content\/uploads\/2025\/06\/Imagem-do-WhatsApp-de-2025-06-23-as-15.16.01_b4e3bba7.jpg","type":"image\/jpeg"}],"author":"Vinicius Augusto Batista Eira","twitter_card":"summary_large_image","twitter_misc":{"Escrito por":"Vinicius Augusto Batista Eira","Est. tempo de leitura":"2 minutos"},"schema":{"@context":"https:\/\/schema.org","@graph":[{"@type":"Article","@id":"https:\/\/www.cambe.pr.gov.br\/index.php\/festinbe-divulgada-lista-de-selecionados-para-a-1a-mostra-de-teatro-independente-de-cambe\/#article","isPartOf":{"@id":"https:\/\/www.cambe.pr.gov.br\/index.php\/festinbe-divulgada-lista-de-selecionados-para-a-1a-mostra-de-teatro-independente-de-cambe\/"},"author":{"name":"Vinicius Augusto Batista Eira","@id":"https:\/\/www.cambe.pr.gov.br\/#\/schema\/person\/8e3ee69cb2cadf4b9f8377407227effd"},"headline":"Festinb\u00e9: divulgada lista de selecionados para a 1\u00aa Mostra de Teatro Independente de Camb\u00e9","datePublished":"2025-08-15T13:21:12+00:00","dateModified":"2025-08-15T13:21:23+00:00","mainEntityOfPage":{"@id":"https:\/\/www.cambe.pr.gov.br\/index.php\/festinbe-divulgada-lista-de-selecionados-para-a-1a-mostra-de-teatro-independente-de-cambe\/"},"wordCount":328,"publisher":{"@id":"https:\/\/www.cambe.pr.gov.br\/#organization"},"image":{"@id":"https:\/\/www.cambe.pr.gov.br\/index.php\/festinbe-divulgada-lista-de-selecionados-para-a-1a-mostra-de-teatro-independente-de-cambe\/#primaryimage"},"thumbnailUrl":"https:\/\/www.cambe.pr.gov.br\/wp-content\/uploads\/2025\/06\/Imagem-do-WhatsApp-de-2025-06-23-as-15.16.01_b4e3bba7-819x1024.jpg","articleSection":["Principal"],"inLanguage":"pt-BR"},{"@type":"WebPage","@id":"https:\/\/www.cambe.pr.gov.br\/index.php\/festinbe-divulgada-lista-de-selecionados-para-a-1a-mostra-de-teatro-independente-de-cambe\/","url":"https:\/\/www.cambe.pr.gov.br\/index.php\/festinbe-divulgada-lista-de-selecionados-para-a-1a-mostra-de-teatro-independente-de-cambe\/","name":"Festinb\u00e9: divulgada lista de selecionados para a 1\u00aa Mostra de Teatro Independente de Camb\u00e9 - Prefeitura de Camb\u00e9","isPartOf":{"@id":"https:\/\/www.cambe.pr.gov.br\/#website"},"primaryImageOfPage":{"@id":"https:\/\/www.cambe.pr.gov.br\/index.php\/festinbe-divulgada-lista-de-selecionados-para-a-1a-mostra-de-teatro-independente-de-cambe\/#primaryimage"},"image":{"@id":"https:\/\/www.cambe.pr.gov.br\/index.php\/festinbe-divulgada-lista-de-selecionados-para-a-1a-mostra-de-teatro-independente-de-cambe\/#primaryimage"},"thumbnailUrl":"https:\/\/www.cambe.pr.gov.br\/wp-content\/uploads\/2025\/06\/Imagem-do-WhatsApp-de-2025-06-23-as-15.16.01_b4e3bba7-819x1024.jpg","datePublished":"2025-08-15T13:21:12+00:00","dateModified":"2025-08-15T13:21:23+00:00","breadcrumb":{"@id":"https:\/\/www.cambe.pr.gov.br\/index.php\/festinbe-divulgada-lista-de-selecionados-para-a-1a-mostra-de-teatro-independente-de-cambe\/#breadcrumb"},"inLanguage":"pt-BR","potentialAction":[{"@type":"ReadAction","target":["https:\/\/www.cambe.pr.gov.br\/index.php\/festinbe-divulgada-lista-de-selecionados-para-a-1a-mostra-de-teatro-independente-de-cambe\/"]}]},{"@type":"ImageObject","inLanguage":"pt-BR","@id":"https:\/\/www.cambe.pr.gov.br\/index.php\/festinbe-divulgada-lista-de-selecionados-para-a-1a-mostra-de-teatro-independente-de-cambe\/#primaryimage","url":"https:\/\/www.cambe.pr.gov.br\/wp-content\/uploads\/2025\/06\/Imagem-do-WhatsApp-de-2025-06-23-as-15.16.01_b4e3bba7.jpg","contentUrl":"https:\/\/www.cambe.pr.gov.br\/wp-content\/uploads\/2025\/06\/Imagem-do-WhatsApp-de-2025-06-23-as-15.16.01_b4e3bba7.jpg","width":1280,"height":1600},{"@type":"BreadcrumbList","@id":"https:\/\/www.cambe.pr.gov.br\/index.php\/festinbe-divulgada-lista-de-selecionados-para-a-1a-mostra-de-teatro-independente-de-cambe\/#breadcrumb","itemListElement":[{"@type":"ListItem","position":1,"name":"In\u00edcio","item":"https:\/\/www.cambe.pr.gov.br\/"},{"@type":"ListItem","position":2,"name":"Festinb\u00e9: divulgada lista de selecionados para a 1\u00aa Mostra de Teatro Independente de Camb\u00e9"}]},{"@type":"WebSite","@id":"https:\/\/www.cambe.pr.gov.br\/#website","url":"https:\/\/www.cambe.pr.gov.br\/","name":"Prefeitura de Camb\u00e9","description":"UM GOVERNO PARA TODOS","publisher":{"@id":"https:\/\/www.cambe.pr.gov.br\/#organization"},"potentialAction":[{"@type":"SearchAction","target":{"@type":"EntryPoint","urlTemplate":"https:\/\/www.cambe.pr.gov.br\/?s={search_term_string}"},"query-input":{"@type":"PropertyValueSpecification","valueRequired":true,"valueName":"search_term_string"}}],"inLanguage":"pt-BR"},{"@type":"Organization","@id":"https:\/\/www.cambe.pr.gov.br\/#organization","name":"Prefeitura de Camb\u00e9","url":"https:\/\/www.cambe.pr.gov.br\/","logo":{"@type":"ImageObject","inLanguage":"pt-BR","@id":"https:\/\/www.cambe.pr.gov.br\/#\/schema\/logo\/image\/","url":"https:\/\/www.cambe.pr.gov.br\/wp-content\/uploads\/2021\/01\/cropped-cropped-cambe_brazao-icone.png","contentUrl":"https:\/\/www.cambe.pr.gov.br\/wp-content\/uploads\/2021\/01\/cropped-cropped-cambe_brazao-icone.png","width":240,"height":240,"caption":"Prefeitura de Camb\u00e9"},"image":{"@id":"https:\/\/www.cambe.pr.gov.br\/#\/schema\/logo\/image\/"},"sameAs":["https:\/\/m.facebook.com\/prefeituradecambe"]},{"@type":"Person","@id":"https:\/\/www.cambe.pr.gov.br\/#\/schema\/person\/8e3ee69cb2cadf4b9f8377407227effd","name":"Vinicius Augusto Batista Eira","image":{"@type":"ImageObject","inLanguage":"pt-BR","@id":"https:\/\/secure.gravatar.com\/avatar\/1ec500de7013b30e1d4d7c8c3978f0e4433c37e5d5e4cd186239369c6440122b?s=96&d=mm&r=g","url":"https:\/\/secure.gravatar.com\/avatar\/1ec500de7013b30e1d4d7c8c3978f0e4433c37e5d5e4cd186239369c6440122b?s=96&d=mm&r=g","contentUrl":"https:\/\/secure.gravatar.com\/avatar\/1ec500de7013b30e1d4d7c8c3978f0e4433c37e5d5e4cd186239369c6440122b?s=96&d=mm&r=g","caption":"Vinicius Augusto Batista Eira"},"url":"https:\/\/www.cambe.pr.gov.br\/index.php\/author\/vabeira\/"}]}},"_links":{"self":[{"href":"https:\/\/www.cambe.pr.gov.br\/index.php\/wp-json\/wp\/v2\/posts\/17576","targetHints":{"allow":["GET"]}}],"collection":[{"href":"https:\/\/www.cambe.pr.gov.br\/index.php\/wp-json\/wp\/v2\/posts"}],"about":[{"href":"https:\/\/www.cambe.pr.gov.br\/index.php\/wp-json\/wp\/v2\/types\/post"}],"author":[{"embeddable":true,"href":"https:\/\/www.cambe.pr.gov.br\/index.php\/wp-json\/wp\/v2\/users\/16"}],"replies":[{"embeddable":true,"href":"https:\/\/www.cambe.pr.gov.br\/index.php\/wp-json\/wp\/v2\/comments?post=17576"}],"version-history":[{"count":2,"href":"https:\/\/www.cambe.pr.gov.br\/index.php\/wp-json\/wp\/v2\/posts\/17576\/revisions"}],"predecessor-version":[{"id":17578,"href":"https:\/\/www.cambe.pr.gov.br\/index.php\/wp-json\/wp\/v2\/posts\/17576\/revisions\/17578"}],"wp:attachment":[{"href":"https:\/\/www.cambe.pr.gov.br\/index.php\/wp-json\/wp\/v2\/media?parent=17576"}],"wp:term":[{"taxonomy":"category","embeddable":true,"href":"https:\/\/www.cambe.pr.gov.br\/index.php\/wp-json\/wp\/v2\/categories?post=17576"},{"taxonomy":"post_tag","embeddable":true,"href":"https:\/\/www.cambe.pr.gov.br\/index.php\/wp-json\/wp\/v2\/tags?post=17576"}],"curies":[{"name":"wp","href":"https:\/\/api.w.org\/{rel}","templated":true}]}}