{"id":17417,"date":"2025-07-18T10:06:36","date_gmt":"2025-07-18T13:06:36","guid":{"rendered":"https:\/\/www.cambe.pr.gov.br\/?p=17417"},"modified":"2025-07-18T13:22:01","modified_gmt":"2025-07-18T16:22:01","slug":"esporotricose-entenda-a-doenca-que-atinge-animais-domesticos-e-humanos","status":"publish","type":"post","link":"https:\/\/www.cambe.pr.gov.br\/index.php\/esporotricose-entenda-a-doenca-que-atinge-animais-domesticos-e-humanos\/","title":{"rendered":"Esporotricose: entenda a doen\u00e7a que atinge animais dom\u00e9sticos e humanos"},"content":{"rendered":"<p style=\"text-align: justify;\"><span style=\"font-weight: 400; font-family: arial, helvetica, sans-serif;\"><img fetchpriority=\"high\" decoding=\"async\" class=\"alignleft size-large wp-image-17418\" src=\"https:\/\/www.cambe.pr.gov.br\/wp-content\/uploads\/2025\/07\/close-no-veterinario-cuidando-animal-de-estimacao-1024x683.jpg\" alt=\"\" width=\"610\" height=\"407\" srcset=\"https:\/\/www.cambe.pr.gov.br\/wp-content\/uploads\/2025\/07\/close-no-veterinario-cuidando-animal-de-estimacao-1024x683.jpg 1024w, https:\/\/www.cambe.pr.gov.br\/wp-content\/uploads\/2025\/07\/close-no-veterinario-cuidando-animal-de-estimacao-300x200.jpg 300w, https:\/\/www.cambe.pr.gov.br\/wp-content\/uploads\/2025\/07\/close-no-veterinario-cuidando-animal-de-estimacao-768x512.jpg 768w, https:\/\/www.cambe.pr.gov.br\/wp-content\/uploads\/2025\/07\/close-no-veterinario-cuidando-animal-de-estimacao-1536x1024.jpg 1536w, https:\/\/www.cambe.pr.gov.br\/wp-content\/uploads\/2025\/07\/close-no-veterinario-cuidando-animal-de-estimacao-2048x1365.jpg 2048w\" sizes=\"(max-width: 610px) 100vw, 610px\" \/>Para preven\u00e7\u00e3o e controle da doen\u00e7a, a Prefeitura de Camb\u00e9, por meio da Secretaria Municipal de Sa\u00fade P\u00fablica, vem promovendo diversas a\u00e7\u00f5es e orientando a popula\u00e7\u00e3o e servidores de sa\u00fade sobre a esporotricose. A doen\u00e7a que pode afetar humanos e animais dom\u00e9sticos, principalmente gatos, causa les\u00f5es na pele, \u00falceras e feridas e demanda tratamento m\u00e9dico, podendo levar os animais a \u00f3bito e causando risco \u00e0 sa\u00fade p\u00fablica.<\/span><\/p>\n<p style=\"text-align: justify;\"><span style=\"font-weight: 400; font-family: arial, helvetica, sans-serif;\">Com isso, est\u00e3o sendo feitas a\u00e7\u00f5es de busca ativa com animais no munic\u00edpio e capacita\u00e7\u00e3o de servidores para orienta\u00e7\u00e3o, encaminhamento e tratamento adequado para que os casos n\u00e3o se espalhem. Em Camb\u00e9, desde o fim de 2024, foram identificados 21 casos em animais e quatro em humanos. Desses, quatro animais morreram e sete se encontram em tratamento atualmente. Todos s\u00e3o da regi\u00e3o do Camb\u00e9 4.<\/span><\/p>\n<p>&nbsp;<\/p>\n<p style=\"text-align: justify;\"><strong><span style=\"font-family: arial, helvetica, sans-serif;\">O que \u00e9 a esporotricose?<\/span><\/strong><\/p>\n<p style=\"text-align: justify;\"><span style=\"font-weight: 400; font-family: arial, helvetica, sans-serif;\">A esporotricose \u00e9 uma doen\u00e7a que pode atingir animais e humanos. Ela \u00e9 causada pelo fungo sporothrix, encontrado no meio ambiente como solo, mat\u00e9ria de origem vegetal, madeira e mat\u00e9ria org\u00e2nica em decomposi\u00e7\u00e3o. A doen\u00e7a pode ter propaga\u00e7\u00e3o atrav\u00e9s do pr\u00f3prio ambiente, com a pele ou mucosa com les\u00f5es, como acidentes com espinhos de plantas contaminados pelo fungo; e tamb\u00e9m pelo animal, principalmente os gatos, na intera\u00e7\u00e3o com outros animais ou ambiente. O animal infectado pode causar ferimentos como arranh\u00f5es, mordidas e contato com as secre\u00e7\u00f5es de les\u00f5es.<\/span><\/p>\n<p>&nbsp;<\/p>\n<p style=\"text-align: justify;\"><strong><span style=\"font-family: arial, helvetica, sans-serif;\">Quais s\u00e3o os sintomas?<\/span><\/strong><\/p>\n<p style=\"text-align: justify;\"><span style=\"font-weight: 400; font-family: arial, helvetica, sans-serif;\">Os gatos geralmente apresentam les\u00f5es de pele, principalmente nariz, membros, cauda e incha\u00e7o nasal. Essas les\u00f5es podem se espalhar por todo o corpo do animal, acompanhadas de espirros que aumentam a propaga\u00e7\u00e3o dos fungos. J\u00e1 em humanos, o in\u00edcio da les\u00e3o se assemelha com uma picada de inseto ou vermelhid\u00e3o na pele, comumente dolorida. A les\u00e3o poder\u00e1 evoluir aumentando de tamanho e em alguns casos apresentar outros n\u00f3dulos enfileirados na forma de ros\u00e1rio.<\/span><\/p>\n<p style=\"text-align: justify;\"><span style=\"font-weight: 400; font-family: arial, helvetica, sans-serif;\">Caso identifique algum desses sintomas, leve imediatamente o animal a um m\u00e9dico veterin\u00e1rio, e procure a unidade b\u00e1sica de sa\u00fade mais pr\u00f3xima. Al\u00e9m disso, tamb\u00e9m comunique a equipe de Vigil\u00e2ncia Epidemiol\u00f3gica ou Vigil\u00e2ncia Ambiental da Prefeitura de Camb\u00e9 pelo telefone (43) 3174-0226.<\/span><\/p>\n<p style=\"text-align: justify;\"><span style=\"font-weight: 400; font-family: arial, helvetica, sans-serif;\">A esporotricose tem cura com antif\u00fangico receitado por m\u00e9dico ou m\u00e9dico veterin\u00e1rio, com dose e tempo de tratamento sendo criteriosamente avaliado por esses profissionais segundo a gravidade da doen\u00e7a.<\/span><\/p>\n<p>&nbsp;<\/p>\n<p style=\"text-align: justify;\"><strong><span style=\"font-family: arial, helvetica, sans-serif;\">Como se prevenir?<\/span><\/strong><\/p>\n<p style=\"text-align: justify;\"><span style=\"font-weight: 400; font-family: arial, helvetica, sans-serif;\">Use equipamentos de prote\u00e7\u00e3o individual como luvas, \u00f3culos e avental sempre que manipular solo, plantas, hortas, jardinagem, madeira, mat\u00e9ria org\u00e2nica e animais com a doen\u00e7a, principalmente os gatos. Tamb\u00e9m use os equipamentos durante todo o tratamento do animal, isolando-o em local seguro, ventilado e de f\u00e1cil limpeza, para n\u00e3o disseminar os fungos para outros ambientes. Todo o espa\u00e7o deve ser limpo com \u00e1gua sanit\u00e1ria.<\/span><\/p>\n<p style=\"text-align: justify;\"><span style=\"font-weight: 400; font-family: arial, helvetica, sans-serif;\">\u00c9 ideal tamb\u00e9m que os animais sejam castrados para que se mantenham com mais frequ\u00eancia em casa. Nunca interrompa o tratamento sem consentimento do m\u00e9dico ou m\u00e9dico veterin\u00e1rio. E tamb\u00e9m n\u00e3o enterre, sepulte ou jogue animais mortos no lixo, rios ou vias p\u00fablicas. Animais que falecem por esporotricose devem ser cremados, pois o fungo sobrevive na natureza e pode ampliar a dissemina\u00e7\u00e3o.<\/span><\/p>\n<p>&nbsp;<\/p>\n<p style=\"text-align: justify;\"><strong><span style=\"font-family: arial, helvetica, sans-serif;\">A\u00e7\u00f5es de controle e capacita\u00e7\u00e3o de servidores<\/span><\/strong><\/p>\n<p style=\"text-align: justify;\"><span style=\"font-weight: 400; font-family: arial, helvetica, sans-serif;\"><img decoding=\"async\" class=\"alignleft size-large wp-image-17419\" src=\"https:\/\/www.cambe.pr.gov.br\/wp-content\/uploads\/2025\/07\/Imagem-do-WhatsApp-de-2025-07-16-as-10.59.13_81a73444-1024x819.jpg\" alt=\"\" width=\"610\" height=\"488\" srcset=\"https:\/\/www.cambe.pr.gov.br\/wp-content\/uploads\/2025\/07\/Imagem-do-WhatsApp-de-2025-07-16-as-10.59.13_81a73444-1024x819.jpg 1024w, https:\/\/www.cambe.pr.gov.br\/wp-content\/uploads\/2025\/07\/Imagem-do-WhatsApp-de-2025-07-16-as-10.59.13_81a73444-300x240.jpg 300w, https:\/\/www.cambe.pr.gov.br\/wp-content\/uploads\/2025\/07\/Imagem-do-WhatsApp-de-2025-07-16-as-10.59.13_81a73444-768x614.jpg 768w, https:\/\/www.cambe.pr.gov.br\/wp-content\/uploads\/2025\/07\/Imagem-do-WhatsApp-de-2025-07-16-as-10.59.13_81a73444.jpg 1200w\" sizes=\"(max-width: 610px) 100vw, 610px\" \/>A m\u00e9dica veterin\u00e1ria da Secretaria de Sa\u00fade, Renata Cristina Dias, explicou que a partir da notifica\u00e7\u00e3o do primeiro caso em gato, foi realizada uma s\u00e9rie de a\u00e7\u00f5es de controle para evitar a propaga\u00e7\u00e3o dos fungos. Isso incluiu busca ativa de novos casos, orienta\u00e7\u00f5es \u00e0 popula\u00e7\u00e3o e tratamento dos infectados.<\/span><\/p>\n<p style=\"text-align: justify;\"><span style=\"font-weight: 400; font-family: arial, helvetica, sans-serif;\">Na \u00faltima semana, foi promovida uma capacita\u00e7\u00e3o voltada ao enfrentamento da doen\u00e7a para agentes comunit\u00e1rios de sa\u00fade e agentes de combate \u00e0s endemias das Unidades B\u00e1sicas de Sa\u00fade do Camb\u00e9 4 e Ana Rosa. Durante a atividade, foram abordados temas como o atual surto de esporotricose no munic\u00edpio, formas de transmiss\u00e3o, sintomas e estrat\u00e9gias de controle da doen\u00e7a. O principal objetivo foi capacitar os agentes para identificar casos suspeitos, e orientar a popula\u00e7\u00e3o sobre a preven\u00e7\u00e3o e conter a dissemina\u00e7\u00e3o da doen\u00e7a.\u00a0<\/span><\/p>\n<p style=\"text-align: justify;\"><span style=\"font-weight: 400; font-family: arial, helvetica, sans-serif;\">\u201cEsses profissionais s\u00e3o de grande import\u00e2ncia para a a\u00e7\u00e3o de controle da esporotricose devido ao contato direto com os moradores e conhecimento de toda a regi\u00e3o. Isso torna a identifica\u00e7\u00e3o de novos casos em animais mais r\u00e1pida, levando a um controle da dissemina\u00e7\u00e3o e tratamento precoce. \u00c9 fundamental destacar que animais com suspeita ou diagn\u00f3stico confirmado de esporotricose n\u00e3o devem ser abandonados. Por isso estamos focando diretamente nessas a\u00e7\u00f5es. Qualquer d\u00favida, procurem a UBS ou a Secretaria de Sa\u00fade\u201d, ressaltou a veterin\u00e1ria.<\/span><\/p>\n","protected":false},"excerpt":{"rendered":"<p>Para preven\u00e7\u00e3o e controle da doen\u00e7a, a Prefeitura de Camb\u00e9, por meio da Secretaria Municipal de Sa\u00fade P\u00fablica, vem promovendo diversas a\u00e7\u00f5es e orientando a popula\u00e7\u00e3o e servidores de sa\u00fade sobre a esporotricose. A doen\u00e7a que pode afetar humanos e animais dom\u00e9sticos, principalmente gatos, causa les\u00f5es na pele, \u00falceras e feridas e demanda tratamento m\u00e9dico, [&hellip;]<\/p>\n","protected":false},"author":16,"featured_media":0,"comment_status":"closed","ping_status":"closed","sticky":false,"template":"","format":"standard","meta":{"ngg_post_thumbnail":0,"footnotes":""},"categories":[1],"tags":[],"class_list":["post-17417","post","type-post","status-publish","format-standard","hentry","category-principal"],"yoast_head":"<!-- This site is optimized with the Yoast SEO plugin v27.4 - https:\/\/yoast.com\/product\/yoast-seo-wordpress\/ -->\n<title>Esporotricose: entenda a doen\u00e7a que atinge animais dom\u00e9sticos e humanos - Prefeitura de Camb\u00e9<\/title>\n<meta name=\"robots\" content=\"index, follow, max-snippet:-1, max-image-preview:large, max-video-preview:-1\" \/>\n<link rel=\"canonical\" href=\"https:\/\/www.cambe.pr.gov.br\/index.php\/esporotricose-entenda-a-doenca-que-atinge-animais-domesticos-e-humanos\/\" \/>\n<meta property=\"og:locale\" content=\"pt_BR\" \/>\n<meta property=\"og:type\" content=\"article\" \/>\n<meta property=\"og:title\" content=\"Esporotricose: entenda a doen\u00e7a que atinge animais dom\u00e9sticos e humanos - Prefeitura de Camb\u00e9\" \/>\n<meta property=\"og:description\" content=\"Para preven\u00e7\u00e3o e controle da doen\u00e7a, a Prefeitura de Camb\u00e9, por meio da Secretaria Municipal de Sa\u00fade P\u00fablica, vem promovendo diversas a\u00e7\u00f5es e orientando a popula\u00e7\u00e3o e servidores de sa\u00fade sobre a esporotricose. A doen\u00e7a que pode afetar humanos e animais dom\u00e9sticos, principalmente gatos, causa les\u00f5es na pele, \u00falceras e feridas e demanda tratamento m\u00e9dico, [&hellip;]\" \/>\n<meta property=\"og:url\" content=\"https:\/\/www.cambe.pr.gov.br\/index.php\/esporotricose-entenda-a-doenca-que-atinge-animais-domesticos-e-humanos\/\" \/>\n<meta property=\"og:site_name\" content=\"Prefeitura de Camb\u00e9\" \/>\n<meta property=\"article:publisher\" content=\"https:\/\/m.facebook.com\/prefeituradecambe\" \/>\n<meta property=\"article:published_time\" content=\"2025-07-18T13:06:36+00:00\" \/>\n<meta property=\"article:modified_time\" content=\"2025-07-18T16:22:01+00:00\" \/>\n<meta property=\"og:image\" content=\"https:\/\/www.cambe.pr.gov.br\/wp-content\/uploads\/2025\/07\/close-no-veterinario-cuidando-animal-de-estimacao-scaled.jpg\" \/>\n\t<meta property=\"og:image:width\" content=\"2560\" \/>\n\t<meta property=\"og:image:height\" content=\"1707\" \/>\n\t<meta property=\"og:image:type\" content=\"image\/jpeg\" \/>\n<meta name=\"author\" content=\"Vinicius Augusto Batista Eira\" \/>\n<meta name=\"twitter:card\" content=\"summary_large_image\" \/>\n<meta name=\"twitter:label1\" content=\"Escrito por\" \/>\n\t<meta name=\"twitter:data1\" content=\"Vinicius Augusto Batista Eira\" \/>\n\t<meta name=\"twitter:label2\" content=\"Est. tempo de leitura\" \/>\n\t<meta name=\"twitter:data2\" content=\"5 minutos\" \/>\n<script type=\"application\/ld+json\" class=\"yoast-schema-graph\">{\"@context\":\"https:\\\/\\\/schema.org\",\"@graph\":[{\"@type\":\"Article\",\"@id\":\"https:\\\/\\\/www.cambe.pr.gov.br\\\/index.php\\\/esporotricose-entenda-a-doenca-que-atinge-animais-domesticos-e-humanos\\\/#article\",\"isPartOf\":{\"@id\":\"https:\\\/\\\/www.cambe.pr.gov.br\\\/index.php\\\/esporotricose-entenda-a-doenca-que-atinge-animais-domesticos-e-humanos\\\/\"},\"author\":{\"name\":\"Vinicius Augusto Batista Eira\",\"@id\":\"https:\\\/\\\/www.cambe.pr.gov.br\\\/#\\\/schema\\\/person\\\/8e3ee69cb2cadf4b9f8377407227effd\"},\"headline\":\"Esporotricose: entenda a doen\u00e7a que atinge animais dom\u00e9sticos e humanos\",\"datePublished\":\"2025-07-18T13:06:36+00:00\",\"dateModified\":\"2025-07-18T16:22:01+00:00\",\"mainEntityOfPage\":{\"@id\":\"https:\\\/\\\/www.cambe.pr.gov.br\\\/index.php\\\/esporotricose-entenda-a-doenca-que-atinge-animais-domesticos-e-humanos\\\/\"},\"wordCount\":844,\"publisher\":{\"@id\":\"https:\\\/\\\/www.cambe.pr.gov.br\\\/#organization\"},\"image\":{\"@id\":\"https:\\\/\\\/www.cambe.pr.gov.br\\\/index.php\\\/esporotricose-entenda-a-doenca-que-atinge-animais-domesticos-e-humanos\\\/#primaryimage\"},\"thumbnailUrl\":\"https:\\\/\\\/www.cambe.pr.gov.br\\\/wp-content\\\/uploads\\\/2025\\\/07\\\/close-no-veterinario-cuidando-animal-de-estimacao-1024x683.jpg\",\"articleSection\":[\"Principal\"],\"inLanguage\":\"pt-BR\"},{\"@type\":\"WebPage\",\"@id\":\"https:\\\/\\\/www.cambe.pr.gov.br\\\/index.php\\\/esporotricose-entenda-a-doenca-que-atinge-animais-domesticos-e-humanos\\\/\",\"url\":\"https:\\\/\\\/www.cambe.pr.gov.br\\\/index.php\\\/esporotricose-entenda-a-doenca-que-atinge-animais-domesticos-e-humanos\\\/\",\"name\":\"Esporotricose: entenda a doen\u00e7a que atinge animais dom\u00e9sticos e humanos - Prefeitura de Camb\u00e9\",\"isPartOf\":{\"@id\":\"https:\\\/\\\/www.cambe.pr.gov.br\\\/#website\"},\"primaryImageOfPage\":{\"@id\":\"https:\\\/\\\/www.cambe.pr.gov.br\\\/index.php\\\/esporotricose-entenda-a-doenca-que-atinge-animais-domesticos-e-humanos\\\/#primaryimage\"},\"image\":{\"@id\":\"https:\\\/\\\/www.cambe.pr.gov.br\\\/index.php\\\/esporotricose-entenda-a-doenca-que-atinge-animais-domesticos-e-humanos\\\/#primaryimage\"},\"thumbnailUrl\":\"https:\\\/\\\/www.cambe.pr.gov.br\\\/wp-content\\\/uploads\\\/2025\\\/07\\\/close-no-veterinario-cuidando-animal-de-estimacao-1024x683.jpg\",\"datePublished\":\"2025-07-18T13:06:36+00:00\",\"dateModified\":\"2025-07-18T16:22:01+00:00\",\"breadcrumb\":{\"@id\":\"https:\\\/\\\/www.cambe.pr.gov.br\\\/index.php\\\/esporotricose-entenda-a-doenca-que-atinge-animais-domesticos-e-humanos\\\/#breadcrumb\"},\"inLanguage\":\"pt-BR\",\"potentialAction\":[{\"@type\":\"ReadAction\",\"target\":[\"https:\\\/\\\/www.cambe.pr.gov.br\\\/index.php\\\/esporotricose-entenda-a-doenca-que-atinge-animais-domesticos-e-humanos\\\/\"]}]},{\"@type\":\"ImageObject\",\"inLanguage\":\"pt-BR\",\"@id\":\"https:\\\/\\\/www.cambe.pr.gov.br\\\/index.php\\\/esporotricose-entenda-a-doenca-que-atinge-animais-domesticos-e-humanos\\\/#primaryimage\",\"url\":\"https:\\\/\\\/www.cambe.pr.gov.br\\\/wp-content\\\/uploads\\\/2025\\\/07\\\/close-no-veterinario-cuidando-animal-de-estimacao-scaled.jpg\",\"contentUrl\":\"https:\\\/\\\/www.cambe.pr.gov.br\\\/wp-content\\\/uploads\\\/2025\\\/07\\\/close-no-veterinario-cuidando-animal-de-estimacao-scaled.jpg\",\"width\":2560,\"height\":1707},{\"@type\":\"BreadcrumbList\",\"@id\":\"https:\\\/\\\/www.cambe.pr.gov.br\\\/index.php\\\/esporotricose-entenda-a-doenca-que-atinge-animais-domesticos-e-humanos\\\/#breadcrumb\",\"itemListElement\":[{\"@type\":\"ListItem\",\"position\":1,\"name\":\"In\u00edcio\",\"item\":\"https:\\\/\\\/www.cambe.pr.gov.br\\\/\"},{\"@type\":\"ListItem\",\"position\":2,\"name\":\"Esporotricose: entenda a doen\u00e7a que atinge animais dom\u00e9sticos e humanos\"}]},{\"@type\":\"WebSite\",\"@id\":\"https:\\\/\\\/www.cambe.pr.gov.br\\\/#website\",\"url\":\"https:\\\/\\\/www.cambe.pr.gov.br\\\/\",\"name\":\"Prefeitura de Camb\u00e9\",\"description\":\"UM GOVERNO PARA TODOS\",\"publisher\":{\"@id\":\"https:\\\/\\\/www.cambe.pr.gov.br\\\/#organization\"},\"potentialAction\":[{\"@type\":\"SearchAction\",\"target\":{\"@type\":\"EntryPoint\",\"urlTemplate\":\"https:\\\/\\\/www.cambe.pr.gov.br\\\/?s={search_term_string}\"},\"query-input\":{\"@type\":\"PropertyValueSpecification\",\"valueRequired\":true,\"valueName\":\"search_term_string\"}}],\"inLanguage\":\"pt-BR\"},{\"@type\":\"Organization\",\"@id\":\"https:\\\/\\\/www.cambe.pr.gov.br\\\/#organization\",\"name\":\"Prefeitura de Camb\u00e9\",\"url\":\"https:\\\/\\\/www.cambe.pr.gov.br\\\/\",\"logo\":{\"@type\":\"ImageObject\",\"inLanguage\":\"pt-BR\",\"@id\":\"https:\\\/\\\/www.cambe.pr.gov.br\\\/#\\\/schema\\\/logo\\\/image\\\/\",\"url\":\"https:\\\/\\\/www.cambe.pr.gov.br\\\/wp-content\\\/uploads\\\/2021\\\/01\\\/cropped-cropped-cambe_brazao-icone.png\",\"contentUrl\":\"https:\\\/\\\/www.cambe.pr.gov.br\\\/wp-content\\\/uploads\\\/2021\\\/01\\\/cropped-cropped-cambe_brazao-icone.png\",\"width\":240,\"height\":240,\"caption\":\"Prefeitura de Camb\u00e9\"},\"image\":{\"@id\":\"https:\\\/\\\/www.cambe.pr.gov.br\\\/#\\\/schema\\\/logo\\\/image\\\/\"},\"sameAs\":[\"https:\\\/\\\/m.facebook.com\\\/prefeituradecambe\"]},{\"@type\":\"Person\",\"@id\":\"https:\\\/\\\/www.cambe.pr.gov.br\\\/#\\\/schema\\\/person\\\/8e3ee69cb2cadf4b9f8377407227effd\",\"name\":\"Vinicius Augusto Batista Eira\",\"image\":{\"@type\":\"ImageObject\",\"inLanguage\":\"pt-BR\",\"@id\":\"https:\\\/\\\/secure.gravatar.com\\\/avatar\\\/1ec500de7013b30e1d4d7c8c3978f0e4433c37e5d5e4cd186239369c6440122b?s=96&d=mm&r=g\",\"url\":\"https:\\\/\\\/secure.gravatar.com\\\/avatar\\\/1ec500de7013b30e1d4d7c8c3978f0e4433c37e5d5e4cd186239369c6440122b?s=96&d=mm&r=g\",\"contentUrl\":\"https:\\\/\\\/secure.gravatar.com\\\/avatar\\\/1ec500de7013b30e1d4d7c8c3978f0e4433c37e5d5e4cd186239369c6440122b?s=96&d=mm&r=g\",\"caption\":\"Vinicius Augusto Batista Eira\"},\"url\":\"https:\\\/\\\/www.cambe.pr.gov.br\\\/index.php\\\/author\\\/vabeira\\\/\"}]}<\/script>\n<!-- \/ Yoast SEO plugin. -->","yoast_head_json":{"title":"Esporotricose: entenda a doen\u00e7a que atinge animais dom\u00e9sticos e humanos - Prefeitura de Camb\u00e9","robots":{"index":"index","follow":"follow","max-snippet":"max-snippet:-1","max-image-preview":"max-image-preview:large","max-video-preview":"max-video-preview:-1"},"canonical":"https:\/\/www.cambe.pr.gov.br\/index.php\/esporotricose-entenda-a-doenca-que-atinge-animais-domesticos-e-humanos\/","og_locale":"pt_BR","og_type":"article","og_title":"Esporotricose: entenda a doen\u00e7a que atinge animais dom\u00e9sticos e humanos - Prefeitura de Camb\u00e9","og_description":"Para preven\u00e7\u00e3o e controle da doen\u00e7a, a Prefeitura de Camb\u00e9, por meio da Secretaria Municipal de Sa\u00fade P\u00fablica, vem promovendo diversas a\u00e7\u00f5es e orientando a popula\u00e7\u00e3o e servidores de sa\u00fade sobre a esporotricose. A doen\u00e7a que pode afetar humanos e animais dom\u00e9sticos, principalmente gatos, causa les\u00f5es na pele, \u00falceras e feridas e demanda tratamento m\u00e9dico, [&hellip;]","og_url":"https:\/\/www.cambe.pr.gov.br\/index.php\/esporotricose-entenda-a-doenca-que-atinge-animais-domesticos-e-humanos\/","og_site_name":"Prefeitura de Camb\u00e9","article_publisher":"https:\/\/m.facebook.com\/prefeituradecambe","article_published_time":"2025-07-18T13:06:36+00:00","article_modified_time":"2025-07-18T16:22:01+00:00","og_image":[{"width":2560,"height":1707,"url":"https:\/\/www.cambe.pr.gov.br\/wp-content\/uploads\/2025\/07\/close-no-veterinario-cuidando-animal-de-estimacao-scaled.jpg","type":"image\/jpeg"}],"author":"Vinicius Augusto Batista Eira","twitter_card":"summary_large_image","twitter_misc":{"Escrito por":"Vinicius Augusto Batista Eira","Est. tempo de leitura":"5 minutos"},"schema":{"@context":"https:\/\/schema.org","@graph":[{"@type":"Article","@id":"https:\/\/www.cambe.pr.gov.br\/index.php\/esporotricose-entenda-a-doenca-que-atinge-animais-domesticos-e-humanos\/#article","isPartOf":{"@id":"https:\/\/www.cambe.pr.gov.br\/index.php\/esporotricose-entenda-a-doenca-que-atinge-animais-domesticos-e-humanos\/"},"author":{"name":"Vinicius Augusto Batista Eira","@id":"https:\/\/www.cambe.pr.gov.br\/#\/schema\/person\/8e3ee69cb2cadf4b9f8377407227effd"},"headline":"Esporotricose: entenda a doen\u00e7a que atinge animais dom\u00e9sticos e humanos","datePublished":"2025-07-18T13:06:36+00:00","dateModified":"2025-07-18T16:22:01+00:00","mainEntityOfPage":{"@id":"https:\/\/www.cambe.pr.gov.br\/index.php\/esporotricose-entenda-a-doenca-que-atinge-animais-domesticos-e-humanos\/"},"wordCount":844,"publisher":{"@id":"https:\/\/www.cambe.pr.gov.br\/#organization"},"image":{"@id":"https:\/\/www.cambe.pr.gov.br\/index.php\/esporotricose-entenda-a-doenca-que-atinge-animais-domesticos-e-humanos\/#primaryimage"},"thumbnailUrl":"https:\/\/www.cambe.pr.gov.br\/wp-content\/uploads\/2025\/07\/close-no-veterinario-cuidando-animal-de-estimacao-1024x683.jpg","articleSection":["Principal"],"inLanguage":"pt-BR"},{"@type":"WebPage","@id":"https:\/\/www.cambe.pr.gov.br\/index.php\/esporotricose-entenda-a-doenca-que-atinge-animais-domesticos-e-humanos\/","url":"https:\/\/www.cambe.pr.gov.br\/index.php\/esporotricose-entenda-a-doenca-que-atinge-animais-domesticos-e-humanos\/","name":"Esporotricose: entenda a doen\u00e7a que atinge animais dom\u00e9sticos e humanos - Prefeitura de Camb\u00e9","isPartOf":{"@id":"https:\/\/www.cambe.pr.gov.br\/#website"},"primaryImageOfPage":{"@id":"https:\/\/www.cambe.pr.gov.br\/index.php\/esporotricose-entenda-a-doenca-que-atinge-animais-domesticos-e-humanos\/#primaryimage"},"image":{"@id":"https:\/\/www.cambe.pr.gov.br\/index.php\/esporotricose-entenda-a-doenca-que-atinge-animais-domesticos-e-humanos\/#primaryimage"},"thumbnailUrl":"https:\/\/www.cambe.pr.gov.br\/wp-content\/uploads\/2025\/07\/close-no-veterinario-cuidando-animal-de-estimacao-1024x683.jpg","datePublished":"2025-07-18T13:06:36+00:00","dateModified":"2025-07-18T16:22:01+00:00","breadcrumb":{"@id":"https:\/\/www.cambe.pr.gov.br\/index.php\/esporotricose-entenda-a-doenca-que-atinge-animais-domesticos-e-humanos\/#breadcrumb"},"inLanguage":"pt-BR","potentialAction":[{"@type":"ReadAction","target":["https:\/\/www.cambe.pr.gov.br\/index.php\/esporotricose-entenda-a-doenca-que-atinge-animais-domesticos-e-humanos\/"]}]},{"@type":"ImageObject","inLanguage":"pt-BR","@id":"https:\/\/www.cambe.pr.gov.br\/index.php\/esporotricose-entenda-a-doenca-que-atinge-animais-domesticos-e-humanos\/#primaryimage","url":"https:\/\/www.cambe.pr.gov.br\/wp-content\/uploads\/2025\/07\/close-no-veterinario-cuidando-animal-de-estimacao-scaled.jpg","contentUrl":"https:\/\/www.cambe.pr.gov.br\/wp-content\/uploads\/2025\/07\/close-no-veterinario-cuidando-animal-de-estimacao-scaled.jpg","width":2560,"height":1707},{"@type":"BreadcrumbList","@id":"https:\/\/www.cambe.pr.gov.br\/index.php\/esporotricose-entenda-a-doenca-que-atinge-animais-domesticos-e-humanos\/#breadcrumb","itemListElement":[{"@type":"ListItem","position":1,"name":"In\u00edcio","item":"https:\/\/www.cambe.pr.gov.br\/"},{"@type":"ListItem","position":2,"name":"Esporotricose: entenda a doen\u00e7a que atinge animais dom\u00e9sticos e humanos"}]},{"@type":"WebSite","@id":"https:\/\/www.cambe.pr.gov.br\/#website","url":"https:\/\/www.cambe.pr.gov.br\/","name":"Prefeitura de Camb\u00e9","description":"UM GOVERNO PARA TODOS","publisher":{"@id":"https:\/\/www.cambe.pr.gov.br\/#organization"},"potentialAction":[{"@type":"SearchAction","target":{"@type":"EntryPoint","urlTemplate":"https:\/\/www.cambe.pr.gov.br\/?s={search_term_string}"},"query-input":{"@type":"PropertyValueSpecification","valueRequired":true,"valueName":"search_term_string"}}],"inLanguage":"pt-BR"},{"@type":"Organization","@id":"https:\/\/www.cambe.pr.gov.br\/#organization","name":"Prefeitura de Camb\u00e9","url":"https:\/\/www.cambe.pr.gov.br\/","logo":{"@type":"ImageObject","inLanguage":"pt-BR","@id":"https:\/\/www.cambe.pr.gov.br\/#\/schema\/logo\/image\/","url":"https:\/\/www.cambe.pr.gov.br\/wp-content\/uploads\/2021\/01\/cropped-cropped-cambe_brazao-icone.png","contentUrl":"https:\/\/www.cambe.pr.gov.br\/wp-content\/uploads\/2021\/01\/cropped-cropped-cambe_brazao-icone.png","width":240,"height":240,"caption":"Prefeitura de Camb\u00e9"},"image":{"@id":"https:\/\/www.cambe.pr.gov.br\/#\/schema\/logo\/image\/"},"sameAs":["https:\/\/m.facebook.com\/prefeituradecambe"]},{"@type":"Person","@id":"https:\/\/www.cambe.pr.gov.br\/#\/schema\/person\/8e3ee69cb2cadf4b9f8377407227effd","name":"Vinicius Augusto Batista Eira","image":{"@type":"ImageObject","inLanguage":"pt-BR","@id":"https:\/\/secure.gravatar.com\/avatar\/1ec500de7013b30e1d4d7c8c3978f0e4433c37e5d5e4cd186239369c6440122b?s=96&d=mm&r=g","url":"https:\/\/secure.gravatar.com\/avatar\/1ec500de7013b30e1d4d7c8c3978f0e4433c37e5d5e4cd186239369c6440122b?s=96&d=mm&r=g","contentUrl":"https:\/\/secure.gravatar.com\/avatar\/1ec500de7013b30e1d4d7c8c3978f0e4433c37e5d5e4cd186239369c6440122b?s=96&d=mm&r=g","caption":"Vinicius Augusto Batista Eira"},"url":"https:\/\/www.cambe.pr.gov.br\/index.php\/author\/vabeira\/"}]}},"_links":{"self":[{"href":"https:\/\/www.cambe.pr.gov.br\/index.php\/wp-json\/wp\/v2\/posts\/17417","targetHints":{"allow":["GET"]}}],"collection":[{"href":"https:\/\/www.cambe.pr.gov.br\/index.php\/wp-json\/wp\/v2\/posts"}],"about":[{"href":"https:\/\/www.cambe.pr.gov.br\/index.php\/wp-json\/wp\/v2\/types\/post"}],"author":[{"embeddable":true,"href":"https:\/\/www.cambe.pr.gov.br\/index.php\/wp-json\/wp\/v2\/users\/16"}],"replies":[{"embeddable":true,"href":"https:\/\/www.cambe.pr.gov.br\/index.php\/wp-json\/wp\/v2\/comments?post=17417"}],"version-history":[{"count":2,"href":"https:\/\/www.cambe.pr.gov.br\/index.php\/wp-json\/wp\/v2\/posts\/17417\/revisions"}],"predecessor-version":[{"id":17427,"href":"https:\/\/www.cambe.pr.gov.br\/index.php\/wp-json\/wp\/v2\/posts\/17417\/revisions\/17427"}],"wp:attachment":[{"href":"https:\/\/www.cambe.pr.gov.br\/index.php\/wp-json\/wp\/v2\/media?parent=17417"}],"wp:term":[{"taxonomy":"category","embeddable":true,"href":"https:\/\/www.cambe.pr.gov.br\/index.php\/wp-json\/wp\/v2\/categories?post=17417"},{"taxonomy":"post_tag","embeddable":true,"href":"https:\/\/www.cambe.pr.gov.br\/index.php\/wp-json\/wp\/v2\/tags?post=17417"}],"curies":[{"name":"wp","href":"https:\/\/api.w.org\/{rel}","templated":true}]}}