{"id":17399,"date":"2025-07-17T12:11:38","date_gmt":"2025-07-17T15:11:38","guid":{"rendered":"https:\/\/www.cambe.pr.gov.br\/?p=17399"},"modified":"2025-07-17T14:57:39","modified_gmt":"2025-07-17T17:57:39","slug":"referencia-mundial-ideelab-biotecnologia-inaugura-fabrica-de-bioinsumos-agricolas-em-cambe","status":"publish","type":"post","link":"https:\/\/www.cambe.pr.gov.br\/index.php\/referencia-mundial-ideelab-biotecnologia-inaugura-fabrica-de-bioinsumos-agricolas-em-cambe\/","title":{"rendered":"Refer\u00eancia mundial, IdeeLab Biotecnologia inaugura f\u00e1brica de bioinsumos agr\u00edcolas em Camb\u00e9"},"content":{"rendered":"<p style=\"text-align: justify;\"><span style=\"font-family: arial, helvetica, sans-serif;\"><img fetchpriority=\"high\" decoding=\"async\" class=\"alignleft wp-image-17401 size-large\" src=\"https:\/\/www.cambe.pr.gov.br\/wp-content\/uploads\/2025\/07\/IMG_9791-1024x768.jpg\" alt=\"\" width=\"610\" height=\"458\" srcset=\"https:\/\/www.cambe.pr.gov.br\/wp-content\/uploads\/2025\/07\/IMG_9791-1024x768.jpg 1024w, https:\/\/www.cambe.pr.gov.br\/wp-content\/uploads\/2025\/07\/IMG_9791-300x225.jpg 300w, https:\/\/www.cambe.pr.gov.br\/wp-content\/uploads\/2025\/07\/IMG_9791-768x576.jpg 768w, https:\/\/www.cambe.pr.gov.br\/wp-content\/uploads\/2025\/07\/IMG_9791-1536x1152.jpg 1536w, https:\/\/www.cambe.pr.gov.br\/wp-content\/uploads\/2025\/07\/IMG_9791-2048x1536.jpg 2048w, https:\/\/www.cambe.pr.gov.br\/wp-content\/uploads\/2025\/07\/IMG_9791-400x300.jpg 400w\" sizes=\"(max-width: 610px) 100vw, 610px\" \/>Em evento na manh\u00e3 desta quinta-feira (17), a empresa IdeeLab Biotecnologia inaugurou sua nova planta industrial em Camb\u00e9. Refer\u00eancia mundial e pioneira no desenvolvimento e transfer\u00eancia de tecnologias biotecnol\u00f3gicas para a agricultura sustent\u00e1vel, a empresa de matriz em Piracicaba agora conta com uma f\u00e1brica capaz de produzir insumos para tratar uma \u00e1rea de 17 vezes a cidade de S\u00e3o Paulo por ano, e com margem para sextuplicar esse \u00edndice. A cerim\u00f4nia de inaugura\u00e7\u00e3o contou com a presen\u00e7a do prefeito Conrado Scheller, do vice-prefeito Zezinho da Ra\u00e7\u00e3o, de vereadores, secret\u00e1rios, investidores e colaboradores da companhia.<\/span><\/p>\n<p style=\"text-align: justify;\"><span style=\"font-family: arial, helvetica, sans-serif;\">A empresa \u00e9 refer\u00eancia na transi\u00e7\u00e3o do agroneg\u00f3cio global para as ferramentas de base biotecnol\u00f3gica, unindo ci\u00eancia avan\u00e7ada e aplica\u00e7\u00f5es pr\u00e1ticas. Tamb\u00e9m \u00e9 l\u00edder na transfer\u00eancia e licenciamento de tecnologias para empresas do agro, oferecendo solu\u00e7\u00f5es que v\u00e3o da descoberta de novos microrganismos at\u00e9 a industrializa\u00e7\u00e3o de produtos. Tudo de forma sustent\u00e1vel, defendendo as lavouras e garantindo a prote\u00e7\u00e3o agr\u00edcola sem prejudicar o meio ambiente.<\/span><\/p>\n<p style=\"text-align: justify;\"><span style=\"font-family: arial, helvetica, sans-serif;\">Em um investimento de R$ 30 milh\u00f5es, a nova f\u00e1brica de Camb\u00e9 \u00e9 equipada com biorreatores de 100 a 5 mil litros e sistemas automatizados, e opera sob r\u00edgidos padr\u00f5es de qualidade, alinhados \u00e0s exig\u00eancias internacionais. Com um time de mais de 40 pesquisadores e 25 colaboradores, o laborat\u00f3rio j\u00e1 contribuiu para o desenvolvimento de 30 produtos licenciados e tem outros 30 pr\u00f3ximos da transfer\u00eancia para seus parceiros. Hoje, a f\u00e1brica tem capacidade operacional pronta de um milh\u00e3o de litros de bioinsumos por ano. E a expectativa \u00e9 chegar a 300 colaboradores em tr\u00eas anos, produzindo seis milh\u00f5es de litros de insumos.<\/span><\/p>\n<p style=\"text-align: justify;\"><span style=\"font-family: arial, helvetica, sans-serif;\"><img decoding=\"async\" class=\"alignleft size-large wp-image-17406\" src=\"https:\/\/www.cambe.pr.gov.br\/wp-content\/uploads\/2025\/07\/Imagem-do-WhatsApp-de-2025-07-17-as-14.57.02_51eea893-1024x768.jpg\" alt=\"\" width=\"610\" height=\"458\" srcset=\"https:\/\/www.cambe.pr.gov.br\/wp-content\/uploads\/2025\/07\/Imagem-do-WhatsApp-de-2025-07-17-as-14.57.02_51eea893-1024x768.jpg 1024w, https:\/\/www.cambe.pr.gov.br\/wp-content\/uploads\/2025\/07\/Imagem-do-WhatsApp-de-2025-07-17-as-14.57.02_51eea893-300x225.jpg 300w, https:\/\/www.cambe.pr.gov.br\/wp-content\/uploads\/2025\/07\/Imagem-do-WhatsApp-de-2025-07-17-as-14.57.02_51eea893-768x576.jpg 768w, https:\/\/www.cambe.pr.gov.br\/wp-content\/uploads\/2025\/07\/Imagem-do-WhatsApp-de-2025-07-17-as-14.57.02_51eea893-1536x1152.jpg 1536w, https:\/\/www.cambe.pr.gov.br\/wp-content\/uploads\/2025\/07\/Imagem-do-WhatsApp-de-2025-07-17-as-14.57.02_51eea893-2048x1536.jpg 2048w, https:\/\/www.cambe.pr.gov.br\/wp-content\/uploads\/2025\/07\/Imagem-do-WhatsApp-de-2025-07-17-as-14.57.02_51eea893-400x300.jpg 400w\" sizes=\"(max-width: 610px) 100vw, 610px\" \/>O prefeito Conrado Scheller ressaltou a import\u00e2ncia para Camb\u00e9 em ter uma empresa refer\u00eancia mundial na \u00e1rea, garantindo gera\u00e7\u00e3o de renda, empresas e tornando o munic\u00edpio um polo nacional do movimento de biol\u00f3gicos. \u201cTudo isso desperta tamb\u00e9m o interesse de outras grandes empresas. Porque se vem uma grande empresa como essa, \u00e9 sinal positivo para outras. E Camb\u00e9 tem um potencial muito grande. Ent\u00e3o, a gente fica muito feliz de Camb\u00e9 tenha sido escolhida. A Prefeitura \u00e9 uma grande parceira, \u00e9 incentivadora do desenvolvimento, mas \u00e9 ineg\u00e1vel que essa parte do empreendedorismo temos que agradecer a IdeeLab\u201d, disse.<\/span><\/p>\n<p style=\"text-align: justify;\"><span style=\"font-family: arial, helvetica, sans-serif;\">O CEO da IdeeLab Biotecnologia, Ronaldo Dalio, destacou ser um motivo de muito orgulho, alegria e celebra\u00e7\u00e3o investir em Camb\u00e9. \u201cN\u00f3s tivemos diversos motivos para escolher Camb\u00e9. A nossa matriz est\u00e1 em Piracicaba, que \u00e9 um dos grandes polos da agricultura brasileira, de inova\u00e7\u00e3o, do ecossistema de desenvolvimento de produtos para a agricultura. Mas sabemos que essa grande regi\u00e3o aqui \u00e9 muito pujante tamb\u00e9m. Temos por aqui universidades, a Embrapa, uma malha rodovi\u00e1ria muito interessante. E a Prefeitura de Camb\u00e9 nos recebeu de bra\u00e7os abertos. Aqui onde a gente est\u00e1, na regi\u00e3o industrial de Camb\u00e9, a gente teve a certeza de que ser\u00edamos muito bem acolhidos e conseguir\u00edamos fazer o nosso empreendimento de maneira frut\u00edfera. Ent\u00e3o a gente tamb\u00e9m est\u00e1 muito feliz de estar em Camb\u00e9, e acredito que tamb\u00e9m seja um marco para a cidade, porque ela est\u00e1 no mapa da biotecnologia\u00a0mundial\u201d.<\/span><\/p>\n","protected":false},"excerpt":{"rendered":"<p>Em evento na manh\u00e3 desta quinta-feira (17), a empresa IdeeLab Biotecnologia inaugurou sua nova planta industrial em Camb\u00e9. Refer\u00eancia mundial e pioneira no desenvolvimento e transfer\u00eancia de tecnologias biotecnol\u00f3gicas para a agricultura sustent\u00e1vel, a empresa de matriz em Piracicaba agora conta com uma f\u00e1brica capaz de produzir insumos para tratar uma \u00e1rea de 17 vezes [&hellip;]<\/p>\n","protected":false},"author":16,"featured_media":0,"comment_status":"closed","ping_status":"closed","sticky":false,"template":"","format":"standard","meta":{"ngg_post_thumbnail":0,"footnotes":""},"categories":[1],"tags":[],"class_list":["post-17399","post","type-post","status-publish","format-standard","hentry","category-principal"],"yoast_head":"<!-- This site is optimized with the Yoast SEO plugin v27.4 - https:\/\/yoast.com\/product\/yoast-seo-wordpress\/ -->\n<title>Refer\u00eancia mundial, IdeeLab Biotecnologia inaugura f\u00e1brica de bioinsumos agr\u00edcolas em Camb\u00e9 - Prefeitura de Camb\u00e9<\/title>\n<meta name=\"robots\" content=\"index, follow, max-snippet:-1, max-image-preview:large, max-video-preview:-1\" \/>\n<link rel=\"canonical\" href=\"https:\/\/www.cambe.pr.gov.br\/index.php\/referencia-mundial-ideelab-biotecnologia-inaugura-fabrica-de-bioinsumos-agricolas-em-cambe\/\" \/>\n<meta property=\"og:locale\" content=\"pt_BR\" \/>\n<meta property=\"og:type\" content=\"article\" \/>\n<meta property=\"og:title\" content=\"Refer\u00eancia mundial, IdeeLab Biotecnologia inaugura f\u00e1brica de bioinsumos agr\u00edcolas em Camb\u00e9 - Prefeitura de Camb\u00e9\" \/>\n<meta property=\"og:description\" content=\"Em evento na manh\u00e3 desta quinta-feira (17), a empresa IdeeLab Biotecnologia inaugurou sua nova planta industrial em Camb\u00e9. Refer\u00eancia mundial e pioneira no desenvolvimento e transfer\u00eancia de tecnologias biotecnol\u00f3gicas para a agricultura sustent\u00e1vel, a empresa de matriz em Piracicaba agora conta com uma f\u00e1brica capaz de produzir insumos para tratar uma \u00e1rea de 17 vezes [&hellip;]\" \/>\n<meta property=\"og:url\" content=\"https:\/\/www.cambe.pr.gov.br\/index.php\/referencia-mundial-ideelab-biotecnologia-inaugura-fabrica-de-bioinsumos-agricolas-em-cambe\/\" \/>\n<meta property=\"og:site_name\" content=\"Prefeitura de Camb\u00e9\" \/>\n<meta property=\"article:publisher\" content=\"https:\/\/m.facebook.com\/prefeituradecambe\" \/>\n<meta property=\"article:published_time\" content=\"2025-07-17T15:11:38+00:00\" \/>\n<meta property=\"article:modified_time\" content=\"2025-07-17T17:57:39+00:00\" \/>\n<meta property=\"og:image\" content=\"https:\/\/www.cambe.pr.gov.br\/wp-content\/uploads\/2025\/07\/IMG_9791-scaled.jpg\" \/>\n\t<meta property=\"og:image:width\" content=\"2560\" \/>\n\t<meta property=\"og:image:height\" content=\"1920\" \/>\n\t<meta property=\"og:image:type\" content=\"image\/jpeg\" \/>\n<meta name=\"author\" content=\"Vinicius Augusto Batista Eira\" \/>\n<meta name=\"twitter:card\" content=\"summary_large_image\" \/>\n<meta name=\"twitter:label1\" content=\"Escrito por\" \/>\n\t<meta name=\"twitter:data1\" content=\"Vinicius Augusto Batista Eira\" \/>\n\t<meta name=\"twitter:label2\" content=\"Est. tempo de leitura\" \/>\n\t<meta name=\"twitter:data2\" content=\"4 minutos\" \/>\n<script type=\"application\/ld+json\" class=\"yoast-schema-graph\">{\"@context\":\"https:\\\/\\\/schema.org\",\"@graph\":[{\"@type\":\"Article\",\"@id\":\"https:\\\/\\\/www.cambe.pr.gov.br\\\/index.php\\\/referencia-mundial-ideelab-biotecnologia-inaugura-fabrica-de-bioinsumos-agricolas-em-cambe\\\/#article\",\"isPartOf\":{\"@id\":\"https:\\\/\\\/www.cambe.pr.gov.br\\\/index.php\\\/referencia-mundial-ideelab-biotecnologia-inaugura-fabrica-de-bioinsumos-agricolas-em-cambe\\\/\"},\"author\":{\"name\":\"Vinicius Augusto Batista Eira\",\"@id\":\"https:\\\/\\\/www.cambe.pr.gov.br\\\/#\\\/schema\\\/person\\\/8e3ee69cb2cadf4b9f8377407227effd\"},\"headline\":\"Refer\u00eancia mundial, IdeeLab Biotecnologia inaugura f\u00e1brica de bioinsumos agr\u00edcolas em Camb\u00e9\",\"datePublished\":\"2025-07-17T15:11:38+00:00\",\"dateModified\":\"2025-07-17T17:57:39+00:00\",\"mainEntityOfPage\":{\"@id\":\"https:\\\/\\\/www.cambe.pr.gov.br\\\/index.php\\\/referencia-mundial-ideelab-biotecnologia-inaugura-fabrica-de-bioinsumos-agricolas-em-cambe\\\/\"},\"wordCount\":559,\"publisher\":{\"@id\":\"https:\\\/\\\/www.cambe.pr.gov.br\\\/#organization\"},\"image\":{\"@id\":\"https:\\\/\\\/www.cambe.pr.gov.br\\\/index.php\\\/referencia-mundial-ideelab-biotecnologia-inaugura-fabrica-de-bioinsumos-agricolas-em-cambe\\\/#primaryimage\"},\"thumbnailUrl\":\"https:\\\/\\\/www.cambe.pr.gov.br\\\/wp-content\\\/uploads\\\/2025\\\/07\\\/IMG_9791-1024x768.jpg\",\"articleSection\":[\"Principal\"],\"inLanguage\":\"pt-BR\"},{\"@type\":\"WebPage\",\"@id\":\"https:\\\/\\\/www.cambe.pr.gov.br\\\/index.php\\\/referencia-mundial-ideelab-biotecnologia-inaugura-fabrica-de-bioinsumos-agricolas-em-cambe\\\/\",\"url\":\"https:\\\/\\\/www.cambe.pr.gov.br\\\/index.php\\\/referencia-mundial-ideelab-biotecnologia-inaugura-fabrica-de-bioinsumos-agricolas-em-cambe\\\/\",\"name\":\"Refer\u00eancia mundial, IdeeLab Biotecnologia inaugura f\u00e1brica de bioinsumos agr\u00edcolas em Camb\u00e9 - Prefeitura de Camb\u00e9\",\"isPartOf\":{\"@id\":\"https:\\\/\\\/www.cambe.pr.gov.br\\\/#website\"},\"primaryImageOfPage\":{\"@id\":\"https:\\\/\\\/www.cambe.pr.gov.br\\\/index.php\\\/referencia-mundial-ideelab-biotecnologia-inaugura-fabrica-de-bioinsumos-agricolas-em-cambe\\\/#primaryimage\"},\"image\":{\"@id\":\"https:\\\/\\\/www.cambe.pr.gov.br\\\/index.php\\\/referencia-mundial-ideelab-biotecnologia-inaugura-fabrica-de-bioinsumos-agricolas-em-cambe\\\/#primaryimage\"},\"thumbnailUrl\":\"https:\\\/\\\/www.cambe.pr.gov.br\\\/wp-content\\\/uploads\\\/2025\\\/07\\\/IMG_9791-1024x768.jpg\",\"datePublished\":\"2025-07-17T15:11:38+00:00\",\"dateModified\":\"2025-07-17T17:57:39+00:00\",\"breadcrumb\":{\"@id\":\"https:\\\/\\\/www.cambe.pr.gov.br\\\/index.php\\\/referencia-mundial-ideelab-biotecnologia-inaugura-fabrica-de-bioinsumos-agricolas-em-cambe\\\/#breadcrumb\"},\"inLanguage\":\"pt-BR\",\"potentialAction\":[{\"@type\":\"ReadAction\",\"target\":[\"https:\\\/\\\/www.cambe.pr.gov.br\\\/index.php\\\/referencia-mundial-ideelab-biotecnologia-inaugura-fabrica-de-bioinsumos-agricolas-em-cambe\\\/\"]}]},{\"@type\":\"ImageObject\",\"inLanguage\":\"pt-BR\",\"@id\":\"https:\\\/\\\/www.cambe.pr.gov.br\\\/index.php\\\/referencia-mundial-ideelab-biotecnologia-inaugura-fabrica-de-bioinsumos-agricolas-em-cambe\\\/#primaryimage\",\"url\":\"https:\\\/\\\/www.cambe.pr.gov.br\\\/wp-content\\\/uploads\\\/2025\\\/07\\\/IMG_9791-scaled.jpg\",\"contentUrl\":\"https:\\\/\\\/www.cambe.pr.gov.br\\\/wp-content\\\/uploads\\\/2025\\\/07\\\/IMG_9791-scaled.jpg\",\"width\":2560,\"height\":1920},{\"@type\":\"BreadcrumbList\",\"@id\":\"https:\\\/\\\/www.cambe.pr.gov.br\\\/index.php\\\/referencia-mundial-ideelab-biotecnologia-inaugura-fabrica-de-bioinsumos-agricolas-em-cambe\\\/#breadcrumb\",\"itemListElement\":[{\"@type\":\"ListItem\",\"position\":1,\"name\":\"In\u00edcio\",\"item\":\"https:\\\/\\\/www.cambe.pr.gov.br\\\/\"},{\"@type\":\"ListItem\",\"position\":2,\"name\":\"Refer\u00eancia mundial, IdeeLab Biotecnologia inaugura f\u00e1brica de bioinsumos agr\u00edcolas em Camb\u00e9\"}]},{\"@type\":\"WebSite\",\"@id\":\"https:\\\/\\\/www.cambe.pr.gov.br\\\/#website\",\"url\":\"https:\\\/\\\/www.cambe.pr.gov.br\\\/\",\"name\":\"Prefeitura de Camb\u00e9\",\"description\":\"UM GOVERNO PARA TODOS\",\"publisher\":{\"@id\":\"https:\\\/\\\/www.cambe.pr.gov.br\\\/#organization\"},\"potentialAction\":[{\"@type\":\"SearchAction\",\"target\":{\"@type\":\"EntryPoint\",\"urlTemplate\":\"https:\\\/\\\/www.cambe.pr.gov.br\\\/?s={search_term_string}\"},\"query-input\":{\"@type\":\"PropertyValueSpecification\",\"valueRequired\":true,\"valueName\":\"search_term_string\"}}],\"inLanguage\":\"pt-BR\"},{\"@type\":\"Organization\",\"@id\":\"https:\\\/\\\/www.cambe.pr.gov.br\\\/#organization\",\"name\":\"Prefeitura de Camb\u00e9\",\"url\":\"https:\\\/\\\/www.cambe.pr.gov.br\\\/\",\"logo\":{\"@type\":\"ImageObject\",\"inLanguage\":\"pt-BR\",\"@id\":\"https:\\\/\\\/www.cambe.pr.gov.br\\\/#\\\/schema\\\/logo\\\/image\\\/\",\"url\":\"https:\\\/\\\/www.cambe.pr.gov.br\\\/wp-content\\\/uploads\\\/2021\\\/01\\\/cropped-cropped-cambe_brazao-icone.png\",\"contentUrl\":\"https:\\\/\\\/www.cambe.pr.gov.br\\\/wp-content\\\/uploads\\\/2021\\\/01\\\/cropped-cropped-cambe_brazao-icone.png\",\"width\":240,\"height\":240,\"caption\":\"Prefeitura de Camb\u00e9\"},\"image\":{\"@id\":\"https:\\\/\\\/www.cambe.pr.gov.br\\\/#\\\/schema\\\/logo\\\/image\\\/\"},\"sameAs\":[\"https:\\\/\\\/m.facebook.com\\\/prefeituradecambe\"]},{\"@type\":\"Person\",\"@id\":\"https:\\\/\\\/www.cambe.pr.gov.br\\\/#\\\/schema\\\/person\\\/8e3ee69cb2cadf4b9f8377407227effd\",\"name\":\"Vinicius Augusto Batista Eira\",\"image\":{\"@type\":\"ImageObject\",\"inLanguage\":\"pt-BR\",\"@id\":\"https:\\\/\\\/secure.gravatar.com\\\/avatar\\\/1ec500de7013b30e1d4d7c8c3978f0e4433c37e5d5e4cd186239369c6440122b?s=96&d=mm&r=g\",\"url\":\"https:\\\/\\\/secure.gravatar.com\\\/avatar\\\/1ec500de7013b30e1d4d7c8c3978f0e4433c37e5d5e4cd186239369c6440122b?s=96&d=mm&r=g\",\"contentUrl\":\"https:\\\/\\\/secure.gravatar.com\\\/avatar\\\/1ec500de7013b30e1d4d7c8c3978f0e4433c37e5d5e4cd186239369c6440122b?s=96&d=mm&r=g\",\"caption\":\"Vinicius Augusto Batista Eira\"},\"url\":\"https:\\\/\\\/www.cambe.pr.gov.br\\\/index.php\\\/author\\\/vabeira\\\/\"}]}<\/script>\n<!-- \/ Yoast SEO plugin. -->","yoast_head_json":{"title":"Refer\u00eancia mundial, IdeeLab Biotecnologia inaugura f\u00e1brica de bioinsumos agr\u00edcolas em Camb\u00e9 - Prefeitura de Camb\u00e9","robots":{"index":"index","follow":"follow","max-snippet":"max-snippet:-1","max-image-preview":"max-image-preview:large","max-video-preview":"max-video-preview:-1"},"canonical":"https:\/\/www.cambe.pr.gov.br\/index.php\/referencia-mundial-ideelab-biotecnologia-inaugura-fabrica-de-bioinsumos-agricolas-em-cambe\/","og_locale":"pt_BR","og_type":"article","og_title":"Refer\u00eancia mundial, IdeeLab Biotecnologia inaugura f\u00e1brica de bioinsumos agr\u00edcolas em Camb\u00e9 - Prefeitura de Camb\u00e9","og_description":"Em evento na manh\u00e3 desta quinta-feira (17), a empresa IdeeLab Biotecnologia inaugurou sua nova planta industrial em Camb\u00e9. Refer\u00eancia mundial e pioneira no desenvolvimento e transfer\u00eancia de tecnologias biotecnol\u00f3gicas para a agricultura sustent\u00e1vel, a empresa de matriz em Piracicaba agora conta com uma f\u00e1brica capaz de produzir insumos para tratar uma \u00e1rea de 17 vezes [&hellip;]","og_url":"https:\/\/www.cambe.pr.gov.br\/index.php\/referencia-mundial-ideelab-biotecnologia-inaugura-fabrica-de-bioinsumos-agricolas-em-cambe\/","og_site_name":"Prefeitura de Camb\u00e9","article_publisher":"https:\/\/m.facebook.com\/prefeituradecambe","article_published_time":"2025-07-17T15:11:38+00:00","article_modified_time":"2025-07-17T17:57:39+00:00","og_image":[{"width":2560,"height":1920,"url":"https:\/\/www.cambe.pr.gov.br\/wp-content\/uploads\/2025\/07\/IMG_9791-scaled.jpg","type":"image\/jpeg"}],"author":"Vinicius Augusto Batista Eira","twitter_card":"summary_large_image","twitter_misc":{"Escrito por":"Vinicius Augusto Batista Eira","Est. tempo de leitura":"4 minutos"},"schema":{"@context":"https:\/\/schema.org","@graph":[{"@type":"Article","@id":"https:\/\/www.cambe.pr.gov.br\/index.php\/referencia-mundial-ideelab-biotecnologia-inaugura-fabrica-de-bioinsumos-agricolas-em-cambe\/#article","isPartOf":{"@id":"https:\/\/www.cambe.pr.gov.br\/index.php\/referencia-mundial-ideelab-biotecnologia-inaugura-fabrica-de-bioinsumos-agricolas-em-cambe\/"},"author":{"name":"Vinicius Augusto Batista Eira","@id":"https:\/\/www.cambe.pr.gov.br\/#\/schema\/person\/8e3ee69cb2cadf4b9f8377407227effd"},"headline":"Refer\u00eancia mundial, IdeeLab Biotecnologia inaugura f\u00e1brica de bioinsumos agr\u00edcolas em Camb\u00e9","datePublished":"2025-07-17T15:11:38+00:00","dateModified":"2025-07-17T17:57:39+00:00","mainEntityOfPage":{"@id":"https:\/\/www.cambe.pr.gov.br\/index.php\/referencia-mundial-ideelab-biotecnologia-inaugura-fabrica-de-bioinsumos-agricolas-em-cambe\/"},"wordCount":559,"publisher":{"@id":"https:\/\/www.cambe.pr.gov.br\/#organization"},"image":{"@id":"https:\/\/www.cambe.pr.gov.br\/index.php\/referencia-mundial-ideelab-biotecnologia-inaugura-fabrica-de-bioinsumos-agricolas-em-cambe\/#primaryimage"},"thumbnailUrl":"https:\/\/www.cambe.pr.gov.br\/wp-content\/uploads\/2025\/07\/IMG_9791-1024x768.jpg","articleSection":["Principal"],"inLanguage":"pt-BR"},{"@type":"WebPage","@id":"https:\/\/www.cambe.pr.gov.br\/index.php\/referencia-mundial-ideelab-biotecnologia-inaugura-fabrica-de-bioinsumos-agricolas-em-cambe\/","url":"https:\/\/www.cambe.pr.gov.br\/index.php\/referencia-mundial-ideelab-biotecnologia-inaugura-fabrica-de-bioinsumos-agricolas-em-cambe\/","name":"Refer\u00eancia mundial, IdeeLab Biotecnologia inaugura f\u00e1brica de bioinsumos agr\u00edcolas em Camb\u00e9 - Prefeitura de Camb\u00e9","isPartOf":{"@id":"https:\/\/www.cambe.pr.gov.br\/#website"},"primaryImageOfPage":{"@id":"https:\/\/www.cambe.pr.gov.br\/index.php\/referencia-mundial-ideelab-biotecnologia-inaugura-fabrica-de-bioinsumos-agricolas-em-cambe\/#primaryimage"},"image":{"@id":"https:\/\/www.cambe.pr.gov.br\/index.php\/referencia-mundial-ideelab-biotecnologia-inaugura-fabrica-de-bioinsumos-agricolas-em-cambe\/#primaryimage"},"thumbnailUrl":"https:\/\/www.cambe.pr.gov.br\/wp-content\/uploads\/2025\/07\/IMG_9791-1024x768.jpg","datePublished":"2025-07-17T15:11:38+00:00","dateModified":"2025-07-17T17:57:39+00:00","breadcrumb":{"@id":"https:\/\/www.cambe.pr.gov.br\/index.php\/referencia-mundial-ideelab-biotecnologia-inaugura-fabrica-de-bioinsumos-agricolas-em-cambe\/#breadcrumb"},"inLanguage":"pt-BR","potentialAction":[{"@type":"ReadAction","target":["https:\/\/www.cambe.pr.gov.br\/index.php\/referencia-mundial-ideelab-biotecnologia-inaugura-fabrica-de-bioinsumos-agricolas-em-cambe\/"]}]},{"@type":"ImageObject","inLanguage":"pt-BR","@id":"https:\/\/www.cambe.pr.gov.br\/index.php\/referencia-mundial-ideelab-biotecnologia-inaugura-fabrica-de-bioinsumos-agricolas-em-cambe\/#primaryimage","url":"https:\/\/www.cambe.pr.gov.br\/wp-content\/uploads\/2025\/07\/IMG_9791-scaled.jpg","contentUrl":"https:\/\/www.cambe.pr.gov.br\/wp-content\/uploads\/2025\/07\/IMG_9791-scaled.jpg","width":2560,"height":1920},{"@type":"BreadcrumbList","@id":"https:\/\/www.cambe.pr.gov.br\/index.php\/referencia-mundial-ideelab-biotecnologia-inaugura-fabrica-de-bioinsumos-agricolas-em-cambe\/#breadcrumb","itemListElement":[{"@type":"ListItem","position":1,"name":"In\u00edcio","item":"https:\/\/www.cambe.pr.gov.br\/"},{"@type":"ListItem","position":2,"name":"Refer\u00eancia mundial, IdeeLab Biotecnologia inaugura f\u00e1brica de bioinsumos agr\u00edcolas em Camb\u00e9"}]},{"@type":"WebSite","@id":"https:\/\/www.cambe.pr.gov.br\/#website","url":"https:\/\/www.cambe.pr.gov.br\/","name":"Prefeitura de Camb\u00e9","description":"UM GOVERNO PARA TODOS","publisher":{"@id":"https:\/\/www.cambe.pr.gov.br\/#organization"},"potentialAction":[{"@type":"SearchAction","target":{"@type":"EntryPoint","urlTemplate":"https:\/\/www.cambe.pr.gov.br\/?s={search_term_string}"},"query-input":{"@type":"PropertyValueSpecification","valueRequired":true,"valueName":"search_term_string"}}],"inLanguage":"pt-BR"},{"@type":"Organization","@id":"https:\/\/www.cambe.pr.gov.br\/#organization","name":"Prefeitura de Camb\u00e9","url":"https:\/\/www.cambe.pr.gov.br\/","logo":{"@type":"ImageObject","inLanguage":"pt-BR","@id":"https:\/\/www.cambe.pr.gov.br\/#\/schema\/logo\/image\/","url":"https:\/\/www.cambe.pr.gov.br\/wp-content\/uploads\/2021\/01\/cropped-cropped-cambe_brazao-icone.png","contentUrl":"https:\/\/www.cambe.pr.gov.br\/wp-content\/uploads\/2021\/01\/cropped-cropped-cambe_brazao-icone.png","width":240,"height":240,"caption":"Prefeitura de Camb\u00e9"},"image":{"@id":"https:\/\/www.cambe.pr.gov.br\/#\/schema\/logo\/image\/"},"sameAs":["https:\/\/m.facebook.com\/prefeituradecambe"]},{"@type":"Person","@id":"https:\/\/www.cambe.pr.gov.br\/#\/schema\/person\/8e3ee69cb2cadf4b9f8377407227effd","name":"Vinicius Augusto Batista Eira","image":{"@type":"ImageObject","inLanguage":"pt-BR","@id":"https:\/\/secure.gravatar.com\/avatar\/1ec500de7013b30e1d4d7c8c3978f0e4433c37e5d5e4cd186239369c6440122b?s=96&d=mm&r=g","url":"https:\/\/secure.gravatar.com\/avatar\/1ec500de7013b30e1d4d7c8c3978f0e4433c37e5d5e4cd186239369c6440122b?s=96&d=mm&r=g","contentUrl":"https:\/\/secure.gravatar.com\/avatar\/1ec500de7013b30e1d4d7c8c3978f0e4433c37e5d5e4cd186239369c6440122b?s=96&d=mm&r=g","caption":"Vinicius Augusto Batista Eira"},"url":"https:\/\/www.cambe.pr.gov.br\/index.php\/author\/vabeira\/"}]}},"_links":{"self":[{"href":"https:\/\/www.cambe.pr.gov.br\/index.php\/wp-json\/wp\/v2\/posts\/17399","targetHints":{"allow":["GET"]}}],"collection":[{"href":"https:\/\/www.cambe.pr.gov.br\/index.php\/wp-json\/wp\/v2\/posts"}],"about":[{"href":"https:\/\/www.cambe.pr.gov.br\/index.php\/wp-json\/wp\/v2\/types\/post"}],"author":[{"embeddable":true,"href":"https:\/\/www.cambe.pr.gov.br\/index.php\/wp-json\/wp\/v2\/users\/16"}],"replies":[{"embeddable":true,"href":"https:\/\/www.cambe.pr.gov.br\/index.php\/wp-json\/wp\/v2\/comments?post=17399"}],"version-history":[{"count":5,"href":"https:\/\/www.cambe.pr.gov.br\/index.php\/wp-json\/wp\/v2\/posts\/17399\/revisions"}],"predecessor-version":[{"id":17407,"href":"https:\/\/www.cambe.pr.gov.br\/index.php\/wp-json\/wp\/v2\/posts\/17399\/revisions\/17407"}],"wp:attachment":[{"href":"https:\/\/www.cambe.pr.gov.br\/index.php\/wp-json\/wp\/v2\/media?parent=17399"}],"wp:term":[{"taxonomy":"category","embeddable":true,"href":"https:\/\/www.cambe.pr.gov.br\/index.php\/wp-json\/wp\/v2\/categories?post=17399"},{"taxonomy":"post_tag","embeddable":true,"href":"https:\/\/www.cambe.pr.gov.br\/index.php\/wp-json\/wp\/v2\/tags?post=17399"}],"curies":[{"name":"wp","href":"https:\/\/api.w.org\/{rel}","templated":true}]}}