{"id":17387,"date":"2025-07-11T13:14:04","date_gmt":"2025-07-11T16:14:04","guid":{"rendered":"https:\/\/www.cambe.pr.gov.br\/?p=17387"},"modified":"2025-07-11T13:40:25","modified_gmt":"2025-07-11T16:40:25","slug":"londrina-cambe-e-ibipora-se-unem-para-ampliar-oportunidades-de-emprego-na-regiao","status":"publish","type":"post","link":"https:\/\/www.cambe.pr.gov.br\/index.php\/londrina-cambe-e-ibipora-se-unem-para-ampliar-oportunidades-de-emprego-na-regiao\/","title":{"rendered":"Londrina, Camb\u00e9 e Ibipor\u00e3 se unem para ampliar oportunidades de emprego na regi\u00e3o"},"content":{"rendered":"<p style=\"text-align: justify;\"><span style=\"font-family: arial, helvetica, sans-serif;\"><img fetchpriority=\"high\" decoding=\"async\" class=\"alignleft size-large wp-image-17388\" src=\"https:\/\/www.cambe.pr.gov.br\/wp-content\/uploads\/2025\/07\/reuniao-Sec-Trabalho-empregos-Londrina-Cambe-Ibipora-SMTER-1-1024x534.webp\" alt=\"\" width=\"610\" height=\"318\" srcset=\"https:\/\/www.cambe.pr.gov.br\/wp-content\/uploads\/2025\/07\/reuniao-Sec-Trabalho-empregos-Londrina-Cambe-Ibipora-SMTER-1-1024x534.webp 1024w, https:\/\/www.cambe.pr.gov.br\/wp-content\/uploads\/2025\/07\/reuniao-Sec-Trabalho-empregos-Londrina-Cambe-Ibipora-SMTER-1-300x156.webp 300w, https:\/\/www.cambe.pr.gov.br\/wp-content\/uploads\/2025\/07\/reuniao-Sec-Trabalho-empregos-Londrina-Cambe-Ibipora-SMTER-1-768x400.webp 768w, https:\/\/www.cambe.pr.gov.br\/wp-content\/uploads\/2025\/07\/reuniao-Sec-Trabalho-empregos-Londrina-Cambe-Ibipora-SMTER-1.webp 1170w\" sizes=\"(max-width: 610px) 100vw, 610px\" \/>Em um movimento in\u00e9dito, as secretarias do Trabalho de tr\u00eas grandes munic\u00edpios da regi\u00e3o norte do Paran\u00e1 \u2013 Londrina, Camb\u00e9 e Ibipor\u00e3 \u2013 somam esfor\u00e7os para organizar a\u00e7\u00f5es intermunicipais de fomento do emprego voltadas a trabalhadores e empresas. A parceria pretende potencializar as chances de inclus\u00e3o no mercado formal das tr\u00eas cidades, abrindo portas para quem busca uma oportunidade e contribuindo para o desenvolvimento econ\u00f4mico regional.<\/span><\/p>\n<p style=\"text-align: justify;\"><span style=\"font-family: arial, helvetica, sans-serif;\">A integra\u00e7\u00e3o entre as tr\u00eas cidades marca um novo momento para as pol\u00edticas p\u00fablicas de trabalho e renda na regi\u00e3o, criando solu\u00e7\u00f5es conjuntas que potencializam resultados. A expectativa \u00e9 que a iniciativa gere impacto positivo tanto para o setor produtivo, que enfrenta desafios para preenchimento de vagas, quanto para pessoas que desejam ingressar ou retornar ao mercado de trabalho. Um grupo de trabalho j\u00e1 foi montado para constru\u00e7\u00e3o desse projeto.<\/span><\/p>\n<p style=\"text-align: justify;\"><span style=\"font-family: arial, helvetica, sans-serif;\">Para o secret\u00e1rio municipal do Trabalho, Emprego e Renda de Londrina, Cesar Makiolke, a uni\u00e3o entre munic\u00edpios refor\u00e7a o compromisso da gest\u00e3o em atuar de forma integrada. \u201cA articula\u00e7\u00e3o regional foi um pedido do prefeito Tiago Amaral, que acredita na for\u00e7a do relacionamento e na constru\u00e7\u00e3o coletiva. Londrina, Camb\u00e9 e Ibipor\u00e3 juntas representam mais oportunidades e pol\u00edticas p\u00fablicas de qualidade para toda a regi\u00e3o norte do Estado, que \u00e9 uma fonte de prosperidade para todo o Paran\u00e1\u201d, afirmou.<\/span><\/p>\n<p style=\"text-align: justify;\"><span style=\"font-family: arial, helvetica, sans-serif;\">O secret\u00e1rio do Trabalho, Qualifica\u00e7\u00e3o e Empreendedorismo de Ibipor\u00e3, Gustavo Toneli de S\u00e1, destacou que a a\u00e7\u00e3o visa atender os diferentes setores de forma multidisciplinar, com emprego e qualifica\u00e7\u00e3o. \u201cEstamos trabalhando para entregar uma a\u00e7\u00e3o completa, que atenda o trabalhador e tamb\u00e9m fortale\u00e7a as empresas. Esse \u00e9 o papel das secretarias do Trabalho: ser ponte para oportunidades que transformam vidas e movimentam a economia\u201d, concluiu Toneli.<\/span><\/p>\n<p style=\"text-align: justify;\"><span style=\"font-family: arial, helvetica, sans-serif;\">Para o secret\u00e1rio do Trabalho e Profissionaliza\u00e7\u00e3o de Camb\u00e9, Eduardo Cazarin, a parceria tem tudo para se tornar uma pol\u00edtica permanente. \u201cOs trabalhadores da nossa regi\u00e3o transitam pelos nossos munic\u00edpios todos os dias. Recebemos pessoas de Londrina e Ibipor\u00e3 e vice-versa, por isso, construir uma a\u00e7\u00e3o integrada e que atenda a regi\u00e3o como um todo \u00e9 fundamental para o fortalecimento das pol\u00edticas p\u00fablicas de emprego e para que nossa regi\u00e3o se torne cada vez mais pujante\u201d, concluiu Cazarin.<\/span><\/p>\n<p style=\"text-align: justify;\"><span style=\"font-family: arial, helvetica, sans-serif;\">Via <a href=\"https:\/\/blog.londrina.pr.gov.br\/?p=194925\" target=\"_blank\" rel=\"noopener\"><strong>N\u00facleo de Comunica\u00e7\u00e3o<\/strong><\/a> da Prefeitura de Londrina.<\/span><\/p>\n","protected":false},"excerpt":{"rendered":"<p>Em um movimento in\u00e9dito, as secretarias do Trabalho de tr\u00eas grandes munic\u00edpios da regi\u00e3o norte do Paran\u00e1 \u2013 Londrina, Camb\u00e9 e Ibipor\u00e3 \u2013 somam esfor\u00e7os para organizar a\u00e7\u00f5es intermunicipais de fomento do emprego voltadas a trabalhadores e empresas. A parceria pretende potencializar as chances de inclus\u00e3o no mercado formal das tr\u00eas cidades, abrindo portas para [&hellip;]<\/p>\n","protected":false},"author":16,"featured_media":0,"comment_status":"closed","ping_status":"closed","sticky":false,"template":"","format":"standard","meta":{"ngg_post_thumbnail":0,"footnotes":""},"categories":[1],"tags":[],"class_list":["post-17387","post","type-post","status-publish","format-standard","hentry","category-principal"],"yoast_head":"<!-- This site is optimized with the Yoast SEO plugin v27.4 - https:\/\/yoast.com\/product\/yoast-seo-wordpress\/ -->\n<title>Londrina, Camb\u00e9 e Ibipor\u00e3 se unem para ampliar oportunidades de emprego na regi\u00e3o - Prefeitura de Camb\u00e9<\/title>\n<meta name=\"robots\" content=\"index, follow, max-snippet:-1, max-image-preview:large, max-video-preview:-1\" \/>\n<link rel=\"canonical\" href=\"https:\/\/www.cambe.pr.gov.br\/index.php\/londrina-cambe-e-ibipora-se-unem-para-ampliar-oportunidades-de-emprego-na-regiao\/\" \/>\n<meta property=\"og:locale\" content=\"pt_BR\" \/>\n<meta property=\"og:type\" content=\"article\" \/>\n<meta property=\"og:title\" content=\"Londrina, Camb\u00e9 e Ibipor\u00e3 se unem para ampliar oportunidades de emprego na regi\u00e3o - Prefeitura de Camb\u00e9\" \/>\n<meta property=\"og:description\" content=\"Em um movimento in\u00e9dito, as secretarias do Trabalho de tr\u00eas grandes munic\u00edpios da regi\u00e3o norte do Paran\u00e1 \u2013 Londrina, Camb\u00e9 e Ibipor\u00e3 \u2013 somam esfor\u00e7os para organizar a\u00e7\u00f5es intermunicipais de fomento do emprego voltadas a trabalhadores e empresas. A parceria pretende potencializar as chances de inclus\u00e3o no mercado formal das tr\u00eas cidades, abrindo portas para [&hellip;]\" \/>\n<meta property=\"og:url\" content=\"https:\/\/www.cambe.pr.gov.br\/index.php\/londrina-cambe-e-ibipora-se-unem-para-ampliar-oportunidades-de-emprego-na-regiao\/\" \/>\n<meta property=\"og:site_name\" content=\"Prefeitura de Camb\u00e9\" \/>\n<meta property=\"article:publisher\" content=\"https:\/\/m.facebook.com\/prefeituradecambe\" \/>\n<meta property=\"article:published_time\" content=\"2025-07-11T16:14:04+00:00\" \/>\n<meta property=\"article:modified_time\" content=\"2025-07-11T16:40:25+00:00\" \/>\n<meta property=\"og:image\" content=\"https:\/\/www.cambe.pr.gov.br\/wp-content\/uploads\/2025\/07\/reuniao-Sec-Trabalho-empregos-Londrina-Cambe-Ibipora-SMTER-1.webp\" \/>\n\t<meta property=\"og:image:width\" content=\"1170\" \/>\n\t<meta property=\"og:image:height\" content=\"610\" \/>\n\t<meta property=\"og:image:type\" content=\"image\/webp\" \/>\n<meta name=\"author\" content=\"Vinicius Augusto Batista Eira\" \/>\n<meta name=\"twitter:card\" content=\"summary_large_image\" \/>\n<meta name=\"twitter:label1\" content=\"Escrito por\" \/>\n\t<meta name=\"twitter:data1\" content=\"Vinicius Augusto Batista Eira\" \/>\n\t<meta name=\"twitter:label2\" content=\"Est. tempo de leitura\" \/>\n\t<meta name=\"twitter:data2\" content=\"3 minutos\" \/>\n<script type=\"application\/ld+json\" class=\"yoast-schema-graph\">{\"@context\":\"https:\\\/\\\/schema.org\",\"@graph\":[{\"@type\":\"Article\",\"@id\":\"https:\\\/\\\/www.cambe.pr.gov.br\\\/index.php\\\/londrina-cambe-e-ibipora-se-unem-para-ampliar-oportunidades-de-emprego-na-regiao\\\/#article\",\"isPartOf\":{\"@id\":\"https:\\\/\\\/www.cambe.pr.gov.br\\\/index.php\\\/londrina-cambe-e-ibipora-se-unem-para-ampliar-oportunidades-de-emprego-na-regiao\\\/\"},\"author\":{\"name\":\"Vinicius Augusto Batista Eira\",\"@id\":\"https:\\\/\\\/www.cambe.pr.gov.br\\\/#\\\/schema\\\/person\\\/8e3ee69cb2cadf4b9f8377407227effd\"},\"headline\":\"Londrina, Camb\u00e9 e Ibipor\u00e3 se unem para ampliar oportunidades de emprego na regi\u00e3o\",\"datePublished\":\"2025-07-11T16:14:04+00:00\",\"dateModified\":\"2025-07-11T16:40:25+00:00\",\"mainEntityOfPage\":{\"@id\":\"https:\\\/\\\/www.cambe.pr.gov.br\\\/index.php\\\/londrina-cambe-e-ibipora-se-unem-para-ampliar-oportunidades-de-emprego-na-regiao\\\/\"},\"wordCount\":420,\"publisher\":{\"@id\":\"https:\\\/\\\/www.cambe.pr.gov.br\\\/#organization\"},\"image\":{\"@id\":\"https:\\\/\\\/www.cambe.pr.gov.br\\\/index.php\\\/londrina-cambe-e-ibipora-se-unem-para-ampliar-oportunidades-de-emprego-na-regiao\\\/#primaryimage\"},\"thumbnailUrl\":\"https:\\\/\\\/www.cambe.pr.gov.br\\\/wp-content\\\/uploads\\\/2025\\\/07\\\/reuniao-Sec-Trabalho-empregos-Londrina-Cambe-Ibipora-SMTER-1-1024x534.webp\",\"articleSection\":[\"Principal\"],\"inLanguage\":\"pt-BR\"},{\"@type\":\"WebPage\",\"@id\":\"https:\\\/\\\/www.cambe.pr.gov.br\\\/index.php\\\/londrina-cambe-e-ibipora-se-unem-para-ampliar-oportunidades-de-emprego-na-regiao\\\/\",\"url\":\"https:\\\/\\\/www.cambe.pr.gov.br\\\/index.php\\\/londrina-cambe-e-ibipora-se-unem-para-ampliar-oportunidades-de-emprego-na-regiao\\\/\",\"name\":\"Londrina, Camb\u00e9 e Ibipor\u00e3 se unem para ampliar oportunidades de emprego na regi\u00e3o - Prefeitura de Camb\u00e9\",\"isPartOf\":{\"@id\":\"https:\\\/\\\/www.cambe.pr.gov.br\\\/#website\"},\"primaryImageOfPage\":{\"@id\":\"https:\\\/\\\/www.cambe.pr.gov.br\\\/index.php\\\/londrina-cambe-e-ibipora-se-unem-para-ampliar-oportunidades-de-emprego-na-regiao\\\/#primaryimage\"},\"image\":{\"@id\":\"https:\\\/\\\/www.cambe.pr.gov.br\\\/index.php\\\/londrina-cambe-e-ibipora-se-unem-para-ampliar-oportunidades-de-emprego-na-regiao\\\/#primaryimage\"},\"thumbnailUrl\":\"https:\\\/\\\/www.cambe.pr.gov.br\\\/wp-content\\\/uploads\\\/2025\\\/07\\\/reuniao-Sec-Trabalho-empregos-Londrina-Cambe-Ibipora-SMTER-1-1024x534.webp\",\"datePublished\":\"2025-07-11T16:14:04+00:00\",\"dateModified\":\"2025-07-11T16:40:25+00:00\",\"breadcrumb\":{\"@id\":\"https:\\\/\\\/www.cambe.pr.gov.br\\\/index.php\\\/londrina-cambe-e-ibipora-se-unem-para-ampliar-oportunidades-de-emprego-na-regiao\\\/#breadcrumb\"},\"inLanguage\":\"pt-BR\",\"potentialAction\":[{\"@type\":\"ReadAction\",\"target\":[\"https:\\\/\\\/www.cambe.pr.gov.br\\\/index.php\\\/londrina-cambe-e-ibipora-se-unem-para-ampliar-oportunidades-de-emprego-na-regiao\\\/\"]}]},{\"@type\":\"ImageObject\",\"inLanguage\":\"pt-BR\",\"@id\":\"https:\\\/\\\/www.cambe.pr.gov.br\\\/index.php\\\/londrina-cambe-e-ibipora-se-unem-para-ampliar-oportunidades-de-emprego-na-regiao\\\/#primaryimage\",\"url\":\"https:\\\/\\\/www.cambe.pr.gov.br\\\/wp-content\\\/uploads\\\/2025\\\/07\\\/reuniao-Sec-Trabalho-empregos-Londrina-Cambe-Ibipora-SMTER-1.webp\",\"contentUrl\":\"https:\\\/\\\/www.cambe.pr.gov.br\\\/wp-content\\\/uploads\\\/2025\\\/07\\\/reuniao-Sec-Trabalho-empregos-Londrina-Cambe-Ibipora-SMTER-1.webp\",\"width\":1170,\"height\":610},{\"@type\":\"BreadcrumbList\",\"@id\":\"https:\\\/\\\/www.cambe.pr.gov.br\\\/index.php\\\/londrina-cambe-e-ibipora-se-unem-para-ampliar-oportunidades-de-emprego-na-regiao\\\/#breadcrumb\",\"itemListElement\":[{\"@type\":\"ListItem\",\"position\":1,\"name\":\"In\u00edcio\",\"item\":\"https:\\\/\\\/www.cambe.pr.gov.br\\\/\"},{\"@type\":\"ListItem\",\"position\":2,\"name\":\"Londrina, Camb\u00e9 e Ibipor\u00e3 se unem para ampliar oportunidades de emprego na regi\u00e3o\"}]},{\"@type\":\"WebSite\",\"@id\":\"https:\\\/\\\/www.cambe.pr.gov.br\\\/#website\",\"url\":\"https:\\\/\\\/www.cambe.pr.gov.br\\\/\",\"name\":\"Prefeitura de Camb\u00e9\",\"description\":\"UM GOVERNO PARA TODOS\",\"publisher\":{\"@id\":\"https:\\\/\\\/www.cambe.pr.gov.br\\\/#organization\"},\"potentialAction\":[{\"@type\":\"SearchAction\",\"target\":{\"@type\":\"EntryPoint\",\"urlTemplate\":\"https:\\\/\\\/www.cambe.pr.gov.br\\\/?s={search_term_string}\"},\"query-input\":{\"@type\":\"PropertyValueSpecification\",\"valueRequired\":true,\"valueName\":\"search_term_string\"}}],\"inLanguage\":\"pt-BR\"},{\"@type\":\"Organization\",\"@id\":\"https:\\\/\\\/www.cambe.pr.gov.br\\\/#organization\",\"name\":\"Prefeitura de Camb\u00e9\",\"url\":\"https:\\\/\\\/www.cambe.pr.gov.br\\\/\",\"logo\":{\"@type\":\"ImageObject\",\"inLanguage\":\"pt-BR\",\"@id\":\"https:\\\/\\\/www.cambe.pr.gov.br\\\/#\\\/schema\\\/logo\\\/image\\\/\",\"url\":\"https:\\\/\\\/www.cambe.pr.gov.br\\\/wp-content\\\/uploads\\\/2021\\\/01\\\/cropped-cropped-cambe_brazao-icone.png\",\"contentUrl\":\"https:\\\/\\\/www.cambe.pr.gov.br\\\/wp-content\\\/uploads\\\/2021\\\/01\\\/cropped-cropped-cambe_brazao-icone.png\",\"width\":240,\"height\":240,\"caption\":\"Prefeitura de Camb\u00e9\"},\"image\":{\"@id\":\"https:\\\/\\\/www.cambe.pr.gov.br\\\/#\\\/schema\\\/logo\\\/image\\\/\"},\"sameAs\":[\"https:\\\/\\\/m.facebook.com\\\/prefeituradecambe\"]},{\"@type\":\"Person\",\"@id\":\"https:\\\/\\\/www.cambe.pr.gov.br\\\/#\\\/schema\\\/person\\\/8e3ee69cb2cadf4b9f8377407227effd\",\"name\":\"Vinicius Augusto Batista Eira\",\"image\":{\"@type\":\"ImageObject\",\"inLanguage\":\"pt-BR\",\"@id\":\"https:\\\/\\\/secure.gravatar.com\\\/avatar\\\/1ec500de7013b30e1d4d7c8c3978f0e4433c37e5d5e4cd186239369c6440122b?s=96&d=mm&r=g\",\"url\":\"https:\\\/\\\/secure.gravatar.com\\\/avatar\\\/1ec500de7013b30e1d4d7c8c3978f0e4433c37e5d5e4cd186239369c6440122b?s=96&d=mm&r=g\",\"contentUrl\":\"https:\\\/\\\/secure.gravatar.com\\\/avatar\\\/1ec500de7013b30e1d4d7c8c3978f0e4433c37e5d5e4cd186239369c6440122b?s=96&d=mm&r=g\",\"caption\":\"Vinicius Augusto Batista Eira\"},\"url\":\"https:\\\/\\\/www.cambe.pr.gov.br\\\/index.php\\\/author\\\/vabeira\\\/\"}]}<\/script>\n<!-- \/ Yoast SEO plugin. -->","yoast_head_json":{"title":"Londrina, Camb\u00e9 e Ibipor\u00e3 se unem para ampliar oportunidades de emprego na regi\u00e3o - Prefeitura de Camb\u00e9","robots":{"index":"index","follow":"follow","max-snippet":"max-snippet:-1","max-image-preview":"max-image-preview:large","max-video-preview":"max-video-preview:-1"},"canonical":"https:\/\/www.cambe.pr.gov.br\/index.php\/londrina-cambe-e-ibipora-se-unem-para-ampliar-oportunidades-de-emprego-na-regiao\/","og_locale":"pt_BR","og_type":"article","og_title":"Londrina, Camb\u00e9 e Ibipor\u00e3 se unem para ampliar oportunidades de emprego na regi\u00e3o - Prefeitura de Camb\u00e9","og_description":"Em um movimento in\u00e9dito, as secretarias do Trabalho de tr\u00eas grandes munic\u00edpios da regi\u00e3o norte do Paran\u00e1 \u2013 Londrina, Camb\u00e9 e Ibipor\u00e3 \u2013 somam esfor\u00e7os para organizar a\u00e7\u00f5es intermunicipais de fomento do emprego voltadas a trabalhadores e empresas. A parceria pretende potencializar as chances de inclus\u00e3o no mercado formal das tr\u00eas cidades, abrindo portas para [&hellip;]","og_url":"https:\/\/www.cambe.pr.gov.br\/index.php\/londrina-cambe-e-ibipora-se-unem-para-ampliar-oportunidades-de-emprego-na-regiao\/","og_site_name":"Prefeitura de Camb\u00e9","article_publisher":"https:\/\/m.facebook.com\/prefeituradecambe","article_published_time":"2025-07-11T16:14:04+00:00","article_modified_time":"2025-07-11T16:40:25+00:00","og_image":[{"width":1170,"height":610,"url":"https:\/\/www.cambe.pr.gov.br\/wp-content\/uploads\/2025\/07\/reuniao-Sec-Trabalho-empregos-Londrina-Cambe-Ibipora-SMTER-1.webp","type":"image\/webp"}],"author":"Vinicius Augusto Batista Eira","twitter_card":"summary_large_image","twitter_misc":{"Escrito por":"Vinicius Augusto Batista Eira","Est. tempo de leitura":"3 minutos"},"schema":{"@context":"https:\/\/schema.org","@graph":[{"@type":"Article","@id":"https:\/\/www.cambe.pr.gov.br\/index.php\/londrina-cambe-e-ibipora-se-unem-para-ampliar-oportunidades-de-emprego-na-regiao\/#article","isPartOf":{"@id":"https:\/\/www.cambe.pr.gov.br\/index.php\/londrina-cambe-e-ibipora-se-unem-para-ampliar-oportunidades-de-emprego-na-regiao\/"},"author":{"name":"Vinicius Augusto Batista Eira","@id":"https:\/\/www.cambe.pr.gov.br\/#\/schema\/person\/8e3ee69cb2cadf4b9f8377407227effd"},"headline":"Londrina, Camb\u00e9 e Ibipor\u00e3 se unem para ampliar oportunidades de emprego na regi\u00e3o","datePublished":"2025-07-11T16:14:04+00:00","dateModified":"2025-07-11T16:40:25+00:00","mainEntityOfPage":{"@id":"https:\/\/www.cambe.pr.gov.br\/index.php\/londrina-cambe-e-ibipora-se-unem-para-ampliar-oportunidades-de-emprego-na-regiao\/"},"wordCount":420,"publisher":{"@id":"https:\/\/www.cambe.pr.gov.br\/#organization"},"image":{"@id":"https:\/\/www.cambe.pr.gov.br\/index.php\/londrina-cambe-e-ibipora-se-unem-para-ampliar-oportunidades-de-emprego-na-regiao\/#primaryimage"},"thumbnailUrl":"https:\/\/www.cambe.pr.gov.br\/wp-content\/uploads\/2025\/07\/reuniao-Sec-Trabalho-empregos-Londrina-Cambe-Ibipora-SMTER-1-1024x534.webp","articleSection":["Principal"],"inLanguage":"pt-BR"},{"@type":"WebPage","@id":"https:\/\/www.cambe.pr.gov.br\/index.php\/londrina-cambe-e-ibipora-se-unem-para-ampliar-oportunidades-de-emprego-na-regiao\/","url":"https:\/\/www.cambe.pr.gov.br\/index.php\/londrina-cambe-e-ibipora-se-unem-para-ampliar-oportunidades-de-emprego-na-regiao\/","name":"Londrina, Camb\u00e9 e Ibipor\u00e3 se unem para ampliar oportunidades de emprego na regi\u00e3o - Prefeitura de Camb\u00e9","isPartOf":{"@id":"https:\/\/www.cambe.pr.gov.br\/#website"},"primaryImageOfPage":{"@id":"https:\/\/www.cambe.pr.gov.br\/index.php\/londrina-cambe-e-ibipora-se-unem-para-ampliar-oportunidades-de-emprego-na-regiao\/#primaryimage"},"image":{"@id":"https:\/\/www.cambe.pr.gov.br\/index.php\/londrina-cambe-e-ibipora-se-unem-para-ampliar-oportunidades-de-emprego-na-regiao\/#primaryimage"},"thumbnailUrl":"https:\/\/www.cambe.pr.gov.br\/wp-content\/uploads\/2025\/07\/reuniao-Sec-Trabalho-empregos-Londrina-Cambe-Ibipora-SMTER-1-1024x534.webp","datePublished":"2025-07-11T16:14:04+00:00","dateModified":"2025-07-11T16:40:25+00:00","breadcrumb":{"@id":"https:\/\/www.cambe.pr.gov.br\/index.php\/londrina-cambe-e-ibipora-se-unem-para-ampliar-oportunidades-de-emprego-na-regiao\/#breadcrumb"},"inLanguage":"pt-BR","potentialAction":[{"@type":"ReadAction","target":["https:\/\/www.cambe.pr.gov.br\/index.php\/londrina-cambe-e-ibipora-se-unem-para-ampliar-oportunidades-de-emprego-na-regiao\/"]}]},{"@type":"ImageObject","inLanguage":"pt-BR","@id":"https:\/\/www.cambe.pr.gov.br\/index.php\/londrina-cambe-e-ibipora-se-unem-para-ampliar-oportunidades-de-emprego-na-regiao\/#primaryimage","url":"https:\/\/www.cambe.pr.gov.br\/wp-content\/uploads\/2025\/07\/reuniao-Sec-Trabalho-empregos-Londrina-Cambe-Ibipora-SMTER-1.webp","contentUrl":"https:\/\/www.cambe.pr.gov.br\/wp-content\/uploads\/2025\/07\/reuniao-Sec-Trabalho-empregos-Londrina-Cambe-Ibipora-SMTER-1.webp","width":1170,"height":610},{"@type":"BreadcrumbList","@id":"https:\/\/www.cambe.pr.gov.br\/index.php\/londrina-cambe-e-ibipora-se-unem-para-ampliar-oportunidades-de-emprego-na-regiao\/#breadcrumb","itemListElement":[{"@type":"ListItem","position":1,"name":"In\u00edcio","item":"https:\/\/www.cambe.pr.gov.br\/"},{"@type":"ListItem","position":2,"name":"Londrina, Camb\u00e9 e Ibipor\u00e3 se unem para ampliar oportunidades de emprego na regi\u00e3o"}]},{"@type":"WebSite","@id":"https:\/\/www.cambe.pr.gov.br\/#website","url":"https:\/\/www.cambe.pr.gov.br\/","name":"Prefeitura de Camb\u00e9","description":"UM GOVERNO PARA TODOS","publisher":{"@id":"https:\/\/www.cambe.pr.gov.br\/#organization"},"potentialAction":[{"@type":"SearchAction","target":{"@type":"EntryPoint","urlTemplate":"https:\/\/www.cambe.pr.gov.br\/?s={search_term_string}"},"query-input":{"@type":"PropertyValueSpecification","valueRequired":true,"valueName":"search_term_string"}}],"inLanguage":"pt-BR"},{"@type":"Organization","@id":"https:\/\/www.cambe.pr.gov.br\/#organization","name":"Prefeitura de Camb\u00e9","url":"https:\/\/www.cambe.pr.gov.br\/","logo":{"@type":"ImageObject","inLanguage":"pt-BR","@id":"https:\/\/www.cambe.pr.gov.br\/#\/schema\/logo\/image\/","url":"https:\/\/www.cambe.pr.gov.br\/wp-content\/uploads\/2021\/01\/cropped-cropped-cambe_brazao-icone.png","contentUrl":"https:\/\/www.cambe.pr.gov.br\/wp-content\/uploads\/2021\/01\/cropped-cropped-cambe_brazao-icone.png","width":240,"height":240,"caption":"Prefeitura de Camb\u00e9"},"image":{"@id":"https:\/\/www.cambe.pr.gov.br\/#\/schema\/logo\/image\/"},"sameAs":["https:\/\/m.facebook.com\/prefeituradecambe"]},{"@type":"Person","@id":"https:\/\/www.cambe.pr.gov.br\/#\/schema\/person\/8e3ee69cb2cadf4b9f8377407227effd","name":"Vinicius Augusto Batista Eira","image":{"@type":"ImageObject","inLanguage":"pt-BR","@id":"https:\/\/secure.gravatar.com\/avatar\/1ec500de7013b30e1d4d7c8c3978f0e4433c37e5d5e4cd186239369c6440122b?s=96&d=mm&r=g","url":"https:\/\/secure.gravatar.com\/avatar\/1ec500de7013b30e1d4d7c8c3978f0e4433c37e5d5e4cd186239369c6440122b?s=96&d=mm&r=g","contentUrl":"https:\/\/secure.gravatar.com\/avatar\/1ec500de7013b30e1d4d7c8c3978f0e4433c37e5d5e4cd186239369c6440122b?s=96&d=mm&r=g","caption":"Vinicius Augusto Batista Eira"},"url":"https:\/\/www.cambe.pr.gov.br\/index.php\/author\/vabeira\/"}]}},"_links":{"self":[{"href":"https:\/\/www.cambe.pr.gov.br\/index.php\/wp-json\/wp\/v2\/posts\/17387","targetHints":{"allow":["GET"]}}],"collection":[{"href":"https:\/\/www.cambe.pr.gov.br\/index.php\/wp-json\/wp\/v2\/posts"}],"about":[{"href":"https:\/\/www.cambe.pr.gov.br\/index.php\/wp-json\/wp\/v2\/types\/post"}],"author":[{"embeddable":true,"href":"https:\/\/www.cambe.pr.gov.br\/index.php\/wp-json\/wp\/v2\/users\/16"}],"replies":[{"embeddable":true,"href":"https:\/\/www.cambe.pr.gov.br\/index.php\/wp-json\/wp\/v2\/comments?post=17387"}],"version-history":[{"count":2,"href":"https:\/\/www.cambe.pr.gov.br\/index.php\/wp-json\/wp\/v2\/posts\/17387\/revisions"}],"predecessor-version":[{"id":17390,"href":"https:\/\/www.cambe.pr.gov.br\/index.php\/wp-json\/wp\/v2\/posts\/17387\/revisions\/17390"}],"wp:attachment":[{"href":"https:\/\/www.cambe.pr.gov.br\/index.php\/wp-json\/wp\/v2\/media?parent=17387"}],"wp:term":[{"taxonomy":"category","embeddable":true,"href":"https:\/\/www.cambe.pr.gov.br\/index.php\/wp-json\/wp\/v2\/categories?post=17387"},{"taxonomy":"post_tag","embeddable":true,"href":"https:\/\/www.cambe.pr.gov.br\/index.php\/wp-json\/wp\/v2\/tags?post=17387"}],"curies":[{"name":"wp","href":"https:\/\/api.w.org\/{rel}","templated":true}]}}