{"id":17369,"date":"2025-07-10T12:59:17","date_gmt":"2025-07-10T15:59:17","guid":{"rendered":"https:\/\/www.cambe.pr.gov.br\/?p=17369"},"modified":"2025-07-10T12:59:17","modified_gmt":"2025-07-10T15:59:17","slug":"cambe-recebe-novo-cras-do-governo-do-estado-que-sera-construido-na-regiao-do-santo-amaro","status":"publish","type":"post","link":"https:\/\/www.cambe.pr.gov.br\/index.php\/cambe-recebe-novo-cras-do-governo-do-estado-que-sera-construido-na-regiao-do-santo-amaro\/","title":{"rendered":"Camb\u00e9 recebe novo CRAS do governo do Estado, que ser\u00e1 constru\u00eddo na regi\u00e3o do Santo Amaro"},"content":{"rendered":"<div id=\"attachment_17370\" style=\"width: 620px\" class=\"wp-caption alignleft\"><img fetchpriority=\"high\" decoding=\"async\" aria-describedby=\"caption-attachment-17370\" class=\"wp-image-17370 size-large\" src=\"https:\/\/www.cambe.pr.gov.br\/wp-content\/uploads\/2025\/07\/Imagem-do-WhatsApp-de-2025-07-10-as-09.48.45_d6d6c4fa-1024x722.jpg\" alt=\"\" width=\"610\" height=\"430\" srcset=\"https:\/\/www.cambe.pr.gov.br\/wp-content\/uploads\/2025\/07\/Imagem-do-WhatsApp-de-2025-07-10-as-09.48.45_d6d6c4fa-1024x722.jpg 1024w, https:\/\/www.cambe.pr.gov.br\/wp-content\/uploads\/2025\/07\/Imagem-do-WhatsApp-de-2025-07-10-as-09.48.45_d6d6c4fa-300x212.jpg 300w, https:\/\/www.cambe.pr.gov.br\/wp-content\/uploads\/2025\/07\/Imagem-do-WhatsApp-de-2025-07-10-as-09.48.45_d6d6c4fa-768x542.jpg 768w, https:\/\/www.cambe.pr.gov.br\/wp-content\/uploads\/2025\/07\/Imagem-do-WhatsApp-de-2025-07-10-as-09.48.45_d6d6c4fa.jpg 1377w\" sizes=\"(max-width: 610px) 100vw, 610px\" \/><p id=\"caption-attachment-17370\" class=\"wp-caption-text\">O projeto \u00e9 padr\u00e3o do governo do Estado, e conta com \u00e1rea de constru\u00e7\u00e3o de mais de 200 m\u00b2. O CRAS vai atender 3.200 fam\u00edlias<\/p><\/div>\n<p style=\"text-align: justify;\"><span style=\"font-weight: 400; font-family: arial, helvetica, sans-serif;\">Representantes da Secretaria Municipal de Assist\u00eancia Social e Cidadania estiveram em Curitiba nesta quarta-feira (9) no evento de oficializa\u00e7\u00e3o de repasse para constru\u00e7\u00e3o novas unidades da \u00e1rea no estado. Ao todo, o governo do Paran\u00e1, por meio da Secretaria do Desenvolvimento Social e Fam\u00edlia (Sedef), vai investir R$ 25,2 milh\u00f5es em 16 novos Centros de Refer\u00eancia de Assist\u00eancia Social (CRAS) e em cinco novos Centros de Refer\u00eancia Especializado de Assist\u00eancia Social (CREAS). Camb\u00e9 foi contemplada com um CRAS, que ser\u00e1 constru\u00eddo no Santo Amaro, onde a estrutura hoje funciona em um espa\u00e7o alugado.<\/span><\/p>\n<p style=\"text-align: justify;\"><span style=\"font-weight: 400; font-family: arial, helvetica, sans-serif;\">A nova estrutura do CRAS Santo Amaro vai ficar a 1,5 km da atual, para n\u00e3o prejudicar o acesso das 3.200 fam\u00edlias referenciadas na regi\u00e3o com acesso aos servi\u00e7os do Centro. Ao todo, 35 bairros s\u00e3o atendidos pela estrutura.<\/span><\/p>\n<p style=\"text-align: justify;\"><span style=\"font-weight: 400; font-family: arial, helvetica, sans-serif;\">O projeto \u00e9 padr\u00e3o do governo do Estado, e conta com \u00e1rea de constru\u00e7\u00e3o de 206,65 m\u00b2, em um terreno de \u00e1rea m\u00ednima de 897 m\u00b2. A estrutura ter\u00e1 recep\u00e7\u00e3o; sala administrativa e coordena\u00e7\u00e3o; duas salas de atendimento; almoxarifado; sala de m\u00faltiplo uso; tr\u00eas sanit\u00e1rios, sendo dois com estrutura PcD; copa; e \u00e1rea de servi\u00e7o e dep\u00f3sito de material de limpeza.<\/span><\/p>\n<p style=\"text-align: justify;\"><span style=\"font-weight: 400; font-family: arial, helvetica, sans-serif;\">Segundo o secret\u00e1rio do Desenvolvimento Social e Fam\u00edlia, Rog\u00e9rio Carboni, a assinatura dos termos de libera\u00e7\u00e3o dos recursos marca um passo importante para o fortalecimento da pol\u00edtica de assist\u00eancia social nos munic\u00edpios que mais precisam. A sele\u00e7\u00e3o dos munic\u00edpios seguiu crit\u00e9rios t\u00e9cnicos definidos pelo CEAS\/PR. Cada munic\u00edpio poder\u00e1 receber at\u00e9 R$ 1,2 milh\u00e3o por unidade, com os valores sendo liberados em parcelas conforme o andamento das obras.<\/span><\/p>\n<p style=\"text-align: justify;\"><span style=\"font-weight: 400; font-family: arial, helvetica, sans-serif;\">Os recursos ser\u00e3o depositados diretamente nas contas espec\u00edficas dos Fundos Municipais de Assist\u00eancia Social para aplica\u00e7\u00e3o imediata em constru\u00e7\u00f5es novas. Para garantir o repasse, Camb\u00e9, e os demais munic\u00edpios, apresentaram o Atestado de Regularidade do Conselho, Plano e Fundo da Assist\u00eancia Social (ARCPF). Tamb\u00e9m j\u00e1 foi apresentado o terreno para a constru\u00e7\u00e3o, assim como o estudo t\u00e9cnico do local.<\/span><\/p>\n<div id=\"attachment_17371\" style=\"width: 620px\" class=\"wp-caption alignleft\"><img decoding=\"async\" aria-describedby=\"caption-attachment-17371\" class=\"wp-image-17371 size-large\" src=\"https:\/\/www.cambe.pr.gov.br\/wp-content\/uploads\/2025\/07\/Imagem-do-WhatsApp-de-2025-07-10-as-09.48.45_ed49433a-e1752163016446-953x1024.jpg\" alt=\"\" width=\"610\" height=\"655\" srcset=\"https:\/\/www.cambe.pr.gov.br\/wp-content\/uploads\/2025\/07\/Imagem-do-WhatsApp-de-2025-07-10-as-09.48.45_ed49433a-e1752163016446-953x1024.jpg 953w, https:\/\/www.cambe.pr.gov.br\/wp-content\/uploads\/2025\/07\/Imagem-do-WhatsApp-de-2025-07-10-as-09.48.45_ed49433a-e1752163016446-279x300.jpg 279w, https:\/\/www.cambe.pr.gov.br\/wp-content\/uploads\/2025\/07\/Imagem-do-WhatsApp-de-2025-07-10-as-09.48.45_ed49433a-e1752163016446-768x826.jpg 768w, https:\/\/www.cambe.pr.gov.br\/wp-content\/uploads\/2025\/07\/Imagem-do-WhatsApp-de-2025-07-10-as-09.48.45_ed49433a-e1752163016446.jpg 1200w\" sizes=\"(max-width: 610px) 100vw, 610px\" \/><p id=\"caption-attachment-17371\" class=\"wp-caption-text\">A secret\u00e1ria municipal de Assist\u00eancia Social e Cidadania foi at\u00e9 Curitiba para assinar o repasse dos recursos<\/p><\/div>\n<p style=\"text-align: justify;\"><span style=\"font-weight: 400; font-family: arial, helvetica, sans-serif;\">O prefeito Conrado Scheller celebra mais estrutura moderna que chega ao munic\u00edpio. \u201cS\u00f3 temos que agradecer ao governador Ratinho Junior e ao secret\u00e1rio Rog\u00e9rio Carboni, toda a equipe do governo do Estado. Essa parceria e rela\u00e7\u00e3o pr\u00f3xima oportuniza que os cambeenses tenham acesso a recursos e estruturas modernas e de qualidade. \u00c9 mais conforto para quem precisa de assist\u00eancia, e tamb\u00e9m um ambiente mais digno para que nossos servidores possam trabalhar\u201d, disse.<\/span><\/p>\n<p style=\"text-align: justify;\"><span style=\"font-weight: 400; font-family: arial, helvetica, sans-serif;\">Fl\u00e1via Iwakura, secret\u00e1ria de Assist\u00eancia Social e Cidadania, ressalta que a nova unidade de CRAS \u00e9 certifica\u00e7\u00e3o que a pol\u00edtica de assist\u00eancia social municipal est\u00e1 no caminho certo. \u201cToda a nossa equipe, servidores ou terceirizados, se sente valorizada quando v\u00ea no universo de 399 munic\u00edpios do Estado, somente 22 serem contemplados e a gente aparecer na lista. Isso mostra que o trabalho est\u00e1 sendo visto. E a popula\u00e7\u00e3o tamb\u00e9m \u00e9 reconhecida, porque afinal de contas isso vai significar mais seguran\u00e7a de acolhida, mais dignidade, mais respeito, um equipamento ainda mais adequado do que tem sido ofertado. Para n\u00f3s, tamb\u00e9m, \u00e9 mais um exemplo de que funciona quando os entes federativos se unem. O governo Conrado tem olhado para a assist\u00eancia social, tem nos apoiado no planejamento estamos fazendo. E com o governo do Estado olhando com aten\u00e7\u00e3o para a pol\u00edtica da assist\u00eancia, faz com que o que preconiza que o SUS aconte\u00e7a. A assist\u00eancia social \u00e9 para todos que dela necessitarem, sem exce\u00e7\u00e3o\u201d, enfatizou a secret\u00e1ria.<\/span><\/p>\n<p>&nbsp;<\/p>\n<p style=\"text-align: justify;\"><strong><span style=\"font-family: arial, helvetica, sans-serif;\">O atendimento do CRAS<\/span><\/strong><\/p>\n<p style=\"text-align: justify;\"><span style=\"font-weight: 400; font-family: arial, helvetica, sans-serif;\">O CRAS \u00e9 a principal porta de entrada das fam\u00edlias para a rede de prote\u00e7\u00e3o da Assist\u00eancia Social. Essa \u00e9 a unidade p\u00fablica municipal respons\u00e1vel pela organiza\u00e7\u00e3o e oferta de a\u00e7\u00f5es e servi\u00e7os de prote\u00e7\u00e3o social b\u00e1sica nos territ\u00f3rios, fazendo parte da rede de atendimento \u00e0 popula\u00e7\u00e3o composta por servi\u00e7os da rede socioassistencial com outras \u00e1reas da pol\u00edtica p\u00fablica como sa\u00fade, educa\u00e7\u00e3o, cultura e esporte, e tamb\u00e9m servi\u00e7os n\u00e3o governamentais.<\/span><\/p>\n<p style=\"text-align: justify;\"><span style=\"font-weight: 400; font-family: arial, helvetica, sans-serif;\">Os servi\u00e7os prestados pela unidade s\u00e3o concess\u00e3o de benef\u00edcios eventuais como aux\u00edlio-alimenta\u00e7\u00e3o, aux\u00edlio-funeral e isen\u00e7\u00e3o de taxas de documentos mediante avalia\u00e7\u00e3o da equipe t\u00e9cnica; atendimento e acompanhamento familiar; oficinas com fam\u00edlias; a\u00e7\u00f5es comunit\u00e1rias; articula\u00e7\u00e3o e fortalecimento da rede local; e inclus\u00e3o e atualiza\u00e7\u00e3o do Cadastro \u00danico para participa\u00e7\u00e3o em programas sociais.<\/span><\/p>\n","protected":false},"excerpt":{"rendered":"<p>Representantes da Secretaria Municipal de Assist\u00eancia Social e Cidadania estiveram em Curitiba nesta quarta-feira (9) no evento de oficializa\u00e7\u00e3o de repasse para constru\u00e7\u00e3o novas unidades da \u00e1rea no estado. Ao todo, o governo do Paran\u00e1, por meio da Secretaria do Desenvolvimento Social e Fam\u00edlia (Sedef), vai investir R$ 25,2 milh\u00f5es em 16 novos Centros de [&hellip;]<\/p>\n","protected":false},"author":16,"featured_media":0,"comment_status":"closed","ping_status":"closed","sticky":false,"template":"","format":"standard","meta":{"ngg_post_thumbnail":0,"footnotes":""},"categories":[1],"tags":[],"class_list":["post-17369","post","type-post","status-publish","format-standard","hentry","category-principal"],"yoast_head":"<!-- This site is optimized with the Yoast SEO plugin v27.4 - https:\/\/yoast.com\/product\/yoast-seo-wordpress\/ -->\n<title>Camb\u00e9 recebe novo CRAS do governo do Estado, que ser\u00e1 constru\u00eddo na regi\u00e3o do Santo Amaro - Prefeitura de Camb\u00e9<\/title>\n<meta name=\"robots\" content=\"index, follow, max-snippet:-1, max-image-preview:large, max-video-preview:-1\" \/>\n<link rel=\"canonical\" href=\"https:\/\/www.cambe.pr.gov.br\/index.php\/cambe-recebe-novo-cras-do-governo-do-estado-que-sera-construido-na-regiao-do-santo-amaro\/\" \/>\n<meta property=\"og:locale\" content=\"pt_BR\" \/>\n<meta property=\"og:type\" content=\"article\" \/>\n<meta property=\"og:title\" content=\"Camb\u00e9 recebe novo CRAS do governo do Estado, que ser\u00e1 constru\u00eddo na regi\u00e3o do Santo Amaro - Prefeitura de Camb\u00e9\" \/>\n<meta property=\"og:description\" content=\"Representantes da Secretaria Municipal de Assist\u00eancia Social e Cidadania estiveram em Curitiba nesta quarta-feira (9) no evento de oficializa\u00e7\u00e3o de repasse para constru\u00e7\u00e3o novas unidades da \u00e1rea no estado. Ao todo, o governo do Paran\u00e1, por meio da Secretaria do Desenvolvimento Social e Fam\u00edlia (Sedef), vai investir R$ 25,2 milh\u00f5es em 16 novos Centros de [&hellip;]\" \/>\n<meta property=\"og:url\" content=\"https:\/\/www.cambe.pr.gov.br\/index.php\/cambe-recebe-novo-cras-do-governo-do-estado-que-sera-construido-na-regiao-do-santo-amaro\/\" \/>\n<meta property=\"og:site_name\" content=\"Prefeitura de Camb\u00e9\" \/>\n<meta property=\"article:publisher\" content=\"https:\/\/m.facebook.com\/prefeituradecambe\" \/>\n<meta property=\"article:published_time\" content=\"2025-07-10T15:59:17+00:00\" \/>\n<meta property=\"og:image\" content=\"https:\/\/www.cambe.pr.gov.br\/wp-content\/uploads\/2025\/07\/Imagem-do-WhatsApp-de-2025-07-10-as-09.48.45_d6d6c4fa.jpg\" \/>\n\t<meta property=\"og:image:width\" content=\"1377\" \/>\n\t<meta property=\"og:image:height\" content=\"971\" \/>\n\t<meta property=\"og:image:type\" content=\"image\/jpeg\" \/>\n<meta name=\"author\" content=\"Vinicius Augusto Batista Eira\" \/>\n<meta name=\"twitter:card\" content=\"summary_large_image\" \/>\n<meta name=\"twitter:label1\" content=\"Escrito por\" \/>\n\t<meta name=\"twitter:data1\" content=\"Vinicius Augusto Batista Eira\" \/>\n\t<meta name=\"twitter:label2\" content=\"Est. tempo de leitura\" \/>\n\t<meta name=\"twitter:data2\" content=\"5 minutos\" \/>\n<script type=\"application\/ld+json\" class=\"yoast-schema-graph\">{\"@context\":\"https:\\\/\\\/schema.org\",\"@graph\":[{\"@type\":\"Article\",\"@id\":\"https:\\\/\\\/www.cambe.pr.gov.br\\\/index.php\\\/cambe-recebe-novo-cras-do-governo-do-estado-que-sera-construido-na-regiao-do-santo-amaro\\\/#article\",\"isPartOf\":{\"@id\":\"https:\\\/\\\/www.cambe.pr.gov.br\\\/index.php\\\/cambe-recebe-novo-cras-do-governo-do-estado-que-sera-construido-na-regiao-do-santo-amaro\\\/\"},\"author\":{\"name\":\"Vinicius Augusto Batista Eira\",\"@id\":\"https:\\\/\\\/www.cambe.pr.gov.br\\\/#\\\/schema\\\/person\\\/8e3ee69cb2cadf4b9f8377407227effd\"},\"headline\":\"Camb\u00e9 recebe novo CRAS do governo do Estado, que ser\u00e1 constru\u00eddo na regi\u00e3o do Santo Amaro\",\"datePublished\":\"2025-07-10T15:59:17+00:00\",\"mainEntityOfPage\":{\"@id\":\"https:\\\/\\\/www.cambe.pr.gov.br\\\/index.php\\\/cambe-recebe-novo-cras-do-governo-do-estado-que-sera-construido-na-regiao-do-santo-amaro\\\/\"},\"wordCount\":853,\"publisher\":{\"@id\":\"https:\\\/\\\/www.cambe.pr.gov.br\\\/#organization\"},\"image\":{\"@id\":\"https:\\\/\\\/www.cambe.pr.gov.br\\\/index.php\\\/cambe-recebe-novo-cras-do-governo-do-estado-que-sera-construido-na-regiao-do-santo-amaro\\\/#primaryimage\"},\"thumbnailUrl\":\"https:\\\/\\\/www.cambe.pr.gov.br\\\/wp-content\\\/uploads\\\/2025\\\/07\\\/Imagem-do-WhatsApp-de-2025-07-10-as-09.48.45_d6d6c4fa-1024x722.jpg\",\"articleSection\":[\"Principal\"],\"inLanguage\":\"pt-BR\"},{\"@type\":\"WebPage\",\"@id\":\"https:\\\/\\\/www.cambe.pr.gov.br\\\/index.php\\\/cambe-recebe-novo-cras-do-governo-do-estado-que-sera-construido-na-regiao-do-santo-amaro\\\/\",\"url\":\"https:\\\/\\\/www.cambe.pr.gov.br\\\/index.php\\\/cambe-recebe-novo-cras-do-governo-do-estado-que-sera-construido-na-regiao-do-santo-amaro\\\/\",\"name\":\"Camb\u00e9 recebe novo CRAS do governo do Estado, que ser\u00e1 constru\u00eddo na regi\u00e3o do Santo Amaro - Prefeitura de Camb\u00e9\",\"isPartOf\":{\"@id\":\"https:\\\/\\\/www.cambe.pr.gov.br\\\/#website\"},\"primaryImageOfPage\":{\"@id\":\"https:\\\/\\\/www.cambe.pr.gov.br\\\/index.php\\\/cambe-recebe-novo-cras-do-governo-do-estado-que-sera-construido-na-regiao-do-santo-amaro\\\/#primaryimage\"},\"image\":{\"@id\":\"https:\\\/\\\/www.cambe.pr.gov.br\\\/index.php\\\/cambe-recebe-novo-cras-do-governo-do-estado-que-sera-construido-na-regiao-do-santo-amaro\\\/#primaryimage\"},\"thumbnailUrl\":\"https:\\\/\\\/www.cambe.pr.gov.br\\\/wp-content\\\/uploads\\\/2025\\\/07\\\/Imagem-do-WhatsApp-de-2025-07-10-as-09.48.45_d6d6c4fa-1024x722.jpg\",\"datePublished\":\"2025-07-10T15:59:17+00:00\",\"breadcrumb\":{\"@id\":\"https:\\\/\\\/www.cambe.pr.gov.br\\\/index.php\\\/cambe-recebe-novo-cras-do-governo-do-estado-que-sera-construido-na-regiao-do-santo-amaro\\\/#breadcrumb\"},\"inLanguage\":\"pt-BR\",\"potentialAction\":[{\"@type\":\"ReadAction\",\"target\":[\"https:\\\/\\\/www.cambe.pr.gov.br\\\/index.php\\\/cambe-recebe-novo-cras-do-governo-do-estado-que-sera-construido-na-regiao-do-santo-amaro\\\/\"]}]},{\"@type\":\"ImageObject\",\"inLanguage\":\"pt-BR\",\"@id\":\"https:\\\/\\\/www.cambe.pr.gov.br\\\/index.php\\\/cambe-recebe-novo-cras-do-governo-do-estado-que-sera-construido-na-regiao-do-santo-amaro\\\/#primaryimage\",\"url\":\"https:\\\/\\\/www.cambe.pr.gov.br\\\/wp-content\\\/uploads\\\/2025\\\/07\\\/Imagem-do-WhatsApp-de-2025-07-10-as-09.48.45_d6d6c4fa.jpg\",\"contentUrl\":\"https:\\\/\\\/www.cambe.pr.gov.br\\\/wp-content\\\/uploads\\\/2025\\\/07\\\/Imagem-do-WhatsApp-de-2025-07-10-as-09.48.45_d6d6c4fa.jpg\",\"width\":1377,\"height\":971},{\"@type\":\"BreadcrumbList\",\"@id\":\"https:\\\/\\\/www.cambe.pr.gov.br\\\/index.php\\\/cambe-recebe-novo-cras-do-governo-do-estado-que-sera-construido-na-regiao-do-santo-amaro\\\/#breadcrumb\",\"itemListElement\":[{\"@type\":\"ListItem\",\"position\":1,\"name\":\"In\u00edcio\",\"item\":\"https:\\\/\\\/www.cambe.pr.gov.br\\\/\"},{\"@type\":\"ListItem\",\"position\":2,\"name\":\"Camb\u00e9 recebe novo CRAS do governo do Estado, que ser\u00e1 constru\u00eddo na regi\u00e3o do Santo Amaro\"}]},{\"@type\":\"WebSite\",\"@id\":\"https:\\\/\\\/www.cambe.pr.gov.br\\\/#website\",\"url\":\"https:\\\/\\\/www.cambe.pr.gov.br\\\/\",\"name\":\"Prefeitura de Camb\u00e9\",\"description\":\"UM GOVERNO PARA TODOS\",\"publisher\":{\"@id\":\"https:\\\/\\\/www.cambe.pr.gov.br\\\/#organization\"},\"potentialAction\":[{\"@type\":\"SearchAction\",\"target\":{\"@type\":\"EntryPoint\",\"urlTemplate\":\"https:\\\/\\\/www.cambe.pr.gov.br\\\/?s={search_term_string}\"},\"query-input\":{\"@type\":\"PropertyValueSpecification\",\"valueRequired\":true,\"valueName\":\"search_term_string\"}}],\"inLanguage\":\"pt-BR\"},{\"@type\":\"Organization\",\"@id\":\"https:\\\/\\\/www.cambe.pr.gov.br\\\/#organization\",\"name\":\"Prefeitura de Camb\u00e9\",\"url\":\"https:\\\/\\\/www.cambe.pr.gov.br\\\/\",\"logo\":{\"@type\":\"ImageObject\",\"inLanguage\":\"pt-BR\",\"@id\":\"https:\\\/\\\/www.cambe.pr.gov.br\\\/#\\\/schema\\\/logo\\\/image\\\/\",\"url\":\"https:\\\/\\\/www.cambe.pr.gov.br\\\/wp-content\\\/uploads\\\/2021\\\/01\\\/cropped-cropped-cambe_brazao-icone.png\",\"contentUrl\":\"https:\\\/\\\/www.cambe.pr.gov.br\\\/wp-content\\\/uploads\\\/2021\\\/01\\\/cropped-cropped-cambe_brazao-icone.png\",\"width\":240,\"height\":240,\"caption\":\"Prefeitura de Camb\u00e9\"},\"image\":{\"@id\":\"https:\\\/\\\/www.cambe.pr.gov.br\\\/#\\\/schema\\\/logo\\\/image\\\/\"},\"sameAs\":[\"https:\\\/\\\/m.facebook.com\\\/prefeituradecambe\"]},{\"@type\":\"Person\",\"@id\":\"https:\\\/\\\/www.cambe.pr.gov.br\\\/#\\\/schema\\\/person\\\/8e3ee69cb2cadf4b9f8377407227effd\",\"name\":\"Vinicius Augusto Batista Eira\",\"image\":{\"@type\":\"ImageObject\",\"inLanguage\":\"pt-BR\",\"@id\":\"https:\\\/\\\/secure.gravatar.com\\\/avatar\\\/1ec500de7013b30e1d4d7c8c3978f0e4433c37e5d5e4cd186239369c6440122b?s=96&d=mm&r=g\",\"url\":\"https:\\\/\\\/secure.gravatar.com\\\/avatar\\\/1ec500de7013b30e1d4d7c8c3978f0e4433c37e5d5e4cd186239369c6440122b?s=96&d=mm&r=g\",\"contentUrl\":\"https:\\\/\\\/secure.gravatar.com\\\/avatar\\\/1ec500de7013b30e1d4d7c8c3978f0e4433c37e5d5e4cd186239369c6440122b?s=96&d=mm&r=g\",\"caption\":\"Vinicius Augusto Batista Eira\"},\"url\":\"https:\\\/\\\/www.cambe.pr.gov.br\\\/index.php\\\/author\\\/vabeira\\\/\"}]}<\/script>\n<!-- \/ Yoast SEO plugin. -->","yoast_head_json":{"title":"Camb\u00e9 recebe novo CRAS do governo do Estado, que ser\u00e1 constru\u00eddo na regi\u00e3o do Santo Amaro - Prefeitura de Camb\u00e9","robots":{"index":"index","follow":"follow","max-snippet":"max-snippet:-1","max-image-preview":"max-image-preview:large","max-video-preview":"max-video-preview:-1"},"canonical":"https:\/\/www.cambe.pr.gov.br\/index.php\/cambe-recebe-novo-cras-do-governo-do-estado-que-sera-construido-na-regiao-do-santo-amaro\/","og_locale":"pt_BR","og_type":"article","og_title":"Camb\u00e9 recebe novo CRAS do governo do Estado, que ser\u00e1 constru\u00eddo na regi\u00e3o do Santo Amaro - Prefeitura de Camb\u00e9","og_description":"Representantes da Secretaria Municipal de Assist\u00eancia Social e Cidadania estiveram em Curitiba nesta quarta-feira (9) no evento de oficializa\u00e7\u00e3o de repasse para constru\u00e7\u00e3o novas unidades da \u00e1rea no estado. Ao todo, o governo do Paran\u00e1, por meio da Secretaria do Desenvolvimento Social e Fam\u00edlia (Sedef), vai investir R$ 25,2 milh\u00f5es em 16 novos Centros de [&hellip;]","og_url":"https:\/\/www.cambe.pr.gov.br\/index.php\/cambe-recebe-novo-cras-do-governo-do-estado-que-sera-construido-na-regiao-do-santo-amaro\/","og_site_name":"Prefeitura de Camb\u00e9","article_publisher":"https:\/\/m.facebook.com\/prefeituradecambe","article_published_time":"2025-07-10T15:59:17+00:00","og_image":[{"width":1377,"height":971,"url":"https:\/\/www.cambe.pr.gov.br\/wp-content\/uploads\/2025\/07\/Imagem-do-WhatsApp-de-2025-07-10-as-09.48.45_d6d6c4fa.jpg","type":"image\/jpeg"}],"author":"Vinicius Augusto Batista Eira","twitter_card":"summary_large_image","twitter_misc":{"Escrito por":"Vinicius Augusto Batista Eira","Est. tempo de leitura":"5 minutos"},"schema":{"@context":"https:\/\/schema.org","@graph":[{"@type":"Article","@id":"https:\/\/www.cambe.pr.gov.br\/index.php\/cambe-recebe-novo-cras-do-governo-do-estado-que-sera-construido-na-regiao-do-santo-amaro\/#article","isPartOf":{"@id":"https:\/\/www.cambe.pr.gov.br\/index.php\/cambe-recebe-novo-cras-do-governo-do-estado-que-sera-construido-na-regiao-do-santo-amaro\/"},"author":{"name":"Vinicius Augusto Batista Eira","@id":"https:\/\/www.cambe.pr.gov.br\/#\/schema\/person\/8e3ee69cb2cadf4b9f8377407227effd"},"headline":"Camb\u00e9 recebe novo CRAS do governo do Estado, que ser\u00e1 constru\u00eddo na regi\u00e3o do Santo Amaro","datePublished":"2025-07-10T15:59:17+00:00","mainEntityOfPage":{"@id":"https:\/\/www.cambe.pr.gov.br\/index.php\/cambe-recebe-novo-cras-do-governo-do-estado-que-sera-construido-na-regiao-do-santo-amaro\/"},"wordCount":853,"publisher":{"@id":"https:\/\/www.cambe.pr.gov.br\/#organization"},"image":{"@id":"https:\/\/www.cambe.pr.gov.br\/index.php\/cambe-recebe-novo-cras-do-governo-do-estado-que-sera-construido-na-regiao-do-santo-amaro\/#primaryimage"},"thumbnailUrl":"https:\/\/www.cambe.pr.gov.br\/wp-content\/uploads\/2025\/07\/Imagem-do-WhatsApp-de-2025-07-10-as-09.48.45_d6d6c4fa-1024x722.jpg","articleSection":["Principal"],"inLanguage":"pt-BR"},{"@type":"WebPage","@id":"https:\/\/www.cambe.pr.gov.br\/index.php\/cambe-recebe-novo-cras-do-governo-do-estado-que-sera-construido-na-regiao-do-santo-amaro\/","url":"https:\/\/www.cambe.pr.gov.br\/index.php\/cambe-recebe-novo-cras-do-governo-do-estado-que-sera-construido-na-regiao-do-santo-amaro\/","name":"Camb\u00e9 recebe novo CRAS do governo do Estado, que ser\u00e1 constru\u00eddo na regi\u00e3o do Santo Amaro - Prefeitura de Camb\u00e9","isPartOf":{"@id":"https:\/\/www.cambe.pr.gov.br\/#website"},"primaryImageOfPage":{"@id":"https:\/\/www.cambe.pr.gov.br\/index.php\/cambe-recebe-novo-cras-do-governo-do-estado-que-sera-construido-na-regiao-do-santo-amaro\/#primaryimage"},"image":{"@id":"https:\/\/www.cambe.pr.gov.br\/index.php\/cambe-recebe-novo-cras-do-governo-do-estado-que-sera-construido-na-regiao-do-santo-amaro\/#primaryimage"},"thumbnailUrl":"https:\/\/www.cambe.pr.gov.br\/wp-content\/uploads\/2025\/07\/Imagem-do-WhatsApp-de-2025-07-10-as-09.48.45_d6d6c4fa-1024x722.jpg","datePublished":"2025-07-10T15:59:17+00:00","breadcrumb":{"@id":"https:\/\/www.cambe.pr.gov.br\/index.php\/cambe-recebe-novo-cras-do-governo-do-estado-que-sera-construido-na-regiao-do-santo-amaro\/#breadcrumb"},"inLanguage":"pt-BR","potentialAction":[{"@type":"ReadAction","target":["https:\/\/www.cambe.pr.gov.br\/index.php\/cambe-recebe-novo-cras-do-governo-do-estado-que-sera-construido-na-regiao-do-santo-amaro\/"]}]},{"@type":"ImageObject","inLanguage":"pt-BR","@id":"https:\/\/www.cambe.pr.gov.br\/index.php\/cambe-recebe-novo-cras-do-governo-do-estado-que-sera-construido-na-regiao-do-santo-amaro\/#primaryimage","url":"https:\/\/www.cambe.pr.gov.br\/wp-content\/uploads\/2025\/07\/Imagem-do-WhatsApp-de-2025-07-10-as-09.48.45_d6d6c4fa.jpg","contentUrl":"https:\/\/www.cambe.pr.gov.br\/wp-content\/uploads\/2025\/07\/Imagem-do-WhatsApp-de-2025-07-10-as-09.48.45_d6d6c4fa.jpg","width":1377,"height":971},{"@type":"BreadcrumbList","@id":"https:\/\/www.cambe.pr.gov.br\/index.php\/cambe-recebe-novo-cras-do-governo-do-estado-que-sera-construido-na-regiao-do-santo-amaro\/#breadcrumb","itemListElement":[{"@type":"ListItem","position":1,"name":"In\u00edcio","item":"https:\/\/www.cambe.pr.gov.br\/"},{"@type":"ListItem","position":2,"name":"Camb\u00e9 recebe novo CRAS do governo do Estado, que ser\u00e1 constru\u00eddo na regi\u00e3o do Santo Amaro"}]},{"@type":"WebSite","@id":"https:\/\/www.cambe.pr.gov.br\/#website","url":"https:\/\/www.cambe.pr.gov.br\/","name":"Prefeitura de Camb\u00e9","description":"UM GOVERNO PARA TODOS","publisher":{"@id":"https:\/\/www.cambe.pr.gov.br\/#organization"},"potentialAction":[{"@type":"SearchAction","target":{"@type":"EntryPoint","urlTemplate":"https:\/\/www.cambe.pr.gov.br\/?s={search_term_string}"},"query-input":{"@type":"PropertyValueSpecification","valueRequired":true,"valueName":"search_term_string"}}],"inLanguage":"pt-BR"},{"@type":"Organization","@id":"https:\/\/www.cambe.pr.gov.br\/#organization","name":"Prefeitura de Camb\u00e9","url":"https:\/\/www.cambe.pr.gov.br\/","logo":{"@type":"ImageObject","inLanguage":"pt-BR","@id":"https:\/\/www.cambe.pr.gov.br\/#\/schema\/logo\/image\/","url":"https:\/\/www.cambe.pr.gov.br\/wp-content\/uploads\/2021\/01\/cropped-cropped-cambe_brazao-icone.png","contentUrl":"https:\/\/www.cambe.pr.gov.br\/wp-content\/uploads\/2021\/01\/cropped-cropped-cambe_brazao-icone.png","width":240,"height":240,"caption":"Prefeitura de Camb\u00e9"},"image":{"@id":"https:\/\/www.cambe.pr.gov.br\/#\/schema\/logo\/image\/"},"sameAs":["https:\/\/m.facebook.com\/prefeituradecambe"]},{"@type":"Person","@id":"https:\/\/www.cambe.pr.gov.br\/#\/schema\/person\/8e3ee69cb2cadf4b9f8377407227effd","name":"Vinicius Augusto Batista Eira","image":{"@type":"ImageObject","inLanguage":"pt-BR","@id":"https:\/\/secure.gravatar.com\/avatar\/1ec500de7013b30e1d4d7c8c3978f0e4433c37e5d5e4cd186239369c6440122b?s=96&d=mm&r=g","url":"https:\/\/secure.gravatar.com\/avatar\/1ec500de7013b30e1d4d7c8c3978f0e4433c37e5d5e4cd186239369c6440122b?s=96&d=mm&r=g","contentUrl":"https:\/\/secure.gravatar.com\/avatar\/1ec500de7013b30e1d4d7c8c3978f0e4433c37e5d5e4cd186239369c6440122b?s=96&d=mm&r=g","caption":"Vinicius Augusto Batista Eira"},"url":"https:\/\/www.cambe.pr.gov.br\/index.php\/author\/vabeira\/"}]}},"_links":{"self":[{"href":"https:\/\/www.cambe.pr.gov.br\/index.php\/wp-json\/wp\/v2\/posts\/17369","targetHints":{"allow":["GET"]}}],"collection":[{"href":"https:\/\/www.cambe.pr.gov.br\/index.php\/wp-json\/wp\/v2\/posts"}],"about":[{"href":"https:\/\/www.cambe.pr.gov.br\/index.php\/wp-json\/wp\/v2\/types\/post"}],"author":[{"embeddable":true,"href":"https:\/\/www.cambe.pr.gov.br\/index.php\/wp-json\/wp\/v2\/users\/16"}],"replies":[{"embeddable":true,"href":"https:\/\/www.cambe.pr.gov.br\/index.php\/wp-json\/wp\/v2\/comments?post=17369"}],"version-history":[{"count":3,"href":"https:\/\/www.cambe.pr.gov.br\/index.php\/wp-json\/wp\/v2\/posts\/17369\/revisions"}],"predecessor-version":[{"id":17374,"href":"https:\/\/www.cambe.pr.gov.br\/index.php\/wp-json\/wp\/v2\/posts\/17369\/revisions\/17374"}],"wp:attachment":[{"href":"https:\/\/www.cambe.pr.gov.br\/index.php\/wp-json\/wp\/v2\/media?parent=17369"}],"wp:term":[{"taxonomy":"category","embeddable":true,"href":"https:\/\/www.cambe.pr.gov.br\/index.php\/wp-json\/wp\/v2\/categories?post=17369"},{"taxonomy":"post_tag","embeddable":true,"href":"https:\/\/www.cambe.pr.gov.br\/index.php\/wp-json\/wp\/v2\/tags?post=17369"}],"curies":[{"name":"wp","href":"https:\/\/api.w.org\/{rel}","templated":true}]}}