{"id":17365,"date":"2025-07-10T11:57:57","date_gmt":"2025-07-10T14:57:57","guid":{"rendered":"https:\/\/www.cambe.pr.gov.br\/?p=17365"},"modified":"2025-07-10T11:59:21","modified_gmt":"2025-07-10T14:59:21","slug":"mais-de-dois-mil-atletas-disputam-o-42o-jogos-abertos-de-cambe","status":"publish","type":"post","link":"https:\/\/www.cambe.pr.gov.br\/index.php\/mais-de-dois-mil-atletas-disputam-o-42o-jogos-abertos-de-cambe\/","title":{"rendered":"Mais de dois mil atletas disputam o 42\u00ba Jogos Abertos de Camb\u00e9"},"content":{"rendered":"<p style=\"text-align: justify;\"><span style=\"font-weight: 400; font-family: arial, helvetica, sans-serif;\"><img fetchpriority=\"high\" decoding=\"async\" class=\"alignleft size-large wp-image-17175\" src=\"https:\/\/www.cambe.pr.gov.br\/wp-content\/uploads\/2025\/06\/DSC7289-copiar-1024x683.jpg\" alt=\"\" width=\"610\" height=\"407\" srcset=\"https:\/\/www.cambe.pr.gov.br\/wp-content\/uploads\/2025\/06\/DSC7289-copiar-1024x683.jpg 1024w, https:\/\/www.cambe.pr.gov.br\/wp-content\/uploads\/2025\/06\/DSC7289-copiar-300x200.jpg 300w, https:\/\/www.cambe.pr.gov.br\/wp-content\/uploads\/2025\/06\/DSC7289-copiar-768x512.jpg 768w, https:\/\/www.cambe.pr.gov.br\/wp-content\/uploads\/2025\/06\/DSC7289-copiar-1536x1024.jpg 1536w, https:\/\/www.cambe.pr.gov.br\/wp-content\/uploads\/2025\/06\/DSC7289-copiar-2048x1365.jpg 2048w\" sizes=\"(max-width: 610px) 100vw, 610px\" \/>Um dos mais tradicionais Jogos da regi\u00e3o tem in\u00edcio nesta quinta-feira (10). Mais de dois mil atletas do munic\u00edpio, e toda a regi\u00e3o, entram em disputa no 42\u00ba Jogos Abertos de Camb\u00e9. Ao todo, s\u00e3o 15 modalidades, masculino e feminino, em disputa de 10 a 29 de julho. A cerim\u00f4nia oficial dos Jogos Abertos, promovido pela Secretaria Municipal de Esportes e Lazer, acontece nesta quinta-feira (10), \u00e0s 19h30, no Gin\u00e1sio de Esportes Edilson Carlos Marigo, na Avenida Ant\u00f4nio Raminelli, 630.<\/span><\/p>\n<p style=\"text-align: justify;\"><span style=\"font-weight: 400; font-family: arial, helvetica, sans-serif;\">O 42\u00ba Jogos Abertos ter\u00e1 disputa de atletismo, basquete, beach tennis, cabo de guerra, futsal, handebol, jiu-jitsu, kickboxing, sinuca, taekwondo, t\u00eanis de mesa, truco, voleibol, v\u00f4lei de praia (dupla e 4\u00d74) e xadrez. Est\u00e3o previstas modalidades femininas e masculinas, mistas, individuais, de duplas ou por equipes. Programa\u00e7\u00e3o completa abaixo.<\/span><\/p>\n<p style=\"text-align: justify;\"><span style=\"font-weight: 400; font-family: arial, helvetica, sans-serif;\">Telma Gamba, secret\u00e1ria de Esportes e Lazer, salienta que Jogos Abertos de Camb\u00e9, que acontece tradicionalmente nas f\u00e9rias de julho, \u00e9 muito aguardado n\u00e3o s\u00f3 pelos atletas aqui cambeenses, mas tamb\u00e9m de toda a regi\u00e3o aqui do norte do Paran\u00e1. \u201cAcredito que seja o maior Jogos aqui da nossa regi\u00e3o, com uma diversidade imensa de modalidades e que movimenta o m\u00eas inteiro de muito esporte em v\u00e1rios dos nossos espa\u00e7os. Ent\u00e3o, \u00e9 com grande entusiasmo e comprometimento que a gente aguarda esses mais de dois mil atletas para essa grande festa do esporte aqui em Camb\u00e9.\u201d<\/span><\/p>\n<p style=\"text-align: justify;\"><span style=\"font-weight: 400; font-family: arial, helvetica, sans-serif;\">Resultados, informa\u00e7\u00f5es e programa\u00e7\u00e3o dos jogos podem ser acessadas <a href=\"https:\/\/copafacil.com\/jogosabertosdecambe2025\" target=\"_blank\" rel=\"noopener\"><strong>neste site<\/strong><\/a> ou atrav\u00e9s do aplicativo <a href=\"https:\/\/play.google.com\/store\/apps\/details?id=com.copafacil\" target=\"_blank\" rel=\"noopener\"><strong>Copa F\u00e1cil<\/strong><\/a>.<\/span><\/p>\n<p>&nbsp;<\/p>\n<p style=\"text-align: justify;\"><strong><span style=\"font-family: arial, helvetica, sans-serif;\">Programa\u00e7\u00e3o completa dos Jogos:<\/span><\/strong><\/p>\n<p style=\"text-align: justify;\"><strong><span style=\"font-family: arial, helvetica, sans-serif;\">Cabo de guerra<br \/>\n<\/span><\/strong><span style=\"font-weight: 400; font-family: arial, helvetica, sans-serif;\">10 de julho<br \/>\n<\/span><span style=\"font-weight: 400; font-family: arial, helvetica, sans-serif;\">A partir das 20h30<br \/>\n<\/span><span style=\"font-weight: 400; font-family: arial, helvetica, sans-serif;\">Gin\u00e1sio Ana Rosa (Avenida Ant\u00f4nio Raminelli, 630)<\/span><\/p>\n<p style=\"text-align: justify;\"><strong><span style=\"font-family: arial, helvetica, sans-serif;\">Futsal<br \/>\n<\/span><\/strong><span style=\"font-weight: 400; font-family: arial, helvetica, sans-serif;\">11 a 25 de julho<br \/>\n<\/span><span style=\"font-weight: 400; font-family: arial, helvetica, sans-serif;\">Segunda a sexta-feira (19h \u00e0s 22h30) e s\u00e1bado e domingo (14h \u00e0s 17h)<br \/>\n<\/span><span style=\"font-weight: 400; font-family: arial, helvetica, sans-serif;\">Gin\u00e1sio Ana Rosa (Avenida Ant\u00f4nio Raminelli, 630)<\/span><\/p>\n<p style=\"text-align: justify;\"><span style=\"font-weight: 400; font-family: arial, helvetica, sans-serif;\"><strong>V\u00f4lei<\/strong><br \/>\n<\/span><span style=\"font-weight: 400; font-family: arial, helvetica, sans-serif;\">11 a 25 de julho<br \/>\n<\/span><span style=\"font-weight: 400; font-family: arial, helvetica, sans-serif;\">Segunda a sexta-feira (19h \u00e0s 22h30) e s\u00e1bado e domingo (14h \u00e0s 17h)<br \/>\n<\/span><span style=\"font-weight: 400; font-family: arial, helvetica, sans-serif;\">Gin\u00e1sio Santo Amaro (Rua Rio S\u00e3o Francisco, 520)<\/span><\/p>\n<p style=\"text-align: justify;\"><span style=\"font-weight: 400; font-family: arial, helvetica, sans-serif;\"><strong>Handebol<\/strong><br \/>\n<\/span><span style=\"font-weight: 400; font-family: arial, helvetica, sans-serif;\">11 a 20 de julho<br \/>\n<\/span><span style=\"font-weight: 400; font-family: arial, helvetica, sans-serif;\">Segunda a sexta-feira (19h \u00e0s 22h30) e s\u00e1bado e domingo (14h \u00e0s 17h)<br \/>\n<\/span><span style=\"font-weight: 400; font-family: arial, helvetica, sans-serif;\">Gin\u00e1sio Jo\u00e3o de Deus Almeida (Rua Carlos Sawade, 138)<\/span><\/p>\n<p style=\"text-align: justify;\"><span style=\"font-weight: 400; font-family: arial, helvetica, sans-serif;\"><strong>Escalada<\/strong><br \/>\n<\/span><span style=\"font-weight: 400; font-family: arial, helvetica, sans-serif;\">12 de julho<br \/>\n<\/span><span style=\"font-weight: 400; font-family: arial, helvetica, sans-serif;\">A partir das 14h<br \/>\n<\/span><span style=\"font-weight: 400; font-family: arial, helvetica, sans-serif;\">Est\u00e1dio Jos\u00e9 Garbelini &#8211; CETEC (Avenida Jos\u00e9 Bonif\u00e1cio, 50)<\/span><\/p>\n<p style=\"text-align: justify;\"><span style=\"font-weight: 400; font-family: arial, helvetica, sans-serif;\"><strong>V\u00f4lei de praia<\/strong><br \/>\n<\/span><span style=\"font-weight: 400; font-family: arial, helvetica, sans-serif;\">12 e 13 de julho<br \/>\n<\/span><span style=\"font-weight: 400; font-family: arial, helvetica, sans-serif;\">A partir das 9h<br \/>\n<\/span><span style=\"font-weight: 400; font-family: arial, helvetica, sans-serif;\">Ravenna Beach (Avenida Roberto Concei\u00e7\u00e3o, 1072)<\/span><\/p>\n<p style=\"text-align: justify;\"><span style=\"font-weight: 400; font-family: arial, helvetica, sans-serif;\"><strong>Atletismo<\/strong><br \/>\n<\/span><span style=\"font-weight: 400; font-family: arial, helvetica, sans-serif;\">13 de julho<br \/>\n<\/span><span style=\"font-weight: 400; font-family: arial, helvetica, sans-serif;\">A partir das 8h<br \/>\n<\/span><span style=\"font-weight: 400; font-family: arial, helvetica, sans-serif;\">Est\u00e1dio Jos\u00e9 Garbelini (Avenida Jos\u00e9 Bonif\u00e1cio, 50)<\/span><\/p>\n<p style=\"text-align: justify;\"><span style=\"font-weight: 400; font-family: arial, helvetica, sans-serif;\"><strong>Xadrez<\/strong><br \/>\n<\/span><span style=\"font-weight: 400; font-family: arial, helvetica, sans-serif;\">17 de julho<br \/>\n<\/span><span style=\"font-weight: 400; font-family: arial, helvetica, sans-serif;\">A partir das 19h<br \/>\n<\/span><span style=\"font-weight: 400; font-family: arial, helvetica, sans-serif;\">Centro da Juventude (Avenida Pedro Viriato Parigot de Souza, 953)<\/span><\/p>\n<p style=\"text-align: justify;\"><span style=\"font-weight: 400; font-family: arial, helvetica, sans-serif;\"><strong>Basquete<\/strong><br \/>\n<\/span><span style=\"font-weight: 400; font-family: arial, helvetica, sans-serif;\">21 a 29 de julho<br \/>\n<\/span><span style=\"font-weight: 400; font-family: arial, helvetica, sans-serif;\">Segunda a sexta-feira (19h \u00e0s 22h30) e s\u00e1bado e domingo (14h \u00e0s 17h)<br \/>\n<\/span><span style=\"font-weight: 400; font-family: arial, helvetica, sans-serif;\">Gin\u00e1sio Jo\u00e3o de Deus Almeida (Rua Carlos Sawade, 138)<\/span><\/p>\n<p style=\"text-align: justify;\"><span style=\"font-weight: 400; font-family: arial, helvetica, sans-serif;\"><strong>Sinuca<\/strong><br \/>\n<\/span><span style=\"font-weight: 400; font-family: arial, helvetica, sans-serif;\">24 de julho<br \/>\n<\/span><span style=\"font-weight: 400; font-family: arial, helvetica, sans-serif;\">A partir das 19h<br \/>\n<\/span><span style=\"font-weight: 400; font-family: arial, helvetica, sans-serif;\">Gin\u00e1sio do Jardim Silvino (Rua Amadeu Jos\u00e9 de Souza, 100)<\/span><\/p>\n<p style=\"text-align: justify;\"><span style=\"font-weight: 400; font-family: arial, helvetica, sans-serif;\"><strong>Truco<\/strong><br \/>\n<\/span><span style=\"font-weight: 400; font-family: arial, helvetica, sans-serif;\">24 de julho<br \/>\n<\/span><span style=\"font-weight: 400; font-family: arial, helvetica, sans-serif;\">A partir das 19h<br \/>\n<\/span><span style=\"font-weight: 400; font-family: arial, helvetica, sans-serif;\">Gin\u00e1sio do Jardim Silvino (Rua Amadeu Jos\u00e9 de Souza, 100)<\/span><\/p>\n<p style=\"text-align: justify;\"><span style=\"font-weight: 400; font-family: arial, helvetica, sans-serif;\"><strong>Beach Tennis<\/strong><br \/>\n<\/span><span style=\"font-weight: 400; font-family: arial, helvetica, sans-serif;\">De 25 a 27 de julho<br \/>\n<\/span><span style=\"font-weight: 400; font-family: arial, helvetica, sans-serif;\">Sexta-feira (a partir das 19h), s\u00e1bado (a partir das 14h) e domingo (a partir das 8h)<br \/>\n<\/span><span style=\"font-weight: 400; font-family: arial, helvetica, sans-serif;\">Batel Beach Tennis<\/span><\/p>\n<p style=\"text-align: justify;\"><span style=\"font-weight: 400; font-family: arial, helvetica, sans-serif;\"><strong>Taekwondo<\/strong><br \/>\n<\/span><span style=\"font-weight: 400; font-family: arial, helvetica, sans-serif;\">26 de julho<br \/>\n<\/span><span style=\"font-weight: 400; font-family: arial, helvetica, sans-serif;\">A partir das 14h<br \/>\n<\/span><span style=\"font-weight: 400; font-family: arial, helvetica, sans-serif;\">Gin\u00e1sio do Jardim Silvino (Rua Amadeu Jos\u00e9 de Souza, 100)<\/span><\/p>\n<p style=\"text-align: justify;\"><span style=\"font-weight: 400; font-family: arial, helvetica, sans-serif;\"><strong>Jiu-jitsu<\/strong><br \/>\n<\/span><span style=\"font-weight: 400; font-family: arial, helvetica, sans-serif;\">26 de julho<br \/>\n<\/span><span style=\"font-weight: 400; font-family: arial, helvetica, sans-serif;\">A partir das 14h<br \/>\n<\/span><span style=\"font-weight: 400; font-family: arial, helvetica, sans-serif;\">Academia Hauly Combat (Rua Belo Horizonte, 711)<\/span><\/p>\n<p style=\"text-align: justify;\"><span style=\"font-weight: 400; font-family: arial, helvetica, sans-serif;\"><strong>Kickboxing<\/strong><br \/>\n<\/span><span style=\"font-weight: 400; font-family: arial, helvetica, sans-serif;\">27 de julho<br \/>\n<\/span><span style=\"font-weight: 400; font-family: arial, helvetica, sans-serif;\">A partir das 14h<br \/>\n<\/span><span style=\"font-weight: 400; font-family: arial, helvetica, sans-serif;\">Gin\u00e1sio do Jardim Silvino (Rua Amadeu Jos\u00e9 de Souza, 100)<\/span><\/p>\n","protected":false},"excerpt":{"rendered":"<p>Um dos mais tradicionais Jogos da regi\u00e3o tem in\u00edcio nesta quinta-feira (10). Mais de dois mil atletas do munic\u00edpio, e toda a regi\u00e3o, entram em disputa no 42\u00ba Jogos Abertos de Camb\u00e9. Ao todo, s\u00e3o 15 modalidades, masculino e feminino, em disputa de 10 a 29 de julho. A cerim\u00f4nia oficial dos Jogos Abertos, promovido [&hellip;]<\/p>\n","protected":false},"author":16,"featured_media":0,"comment_status":"closed","ping_status":"closed","sticky":false,"template":"","format":"standard","meta":{"ngg_post_thumbnail":0,"footnotes":""},"categories":[1],"tags":[],"class_list":["post-17365","post","type-post","status-publish","format-standard","hentry","category-principal"],"yoast_head":"<!-- This site is optimized with the Yoast SEO plugin v27.4 - https:\/\/yoast.com\/product\/yoast-seo-wordpress\/ -->\n<title>Mais de dois mil atletas disputam o 42\u00ba Jogos Abertos de Camb\u00e9 - Prefeitura de Camb\u00e9<\/title>\n<meta name=\"robots\" content=\"index, follow, max-snippet:-1, max-image-preview:large, max-video-preview:-1\" \/>\n<link rel=\"canonical\" href=\"https:\/\/www.cambe.pr.gov.br\/index.php\/mais-de-dois-mil-atletas-disputam-o-42o-jogos-abertos-de-cambe\/\" \/>\n<meta property=\"og:locale\" content=\"pt_BR\" \/>\n<meta property=\"og:type\" content=\"article\" \/>\n<meta property=\"og:title\" content=\"Mais de dois mil atletas disputam o 42\u00ba Jogos Abertos de Camb\u00e9 - Prefeitura de Camb\u00e9\" \/>\n<meta property=\"og:description\" content=\"Um dos mais tradicionais Jogos da regi\u00e3o tem in\u00edcio nesta quinta-feira (10). Mais de dois mil atletas do munic\u00edpio, e toda a regi\u00e3o, entram em disputa no 42\u00ba Jogos Abertos de Camb\u00e9. Ao todo, s\u00e3o 15 modalidades, masculino e feminino, em disputa de 10 a 29 de julho. A cerim\u00f4nia oficial dos Jogos Abertos, promovido [&hellip;]\" \/>\n<meta property=\"og:url\" content=\"https:\/\/www.cambe.pr.gov.br\/index.php\/mais-de-dois-mil-atletas-disputam-o-42o-jogos-abertos-de-cambe\/\" \/>\n<meta property=\"og:site_name\" content=\"Prefeitura de Camb\u00e9\" \/>\n<meta property=\"article:publisher\" content=\"https:\/\/m.facebook.com\/prefeituradecambe\" \/>\n<meta property=\"article:published_time\" content=\"2025-07-10T14:57:57+00:00\" \/>\n<meta property=\"article:modified_time\" content=\"2025-07-10T14:59:21+00:00\" \/>\n<meta property=\"og:image\" content=\"https:\/\/www.cambe.pr.gov.br\/wp-content\/uploads\/2025\/06\/DSC7289-copiar-scaled.jpg\" \/>\n\t<meta property=\"og:image:width\" content=\"2560\" \/>\n\t<meta property=\"og:image:height\" content=\"1706\" \/>\n\t<meta property=\"og:image:type\" content=\"image\/jpeg\" \/>\n<meta name=\"author\" content=\"Vinicius Augusto Batista Eira\" \/>\n<meta name=\"twitter:card\" content=\"summary_large_image\" \/>\n<meta name=\"twitter:label1\" content=\"Escrito por\" \/>\n\t<meta name=\"twitter:data1\" content=\"Vinicius Augusto Batista Eira\" \/>\n\t<meta name=\"twitter:label2\" content=\"Est. tempo de leitura\" \/>\n\t<meta name=\"twitter:data2\" content=\"4 minutos\" \/>\n<script type=\"application\/ld+json\" class=\"yoast-schema-graph\">{\"@context\":\"https:\\\/\\\/schema.org\",\"@graph\":[{\"@type\":\"Article\",\"@id\":\"https:\\\/\\\/www.cambe.pr.gov.br\\\/index.php\\\/mais-de-dois-mil-atletas-disputam-o-42o-jogos-abertos-de-cambe\\\/#article\",\"isPartOf\":{\"@id\":\"https:\\\/\\\/www.cambe.pr.gov.br\\\/index.php\\\/mais-de-dois-mil-atletas-disputam-o-42o-jogos-abertos-de-cambe\\\/\"},\"author\":{\"name\":\"Vinicius Augusto Batista Eira\",\"@id\":\"https:\\\/\\\/www.cambe.pr.gov.br\\\/#\\\/schema\\\/person\\\/8e3ee69cb2cadf4b9f8377407227effd\"},\"headline\":\"Mais de dois mil atletas disputam o 42\u00ba Jogos Abertos de Camb\u00e9\",\"datePublished\":\"2025-07-10T14:57:57+00:00\",\"dateModified\":\"2025-07-10T14:59:21+00:00\",\"mainEntityOfPage\":{\"@id\":\"https:\\\/\\\/www.cambe.pr.gov.br\\\/index.php\\\/mais-de-dois-mil-atletas-disputam-o-42o-jogos-abertos-de-cambe\\\/\"},\"wordCount\":573,\"publisher\":{\"@id\":\"https:\\\/\\\/www.cambe.pr.gov.br\\\/#organization\"},\"image\":{\"@id\":\"https:\\\/\\\/www.cambe.pr.gov.br\\\/index.php\\\/mais-de-dois-mil-atletas-disputam-o-42o-jogos-abertos-de-cambe\\\/#primaryimage\"},\"thumbnailUrl\":\"https:\\\/\\\/www.cambe.pr.gov.br\\\/wp-content\\\/uploads\\\/2025\\\/06\\\/DSC7289-copiar-1024x683.jpg\",\"articleSection\":[\"Principal\"],\"inLanguage\":\"pt-BR\"},{\"@type\":\"WebPage\",\"@id\":\"https:\\\/\\\/www.cambe.pr.gov.br\\\/index.php\\\/mais-de-dois-mil-atletas-disputam-o-42o-jogos-abertos-de-cambe\\\/\",\"url\":\"https:\\\/\\\/www.cambe.pr.gov.br\\\/index.php\\\/mais-de-dois-mil-atletas-disputam-o-42o-jogos-abertos-de-cambe\\\/\",\"name\":\"Mais de dois mil atletas disputam o 42\u00ba Jogos Abertos de Camb\u00e9 - Prefeitura de Camb\u00e9\",\"isPartOf\":{\"@id\":\"https:\\\/\\\/www.cambe.pr.gov.br\\\/#website\"},\"primaryImageOfPage\":{\"@id\":\"https:\\\/\\\/www.cambe.pr.gov.br\\\/index.php\\\/mais-de-dois-mil-atletas-disputam-o-42o-jogos-abertos-de-cambe\\\/#primaryimage\"},\"image\":{\"@id\":\"https:\\\/\\\/www.cambe.pr.gov.br\\\/index.php\\\/mais-de-dois-mil-atletas-disputam-o-42o-jogos-abertos-de-cambe\\\/#primaryimage\"},\"thumbnailUrl\":\"https:\\\/\\\/www.cambe.pr.gov.br\\\/wp-content\\\/uploads\\\/2025\\\/06\\\/DSC7289-copiar-1024x683.jpg\",\"datePublished\":\"2025-07-10T14:57:57+00:00\",\"dateModified\":\"2025-07-10T14:59:21+00:00\",\"breadcrumb\":{\"@id\":\"https:\\\/\\\/www.cambe.pr.gov.br\\\/index.php\\\/mais-de-dois-mil-atletas-disputam-o-42o-jogos-abertos-de-cambe\\\/#breadcrumb\"},\"inLanguage\":\"pt-BR\",\"potentialAction\":[{\"@type\":\"ReadAction\",\"target\":[\"https:\\\/\\\/www.cambe.pr.gov.br\\\/index.php\\\/mais-de-dois-mil-atletas-disputam-o-42o-jogos-abertos-de-cambe\\\/\"]}]},{\"@type\":\"ImageObject\",\"inLanguage\":\"pt-BR\",\"@id\":\"https:\\\/\\\/www.cambe.pr.gov.br\\\/index.php\\\/mais-de-dois-mil-atletas-disputam-o-42o-jogos-abertos-de-cambe\\\/#primaryimage\",\"url\":\"https:\\\/\\\/www.cambe.pr.gov.br\\\/wp-content\\\/uploads\\\/2025\\\/06\\\/DSC7289-copiar-scaled.jpg\",\"contentUrl\":\"https:\\\/\\\/www.cambe.pr.gov.br\\\/wp-content\\\/uploads\\\/2025\\\/06\\\/DSC7289-copiar-scaled.jpg\",\"width\":2560,\"height\":1706},{\"@type\":\"BreadcrumbList\",\"@id\":\"https:\\\/\\\/www.cambe.pr.gov.br\\\/index.php\\\/mais-de-dois-mil-atletas-disputam-o-42o-jogos-abertos-de-cambe\\\/#breadcrumb\",\"itemListElement\":[{\"@type\":\"ListItem\",\"position\":1,\"name\":\"In\u00edcio\",\"item\":\"https:\\\/\\\/www.cambe.pr.gov.br\\\/\"},{\"@type\":\"ListItem\",\"position\":2,\"name\":\"Mais de dois mil atletas disputam o 42\u00ba Jogos Abertos de Camb\u00e9\"}]},{\"@type\":\"WebSite\",\"@id\":\"https:\\\/\\\/www.cambe.pr.gov.br\\\/#website\",\"url\":\"https:\\\/\\\/www.cambe.pr.gov.br\\\/\",\"name\":\"Prefeitura de Camb\u00e9\",\"description\":\"UM GOVERNO PARA TODOS\",\"publisher\":{\"@id\":\"https:\\\/\\\/www.cambe.pr.gov.br\\\/#organization\"},\"potentialAction\":[{\"@type\":\"SearchAction\",\"target\":{\"@type\":\"EntryPoint\",\"urlTemplate\":\"https:\\\/\\\/www.cambe.pr.gov.br\\\/?s={search_term_string}\"},\"query-input\":{\"@type\":\"PropertyValueSpecification\",\"valueRequired\":true,\"valueName\":\"search_term_string\"}}],\"inLanguage\":\"pt-BR\"},{\"@type\":\"Organization\",\"@id\":\"https:\\\/\\\/www.cambe.pr.gov.br\\\/#organization\",\"name\":\"Prefeitura de Camb\u00e9\",\"url\":\"https:\\\/\\\/www.cambe.pr.gov.br\\\/\",\"logo\":{\"@type\":\"ImageObject\",\"inLanguage\":\"pt-BR\",\"@id\":\"https:\\\/\\\/www.cambe.pr.gov.br\\\/#\\\/schema\\\/logo\\\/image\\\/\",\"url\":\"https:\\\/\\\/www.cambe.pr.gov.br\\\/wp-content\\\/uploads\\\/2021\\\/01\\\/cropped-cropped-cambe_brazao-icone.png\",\"contentUrl\":\"https:\\\/\\\/www.cambe.pr.gov.br\\\/wp-content\\\/uploads\\\/2021\\\/01\\\/cropped-cropped-cambe_brazao-icone.png\",\"width\":240,\"height\":240,\"caption\":\"Prefeitura de Camb\u00e9\"},\"image\":{\"@id\":\"https:\\\/\\\/www.cambe.pr.gov.br\\\/#\\\/schema\\\/logo\\\/image\\\/\"},\"sameAs\":[\"https:\\\/\\\/m.facebook.com\\\/prefeituradecambe\"]},{\"@type\":\"Person\",\"@id\":\"https:\\\/\\\/www.cambe.pr.gov.br\\\/#\\\/schema\\\/person\\\/8e3ee69cb2cadf4b9f8377407227effd\",\"name\":\"Vinicius Augusto Batista Eira\",\"image\":{\"@type\":\"ImageObject\",\"inLanguage\":\"pt-BR\",\"@id\":\"https:\\\/\\\/secure.gravatar.com\\\/avatar\\\/1ec500de7013b30e1d4d7c8c3978f0e4433c37e5d5e4cd186239369c6440122b?s=96&d=mm&r=g\",\"url\":\"https:\\\/\\\/secure.gravatar.com\\\/avatar\\\/1ec500de7013b30e1d4d7c8c3978f0e4433c37e5d5e4cd186239369c6440122b?s=96&d=mm&r=g\",\"contentUrl\":\"https:\\\/\\\/secure.gravatar.com\\\/avatar\\\/1ec500de7013b30e1d4d7c8c3978f0e4433c37e5d5e4cd186239369c6440122b?s=96&d=mm&r=g\",\"caption\":\"Vinicius Augusto Batista Eira\"},\"url\":\"https:\\\/\\\/www.cambe.pr.gov.br\\\/index.php\\\/author\\\/vabeira\\\/\"}]}<\/script>\n<!-- \/ Yoast SEO plugin. -->","yoast_head_json":{"title":"Mais de dois mil atletas disputam o 42\u00ba Jogos Abertos de Camb\u00e9 - Prefeitura de Camb\u00e9","robots":{"index":"index","follow":"follow","max-snippet":"max-snippet:-1","max-image-preview":"max-image-preview:large","max-video-preview":"max-video-preview:-1"},"canonical":"https:\/\/www.cambe.pr.gov.br\/index.php\/mais-de-dois-mil-atletas-disputam-o-42o-jogos-abertos-de-cambe\/","og_locale":"pt_BR","og_type":"article","og_title":"Mais de dois mil atletas disputam o 42\u00ba Jogos Abertos de Camb\u00e9 - Prefeitura de Camb\u00e9","og_description":"Um dos mais tradicionais Jogos da regi\u00e3o tem in\u00edcio nesta quinta-feira (10). Mais de dois mil atletas do munic\u00edpio, e toda a regi\u00e3o, entram em disputa no 42\u00ba Jogos Abertos de Camb\u00e9. Ao todo, s\u00e3o 15 modalidades, masculino e feminino, em disputa de 10 a 29 de julho. A cerim\u00f4nia oficial dos Jogos Abertos, promovido [&hellip;]","og_url":"https:\/\/www.cambe.pr.gov.br\/index.php\/mais-de-dois-mil-atletas-disputam-o-42o-jogos-abertos-de-cambe\/","og_site_name":"Prefeitura de Camb\u00e9","article_publisher":"https:\/\/m.facebook.com\/prefeituradecambe","article_published_time":"2025-07-10T14:57:57+00:00","article_modified_time":"2025-07-10T14:59:21+00:00","og_image":[{"width":2560,"height":1706,"url":"https:\/\/www.cambe.pr.gov.br\/wp-content\/uploads\/2025\/06\/DSC7289-copiar-scaled.jpg","type":"image\/jpeg"}],"author":"Vinicius Augusto Batista Eira","twitter_card":"summary_large_image","twitter_misc":{"Escrito por":"Vinicius Augusto Batista Eira","Est. tempo de leitura":"4 minutos"},"schema":{"@context":"https:\/\/schema.org","@graph":[{"@type":"Article","@id":"https:\/\/www.cambe.pr.gov.br\/index.php\/mais-de-dois-mil-atletas-disputam-o-42o-jogos-abertos-de-cambe\/#article","isPartOf":{"@id":"https:\/\/www.cambe.pr.gov.br\/index.php\/mais-de-dois-mil-atletas-disputam-o-42o-jogos-abertos-de-cambe\/"},"author":{"name":"Vinicius Augusto Batista Eira","@id":"https:\/\/www.cambe.pr.gov.br\/#\/schema\/person\/8e3ee69cb2cadf4b9f8377407227effd"},"headline":"Mais de dois mil atletas disputam o 42\u00ba Jogos Abertos de Camb\u00e9","datePublished":"2025-07-10T14:57:57+00:00","dateModified":"2025-07-10T14:59:21+00:00","mainEntityOfPage":{"@id":"https:\/\/www.cambe.pr.gov.br\/index.php\/mais-de-dois-mil-atletas-disputam-o-42o-jogos-abertos-de-cambe\/"},"wordCount":573,"publisher":{"@id":"https:\/\/www.cambe.pr.gov.br\/#organization"},"image":{"@id":"https:\/\/www.cambe.pr.gov.br\/index.php\/mais-de-dois-mil-atletas-disputam-o-42o-jogos-abertos-de-cambe\/#primaryimage"},"thumbnailUrl":"https:\/\/www.cambe.pr.gov.br\/wp-content\/uploads\/2025\/06\/DSC7289-copiar-1024x683.jpg","articleSection":["Principal"],"inLanguage":"pt-BR"},{"@type":"WebPage","@id":"https:\/\/www.cambe.pr.gov.br\/index.php\/mais-de-dois-mil-atletas-disputam-o-42o-jogos-abertos-de-cambe\/","url":"https:\/\/www.cambe.pr.gov.br\/index.php\/mais-de-dois-mil-atletas-disputam-o-42o-jogos-abertos-de-cambe\/","name":"Mais de dois mil atletas disputam o 42\u00ba Jogos Abertos de Camb\u00e9 - Prefeitura de Camb\u00e9","isPartOf":{"@id":"https:\/\/www.cambe.pr.gov.br\/#website"},"primaryImageOfPage":{"@id":"https:\/\/www.cambe.pr.gov.br\/index.php\/mais-de-dois-mil-atletas-disputam-o-42o-jogos-abertos-de-cambe\/#primaryimage"},"image":{"@id":"https:\/\/www.cambe.pr.gov.br\/index.php\/mais-de-dois-mil-atletas-disputam-o-42o-jogos-abertos-de-cambe\/#primaryimage"},"thumbnailUrl":"https:\/\/www.cambe.pr.gov.br\/wp-content\/uploads\/2025\/06\/DSC7289-copiar-1024x683.jpg","datePublished":"2025-07-10T14:57:57+00:00","dateModified":"2025-07-10T14:59:21+00:00","breadcrumb":{"@id":"https:\/\/www.cambe.pr.gov.br\/index.php\/mais-de-dois-mil-atletas-disputam-o-42o-jogos-abertos-de-cambe\/#breadcrumb"},"inLanguage":"pt-BR","potentialAction":[{"@type":"ReadAction","target":["https:\/\/www.cambe.pr.gov.br\/index.php\/mais-de-dois-mil-atletas-disputam-o-42o-jogos-abertos-de-cambe\/"]}]},{"@type":"ImageObject","inLanguage":"pt-BR","@id":"https:\/\/www.cambe.pr.gov.br\/index.php\/mais-de-dois-mil-atletas-disputam-o-42o-jogos-abertos-de-cambe\/#primaryimage","url":"https:\/\/www.cambe.pr.gov.br\/wp-content\/uploads\/2025\/06\/DSC7289-copiar-scaled.jpg","contentUrl":"https:\/\/www.cambe.pr.gov.br\/wp-content\/uploads\/2025\/06\/DSC7289-copiar-scaled.jpg","width":2560,"height":1706},{"@type":"BreadcrumbList","@id":"https:\/\/www.cambe.pr.gov.br\/index.php\/mais-de-dois-mil-atletas-disputam-o-42o-jogos-abertos-de-cambe\/#breadcrumb","itemListElement":[{"@type":"ListItem","position":1,"name":"In\u00edcio","item":"https:\/\/www.cambe.pr.gov.br\/"},{"@type":"ListItem","position":2,"name":"Mais de dois mil atletas disputam o 42\u00ba Jogos Abertos de Camb\u00e9"}]},{"@type":"WebSite","@id":"https:\/\/www.cambe.pr.gov.br\/#website","url":"https:\/\/www.cambe.pr.gov.br\/","name":"Prefeitura de Camb\u00e9","description":"UM GOVERNO PARA TODOS","publisher":{"@id":"https:\/\/www.cambe.pr.gov.br\/#organization"},"potentialAction":[{"@type":"SearchAction","target":{"@type":"EntryPoint","urlTemplate":"https:\/\/www.cambe.pr.gov.br\/?s={search_term_string}"},"query-input":{"@type":"PropertyValueSpecification","valueRequired":true,"valueName":"search_term_string"}}],"inLanguage":"pt-BR"},{"@type":"Organization","@id":"https:\/\/www.cambe.pr.gov.br\/#organization","name":"Prefeitura de Camb\u00e9","url":"https:\/\/www.cambe.pr.gov.br\/","logo":{"@type":"ImageObject","inLanguage":"pt-BR","@id":"https:\/\/www.cambe.pr.gov.br\/#\/schema\/logo\/image\/","url":"https:\/\/www.cambe.pr.gov.br\/wp-content\/uploads\/2021\/01\/cropped-cropped-cambe_brazao-icone.png","contentUrl":"https:\/\/www.cambe.pr.gov.br\/wp-content\/uploads\/2021\/01\/cropped-cropped-cambe_brazao-icone.png","width":240,"height":240,"caption":"Prefeitura de Camb\u00e9"},"image":{"@id":"https:\/\/www.cambe.pr.gov.br\/#\/schema\/logo\/image\/"},"sameAs":["https:\/\/m.facebook.com\/prefeituradecambe"]},{"@type":"Person","@id":"https:\/\/www.cambe.pr.gov.br\/#\/schema\/person\/8e3ee69cb2cadf4b9f8377407227effd","name":"Vinicius Augusto Batista Eira","image":{"@type":"ImageObject","inLanguage":"pt-BR","@id":"https:\/\/secure.gravatar.com\/avatar\/1ec500de7013b30e1d4d7c8c3978f0e4433c37e5d5e4cd186239369c6440122b?s=96&d=mm&r=g","url":"https:\/\/secure.gravatar.com\/avatar\/1ec500de7013b30e1d4d7c8c3978f0e4433c37e5d5e4cd186239369c6440122b?s=96&d=mm&r=g","contentUrl":"https:\/\/secure.gravatar.com\/avatar\/1ec500de7013b30e1d4d7c8c3978f0e4433c37e5d5e4cd186239369c6440122b?s=96&d=mm&r=g","caption":"Vinicius Augusto Batista Eira"},"url":"https:\/\/www.cambe.pr.gov.br\/index.php\/author\/vabeira\/"}]}},"_links":{"self":[{"href":"https:\/\/www.cambe.pr.gov.br\/index.php\/wp-json\/wp\/v2\/posts\/17365","targetHints":{"allow":["GET"]}}],"collection":[{"href":"https:\/\/www.cambe.pr.gov.br\/index.php\/wp-json\/wp\/v2\/posts"}],"about":[{"href":"https:\/\/www.cambe.pr.gov.br\/index.php\/wp-json\/wp\/v2\/types\/post"}],"author":[{"embeddable":true,"href":"https:\/\/www.cambe.pr.gov.br\/index.php\/wp-json\/wp\/v2\/users\/16"}],"replies":[{"embeddable":true,"href":"https:\/\/www.cambe.pr.gov.br\/index.php\/wp-json\/wp\/v2\/comments?post=17365"}],"version-history":[{"count":3,"href":"https:\/\/www.cambe.pr.gov.br\/index.php\/wp-json\/wp\/v2\/posts\/17365\/revisions"}],"predecessor-version":[{"id":17368,"href":"https:\/\/www.cambe.pr.gov.br\/index.php\/wp-json\/wp\/v2\/posts\/17365\/revisions\/17368"}],"wp:attachment":[{"href":"https:\/\/www.cambe.pr.gov.br\/index.php\/wp-json\/wp\/v2\/media?parent=17365"}],"wp:term":[{"taxonomy":"category","embeddable":true,"href":"https:\/\/www.cambe.pr.gov.br\/index.php\/wp-json\/wp\/v2\/categories?post=17365"},{"taxonomy":"post_tag","embeddable":true,"href":"https:\/\/www.cambe.pr.gov.br\/index.php\/wp-json\/wp\/v2\/tags?post=17365"}],"curies":[{"name":"wp","href":"https:\/\/api.w.org\/{rel}","templated":true}]}}