{"id":17358,"date":"2025-07-09T10:41:20","date_gmt":"2025-07-09T13:41:20","guid":{"rendered":"https:\/\/www.cambe.pr.gov.br\/?p=17358"},"modified":"2025-07-09T10:41:20","modified_gmt":"2025-07-09T13:41:20","slug":"cambe-sedia-10a-edicao-da-olimpiada-dos-idosos-a-partir-desta-quinta-feira-10","status":"publish","type":"post","link":"https:\/\/www.cambe.pr.gov.br\/index.php\/cambe-sedia-10a-edicao-da-olimpiada-dos-idosos-a-partir-desta-quinta-feira-10\/","title":{"rendered":"Camb\u00e9 sedia 10\u00aa edi\u00e7\u00e3o da Olimp\u00edada dos Idosos a partir desta quinta-feira (10)"},"content":{"rendered":"<div id=\"attachment_17360\" style=\"width: 620px\" class=\"wp-caption alignleft\"><img fetchpriority=\"high\" decoding=\"async\" aria-describedby=\"caption-attachment-17360\" class=\"wp-image-17360 size-large\" src=\"https:\/\/www.cambe.pr.gov.br\/wp-content\/uploads\/2025\/07\/DSC_0098-1024x678.jpg\" alt=\"\" width=\"610\" height=\"404\" srcset=\"https:\/\/www.cambe.pr.gov.br\/wp-content\/uploads\/2025\/07\/DSC_0098-1024x678.jpg 1024w, https:\/\/www.cambe.pr.gov.br\/wp-content\/uploads\/2025\/07\/DSC_0098-300x199.jpg 300w, https:\/\/www.cambe.pr.gov.br\/wp-content\/uploads\/2025\/07\/DSC_0098-768x509.jpg 768w, https:\/\/www.cambe.pr.gov.br\/wp-content\/uploads\/2025\/07\/DSC_0098-1536x1017.jpg 1536w, https:\/\/www.cambe.pr.gov.br\/wp-content\/uploads\/2025\/07\/DSC_0098-2048x1357.jpg 2048w\" sizes=\"(max-width: 610px) 100vw, 610px\" \/><p id=\"caption-attachment-17360\" class=\"wp-caption-text\">V\u00f4lei adaptado \u00e9 uma das modalidades mais aguardadas na Olimp\u00edada (Gisele Cabrera\/Prefeitura de Camb\u00e9)<\/p><\/div>\n<p style=\"text-align: justify;\"><span style=\"font-weight: 400; font-family: arial, helvetica, sans-serif;\">Visando valorizar a pr\u00e1tica de exerc\u00edcios f\u00edsicos para idosos, promovendo mais sa\u00fade, bem-estar, resgate de autoestima e integra\u00e7\u00e3o social, a Prefeitura de Camb\u00e9, por meio da Secretaria Municipal de Esportes e Lazer, sedia a 10\u00aa Olimp\u00edada dos Idosos. Ao todo, s\u00e3o cerca de 300 cambeenses acima dos 60 anos, disputando 12 modalidades de 10 a 18 de julho. A abertura oficial, com desfile das agremia\u00e7\u00f5es, acendimento da chama ol\u00edmpica e in\u00edcio dos jogos, \u00e9 nesta quinta-feira (10), \u00e0s 14h30, no Gin\u00e1sio de Esportes Edilson Carlos Marigo, no Jardim Ana Rosa.<\/span><\/p>\n<p style=\"text-align: justify;\"><span style=\"font-weight: 400; font-family: arial, helvetica, sans-serif;\">Em 2025, o evento conta com a participa\u00e7\u00e3o de 300 idosos atendidos semanalmente pela Prefeitura pelo programa Viva a Vida Camb\u00e9 Oportuniza; Centros de Conviv\u00eancia do Idoso do Novo Bandeirantes e Tupi; e Viva Hidro. Os atletas s\u00e3o divididos em duas categorias: de 60 a 69 anos e acima de 70 anos, e contam tanto com o transporte gratuito como a alimenta\u00e7\u00e3o durante as atividades.<\/span><\/p>\n<p style=\"text-align: justify;\"><span style=\"font-weight: 400; font-family: arial, helvetica, sans-serif;\">A 10 edi\u00e7\u00e3o da Olimp\u00edada dos Idosos conta com as seguintes modalidades: corrida do ovo na colher (masculino e feminino); basquete &#8211; rel\u00f3gio (Misto); prova do cadeado (misto); domin\u00f3 (misto); jogo da velha (misto); bola ao alvo (misto); desafio da coordena\u00e7\u00e3o (masculino, feminino ou misto); passa bola (misto); disputa de p\u00eanaltis (masculino e feminino); prancha (misto); v\u00f4lei \u00e0s escuras (misto) e dan\u00e7a de sal\u00e3o &#8211; forr\u00f3 (misto). Confira a programa\u00e7\u00e3o completa abaixo.<\/span><\/p>\n<p style=\"text-align: justify;\"><span style=\"font-weight: 400; font-family: arial, helvetica, sans-serif;\">A Olimp\u00edada dos Idosos, assim como as atividades regulares promovidas pela Secretaria, buscam garantir um impacto positivo no processo de envelhecimento e vida na terceira idade. Atividade f\u00edsica regular, culturais e recreativas melhoram a qualidade e expectativa de vida, fun\u00e7\u00f5es org\u00e2nicas, autoestima, sociabilidade, independ\u00eancia pessoal e controle, tratamento e preven\u00e7\u00e3o de doen\u00e7as.\u00a0<\/span><\/p>\n<p style=\"text-align: justify;\"><span style=\"font-weight: 400; font-family: arial, helvetica, sans-serif;\">A secret\u00e1ria municipal de Esportes e Lazer, Telma Gamba, ressalta o pioneirismo de Camb\u00e9 em promover o esporte adaptado para os idosos no Paran\u00e1. \u201c\u00c9 com grande alegria que a gente realiza esse evento. Os idosos, a maioria deles, s\u00e3o dos projetos que n\u00f3s j\u00e1 ofereceremos semanalmente nos bairros aqui em Camb\u00e9. E eles t\u00eam oportunidade de vivenciar modalidades esportivas que a maioria deles n\u00e3o tiveram oportunidade enquanto jovens. Ent\u00e3o, a conex\u00e3o social, a alegria, o entusiasmo, a coordena\u00e7\u00e3o, a for\u00e7a, conhecer a modalidade esportiva \u00e9 vivida com muita intensidade e \u00e9 muito aguardado por eles todo ano. A cada ano temos um aumento maior dessa popula\u00e7\u00e3o participando da Olimp\u00edada e tamb\u00e9m das nossas atividades esportivas\u201d, disse.<\/span><\/p>\n<p style=\"text-align: justify;\"><span style=\"font-weight: 400; font-family: arial, helvetica, sans-serif;\">O evento tem apoio das Secretarias Municipais de Assist\u00eancia Social e Cidadania, Sa\u00fade P\u00fablica e Educa\u00e7\u00e3o e Cultura, e tamb\u00e9m dos Centros de Conviv\u00eancia do Idoso (CCIs) e Grupos de Terceira Idade do munic\u00edpio.<\/span><\/p>\n<p>&nbsp;<\/p>\n<p style=\"text-align: justify;\"><strong><span style=\"font-family: arial, helvetica, sans-serif;\">Programa\u00e7\u00e3o dos jogos<\/span><\/strong><\/p>\n<p style=\"text-align: justify;\"><span style=\"font-weight: 400; font-family: arial, helvetica, sans-serif;\"><strong>Quinta-feira (10\/7)<\/strong><br \/>\n<\/span><span style=\"font-weight: 400; font-family: arial, helvetica, sans-serif;\">Abertura oficial<br \/>\n<\/span><span style=\"font-weight: 400; font-family: arial, helvetica, sans-serif;\">14h30<br \/>\n<\/span><span style=\"font-weight: 400; font-family: arial, helvetica, sans-serif;\">Gin\u00e1sio de Esportes Edilson Carlos Marigo<br \/>\n<\/span><span style=\"font-weight: 400; font-family: arial, helvetica, sans-serif;\">Desfile das agremia\u00e7\u00f5es, apresenta\u00e7\u00f5es art\u00edsticas e in\u00edcio das atividades com caracter\u00edsticas de gincana.<\/span><\/p>\n<p style=\"text-align: justify;\"><span style=\"font-weight: 400; font-family: arial, helvetica, sans-serif;\"><strong>Quinta-feira (10\/7)<\/strong><br \/>\n<\/span><span style=\"font-weight: 400; font-family: arial, helvetica, sans-serif;\">Corrida do ovo<br \/>\n<\/span><span style=\"font-weight: 400; font-family: arial, helvetica, sans-serif;\">15h30<br \/>\n<\/span><span style=\"font-weight: 400; font-family: arial, helvetica, sans-serif;\">Gin\u00e1sio de Esportes Edilson Carlos Marigo<\/span><\/p>\n<p style=\"text-align: justify;\"><span style=\"font-weight: 400; font-family: arial, helvetica, sans-serif;\"><strong>Sexta-feira (11\/7)<\/strong><br \/>\n<\/span><span style=\"font-weight: 400; font-family: arial, helvetica, sans-serif;\">Basquete &#8211; rel\u00f3gio e prova do cadeado<br \/>\n<\/span><span style=\"font-weight: 400; font-family: arial, helvetica, sans-serif;\">A partir das 14h<br \/>\n<\/span><span style=\"font-weight: 400; font-family: arial, helvetica, sans-serif;\">Quadra de esportes do Camb\u00e9 II<\/span><\/p>\n<p style=\"text-align: justify;\"><span style=\"font-weight: 400; font-family: arial, helvetica, sans-serif;\"><strong>Segunda-feira (14\/7)<\/strong><br \/>\n<\/span><span style=\"font-weight: 400; font-family: arial, helvetica, sans-serif;\">Domin\u00f3, jogo da velha e bola ao alvo<br \/>\n<\/span><span style=\"font-weight: 400; font-family: arial, helvetica, sans-serif;\">A partir das 14h<br \/>\n<\/span><span style=\"font-weight: 400; font-family: arial, helvetica, sans-serif;\">Gin\u00e1sio de esportes do Silvino<\/span><\/p>\n<p style=\"text-align: justify;\"><span style=\"font-weight: 400; font-family: arial, helvetica, sans-serif;\"><strong>Ter\u00e7a-feira (15\/7)<\/strong><br \/>\n<\/span><span style=\"font-weight: 400; font-family: arial, helvetica, sans-serif;\">Desafio da coordena\u00e7\u00e3o e passa a bola<br \/>\n<\/span><span style=\"font-weight: 400; font-family: arial, helvetica, sans-serif;\">A partir das 14h<br \/>\n<\/span><span style=\"font-weight: 400; font-family: arial, helvetica, sans-serif;\">Gin\u00e1sio de esportes do Silvino<\/span><\/p>\n<p style=\"text-align: justify;\"><span style=\"font-weight: 400; font-family: arial, helvetica, sans-serif;\"><strong>Quarta-feira (16\/7)<\/strong><br \/>\n<\/span><span style=\"font-weight: 400; font-family: arial, helvetica, sans-serif;\">Disputa de p\u00eanaltis e prancha<br \/>\n<\/span><span style=\"font-weight: 400; font-family: arial, helvetica, sans-serif;\">A partir das 14h<br \/>\n<\/span><span style=\"font-weight: 400; font-family: arial, helvetica, sans-serif;\">Gin\u00e1sio de esportes do Silvino<\/span><\/p>\n<p style=\"text-align: justify;\"><span style=\"font-weight: 400; font-family: arial, helvetica, sans-serif;\"><strong>Quinta-feira (17\/7)<\/strong><br \/>\n<\/span><span style=\"font-weight: 400; font-family: arial, helvetica, sans-serif;\">V\u00f4lei adaptado<br \/>\n<\/span><span style=\"font-weight: 400; font-family: arial, helvetica, sans-serif;\">A partir das 14h<br \/>\n<\/span><span style=\"font-weight: 400; font-family: arial, helvetica, sans-serif;\">Gin\u00e1sio de esportes do Silvino<\/span><\/p>\n<p style=\"text-align: justify;\"><span style=\"font-weight: 400; font-family: arial, helvetica, sans-serif;\"><strong>Sexta-feira (18\/7)<\/strong><br \/>\n<\/span><span style=\"font-weight: 400; font-family: arial, helvetica, sans-serif;\">Encerramento<br \/>\n<\/span><span style=\"font-weight: 400; font-family: arial, helvetica, sans-serif;\">A partir das 14h<br \/>\n<\/span><span style=\"font-weight: 400; font-family: arial, helvetica, sans-serif;\">CCI Novo Bandeirantes<br \/>\n<\/span><span style=\"font-weight: 400; font-family: arial, helvetica, sans-serif;\">Com baile, concurso de dan\u00e7a de sal\u00e3o e premia\u00e7\u00e3o geral<\/span><\/p>\n","protected":false},"excerpt":{"rendered":"<p>Visando valorizar a pr\u00e1tica de exerc\u00edcios f\u00edsicos para idosos, promovendo mais sa\u00fade, bem-estar, resgate de autoestima e integra\u00e7\u00e3o social, a Prefeitura de Camb\u00e9, por meio da Secretaria Municipal de Esportes e Lazer, sedia a 10\u00aa Olimp\u00edada dos Idosos. Ao todo, s\u00e3o cerca de 300 cambeenses acima dos 60 anos, disputando 12 modalidades de 10 a [&hellip;]<\/p>\n","protected":false},"author":16,"featured_media":0,"comment_status":"closed","ping_status":"closed","sticky":false,"template":"","format":"standard","meta":{"ngg_post_thumbnail":0,"footnotes":""},"categories":[1],"tags":[],"class_list":["post-17358","post","type-post","status-publish","format-standard","hentry","category-principal"],"yoast_head":"<!-- This site is optimized with the Yoast SEO plugin v27.4 - https:\/\/yoast.com\/product\/yoast-seo-wordpress\/ -->\n<title>Camb\u00e9 sedia 10\u00aa edi\u00e7\u00e3o da Olimp\u00edada dos Idosos a partir desta quinta-feira (10) - Prefeitura de Camb\u00e9<\/title>\n<meta name=\"robots\" content=\"index, follow, max-snippet:-1, max-image-preview:large, max-video-preview:-1\" \/>\n<link rel=\"canonical\" href=\"https:\/\/www.cambe.pr.gov.br\/index.php\/cambe-sedia-10a-edicao-da-olimpiada-dos-idosos-a-partir-desta-quinta-feira-10\/\" \/>\n<meta property=\"og:locale\" content=\"pt_BR\" \/>\n<meta property=\"og:type\" content=\"article\" \/>\n<meta property=\"og:title\" content=\"Camb\u00e9 sedia 10\u00aa edi\u00e7\u00e3o da Olimp\u00edada dos Idosos a partir desta quinta-feira (10) - Prefeitura de Camb\u00e9\" \/>\n<meta property=\"og:description\" content=\"Visando valorizar a pr\u00e1tica de exerc\u00edcios f\u00edsicos para idosos, promovendo mais sa\u00fade, bem-estar, resgate de autoestima e integra\u00e7\u00e3o social, a Prefeitura de Camb\u00e9, por meio da Secretaria Municipal de Esportes e Lazer, sedia a 10\u00aa Olimp\u00edada dos Idosos. Ao todo, s\u00e3o cerca de 300 cambeenses acima dos 60 anos, disputando 12 modalidades de 10 a [&hellip;]\" \/>\n<meta property=\"og:url\" content=\"https:\/\/www.cambe.pr.gov.br\/index.php\/cambe-sedia-10a-edicao-da-olimpiada-dos-idosos-a-partir-desta-quinta-feira-10\/\" \/>\n<meta property=\"og:site_name\" content=\"Prefeitura de Camb\u00e9\" \/>\n<meta property=\"article:publisher\" content=\"https:\/\/m.facebook.com\/prefeituradecambe\" \/>\n<meta property=\"article:published_time\" content=\"2025-07-09T13:41:20+00:00\" \/>\n<meta property=\"og:image\" content=\"https:\/\/www.cambe.pr.gov.br\/wp-content\/uploads\/2025\/07\/DSC_0098-scaled.jpg\" \/>\n\t<meta property=\"og:image:width\" content=\"2560\" \/>\n\t<meta property=\"og:image:height\" content=\"1696\" \/>\n\t<meta property=\"og:image:type\" content=\"image\/jpeg\" \/>\n<meta name=\"author\" content=\"Vinicius Augusto Batista Eira\" \/>\n<meta name=\"twitter:card\" content=\"summary_large_image\" \/>\n<meta name=\"twitter:label1\" content=\"Escrito por\" \/>\n\t<meta name=\"twitter:data1\" content=\"Vinicius Augusto Batista Eira\" \/>\n\t<meta name=\"twitter:label2\" content=\"Est. tempo de leitura\" \/>\n\t<meta name=\"twitter:data2\" content=\"4 minutos\" \/>\n<script type=\"application\/ld+json\" class=\"yoast-schema-graph\">{\"@context\":\"https:\\\/\\\/schema.org\",\"@graph\":[{\"@type\":\"Article\",\"@id\":\"https:\\\/\\\/www.cambe.pr.gov.br\\\/index.php\\\/cambe-sedia-10a-edicao-da-olimpiada-dos-idosos-a-partir-desta-quinta-feira-10\\\/#article\",\"isPartOf\":{\"@id\":\"https:\\\/\\\/www.cambe.pr.gov.br\\\/index.php\\\/cambe-sedia-10a-edicao-da-olimpiada-dos-idosos-a-partir-desta-quinta-feira-10\\\/\"},\"author\":{\"name\":\"Vinicius Augusto Batista Eira\",\"@id\":\"https:\\\/\\\/www.cambe.pr.gov.br\\\/#\\\/schema\\\/person\\\/8e3ee69cb2cadf4b9f8377407227effd\"},\"headline\":\"Camb\u00e9 sedia 10\u00aa edi\u00e7\u00e3o da Olimp\u00edada dos Idosos a partir desta quinta-feira (10)\",\"datePublished\":\"2025-07-09T13:41:20+00:00\",\"mainEntityOfPage\":{\"@id\":\"https:\\\/\\\/www.cambe.pr.gov.br\\\/index.php\\\/cambe-sedia-10a-edicao-da-olimpiada-dos-idosos-a-partir-desta-quinta-feira-10\\\/\"},\"wordCount\":656,\"publisher\":{\"@id\":\"https:\\\/\\\/www.cambe.pr.gov.br\\\/#organization\"},\"image\":{\"@id\":\"https:\\\/\\\/www.cambe.pr.gov.br\\\/index.php\\\/cambe-sedia-10a-edicao-da-olimpiada-dos-idosos-a-partir-desta-quinta-feira-10\\\/#primaryimage\"},\"thumbnailUrl\":\"https:\\\/\\\/www.cambe.pr.gov.br\\\/wp-content\\\/uploads\\\/2025\\\/07\\\/DSC_0098-1024x678.jpg\",\"articleSection\":[\"Principal\"],\"inLanguage\":\"pt-BR\"},{\"@type\":\"WebPage\",\"@id\":\"https:\\\/\\\/www.cambe.pr.gov.br\\\/index.php\\\/cambe-sedia-10a-edicao-da-olimpiada-dos-idosos-a-partir-desta-quinta-feira-10\\\/\",\"url\":\"https:\\\/\\\/www.cambe.pr.gov.br\\\/index.php\\\/cambe-sedia-10a-edicao-da-olimpiada-dos-idosos-a-partir-desta-quinta-feira-10\\\/\",\"name\":\"Camb\u00e9 sedia 10\u00aa edi\u00e7\u00e3o da Olimp\u00edada dos Idosos a partir desta quinta-feira (10) - Prefeitura de Camb\u00e9\",\"isPartOf\":{\"@id\":\"https:\\\/\\\/www.cambe.pr.gov.br\\\/#website\"},\"primaryImageOfPage\":{\"@id\":\"https:\\\/\\\/www.cambe.pr.gov.br\\\/index.php\\\/cambe-sedia-10a-edicao-da-olimpiada-dos-idosos-a-partir-desta-quinta-feira-10\\\/#primaryimage\"},\"image\":{\"@id\":\"https:\\\/\\\/www.cambe.pr.gov.br\\\/index.php\\\/cambe-sedia-10a-edicao-da-olimpiada-dos-idosos-a-partir-desta-quinta-feira-10\\\/#primaryimage\"},\"thumbnailUrl\":\"https:\\\/\\\/www.cambe.pr.gov.br\\\/wp-content\\\/uploads\\\/2025\\\/07\\\/DSC_0098-1024x678.jpg\",\"datePublished\":\"2025-07-09T13:41:20+00:00\",\"breadcrumb\":{\"@id\":\"https:\\\/\\\/www.cambe.pr.gov.br\\\/index.php\\\/cambe-sedia-10a-edicao-da-olimpiada-dos-idosos-a-partir-desta-quinta-feira-10\\\/#breadcrumb\"},\"inLanguage\":\"pt-BR\",\"potentialAction\":[{\"@type\":\"ReadAction\",\"target\":[\"https:\\\/\\\/www.cambe.pr.gov.br\\\/index.php\\\/cambe-sedia-10a-edicao-da-olimpiada-dos-idosos-a-partir-desta-quinta-feira-10\\\/\"]}]},{\"@type\":\"ImageObject\",\"inLanguage\":\"pt-BR\",\"@id\":\"https:\\\/\\\/www.cambe.pr.gov.br\\\/index.php\\\/cambe-sedia-10a-edicao-da-olimpiada-dos-idosos-a-partir-desta-quinta-feira-10\\\/#primaryimage\",\"url\":\"https:\\\/\\\/www.cambe.pr.gov.br\\\/wp-content\\\/uploads\\\/2025\\\/07\\\/DSC_0098-scaled.jpg\",\"contentUrl\":\"https:\\\/\\\/www.cambe.pr.gov.br\\\/wp-content\\\/uploads\\\/2025\\\/07\\\/DSC_0098-scaled.jpg\",\"width\":2560,\"height\":1696},{\"@type\":\"BreadcrumbList\",\"@id\":\"https:\\\/\\\/www.cambe.pr.gov.br\\\/index.php\\\/cambe-sedia-10a-edicao-da-olimpiada-dos-idosos-a-partir-desta-quinta-feira-10\\\/#breadcrumb\",\"itemListElement\":[{\"@type\":\"ListItem\",\"position\":1,\"name\":\"In\u00edcio\",\"item\":\"https:\\\/\\\/www.cambe.pr.gov.br\\\/\"},{\"@type\":\"ListItem\",\"position\":2,\"name\":\"Camb\u00e9 sedia 10\u00aa edi\u00e7\u00e3o da Olimp\u00edada dos Idosos a partir desta quinta-feira (10)\"}]},{\"@type\":\"WebSite\",\"@id\":\"https:\\\/\\\/www.cambe.pr.gov.br\\\/#website\",\"url\":\"https:\\\/\\\/www.cambe.pr.gov.br\\\/\",\"name\":\"Prefeitura de Camb\u00e9\",\"description\":\"UM GOVERNO PARA TODOS\",\"publisher\":{\"@id\":\"https:\\\/\\\/www.cambe.pr.gov.br\\\/#organization\"},\"potentialAction\":[{\"@type\":\"SearchAction\",\"target\":{\"@type\":\"EntryPoint\",\"urlTemplate\":\"https:\\\/\\\/www.cambe.pr.gov.br\\\/?s={search_term_string}\"},\"query-input\":{\"@type\":\"PropertyValueSpecification\",\"valueRequired\":true,\"valueName\":\"search_term_string\"}}],\"inLanguage\":\"pt-BR\"},{\"@type\":\"Organization\",\"@id\":\"https:\\\/\\\/www.cambe.pr.gov.br\\\/#organization\",\"name\":\"Prefeitura de Camb\u00e9\",\"url\":\"https:\\\/\\\/www.cambe.pr.gov.br\\\/\",\"logo\":{\"@type\":\"ImageObject\",\"inLanguage\":\"pt-BR\",\"@id\":\"https:\\\/\\\/www.cambe.pr.gov.br\\\/#\\\/schema\\\/logo\\\/image\\\/\",\"url\":\"https:\\\/\\\/www.cambe.pr.gov.br\\\/wp-content\\\/uploads\\\/2021\\\/01\\\/cropped-cropped-cambe_brazao-icone.png\",\"contentUrl\":\"https:\\\/\\\/www.cambe.pr.gov.br\\\/wp-content\\\/uploads\\\/2021\\\/01\\\/cropped-cropped-cambe_brazao-icone.png\",\"width\":240,\"height\":240,\"caption\":\"Prefeitura de Camb\u00e9\"},\"image\":{\"@id\":\"https:\\\/\\\/www.cambe.pr.gov.br\\\/#\\\/schema\\\/logo\\\/image\\\/\"},\"sameAs\":[\"https:\\\/\\\/m.facebook.com\\\/prefeituradecambe\"]},{\"@type\":\"Person\",\"@id\":\"https:\\\/\\\/www.cambe.pr.gov.br\\\/#\\\/schema\\\/person\\\/8e3ee69cb2cadf4b9f8377407227effd\",\"name\":\"Vinicius Augusto Batista Eira\",\"image\":{\"@type\":\"ImageObject\",\"inLanguage\":\"pt-BR\",\"@id\":\"https:\\\/\\\/secure.gravatar.com\\\/avatar\\\/1ec500de7013b30e1d4d7c8c3978f0e4433c37e5d5e4cd186239369c6440122b?s=96&d=mm&r=g\",\"url\":\"https:\\\/\\\/secure.gravatar.com\\\/avatar\\\/1ec500de7013b30e1d4d7c8c3978f0e4433c37e5d5e4cd186239369c6440122b?s=96&d=mm&r=g\",\"contentUrl\":\"https:\\\/\\\/secure.gravatar.com\\\/avatar\\\/1ec500de7013b30e1d4d7c8c3978f0e4433c37e5d5e4cd186239369c6440122b?s=96&d=mm&r=g\",\"caption\":\"Vinicius Augusto Batista Eira\"},\"url\":\"https:\\\/\\\/www.cambe.pr.gov.br\\\/index.php\\\/author\\\/vabeira\\\/\"}]}<\/script>\n<!-- \/ Yoast SEO plugin. -->","yoast_head_json":{"title":"Camb\u00e9 sedia 10\u00aa edi\u00e7\u00e3o da Olimp\u00edada dos Idosos a partir desta quinta-feira (10) - Prefeitura de Camb\u00e9","robots":{"index":"index","follow":"follow","max-snippet":"max-snippet:-1","max-image-preview":"max-image-preview:large","max-video-preview":"max-video-preview:-1"},"canonical":"https:\/\/www.cambe.pr.gov.br\/index.php\/cambe-sedia-10a-edicao-da-olimpiada-dos-idosos-a-partir-desta-quinta-feira-10\/","og_locale":"pt_BR","og_type":"article","og_title":"Camb\u00e9 sedia 10\u00aa edi\u00e7\u00e3o da Olimp\u00edada dos Idosos a partir desta quinta-feira (10) - Prefeitura de Camb\u00e9","og_description":"Visando valorizar a pr\u00e1tica de exerc\u00edcios f\u00edsicos para idosos, promovendo mais sa\u00fade, bem-estar, resgate de autoestima e integra\u00e7\u00e3o social, a Prefeitura de Camb\u00e9, por meio da Secretaria Municipal de Esportes e Lazer, sedia a 10\u00aa Olimp\u00edada dos Idosos. Ao todo, s\u00e3o cerca de 300 cambeenses acima dos 60 anos, disputando 12 modalidades de 10 a [&hellip;]","og_url":"https:\/\/www.cambe.pr.gov.br\/index.php\/cambe-sedia-10a-edicao-da-olimpiada-dos-idosos-a-partir-desta-quinta-feira-10\/","og_site_name":"Prefeitura de Camb\u00e9","article_publisher":"https:\/\/m.facebook.com\/prefeituradecambe","article_published_time":"2025-07-09T13:41:20+00:00","og_image":[{"width":2560,"height":1696,"url":"https:\/\/www.cambe.pr.gov.br\/wp-content\/uploads\/2025\/07\/DSC_0098-scaled.jpg","type":"image\/jpeg"}],"author":"Vinicius Augusto Batista Eira","twitter_card":"summary_large_image","twitter_misc":{"Escrito por":"Vinicius Augusto Batista Eira","Est. tempo de leitura":"4 minutos"},"schema":{"@context":"https:\/\/schema.org","@graph":[{"@type":"Article","@id":"https:\/\/www.cambe.pr.gov.br\/index.php\/cambe-sedia-10a-edicao-da-olimpiada-dos-idosos-a-partir-desta-quinta-feira-10\/#article","isPartOf":{"@id":"https:\/\/www.cambe.pr.gov.br\/index.php\/cambe-sedia-10a-edicao-da-olimpiada-dos-idosos-a-partir-desta-quinta-feira-10\/"},"author":{"name":"Vinicius Augusto Batista Eira","@id":"https:\/\/www.cambe.pr.gov.br\/#\/schema\/person\/8e3ee69cb2cadf4b9f8377407227effd"},"headline":"Camb\u00e9 sedia 10\u00aa edi\u00e7\u00e3o da Olimp\u00edada dos Idosos a partir desta quinta-feira (10)","datePublished":"2025-07-09T13:41:20+00:00","mainEntityOfPage":{"@id":"https:\/\/www.cambe.pr.gov.br\/index.php\/cambe-sedia-10a-edicao-da-olimpiada-dos-idosos-a-partir-desta-quinta-feira-10\/"},"wordCount":656,"publisher":{"@id":"https:\/\/www.cambe.pr.gov.br\/#organization"},"image":{"@id":"https:\/\/www.cambe.pr.gov.br\/index.php\/cambe-sedia-10a-edicao-da-olimpiada-dos-idosos-a-partir-desta-quinta-feira-10\/#primaryimage"},"thumbnailUrl":"https:\/\/www.cambe.pr.gov.br\/wp-content\/uploads\/2025\/07\/DSC_0098-1024x678.jpg","articleSection":["Principal"],"inLanguage":"pt-BR"},{"@type":"WebPage","@id":"https:\/\/www.cambe.pr.gov.br\/index.php\/cambe-sedia-10a-edicao-da-olimpiada-dos-idosos-a-partir-desta-quinta-feira-10\/","url":"https:\/\/www.cambe.pr.gov.br\/index.php\/cambe-sedia-10a-edicao-da-olimpiada-dos-idosos-a-partir-desta-quinta-feira-10\/","name":"Camb\u00e9 sedia 10\u00aa edi\u00e7\u00e3o da Olimp\u00edada dos Idosos a partir desta quinta-feira (10) - Prefeitura de Camb\u00e9","isPartOf":{"@id":"https:\/\/www.cambe.pr.gov.br\/#website"},"primaryImageOfPage":{"@id":"https:\/\/www.cambe.pr.gov.br\/index.php\/cambe-sedia-10a-edicao-da-olimpiada-dos-idosos-a-partir-desta-quinta-feira-10\/#primaryimage"},"image":{"@id":"https:\/\/www.cambe.pr.gov.br\/index.php\/cambe-sedia-10a-edicao-da-olimpiada-dos-idosos-a-partir-desta-quinta-feira-10\/#primaryimage"},"thumbnailUrl":"https:\/\/www.cambe.pr.gov.br\/wp-content\/uploads\/2025\/07\/DSC_0098-1024x678.jpg","datePublished":"2025-07-09T13:41:20+00:00","breadcrumb":{"@id":"https:\/\/www.cambe.pr.gov.br\/index.php\/cambe-sedia-10a-edicao-da-olimpiada-dos-idosos-a-partir-desta-quinta-feira-10\/#breadcrumb"},"inLanguage":"pt-BR","potentialAction":[{"@type":"ReadAction","target":["https:\/\/www.cambe.pr.gov.br\/index.php\/cambe-sedia-10a-edicao-da-olimpiada-dos-idosos-a-partir-desta-quinta-feira-10\/"]}]},{"@type":"ImageObject","inLanguage":"pt-BR","@id":"https:\/\/www.cambe.pr.gov.br\/index.php\/cambe-sedia-10a-edicao-da-olimpiada-dos-idosos-a-partir-desta-quinta-feira-10\/#primaryimage","url":"https:\/\/www.cambe.pr.gov.br\/wp-content\/uploads\/2025\/07\/DSC_0098-scaled.jpg","contentUrl":"https:\/\/www.cambe.pr.gov.br\/wp-content\/uploads\/2025\/07\/DSC_0098-scaled.jpg","width":2560,"height":1696},{"@type":"BreadcrumbList","@id":"https:\/\/www.cambe.pr.gov.br\/index.php\/cambe-sedia-10a-edicao-da-olimpiada-dos-idosos-a-partir-desta-quinta-feira-10\/#breadcrumb","itemListElement":[{"@type":"ListItem","position":1,"name":"In\u00edcio","item":"https:\/\/www.cambe.pr.gov.br\/"},{"@type":"ListItem","position":2,"name":"Camb\u00e9 sedia 10\u00aa edi\u00e7\u00e3o da Olimp\u00edada dos Idosos a partir desta quinta-feira (10)"}]},{"@type":"WebSite","@id":"https:\/\/www.cambe.pr.gov.br\/#website","url":"https:\/\/www.cambe.pr.gov.br\/","name":"Prefeitura de Camb\u00e9","description":"UM GOVERNO PARA TODOS","publisher":{"@id":"https:\/\/www.cambe.pr.gov.br\/#organization"},"potentialAction":[{"@type":"SearchAction","target":{"@type":"EntryPoint","urlTemplate":"https:\/\/www.cambe.pr.gov.br\/?s={search_term_string}"},"query-input":{"@type":"PropertyValueSpecification","valueRequired":true,"valueName":"search_term_string"}}],"inLanguage":"pt-BR"},{"@type":"Organization","@id":"https:\/\/www.cambe.pr.gov.br\/#organization","name":"Prefeitura de Camb\u00e9","url":"https:\/\/www.cambe.pr.gov.br\/","logo":{"@type":"ImageObject","inLanguage":"pt-BR","@id":"https:\/\/www.cambe.pr.gov.br\/#\/schema\/logo\/image\/","url":"https:\/\/www.cambe.pr.gov.br\/wp-content\/uploads\/2021\/01\/cropped-cropped-cambe_brazao-icone.png","contentUrl":"https:\/\/www.cambe.pr.gov.br\/wp-content\/uploads\/2021\/01\/cropped-cropped-cambe_brazao-icone.png","width":240,"height":240,"caption":"Prefeitura de Camb\u00e9"},"image":{"@id":"https:\/\/www.cambe.pr.gov.br\/#\/schema\/logo\/image\/"},"sameAs":["https:\/\/m.facebook.com\/prefeituradecambe"]},{"@type":"Person","@id":"https:\/\/www.cambe.pr.gov.br\/#\/schema\/person\/8e3ee69cb2cadf4b9f8377407227effd","name":"Vinicius Augusto Batista Eira","image":{"@type":"ImageObject","inLanguage":"pt-BR","@id":"https:\/\/secure.gravatar.com\/avatar\/1ec500de7013b30e1d4d7c8c3978f0e4433c37e5d5e4cd186239369c6440122b?s=96&d=mm&r=g","url":"https:\/\/secure.gravatar.com\/avatar\/1ec500de7013b30e1d4d7c8c3978f0e4433c37e5d5e4cd186239369c6440122b?s=96&d=mm&r=g","contentUrl":"https:\/\/secure.gravatar.com\/avatar\/1ec500de7013b30e1d4d7c8c3978f0e4433c37e5d5e4cd186239369c6440122b?s=96&d=mm&r=g","caption":"Vinicius Augusto Batista Eira"},"url":"https:\/\/www.cambe.pr.gov.br\/index.php\/author\/vabeira\/"}]}},"_links":{"self":[{"href":"https:\/\/www.cambe.pr.gov.br\/index.php\/wp-json\/wp\/v2\/posts\/17358","targetHints":{"allow":["GET"]}}],"collection":[{"href":"https:\/\/www.cambe.pr.gov.br\/index.php\/wp-json\/wp\/v2\/posts"}],"about":[{"href":"https:\/\/www.cambe.pr.gov.br\/index.php\/wp-json\/wp\/v2\/types\/post"}],"author":[{"embeddable":true,"href":"https:\/\/www.cambe.pr.gov.br\/index.php\/wp-json\/wp\/v2\/users\/16"}],"replies":[{"embeddable":true,"href":"https:\/\/www.cambe.pr.gov.br\/index.php\/wp-json\/wp\/v2\/comments?post=17358"}],"version-history":[{"count":2,"href":"https:\/\/www.cambe.pr.gov.br\/index.php\/wp-json\/wp\/v2\/posts\/17358\/revisions"}],"predecessor-version":[{"id":17361,"href":"https:\/\/www.cambe.pr.gov.br\/index.php\/wp-json\/wp\/v2\/posts\/17358\/revisions\/17361"}],"wp:attachment":[{"href":"https:\/\/www.cambe.pr.gov.br\/index.php\/wp-json\/wp\/v2\/media?parent=17358"}],"wp:term":[{"taxonomy":"category","embeddable":true,"href":"https:\/\/www.cambe.pr.gov.br\/index.php\/wp-json\/wp\/v2\/categories?post=17358"},{"taxonomy":"post_tag","embeddable":true,"href":"https:\/\/www.cambe.pr.gov.br\/index.php\/wp-json\/wp\/v2\/tags?post=17358"}],"curies":[{"name":"wp","href":"https:\/\/api.w.org\/{rel}","templated":true}]}}