{"id":17152,"date":"2025-06-11T11:58:24","date_gmt":"2025-06-11T14:58:24","guid":{"rendered":"https:\/\/www.cambe.pr.gov.br\/?p=17152"},"modified":"2025-06-11T11:59:15","modified_gmt":"2025-06-11T14:59:15","slug":"cambe-celebra-dia-do-padroeiro-com-bolo-de-santo-antonio-quermesse-e-show-de-mariana-e-mateus","status":"publish","type":"post","link":"https:\/\/www.cambe.pr.gov.br\/index.php\/cambe-celebra-dia-do-padroeiro-com-bolo-de-santo-antonio-quermesse-e-show-de-mariana-e-mateus\/","title":{"rendered":"Camb\u00e9 celebra dia do Padroeiro com bolo de Santo Ant\u00f4nio, quermesse e show de Mariana e Mateus"},"content":{"rendered":"<p><img fetchpriority=\"high\" decoding=\"async\" class=\"alignleft wp-image-17153 size-large\" src=\"https:\/\/www.cambe.pr.gov.br\/wp-content\/uploads\/2025\/06\/DJI_20250531182630_0043_D1-1024x819.jpg\" alt=\"\" width=\"610\" height=\"488\" \/><\/p>\n<p style=\"text-align: justify;\"><span style=\"font-weight: 400; font-family: arial, helvetica, sans-serif;\">Nesta sexta-feira (13), Camb\u00e9 celebra o Dia do Padroeiro. E a 91\u00aa edi\u00e7\u00e3o da tradicional Festa de Santo Ant\u00f4nio segue a todo vapor. O principal dia da comemora\u00e7\u00e3o ter\u00e1 o bolo de Santo Ant\u00f4nio, show nacional com Mariana e Mateus, quermesse, comidas e bebidas t\u00edpicas, vacina\u00e7\u00e3o contra a gripe e muita f\u00e9 ao longo de todo o dia. O evento \u00e9 organizado pela Par\u00f3quia Santo Ant\u00f4nio em parceria com a Prefeitura de Camb\u00e9, por meio da Secretaria Municipal de Educa\u00e7\u00e3o e Cultura.<\/span><\/p>\n<p style=\"text-align: justify;\"><span style=\"font-weight: 400; font-family: arial, helvetica, sans-serif;\">\u201c\u00c9 um orgulho e motivo de muita alegria essa festa, e preparamos a programa\u00e7\u00e3o cultural pensando em todas as fam\u00edlias cambeenses. Ent\u00e3o, atrav\u00e9s da Prefeitura e Secretaria da Cultura, estamos trazendo esse grande show de Mariana e Mateus para deixar o Dia do Padroeiro ainda mais especial. E essa \u00e9 uma grande festa, uma festa tradicional do munic\u00edpio, t\u00e3o tradicional que faz parte do nosso calend\u00e1rio municipal de festividades. Convidamos toda a Camb\u00e9 e regi\u00e3o para vir participar conosco. \u00c9 uma Festa que traz muitas fam\u00edlias, \u00e9 agrad\u00e1vel, tem as atra\u00e7\u00f5es culturais, barracas tamb\u00e9m, que voc\u00ea pode aproveitar e degustar muitas coisas gostosas. \u00c9 isso, venham participar conosco\u201d, disse a secret\u00e1ria de Educa\u00e7\u00e3o e Cultura, Estela Camata.<\/span><\/p>\n<p>&nbsp;<\/p>\n<p style=\"text-align: justify;\"><strong><span style=\"font-family: arial, helvetica, sans-serif;\">Dia de Santo Ant\u00f4nio<\/span><\/strong><\/p>\n<p style=\"text-align: justify;\"><span style=\"font-weight: 400; font-family: arial, helvetica, sans-serif;\">A programa\u00e7\u00e3o se inicia logo \u00e0s 7h da manh\u00e3, com a primeira missa com b\u00ean\u00e7\u00e3o dos p\u00e3es, que ainda se repete \u00e0s 10, 12 e 15h. A partir das 17 horas ser\u00e1 celebrada a missa solene, seguida de prociss\u00e3o pelas ruas centrais de Camb\u00e9. Ao final, ter\u00e1 o cerimonial do evento com a presen\u00e7a de autoridades oficiais, ser\u00e1 acesa a Fogueira de Santo Ant\u00f4nio e come\u00e7a a quermesse.<\/span><\/p>\n<p style=\"text-align: justify;\"><span style=\"font-weight: 400; font-family: arial, helvetica, sans-serif;\"><img decoding=\"async\" class=\"alignleft size-large wp-image-17154\" src=\"https:\/\/www.cambe.pr.gov.br\/wp-content\/uploads\/2025\/06\/IMG_6093-1024x768.jpeg\" alt=\"\" width=\"610\" height=\"458\" \/>A partir das 7h, cerca de 100 volunt\u00e1rias da Igreja Matriz de Camb\u00e9 come\u00e7am a confec\u00e7\u00e3o do tradicional Bolo de Santo Ant\u00f4nio. Ao todo, ser\u00e3o comercializados 12 mil peda\u00e7os, com 30% deles com a medalhinha, que pela f\u00e9 dos devotos, atrai casamento para quem a encontra. Esta edi\u00e7\u00e3o ainda marca os 25 anos de confec\u00e7\u00e3o do bolo. Por conta do jubileu, uma das fatias ter\u00e1 um par de alian\u00e7as de ouro, e as medalhas ser\u00e3o diferenciadas, confeccionadas em material especial. As alian\u00e7as, as medalhas e os peda\u00e7os do bolo ser\u00e3o aben\u00e7oados. A entrega do bolo ser\u00e1 das 9h \u00e0s 17h, no Sal\u00e3o Paroquial, com cada fatia custando R$ 8.<\/span><\/p>\n<p style=\"text-align: justify;\"><span style=\"font-weight: 400; font-family: arial, helvetica, sans-serif;\">Para ampliar os \u00edndices de vacina\u00e7\u00e3o contra a gripe no munic\u00edpio, a Secretaria Municipal de Sa\u00fade P\u00fablica estar\u00e1 aplicando doses contra a Influenza nesta sexta-feira. A vacina\u00e7\u00e3o acontece das 9h \u00e0s 16h, em frente ao Sal\u00e3o Paroquial da Igreja Matriz, na Rua Espanha, 289. Para se vacinar, \u00e9 s\u00f3 comparecer ao local com carteirinha de vacina\u00e7\u00e3o, cart\u00e3o do SUS e documento com foto.<\/span><\/p>\n<p style=\"text-align: justify;\"><span style=\"font-weight: 400; font-family: arial, helvetica, sans-serif;\">E para fechar a noite, a grande celebra\u00e7\u00e3o na quermesse. A partir das 20h, o Centro de Eventos ter\u00e1 muita comida e bebidas t\u00edpicas, brinquedos para as crian\u00e7as e o j\u00e1 consagrado bingo. A m\u00fasica tamb\u00e9m n\u00e3o pode faltar, e para animar a noite, sobe ao palco do evento a dupla Mariana e Mateus, em grande show nacional organizado pela Prefeitura. Ainda ser\u00e1 comercializado macarronada, risoto, caldo de mandioca, sandu\u00edche de pernil, frango, polenta e batata fritos, pastel, cachorro-quente, espetinho, canjica e doces. Para beber, os cl\u00e1ssicos quent\u00f5es de cacha\u00e7a e de vinho, chocolate quente, sucos, refrigerantes e chope.<\/span><\/p>\n<p>&nbsp;<\/p>\n<p style=\"text-align: justify;\"><strong><span style=\"font-family: arial, helvetica, sans-serif;\">Padroeiro de Camb\u00e9<\/span><\/strong><\/p>\n<p style=\"text-align: justify;\"><span style=\"font-weight: 400; font-family: arial, helvetica, sans-serif;\">Segundo a Par\u00f3quia, Santo Ant\u00f4nio \u00e9 portugu\u00eas, de Lisboa, mas tamb\u00e9m considerado italiano porque evangelizou e morreu em P\u00e1dua. O Santo \u00e9 conhecido pelas tradi\u00e7\u00f5es populares de casamenteiro, recuperador de objetos perdidos, distribuidor de p\u00e3es e milagreiro. Al\u00e9m disso, teve uma grande devo\u00e7\u00e3o por Jesus e Maria e amor aos pobres e foi um grande pregador e propagador do Evangelho, escrevendo importantes serm\u00f5es hoje editados em livros.<\/span><\/p>\n","protected":false},"excerpt":{"rendered":"<p>Nesta sexta-feira (13), Camb\u00e9 celebra o Dia do Padroeiro. E a 91\u00aa edi\u00e7\u00e3o da tradicional Festa de Santo Ant\u00f4nio segue a todo vapor. O principal dia da comemora\u00e7\u00e3o ter\u00e1 o bolo de Santo Ant\u00f4nio, show nacional com Mariana e Mateus, quermesse, comidas e bebidas t\u00edpicas, vacina\u00e7\u00e3o contra a gripe e muita f\u00e9 ao longo de [&hellip;]<\/p>\n","protected":false},"author":16,"featured_media":0,"comment_status":"closed","ping_status":"closed","sticky":false,"template":"","format":"standard","meta":{"ngg_post_thumbnail":0,"footnotes":""},"categories":[1],"tags":[],"class_list":["post-17152","post","type-post","status-publish","format-standard","hentry","category-principal"],"yoast_head":"<!-- This site is optimized with the Yoast SEO plugin v27.4 - https:\/\/yoast.com\/product\/yoast-seo-wordpress\/ -->\n<title>Camb\u00e9 celebra dia do Padroeiro com bolo de Santo Ant\u00f4nio, quermesse e show de Mariana e Mateus - Prefeitura de Camb\u00e9<\/title>\n<meta name=\"robots\" content=\"index, follow, max-snippet:-1, max-image-preview:large, max-video-preview:-1\" \/>\n<link rel=\"canonical\" href=\"https:\/\/www.cambe.pr.gov.br\/index.php\/cambe-celebra-dia-do-padroeiro-com-bolo-de-santo-antonio-quermesse-e-show-de-mariana-e-mateus\/\" \/>\n<meta property=\"og:locale\" content=\"pt_BR\" \/>\n<meta property=\"og:type\" content=\"article\" \/>\n<meta property=\"og:title\" content=\"Camb\u00e9 celebra dia do Padroeiro com bolo de Santo Ant\u00f4nio, quermesse e show de Mariana e Mateus - Prefeitura de Camb\u00e9\" \/>\n<meta property=\"og:description\" content=\"Nesta sexta-feira (13), Camb\u00e9 celebra o Dia do Padroeiro. E a 91\u00aa edi\u00e7\u00e3o da tradicional Festa de Santo Ant\u00f4nio segue a todo vapor. O principal dia da comemora\u00e7\u00e3o ter\u00e1 o bolo de Santo Ant\u00f4nio, show nacional com Mariana e Mateus, quermesse, comidas e bebidas t\u00edpicas, vacina\u00e7\u00e3o contra a gripe e muita f\u00e9 ao longo de [&hellip;]\" \/>\n<meta property=\"og:url\" content=\"https:\/\/www.cambe.pr.gov.br\/index.php\/cambe-celebra-dia-do-padroeiro-com-bolo-de-santo-antonio-quermesse-e-show-de-mariana-e-mateus\/\" \/>\n<meta property=\"og:site_name\" content=\"Prefeitura de Camb\u00e9\" \/>\n<meta property=\"article:publisher\" content=\"https:\/\/m.facebook.com\/prefeituradecambe\" \/>\n<meta property=\"article:published_time\" content=\"2025-06-11T14:58:24+00:00\" \/>\n<meta property=\"article:modified_time\" content=\"2025-06-11T14:59:15+00:00\" \/>\n<meta property=\"og:image\" content=\"https:\/\/www.cambe.pr.gov.br\/wp-content\/uploads\/2025\/06\/DJI_20250531182630_0043_D1-scaled-e1749653876597.jpg\" \/>\n\t<meta property=\"og:image:width\" content=\"500\" \/>\n\t<meta property=\"og:image:height\" content=\"400\" \/>\n\t<meta property=\"og:image:type\" content=\"image\/jpeg\" \/>\n<meta name=\"author\" content=\"Vinicius Augusto Batista Eira\" \/>\n<meta name=\"twitter:card\" content=\"summary_large_image\" \/>\n<meta name=\"twitter:label1\" content=\"Escrito por\" \/>\n\t<meta name=\"twitter:data1\" content=\"Vinicius Augusto Batista Eira\" \/>\n\t<meta name=\"twitter:label2\" content=\"Est. tempo de leitura\" \/>\n\t<meta name=\"twitter:data2\" content=\"4 minutos\" \/>\n<script type=\"application\/ld+json\" class=\"yoast-schema-graph\">{\"@context\":\"https:\\\/\\\/schema.org\",\"@graph\":[{\"@type\":\"Article\",\"@id\":\"https:\\\/\\\/www.cambe.pr.gov.br\\\/index.php\\\/cambe-celebra-dia-do-padroeiro-com-bolo-de-santo-antonio-quermesse-e-show-de-mariana-e-mateus\\\/#article\",\"isPartOf\":{\"@id\":\"https:\\\/\\\/www.cambe.pr.gov.br\\\/index.php\\\/cambe-celebra-dia-do-padroeiro-com-bolo-de-santo-antonio-quermesse-e-show-de-mariana-e-mateus\\\/\"},\"author\":{\"name\":\"Vinicius Augusto Batista Eira\",\"@id\":\"https:\\\/\\\/www.cambe.pr.gov.br\\\/#\\\/schema\\\/person\\\/8e3ee69cb2cadf4b9f8377407227effd\"},\"headline\":\"Camb\u00e9 celebra dia do Padroeiro com bolo de Santo Ant\u00f4nio, quermesse e show de Mariana e Mateus\",\"datePublished\":\"2025-06-11T14:58:24+00:00\",\"dateModified\":\"2025-06-11T14:59:15+00:00\",\"mainEntityOfPage\":{\"@id\":\"https:\\\/\\\/www.cambe.pr.gov.br\\\/index.php\\\/cambe-celebra-dia-do-padroeiro-com-bolo-de-santo-antonio-quermesse-e-show-de-mariana-e-mateus\\\/\"},\"wordCount\":687,\"publisher\":{\"@id\":\"https:\\\/\\\/www.cambe.pr.gov.br\\\/#organization\"},\"image\":{\"@id\":\"https:\\\/\\\/www.cambe.pr.gov.br\\\/index.php\\\/cambe-celebra-dia-do-padroeiro-com-bolo-de-santo-antonio-quermesse-e-show-de-mariana-e-mateus\\\/#primaryimage\"},\"thumbnailUrl\":\"https:\\\/\\\/www.cambe.pr.gov.br\\\/wp-content\\\/uploads\\\/2025\\\/06\\\/DJI_20250531182630_0043_D1-1024x819.jpg\",\"articleSection\":[\"Principal\"],\"inLanguage\":\"pt-BR\"},{\"@type\":\"WebPage\",\"@id\":\"https:\\\/\\\/www.cambe.pr.gov.br\\\/index.php\\\/cambe-celebra-dia-do-padroeiro-com-bolo-de-santo-antonio-quermesse-e-show-de-mariana-e-mateus\\\/\",\"url\":\"https:\\\/\\\/www.cambe.pr.gov.br\\\/index.php\\\/cambe-celebra-dia-do-padroeiro-com-bolo-de-santo-antonio-quermesse-e-show-de-mariana-e-mateus\\\/\",\"name\":\"Camb\u00e9 celebra dia do Padroeiro com bolo de Santo Ant\u00f4nio, quermesse e show de Mariana e Mateus - Prefeitura de Camb\u00e9\",\"isPartOf\":{\"@id\":\"https:\\\/\\\/www.cambe.pr.gov.br\\\/#website\"},\"primaryImageOfPage\":{\"@id\":\"https:\\\/\\\/www.cambe.pr.gov.br\\\/index.php\\\/cambe-celebra-dia-do-padroeiro-com-bolo-de-santo-antonio-quermesse-e-show-de-mariana-e-mateus\\\/#primaryimage\"},\"image\":{\"@id\":\"https:\\\/\\\/www.cambe.pr.gov.br\\\/index.php\\\/cambe-celebra-dia-do-padroeiro-com-bolo-de-santo-antonio-quermesse-e-show-de-mariana-e-mateus\\\/#primaryimage\"},\"thumbnailUrl\":\"https:\\\/\\\/www.cambe.pr.gov.br\\\/wp-content\\\/uploads\\\/2025\\\/06\\\/DJI_20250531182630_0043_D1-1024x819.jpg\",\"datePublished\":\"2025-06-11T14:58:24+00:00\",\"dateModified\":\"2025-06-11T14:59:15+00:00\",\"breadcrumb\":{\"@id\":\"https:\\\/\\\/www.cambe.pr.gov.br\\\/index.php\\\/cambe-celebra-dia-do-padroeiro-com-bolo-de-santo-antonio-quermesse-e-show-de-mariana-e-mateus\\\/#breadcrumb\"},\"inLanguage\":\"pt-BR\",\"potentialAction\":[{\"@type\":\"ReadAction\",\"target\":[\"https:\\\/\\\/www.cambe.pr.gov.br\\\/index.php\\\/cambe-celebra-dia-do-padroeiro-com-bolo-de-santo-antonio-quermesse-e-show-de-mariana-e-mateus\\\/\"]}]},{\"@type\":\"ImageObject\",\"inLanguage\":\"pt-BR\",\"@id\":\"https:\\\/\\\/www.cambe.pr.gov.br\\\/index.php\\\/cambe-celebra-dia-do-padroeiro-com-bolo-de-santo-antonio-quermesse-e-show-de-mariana-e-mateus\\\/#primaryimage\",\"url\":\"https:\\\/\\\/www.cambe.pr.gov.br\\\/wp-content\\\/uploads\\\/2025\\\/06\\\/DJI_20250531182630_0043_D1-scaled-e1749653876597.jpg\",\"contentUrl\":\"https:\\\/\\\/www.cambe.pr.gov.br\\\/wp-content\\\/uploads\\\/2025\\\/06\\\/DJI_20250531182630_0043_D1-scaled-e1749653876597.jpg\",\"width\":500,\"height\":400,\"caption\":\"default\"},{\"@type\":\"BreadcrumbList\",\"@id\":\"https:\\\/\\\/www.cambe.pr.gov.br\\\/index.php\\\/cambe-celebra-dia-do-padroeiro-com-bolo-de-santo-antonio-quermesse-e-show-de-mariana-e-mateus\\\/#breadcrumb\",\"itemListElement\":[{\"@type\":\"ListItem\",\"position\":1,\"name\":\"In\u00edcio\",\"item\":\"https:\\\/\\\/www.cambe.pr.gov.br\\\/\"},{\"@type\":\"ListItem\",\"position\":2,\"name\":\"Camb\u00e9 celebra dia do Padroeiro com bolo de Santo Ant\u00f4nio, quermesse e show de Mariana e Mateus\"}]},{\"@type\":\"WebSite\",\"@id\":\"https:\\\/\\\/www.cambe.pr.gov.br\\\/#website\",\"url\":\"https:\\\/\\\/www.cambe.pr.gov.br\\\/\",\"name\":\"Prefeitura de Camb\u00e9\",\"description\":\"UM GOVERNO PARA TODOS\",\"publisher\":{\"@id\":\"https:\\\/\\\/www.cambe.pr.gov.br\\\/#organization\"},\"potentialAction\":[{\"@type\":\"SearchAction\",\"target\":{\"@type\":\"EntryPoint\",\"urlTemplate\":\"https:\\\/\\\/www.cambe.pr.gov.br\\\/?s={search_term_string}\"},\"query-input\":{\"@type\":\"PropertyValueSpecification\",\"valueRequired\":true,\"valueName\":\"search_term_string\"}}],\"inLanguage\":\"pt-BR\"},{\"@type\":\"Organization\",\"@id\":\"https:\\\/\\\/www.cambe.pr.gov.br\\\/#organization\",\"name\":\"Prefeitura de Camb\u00e9\",\"url\":\"https:\\\/\\\/www.cambe.pr.gov.br\\\/\",\"logo\":{\"@type\":\"ImageObject\",\"inLanguage\":\"pt-BR\",\"@id\":\"https:\\\/\\\/www.cambe.pr.gov.br\\\/#\\\/schema\\\/logo\\\/image\\\/\",\"url\":\"https:\\\/\\\/www.cambe.pr.gov.br\\\/wp-content\\\/uploads\\\/2021\\\/01\\\/cropped-cropped-cambe_brazao-icone.png\",\"contentUrl\":\"https:\\\/\\\/www.cambe.pr.gov.br\\\/wp-content\\\/uploads\\\/2021\\\/01\\\/cropped-cropped-cambe_brazao-icone.png\",\"width\":240,\"height\":240,\"caption\":\"Prefeitura de Camb\u00e9\"},\"image\":{\"@id\":\"https:\\\/\\\/www.cambe.pr.gov.br\\\/#\\\/schema\\\/logo\\\/image\\\/\"},\"sameAs\":[\"https:\\\/\\\/m.facebook.com\\\/prefeituradecambe\"]},{\"@type\":\"Person\",\"@id\":\"https:\\\/\\\/www.cambe.pr.gov.br\\\/#\\\/schema\\\/person\\\/8e3ee69cb2cadf4b9f8377407227effd\",\"name\":\"Vinicius Augusto Batista Eira\",\"image\":{\"@type\":\"ImageObject\",\"inLanguage\":\"pt-BR\",\"@id\":\"https:\\\/\\\/secure.gravatar.com\\\/avatar\\\/1ec500de7013b30e1d4d7c8c3978f0e4433c37e5d5e4cd186239369c6440122b?s=96&d=mm&r=g\",\"url\":\"https:\\\/\\\/secure.gravatar.com\\\/avatar\\\/1ec500de7013b30e1d4d7c8c3978f0e4433c37e5d5e4cd186239369c6440122b?s=96&d=mm&r=g\",\"contentUrl\":\"https:\\\/\\\/secure.gravatar.com\\\/avatar\\\/1ec500de7013b30e1d4d7c8c3978f0e4433c37e5d5e4cd186239369c6440122b?s=96&d=mm&r=g\",\"caption\":\"Vinicius Augusto Batista Eira\"},\"url\":\"https:\\\/\\\/www.cambe.pr.gov.br\\\/index.php\\\/author\\\/vabeira\\\/\"}]}<\/script>\n<!-- \/ Yoast SEO plugin. -->","yoast_head_json":{"title":"Camb\u00e9 celebra dia do Padroeiro com bolo de Santo Ant\u00f4nio, quermesse e show de Mariana e Mateus - Prefeitura de Camb\u00e9","robots":{"index":"index","follow":"follow","max-snippet":"max-snippet:-1","max-image-preview":"max-image-preview:large","max-video-preview":"max-video-preview:-1"},"canonical":"https:\/\/www.cambe.pr.gov.br\/index.php\/cambe-celebra-dia-do-padroeiro-com-bolo-de-santo-antonio-quermesse-e-show-de-mariana-e-mateus\/","og_locale":"pt_BR","og_type":"article","og_title":"Camb\u00e9 celebra dia do Padroeiro com bolo de Santo Ant\u00f4nio, quermesse e show de Mariana e Mateus - Prefeitura de Camb\u00e9","og_description":"Nesta sexta-feira (13), Camb\u00e9 celebra o Dia do Padroeiro. E a 91\u00aa edi\u00e7\u00e3o da tradicional Festa de Santo Ant\u00f4nio segue a todo vapor. O principal dia da comemora\u00e7\u00e3o ter\u00e1 o bolo de Santo Ant\u00f4nio, show nacional com Mariana e Mateus, quermesse, comidas e bebidas t\u00edpicas, vacina\u00e7\u00e3o contra a gripe e muita f\u00e9 ao longo de [&hellip;]","og_url":"https:\/\/www.cambe.pr.gov.br\/index.php\/cambe-celebra-dia-do-padroeiro-com-bolo-de-santo-antonio-quermesse-e-show-de-mariana-e-mateus\/","og_site_name":"Prefeitura de Camb\u00e9","article_publisher":"https:\/\/m.facebook.com\/prefeituradecambe","article_published_time":"2025-06-11T14:58:24+00:00","article_modified_time":"2025-06-11T14:59:15+00:00","og_image":[{"width":500,"height":400,"url":"https:\/\/www.cambe.pr.gov.br\/wp-content\/uploads\/2025\/06\/DJI_20250531182630_0043_D1-scaled-e1749653876597.jpg","type":"image\/jpeg"}],"author":"Vinicius Augusto Batista Eira","twitter_card":"summary_large_image","twitter_misc":{"Escrito por":"Vinicius Augusto Batista Eira","Est. tempo de leitura":"4 minutos"},"schema":{"@context":"https:\/\/schema.org","@graph":[{"@type":"Article","@id":"https:\/\/www.cambe.pr.gov.br\/index.php\/cambe-celebra-dia-do-padroeiro-com-bolo-de-santo-antonio-quermesse-e-show-de-mariana-e-mateus\/#article","isPartOf":{"@id":"https:\/\/www.cambe.pr.gov.br\/index.php\/cambe-celebra-dia-do-padroeiro-com-bolo-de-santo-antonio-quermesse-e-show-de-mariana-e-mateus\/"},"author":{"name":"Vinicius Augusto Batista Eira","@id":"https:\/\/www.cambe.pr.gov.br\/#\/schema\/person\/8e3ee69cb2cadf4b9f8377407227effd"},"headline":"Camb\u00e9 celebra dia do Padroeiro com bolo de Santo Ant\u00f4nio, quermesse e show de Mariana e Mateus","datePublished":"2025-06-11T14:58:24+00:00","dateModified":"2025-06-11T14:59:15+00:00","mainEntityOfPage":{"@id":"https:\/\/www.cambe.pr.gov.br\/index.php\/cambe-celebra-dia-do-padroeiro-com-bolo-de-santo-antonio-quermesse-e-show-de-mariana-e-mateus\/"},"wordCount":687,"publisher":{"@id":"https:\/\/www.cambe.pr.gov.br\/#organization"},"image":{"@id":"https:\/\/www.cambe.pr.gov.br\/index.php\/cambe-celebra-dia-do-padroeiro-com-bolo-de-santo-antonio-quermesse-e-show-de-mariana-e-mateus\/#primaryimage"},"thumbnailUrl":"https:\/\/www.cambe.pr.gov.br\/wp-content\/uploads\/2025\/06\/DJI_20250531182630_0043_D1-1024x819.jpg","articleSection":["Principal"],"inLanguage":"pt-BR"},{"@type":"WebPage","@id":"https:\/\/www.cambe.pr.gov.br\/index.php\/cambe-celebra-dia-do-padroeiro-com-bolo-de-santo-antonio-quermesse-e-show-de-mariana-e-mateus\/","url":"https:\/\/www.cambe.pr.gov.br\/index.php\/cambe-celebra-dia-do-padroeiro-com-bolo-de-santo-antonio-quermesse-e-show-de-mariana-e-mateus\/","name":"Camb\u00e9 celebra dia do Padroeiro com bolo de Santo Ant\u00f4nio, quermesse e show de Mariana e Mateus - Prefeitura de Camb\u00e9","isPartOf":{"@id":"https:\/\/www.cambe.pr.gov.br\/#website"},"primaryImageOfPage":{"@id":"https:\/\/www.cambe.pr.gov.br\/index.php\/cambe-celebra-dia-do-padroeiro-com-bolo-de-santo-antonio-quermesse-e-show-de-mariana-e-mateus\/#primaryimage"},"image":{"@id":"https:\/\/www.cambe.pr.gov.br\/index.php\/cambe-celebra-dia-do-padroeiro-com-bolo-de-santo-antonio-quermesse-e-show-de-mariana-e-mateus\/#primaryimage"},"thumbnailUrl":"https:\/\/www.cambe.pr.gov.br\/wp-content\/uploads\/2025\/06\/DJI_20250531182630_0043_D1-1024x819.jpg","datePublished":"2025-06-11T14:58:24+00:00","dateModified":"2025-06-11T14:59:15+00:00","breadcrumb":{"@id":"https:\/\/www.cambe.pr.gov.br\/index.php\/cambe-celebra-dia-do-padroeiro-com-bolo-de-santo-antonio-quermesse-e-show-de-mariana-e-mateus\/#breadcrumb"},"inLanguage":"pt-BR","potentialAction":[{"@type":"ReadAction","target":["https:\/\/www.cambe.pr.gov.br\/index.php\/cambe-celebra-dia-do-padroeiro-com-bolo-de-santo-antonio-quermesse-e-show-de-mariana-e-mateus\/"]}]},{"@type":"ImageObject","inLanguage":"pt-BR","@id":"https:\/\/www.cambe.pr.gov.br\/index.php\/cambe-celebra-dia-do-padroeiro-com-bolo-de-santo-antonio-quermesse-e-show-de-mariana-e-mateus\/#primaryimage","url":"https:\/\/www.cambe.pr.gov.br\/wp-content\/uploads\/2025\/06\/DJI_20250531182630_0043_D1-scaled-e1749653876597.jpg","contentUrl":"https:\/\/www.cambe.pr.gov.br\/wp-content\/uploads\/2025\/06\/DJI_20250531182630_0043_D1-scaled-e1749653876597.jpg","width":500,"height":400,"caption":"default"},{"@type":"BreadcrumbList","@id":"https:\/\/www.cambe.pr.gov.br\/index.php\/cambe-celebra-dia-do-padroeiro-com-bolo-de-santo-antonio-quermesse-e-show-de-mariana-e-mateus\/#breadcrumb","itemListElement":[{"@type":"ListItem","position":1,"name":"In\u00edcio","item":"https:\/\/www.cambe.pr.gov.br\/"},{"@type":"ListItem","position":2,"name":"Camb\u00e9 celebra dia do Padroeiro com bolo de Santo Ant\u00f4nio, quermesse e show de Mariana e Mateus"}]},{"@type":"WebSite","@id":"https:\/\/www.cambe.pr.gov.br\/#website","url":"https:\/\/www.cambe.pr.gov.br\/","name":"Prefeitura de Camb\u00e9","description":"UM GOVERNO PARA TODOS","publisher":{"@id":"https:\/\/www.cambe.pr.gov.br\/#organization"},"potentialAction":[{"@type":"SearchAction","target":{"@type":"EntryPoint","urlTemplate":"https:\/\/www.cambe.pr.gov.br\/?s={search_term_string}"},"query-input":{"@type":"PropertyValueSpecification","valueRequired":true,"valueName":"search_term_string"}}],"inLanguage":"pt-BR"},{"@type":"Organization","@id":"https:\/\/www.cambe.pr.gov.br\/#organization","name":"Prefeitura de Camb\u00e9","url":"https:\/\/www.cambe.pr.gov.br\/","logo":{"@type":"ImageObject","inLanguage":"pt-BR","@id":"https:\/\/www.cambe.pr.gov.br\/#\/schema\/logo\/image\/","url":"https:\/\/www.cambe.pr.gov.br\/wp-content\/uploads\/2021\/01\/cropped-cropped-cambe_brazao-icone.png","contentUrl":"https:\/\/www.cambe.pr.gov.br\/wp-content\/uploads\/2021\/01\/cropped-cropped-cambe_brazao-icone.png","width":240,"height":240,"caption":"Prefeitura de Camb\u00e9"},"image":{"@id":"https:\/\/www.cambe.pr.gov.br\/#\/schema\/logo\/image\/"},"sameAs":["https:\/\/m.facebook.com\/prefeituradecambe"]},{"@type":"Person","@id":"https:\/\/www.cambe.pr.gov.br\/#\/schema\/person\/8e3ee69cb2cadf4b9f8377407227effd","name":"Vinicius Augusto Batista Eira","image":{"@type":"ImageObject","inLanguage":"pt-BR","@id":"https:\/\/secure.gravatar.com\/avatar\/1ec500de7013b30e1d4d7c8c3978f0e4433c37e5d5e4cd186239369c6440122b?s=96&d=mm&r=g","url":"https:\/\/secure.gravatar.com\/avatar\/1ec500de7013b30e1d4d7c8c3978f0e4433c37e5d5e4cd186239369c6440122b?s=96&d=mm&r=g","contentUrl":"https:\/\/secure.gravatar.com\/avatar\/1ec500de7013b30e1d4d7c8c3978f0e4433c37e5d5e4cd186239369c6440122b?s=96&d=mm&r=g","caption":"Vinicius Augusto Batista Eira"},"url":"https:\/\/www.cambe.pr.gov.br\/index.php\/author\/vabeira\/"}]}},"_links":{"self":[{"href":"https:\/\/www.cambe.pr.gov.br\/index.php\/wp-json\/wp\/v2\/posts\/17152","targetHints":{"allow":["GET"]}}],"collection":[{"href":"https:\/\/www.cambe.pr.gov.br\/index.php\/wp-json\/wp\/v2\/posts"}],"about":[{"href":"https:\/\/www.cambe.pr.gov.br\/index.php\/wp-json\/wp\/v2\/types\/post"}],"author":[{"embeddable":true,"href":"https:\/\/www.cambe.pr.gov.br\/index.php\/wp-json\/wp\/v2\/users\/16"}],"replies":[{"embeddable":true,"href":"https:\/\/www.cambe.pr.gov.br\/index.php\/wp-json\/wp\/v2\/comments?post=17152"}],"version-history":[{"count":2,"href":"https:\/\/www.cambe.pr.gov.br\/index.php\/wp-json\/wp\/v2\/posts\/17152\/revisions"}],"predecessor-version":[{"id":17156,"href":"https:\/\/www.cambe.pr.gov.br\/index.php\/wp-json\/wp\/v2\/posts\/17152\/revisions\/17156"}],"wp:attachment":[{"href":"https:\/\/www.cambe.pr.gov.br\/index.php\/wp-json\/wp\/v2\/media?parent=17152"}],"wp:term":[{"taxonomy":"category","embeddable":true,"href":"https:\/\/www.cambe.pr.gov.br\/index.php\/wp-json\/wp\/v2\/categories?post=17152"},{"taxonomy":"post_tag","embeddable":true,"href":"https:\/\/www.cambe.pr.gov.br\/index.php\/wp-json\/wp\/v2\/tags?post=17152"}],"curies":[{"name":"wp","href":"https:\/\/api.w.org\/{rel}","templated":true}]}}