{"id":16699,"date":"2025-04-24T12:57:35","date_gmt":"2025-04-24T15:57:35","guid":{"rendered":"https:\/\/www.cambe.pr.gov.br\/?p=16699"},"modified":"2025-04-24T12:57:35","modified_gmt":"2025-04-24T15:57:35","slug":"prefeitura-premia-os-campeoes-do-46o-jogos-estudantis-de-cambe","status":"publish","type":"post","link":"https:\/\/www.cambe.pr.gov.br\/index.php\/prefeitura-premia-os-campeoes-do-46o-jogos-estudantis-de-cambe\/","title":{"rendered":"Prefeitura premia os campe\u00f5es do 46\u00ba Jogos Estudantis de Camb\u00e9"},"content":{"rendered":"<p style=\"text-align: justify;\"><span style=\"font-weight: 400; font-family: arial, helvetica, sans-serif;\"><img fetchpriority=\"high\" decoding=\"async\" class=\"alignleft wp-image-16701 size-large\" src=\"https:\/\/www.cambe.pr.gov.br\/wp-content\/uploads\/2025\/04\/Imagem-do-WhatsApp-de-2025-04-24-as-12.55.10_72745535-scaled-e1745510194586-1024x683.jpg\" alt=\"\" width=\"610\" height=\"407\" srcset=\"https:\/\/www.cambe.pr.gov.br\/wp-content\/uploads\/2025\/04\/Imagem-do-WhatsApp-de-2025-04-24-as-12.55.10_72745535-scaled-e1745510194586-1024x683.jpg 1024w, https:\/\/www.cambe.pr.gov.br\/wp-content\/uploads\/2025\/04\/Imagem-do-WhatsApp-de-2025-04-24-as-12.55.10_72745535-scaled-e1745510194586-300x200.jpg 300w, https:\/\/www.cambe.pr.gov.br\/wp-content\/uploads\/2025\/04\/Imagem-do-WhatsApp-de-2025-04-24-as-12.55.10_72745535-scaled-e1745510194586-768x512.jpg 768w, https:\/\/www.cambe.pr.gov.br\/wp-content\/uploads\/2025\/04\/Imagem-do-WhatsApp-de-2025-04-24-as-12.55.10_72745535-scaled-e1745510194586-1536x1024.jpg 1536w, https:\/\/www.cambe.pr.gov.br\/wp-content\/uploads\/2025\/04\/Imagem-do-WhatsApp-de-2025-04-24-as-12.55.10_72745535-scaled-e1745510194586-2048x1366.jpg 2048w\" sizes=\"(max-width: 610px) 100vw, 610px\" \/>Na manh\u00e3 desta quinta-feira (24), a Prefeitura de Camb\u00e9, por meio da Secretaria Municipal de Esportes e Lazer, promoveu a cerim\u00f4nia de premia\u00e7\u00e3o do 46\u00ba Jogos Estudantis de Camb\u00e9. As escolas vencedoras receberam os trof\u00e9us de suas modalidades e, consequentemente, com o t\u00edtulo, v\u00e3o representar o munic\u00edpio na fase regional dos Jogos Escolares do Paran\u00e1. O Instituto Nossa Senhora Auxiliadora (INSA) se sagrou campe\u00e3o geral da competi\u00e7\u00e3o pelo terceiro ano seguido.<\/span><\/p>\n<p style=\"text-align: justify;\"><span style=\"font-weight: 400; font-family: arial, helvetica, sans-serif;\">Ao todo, 13 institui\u00e7\u00f5es de ensino e cerca de 600 atletas participaram dos Jogos, que contou com seis modalidades sub-14 e sub-17, masculino e feminino, sendo elas atletismo, basquete, handebol, futsal, voleibol e voleibol de praia. Os campe\u00f5es disputam a fase regional dos jogos em Ibipor\u00e3 de 16 a 20 de maio. Confira a lista dos vencedores abaixo.<\/span><\/p>\n<p style=\"text-align: justify;\"><span style=\"font-weight: 400; font-family: arial, helvetica, sans-serif;\">Telma Gamba, secret\u00e1ria municipal de Esportes e Lazer, celebrou o sucesso de mais uma edi\u00e7\u00e3o dos Jogos. \u201cHoje a gente encerra aqui com chave de ouro, com os adolescentes daqui, que representar\u00e3o o nosso munic\u00edpio na fase regional. Ent\u00e3o, \u00e9 uma grande alegria receb\u00ea-los para essa premia\u00e7\u00e3o final, onde recebem os trof\u00e9us e j\u00e1 homologamos tamb\u00e9m as inscri\u00e7\u00f5es para que eles possam ir para essa nova fase e representar a escola que eles est\u00e3o e tamb\u00e9m o nosso munic\u00edpio de Camb\u00e9\u201d, disse.<\/span><\/p>\n<p style=\"text-align: justify;\"><span style=\"font-weight: 400; font-family: arial, helvetica, sans-serif;\"><img decoding=\"async\" class=\"alignleft wp-image-16702 size-large\" src=\"https:\/\/www.cambe.pr.gov.br\/wp-content\/uploads\/2025\/04\/Imagem-do-WhatsApp-de-2025-04-24-as-12.55.11_dee2f2df-scaled-e1745510215951-1024x683.jpg\" alt=\"\" width=\"610\" height=\"407\" srcset=\"https:\/\/www.cambe.pr.gov.br\/wp-content\/uploads\/2025\/04\/Imagem-do-WhatsApp-de-2025-04-24-as-12.55.11_dee2f2df-scaled-e1745510215951-1024x683.jpg 1024w, https:\/\/www.cambe.pr.gov.br\/wp-content\/uploads\/2025\/04\/Imagem-do-WhatsApp-de-2025-04-24-as-12.55.11_dee2f2df-scaled-e1745510215951-300x200.jpg 300w, https:\/\/www.cambe.pr.gov.br\/wp-content\/uploads\/2025\/04\/Imagem-do-WhatsApp-de-2025-04-24-as-12.55.11_dee2f2df-scaled-e1745510215951-768x512.jpg 768w, https:\/\/www.cambe.pr.gov.br\/wp-content\/uploads\/2025\/04\/Imagem-do-WhatsApp-de-2025-04-24-as-12.55.11_dee2f2df-scaled-e1745510215951-1536x1024.jpg 1536w, https:\/\/www.cambe.pr.gov.br\/wp-content\/uploads\/2025\/04\/Imagem-do-WhatsApp-de-2025-04-24-as-12.55.11_dee2f2df-scaled-e1745510215951-2048x1366.jpg 2048w\" sizes=\"(max-width: 610px) 100vw, 610px\" \/>A professora de educa\u00e7\u00e3o f\u00edsica do INSA Camb\u00e9, Adriana Mazia, ressaltou que a conquista \u00e9 o resultado do trabalho que acontece anualmente na Institui\u00e7\u00e3o atrav\u00e9s da observa\u00e7\u00e3o nas aulas de educa\u00e7\u00e3o f\u00edsica. \u201cDentro da nossa escola, sempre temos uma competi\u00e7\u00e3o que chamamos de Olimp\u00edadas. E atrav\u00e9s dessas Olimp\u00edadas, a gente come\u00e7a a observar os alunos que ir\u00e3o representar a escola nos anos seguintes nos Jogos Escolares. \u00c9 uma miss\u00e3o trabalhar com essa garotada e procuramos dar oportunidade para todos. Convido os alunos a se desafiarem para aprenderem o mais importante, que \u00e9 superar seus pr\u00f3prios limites e competir. E o resultado \u00e9 esse, somos tricampe\u00f5es. Ganhamos no geral em 2023, 2024 e 2025. E isso vem atrav\u00e9s do nosso trabalho di\u00e1rio com essa garotada. Enfim, \u00e9 s\u00f3 alegria\u201d.<\/span><\/p>\n<p style=\"text-align: justify;\"><span style=\"font-weight: 400; font-family: arial, helvetica, sans-serif;\">Lorena Kubacki \u00e9 aluna do INSA , foi campe\u00e3 do handebol e destacou a emo\u00e7\u00e3o de participar de momentos como esse. \u201c\u00c9 muito emocionante, muito gratificante. Conseguir ganhar o handebol e depois o geral. Fico muito feliz e honrada de poder participar desses momentos\u201d, afirmou.<\/span><\/p>\n<p>&nbsp;<\/p>\n<p style=\"text-align: justify;\"><strong><span style=\"font-family: arial, helvetica, sans-serif;\">Classifica\u00e7\u00e3o geral<\/span><\/strong><\/p>\n<p style=\"text-align: justify;\"><span style=\"font-weight: 400; font-family: arial, helvetica, sans-serif;\">Campe\u00e3o: Instituto Nossa Senhora Auxiliadora (INSA)<br \/>\n<\/span><span style=\"font-weight: 400; font-family: arial, helvetica, sans-serif;\">Vice-campe\u00e3o: Col\u00e9gio C\u00edvico-militar Estadual Att\u00edlio Codato<br \/>\n<\/span><span style=\"font-weight: 400; font-family: arial, helvetica, sans-serif;\">Terceiro: Col\u00e9gio C\u00edvico-militar Estadual Professora Helena Kolody<br \/>\n<\/span><span style=\"font-weight: 400; font-family: arial, helvetica, sans-serif;\">Quarto: Escola C\u00edvico-militar S\u00e3o Jos\u00e9<br \/>\n<\/span><span style=\"font-weight: 400; font-family: arial, helvetica, sans-serif;\">Quinto: Col\u00e9gio C\u00edvico-militar Maestro Andr\u00e9a Nuzzi<br \/>\n<\/span><span style=\"font-weight: 400; font-family: arial, helvetica, sans-serif;\">Sexto: Col\u00e9gio C\u00edvico-militar Dom Geraldo Fernandes<br \/>\n<\/span><span style=\"font-weight: 400; font-family: arial, helvetica, sans-serif;\">S\u00e9timo: Col\u00e9gio C\u00edvico-militar Estadual 11 de Outubro<br \/>\n<\/span><span style=\"font-weight: 400; font-family: arial, helvetica, sans-serif;\">Oitavo: Col\u00e9gio C\u00edvico-militar Estadual \u00c9rico Ver\u00edssimo<br \/>\n<\/span><span style=\"font-weight: 400; font-family: arial, helvetica, sans-serif;\">Nono: Escola Estadual Valdir Umberto de Azevedo<br \/>\n<\/span><span style=\"font-weight: 400; font-family: arial, helvetica, sans-serif;\">D\u00e9cimo: Escola Estadual Dr. Leopoldino Loureiro Ferreira<br \/>\n<\/span><span style=\"font-weight: 400; font-family: arial, helvetica, sans-serif;\">D\u00e9cimo primeiro: Escola Primeiros Passos<br \/>\n<\/span><span style=\"font-weight: 400; font-family: arial, helvetica, sans-serif;\">D\u00e9cimo segundo: Col\u00e9gio C\u00edvico-militar Estadual Ant\u00f4nio Raminelli<br \/>\n<\/span><span style=\"font-weight: 400; font-family: arial, helvetica, sans-serif;\">D\u00e9cimo terceiro: Col\u00e9gio C\u00edvico-militar Manuel Bandeira<\/span><\/p>\n<p>&nbsp;<\/p>\n<p style=\"text-align: justify;\"><strong><span style=\"font-family: arial, helvetica, sans-serif;\">Campe\u00f5es por modalidades<\/span><\/strong><\/p>\n<p style=\"text-align: justify;\"><span style=\"font-weight: 400; font-family: arial, helvetica, sans-serif;\"><strong>Atletismo<\/strong><br \/>\n<\/span><span style=\"font-weight: 400; font-family: arial, helvetica, sans-serif;\">Geral: Instituto Nossa Senhora Auxiliadora (INSA)<\/span><\/p>\n<p style=\"text-align: justify;\"><strong><span style=\"font-family: arial, helvetica, sans-serif;\">Basquete<br \/>\n<\/span><\/strong><span style=\"font-weight: 400; font-family: arial, helvetica, sans-serif;\">Feminino A: Instituto Nossa Senhora Auxiliadora (INSA)<br \/>\n<\/span><span style=\"font-weight: 400; font-family: arial, helvetica, sans-serif;\">Masculino A: Col\u00e9gio C\u00edvico-militar Estadual Professora Helena Kolody<br \/>\n<\/span><span style=\"font-weight: 400; font-family: arial, helvetica, sans-serif;\">Feminino B: Instituto Nossa Senhora Auxiliadora (INSA)<br \/>\n<\/span><span style=\"font-weight: 400; font-family: arial, helvetica, sans-serif;\">Masculino B: Instituto Nossa Senhora Auxiliadora (INSA)<\/span><\/p>\n<p style=\"text-align: justify;\"><strong><span style=\"font-family: arial, helvetica, sans-serif;\">Futsal<br \/>\n<\/span><\/strong><span style=\"font-weight: 400; font-family: arial, helvetica, sans-serif;\">Masculino A: Col\u00e9gio C\u00edvico-militar Maestro Andr\u00e9a Nuzzi<br \/>\n<\/span><span style=\"font-weight: 400; font-family: arial, helvetica, sans-serif;\">Masculino B: Escola C\u00edvico-militar S\u00e3o Jos\u00e9<\/span><\/p>\n<p style=\"text-align: justify;\"><span style=\"font-weight: 400; font-family: arial, helvetica, sans-serif;\"><strong>Handebol<\/strong><br \/>\n<\/span><span style=\"font-weight: 400; font-family: arial, helvetica, sans-serif;\">Feminino B: Instituto Nossa Senhora Auxiliadora (INSA)<br \/>\n<\/span><span style=\"font-weight: 400; font-family: arial, helvetica, sans-serif;\">Masculino B: Escola Estadual Valdir Umberto de Azevedo<\/span><\/p>\n<p style=\"text-align: justify;\"><span style=\"font-weight: 400; font-family: arial, helvetica, sans-serif;\"><strong>Voleibol<\/strong><br \/>\n<\/span><span style=\"font-weight: 400; font-family: arial, helvetica, sans-serif;\">Feminino A: Col\u00e9gio C\u00edvico-militar Maestro Andr\u00e9a Nuzzi<br \/>\n<\/span><span style=\"font-weight: 400; font-family: arial, helvetica, sans-serif;\">Masculino A: Col\u00e9gio C\u00edvico-militar Estadual Att\u00edlio Codato<br \/>\n<\/span><span style=\"font-weight: 400; font-family: arial, helvetica, sans-serif;\">Feminino B: Col\u00e9gio C\u00edvico-militar Estadual Att\u00edlio Codato<br \/>\n<\/span><span style=\"font-weight: 400; font-family: arial, helvetica, sans-serif;\">Masculino B: Instituto Nossa Senhora Auxiliadora (INSA)<\/span><\/p>\n<p style=\"text-align: justify;\"><span style=\"font-weight: 400; font-family: arial, helvetica, sans-serif;\"><strong>V\u00f4lei de praia<\/strong><br \/>\n<\/span><span style=\"font-weight: 400; font-family: arial, helvetica, sans-serif;\">Feminino A: Col\u00e9gio C\u00edvico-militar Estadual Att\u00edlio Codato<br \/>\n<\/span><span style=\"font-weight: 400; font-family: arial, helvetica, sans-serif;\">Masculino A: Col\u00e9gio C\u00edvico-militar Estadual Att\u00edlio Codato<br \/>\n<\/span><span style=\"font-family: arial, helvetica, sans-serif;\"><span style=\"font-weight: 400;\">Feminino B: Col\u00e9gio C\u00edvico-militar Estadual Att\u00edlio Codato<br \/>\n<\/span><span style=\"font-weight: 400;\">Masculino B: Instituto Nossa Senhora Auxiliadora (INSA)<\/span><\/span><\/p>\n","protected":false},"excerpt":{"rendered":"<p>Na manh\u00e3 desta quinta-feira (24), a Prefeitura de Camb\u00e9, por meio da Secretaria Municipal de Esportes e Lazer, promoveu a cerim\u00f4nia de premia\u00e7\u00e3o do 46\u00ba Jogos Estudantis de Camb\u00e9. As escolas vencedoras receberam os trof\u00e9us de suas modalidades e, consequentemente, com o t\u00edtulo, v\u00e3o representar o munic\u00edpio na fase regional dos Jogos Escolares do Paran\u00e1. [&hellip;]<\/p>\n","protected":false},"author":16,"featured_media":0,"comment_status":"closed","ping_status":"closed","sticky":false,"template":"","format":"standard","meta":{"ngg_post_thumbnail":0,"footnotes":""},"categories":[1],"tags":[],"class_list":["post-16699","post","type-post","status-publish","format-standard","hentry","category-principal"],"yoast_head":"<!-- This site is optimized with the Yoast SEO plugin v27.4 - https:\/\/yoast.com\/product\/yoast-seo-wordpress\/ -->\n<title>Prefeitura premia os campe\u00f5es do 46\u00ba Jogos Estudantis de Camb\u00e9 - Prefeitura de Camb\u00e9<\/title>\n<meta name=\"robots\" content=\"index, follow, max-snippet:-1, max-image-preview:large, max-video-preview:-1\" \/>\n<link rel=\"canonical\" href=\"https:\/\/www.cambe.pr.gov.br\/index.php\/prefeitura-premia-os-campeoes-do-46o-jogos-estudantis-de-cambe\/\" \/>\n<meta property=\"og:locale\" content=\"pt_BR\" \/>\n<meta property=\"og:type\" content=\"article\" \/>\n<meta property=\"og:title\" content=\"Prefeitura premia os campe\u00f5es do 46\u00ba Jogos Estudantis de Camb\u00e9 - Prefeitura de Camb\u00e9\" \/>\n<meta property=\"og:description\" content=\"Na manh\u00e3 desta quinta-feira (24), a Prefeitura de Camb\u00e9, por meio da Secretaria Municipal de Esportes e Lazer, promoveu a cerim\u00f4nia de premia\u00e7\u00e3o do 46\u00ba Jogos Estudantis de Camb\u00e9. As escolas vencedoras receberam os trof\u00e9us de suas modalidades e, consequentemente, com o t\u00edtulo, v\u00e3o representar o munic\u00edpio na fase regional dos Jogos Escolares do Paran\u00e1. [&hellip;]\" \/>\n<meta property=\"og:url\" content=\"https:\/\/www.cambe.pr.gov.br\/index.php\/prefeitura-premia-os-campeoes-do-46o-jogos-estudantis-de-cambe\/\" \/>\n<meta property=\"og:site_name\" content=\"Prefeitura de Camb\u00e9\" \/>\n<meta property=\"article:publisher\" content=\"https:\/\/m.facebook.com\/prefeituradecambe\" \/>\n<meta property=\"article:published_time\" content=\"2025-04-24T15:57:35+00:00\" \/>\n<meta property=\"og:image\" content=\"https:\/\/www.cambe.pr.gov.br\/wp-content\/uploads\/2025\/04\/Imagem-do-WhatsApp-de-2025-04-24-as-12.55.10_72745535-scaled-e1745510194586.jpg\" \/>\n\t<meta property=\"og:image:width\" content=\"2560\" \/>\n\t<meta property=\"og:image:height\" content=\"1707\" \/>\n\t<meta property=\"og:image:type\" content=\"image\/jpeg\" \/>\n<meta name=\"author\" content=\"Vinicius Augusto Batista Eira\" \/>\n<meta name=\"twitter:card\" content=\"summary_large_image\" \/>\n<meta name=\"twitter:label1\" content=\"Escrito por\" \/>\n\t<meta name=\"twitter:data1\" content=\"Vinicius Augusto Batista Eira\" \/>\n\t<meta name=\"twitter:label2\" content=\"Est. tempo de leitura\" \/>\n\t<meta name=\"twitter:data2\" content=\"4 minutos\" \/>\n<script type=\"application\/ld+json\" class=\"yoast-schema-graph\">{\"@context\":\"https:\\\/\\\/schema.org\",\"@graph\":[{\"@type\":\"Article\",\"@id\":\"https:\\\/\\\/www.cambe.pr.gov.br\\\/index.php\\\/prefeitura-premia-os-campeoes-do-46o-jogos-estudantis-de-cambe\\\/#article\",\"isPartOf\":{\"@id\":\"https:\\\/\\\/www.cambe.pr.gov.br\\\/index.php\\\/prefeitura-premia-os-campeoes-do-46o-jogos-estudantis-de-cambe\\\/\"},\"author\":{\"name\":\"Vinicius Augusto Batista Eira\",\"@id\":\"https:\\\/\\\/www.cambe.pr.gov.br\\\/#\\\/schema\\\/person\\\/8e3ee69cb2cadf4b9f8377407227effd\"},\"headline\":\"Prefeitura premia os campe\u00f5es do 46\u00ba Jogos Estudantis de Camb\u00e9\",\"datePublished\":\"2025-04-24T15:57:35+00:00\",\"mainEntityOfPage\":{\"@id\":\"https:\\\/\\\/www.cambe.pr.gov.br\\\/index.php\\\/prefeitura-premia-os-campeoes-do-46o-jogos-estudantis-de-cambe\\\/\"},\"wordCount\":689,\"publisher\":{\"@id\":\"https:\\\/\\\/www.cambe.pr.gov.br\\\/#organization\"},\"image\":{\"@id\":\"https:\\\/\\\/www.cambe.pr.gov.br\\\/index.php\\\/prefeitura-premia-os-campeoes-do-46o-jogos-estudantis-de-cambe\\\/#primaryimage\"},\"thumbnailUrl\":\"https:\\\/\\\/www.cambe.pr.gov.br\\\/wp-content\\\/uploads\\\/2025\\\/04\\\/Imagem-do-WhatsApp-de-2025-04-24-as-12.55.10_72745535-scaled-e1745510194586-1024x683.jpg\",\"articleSection\":[\"Principal\"],\"inLanguage\":\"pt-BR\"},{\"@type\":\"WebPage\",\"@id\":\"https:\\\/\\\/www.cambe.pr.gov.br\\\/index.php\\\/prefeitura-premia-os-campeoes-do-46o-jogos-estudantis-de-cambe\\\/\",\"url\":\"https:\\\/\\\/www.cambe.pr.gov.br\\\/index.php\\\/prefeitura-premia-os-campeoes-do-46o-jogos-estudantis-de-cambe\\\/\",\"name\":\"Prefeitura premia os campe\u00f5es do 46\u00ba Jogos Estudantis de Camb\u00e9 - Prefeitura de Camb\u00e9\",\"isPartOf\":{\"@id\":\"https:\\\/\\\/www.cambe.pr.gov.br\\\/#website\"},\"primaryImageOfPage\":{\"@id\":\"https:\\\/\\\/www.cambe.pr.gov.br\\\/index.php\\\/prefeitura-premia-os-campeoes-do-46o-jogos-estudantis-de-cambe\\\/#primaryimage\"},\"image\":{\"@id\":\"https:\\\/\\\/www.cambe.pr.gov.br\\\/index.php\\\/prefeitura-premia-os-campeoes-do-46o-jogos-estudantis-de-cambe\\\/#primaryimage\"},\"thumbnailUrl\":\"https:\\\/\\\/www.cambe.pr.gov.br\\\/wp-content\\\/uploads\\\/2025\\\/04\\\/Imagem-do-WhatsApp-de-2025-04-24-as-12.55.10_72745535-scaled-e1745510194586-1024x683.jpg\",\"datePublished\":\"2025-04-24T15:57:35+00:00\",\"breadcrumb\":{\"@id\":\"https:\\\/\\\/www.cambe.pr.gov.br\\\/index.php\\\/prefeitura-premia-os-campeoes-do-46o-jogos-estudantis-de-cambe\\\/#breadcrumb\"},\"inLanguage\":\"pt-BR\",\"potentialAction\":[{\"@type\":\"ReadAction\",\"target\":[\"https:\\\/\\\/www.cambe.pr.gov.br\\\/index.php\\\/prefeitura-premia-os-campeoes-do-46o-jogos-estudantis-de-cambe\\\/\"]}]},{\"@type\":\"ImageObject\",\"inLanguage\":\"pt-BR\",\"@id\":\"https:\\\/\\\/www.cambe.pr.gov.br\\\/index.php\\\/prefeitura-premia-os-campeoes-do-46o-jogos-estudantis-de-cambe\\\/#primaryimage\",\"url\":\"https:\\\/\\\/www.cambe.pr.gov.br\\\/wp-content\\\/uploads\\\/2025\\\/04\\\/Imagem-do-WhatsApp-de-2025-04-24-as-12.55.10_72745535-scaled-e1745510194586.jpg\",\"contentUrl\":\"https:\\\/\\\/www.cambe.pr.gov.br\\\/wp-content\\\/uploads\\\/2025\\\/04\\\/Imagem-do-WhatsApp-de-2025-04-24-as-12.55.10_72745535-scaled-e1745510194586.jpg\",\"width\":2560,\"height\":1707},{\"@type\":\"BreadcrumbList\",\"@id\":\"https:\\\/\\\/www.cambe.pr.gov.br\\\/index.php\\\/prefeitura-premia-os-campeoes-do-46o-jogos-estudantis-de-cambe\\\/#breadcrumb\",\"itemListElement\":[{\"@type\":\"ListItem\",\"position\":1,\"name\":\"In\u00edcio\",\"item\":\"https:\\\/\\\/www.cambe.pr.gov.br\\\/\"},{\"@type\":\"ListItem\",\"position\":2,\"name\":\"Prefeitura premia os campe\u00f5es do 46\u00ba Jogos Estudantis de Camb\u00e9\"}]},{\"@type\":\"WebSite\",\"@id\":\"https:\\\/\\\/www.cambe.pr.gov.br\\\/#website\",\"url\":\"https:\\\/\\\/www.cambe.pr.gov.br\\\/\",\"name\":\"Prefeitura de Camb\u00e9\",\"description\":\"UM GOVERNO PARA TODOS\",\"publisher\":{\"@id\":\"https:\\\/\\\/www.cambe.pr.gov.br\\\/#organization\"},\"potentialAction\":[{\"@type\":\"SearchAction\",\"target\":{\"@type\":\"EntryPoint\",\"urlTemplate\":\"https:\\\/\\\/www.cambe.pr.gov.br\\\/?s={search_term_string}\"},\"query-input\":{\"@type\":\"PropertyValueSpecification\",\"valueRequired\":true,\"valueName\":\"search_term_string\"}}],\"inLanguage\":\"pt-BR\"},{\"@type\":\"Organization\",\"@id\":\"https:\\\/\\\/www.cambe.pr.gov.br\\\/#organization\",\"name\":\"Prefeitura de Camb\u00e9\",\"url\":\"https:\\\/\\\/www.cambe.pr.gov.br\\\/\",\"logo\":{\"@type\":\"ImageObject\",\"inLanguage\":\"pt-BR\",\"@id\":\"https:\\\/\\\/www.cambe.pr.gov.br\\\/#\\\/schema\\\/logo\\\/image\\\/\",\"url\":\"https:\\\/\\\/www.cambe.pr.gov.br\\\/wp-content\\\/uploads\\\/2021\\\/01\\\/cropped-cropped-cambe_brazao-icone.png\",\"contentUrl\":\"https:\\\/\\\/www.cambe.pr.gov.br\\\/wp-content\\\/uploads\\\/2021\\\/01\\\/cropped-cropped-cambe_brazao-icone.png\",\"width\":240,\"height\":240,\"caption\":\"Prefeitura de Camb\u00e9\"},\"image\":{\"@id\":\"https:\\\/\\\/www.cambe.pr.gov.br\\\/#\\\/schema\\\/logo\\\/image\\\/\"},\"sameAs\":[\"https:\\\/\\\/m.facebook.com\\\/prefeituradecambe\"]},{\"@type\":\"Person\",\"@id\":\"https:\\\/\\\/www.cambe.pr.gov.br\\\/#\\\/schema\\\/person\\\/8e3ee69cb2cadf4b9f8377407227effd\",\"name\":\"Vinicius Augusto Batista Eira\",\"image\":{\"@type\":\"ImageObject\",\"inLanguage\":\"pt-BR\",\"@id\":\"https:\\\/\\\/secure.gravatar.com\\\/avatar\\\/1ec500de7013b30e1d4d7c8c3978f0e4433c37e5d5e4cd186239369c6440122b?s=96&d=mm&r=g\",\"url\":\"https:\\\/\\\/secure.gravatar.com\\\/avatar\\\/1ec500de7013b30e1d4d7c8c3978f0e4433c37e5d5e4cd186239369c6440122b?s=96&d=mm&r=g\",\"contentUrl\":\"https:\\\/\\\/secure.gravatar.com\\\/avatar\\\/1ec500de7013b30e1d4d7c8c3978f0e4433c37e5d5e4cd186239369c6440122b?s=96&d=mm&r=g\",\"caption\":\"Vinicius Augusto Batista Eira\"},\"url\":\"https:\\\/\\\/www.cambe.pr.gov.br\\\/index.php\\\/author\\\/vabeira\\\/\"}]}<\/script>\n<!-- \/ Yoast SEO plugin. -->","yoast_head_json":{"title":"Prefeitura premia os campe\u00f5es do 46\u00ba Jogos Estudantis de Camb\u00e9 - Prefeitura de Camb\u00e9","robots":{"index":"index","follow":"follow","max-snippet":"max-snippet:-1","max-image-preview":"max-image-preview:large","max-video-preview":"max-video-preview:-1"},"canonical":"https:\/\/www.cambe.pr.gov.br\/index.php\/prefeitura-premia-os-campeoes-do-46o-jogos-estudantis-de-cambe\/","og_locale":"pt_BR","og_type":"article","og_title":"Prefeitura premia os campe\u00f5es do 46\u00ba Jogos Estudantis de Camb\u00e9 - Prefeitura de Camb\u00e9","og_description":"Na manh\u00e3 desta quinta-feira (24), a Prefeitura de Camb\u00e9, por meio da Secretaria Municipal de Esportes e Lazer, promoveu a cerim\u00f4nia de premia\u00e7\u00e3o do 46\u00ba Jogos Estudantis de Camb\u00e9. As escolas vencedoras receberam os trof\u00e9us de suas modalidades e, consequentemente, com o t\u00edtulo, v\u00e3o representar o munic\u00edpio na fase regional dos Jogos Escolares do Paran\u00e1. [&hellip;]","og_url":"https:\/\/www.cambe.pr.gov.br\/index.php\/prefeitura-premia-os-campeoes-do-46o-jogos-estudantis-de-cambe\/","og_site_name":"Prefeitura de Camb\u00e9","article_publisher":"https:\/\/m.facebook.com\/prefeituradecambe","article_published_time":"2025-04-24T15:57:35+00:00","og_image":[{"width":2560,"height":1707,"url":"https:\/\/www.cambe.pr.gov.br\/wp-content\/uploads\/2025\/04\/Imagem-do-WhatsApp-de-2025-04-24-as-12.55.10_72745535-scaled-e1745510194586.jpg","type":"image\/jpeg"}],"author":"Vinicius Augusto Batista Eira","twitter_card":"summary_large_image","twitter_misc":{"Escrito por":"Vinicius Augusto Batista Eira","Est. tempo de leitura":"4 minutos"},"schema":{"@context":"https:\/\/schema.org","@graph":[{"@type":"Article","@id":"https:\/\/www.cambe.pr.gov.br\/index.php\/prefeitura-premia-os-campeoes-do-46o-jogos-estudantis-de-cambe\/#article","isPartOf":{"@id":"https:\/\/www.cambe.pr.gov.br\/index.php\/prefeitura-premia-os-campeoes-do-46o-jogos-estudantis-de-cambe\/"},"author":{"name":"Vinicius Augusto Batista Eira","@id":"https:\/\/www.cambe.pr.gov.br\/#\/schema\/person\/8e3ee69cb2cadf4b9f8377407227effd"},"headline":"Prefeitura premia os campe\u00f5es do 46\u00ba Jogos Estudantis de Camb\u00e9","datePublished":"2025-04-24T15:57:35+00:00","mainEntityOfPage":{"@id":"https:\/\/www.cambe.pr.gov.br\/index.php\/prefeitura-premia-os-campeoes-do-46o-jogos-estudantis-de-cambe\/"},"wordCount":689,"publisher":{"@id":"https:\/\/www.cambe.pr.gov.br\/#organization"},"image":{"@id":"https:\/\/www.cambe.pr.gov.br\/index.php\/prefeitura-premia-os-campeoes-do-46o-jogos-estudantis-de-cambe\/#primaryimage"},"thumbnailUrl":"https:\/\/www.cambe.pr.gov.br\/wp-content\/uploads\/2025\/04\/Imagem-do-WhatsApp-de-2025-04-24-as-12.55.10_72745535-scaled-e1745510194586-1024x683.jpg","articleSection":["Principal"],"inLanguage":"pt-BR"},{"@type":"WebPage","@id":"https:\/\/www.cambe.pr.gov.br\/index.php\/prefeitura-premia-os-campeoes-do-46o-jogos-estudantis-de-cambe\/","url":"https:\/\/www.cambe.pr.gov.br\/index.php\/prefeitura-premia-os-campeoes-do-46o-jogos-estudantis-de-cambe\/","name":"Prefeitura premia os campe\u00f5es do 46\u00ba Jogos Estudantis de Camb\u00e9 - Prefeitura de Camb\u00e9","isPartOf":{"@id":"https:\/\/www.cambe.pr.gov.br\/#website"},"primaryImageOfPage":{"@id":"https:\/\/www.cambe.pr.gov.br\/index.php\/prefeitura-premia-os-campeoes-do-46o-jogos-estudantis-de-cambe\/#primaryimage"},"image":{"@id":"https:\/\/www.cambe.pr.gov.br\/index.php\/prefeitura-premia-os-campeoes-do-46o-jogos-estudantis-de-cambe\/#primaryimage"},"thumbnailUrl":"https:\/\/www.cambe.pr.gov.br\/wp-content\/uploads\/2025\/04\/Imagem-do-WhatsApp-de-2025-04-24-as-12.55.10_72745535-scaled-e1745510194586-1024x683.jpg","datePublished":"2025-04-24T15:57:35+00:00","breadcrumb":{"@id":"https:\/\/www.cambe.pr.gov.br\/index.php\/prefeitura-premia-os-campeoes-do-46o-jogos-estudantis-de-cambe\/#breadcrumb"},"inLanguage":"pt-BR","potentialAction":[{"@type":"ReadAction","target":["https:\/\/www.cambe.pr.gov.br\/index.php\/prefeitura-premia-os-campeoes-do-46o-jogos-estudantis-de-cambe\/"]}]},{"@type":"ImageObject","inLanguage":"pt-BR","@id":"https:\/\/www.cambe.pr.gov.br\/index.php\/prefeitura-premia-os-campeoes-do-46o-jogos-estudantis-de-cambe\/#primaryimage","url":"https:\/\/www.cambe.pr.gov.br\/wp-content\/uploads\/2025\/04\/Imagem-do-WhatsApp-de-2025-04-24-as-12.55.10_72745535-scaled-e1745510194586.jpg","contentUrl":"https:\/\/www.cambe.pr.gov.br\/wp-content\/uploads\/2025\/04\/Imagem-do-WhatsApp-de-2025-04-24-as-12.55.10_72745535-scaled-e1745510194586.jpg","width":2560,"height":1707},{"@type":"BreadcrumbList","@id":"https:\/\/www.cambe.pr.gov.br\/index.php\/prefeitura-premia-os-campeoes-do-46o-jogos-estudantis-de-cambe\/#breadcrumb","itemListElement":[{"@type":"ListItem","position":1,"name":"In\u00edcio","item":"https:\/\/www.cambe.pr.gov.br\/"},{"@type":"ListItem","position":2,"name":"Prefeitura premia os campe\u00f5es do 46\u00ba Jogos Estudantis de Camb\u00e9"}]},{"@type":"WebSite","@id":"https:\/\/www.cambe.pr.gov.br\/#website","url":"https:\/\/www.cambe.pr.gov.br\/","name":"Prefeitura de Camb\u00e9","description":"UM GOVERNO PARA TODOS","publisher":{"@id":"https:\/\/www.cambe.pr.gov.br\/#organization"},"potentialAction":[{"@type":"SearchAction","target":{"@type":"EntryPoint","urlTemplate":"https:\/\/www.cambe.pr.gov.br\/?s={search_term_string}"},"query-input":{"@type":"PropertyValueSpecification","valueRequired":true,"valueName":"search_term_string"}}],"inLanguage":"pt-BR"},{"@type":"Organization","@id":"https:\/\/www.cambe.pr.gov.br\/#organization","name":"Prefeitura de Camb\u00e9","url":"https:\/\/www.cambe.pr.gov.br\/","logo":{"@type":"ImageObject","inLanguage":"pt-BR","@id":"https:\/\/www.cambe.pr.gov.br\/#\/schema\/logo\/image\/","url":"https:\/\/www.cambe.pr.gov.br\/wp-content\/uploads\/2021\/01\/cropped-cropped-cambe_brazao-icone.png","contentUrl":"https:\/\/www.cambe.pr.gov.br\/wp-content\/uploads\/2021\/01\/cropped-cropped-cambe_brazao-icone.png","width":240,"height":240,"caption":"Prefeitura de Camb\u00e9"},"image":{"@id":"https:\/\/www.cambe.pr.gov.br\/#\/schema\/logo\/image\/"},"sameAs":["https:\/\/m.facebook.com\/prefeituradecambe"]},{"@type":"Person","@id":"https:\/\/www.cambe.pr.gov.br\/#\/schema\/person\/8e3ee69cb2cadf4b9f8377407227effd","name":"Vinicius Augusto Batista Eira","image":{"@type":"ImageObject","inLanguage":"pt-BR","@id":"https:\/\/secure.gravatar.com\/avatar\/1ec500de7013b30e1d4d7c8c3978f0e4433c37e5d5e4cd186239369c6440122b?s=96&d=mm&r=g","url":"https:\/\/secure.gravatar.com\/avatar\/1ec500de7013b30e1d4d7c8c3978f0e4433c37e5d5e4cd186239369c6440122b?s=96&d=mm&r=g","contentUrl":"https:\/\/secure.gravatar.com\/avatar\/1ec500de7013b30e1d4d7c8c3978f0e4433c37e5d5e4cd186239369c6440122b?s=96&d=mm&r=g","caption":"Vinicius Augusto Batista Eira"},"url":"https:\/\/www.cambe.pr.gov.br\/index.php\/author\/vabeira\/"}]}},"_links":{"self":[{"href":"https:\/\/www.cambe.pr.gov.br\/index.php\/wp-json\/wp\/v2\/posts\/16699","targetHints":{"allow":["GET"]}}],"collection":[{"href":"https:\/\/www.cambe.pr.gov.br\/index.php\/wp-json\/wp\/v2\/posts"}],"about":[{"href":"https:\/\/www.cambe.pr.gov.br\/index.php\/wp-json\/wp\/v2\/types\/post"}],"author":[{"embeddable":true,"href":"https:\/\/www.cambe.pr.gov.br\/index.php\/wp-json\/wp\/v2\/users\/16"}],"replies":[{"embeddable":true,"href":"https:\/\/www.cambe.pr.gov.br\/index.php\/wp-json\/wp\/v2\/comments?post=16699"}],"version-history":[{"count":3,"href":"https:\/\/www.cambe.pr.gov.br\/index.php\/wp-json\/wp\/v2\/posts\/16699\/revisions"}],"predecessor-version":[{"id":16704,"href":"https:\/\/www.cambe.pr.gov.br\/index.php\/wp-json\/wp\/v2\/posts\/16699\/revisions\/16704"}],"wp:attachment":[{"href":"https:\/\/www.cambe.pr.gov.br\/index.php\/wp-json\/wp\/v2\/media?parent=16699"}],"wp:term":[{"taxonomy":"category","embeddable":true,"href":"https:\/\/www.cambe.pr.gov.br\/index.php\/wp-json\/wp\/v2\/categories?post=16699"},{"taxonomy":"post_tag","embeddable":true,"href":"https:\/\/www.cambe.pr.gov.br\/index.php\/wp-json\/wp\/v2\/tags?post=16699"}],"curies":[{"name":"wp","href":"https:\/\/api.w.org\/{rel}","templated":true}]}}