{"id":16487,"date":"2025-03-26T14:54:00","date_gmt":"2025-03-26T17:54:00","guid":{"rendered":"https:\/\/www.cambe.pr.gov.br\/?p=16487"},"modified":"2025-03-26T14:54:00","modified_gmt":"2025-03-26T17:54:00","slug":"prefeitura-recolhe-mais-de-400-toneladas-de-lixo-em-duas-semanas-de-mutirao-contra-a-dengue","status":"publish","type":"post","link":"https:\/\/www.cambe.pr.gov.br\/index.php\/prefeitura-recolhe-mais-de-400-toneladas-de-lixo-em-duas-semanas-de-mutirao-contra-a-dengue\/","title":{"rendered":"Prefeitura recolhe mais de 400 toneladas de lixo em duas semanas de mutir\u00e3o contra a dengue"},"content":{"rendered":"<p style=\"text-align: justify;\"><span style=\"font-weight: 400; font-family: arial, helvetica, sans-serif;\"><img fetchpriority=\"high\" decoding=\"async\" class=\"alignleft size-large wp-image-15409\" src=\"https:\/\/www.cambe.pr.gov.br\/wp-content\/uploads\/2024\/10\/DSC_0037-1024x678.jpg\" alt=\"\" width=\"610\" height=\"404\" srcset=\"https:\/\/www.cambe.pr.gov.br\/wp-content\/uploads\/2024\/10\/DSC_0037-1024x678.jpg 1024w, https:\/\/www.cambe.pr.gov.br\/wp-content\/uploads\/2024\/10\/DSC_0037-300x199.jpg 300w, https:\/\/www.cambe.pr.gov.br\/wp-content\/uploads\/2024\/10\/DSC_0037-768x509.jpg 768w, https:\/\/www.cambe.pr.gov.br\/wp-content\/uploads\/2024\/10\/DSC_0037-1536x1017.jpg 1536w, https:\/\/www.cambe.pr.gov.br\/wp-content\/uploads\/2024\/10\/DSC_0037-2048x1357.jpg 2048w\" sizes=\"(max-width: 610px) 100vw, 610px\" \/>A Prefeitura divulgou que nas \u00faltimas duas semanas recolheu 119 caminh\u00f5es, totalizando 417 toneladas de lixo, nos mutir\u00f5es de limpeza contra a dengue. O montante engloba somente as a\u00e7\u00f5es promovidas nas \u00e1reas de abrang\u00eancia do S\u00e3o Paulo, Santo Amaro, Silvino, Novo Bandeirantes e Algacyr Ferreira. Essa \u00e9 apenas uma das a\u00e7\u00f5es que a Secretaria Municipal de Sa\u00fade P\u00fablica vem fazendo para combater a doen\u00e7a em Camb\u00e9, al\u00e9m do pr\u00f3prio mutir\u00e3o, que j\u00e1 acontece novamente neste s\u00e1bado (29), no Jardim Ana Rosa.<\/span><\/p>\n<p style=\"text-align: justify;\"><span style=\"font-weight: 400; font-family: arial, helvetica, sans-serif;\">Por conta dos altos \u00edndices de dengue em toda a regi\u00e3o, incluindo Camb\u00e9, a Prefeitura vem adotando uma s\u00e9rie de a\u00e7\u00f5es de combate \u00e0 doen\u00e7a. Hoje o munic\u00edpio conta 2.920 notifica\u00e7\u00f5es, 285 casos confirmados e quatro \u00f3bitos em investiga\u00e7\u00e3o.<\/span><\/p>\n<p style=\"text-align: justify;\"><span style=\"font-weight: 400; font-family: arial, helvetica, sans-serif;\">Com isso, para auxiliar a popula\u00e7\u00e3o no combate \u00e0 doen\u00e7a e descarte de qualquer objeto que possa acumular \u00e1gua, a Prefeitura vem realizando os mutir\u00f5es de limpeza nas \u00e1reas de maior incid\u00eancia de dengue. A a\u00e7\u00e3o \u00e9 considerada a mais importante, j\u00e1 que elimina locais que possam vir a ser criadouros para o mosquito, evitando que o ciclo de reprodu\u00e7\u00e3o dele se inicie e o problema aumente, como explicou o diretor do Departamento de Vigil\u00e2ncia em Sa\u00fade Coletiva, Anderson Marquini.<\/span><\/p>\n<p style=\"text-align: justify;\"><span style=\"font-weight: 400; font-family: arial, helvetica, sans-serif;\">\u201cChama a aten\u00e7\u00e3o a quantidade de material recolhido, pois o fumace est\u00e1 passando somente em uma parte da cidade, e s\u00f3 dessa parte da cidade retiramos mais de 400 toneladas de inserv\u00edveis. E se voc\u00ea pensar que cada material acumulado pode virar um\u00a0 criadouro para mosquito, observamos que o problema hoje \u00e9 enorme\u201d.<\/span><\/p>\n<p style=\"text-align: justify;\"><span style=\"font-weight: 400; font-family: arial, helvetica, sans-serif;\">Al\u00e9m dos mutir\u00f5es, a Secretaria segue com a atua\u00e7\u00e3o dos Agentes de Combate \u00e0s Endemias nas casas; campanhas de conscientiza\u00e7\u00e3o; promoveu capacita\u00e7\u00e3o para m\u00e9dicos e enfermeiros da rede municipal de sa\u00fade; vacina\u00e7\u00e3o contra a dengue para crian\u00e7as e adolescentes de 10 a 14 anos; e tamb\u00e9m a aplica\u00e7\u00e3o do inseticida conhecido como fumac\u00ea nas regi\u00f5es de maior abrang\u00eancia.\u00a0<\/span><\/p>\n<p style=\"text-align: justify;\"><span style=\"font-weight: 400; font-family: arial, helvetica, sans-serif;\">\u201cA Prefeitura est\u00e1 fazendo a parte dela. No entanto, precisamos da ajuda de toda a popula\u00e7\u00e3o para que evitem \u00e1gua parada, limpem seus quintais e joguem fora tudo o que possa acumular \u00e1gua. N\u00e3o deixar o mosquito nascer \u00e9 a melhor forma de preven\u00e7\u00e3o. A UBV pesada, que conhecemos por fumac\u00ea, \u00e9 a \u00faltima op\u00e7\u00e3o que temos para tentar controlar a epidemia. E n\u00e3o adianta pensar que s\u00f3 porque o fumace est\u00e1 passando que tudo vai magicamente se resolver. \u00c9 important\u00edssimo que cada pessoa fa\u00e7a a sua parte e retire tudo o que possa acumular \u00e1gua\u201d, ressaltou Marquini.<\/span><\/p>\n<p>&nbsp;<\/p>\n<p style=\"text-align: justify;\"><strong><span style=\"font-family: arial, helvetica, sans-serif;\">Mutir\u00e3o no Ana Rosa<\/span><\/strong><\/p>\n<p style=\"text-align: justify;\"><span style=\"font-weight: 400; font-family: arial, helvetica, sans-serif;\">Para auxiliar a popula\u00e7\u00e3o a manter seu quintal limpo, a a\u00e7\u00e3o contra a dengue segue, e neste s\u00e1bado (29), o mutir\u00e3o de limpeza ser\u00e1 na regi\u00e3o do Ana Rosa. A partir das 7h, caminh\u00f5es e agentes estar\u00e3o nas ruas para recolher objetos em geral que possam acumular \u00e1gua, m\u00f3veis e madeiras. N\u00e3o s\u00e3o recolhidos galhos, folhas, entulhos ou materiais de constru\u00e7\u00e3o.<\/span><\/p>\n<p style=\"text-align: justify;\"><span style=\"font-weight: 400; font-family: arial, helvetica, sans-serif;\">O mutir\u00e3o acontece no Jardim Ana Rosa, Cidade Alta, Jos\u00e9 F\u00e1varo e Parque Industrial.<\/span><\/p>\n<p style=\"text-align: justify;\"><span style=\"font-weight: 400; font-family: arial, helvetica, sans-serif;\">A Secretaria Municipal de Sa\u00fade P\u00fablica ainda recomenda que os cambeenses da regi\u00e3o coloquem os itens permitidos nas cal\u00e7adas de suas casas ainda na noite anterior, j\u00e1 que o caminh\u00e3o j\u00e1 pode ter passado na rua se o morador deixar para fazer isso no s\u00e1bado. Em alguns casos h\u00e1 muito volume de lixo para recolher, e caso os agentes n\u00e3o consigam fazer a limpeza no dia do mutir\u00e3o, os caminh\u00f5es retornam durante a semana para fazer a coleta.<\/span><\/p>\n","protected":false},"excerpt":{"rendered":"<p>A Prefeitura divulgou que nas \u00faltimas duas semanas recolheu 119 caminh\u00f5es, totalizando 417 toneladas de lixo, nos mutir\u00f5es de limpeza contra a dengue. O montante engloba somente as a\u00e7\u00f5es promovidas nas \u00e1reas de abrang\u00eancia do S\u00e3o Paulo, Santo Amaro, Silvino, Novo Bandeirantes e Algacyr Ferreira. Essa \u00e9 apenas uma das a\u00e7\u00f5es que a Secretaria Municipal [&hellip;]<\/p>\n","protected":false},"author":16,"featured_media":0,"comment_status":"closed","ping_status":"closed","sticky":false,"template":"","format":"standard","meta":{"ngg_post_thumbnail":0,"footnotes":""},"categories":[1],"tags":[],"class_list":["post-16487","post","type-post","status-publish","format-standard","hentry","category-principal"],"yoast_head":"<!-- This site is optimized with the Yoast SEO plugin v27.4 - https:\/\/yoast.com\/product\/yoast-seo-wordpress\/ -->\n<title>Prefeitura recolhe mais de 400 toneladas de lixo em duas semanas de mutir\u00e3o contra a dengue - Prefeitura de Camb\u00e9<\/title>\n<meta name=\"robots\" content=\"index, follow, max-snippet:-1, max-image-preview:large, max-video-preview:-1\" \/>\n<link rel=\"canonical\" href=\"https:\/\/www.cambe.pr.gov.br\/index.php\/prefeitura-recolhe-mais-de-400-toneladas-de-lixo-em-duas-semanas-de-mutirao-contra-a-dengue\/\" \/>\n<meta property=\"og:locale\" content=\"pt_BR\" \/>\n<meta property=\"og:type\" content=\"article\" \/>\n<meta property=\"og:title\" content=\"Prefeitura recolhe mais de 400 toneladas de lixo em duas semanas de mutir\u00e3o contra a dengue - Prefeitura de Camb\u00e9\" \/>\n<meta property=\"og:description\" content=\"A Prefeitura divulgou que nas \u00faltimas duas semanas recolheu 119 caminh\u00f5es, totalizando 417 toneladas de lixo, nos mutir\u00f5es de limpeza contra a dengue. O montante engloba somente as a\u00e7\u00f5es promovidas nas \u00e1reas de abrang\u00eancia do S\u00e3o Paulo, Santo Amaro, Silvino, Novo Bandeirantes e Algacyr Ferreira. Essa \u00e9 apenas uma das a\u00e7\u00f5es que a Secretaria Municipal [&hellip;]\" \/>\n<meta property=\"og:url\" content=\"https:\/\/www.cambe.pr.gov.br\/index.php\/prefeitura-recolhe-mais-de-400-toneladas-de-lixo-em-duas-semanas-de-mutirao-contra-a-dengue\/\" \/>\n<meta property=\"og:site_name\" content=\"Prefeitura de Camb\u00e9\" \/>\n<meta property=\"article:publisher\" content=\"https:\/\/m.facebook.com\/prefeituradecambe\" \/>\n<meta property=\"article:published_time\" content=\"2025-03-26T17:54:00+00:00\" \/>\n<meta property=\"og:image\" content=\"https:\/\/www.cambe.pr.gov.br\/wp-content\/uploads\/2024\/10\/DSC_0037-1024x678.jpg\" \/>\n<meta name=\"author\" content=\"Vinicius Augusto Batista Eira\" \/>\n<meta name=\"twitter:card\" content=\"summary_large_image\" \/>\n<meta name=\"twitter:label1\" content=\"Escrito por\" \/>\n\t<meta name=\"twitter:data1\" content=\"Vinicius Augusto Batista Eira\" \/>\n\t<meta name=\"twitter:label2\" content=\"Est. tempo de leitura\" \/>\n\t<meta name=\"twitter:data2\" content=\"4 minutos\" \/>\n<script type=\"application\/ld+json\" class=\"yoast-schema-graph\">{\"@context\":\"https:\\\/\\\/schema.org\",\"@graph\":[{\"@type\":\"Article\",\"@id\":\"https:\\\/\\\/www.cambe.pr.gov.br\\\/index.php\\\/prefeitura-recolhe-mais-de-400-toneladas-de-lixo-em-duas-semanas-de-mutirao-contra-a-dengue\\\/#article\",\"isPartOf\":{\"@id\":\"https:\\\/\\\/www.cambe.pr.gov.br\\\/index.php\\\/prefeitura-recolhe-mais-de-400-toneladas-de-lixo-em-duas-semanas-de-mutirao-contra-a-dengue\\\/\"},\"author\":{\"name\":\"Vinicius Augusto Batista Eira\",\"@id\":\"https:\\\/\\\/www.cambe.pr.gov.br\\\/#\\\/schema\\\/person\\\/8e3ee69cb2cadf4b9f8377407227effd\"},\"headline\":\"Prefeitura recolhe mais de 400 toneladas de lixo em duas semanas de mutir\u00e3o contra a dengue\",\"datePublished\":\"2025-03-26T17:54:00+00:00\",\"mainEntityOfPage\":{\"@id\":\"https:\\\/\\\/www.cambe.pr.gov.br\\\/index.php\\\/prefeitura-recolhe-mais-de-400-toneladas-de-lixo-em-duas-semanas-de-mutirao-contra-a-dengue\\\/\"},\"wordCount\":639,\"publisher\":{\"@id\":\"https:\\\/\\\/www.cambe.pr.gov.br\\\/#organization\"},\"image\":{\"@id\":\"https:\\\/\\\/www.cambe.pr.gov.br\\\/index.php\\\/prefeitura-recolhe-mais-de-400-toneladas-de-lixo-em-duas-semanas-de-mutirao-contra-a-dengue\\\/#primaryimage\"},\"thumbnailUrl\":\"https:\\\/\\\/www.cambe.pr.gov.br\\\/wp-content\\\/uploads\\\/2024\\\/10\\\/DSC_0037-1024x678.jpg\",\"articleSection\":[\"Principal\"],\"inLanguage\":\"pt-BR\"},{\"@type\":\"WebPage\",\"@id\":\"https:\\\/\\\/www.cambe.pr.gov.br\\\/index.php\\\/prefeitura-recolhe-mais-de-400-toneladas-de-lixo-em-duas-semanas-de-mutirao-contra-a-dengue\\\/\",\"url\":\"https:\\\/\\\/www.cambe.pr.gov.br\\\/index.php\\\/prefeitura-recolhe-mais-de-400-toneladas-de-lixo-em-duas-semanas-de-mutirao-contra-a-dengue\\\/\",\"name\":\"Prefeitura recolhe mais de 400 toneladas de lixo em duas semanas de mutir\u00e3o contra a dengue - Prefeitura de Camb\u00e9\",\"isPartOf\":{\"@id\":\"https:\\\/\\\/www.cambe.pr.gov.br\\\/#website\"},\"primaryImageOfPage\":{\"@id\":\"https:\\\/\\\/www.cambe.pr.gov.br\\\/index.php\\\/prefeitura-recolhe-mais-de-400-toneladas-de-lixo-em-duas-semanas-de-mutirao-contra-a-dengue\\\/#primaryimage\"},\"image\":{\"@id\":\"https:\\\/\\\/www.cambe.pr.gov.br\\\/index.php\\\/prefeitura-recolhe-mais-de-400-toneladas-de-lixo-em-duas-semanas-de-mutirao-contra-a-dengue\\\/#primaryimage\"},\"thumbnailUrl\":\"https:\\\/\\\/www.cambe.pr.gov.br\\\/wp-content\\\/uploads\\\/2024\\\/10\\\/DSC_0037-1024x678.jpg\",\"datePublished\":\"2025-03-26T17:54:00+00:00\",\"breadcrumb\":{\"@id\":\"https:\\\/\\\/www.cambe.pr.gov.br\\\/index.php\\\/prefeitura-recolhe-mais-de-400-toneladas-de-lixo-em-duas-semanas-de-mutirao-contra-a-dengue\\\/#breadcrumb\"},\"inLanguage\":\"pt-BR\",\"potentialAction\":[{\"@type\":\"ReadAction\",\"target\":[\"https:\\\/\\\/www.cambe.pr.gov.br\\\/index.php\\\/prefeitura-recolhe-mais-de-400-toneladas-de-lixo-em-duas-semanas-de-mutirao-contra-a-dengue\\\/\"]}]},{\"@type\":\"ImageObject\",\"inLanguage\":\"pt-BR\",\"@id\":\"https:\\\/\\\/www.cambe.pr.gov.br\\\/index.php\\\/prefeitura-recolhe-mais-de-400-toneladas-de-lixo-em-duas-semanas-de-mutirao-contra-a-dengue\\\/#primaryimage\",\"url\":\"https:\\\/\\\/www.cambe.pr.gov.br\\\/wp-content\\\/uploads\\\/2024\\\/10\\\/DSC_0037-scaled.jpg\",\"contentUrl\":\"https:\\\/\\\/www.cambe.pr.gov.br\\\/wp-content\\\/uploads\\\/2024\\\/10\\\/DSC_0037-scaled.jpg\",\"width\":2560,\"height\":1696},{\"@type\":\"BreadcrumbList\",\"@id\":\"https:\\\/\\\/www.cambe.pr.gov.br\\\/index.php\\\/prefeitura-recolhe-mais-de-400-toneladas-de-lixo-em-duas-semanas-de-mutirao-contra-a-dengue\\\/#breadcrumb\",\"itemListElement\":[{\"@type\":\"ListItem\",\"position\":1,\"name\":\"In\u00edcio\",\"item\":\"https:\\\/\\\/www.cambe.pr.gov.br\\\/\"},{\"@type\":\"ListItem\",\"position\":2,\"name\":\"Prefeitura recolhe mais de 400 toneladas de lixo em duas semanas de mutir\u00e3o contra a dengue\"}]},{\"@type\":\"WebSite\",\"@id\":\"https:\\\/\\\/www.cambe.pr.gov.br\\\/#website\",\"url\":\"https:\\\/\\\/www.cambe.pr.gov.br\\\/\",\"name\":\"Prefeitura de Camb\u00e9\",\"description\":\"UM GOVERNO PARA TODOS\",\"publisher\":{\"@id\":\"https:\\\/\\\/www.cambe.pr.gov.br\\\/#organization\"},\"potentialAction\":[{\"@type\":\"SearchAction\",\"target\":{\"@type\":\"EntryPoint\",\"urlTemplate\":\"https:\\\/\\\/www.cambe.pr.gov.br\\\/?s={search_term_string}\"},\"query-input\":{\"@type\":\"PropertyValueSpecification\",\"valueRequired\":true,\"valueName\":\"search_term_string\"}}],\"inLanguage\":\"pt-BR\"},{\"@type\":\"Organization\",\"@id\":\"https:\\\/\\\/www.cambe.pr.gov.br\\\/#organization\",\"name\":\"Prefeitura de Camb\u00e9\",\"url\":\"https:\\\/\\\/www.cambe.pr.gov.br\\\/\",\"logo\":{\"@type\":\"ImageObject\",\"inLanguage\":\"pt-BR\",\"@id\":\"https:\\\/\\\/www.cambe.pr.gov.br\\\/#\\\/schema\\\/logo\\\/image\\\/\",\"url\":\"https:\\\/\\\/www.cambe.pr.gov.br\\\/wp-content\\\/uploads\\\/2021\\\/01\\\/cropped-cropped-cambe_brazao-icone.png\",\"contentUrl\":\"https:\\\/\\\/www.cambe.pr.gov.br\\\/wp-content\\\/uploads\\\/2021\\\/01\\\/cropped-cropped-cambe_brazao-icone.png\",\"width\":240,\"height\":240,\"caption\":\"Prefeitura de Camb\u00e9\"},\"image\":{\"@id\":\"https:\\\/\\\/www.cambe.pr.gov.br\\\/#\\\/schema\\\/logo\\\/image\\\/\"},\"sameAs\":[\"https:\\\/\\\/m.facebook.com\\\/prefeituradecambe\"]},{\"@type\":\"Person\",\"@id\":\"https:\\\/\\\/www.cambe.pr.gov.br\\\/#\\\/schema\\\/person\\\/8e3ee69cb2cadf4b9f8377407227effd\",\"name\":\"Vinicius Augusto Batista Eira\",\"image\":{\"@type\":\"ImageObject\",\"inLanguage\":\"pt-BR\",\"@id\":\"https:\\\/\\\/secure.gravatar.com\\\/avatar\\\/1ec500de7013b30e1d4d7c8c3978f0e4433c37e5d5e4cd186239369c6440122b?s=96&d=mm&r=g\",\"url\":\"https:\\\/\\\/secure.gravatar.com\\\/avatar\\\/1ec500de7013b30e1d4d7c8c3978f0e4433c37e5d5e4cd186239369c6440122b?s=96&d=mm&r=g\",\"contentUrl\":\"https:\\\/\\\/secure.gravatar.com\\\/avatar\\\/1ec500de7013b30e1d4d7c8c3978f0e4433c37e5d5e4cd186239369c6440122b?s=96&d=mm&r=g\",\"caption\":\"Vinicius Augusto Batista Eira\"},\"url\":\"https:\\\/\\\/www.cambe.pr.gov.br\\\/index.php\\\/author\\\/vabeira\\\/\"}]}<\/script>\n<!-- \/ Yoast SEO plugin. -->","yoast_head_json":{"title":"Prefeitura recolhe mais de 400 toneladas de lixo em duas semanas de mutir\u00e3o contra a dengue - Prefeitura de Camb\u00e9","robots":{"index":"index","follow":"follow","max-snippet":"max-snippet:-1","max-image-preview":"max-image-preview:large","max-video-preview":"max-video-preview:-1"},"canonical":"https:\/\/www.cambe.pr.gov.br\/index.php\/prefeitura-recolhe-mais-de-400-toneladas-de-lixo-em-duas-semanas-de-mutirao-contra-a-dengue\/","og_locale":"pt_BR","og_type":"article","og_title":"Prefeitura recolhe mais de 400 toneladas de lixo em duas semanas de mutir\u00e3o contra a dengue - Prefeitura de Camb\u00e9","og_description":"A Prefeitura divulgou que nas \u00faltimas duas semanas recolheu 119 caminh\u00f5es, totalizando 417 toneladas de lixo, nos mutir\u00f5es de limpeza contra a dengue. O montante engloba somente as a\u00e7\u00f5es promovidas nas \u00e1reas de abrang\u00eancia do S\u00e3o Paulo, Santo Amaro, Silvino, Novo Bandeirantes e Algacyr Ferreira. Essa \u00e9 apenas uma das a\u00e7\u00f5es que a Secretaria Municipal [&hellip;]","og_url":"https:\/\/www.cambe.pr.gov.br\/index.php\/prefeitura-recolhe-mais-de-400-toneladas-de-lixo-em-duas-semanas-de-mutirao-contra-a-dengue\/","og_site_name":"Prefeitura de Camb\u00e9","article_publisher":"https:\/\/m.facebook.com\/prefeituradecambe","article_published_time":"2025-03-26T17:54:00+00:00","og_image":[{"url":"https:\/\/www.cambe.pr.gov.br\/wp-content\/uploads\/2024\/10\/DSC_0037-1024x678.jpg","type":"","width":"","height":""}],"author":"Vinicius Augusto Batista Eira","twitter_card":"summary_large_image","twitter_misc":{"Escrito por":"Vinicius Augusto Batista Eira","Est. tempo de leitura":"4 minutos"},"schema":{"@context":"https:\/\/schema.org","@graph":[{"@type":"Article","@id":"https:\/\/www.cambe.pr.gov.br\/index.php\/prefeitura-recolhe-mais-de-400-toneladas-de-lixo-em-duas-semanas-de-mutirao-contra-a-dengue\/#article","isPartOf":{"@id":"https:\/\/www.cambe.pr.gov.br\/index.php\/prefeitura-recolhe-mais-de-400-toneladas-de-lixo-em-duas-semanas-de-mutirao-contra-a-dengue\/"},"author":{"name":"Vinicius Augusto Batista Eira","@id":"https:\/\/www.cambe.pr.gov.br\/#\/schema\/person\/8e3ee69cb2cadf4b9f8377407227effd"},"headline":"Prefeitura recolhe mais de 400 toneladas de lixo em duas semanas de mutir\u00e3o contra a dengue","datePublished":"2025-03-26T17:54:00+00:00","mainEntityOfPage":{"@id":"https:\/\/www.cambe.pr.gov.br\/index.php\/prefeitura-recolhe-mais-de-400-toneladas-de-lixo-em-duas-semanas-de-mutirao-contra-a-dengue\/"},"wordCount":639,"publisher":{"@id":"https:\/\/www.cambe.pr.gov.br\/#organization"},"image":{"@id":"https:\/\/www.cambe.pr.gov.br\/index.php\/prefeitura-recolhe-mais-de-400-toneladas-de-lixo-em-duas-semanas-de-mutirao-contra-a-dengue\/#primaryimage"},"thumbnailUrl":"https:\/\/www.cambe.pr.gov.br\/wp-content\/uploads\/2024\/10\/DSC_0037-1024x678.jpg","articleSection":["Principal"],"inLanguage":"pt-BR"},{"@type":"WebPage","@id":"https:\/\/www.cambe.pr.gov.br\/index.php\/prefeitura-recolhe-mais-de-400-toneladas-de-lixo-em-duas-semanas-de-mutirao-contra-a-dengue\/","url":"https:\/\/www.cambe.pr.gov.br\/index.php\/prefeitura-recolhe-mais-de-400-toneladas-de-lixo-em-duas-semanas-de-mutirao-contra-a-dengue\/","name":"Prefeitura recolhe mais de 400 toneladas de lixo em duas semanas de mutir\u00e3o contra a dengue - Prefeitura de Camb\u00e9","isPartOf":{"@id":"https:\/\/www.cambe.pr.gov.br\/#website"},"primaryImageOfPage":{"@id":"https:\/\/www.cambe.pr.gov.br\/index.php\/prefeitura-recolhe-mais-de-400-toneladas-de-lixo-em-duas-semanas-de-mutirao-contra-a-dengue\/#primaryimage"},"image":{"@id":"https:\/\/www.cambe.pr.gov.br\/index.php\/prefeitura-recolhe-mais-de-400-toneladas-de-lixo-em-duas-semanas-de-mutirao-contra-a-dengue\/#primaryimage"},"thumbnailUrl":"https:\/\/www.cambe.pr.gov.br\/wp-content\/uploads\/2024\/10\/DSC_0037-1024x678.jpg","datePublished":"2025-03-26T17:54:00+00:00","breadcrumb":{"@id":"https:\/\/www.cambe.pr.gov.br\/index.php\/prefeitura-recolhe-mais-de-400-toneladas-de-lixo-em-duas-semanas-de-mutirao-contra-a-dengue\/#breadcrumb"},"inLanguage":"pt-BR","potentialAction":[{"@type":"ReadAction","target":["https:\/\/www.cambe.pr.gov.br\/index.php\/prefeitura-recolhe-mais-de-400-toneladas-de-lixo-em-duas-semanas-de-mutirao-contra-a-dengue\/"]}]},{"@type":"ImageObject","inLanguage":"pt-BR","@id":"https:\/\/www.cambe.pr.gov.br\/index.php\/prefeitura-recolhe-mais-de-400-toneladas-de-lixo-em-duas-semanas-de-mutirao-contra-a-dengue\/#primaryimage","url":"https:\/\/www.cambe.pr.gov.br\/wp-content\/uploads\/2024\/10\/DSC_0037-scaled.jpg","contentUrl":"https:\/\/www.cambe.pr.gov.br\/wp-content\/uploads\/2024\/10\/DSC_0037-scaled.jpg","width":2560,"height":1696},{"@type":"BreadcrumbList","@id":"https:\/\/www.cambe.pr.gov.br\/index.php\/prefeitura-recolhe-mais-de-400-toneladas-de-lixo-em-duas-semanas-de-mutirao-contra-a-dengue\/#breadcrumb","itemListElement":[{"@type":"ListItem","position":1,"name":"In\u00edcio","item":"https:\/\/www.cambe.pr.gov.br\/"},{"@type":"ListItem","position":2,"name":"Prefeitura recolhe mais de 400 toneladas de lixo em duas semanas de mutir\u00e3o contra a dengue"}]},{"@type":"WebSite","@id":"https:\/\/www.cambe.pr.gov.br\/#website","url":"https:\/\/www.cambe.pr.gov.br\/","name":"Prefeitura de Camb\u00e9","description":"UM GOVERNO PARA TODOS","publisher":{"@id":"https:\/\/www.cambe.pr.gov.br\/#organization"},"potentialAction":[{"@type":"SearchAction","target":{"@type":"EntryPoint","urlTemplate":"https:\/\/www.cambe.pr.gov.br\/?s={search_term_string}"},"query-input":{"@type":"PropertyValueSpecification","valueRequired":true,"valueName":"search_term_string"}}],"inLanguage":"pt-BR"},{"@type":"Organization","@id":"https:\/\/www.cambe.pr.gov.br\/#organization","name":"Prefeitura de Camb\u00e9","url":"https:\/\/www.cambe.pr.gov.br\/","logo":{"@type":"ImageObject","inLanguage":"pt-BR","@id":"https:\/\/www.cambe.pr.gov.br\/#\/schema\/logo\/image\/","url":"https:\/\/www.cambe.pr.gov.br\/wp-content\/uploads\/2021\/01\/cropped-cropped-cambe_brazao-icone.png","contentUrl":"https:\/\/www.cambe.pr.gov.br\/wp-content\/uploads\/2021\/01\/cropped-cropped-cambe_brazao-icone.png","width":240,"height":240,"caption":"Prefeitura de Camb\u00e9"},"image":{"@id":"https:\/\/www.cambe.pr.gov.br\/#\/schema\/logo\/image\/"},"sameAs":["https:\/\/m.facebook.com\/prefeituradecambe"]},{"@type":"Person","@id":"https:\/\/www.cambe.pr.gov.br\/#\/schema\/person\/8e3ee69cb2cadf4b9f8377407227effd","name":"Vinicius Augusto Batista Eira","image":{"@type":"ImageObject","inLanguage":"pt-BR","@id":"https:\/\/secure.gravatar.com\/avatar\/1ec500de7013b30e1d4d7c8c3978f0e4433c37e5d5e4cd186239369c6440122b?s=96&d=mm&r=g","url":"https:\/\/secure.gravatar.com\/avatar\/1ec500de7013b30e1d4d7c8c3978f0e4433c37e5d5e4cd186239369c6440122b?s=96&d=mm&r=g","contentUrl":"https:\/\/secure.gravatar.com\/avatar\/1ec500de7013b30e1d4d7c8c3978f0e4433c37e5d5e4cd186239369c6440122b?s=96&d=mm&r=g","caption":"Vinicius Augusto Batista Eira"},"url":"https:\/\/www.cambe.pr.gov.br\/index.php\/author\/vabeira\/"}]}},"_links":{"self":[{"href":"https:\/\/www.cambe.pr.gov.br\/index.php\/wp-json\/wp\/v2\/posts\/16487","targetHints":{"allow":["GET"]}}],"collection":[{"href":"https:\/\/www.cambe.pr.gov.br\/index.php\/wp-json\/wp\/v2\/posts"}],"about":[{"href":"https:\/\/www.cambe.pr.gov.br\/index.php\/wp-json\/wp\/v2\/types\/post"}],"author":[{"embeddable":true,"href":"https:\/\/www.cambe.pr.gov.br\/index.php\/wp-json\/wp\/v2\/users\/16"}],"replies":[{"embeddable":true,"href":"https:\/\/www.cambe.pr.gov.br\/index.php\/wp-json\/wp\/v2\/comments?post=16487"}],"version-history":[{"count":1,"href":"https:\/\/www.cambe.pr.gov.br\/index.php\/wp-json\/wp\/v2\/posts\/16487\/revisions"}],"predecessor-version":[{"id":16488,"href":"https:\/\/www.cambe.pr.gov.br\/index.php\/wp-json\/wp\/v2\/posts\/16487\/revisions\/16488"}],"wp:attachment":[{"href":"https:\/\/www.cambe.pr.gov.br\/index.php\/wp-json\/wp\/v2\/media?parent=16487"}],"wp:term":[{"taxonomy":"category","embeddable":true,"href":"https:\/\/www.cambe.pr.gov.br\/index.php\/wp-json\/wp\/v2\/categories?post=16487"},{"taxonomy":"post_tag","embeddable":true,"href":"https:\/\/www.cambe.pr.gov.br\/index.php\/wp-json\/wp\/v2\/tags?post=16487"}],"curies":[{"name":"wp","href":"https:\/\/api.w.org\/{rel}","templated":true}]}}