{"id":16471,"date":"2025-03-25T16:22:45","date_gmt":"2025-03-25T19:22:45","guid":{"rendered":"https:\/\/www.cambe.pr.gov.br\/?p=16471"},"modified":"2025-03-25T16:22:45","modified_gmt":"2025-03-25T19:22:45","slug":"secretarias-de-assistencia-social-da-regiao-se-reunem-para-discutir-politicas-para-a-populacao-de-rua","status":"publish","type":"post","link":"https:\/\/www.cambe.pr.gov.br\/index.php\/secretarias-de-assistencia-social-da-regiao-se-reunem-para-discutir-politicas-para-a-populacao-de-rua\/","title":{"rendered":"Secretarias de Assist\u00eancia Social da regi\u00e3o se re\u00fanem para discutir pol\u00edticas para a popula\u00e7\u00e3o de rua"},"content":{"rendered":"<p style=\"text-align: justify;\"><span style=\"font-weight: 400; font-family: arial, helvetica, sans-serif;\"><img fetchpriority=\"high\" decoding=\"async\" class=\"alignleft wp-image-16473 size-large\" src=\"https:\/\/www.cambe.pr.gov.br\/wp-content\/uploads\/2025\/03\/Imagem-do-WhatsApp-de-2025-03-25-as-16.20.57_e7825010-1024x768.jpg\" alt=\"\" width=\"610\" height=\"458\" srcset=\"https:\/\/www.cambe.pr.gov.br\/wp-content\/uploads\/2025\/03\/Imagem-do-WhatsApp-de-2025-03-25-as-16.20.57_e7825010-1024x768.jpg 1024w, https:\/\/www.cambe.pr.gov.br\/wp-content\/uploads\/2025\/03\/Imagem-do-WhatsApp-de-2025-03-25-as-16.20.57_e7825010-300x225.jpg 300w, https:\/\/www.cambe.pr.gov.br\/wp-content\/uploads\/2025\/03\/Imagem-do-WhatsApp-de-2025-03-25-as-16.20.57_e7825010-768x576.jpg 768w, https:\/\/www.cambe.pr.gov.br\/wp-content\/uploads\/2025\/03\/Imagem-do-WhatsApp-de-2025-03-25-as-16.20.57_e7825010-400x300.jpg 400w, https:\/\/www.cambe.pr.gov.br\/wp-content\/uploads\/2025\/03\/Imagem-do-WhatsApp-de-2025-03-25-as-16.20.57_e7825010.jpg 1115w\" sizes=\"(max-width: 610px) 100vw, 610px\" \/>Na tarde desta ter\u00e7a-feira (25), as secret\u00e1rias de Assist\u00eancia Social dos seis maiores munic\u00edpios da regi\u00e3o se reuniram em Camb\u00e9 para discutir a\u00e7\u00f5es conjuntas para pessoas em situa\u00e7\u00e3o de rua. O primeiro encontro serviu para dar um pontap\u00e9 inicial na padroniza\u00e7\u00e3o de a\u00e7\u00f5es futuras, evitando a migra\u00e7\u00e3o de problemas e focando na regionaliza\u00e7\u00e3o das solu\u00e7\u00f5es.<\/span><\/p>\n<p style=\"text-align: justify;\"><span style=\"font-weight: 400; font-family: arial, helvetica, sans-serif;\">Participaram do encontro a secret\u00e1ria de Camb\u00e9, Fl\u00e1via Iwakura; a secret\u00e1ria de Apucarana, Fab\u00edola Cristina Carrero; a secret\u00e1ria de Arapongas, Marisa Bazana; a secret\u00e1ria de Ibipor\u00e3, Ester Rosana de Moura da Costa; a secret\u00e1ria de Londrina, Marisol Chiesa; e a secret\u00e1ria de Rol\u00e2ndia, Michele da Silva Pereira.<\/span><\/p>\n<p style=\"text-align: justify;\"><span style=\"font-weight: 400; font-family: arial, helvetica, sans-serif;\">A secret\u00e1ria de Camb\u00e9 explicou que o objetivo principal \u00e9 reunir os munic\u00edpios porque esse \u00e9 um problema de todos e a solu\u00e7\u00e3o tamb\u00e9m precisa ser tratada conjuntamente. Com isso, as secret\u00e1rias trocaram boas pr\u00e1ticas de gest\u00e3o e puderam entender o que vem sendo feito positivamente em cada munic\u00edpio, ressaltando ser uma situa\u00e7\u00e3o muito importante e a regi\u00e3o se preocupa com a popula\u00e7\u00e3o em situa\u00e7\u00e3o de rua.<\/span><\/p>\n<p style=\"text-align: justify;\"><span style=\"font-weight: 400; font-family: arial, helvetica, sans-serif;\">\u201cA gente quer evitar a migra\u00e7\u00e3o de problemas e regionalizar as solu\u00e7\u00f5es. Sabemos que a popula\u00e7\u00e3o de rua, a maioria s\u00e3o trecheiros, que ficam andando entre esses munic\u00edpios. Dessa forma, a gente n\u00e3o supera a situa\u00e7\u00e3o deles. Essa \u00e9 uma situa\u00e7\u00e3o que vai continuar, cr\u00f4nico, n\u00e3o se elimina, mas as pessoas precisam entender que existe um trabalho sendo feito. Ent\u00e3o, a gente se re\u00fane para pensar em conjunto uma solu\u00e7\u00e3o que venha de fato amenizar o problema. Pensar em solu\u00e7\u00f5es\u201d, ressaltou Iwakura.<\/span><\/p>\n<p style=\"text-align: justify;\"><span style=\"font-weight: 400; font-family: arial, helvetica, sans-serif;\">Esse \u00e9 o primeiro encontro do grupo, que deve se reunir novamente para tratar tanto de moradores em situa\u00e7\u00e3o de rua, como de outros assuntos em comum. \u201cTudo que envolve a pol\u00edtica de assist\u00eancia, concess\u00e3o dos benef\u00edcios, transfer\u00eancia de renda, seja do governo federal, estadual, as quest\u00f5es municipais, enfim. Vamos buscar trazer as boas pr\u00e1ticas de cada munic\u00edpio para somar aqui e regionalizar as solu\u00e7\u00f5es mesmo. A pol\u00edtica de assist\u00eancia \u00e9 um direito, n\u00e3o um favor. E \u00e9 isso que a gente precisa levar. Que a assist\u00eancia \u00e9 muito mais do que a cesta b\u00e1sica ou a popula\u00e7\u00e3o de rua, mas a concess\u00e3o de direitos e acesso \u00e0s pessoas que t\u00eam alguma forma de viola\u00e7\u00e3o de direito.\u201d<\/span><\/p>\n","protected":false},"excerpt":{"rendered":"<p>Na tarde desta ter\u00e7a-feira (25), as secret\u00e1rias de Assist\u00eancia Social dos seis maiores munic\u00edpios da regi\u00e3o se reuniram em Camb\u00e9 para discutir a\u00e7\u00f5es conjuntas para pessoas em situa\u00e7\u00e3o de rua. O primeiro encontro serviu para dar um pontap\u00e9 inicial na padroniza\u00e7\u00e3o de a\u00e7\u00f5es futuras, evitando a migra\u00e7\u00e3o de problemas e focando na regionaliza\u00e7\u00e3o das solu\u00e7\u00f5es. [&hellip;]<\/p>\n","protected":false},"author":16,"featured_media":0,"comment_status":"closed","ping_status":"closed","sticky":false,"template":"","format":"standard","meta":{"ngg_post_thumbnail":0,"footnotes":""},"categories":[1],"tags":[],"class_list":["post-16471","post","type-post","status-publish","format-standard","hentry","category-principal"],"yoast_head":"<!-- This site is optimized with the Yoast SEO plugin v27.4 - https:\/\/yoast.com\/product\/yoast-seo-wordpress\/ -->\n<title>Secretarias de Assist\u00eancia Social da regi\u00e3o se re\u00fanem para discutir pol\u00edticas para a popula\u00e7\u00e3o de rua - Prefeitura de Camb\u00e9<\/title>\n<meta name=\"robots\" content=\"index, follow, max-snippet:-1, max-image-preview:large, max-video-preview:-1\" \/>\n<link rel=\"canonical\" href=\"https:\/\/www.cambe.pr.gov.br\/index.php\/secretarias-de-assistencia-social-da-regiao-se-reunem-para-discutir-politicas-para-a-populacao-de-rua\/\" \/>\n<meta property=\"og:locale\" content=\"pt_BR\" \/>\n<meta property=\"og:type\" content=\"article\" \/>\n<meta property=\"og:title\" content=\"Secretarias de Assist\u00eancia Social da regi\u00e3o se re\u00fanem para discutir pol\u00edticas para a popula\u00e7\u00e3o de rua - Prefeitura de Camb\u00e9\" \/>\n<meta property=\"og:description\" content=\"Na tarde desta ter\u00e7a-feira (25), as secret\u00e1rias de Assist\u00eancia Social dos seis maiores munic\u00edpios da regi\u00e3o se reuniram em Camb\u00e9 para discutir a\u00e7\u00f5es conjuntas para pessoas em situa\u00e7\u00e3o de rua. O primeiro encontro serviu para dar um pontap\u00e9 inicial na padroniza\u00e7\u00e3o de a\u00e7\u00f5es futuras, evitando a migra\u00e7\u00e3o de problemas e focando na regionaliza\u00e7\u00e3o das solu\u00e7\u00f5es. [&hellip;]\" \/>\n<meta property=\"og:url\" content=\"https:\/\/www.cambe.pr.gov.br\/index.php\/secretarias-de-assistencia-social-da-regiao-se-reunem-para-discutir-politicas-para-a-populacao-de-rua\/\" \/>\n<meta property=\"og:site_name\" content=\"Prefeitura de Camb\u00e9\" \/>\n<meta property=\"article:publisher\" content=\"https:\/\/m.facebook.com\/prefeituradecambe\" \/>\n<meta property=\"article:published_time\" content=\"2025-03-25T19:22:45+00:00\" \/>\n<meta property=\"og:image\" content=\"https:\/\/www.cambe.pr.gov.br\/wp-content\/uploads\/2025\/03\/Imagem-do-WhatsApp-de-2025-03-25-as-16.20.57_e7825010-1024x768.jpg\" \/>\n<meta name=\"author\" content=\"Vinicius Augusto Batista Eira\" \/>\n<meta name=\"twitter:card\" content=\"summary_large_image\" \/>\n<meta name=\"twitter:label1\" content=\"Escrito por\" \/>\n\t<meta name=\"twitter:data1\" content=\"Vinicius Augusto Batista Eira\" \/>\n\t<meta name=\"twitter:label2\" content=\"Est. tempo de leitura\" \/>\n\t<meta name=\"twitter:data2\" content=\"3 minutos\" \/>\n<script type=\"application\/ld+json\" class=\"yoast-schema-graph\">{\"@context\":\"https:\\\/\\\/schema.org\",\"@graph\":[{\"@type\":\"Article\",\"@id\":\"https:\\\/\\\/www.cambe.pr.gov.br\\\/index.php\\\/secretarias-de-assistencia-social-da-regiao-se-reunem-para-discutir-politicas-para-a-populacao-de-rua\\\/#article\",\"isPartOf\":{\"@id\":\"https:\\\/\\\/www.cambe.pr.gov.br\\\/index.php\\\/secretarias-de-assistencia-social-da-regiao-se-reunem-para-discutir-politicas-para-a-populacao-de-rua\\\/\"},\"author\":{\"name\":\"Vinicius Augusto Batista Eira\",\"@id\":\"https:\\\/\\\/www.cambe.pr.gov.br\\\/#\\\/schema\\\/person\\\/8e3ee69cb2cadf4b9f8377407227effd\"},\"headline\":\"Secretarias de Assist\u00eancia Social da regi\u00e3o se re\u00fanem para discutir pol\u00edticas para a popula\u00e7\u00e3o de rua\",\"datePublished\":\"2025-03-25T19:22:45+00:00\",\"mainEntityOfPage\":{\"@id\":\"https:\\\/\\\/www.cambe.pr.gov.br\\\/index.php\\\/secretarias-de-assistencia-social-da-regiao-se-reunem-para-discutir-politicas-para-a-populacao-de-rua\\\/\"},\"wordCount\":447,\"publisher\":{\"@id\":\"https:\\\/\\\/www.cambe.pr.gov.br\\\/#organization\"},\"image\":{\"@id\":\"https:\\\/\\\/www.cambe.pr.gov.br\\\/index.php\\\/secretarias-de-assistencia-social-da-regiao-se-reunem-para-discutir-politicas-para-a-populacao-de-rua\\\/#primaryimage\"},\"thumbnailUrl\":\"https:\\\/\\\/www.cambe.pr.gov.br\\\/wp-content\\\/uploads\\\/2025\\\/03\\\/Imagem-do-WhatsApp-de-2025-03-25-as-16.20.57_e7825010-1024x768.jpg\",\"articleSection\":[\"Principal\"],\"inLanguage\":\"pt-BR\"},{\"@type\":\"WebPage\",\"@id\":\"https:\\\/\\\/www.cambe.pr.gov.br\\\/index.php\\\/secretarias-de-assistencia-social-da-regiao-se-reunem-para-discutir-politicas-para-a-populacao-de-rua\\\/\",\"url\":\"https:\\\/\\\/www.cambe.pr.gov.br\\\/index.php\\\/secretarias-de-assistencia-social-da-regiao-se-reunem-para-discutir-politicas-para-a-populacao-de-rua\\\/\",\"name\":\"Secretarias de Assist\u00eancia Social da regi\u00e3o se re\u00fanem para discutir pol\u00edticas para a popula\u00e7\u00e3o de rua - Prefeitura de Camb\u00e9\",\"isPartOf\":{\"@id\":\"https:\\\/\\\/www.cambe.pr.gov.br\\\/#website\"},\"primaryImageOfPage\":{\"@id\":\"https:\\\/\\\/www.cambe.pr.gov.br\\\/index.php\\\/secretarias-de-assistencia-social-da-regiao-se-reunem-para-discutir-politicas-para-a-populacao-de-rua\\\/#primaryimage\"},\"image\":{\"@id\":\"https:\\\/\\\/www.cambe.pr.gov.br\\\/index.php\\\/secretarias-de-assistencia-social-da-regiao-se-reunem-para-discutir-politicas-para-a-populacao-de-rua\\\/#primaryimage\"},\"thumbnailUrl\":\"https:\\\/\\\/www.cambe.pr.gov.br\\\/wp-content\\\/uploads\\\/2025\\\/03\\\/Imagem-do-WhatsApp-de-2025-03-25-as-16.20.57_e7825010-1024x768.jpg\",\"datePublished\":\"2025-03-25T19:22:45+00:00\",\"breadcrumb\":{\"@id\":\"https:\\\/\\\/www.cambe.pr.gov.br\\\/index.php\\\/secretarias-de-assistencia-social-da-regiao-se-reunem-para-discutir-politicas-para-a-populacao-de-rua\\\/#breadcrumb\"},\"inLanguage\":\"pt-BR\",\"potentialAction\":[{\"@type\":\"ReadAction\",\"target\":[\"https:\\\/\\\/www.cambe.pr.gov.br\\\/index.php\\\/secretarias-de-assistencia-social-da-regiao-se-reunem-para-discutir-politicas-para-a-populacao-de-rua\\\/\"]}]},{\"@type\":\"ImageObject\",\"inLanguage\":\"pt-BR\",\"@id\":\"https:\\\/\\\/www.cambe.pr.gov.br\\\/index.php\\\/secretarias-de-assistencia-social-da-regiao-se-reunem-para-discutir-politicas-para-a-populacao-de-rua\\\/#primaryimage\",\"url\":\"https:\\\/\\\/www.cambe.pr.gov.br\\\/wp-content\\\/uploads\\\/2025\\\/03\\\/Imagem-do-WhatsApp-de-2025-03-25-as-16.20.57_e7825010.jpg\",\"contentUrl\":\"https:\\\/\\\/www.cambe.pr.gov.br\\\/wp-content\\\/uploads\\\/2025\\\/03\\\/Imagem-do-WhatsApp-de-2025-03-25-as-16.20.57_e7825010.jpg\",\"width\":1115,\"height\":836},{\"@type\":\"BreadcrumbList\",\"@id\":\"https:\\\/\\\/www.cambe.pr.gov.br\\\/index.php\\\/secretarias-de-assistencia-social-da-regiao-se-reunem-para-discutir-politicas-para-a-populacao-de-rua\\\/#breadcrumb\",\"itemListElement\":[{\"@type\":\"ListItem\",\"position\":1,\"name\":\"In\u00edcio\",\"item\":\"https:\\\/\\\/www.cambe.pr.gov.br\\\/\"},{\"@type\":\"ListItem\",\"position\":2,\"name\":\"Secretarias de Assist\u00eancia Social da regi\u00e3o se re\u00fanem para discutir pol\u00edticas para a popula\u00e7\u00e3o de rua\"}]},{\"@type\":\"WebSite\",\"@id\":\"https:\\\/\\\/www.cambe.pr.gov.br\\\/#website\",\"url\":\"https:\\\/\\\/www.cambe.pr.gov.br\\\/\",\"name\":\"Prefeitura de Camb\u00e9\",\"description\":\"UM GOVERNO PARA TODOS\",\"publisher\":{\"@id\":\"https:\\\/\\\/www.cambe.pr.gov.br\\\/#organization\"},\"potentialAction\":[{\"@type\":\"SearchAction\",\"target\":{\"@type\":\"EntryPoint\",\"urlTemplate\":\"https:\\\/\\\/www.cambe.pr.gov.br\\\/?s={search_term_string}\"},\"query-input\":{\"@type\":\"PropertyValueSpecification\",\"valueRequired\":true,\"valueName\":\"search_term_string\"}}],\"inLanguage\":\"pt-BR\"},{\"@type\":\"Organization\",\"@id\":\"https:\\\/\\\/www.cambe.pr.gov.br\\\/#organization\",\"name\":\"Prefeitura de Camb\u00e9\",\"url\":\"https:\\\/\\\/www.cambe.pr.gov.br\\\/\",\"logo\":{\"@type\":\"ImageObject\",\"inLanguage\":\"pt-BR\",\"@id\":\"https:\\\/\\\/www.cambe.pr.gov.br\\\/#\\\/schema\\\/logo\\\/image\\\/\",\"url\":\"https:\\\/\\\/www.cambe.pr.gov.br\\\/wp-content\\\/uploads\\\/2021\\\/01\\\/cropped-cropped-cambe_brazao-icone.png\",\"contentUrl\":\"https:\\\/\\\/www.cambe.pr.gov.br\\\/wp-content\\\/uploads\\\/2021\\\/01\\\/cropped-cropped-cambe_brazao-icone.png\",\"width\":240,\"height\":240,\"caption\":\"Prefeitura de Camb\u00e9\"},\"image\":{\"@id\":\"https:\\\/\\\/www.cambe.pr.gov.br\\\/#\\\/schema\\\/logo\\\/image\\\/\"},\"sameAs\":[\"https:\\\/\\\/m.facebook.com\\\/prefeituradecambe\"]},{\"@type\":\"Person\",\"@id\":\"https:\\\/\\\/www.cambe.pr.gov.br\\\/#\\\/schema\\\/person\\\/8e3ee69cb2cadf4b9f8377407227effd\",\"name\":\"Vinicius Augusto Batista Eira\",\"image\":{\"@type\":\"ImageObject\",\"inLanguage\":\"pt-BR\",\"@id\":\"https:\\\/\\\/secure.gravatar.com\\\/avatar\\\/1ec500de7013b30e1d4d7c8c3978f0e4433c37e5d5e4cd186239369c6440122b?s=96&d=mm&r=g\",\"url\":\"https:\\\/\\\/secure.gravatar.com\\\/avatar\\\/1ec500de7013b30e1d4d7c8c3978f0e4433c37e5d5e4cd186239369c6440122b?s=96&d=mm&r=g\",\"contentUrl\":\"https:\\\/\\\/secure.gravatar.com\\\/avatar\\\/1ec500de7013b30e1d4d7c8c3978f0e4433c37e5d5e4cd186239369c6440122b?s=96&d=mm&r=g\",\"caption\":\"Vinicius Augusto Batista Eira\"},\"url\":\"https:\\\/\\\/www.cambe.pr.gov.br\\\/index.php\\\/author\\\/vabeira\\\/\"}]}<\/script>\n<!-- \/ Yoast SEO plugin. -->","yoast_head_json":{"title":"Secretarias de Assist\u00eancia Social da regi\u00e3o se re\u00fanem para discutir pol\u00edticas para a popula\u00e7\u00e3o de rua - Prefeitura de Camb\u00e9","robots":{"index":"index","follow":"follow","max-snippet":"max-snippet:-1","max-image-preview":"max-image-preview:large","max-video-preview":"max-video-preview:-1"},"canonical":"https:\/\/www.cambe.pr.gov.br\/index.php\/secretarias-de-assistencia-social-da-regiao-se-reunem-para-discutir-politicas-para-a-populacao-de-rua\/","og_locale":"pt_BR","og_type":"article","og_title":"Secretarias de Assist\u00eancia Social da regi\u00e3o se re\u00fanem para discutir pol\u00edticas para a popula\u00e7\u00e3o de rua - Prefeitura de Camb\u00e9","og_description":"Na tarde desta ter\u00e7a-feira (25), as secret\u00e1rias de Assist\u00eancia Social dos seis maiores munic\u00edpios da regi\u00e3o se reuniram em Camb\u00e9 para discutir a\u00e7\u00f5es conjuntas para pessoas em situa\u00e7\u00e3o de rua. O primeiro encontro serviu para dar um pontap\u00e9 inicial na padroniza\u00e7\u00e3o de a\u00e7\u00f5es futuras, evitando a migra\u00e7\u00e3o de problemas e focando na regionaliza\u00e7\u00e3o das solu\u00e7\u00f5es. [&hellip;]","og_url":"https:\/\/www.cambe.pr.gov.br\/index.php\/secretarias-de-assistencia-social-da-regiao-se-reunem-para-discutir-politicas-para-a-populacao-de-rua\/","og_site_name":"Prefeitura de Camb\u00e9","article_publisher":"https:\/\/m.facebook.com\/prefeituradecambe","article_published_time":"2025-03-25T19:22:45+00:00","og_image":[{"url":"https:\/\/www.cambe.pr.gov.br\/wp-content\/uploads\/2025\/03\/Imagem-do-WhatsApp-de-2025-03-25-as-16.20.57_e7825010-1024x768.jpg","type":"","width":"","height":""}],"author":"Vinicius Augusto Batista Eira","twitter_card":"summary_large_image","twitter_misc":{"Escrito por":"Vinicius Augusto Batista Eira","Est. tempo de leitura":"3 minutos"},"schema":{"@context":"https:\/\/schema.org","@graph":[{"@type":"Article","@id":"https:\/\/www.cambe.pr.gov.br\/index.php\/secretarias-de-assistencia-social-da-regiao-se-reunem-para-discutir-politicas-para-a-populacao-de-rua\/#article","isPartOf":{"@id":"https:\/\/www.cambe.pr.gov.br\/index.php\/secretarias-de-assistencia-social-da-regiao-se-reunem-para-discutir-politicas-para-a-populacao-de-rua\/"},"author":{"name":"Vinicius Augusto Batista Eira","@id":"https:\/\/www.cambe.pr.gov.br\/#\/schema\/person\/8e3ee69cb2cadf4b9f8377407227effd"},"headline":"Secretarias de Assist\u00eancia Social da regi\u00e3o se re\u00fanem para discutir pol\u00edticas para a popula\u00e7\u00e3o de rua","datePublished":"2025-03-25T19:22:45+00:00","mainEntityOfPage":{"@id":"https:\/\/www.cambe.pr.gov.br\/index.php\/secretarias-de-assistencia-social-da-regiao-se-reunem-para-discutir-politicas-para-a-populacao-de-rua\/"},"wordCount":447,"publisher":{"@id":"https:\/\/www.cambe.pr.gov.br\/#organization"},"image":{"@id":"https:\/\/www.cambe.pr.gov.br\/index.php\/secretarias-de-assistencia-social-da-regiao-se-reunem-para-discutir-politicas-para-a-populacao-de-rua\/#primaryimage"},"thumbnailUrl":"https:\/\/www.cambe.pr.gov.br\/wp-content\/uploads\/2025\/03\/Imagem-do-WhatsApp-de-2025-03-25-as-16.20.57_e7825010-1024x768.jpg","articleSection":["Principal"],"inLanguage":"pt-BR"},{"@type":"WebPage","@id":"https:\/\/www.cambe.pr.gov.br\/index.php\/secretarias-de-assistencia-social-da-regiao-se-reunem-para-discutir-politicas-para-a-populacao-de-rua\/","url":"https:\/\/www.cambe.pr.gov.br\/index.php\/secretarias-de-assistencia-social-da-regiao-se-reunem-para-discutir-politicas-para-a-populacao-de-rua\/","name":"Secretarias de Assist\u00eancia Social da regi\u00e3o se re\u00fanem para discutir pol\u00edticas para a popula\u00e7\u00e3o de rua - Prefeitura de Camb\u00e9","isPartOf":{"@id":"https:\/\/www.cambe.pr.gov.br\/#website"},"primaryImageOfPage":{"@id":"https:\/\/www.cambe.pr.gov.br\/index.php\/secretarias-de-assistencia-social-da-regiao-se-reunem-para-discutir-politicas-para-a-populacao-de-rua\/#primaryimage"},"image":{"@id":"https:\/\/www.cambe.pr.gov.br\/index.php\/secretarias-de-assistencia-social-da-regiao-se-reunem-para-discutir-politicas-para-a-populacao-de-rua\/#primaryimage"},"thumbnailUrl":"https:\/\/www.cambe.pr.gov.br\/wp-content\/uploads\/2025\/03\/Imagem-do-WhatsApp-de-2025-03-25-as-16.20.57_e7825010-1024x768.jpg","datePublished":"2025-03-25T19:22:45+00:00","breadcrumb":{"@id":"https:\/\/www.cambe.pr.gov.br\/index.php\/secretarias-de-assistencia-social-da-regiao-se-reunem-para-discutir-politicas-para-a-populacao-de-rua\/#breadcrumb"},"inLanguage":"pt-BR","potentialAction":[{"@type":"ReadAction","target":["https:\/\/www.cambe.pr.gov.br\/index.php\/secretarias-de-assistencia-social-da-regiao-se-reunem-para-discutir-politicas-para-a-populacao-de-rua\/"]}]},{"@type":"ImageObject","inLanguage":"pt-BR","@id":"https:\/\/www.cambe.pr.gov.br\/index.php\/secretarias-de-assistencia-social-da-regiao-se-reunem-para-discutir-politicas-para-a-populacao-de-rua\/#primaryimage","url":"https:\/\/www.cambe.pr.gov.br\/wp-content\/uploads\/2025\/03\/Imagem-do-WhatsApp-de-2025-03-25-as-16.20.57_e7825010.jpg","contentUrl":"https:\/\/www.cambe.pr.gov.br\/wp-content\/uploads\/2025\/03\/Imagem-do-WhatsApp-de-2025-03-25-as-16.20.57_e7825010.jpg","width":1115,"height":836},{"@type":"BreadcrumbList","@id":"https:\/\/www.cambe.pr.gov.br\/index.php\/secretarias-de-assistencia-social-da-regiao-se-reunem-para-discutir-politicas-para-a-populacao-de-rua\/#breadcrumb","itemListElement":[{"@type":"ListItem","position":1,"name":"In\u00edcio","item":"https:\/\/www.cambe.pr.gov.br\/"},{"@type":"ListItem","position":2,"name":"Secretarias de Assist\u00eancia Social da regi\u00e3o se re\u00fanem para discutir pol\u00edticas para a popula\u00e7\u00e3o de rua"}]},{"@type":"WebSite","@id":"https:\/\/www.cambe.pr.gov.br\/#website","url":"https:\/\/www.cambe.pr.gov.br\/","name":"Prefeitura de Camb\u00e9","description":"UM GOVERNO PARA TODOS","publisher":{"@id":"https:\/\/www.cambe.pr.gov.br\/#organization"},"potentialAction":[{"@type":"SearchAction","target":{"@type":"EntryPoint","urlTemplate":"https:\/\/www.cambe.pr.gov.br\/?s={search_term_string}"},"query-input":{"@type":"PropertyValueSpecification","valueRequired":true,"valueName":"search_term_string"}}],"inLanguage":"pt-BR"},{"@type":"Organization","@id":"https:\/\/www.cambe.pr.gov.br\/#organization","name":"Prefeitura de Camb\u00e9","url":"https:\/\/www.cambe.pr.gov.br\/","logo":{"@type":"ImageObject","inLanguage":"pt-BR","@id":"https:\/\/www.cambe.pr.gov.br\/#\/schema\/logo\/image\/","url":"https:\/\/www.cambe.pr.gov.br\/wp-content\/uploads\/2021\/01\/cropped-cropped-cambe_brazao-icone.png","contentUrl":"https:\/\/www.cambe.pr.gov.br\/wp-content\/uploads\/2021\/01\/cropped-cropped-cambe_brazao-icone.png","width":240,"height":240,"caption":"Prefeitura de Camb\u00e9"},"image":{"@id":"https:\/\/www.cambe.pr.gov.br\/#\/schema\/logo\/image\/"},"sameAs":["https:\/\/m.facebook.com\/prefeituradecambe"]},{"@type":"Person","@id":"https:\/\/www.cambe.pr.gov.br\/#\/schema\/person\/8e3ee69cb2cadf4b9f8377407227effd","name":"Vinicius Augusto Batista Eira","image":{"@type":"ImageObject","inLanguage":"pt-BR","@id":"https:\/\/secure.gravatar.com\/avatar\/1ec500de7013b30e1d4d7c8c3978f0e4433c37e5d5e4cd186239369c6440122b?s=96&d=mm&r=g","url":"https:\/\/secure.gravatar.com\/avatar\/1ec500de7013b30e1d4d7c8c3978f0e4433c37e5d5e4cd186239369c6440122b?s=96&d=mm&r=g","contentUrl":"https:\/\/secure.gravatar.com\/avatar\/1ec500de7013b30e1d4d7c8c3978f0e4433c37e5d5e4cd186239369c6440122b?s=96&d=mm&r=g","caption":"Vinicius Augusto Batista Eira"},"url":"https:\/\/www.cambe.pr.gov.br\/index.php\/author\/vabeira\/"}]}},"_links":{"self":[{"href":"https:\/\/www.cambe.pr.gov.br\/index.php\/wp-json\/wp\/v2\/posts\/16471","targetHints":{"allow":["GET"]}}],"collection":[{"href":"https:\/\/www.cambe.pr.gov.br\/index.php\/wp-json\/wp\/v2\/posts"}],"about":[{"href":"https:\/\/www.cambe.pr.gov.br\/index.php\/wp-json\/wp\/v2\/types\/post"}],"author":[{"embeddable":true,"href":"https:\/\/www.cambe.pr.gov.br\/index.php\/wp-json\/wp\/v2\/users\/16"}],"replies":[{"embeddable":true,"href":"https:\/\/www.cambe.pr.gov.br\/index.php\/wp-json\/wp\/v2\/comments?post=16471"}],"version-history":[{"count":1,"href":"https:\/\/www.cambe.pr.gov.br\/index.php\/wp-json\/wp\/v2\/posts\/16471\/revisions"}],"predecessor-version":[{"id":16474,"href":"https:\/\/www.cambe.pr.gov.br\/index.php\/wp-json\/wp\/v2\/posts\/16471\/revisions\/16474"}],"wp:attachment":[{"href":"https:\/\/www.cambe.pr.gov.br\/index.php\/wp-json\/wp\/v2\/media?parent=16471"}],"wp:term":[{"taxonomy":"category","embeddable":true,"href":"https:\/\/www.cambe.pr.gov.br\/index.php\/wp-json\/wp\/v2\/categories?post=16471"},{"taxonomy":"post_tag","embeddable":true,"href":"https:\/\/www.cambe.pr.gov.br\/index.php\/wp-json\/wp\/v2\/tags?post=16471"}],"curies":[{"name":"wp","href":"https:\/\/api.w.org\/{rel}","templated":true}]}}