{"id":16466,"date":"2025-03-25T11:15:30","date_gmt":"2025-03-25T14:15:30","guid":{"rendered":"https:\/\/www.cambe.pr.gov.br\/?p=16466"},"modified":"2025-03-28T12:49:39","modified_gmt":"2025-03-28T15:49:39","slug":"estao-abertas-as-inscricoes-para-o-torneio-primeiro-de-maio-2025","status":"publish","type":"post","link":"https:\/\/www.cambe.pr.gov.br\/index.php\/estao-abertas-as-inscricoes-para-o-torneio-primeiro-de-maio-2025\/","title":{"rendered":"Est\u00e3o abertas as inscri\u00e7\u00f5es para o Torneio Primeiro de Maio 2025"},"content":{"rendered":"<div id=\"attachment_16467\" style=\"width: 620px\" class=\"wp-caption alignleft\"><img fetchpriority=\"high\" decoding=\"async\" aria-describedby=\"caption-attachment-16467\" class=\"wp-image-16467 size-large\" src=\"https:\/\/www.cambe.pr.gov.br\/wp-content\/uploads\/2025\/03\/0004-1024x678.jpg\" alt=\"\" width=\"610\" height=\"404\" srcset=\"https:\/\/www.cambe.pr.gov.br\/wp-content\/uploads\/2025\/03\/0004-1024x678.jpg 1024w, https:\/\/www.cambe.pr.gov.br\/wp-content\/uploads\/2025\/03\/0004-300x199.jpg 300w, https:\/\/www.cambe.pr.gov.br\/wp-content\/uploads\/2025\/03\/0004-768x509.jpg 768w, https:\/\/www.cambe.pr.gov.br\/wp-content\/uploads\/2025\/03\/0004-1536x1017.jpg 1536w, https:\/\/www.cambe.pr.gov.br\/wp-content\/uploads\/2025\/03\/0004-2048x1356.jpg 2048w\" sizes=\"(max-width: 610px) 100vw, 610px\" \/><p id=\"caption-attachment-16467\" class=\"wp-caption-text\">Em 2024, 56 equipes participaram da tradicional competi\u00e7\u00e3o (Gisele Cabrera\/Prefeitura de Camb\u00e9)<\/p><\/div>\n<p style=\"text-align: justify;\"><span style=\"font-weight: 400; font-family: arial, helvetica, sans-serif;\">A Prefeitura de Camb\u00e9, por meio da Secretaria Municipal de Esportes e Lazer, abriu inscri\u00e7\u00f5es para o tradicional Torneio Primeiro de Maio. Em 2025, o campeonato do Trabalhador de Camb\u00e9 tamb\u00e9m ser\u00e1 realizado em duas etapas, com eliminat\u00f3rias no final do pr\u00f3ximo m\u00eas, e a fase final na grande Festa do Trabalhador, no dia 1\u00ba de maio. As vagas s\u00e3o limitadas, e as inscri\u00e7\u00f5es se encerram no dia 15\/04.<\/span><\/p>\n<p style=\"text-align: justify;\"><span style=\"font-weight: 400; font-family: arial, helvetica, sans-serif;\">A fase de classifica\u00e7\u00e3o est\u00e1 prevista para o dia 27 de abril, domingo, nos campos do Jardim S\u00e3o Francisco, Ana Rosa, Santo Amaro e Novo Bandeirantes. O n\u00famero de classificados de cada local vai depender da quantidade de inscritos, e definido pela Secretaria posteriormente. No entanto, oito equipes disputam o t\u00edtulo na Festa do Trabalhador, no Centro Esportivo Castelo Branco, dia 1\u00ba de maio.<\/span><\/p>\n<p style=\"text-align: justify;\"><span style=\"font-weight: 400; font-family: arial, helvetica, sans-serif;\">Mas aten\u00e7\u00e3o, neste ano as vagas s\u00e3o limitadas. Ser\u00e1 permitida at\u00e9 16 equipes em cada local da fase eliminat\u00f3ria. As inscri\u00e7\u00f5es se encerram no dia 15\/04, e ser\u00e3o feitas diretamente na sede da Secretaria Municipal de Esportes e Lazer. O congresso t\u00e9cnico da competi\u00e7\u00e3o est\u00e1 marcado para o dia 17\/04, quinta-feira, \u00e0s 19h30, no Centro da Juventude.<\/span><\/p>\n<p>&nbsp;<\/p>\n<p style=\"text-align: justify;\"><strong><span style=\"font-family: arial, helvetica, sans-serif;\">Torneio Primeiro de Maio 2024<\/span><\/strong><\/p>\n<p style=\"text-align: justify;\"><span style=\"font-weight: 400; font-family: arial, helvetica, sans-serif;\">Em 2024, o Torneio Primeiro de Maio contou com a participa\u00e7\u00e3o de 56 equipes, sendo realizados 52 jogos eliminat\u00f3rios e mais 11 partidas para decidir o vencedor na Festa do Trabalhador. O grande campe\u00e3o foi o Strawbs, que venceu o Invictus\/Adriano Pinturas na final. Completando o p\u00f3dio, o Camb\u00e9 Esporte Clube &#8220;A&#8221; ficou com a 3\u00aa coloca\u00e7\u00e3o.<\/span><\/p>\n<p style=\"text-align: justify;\"><span style=\"font-weight: 400; font-family: arial, helvetica, sans-serif;\">A Secretaria Municipal de Esportes e Lazer fica na Rua Bras\u00edlia, 911. Mais informa\u00e7\u00f5es no (43) 3174-0275.<\/span><\/p>\n","protected":false},"excerpt":{"rendered":"<p>A Prefeitura de Camb\u00e9, por meio da Secretaria Municipal de Esportes e Lazer, abriu inscri\u00e7\u00f5es para o tradicional Torneio Primeiro de Maio. Em 2025, o campeonato do Trabalhador de Camb\u00e9 tamb\u00e9m ser\u00e1 realizado em duas etapas, com eliminat\u00f3rias no final do pr\u00f3ximo m\u00eas, e a fase final na grande Festa do Trabalhador, no dia 1\u00ba [&hellip;]<\/p>\n","protected":false},"author":16,"featured_media":0,"comment_status":"closed","ping_status":"closed","sticky":false,"template":"","format":"standard","meta":{"ngg_post_thumbnail":0,"footnotes":""},"categories":[1],"tags":[],"class_list":["post-16466","post","type-post","status-publish","format-standard","hentry","category-principal"],"yoast_head":"<!-- This site is optimized with the Yoast SEO plugin v27.4 - https:\/\/yoast.com\/product\/yoast-seo-wordpress\/ -->\n<title>Est\u00e3o abertas as inscri\u00e7\u00f5es para o Torneio Primeiro de Maio 2025 - Prefeitura de Camb\u00e9<\/title>\n<meta name=\"robots\" content=\"index, follow, max-snippet:-1, max-image-preview:large, max-video-preview:-1\" \/>\n<link rel=\"canonical\" href=\"https:\/\/www.cambe.pr.gov.br\/index.php\/estao-abertas-as-inscricoes-para-o-torneio-primeiro-de-maio-2025\/\" \/>\n<meta property=\"og:locale\" content=\"pt_BR\" \/>\n<meta property=\"og:type\" content=\"article\" \/>\n<meta property=\"og:title\" content=\"Est\u00e3o abertas as inscri\u00e7\u00f5es para o Torneio Primeiro de Maio 2025 - Prefeitura de Camb\u00e9\" \/>\n<meta property=\"og:description\" content=\"A Prefeitura de Camb\u00e9, por meio da Secretaria Municipal de Esportes e Lazer, abriu inscri\u00e7\u00f5es para o tradicional Torneio Primeiro de Maio. Em 2025, o campeonato do Trabalhador de Camb\u00e9 tamb\u00e9m ser\u00e1 realizado em duas etapas, com eliminat\u00f3rias no final do pr\u00f3ximo m\u00eas, e a fase final na grande Festa do Trabalhador, no dia 1\u00ba [&hellip;]\" \/>\n<meta property=\"og:url\" content=\"https:\/\/www.cambe.pr.gov.br\/index.php\/estao-abertas-as-inscricoes-para-o-torneio-primeiro-de-maio-2025\/\" \/>\n<meta property=\"og:site_name\" content=\"Prefeitura de Camb\u00e9\" \/>\n<meta property=\"article:publisher\" content=\"https:\/\/m.facebook.com\/prefeituradecambe\" \/>\n<meta property=\"article:published_time\" content=\"2025-03-25T14:15:30+00:00\" \/>\n<meta property=\"article:modified_time\" content=\"2025-03-28T15:49:39+00:00\" \/>\n<meta property=\"og:image\" content=\"https:\/\/www.cambe.pr.gov.br\/wp-content\/uploads\/2025\/03\/0004-1024x678.jpg\" \/>\n<meta name=\"author\" content=\"Vinicius Augusto Batista Eira\" \/>\n<meta name=\"twitter:card\" content=\"summary_large_image\" \/>\n<meta name=\"twitter:label1\" content=\"Escrito por\" \/>\n\t<meta name=\"twitter:data1\" content=\"Vinicius Augusto Batista Eira\" \/>\n\t<meta name=\"twitter:label2\" content=\"Est. tempo de leitura\" \/>\n\t<meta name=\"twitter:data2\" content=\"2 minutos\" \/>\n<script type=\"application\/ld+json\" class=\"yoast-schema-graph\">{\"@context\":\"https:\\\/\\\/schema.org\",\"@graph\":[{\"@type\":\"Article\",\"@id\":\"https:\\\/\\\/www.cambe.pr.gov.br\\\/index.php\\\/estao-abertas-as-inscricoes-para-o-torneio-primeiro-de-maio-2025\\\/#article\",\"isPartOf\":{\"@id\":\"https:\\\/\\\/www.cambe.pr.gov.br\\\/index.php\\\/estao-abertas-as-inscricoes-para-o-torneio-primeiro-de-maio-2025\\\/\"},\"author\":{\"name\":\"Vinicius Augusto Batista Eira\",\"@id\":\"https:\\\/\\\/www.cambe.pr.gov.br\\\/#\\\/schema\\\/person\\\/8e3ee69cb2cadf4b9f8377407227effd\"},\"headline\":\"Est\u00e3o abertas as inscri\u00e7\u00f5es para o Torneio Primeiro de Maio 2025\",\"datePublished\":\"2025-03-25T14:15:30+00:00\",\"dateModified\":\"2025-03-28T15:49:39+00:00\",\"mainEntityOfPage\":{\"@id\":\"https:\\\/\\\/www.cambe.pr.gov.br\\\/index.php\\\/estao-abertas-as-inscricoes-para-o-torneio-primeiro-de-maio-2025\\\/\"},\"wordCount\":311,\"publisher\":{\"@id\":\"https:\\\/\\\/www.cambe.pr.gov.br\\\/#organization\"},\"image\":{\"@id\":\"https:\\\/\\\/www.cambe.pr.gov.br\\\/index.php\\\/estao-abertas-as-inscricoes-para-o-torneio-primeiro-de-maio-2025\\\/#primaryimage\"},\"thumbnailUrl\":\"https:\\\/\\\/www.cambe.pr.gov.br\\\/wp-content\\\/uploads\\\/2025\\\/03\\\/0004-1024x678.jpg\",\"articleSection\":[\"Principal\"],\"inLanguage\":\"pt-BR\"},{\"@type\":\"WebPage\",\"@id\":\"https:\\\/\\\/www.cambe.pr.gov.br\\\/index.php\\\/estao-abertas-as-inscricoes-para-o-torneio-primeiro-de-maio-2025\\\/\",\"url\":\"https:\\\/\\\/www.cambe.pr.gov.br\\\/index.php\\\/estao-abertas-as-inscricoes-para-o-torneio-primeiro-de-maio-2025\\\/\",\"name\":\"Est\u00e3o abertas as inscri\u00e7\u00f5es para o Torneio Primeiro de Maio 2025 - Prefeitura de Camb\u00e9\",\"isPartOf\":{\"@id\":\"https:\\\/\\\/www.cambe.pr.gov.br\\\/#website\"},\"primaryImageOfPage\":{\"@id\":\"https:\\\/\\\/www.cambe.pr.gov.br\\\/index.php\\\/estao-abertas-as-inscricoes-para-o-torneio-primeiro-de-maio-2025\\\/#primaryimage\"},\"image\":{\"@id\":\"https:\\\/\\\/www.cambe.pr.gov.br\\\/index.php\\\/estao-abertas-as-inscricoes-para-o-torneio-primeiro-de-maio-2025\\\/#primaryimage\"},\"thumbnailUrl\":\"https:\\\/\\\/www.cambe.pr.gov.br\\\/wp-content\\\/uploads\\\/2025\\\/03\\\/0004-1024x678.jpg\",\"datePublished\":\"2025-03-25T14:15:30+00:00\",\"dateModified\":\"2025-03-28T15:49:39+00:00\",\"breadcrumb\":{\"@id\":\"https:\\\/\\\/www.cambe.pr.gov.br\\\/index.php\\\/estao-abertas-as-inscricoes-para-o-torneio-primeiro-de-maio-2025\\\/#breadcrumb\"},\"inLanguage\":\"pt-BR\",\"potentialAction\":[{\"@type\":\"ReadAction\",\"target\":[\"https:\\\/\\\/www.cambe.pr.gov.br\\\/index.php\\\/estao-abertas-as-inscricoes-para-o-torneio-primeiro-de-maio-2025\\\/\"]}]},{\"@type\":\"ImageObject\",\"inLanguage\":\"pt-BR\",\"@id\":\"https:\\\/\\\/www.cambe.pr.gov.br\\\/index.php\\\/estao-abertas-as-inscricoes-para-o-torneio-primeiro-de-maio-2025\\\/#primaryimage\",\"url\":\"https:\\\/\\\/www.cambe.pr.gov.br\\\/wp-content\\\/uploads\\\/2025\\\/03\\\/0004-scaled.jpg\",\"contentUrl\":\"https:\\\/\\\/www.cambe.pr.gov.br\\\/wp-content\\\/uploads\\\/2025\\\/03\\\/0004-scaled.jpg\",\"width\":2560,\"height\":1696},{\"@type\":\"BreadcrumbList\",\"@id\":\"https:\\\/\\\/www.cambe.pr.gov.br\\\/index.php\\\/estao-abertas-as-inscricoes-para-o-torneio-primeiro-de-maio-2025\\\/#breadcrumb\",\"itemListElement\":[{\"@type\":\"ListItem\",\"position\":1,\"name\":\"In\u00edcio\",\"item\":\"https:\\\/\\\/www.cambe.pr.gov.br\\\/\"},{\"@type\":\"ListItem\",\"position\":2,\"name\":\"Est\u00e3o abertas as inscri\u00e7\u00f5es para o Torneio Primeiro de Maio 2025\"}]},{\"@type\":\"WebSite\",\"@id\":\"https:\\\/\\\/www.cambe.pr.gov.br\\\/#website\",\"url\":\"https:\\\/\\\/www.cambe.pr.gov.br\\\/\",\"name\":\"Prefeitura de Camb\u00e9\",\"description\":\"UM GOVERNO PARA TODOS\",\"publisher\":{\"@id\":\"https:\\\/\\\/www.cambe.pr.gov.br\\\/#organization\"},\"potentialAction\":[{\"@type\":\"SearchAction\",\"target\":{\"@type\":\"EntryPoint\",\"urlTemplate\":\"https:\\\/\\\/www.cambe.pr.gov.br\\\/?s={search_term_string}\"},\"query-input\":{\"@type\":\"PropertyValueSpecification\",\"valueRequired\":true,\"valueName\":\"search_term_string\"}}],\"inLanguage\":\"pt-BR\"},{\"@type\":\"Organization\",\"@id\":\"https:\\\/\\\/www.cambe.pr.gov.br\\\/#organization\",\"name\":\"Prefeitura de Camb\u00e9\",\"url\":\"https:\\\/\\\/www.cambe.pr.gov.br\\\/\",\"logo\":{\"@type\":\"ImageObject\",\"inLanguage\":\"pt-BR\",\"@id\":\"https:\\\/\\\/www.cambe.pr.gov.br\\\/#\\\/schema\\\/logo\\\/image\\\/\",\"url\":\"https:\\\/\\\/www.cambe.pr.gov.br\\\/wp-content\\\/uploads\\\/2021\\\/01\\\/cropped-cropped-cambe_brazao-icone.png\",\"contentUrl\":\"https:\\\/\\\/www.cambe.pr.gov.br\\\/wp-content\\\/uploads\\\/2021\\\/01\\\/cropped-cropped-cambe_brazao-icone.png\",\"width\":240,\"height\":240,\"caption\":\"Prefeitura de Camb\u00e9\"},\"image\":{\"@id\":\"https:\\\/\\\/www.cambe.pr.gov.br\\\/#\\\/schema\\\/logo\\\/image\\\/\"},\"sameAs\":[\"https:\\\/\\\/m.facebook.com\\\/prefeituradecambe\"]},{\"@type\":\"Person\",\"@id\":\"https:\\\/\\\/www.cambe.pr.gov.br\\\/#\\\/schema\\\/person\\\/8e3ee69cb2cadf4b9f8377407227effd\",\"name\":\"Vinicius Augusto Batista Eira\",\"image\":{\"@type\":\"ImageObject\",\"inLanguage\":\"pt-BR\",\"@id\":\"https:\\\/\\\/secure.gravatar.com\\\/avatar\\\/1ec500de7013b30e1d4d7c8c3978f0e4433c37e5d5e4cd186239369c6440122b?s=96&d=mm&r=g\",\"url\":\"https:\\\/\\\/secure.gravatar.com\\\/avatar\\\/1ec500de7013b30e1d4d7c8c3978f0e4433c37e5d5e4cd186239369c6440122b?s=96&d=mm&r=g\",\"contentUrl\":\"https:\\\/\\\/secure.gravatar.com\\\/avatar\\\/1ec500de7013b30e1d4d7c8c3978f0e4433c37e5d5e4cd186239369c6440122b?s=96&d=mm&r=g\",\"caption\":\"Vinicius Augusto Batista Eira\"},\"url\":\"https:\\\/\\\/www.cambe.pr.gov.br\\\/index.php\\\/author\\\/vabeira\\\/\"}]}<\/script>\n<!-- \/ Yoast SEO plugin. -->","yoast_head_json":{"title":"Est\u00e3o abertas as inscri\u00e7\u00f5es para o Torneio Primeiro de Maio 2025 - Prefeitura de Camb\u00e9","robots":{"index":"index","follow":"follow","max-snippet":"max-snippet:-1","max-image-preview":"max-image-preview:large","max-video-preview":"max-video-preview:-1"},"canonical":"https:\/\/www.cambe.pr.gov.br\/index.php\/estao-abertas-as-inscricoes-para-o-torneio-primeiro-de-maio-2025\/","og_locale":"pt_BR","og_type":"article","og_title":"Est\u00e3o abertas as inscri\u00e7\u00f5es para o Torneio Primeiro de Maio 2025 - Prefeitura de Camb\u00e9","og_description":"A Prefeitura de Camb\u00e9, por meio da Secretaria Municipal de Esportes e Lazer, abriu inscri\u00e7\u00f5es para o tradicional Torneio Primeiro de Maio. Em 2025, o campeonato do Trabalhador de Camb\u00e9 tamb\u00e9m ser\u00e1 realizado em duas etapas, com eliminat\u00f3rias no final do pr\u00f3ximo m\u00eas, e a fase final na grande Festa do Trabalhador, no dia 1\u00ba [&hellip;]","og_url":"https:\/\/www.cambe.pr.gov.br\/index.php\/estao-abertas-as-inscricoes-para-o-torneio-primeiro-de-maio-2025\/","og_site_name":"Prefeitura de Camb\u00e9","article_publisher":"https:\/\/m.facebook.com\/prefeituradecambe","article_published_time":"2025-03-25T14:15:30+00:00","article_modified_time":"2025-03-28T15:49:39+00:00","og_image":[{"url":"https:\/\/www.cambe.pr.gov.br\/wp-content\/uploads\/2025\/03\/0004-1024x678.jpg","type":"","width":"","height":""}],"author":"Vinicius Augusto Batista Eira","twitter_card":"summary_large_image","twitter_misc":{"Escrito por":"Vinicius Augusto Batista Eira","Est. tempo de leitura":"2 minutos"},"schema":{"@context":"https:\/\/schema.org","@graph":[{"@type":"Article","@id":"https:\/\/www.cambe.pr.gov.br\/index.php\/estao-abertas-as-inscricoes-para-o-torneio-primeiro-de-maio-2025\/#article","isPartOf":{"@id":"https:\/\/www.cambe.pr.gov.br\/index.php\/estao-abertas-as-inscricoes-para-o-torneio-primeiro-de-maio-2025\/"},"author":{"name":"Vinicius Augusto Batista Eira","@id":"https:\/\/www.cambe.pr.gov.br\/#\/schema\/person\/8e3ee69cb2cadf4b9f8377407227effd"},"headline":"Est\u00e3o abertas as inscri\u00e7\u00f5es para o Torneio Primeiro de Maio 2025","datePublished":"2025-03-25T14:15:30+00:00","dateModified":"2025-03-28T15:49:39+00:00","mainEntityOfPage":{"@id":"https:\/\/www.cambe.pr.gov.br\/index.php\/estao-abertas-as-inscricoes-para-o-torneio-primeiro-de-maio-2025\/"},"wordCount":311,"publisher":{"@id":"https:\/\/www.cambe.pr.gov.br\/#organization"},"image":{"@id":"https:\/\/www.cambe.pr.gov.br\/index.php\/estao-abertas-as-inscricoes-para-o-torneio-primeiro-de-maio-2025\/#primaryimage"},"thumbnailUrl":"https:\/\/www.cambe.pr.gov.br\/wp-content\/uploads\/2025\/03\/0004-1024x678.jpg","articleSection":["Principal"],"inLanguage":"pt-BR"},{"@type":"WebPage","@id":"https:\/\/www.cambe.pr.gov.br\/index.php\/estao-abertas-as-inscricoes-para-o-torneio-primeiro-de-maio-2025\/","url":"https:\/\/www.cambe.pr.gov.br\/index.php\/estao-abertas-as-inscricoes-para-o-torneio-primeiro-de-maio-2025\/","name":"Est\u00e3o abertas as inscri\u00e7\u00f5es para o Torneio Primeiro de Maio 2025 - Prefeitura de Camb\u00e9","isPartOf":{"@id":"https:\/\/www.cambe.pr.gov.br\/#website"},"primaryImageOfPage":{"@id":"https:\/\/www.cambe.pr.gov.br\/index.php\/estao-abertas-as-inscricoes-para-o-torneio-primeiro-de-maio-2025\/#primaryimage"},"image":{"@id":"https:\/\/www.cambe.pr.gov.br\/index.php\/estao-abertas-as-inscricoes-para-o-torneio-primeiro-de-maio-2025\/#primaryimage"},"thumbnailUrl":"https:\/\/www.cambe.pr.gov.br\/wp-content\/uploads\/2025\/03\/0004-1024x678.jpg","datePublished":"2025-03-25T14:15:30+00:00","dateModified":"2025-03-28T15:49:39+00:00","breadcrumb":{"@id":"https:\/\/www.cambe.pr.gov.br\/index.php\/estao-abertas-as-inscricoes-para-o-torneio-primeiro-de-maio-2025\/#breadcrumb"},"inLanguage":"pt-BR","potentialAction":[{"@type":"ReadAction","target":["https:\/\/www.cambe.pr.gov.br\/index.php\/estao-abertas-as-inscricoes-para-o-torneio-primeiro-de-maio-2025\/"]}]},{"@type":"ImageObject","inLanguage":"pt-BR","@id":"https:\/\/www.cambe.pr.gov.br\/index.php\/estao-abertas-as-inscricoes-para-o-torneio-primeiro-de-maio-2025\/#primaryimage","url":"https:\/\/www.cambe.pr.gov.br\/wp-content\/uploads\/2025\/03\/0004-scaled.jpg","contentUrl":"https:\/\/www.cambe.pr.gov.br\/wp-content\/uploads\/2025\/03\/0004-scaled.jpg","width":2560,"height":1696},{"@type":"BreadcrumbList","@id":"https:\/\/www.cambe.pr.gov.br\/index.php\/estao-abertas-as-inscricoes-para-o-torneio-primeiro-de-maio-2025\/#breadcrumb","itemListElement":[{"@type":"ListItem","position":1,"name":"In\u00edcio","item":"https:\/\/www.cambe.pr.gov.br\/"},{"@type":"ListItem","position":2,"name":"Est\u00e3o abertas as inscri\u00e7\u00f5es para o Torneio Primeiro de Maio 2025"}]},{"@type":"WebSite","@id":"https:\/\/www.cambe.pr.gov.br\/#website","url":"https:\/\/www.cambe.pr.gov.br\/","name":"Prefeitura de Camb\u00e9","description":"UM GOVERNO PARA TODOS","publisher":{"@id":"https:\/\/www.cambe.pr.gov.br\/#organization"},"potentialAction":[{"@type":"SearchAction","target":{"@type":"EntryPoint","urlTemplate":"https:\/\/www.cambe.pr.gov.br\/?s={search_term_string}"},"query-input":{"@type":"PropertyValueSpecification","valueRequired":true,"valueName":"search_term_string"}}],"inLanguage":"pt-BR"},{"@type":"Organization","@id":"https:\/\/www.cambe.pr.gov.br\/#organization","name":"Prefeitura de Camb\u00e9","url":"https:\/\/www.cambe.pr.gov.br\/","logo":{"@type":"ImageObject","inLanguage":"pt-BR","@id":"https:\/\/www.cambe.pr.gov.br\/#\/schema\/logo\/image\/","url":"https:\/\/www.cambe.pr.gov.br\/wp-content\/uploads\/2021\/01\/cropped-cropped-cambe_brazao-icone.png","contentUrl":"https:\/\/www.cambe.pr.gov.br\/wp-content\/uploads\/2021\/01\/cropped-cropped-cambe_brazao-icone.png","width":240,"height":240,"caption":"Prefeitura de Camb\u00e9"},"image":{"@id":"https:\/\/www.cambe.pr.gov.br\/#\/schema\/logo\/image\/"},"sameAs":["https:\/\/m.facebook.com\/prefeituradecambe"]},{"@type":"Person","@id":"https:\/\/www.cambe.pr.gov.br\/#\/schema\/person\/8e3ee69cb2cadf4b9f8377407227effd","name":"Vinicius Augusto Batista Eira","image":{"@type":"ImageObject","inLanguage":"pt-BR","@id":"https:\/\/secure.gravatar.com\/avatar\/1ec500de7013b30e1d4d7c8c3978f0e4433c37e5d5e4cd186239369c6440122b?s=96&d=mm&r=g","url":"https:\/\/secure.gravatar.com\/avatar\/1ec500de7013b30e1d4d7c8c3978f0e4433c37e5d5e4cd186239369c6440122b?s=96&d=mm&r=g","contentUrl":"https:\/\/secure.gravatar.com\/avatar\/1ec500de7013b30e1d4d7c8c3978f0e4433c37e5d5e4cd186239369c6440122b?s=96&d=mm&r=g","caption":"Vinicius Augusto Batista Eira"},"url":"https:\/\/www.cambe.pr.gov.br\/index.php\/author\/vabeira\/"}]}},"_links":{"self":[{"href":"https:\/\/www.cambe.pr.gov.br\/index.php\/wp-json\/wp\/v2\/posts\/16466","targetHints":{"allow":["GET"]}}],"collection":[{"href":"https:\/\/www.cambe.pr.gov.br\/index.php\/wp-json\/wp\/v2\/posts"}],"about":[{"href":"https:\/\/www.cambe.pr.gov.br\/index.php\/wp-json\/wp\/v2\/types\/post"}],"author":[{"embeddable":true,"href":"https:\/\/www.cambe.pr.gov.br\/index.php\/wp-json\/wp\/v2\/users\/16"}],"replies":[{"embeddable":true,"href":"https:\/\/www.cambe.pr.gov.br\/index.php\/wp-json\/wp\/v2\/comments?post=16466"}],"version-history":[{"count":2,"href":"https:\/\/www.cambe.pr.gov.br\/index.php\/wp-json\/wp\/v2\/posts\/16466\/revisions"}],"predecessor-version":[{"id":16513,"href":"https:\/\/www.cambe.pr.gov.br\/index.php\/wp-json\/wp\/v2\/posts\/16466\/revisions\/16513"}],"wp:attachment":[{"href":"https:\/\/www.cambe.pr.gov.br\/index.php\/wp-json\/wp\/v2\/media?parent=16466"}],"wp:term":[{"taxonomy":"category","embeddable":true,"href":"https:\/\/www.cambe.pr.gov.br\/index.php\/wp-json\/wp\/v2\/categories?post=16466"},{"taxonomy":"post_tag","embeddable":true,"href":"https:\/\/www.cambe.pr.gov.br\/index.php\/wp-json\/wp\/v2\/tags?post=16466"}],"curies":[{"name":"wp","href":"https:\/\/api.w.org\/{rel}","templated":true}]}}