{"id":16457,"date":"2025-03-20T14:42:52","date_gmt":"2025-03-20T17:42:52","guid":{"rendered":"https:\/\/www.cambe.pr.gov.br\/?p=16457"},"modified":"2025-03-20T14:42:52","modified_gmt":"2025-03-20T17:42:52","slug":"ubs-do-cristal-passa-a-ter-atendimento-ampliado-para-casos-de-dengue-a-partir-de-segunda-feira-24","status":"publish","type":"post","link":"https:\/\/www.cambe.pr.gov.br\/index.php\/ubs-do-cristal-passa-a-ter-atendimento-ampliado-para-casos-de-dengue-a-partir-de-segunda-feira-24\/","title":{"rendered":"UBS do Cristal passa a ter atendimento ampliado para casos de dengue a partir de segunda-feira (24)"},"content":{"rendered":"<p style=\"text-align: justify;\"><span style=\"font-weight: 400; font-family: arial, helvetica, sans-serif;\"><img fetchpriority=\"high\" decoding=\"async\" class=\"alignleft size-large wp-image-16033\" src=\"https:\/\/www.cambe.pr.gov.br\/wp-content\/uploads\/2025\/02\/DSC_0124-copiar-2-1024x678.jpg\" alt=\"\" width=\"610\" height=\"404\" srcset=\"https:\/\/www.cambe.pr.gov.br\/wp-content\/uploads\/2025\/02\/DSC_0124-copiar-2-1024x678.jpg 1024w, https:\/\/www.cambe.pr.gov.br\/wp-content\/uploads\/2025\/02\/DSC_0124-copiar-2-300x199.jpg 300w, https:\/\/www.cambe.pr.gov.br\/wp-content\/uploads\/2025\/02\/DSC_0124-copiar-2-768x509.jpg 768w, https:\/\/www.cambe.pr.gov.br\/wp-content\/uploads\/2025\/02\/DSC_0124-copiar-2-1536x1018.jpg 1536w, https:\/\/www.cambe.pr.gov.br\/wp-content\/uploads\/2025\/02\/DSC_0124-copiar-2-2048x1357.jpg 2048w\" sizes=\"(max-width: 610px) 100vw, 610px\" \/>Assim como o <a href=\"https:\/\/www.cambe.pr.gov.br\/index.php\/jardim-silvino-recebe-unidade-de-atendimento-para-casos-com-suspeita-de-dengue\/\" target=\"_blank\" rel=\"noopener\"><strong>Jardim Silvino<\/strong><\/a>, a Unidade B\u00e1sica de Sa\u00fade (UBS) do Cristal passa a funcionar tamb\u00e9m como atendimento ampliado para casos de suspeita de dengue. A medida surge por conta dos altos \u00edndices da doen\u00e7a no munic\u00edpio e para garantir mais agilidade para pessoas que procuram a rede de sa\u00fade. A unidade vai funcionar de segunda a sexta-feira, das 07h \u00e0s 19h, na Rua \u00d4nix, 250.<\/span><\/p>\n<p style=\"text-align: justify;\"><span style=\"font-weight: 400; font-family: arial, helvetica, sans-serif;\">Podem procurar a unidade qualquer adulto com sintomas que possam ser dengue, como: dor de cabe\u00e7a, dor nos olhos, dor no corpo, febre, diarreia e v\u00f4mito. O local ir\u00e1 contar com atendimento m\u00e9dico e de enfermagem.<\/span><\/p>\n<p style=\"text-align: justify;\"><span style=\"font-weight: 400; font-family: arial, helvetica, sans-serif;\">Pacientes com quadro agravado por poss\u00edvel dengue, ou com sintomas como sangramento ou desmaio, a orienta\u00e7\u00e3o segue sendo SAMU ou levar direto para a Unidade de Pronto Atendimento 24 Horas ou a UPA, j\u00e1 que s\u00e3o espa\u00e7os com sala de emerg\u00eancia e atendimento mais qualificado. Crian\u00e7as com suspeita de dengue devem levadas para Unidades B\u00e1sicas de Sa\u00fade com pediatra ou a UPA.<\/span><\/p>\n<p>&nbsp;<\/p>\n<p style=\"text-align: justify;\"><strong><span style=\"font-family: arial, helvetica, sans-serif;\">Mutir\u00e3o de limpeza<\/span><\/strong><\/p>\n<p style=\"text-align: justify;\"><span style=\"font-weight: 400; font-family: arial, helvetica, sans-serif;\">At\u00e9 o pr\u00f3ximo s\u00e1bado, a Prefeitura ainda promove <a href=\"https:\/\/www.cambe.pr.gov.br\/index.php\/regioes-do-novo-bandeirantes-e-algacyr-ferreira-recebem-mutirao-de-limpeza-nesta-semana\/\" target=\"_blank\" rel=\"noopener\"><strong>mutir\u00f5es de limpeza em duas regi\u00f5es do munic\u00edpio<\/strong><\/a>. Quinta (20) e sexta (21), o mutir\u00e3o ser\u00e1 na regi\u00e3o abrangente da UBS do Novo Bandeirantes. E no s\u00e1bado (22), o mutir\u00e3o ser\u00e1 na regi\u00e3o abrangente da UBS do Algacyr Ferreira. Aproveite, e descarte objetos em geral que possam acumular \u00e1gua, m\u00f3veis e madeiras.<\/span><\/p>\n","protected":false},"excerpt":{"rendered":"<p>Assim como o Jardim Silvino, a Unidade B\u00e1sica de Sa\u00fade (UBS) do Cristal passa a funcionar tamb\u00e9m como atendimento ampliado para casos de suspeita de dengue. A medida surge por conta dos altos \u00edndices da doen\u00e7a no munic\u00edpio e para garantir mais agilidade para pessoas que procuram a rede de sa\u00fade. A unidade vai funcionar [&hellip;]<\/p>\n","protected":false},"author":16,"featured_media":0,"comment_status":"closed","ping_status":"closed","sticky":false,"template":"","format":"standard","meta":{"ngg_post_thumbnail":0,"footnotes":""},"categories":[1],"tags":[],"class_list":["post-16457","post","type-post","status-publish","format-standard","hentry","category-principal"],"yoast_head":"<!-- This site is optimized with the Yoast SEO plugin v27.4 - https:\/\/yoast.com\/product\/yoast-seo-wordpress\/ -->\n<title>UBS do Cristal passa a ter atendimento ampliado para casos de dengue a partir de segunda-feira (24) - Prefeitura de Camb\u00e9<\/title>\n<meta name=\"robots\" content=\"index, follow, max-snippet:-1, max-image-preview:large, max-video-preview:-1\" \/>\n<link rel=\"canonical\" href=\"https:\/\/www.cambe.pr.gov.br\/index.php\/ubs-do-cristal-passa-a-ter-atendimento-ampliado-para-casos-de-dengue-a-partir-de-segunda-feira-24\/\" \/>\n<meta property=\"og:locale\" content=\"pt_BR\" \/>\n<meta property=\"og:type\" content=\"article\" \/>\n<meta property=\"og:title\" content=\"UBS do Cristal passa a ter atendimento ampliado para casos de dengue a partir de segunda-feira (24) - Prefeitura de Camb\u00e9\" \/>\n<meta property=\"og:description\" content=\"Assim como o Jardim Silvino, a Unidade B\u00e1sica de Sa\u00fade (UBS) do Cristal passa a funcionar tamb\u00e9m como atendimento ampliado para casos de suspeita de dengue. A medida surge por conta dos altos \u00edndices da doen\u00e7a no munic\u00edpio e para garantir mais agilidade para pessoas que procuram a rede de sa\u00fade. A unidade vai funcionar [&hellip;]\" \/>\n<meta property=\"og:url\" content=\"https:\/\/www.cambe.pr.gov.br\/index.php\/ubs-do-cristal-passa-a-ter-atendimento-ampliado-para-casos-de-dengue-a-partir-de-segunda-feira-24\/\" \/>\n<meta property=\"og:site_name\" content=\"Prefeitura de Camb\u00e9\" \/>\n<meta property=\"article:publisher\" content=\"https:\/\/m.facebook.com\/prefeituradecambe\" \/>\n<meta property=\"article:published_time\" content=\"2025-03-20T17:42:52+00:00\" \/>\n<meta property=\"og:image\" content=\"https:\/\/www.cambe.pr.gov.br\/wp-content\/uploads\/2025\/02\/DSC_0124-copiar-2-1024x678.jpg\" \/>\n<meta name=\"author\" content=\"Vinicius Augusto Batista Eira\" \/>\n<meta name=\"twitter:card\" content=\"summary_large_image\" \/>\n<meta name=\"twitter:label1\" content=\"Escrito por\" \/>\n\t<meta name=\"twitter:data1\" content=\"Vinicius Augusto Batista Eira\" \/>\n\t<meta name=\"twitter:label2\" content=\"Est. tempo de leitura\" \/>\n\t<meta name=\"twitter:data2\" content=\"2 minutos\" \/>\n<script type=\"application\/ld+json\" class=\"yoast-schema-graph\">{\"@context\":\"https:\\\/\\\/schema.org\",\"@graph\":[{\"@type\":\"Article\",\"@id\":\"https:\\\/\\\/www.cambe.pr.gov.br\\\/index.php\\\/ubs-do-cristal-passa-a-ter-atendimento-ampliado-para-casos-de-dengue-a-partir-de-segunda-feira-24\\\/#article\",\"isPartOf\":{\"@id\":\"https:\\\/\\\/www.cambe.pr.gov.br\\\/index.php\\\/ubs-do-cristal-passa-a-ter-atendimento-ampliado-para-casos-de-dengue-a-partir-de-segunda-feira-24\\\/\"},\"author\":{\"name\":\"Vinicius Augusto Batista Eira\",\"@id\":\"https:\\\/\\\/www.cambe.pr.gov.br\\\/#\\\/schema\\\/person\\\/8e3ee69cb2cadf4b9f8377407227effd\"},\"headline\":\"UBS do Cristal passa a ter atendimento ampliado para casos de dengue a partir de segunda-feira (24)\",\"datePublished\":\"2025-03-20T17:42:52+00:00\",\"mainEntityOfPage\":{\"@id\":\"https:\\\/\\\/www.cambe.pr.gov.br\\\/index.php\\\/ubs-do-cristal-passa-a-ter-atendimento-ampliado-para-casos-de-dengue-a-partir-de-segunda-feira-24\\\/\"},\"wordCount\":269,\"publisher\":{\"@id\":\"https:\\\/\\\/www.cambe.pr.gov.br\\\/#organization\"},\"image\":{\"@id\":\"https:\\\/\\\/www.cambe.pr.gov.br\\\/index.php\\\/ubs-do-cristal-passa-a-ter-atendimento-ampliado-para-casos-de-dengue-a-partir-de-segunda-feira-24\\\/#primaryimage\"},\"thumbnailUrl\":\"https:\\\/\\\/www.cambe.pr.gov.br\\\/wp-content\\\/uploads\\\/2025\\\/02\\\/DSC_0124-copiar-2-1024x678.jpg\",\"articleSection\":[\"Principal\"],\"inLanguage\":\"pt-BR\"},{\"@type\":\"WebPage\",\"@id\":\"https:\\\/\\\/www.cambe.pr.gov.br\\\/index.php\\\/ubs-do-cristal-passa-a-ter-atendimento-ampliado-para-casos-de-dengue-a-partir-de-segunda-feira-24\\\/\",\"url\":\"https:\\\/\\\/www.cambe.pr.gov.br\\\/index.php\\\/ubs-do-cristal-passa-a-ter-atendimento-ampliado-para-casos-de-dengue-a-partir-de-segunda-feira-24\\\/\",\"name\":\"UBS do Cristal passa a ter atendimento ampliado para casos de dengue a partir de segunda-feira (24) - Prefeitura de Camb\u00e9\",\"isPartOf\":{\"@id\":\"https:\\\/\\\/www.cambe.pr.gov.br\\\/#website\"},\"primaryImageOfPage\":{\"@id\":\"https:\\\/\\\/www.cambe.pr.gov.br\\\/index.php\\\/ubs-do-cristal-passa-a-ter-atendimento-ampliado-para-casos-de-dengue-a-partir-de-segunda-feira-24\\\/#primaryimage\"},\"image\":{\"@id\":\"https:\\\/\\\/www.cambe.pr.gov.br\\\/index.php\\\/ubs-do-cristal-passa-a-ter-atendimento-ampliado-para-casos-de-dengue-a-partir-de-segunda-feira-24\\\/#primaryimage\"},\"thumbnailUrl\":\"https:\\\/\\\/www.cambe.pr.gov.br\\\/wp-content\\\/uploads\\\/2025\\\/02\\\/DSC_0124-copiar-2-1024x678.jpg\",\"datePublished\":\"2025-03-20T17:42:52+00:00\",\"breadcrumb\":{\"@id\":\"https:\\\/\\\/www.cambe.pr.gov.br\\\/index.php\\\/ubs-do-cristal-passa-a-ter-atendimento-ampliado-para-casos-de-dengue-a-partir-de-segunda-feira-24\\\/#breadcrumb\"},\"inLanguage\":\"pt-BR\",\"potentialAction\":[{\"@type\":\"ReadAction\",\"target\":[\"https:\\\/\\\/www.cambe.pr.gov.br\\\/index.php\\\/ubs-do-cristal-passa-a-ter-atendimento-ampliado-para-casos-de-dengue-a-partir-de-segunda-feira-24\\\/\"]}]},{\"@type\":\"ImageObject\",\"inLanguage\":\"pt-BR\",\"@id\":\"https:\\\/\\\/www.cambe.pr.gov.br\\\/index.php\\\/ubs-do-cristal-passa-a-ter-atendimento-ampliado-para-casos-de-dengue-a-partir-de-segunda-feira-24\\\/#primaryimage\",\"url\":\"https:\\\/\\\/www.cambe.pr.gov.br\\\/wp-content\\\/uploads\\\/2025\\\/02\\\/DSC_0124-copiar-2-scaled.jpg\",\"contentUrl\":\"https:\\\/\\\/www.cambe.pr.gov.br\\\/wp-content\\\/uploads\\\/2025\\\/02\\\/DSC_0124-copiar-2-scaled.jpg\",\"width\":2560,\"height\":1696},{\"@type\":\"BreadcrumbList\",\"@id\":\"https:\\\/\\\/www.cambe.pr.gov.br\\\/index.php\\\/ubs-do-cristal-passa-a-ter-atendimento-ampliado-para-casos-de-dengue-a-partir-de-segunda-feira-24\\\/#breadcrumb\",\"itemListElement\":[{\"@type\":\"ListItem\",\"position\":1,\"name\":\"In\u00edcio\",\"item\":\"https:\\\/\\\/www.cambe.pr.gov.br\\\/\"},{\"@type\":\"ListItem\",\"position\":2,\"name\":\"UBS do Cristal passa a ter atendimento ampliado para casos de dengue a partir de segunda-feira (24)\"}]},{\"@type\":\"WebSite\",\"@id\":\"https:\\\/\\\/www.cambe.pr.gov.br\\\/#website\",\"url\":\"https:\\\/\\\/www.cambe.pr.gov.br\\\/\",\"name\":\"Prefeitura de Camb\u00e9\",\"description\":\"UM GOVERNO PARA TODOS\",\"publisher\":{\"@id\":\"https:\\\/\\\/www.cambe.pr.gov.br\\\/#organization\"},\"potentialAction\":[{\"@type\":\"SearchAction\",\"target\":{\"@type\":\"EntryPoint\",\"urlTemplate\":\"https:\\\/\\\/www.cambe.pr.gov.br\\\/?s={search_term_string}\"},\"query-input\":{\"@type\":\"PropertyValueSpecification\",\"valueRequired\":true,\"valueName\":\"search_term_string\"}}],\"inLanguage\":\"pt-BR\"},{\"@type\":\"Organization\",\"@id\":\"https:\\\/\\\/www.cambe.pr.gov.br\\\/#organization\",\"name\":\"Prefeitura de Camb\u00e9\",\"url\":\"https:\\\/\\\/www.cambe.pr.gov.br\\\/\",\"logo\":{\"@type\":\"ImageObject\",\"inLanguage\":\"pt-BR\",\"@id\":\"https:\\\/\\\/www.cambe.pr.gov.br\\\/#\\\/schema\\\/logo\\\/image\\\/\",\"url\":\"https:\\\/\\\/www.cambe.pr.gov.br\\\/wp-content\\\/uploads\\\/2021\\\/01\\\/cropped-cropped-cambe_brazao-icone.png\",\"contentUrl\":\"https:\\\/\\\/www.cambe.pr.gov.br\\\/wp-content\\\/uploads\\\/2021\\\/01\\\/cropped-cropped-cambe_brazao-icone.png\",\"width\":240,\"height\":240,\"caption\":\"Prefeitura de Camb\u00e9\"},\"image\":{\"@id\":\"https:\\\/\\\/www.cambe.pr.gov.br\\\/#\\\/schema\\\/logo\\\/image\\\/\"},\"sameAs\":[\"https:\\\/\\\/m.facebook.com\\\/prefeituradecambe\"]},{\"@type\":\"Person\",\"@id\":\"https:\\\/\\\/www.cambe.pr.gov.br\\\/#\\\/schema\\\/person\\\/8e3ee69cb2cadf4b9f8377407227effd\",\"name\":\"Vinicius Augusto Batista Eira\",\"image\":{\"@type\":\"ImageObject\",\"inLanguage\":\"pt-BR\",\"@id\":\"https:\\\/\\\/secure.gravatar.com\\\/avatar\\\/1ec500de7013b30e1d4d7c8c3978f0e4433c37e5d5e4cd186239369c6440122b?s=96&d=mm&r=g\",\"url\":\"https:\\\/\\\/secure.gravatar.com\\\/avatar\\\/1ec500de7013b30e1d4d7c8c3978f0e4433c37e5d5e4cd186239369c6440122b?s=96&d=mm&r=g\",\"contentUrl\":\"https:\\\/\\\/secure.gravatar.com\\\/avatar\\\/1ec500de7013b30e1d4d7c8c3978f0e4433c37e5d5e4cd186239369c6440122b?s=96&d=mm&r=g\",\"caption\":\"Vinicius Augusto Batista Eira\"},\"url\":\"https:\\\/\\\/www.cambe.pr.gov.br\\\/index.php\\\/author\\\/vabeira\\\/\"}]}<\/script>\n<!-- \/ Yoast SEO plugin. -->","yoast_head_json":{"title":"UBS do Cristal passa a ter atendimento ampliado para casos de dengue a partir de segunda-feira (24) - Prefeitura de Camb\u00e9","robots":{"index":"index","follow":"follow","max-snippet":"max-snippet:-1","max-image-preview":"max-image-preview:large","max-video-preview":"max-video-preview:-1"},"canonical":"https:\/\/www.cambe.pr.gov.br\/index.php\/ubs-do-cristal-passa-a-ter-atendimento-ampliado-para-casos-de-dengue-a-partir-de-segunda-feira-24\/","og_locale":"pt_BR","og_type":"article","og_title":"UBS do Cristal passa a ter atendimento ampliado para casos de dengue a partir de segunda-feira (24) - Prefeitura de Camb\u00e9","og_description":"Assim como o Jardim Silvino, a Unidade B\u00e1sica de Sa\u00fade (UBS) do Cristal passa a funcionar tamb\u00e9m como atendimento ampliado para casos de suspeita de dengue. A medida surge por conta dos altos \u00edndices da doen\u00e7a no munic\u00edpio e para garantir mais agilidade para pessoas que procuram a rede de sa\u00fade. A unidade vai funcionar [&hellip;]","og_url":"https:\/\/www.cambe.pr.gov.br\/index.php\/ubs-do-cristal-passa-a-ter-atendimento-ampliado-para-casos-de-dengue-a-partir-de-segunda-feira-24\/","og_site_name":"Prefeitura de Camb\u00e9","article_publisher":"https:\/\/m.facebook.com\/prefeituradecambe","article_published_time":"2025-03-20T17:42:52+00:00","og_image":[{"url":"https:\/\/www.cambe.pr.gov.br\/wp-content\/uploads\/2025\/02\/DSC_0124-copiar-2-1024x678.jpg","type":"","width":"","height":""}],"author":"Vinicius Augusto Batista Eira","twitter_card":"summary_large_image","twitter_misc":{"Escrito por":"Vinicius Augusto Batista Eira","Est. tempo de leitura":"2 minutos"},"schema":{"@context":"https:\/\/schema.org","@graph":[{"@type":"Article","@id":"https:\/\/www.cambe.pr.gov.br\/index.php\/ubs-do-cristal-passa-a-ter-atendimento-ampliado-para-casos-de-dengue-a-partir-de-segunda-feira-24\/#article","isPartOf":{"@id":"https:\/\/www.cambe.pr.gov.br\/index.php\/ubs-do-cristal-passa-a-ter-atendimento-ampliado-para-casos-de-dengue-a-partir-de-segunda-feira-24\/"},"author":{"name":"Vinicius Augusto Batista Eira","@id":"https:\/\/www.cambe.pr.gov.br\/#\/schema\/person\/8e3ee69cb2cadf4b9f8377407227effd"},"headline":"UBS do Cristal passa a ter atendimento ampliado para casos de dengue a partir de segunda-feira (24)","datePublished":"2025-03-20T17:42:52+00:00","mainEntityOfPage":{"@id":"https:\/\/www.cambe.pr.gov.br\/index.php\/ubs-do-cristal-passa-a-ter-atendimento-ampliado-para-casos-de-dengue-a-partir-de-segunda-feira-24\/"},"wordCount":269,"publisher":{"@id":"https:\/\/www.cambe.pr.gov.br\/#organization"},"image":{"@id":"https:\/\/www.cambe.pr.gov.br\/index.php\/ubs-do-cristal-passa-a-ter-atendimento-ampliado-para-casos-de-dengue-a-partir-de-segunda-feira-24\/#primaryimage"},"thumbnailUrl":"https:\/\/www.cambe.pr.gov.br\/wp-content\/uploads\/2025\/02\/DSC_0124-copiar-2-1024x678.jpg","articleSection":["Principal"],"inLanguage":"pt-BR"},{"@type":"WebPage","@id":"https:\/\/www.cambe.pr.gov.br\/index.php\/ubs-do-cristal-passa-a-ter-atendimento-ampliado-para-casos-de-dengue-a-partir-de-segunda-feira-24\/","url":"https:\/\/www.cambe.pr.gov.br\/index.php\/ubs-do-cristal-passa-a-ter-atendimento-ampliado-para-casos-de-dengue-a-partir-de-segunda-feira-24\/","name":"UBS do Cristal passa a ter atendimento ampliado para casos de dengue a partir de segunda-feira (24) - Prefeitura de Camb\u00e9","isPartOf":{"@id":"https:\/\/www.cambe.pr.gov.br\/#website"},"primaryImageOfPage":{"@id":"https:\/\/www.cambe.pr.gov.br\/index.php\/ubs-do-cristal-passa-a-ter-atendimento-ampliado-para-casos-de-dengue-a-partir-de-segunda-feira-24\/#primaryimage"},"image":{"@id":"https:\/\/www.cambe.pr.gov.br\/index.php\/ubs-do-cristal-passa-a-ter-atendimento-ampliado-para-casos-de-dengue-a-partir-de-segunda-feira-24\/#primaryimage"},"thumbnailUrl":"https:\/\/www.cambe.pr.gov.br\/wp-content\/uploads\/2025\/02\/DSC_0124-copiar-2-1024x678.jpg","datePublished":"2025-03-20T17:42:52+00:00","breadcrumb":{"@id":"https:\/\/www.cambe.pr.gov.br\/index.php\/ubs-do-cristal-passa-a-ter-atendimento-ampliado-para-casos-de-dengue-a-partir-de-segunda-feira-24\/#breadcrumb"},"inLanguage":"pt-BR","potentialAction":[{"@type":"ReadAction","target":["https:\/\/www.cambe.pr.gov.br\/index.php\/ubs-do-cristal-passa-a-ter-atendimento-ampliado-para-casos-de-dengue-a-partir-de-segunda-feira-24\/"]}]},{"@type":"ImageObject","inLanguage":"pt-BR","@id":"https:\/\/www.cambe.pr.gov.br\/index.php\/ubs-do-cristal-passa-a-ter-atendimento-ampliado-para-casos-de-dengue-a-partir-de-segunda-feira-24\/#primaryimage","url":"https:\/\/www.cambe.pr.gov.br\/wp-content\/uploads\/2025\/02\/DSC_0124-copiar-2-scaled.jpg","contentUrl":"https:\/\/www.cambe.pr.gov.br\/wp-content\/uploads\/2025\/02\/DSC_0124-copiar-2-scaled.jpg","width":2560,"height":1696},{"@type":"BreadcrumbList","@id":"https:\/\/www.cambe.pr.gov.br\/index.php\/ubs-do-cristal-passa-a-ter-atendimento-ampliado-para-casos-de-dengue-a-partir-de-segunda-feira-24\/#breadcrumb","itemListElement":[{"@type":"ListItem","position":1,"name":"In\u00edcio","item":"https:\/\/www.cambe.pr.gov.br\/"},{"@type":"ListItem","position":2,"name":"UBS do Cristal passa a ter atendimento ampliado para casos de dengue a partir de segunda-feira (24)"}]},{"@type":"WebSite","@id":"https:\/\/www.cambe.pr.gov.br\/#website","url":"https:\/\/www.cambe.pr.gov.br\/","name":"Prefeitura de Camb\u00e9","description":"UM GOVERNO PARA TODOS","publisher":{"@id":"https:\/\/www.cambe.pr.gov.br\/#organization"},"potentialAction":[{"@type":"SearchAction","target":{"@type":"EntryPoint","urlTemplate":"https:\/\/www.cambe.pr.gov.br\/?s={search_term_string}"},"query-input":{"@type":"PropertyValueSpecification","valueRequired":true,"valueName":"search_term_string"}}],"inLanguage":"pt-BR"},{"@type":"Organization","@id":"https:\/\/www.cambe.pr.gov.br\/#organization","name":"Prefeitura de Camb\u00e9","url":"https:\/\/www.cambe.pr.gov.br\/","logo":{"@type":"ImageObject","inLanguage":"pt-BR","@id":"https:\/\/www.cambe.pr.gov.br\/#\/schema\/logo\/image\/","url":"https:\/\/www.cambe.pr.gov.br\/wp-content\/uploads\/2021\/01\/cropped-cropped-cambe_brazao-icone.png","contentUrl":"https:\/\/www.cambe.pr.gov.br\/wp-content\/uploads\/2021\/01\/cropped-cropped-cambe_brazao-icone.png","width":240,"height":240,"caption":"Prefeitura de Camb\u00e9"},"image":{"@id":"https:\/\/www.cambe.pr.gov.br\/#\/schema\/logo\/image\/"},"sameAs":["https:\/\/m.facebook.com\/prefeituradecambe"]},{"@type":"Person","@id":"https:\/\/www.cambe.pr.gov.br\/#\/schema\/person\/8e3ee69cb2cadf4b9f8377407227effd","name":"Vinicius Augusto Batista Eira","image":{"@type":"ImageObject","inLanguage":"pt-BR","@id":"https:\/\/secure.gravatar.com\/avatar\/1ec500de7013b30e1d4d7c8c3978f0e4433c37e5d5e4cd186239369c6440122b?s=96&d=mm&r=g","url":"https:\/\/secure.gravatar.com\/avatar\/1ec500de7013b30e1d4d7c8c3978f0e4433c37e5d5e4cd186239369c6440122b?s=96&d=mm&r=g","contentUrl":"https:\/\/secure.gravatar.com\/avatar\/1ec500de7013b30e1d4d7c8c3978f0e4433c37e5d5e4cd186239369c6440122b?s=96&d=mm&r=g","caption":"Vinicius Augusto Batista Eira"},"url":"https:\/\/www.cambe.pr.gov.br\/index.php\/author\/vabeira\/"}]}},"_links":{"self":[{"href":"https:\/\/www.cambe.pr.gov.br\/index.php\/wp-json\/wp\/v2\/posts\/16457","targetHints":{"allow":["GET"]}}],"collection":[{"href":"https:\/\/www.cambe.pr.gov.br\/index.php\/wp-json\/wp\/v2\/posts"}],"about":[{"href":"https:\/\/www.cambe.pr.gov.br\/index.php\/wp-json\/wp\/v2\/types\/post"}],"author":[{"embeddable":true,"href":"https:\/\/www.cambe.pr.gov.br\/index.php\/wp-json\/wp\/v2\/users\/16"}],"replies":[{"embeddable":true,"href":"https:\/\/www.cambe.pr.gov.br\/index.php\/wp-json\/wp\/v2\/comments?post=16457"}],"version-history":[{"count":1,"href":"https:\/\/www.cambe.pr.gov.br\/index.php\/wp-json\/wp\/v2\/posts\/16457\/revisions"}],"predecessor-version":[{"id":16458,"href":"https:\/\/www.cambe.pr.gov.br\/index.php\/wp-json\/wp\/v2\/posts\/16457\/revisions\/16458"}],"wp:attachment":[{"href":"https:\/\/www.cambe.pr.gov.br\/index.php\/wp-json\/wp\/v2\/media?parent=16457"}],"wp:term":[{"taxonomy":"category","embeddable":true,"href":"https:\/\/www.cambe.pr.gov.br\/index.php\/wp-json\/wp\/v2\/categories?post=16457"},{"taxonomy":"post_tag","embeddable":true,"href":"https:\/\/www.cambe.pr.gov.br\/index.php\/wp-json\/wp\/v2\/tags?post=16457"}],"curies":[{"name":"wp","href":"https:\/\/api.w.org\/{rel}","templated":true}]}}