{"id":16453,"date":"2025-03-19T15:54:22","date_gmt":"2025-03-19T18:54:22","guid":{"rendered":"https:\/\/www.cambe.pr.gov.br\/?p=16453"},"modified":"2025-03-19T15:54:22","modified_gmt":"2025-03-19T18:54:22","slug":"regioes-do-novo-bandeirantes-e-algacyr-ferreira-recebem-mutirao-de-limpeza-nesta-semana","status":"publish","type":"post","link":"https:\/\/www.cambe.pr.gov.br\/index.php\/regioes-do-novo-bandeirantes-e-algacyr-ferreira-recebem-mutirao-de-limpeza-nesta-semana\/","title":{"rendered":"Regi\u00f5es do Novo Bandeirantes e Algacyr Ferreira recebem mutir\u00e3o de limpeza nesta semana"},"content":{"rendered":"<p style=\"text-align: justify;\"><span style=\"font-weight: 400; font-family: arial, helvetica, sans-serif;\"><img fetchpriority=\"high\" decoding=\"async\" class=\"alignleft size-large wp-image-15504\" src=\"https:\/\/www.cambe.pr.gov.br\/wp-content\/uploads\/2024\/11\/DSC_0052-1024x678.jpg\" alt=\"\" width=\"610\" height=\"404\" srcset=\"https:\/\/www.cambe.pr.gov.br\/wp-content\/uploads\/2024\/11\/DSC_0052-1024x678.jpg 1024w, https:\/\/www.cambe.pr.gov.br\/wp-content\/uploads\/2024\/11\/DSC_0052-300x199.jpg 300w, https:\/\/www.cambe.pr.gov.br\/wp-content\/uploads\/2024\/11\/DSC_0052-768x509.jpg 768w, https:\/\/www.cambe.pr.gov.br\/wp-content\/uploads\/2024\/11\/DSC_0052-1536x1017.jpg 1536w, https:\/\/www.cambe.pr.gov.br\/wp-content\/uploads\/2024\/11\/DSC_0052-2048x1356.jpg 2048w\" sizes=\"(max-width: 610px) 100vw, 610px\" \/>A Prefeitura, por meio da Secretaria Municipal de Sa\u00fade P\u00fablica, segue promovendo a\u00e7\u00f5es de combate a dengue, e a partir desta quinta-feira (20), realiza mais dois mutir\u00f5es de limpeza. Os caminh\u00f5es e agentes de endemias estar\u00e3o nas ruas de abrang\u00eancia das Unidades B\u00e1sicas de Sa\u00fade (UBS) do Novo Bandeirantes e Algacyr Ferreira. A a\u00e7\u00e3o ser\u00e1 das 7h \u00e0s 15h, e visa conter o avan\u00e7o da doen\u00e7a e ajudar moradores a limpar seus quintais. Se chover, o mutir\u00e3o ser\u00e1 adiado.<\/span><\/p>\n<p style=\"text-align: justify;\"><span style=\"font-weight: 400; font-family: arial, helvetica, sans-serif;\">Quinta (20) e sexta (21), o mutir\u00e3o ser\u00e1 na regi\u00e3o abrangente da UBS do Novo Bandeirantes. Fazem parte os seguintes bairros: Novo Bandeirantes, Ana Eliza, Ch\u00e1caras Maria Luiza, Ecoville e Terra de Santa Cruz.<\/span><\/p>\n<p style=\"text-align: justify;\"><span style=\"font-weight: 400; font-family: arial, helvetica, sans-serif;\">J\u00e1 no s\u00e1bado (22), o mutir\u00e3o ser\u00e1 na regi\u00e3o abrangente da UBS do Algacyr Ferreira. Fazem parte os seguintes bairros: \u00c1gua da Esperan\u00e7a, Morada das Flores, Golden Park, Josiane, Ana Eliza III, Morumbi, Jardim Elizabeth.<\/span><\/p>\n<p style=\"text-align: justify;\"><span style=\"font-weight: 400; font-family: arial, helvetica, sans-serif;\">Os agentes da Prefeitura recolhem objetos em geral que possam acumular \u00e1gua, m\u00f3veis e madeiras. N\u00e3o s\u00e3o recolhidos galhos, folhas, entulhos ou materiais de constru\u00e7\u00e3o. Esses materiais devem ser descartados corretamente.<\/span><\/p>\n<p style=\"text-align: justify;\"><span style=\"font-weight: 400; font-family: arial, helvetica, sans-serif;\">A Secretaria Municipal de Sa\u00fade P\u00fablica ainda recomenda que os cambeenses da regi\u00e3o coloquem os itens permitidos nas cal\u00e7adas de suas casas ainda na noite anterior, j\u00e1 que o caminh\u00e3o j\u00e1 pode ter passado na rua se o morador deixar para fazer isso no s\u00e1bado. Em alguns casos h\u00e1 muito volume de lixo para recolher, e caso os agentes n\u00e3o consigam fazer a limpeza no dia do mutir\u00e3o, os caminh\u00f5es retornam durante a semana para fazer a coleta.<\/span><\/p>\n","protected":false},"excerpt":{"rendered":"<p>A Prefeitura, por meio da Secretaria Municipal de Sa\u00fade P\u00fablica, segue promovendo a\u00e7\u00f5es de combate a dengue, e a partir desta quinta-feira (20), realiza mais dois mutir\u00f5es de limpeza. Os caminh\u00f5es e agentes de endemias estar\u00e3o nas ruas de abrang\u00eancia das Unidades B\u00e1sicas de Sa\u00fade (UBS) do Novo Bandeirantes e Algacyr Ferreira. A a\u00e7\u00e3o ser\u00e1 [&hellip;]<\/p>\n","protected":false},"author":16,"featured_media":0,"comment_status":"closed","ping_status":"closed","sticky":false,"template":"","format":"standard","meta":{"ngg_post_thumbnail":0,"footnotes":""},"categories":[1],"tags":[],"class_list":["post-16453","post","type-post","status-publish","format-standard","hentry","category-principal"],"yoast_head":"<!-- This site is optimized with the Yoast SEO plugin v27.4 - https:\/\/yoast.com\/product\/yoast-seo-wordpress\/ -->\n<title>Regi\u00f5es do Novo Bandeirantes e Algacyr Ferreira recebem mutir\u00e3o de limpeza nesta semana - Prefeitura de Camb\u00e9<\/title>\n<meta name=\"robots\" content=\"index, follow, max-snippet:-1, max-image-preview:large, max-video-preview:-1\" \/>\n<link rel=\"canonical\" href=\"https:\/\/www.cambe.pr.gov.br\/index.php\/regioes-do-novo-bandeirantes-e-algacyr-ferreira-recebem-mutirao-de-limpeza-nesta-semana\/\" \/>\n<meta property=\"og:locale\" content=\"pt_BR\" \/>\n<meta property=\"og:type\" content=\"article\" \/>\n<meta property=\"og:title\" content=\"Regi\u00f5es do Novo Bandeirantes e Algacyr Ferreira recebem mutir\u00e3o de limpeza nesta semana - Prefeitura de Camb\u00e9\" \/>\n<meta property=\"og:description\" content=\"A Prefeitura, por meio da Secretaria Municipal de Sa\u00fade P\u00fablica, segue promovendo a\u00e7\u00f5es de combate a dengue, e a partir desta quinta-feira (20), realiza mais dois mutir\u00f5es de limpeza. Os caminh\u00f5es e agentes de endemias estar\u00e3o nas ruas de abrang\u00eancia das Unidades B\u00e1sicas de Sa\u00fade (UBS) do Novo Bandeirantes e Algacyr Ferreira. A a\u00e7\u00e3o ser\u00e1 [&hellip;]\" \/>\n<meta property=\"og:url\" content=\"https:\/\/www.cambe.pr.gov.br\/index.php\/regioes-do-novo-bandeirantes-e-algacyr-ferreira-recebem-mutirao-de-limpeza-nesta-semana\/\" \/>\n<meta property=\"og:site_name\" content=\"Prefeitura de Camb\u00e9\" \/>\n<meta property=\"article:publisher\" content=\"https:\/\/m.facebook.com\/prefeituradecambe\" \/>\n<meta property=\"article:published_time\" content=\"2025-03-19T18:54:22+00:00\" \/>\n<meta property=\"og:image\" content=\"https:\/\/www.cambe.pr.gov.br\/wp-content\/uploads\/2024\/11\/DSC_0052-1024x678.jpg\" \/>\n<meta name=\"author\" content=\"Vinicius Augusto Batista Eira\" \/>\n<meta name=\"twitter:card\" content=\"summary_large_image\" \/>\n<meta name=\"twitter:label1\" content=\"Escrito por\" \/>\n\t<meta name=\"twitter:data1\" content=\"Vinicius Augusto Batista Eira\" \/>\n\t<meta name=\"twitter:label2\" content=\"Est. tempo de leitura\" \/>\n\t<meta name=\"twitter:data2\" content=\"2 minutos\" \/>\n<script type=\"application\/ld+json\" class=\"yoast-schema-graph\">{\"@context\":\"https:\\\/\\\/schema.org\",\"@graph\":[{\"@type\":\"Article\",\"@id\":\"https:\\\/\\\/www.cambe.pr.gov.br\\\/index.php\\\/regioes-do-novo-bandeirantes-e-algacyr-ferreira-recebem-mutirao-de-limpeza-nesta-semana\\\/#article\",\"isPartOf\":{\"@id\":\"https:\\\/\\\/www.cambe.pr.gov.br\\\/index.php\\\/regioes-do-novo-bandeirantes-e-algacyr-ferreira-recebem-mutirao-de-limpeza-nesta-semana\\\/\"},\"author\":{\"name\":\"Vinicius Augusto Batista Eira\",\"@id\":\"https:\\\/\\\/www.cambe.pr.gov.br\\\/#\\\/schema\\\/person\\\/8e3ee69cb2cadf4b9f8377407227effd\"},\"headline\":\"Regi\u00f5es do Novo Bandeirantes e Algacyr Ferreira recebem mutir\u00e3o de limpeza nesta semana\",\"datePublished\":\"2025-03-19T18:54:22+00:00\",\"mainEntityOfPage\":{\"@id\":\"https:\\\/\\\/www.cambe.pr.gov.br\\\/index.php\\\/regioes-do-novo-bandeirantes-e-algacyr-ferreira-recebem-mutirao-de-limpeza-nesta-semana\\\/\"},\"wordCount\":301,\"publisher\":{\"@id\":\"https:\\\/\\\/www.cambe.pr.gov.br\\\/#organization\"},\"image\":{\"@id\":\"https:\\\/\\\/www.cambe.pr.gov.br\\\/index.php\\\/regioes-do-novo-bandeirantes-e-algacyr-ferreira-recebem-mutirao-de-limpeza-nesta-semana\\\/#primaryimage\"},\"thumbnailUrl\":\"https:\\\/\\\/www.cambe.pr.gov.br\\\/wp-content\\\/uploads\\\/2024\\\/11\\\/DSC_0052-1024x678.jpg\",\"articleSection\":[\"Principal\"],\"inLanguage\":\"pt-BR\"},{\"@type\":\"WebPage\",\"@id\":\"https:\\\/\\\/www.cambe.pr.gov.br\\\/index.php\\\/regioes-do-novo-bandeirantes-e-algacyr-ferreira-recebem-mutirao-de-limpeza-nesta-semana\\\/\",\"url\":\"https:\\\/\\\/www.cambe.pr.gov.br\\\/index.php\\\/regioes-do-novo-bandeirantes-e-algacyr-ferreira-recebem-mutirao-de-limpeza-nesta-semana\\\/\",\"name\":\"Regi\u00f5es do Novo Bandeirantes e Algacyr Ferreira recebem mutir\u00e3o de limpeza nesta semana - Prefeitura de Camb\u00e9\",\"isPartOf\":{\"@id\":\"https:\\\/\\\/www.cambe.pr.gov.br\\\/#website\"},\"primaryImageOfPage\":{\"@id\":\"https:\\\/\\\/www.cambe.pr.gov.br\\\/index.php\\\/regioes-do-novo-bandeirantes-e-algacyr-ferreira-recebem-mutirao-de-limpeza-nesta-semana\\\/#primaryimage\"},\"image\":{\"@id\":\"https:\\\/\\\/www.cambe.pr.gov.br\\\/index.php\\\/regioes-do-novo-bandeirantes-e-algacyr-ferreira-recebem-mutirao-de-limpeza-nesta-semana\\\/#primaryimage\"},\"thumbnailUrl\":\"https:\\\/\\\/www.cambe.pr.gov.br\\\/wp-content\\\/uploads\\\/2024\\\/11\\\/DSC_0052-1024x678.jpg\",\"datePublished\":\"2025-03-19T18:54:22+00:00\",\"breadcrumb\":{\"@id\":\"https:\\\/\\\/www.cambe.pr.gov.br\\\/index.php\\\/regioes-do-novo-bandeirantes-e-algacyr-ferreira-recebem-mutirao-de-limpeza-nesta-semana\\\/#breadcrumb\"},\"inLanguage\":\"pt-BR\",\"potentialAction\":[{\"@type\":\"ReadAction\",\"target\":[\"https:\\\/\\\/www.cambe.pr.gov.br\\\/index.php\\\/regioes-do-novo-bandeirantes-e-algacyr-ferreira-recebem-mutirao-de-limpeza-nesta-semana\\\/\"]}]},{\"@type\":\"ImageObject\",\"inLanguage\":\"pt-BR\",\"@id\":\"https:\\\/\\\/www.cambe.pr.gov.br\\\/index.php\\\/regioes-do-novo-bandeirantes-e-algacyr-ferreira-recebem-mutirao-de-limpeza-nesta-semana\\\/#primaryimage\",\"url\":\"https:\\\/\\\/www.cambe.pr.gov.br\\\/wp-content\\\/uploads\\\/2024\\\/11\\\/DSC_0052-scaled.jpg\",\"contentUrl\":\"https:\\\/\\\/www.cambe.pr.gov.br\\\/wp-content\\\/uploads\\\/2024\\\/11\\\/DSC_0052-scaled.jpg\",\"width\":2560,\"height\":1696},{\"@type\":\"BreadcrumbList\",\"@id\":\"https:\\\/\\\/www.cambe.pr.gov.br\\\/index.php\\\/regioes-do-novo-bandeirantes-e-algacyr-ferreira-recebem-mutirao-de-limpeza-nesta-semana\\\/#breadcrumb\",\"itemListElement\":[{\"@type\":\"ListItem\",\"position\":1,\"name\":\"In\u00edcio\",\"item\":\"https:\\\/\\\/www.cambe.pr.gov.br\\\/\"},{\"@type\":\"ListItem\",\"position\":2,\"name\":\"Regi\u00f5es do Novo Bandeirantes e Algacyr Ferreira recebem mutir\u00e3o de limpeza nesta semana\"}]},{\"@type\":\"WebSite\",\"@id\":\"https:\\\/\\\/www.cambe.pr.gov.br\\\/#website\",\"url\":\"https:\\\/\\\/www.cambe.pr.gov.br\\\/\",\"name\":\"Prefeitura de Camb\u00e9\",\"description\":\"UM GOVERNO PARA TODOS\",\"publisher\":{\"@id\":\"https:\\\/\\\/www.cambe.pr.gov.br\\\/#organization\"},\"potentialAction\":[{\"@type\":\"SearchAction\",\"target\":{\"@type\":\"EntryPoint\",\"urlTemplate\":\"https:\\\/\\\/www.cambe.pr.gov.br\\\/?s={search_term_string}\"},\"query-input\":{\"@type\":\"PropertyValueSpecification\",\"valueRequired\":true,\"valueName\":\"search_term_string\"}}],\"inLanguage\":\"pt-BR\"},{\"@type\":\"Organization\",\"@id\":\"https:\\\/\\\/www.cambe.pr.gov.br\\\/#organization\",\"name\":\"Prefeitura de Camb\u00e9\",\"url\":\"https:\\\/\\\/www.cambe.pr.gov.br\\\/\",\"logo\":{\"@type\":\"ImageObject\",\"inLanguage\":\"pt-BR\",\"@id\":\"https:\\\/\\\/www.cambe.pr.gov.br\\\/#\\\/schema\\\/logo\\\/image\\\/\",\"url\":\"https:\\\/\\\/www.cambe.pr.gov.br\\\/wp-content\\\/uploads\\\/2021\\\/01\\\/cropped-cropped-cambe_brazao-icone.png\",\"contentUrl\":\"https:\\\/\\\/www.cambe.pr.gov.br\\\/wp-content\\\/uploads\\\/2021\\\/01\\\/cropped-cropped-cambe_brazao-icone.png\",\"width\":240,\"height\":240,\"caption\":\"Prefeitura de Camb\u00e9\"},\"image\":{\"@id\":\"https:\\\/\\\/www.cambe.pr.gov.br\\\/#\\\/schema\\\/logo\\\/image\\\/\"},\"sameAs\":[\"https:\\\/\\\/m.facebook.com\\\/prefeituradecambe\"]},{\"@type\":\"Person\",\"@id\":\"https:\\\/\\\/www.cambe.pr.gov.br\\\/#\\\/schema\\\/person\\\/8e3ee69cb2cadf4b9f8377407227effd\",\"name\":\"Vinicius Augusto Batista Eira\",\"image\":{\"@type\":\"ImageObject\",\"inLanguage\":\"pt-BR\",\"@id\":\"https:\\\/\\\/secure.gravatar.com\\\/avatar\\\/1ec500de7013b30e1d4d7c8c3978f0e4433c37e5d5e4cd186239369c6440122b?s=96&d=mm&r=g\",\"url\":\"https:\\\/\\\/secure.gravatar.com\\\/avatar\\\/1ec500de7013b30e1d4d7c8c3978f0e4433c37e5d5e4cd186239369c6440122b?s=96&d=mm&r=g\",\"contentUrl\":\"https:\\\/\\\/secure.gravatar.com\\\/avatar\\\/1ec500de7013b30e1d4d7c8c3978f0e4433c37e5d5e4cd186239369c6440122b?s=96&d=mm&r=g\",\"caption\":\"Vinicius Augusto Batista Eira\"},\"url\":\"https:\\\/\\\/www.cambe.pr.gov.br\\\/index.php\\\/author\\\/vabeira\\\/\"}]}<\/script>\n<!-- \/ Yoast SEO plugin. -->","yoast_head_json":{"title":"Regi\u00f5es do Novo Bandeirantes e Algacyr Ferreira recebem mutir\u00e3o de limpeza nesta semana - Prefeitura de Camb\u00e9","robots":{"index":"index","follow":"follow","max-snippet":"max-snippet:-1","max-image-preview":"max-image-preview:large","max-video-preview":"max-video-preview:-1"},"canonical":"https:\/\/www.cambe.pr.gov.br\/index.php\/regioes-do-novo-bandeirantes-e-algacyr-ferreira-recebem-mutirao-de-limpeza-nesta-semana\/","og_locale":"pt_BR","og_type":"article","og_title":"Regi\u00f5es do Novo Bandeirantes e Algacyr Ferreira recebem mutir\u00e3o de limpeza nesta semana - Prefeitura de Camb\u00e9","og_description":"A Prefeitura, por meio da Secretaria Municipal de Sa\u00fade P\u00fablica, segue promovendo a\u00e7\u00f5es de combate a dengue, e a partir desta quinta-feira (20), realiza mais dois mutir\u00f5es de limpeza. Os caminh\u00f5es e agentes de endemias estar\u00e3o nas ruas de abrang\u00eancia das Unidades B\u00e1sicas de Sa\u00fade (UBS) do Novo Bandeirantes e Algacyr Ferreira. A a\u00e7\u00e3o ser\u00e1 [&hellip;]","og_url":"https:\/\/www.cambe.pr.gov.br\/index.php\/regioes-do-novo-bandeirantes-e-algacyr-ferreira-recebem-mutirao-de-limpeza-nesta-semana\/","og_site_name":"Prefeitura de Camb\u00e9","article_publisher":"https:\/\/m.facebook.com\/prefeituradecambe","article_published_time":"2025-03-19T18:54:22+00:00","og_image":[{"url":"https:\/\/www.cambe.pr.gov.br\/wp-content\/uploads\/2024\/11\/DSC_0052-1024x678.jpg","type":"","width":"","height":""}],"author":"Vinicius Augusto Batista Eira","twitter_card":"summary_large_image","twitter_misc":{"Escrito por":"Vinicius Augusto Batista Eira","Est. tempo de leitura":"2 minutos"},"schema":{"@context":"https:\/\/schema.org","@graph":[{"@type":"Article","@id":"https:\/\/www.cambe.pr.gov.br\/index.php\/regioes-do-novo-bandeirantes-e-algacyr-ferreira-recebem-mutirao-de-limpeza-nesta-semana\/#article","isPartOf":{"@id":"https:\/\/www.cambe.pr.gov.br\/index.php\/regioes-do-novo-bandeirantes-e-algacyr-ferreira-recebem-mutirao-de-limpeza-nesta-semana\/"},"author":{"name":"Vinicius Augusto Batista Eira","@id":"https:\/\/www.cambe.pr.gov.br\/#\/schema\/person\/8e3ee69cb2cadf4b9f8377407227effd"},"headline":"Regi\u00f5es do Novo Bandeirantes e Algacyr Ferreira recebem mutir\u00e3o de limpeza nesta semana","datePublished":"2025-03-19T18:54:22+00:00","mainEntityOfPage":{"@id":"https:\/\/www.cambe.pr.gov.br\/index.php\/regioes-do-novo-bandeirantes-e-algacyr-ferreira-recebem-mutirao-de-limpeza-nesta-semana\/"},"wordCount":301,"publisher":{"@id":"https:\/\/www.cambe.pr.gov.br\/#organization"},"image":{"@id":"https:\/\/www.cambe.pr.gov.br\/index.php\/regioes-do-novo-bandeirantes-e-algacyr-ferreira-recebem-mutirao-de-limpeza-nesta-semana\/#primaryimage"},"thumbnailUrl":"https:\/\/www.cambe.pr.gov.br\/wp-content\/uploads\/2024\/11\/DSC_0052-1024x678.jpg","articleSection":["Principal"],"inLanguage":"pt-BR"},{"@type":"WebPage","@id":"https:\/\/www.cambe.pr.gov.br\/index.php\/regioes-do-novo-bandeirantes-e-algacyr-ferreira-recebem-mutirao-de-limpeza-nesta-semana\/","url":"https:\/\/www.cambe.pr.gov.br\/index.php\/regioes-do-novo-bandeirantes-e-algacyr-ferreira-recebem-mutirao-de-limpeza-nesta-semana\/","name":"Regi\u00f5es do Novo Bandeirantes e Algacyr Ferreira recebem mutir\u00e3o de limpeza nesta semana - Prefeitura de Camb\u00e9","isPartOf":{"@id":"https:\/\/www.cambe.pr.gov.br\/#website"},"primaryImageOfPage":{"@id":"https:\/\/www.cambe.pr.gov.br\/index.php\/regioes-do-novo-bandeirantes-e-algacyr-ferreira-recebem-mutirao-de-limpeza-nesta-semana\/#primaryimage"},"image":{"@id":"https:\/\/www.cambe.pr.gov.br\/index.php\/regioes-do-novo-bandeirantes-e-algacyr-ferreira-recebem-mutirao-de-limpeza-nesta-semana\/#primaryimage"},"thumbnailUrl":"https:\/\/www.cambe.pr.gov.br\/wp-content\/uploads\/2024\/11\/DSC_0052-1024x678.jpg","datePublished":"2025-03-19T18:54:22+00:00","breadcrumb":{"@id":"https:\/\/www.cambe.pr.gov.br\/index.php\/regioes-do-novo-bandeirantes-e-algacyr-ferreira-recebem-mutirao-de-limpeza-nesta-semana\/#breadcrumb"},"inLanguage":"pt-BR","potentialAction":[{"@type":"ReadAction","target":["https:\/\/www.cambe.pr.gov.br\/index.php\/regioes-do-novo-bandeirantes-e-algacyr-ferreira-recebem-mutirao-de-limpeza-nesta-semana\/"]}]},{"@type":"ImageObject","inLanguage":"pt-BR","@id":"https:\/\/www.cambe.pr.gov.br\/index.php\/regioes-do-novo-bandeirantes-e-algacyr-ferreira-recebem-mutirao-de-limpeza-nesta-semana\/#primaryimage","url":"https:\/\/www.cambe.pr.gov.br\/wp-content\/uploads\/2024\/11\/DSC_0052-scaled.jpg","contentUrl":"https:\/\/www.cambe.pr.gov.br\/wp-content\/uploads\/2024\/11\/DSC_0052-scaled.jpg","width":2560,"height":1696},{"@type":"BreadcrumbList","@id":"https:\/\/www.cambe.pr.gov.br\/index.php\/regioes-do-novo-bandeirantes-e-algacyr-ferreira-recebem-mutirao-de-limpeza-nesta-semana\/#breadcrumb","itemListElement":[{"@type":"ListItem","position":1,"name":"In\u00edcio","item":"https:\/\/www.cambe.pr.gov.br\/"},{"@type":"ListItem","position":2,"name":"Regi\u00f5es do Novo Bandeirantes e Algacyr Ferreira recebem mutir\u00e3o de limpeza nesta semana"}]},{"@type":"WebSite","@id":"https:\/\/www.cambe.pr.gov.br\/#website","url":"https:\/\/www.cambe.pr.gov.br\/","name":"Prefeitura de Camb\u00e9","description":"UM GOVERNO PARA TODOS","publisher":{"@id":"https:\/\/www.cambe.pr.gov.br\/#organization"},"potentialAction":[{"@type":"SearchAction","target":{"@type":"EntryPoint","urlTemplate":"https:\/\/www.cambe.pr.gov.br\/?s={search_term_string}"},"query-input":{"@type":"PropertyValueSpecification","valueRequired":true,"valueName":"search_term_string"}}],"inLanguage":"pt-BR"},{"@type":"Organization","@id":"https:\/\/www.cambe.pr.gov.br\/#organization","name":"Prefeitura de Camb\u00e9","url":"https:\/\/www.cambe.pr.gov.br\/","logo":{"@type":"ImageObject","inLanguage":"pt-BR","@id":"https:\/\/www.cambe.pr.gov.br\/#\/schema\/logo\/image\/","url":"https:\/\/www.cambe.pr.gov.br\/wp-content\/uploads\/2021\/01\/cropped-cropped-cambe_brazao-icone.png","contentUrl":"https:\/\/www.cambe.pr.gov.br\/wp-content\/uploads\/2021\/01\/cropped-cropped-cambe_brazao-icone.png","width":240,"height":240,"caption":"Prefeitura de Camb\u00e9"},"image":{"@id":"https:\/\/www.cambe.pr.gov.br\/#\/schema\/logo\/image\/"},"sameAs":["https:\/\/m.facebook.com\/prefeituradecambe"]},{"@type":"Person","@id":"https:\/\/www.cambe.pr.gov.br\/#\/schema\/person\/8e3ee69cb2cadf4b9f8377407227effd","name":"Vinicius Augusto Batista Eira","image":{"@type":"ImageObject","inLanguage":"pt-BR","@id":"https:\/\/secure.gravatar.com\/avatar\/1ec500de7013b30e1d4d7c8c3978f0e4433c37e5d5e4cd186239369c6440122b?s=96&d=mm&r=g","url":"https:\/\/secure.gravatar.com\/avatar\/1ec500de7013b30e1d4d7c8c3978f0e4433c37e5d5e4cd186239369c6440122b?s=96&d=mm&r=g","contentUrl":"https:\/\/secure.gravatar.com\/avatar\/1ec500de7013b30e1d4d7c8c3978f0e4433c37e5d5e4cd186239369c6440122b?s=96&d=mm&r=g","caption":"Vinicius Augusto Batista Eira"},"url":"https:\/\/www.cambe.pr.gov.br\/index.php\/author\/vabeira\/"}]}},"_links":{"self":[{"href":"https:\/\/www.cambe.pr.gov.br\/index.php\/wp-json\/wp\/v2\/posts\/16453","targetHints":{"allow":["GET"]}}],"collection":[{"href":"https:\/\/www.cambe.pr.gov.br\/index.php\/wp-json\/wp\/v2\/posts"}],"about":[{"href":"https:\/\/www.cambe.pr.gov.br\/index.php\/wp-json\/wp\/v2\/types\/post"}],"author":[{"embeddable":true,"href":"https:\/\/www.cambe.pr.gov.br\/index.php\/wp-json\/wp\/v2\/users\/16"}],"replies":[{"embeddable":true,"href":"https:\/\/www.cambe.pr.gov.br\/index.php\/wp-json\/wp\/v2\/comments?post=16453"}],"version-history":[{"count":1,"href":"https:\/\/www.cambe.pr.gov.br\/index.php\/wp-json\/wp\/v2\/posts\/16453\/revisions"}],"predecessor-version":[{"id":16454,"href":"https:\/\/www.cambe.pr.gov.br\/index.php\/wp-json\/wp\/v2\/posts\/16453\/revisions\/16454"}],"wp:attachment":[{"href":"https:\/\/www.cambe.pr.gov.br\/index.php\/wp-json\/wp\/v2\/media?parent=16453"}],"wp:term":[{"taxonomy":"category","embeddable":true,"href":"https:\/\/www.cambe.pr.gov.br\/index.php\/wp-json\/wp\/v2\/categories?post=16453"},{"taxonomy":"post_tag","embeddable":true,"href":"https:\/\/www.cambe.pr.gov.br\/index.php\/wp-json\/wp\/v2\/tags?post=16453"}],"curies":[{"name":"wp","href":"https:\/\/api.w.org\/{rel}","templated":true}]}}