{"id":16450,"date":"2025-03-19T15:26:03","date_gmt":"2025-03-19T18:26:03","guid":{"rendered":"https:\/\/www.cambe.pr.gov.br\/?p=16450"},"modified":"2025-03-19T15:26:03","modified_gmt":"2025-03-19T18:26:03","slug":"pelo-segundo-ano-consecutivo-cambe-recebe-certificado-do-estado-por-acoes-contra-hanseniase","status":"publish","type":"post","link":"https:\/\/www.cambe.pr.gov.br\/index.php\/pelo-segundo-ano-consecutivo-cambe-recebe-certificado-do-estado-por-acoes-contra-hanseniase\/","title":{"rendered":"Pelo segundo ano consecutivo, Camb\u00e9 recebe certificado do Estado por a\u00e7\u00f5es contra hansen\u00edase"},"content":{"rendered":"<p style=\"text-align: justify;\"><span style=\"font-weight: 400; font-family: arial, helvetica, sans-serif;\"><img fetchpriority=\"high\" decoding=\"async\" class=\"alignleft size-large wp-image-16451\" src=\"https:\/\/www.cambe.pr.gov.br\/wp-content\/uploads\/2025\/03\/Imagem-do-WhatsApp-de-2025-03-19-as-10.22.45_0aa97315-1024x768.jpg\" alt=\"\" width=\"610\" height=\"458\" srcset=\"https:\/\/www.cambe.pr.gov.br\/wp-content\/uploads\/2025\/03\/Imagem-do-WhatsApp-de-2025-03-19-as-10.22.45_0aa97315-1024x768.jpg 1024w, https:\/\/www.cambe.pr.gov.br\/wp-content\/uploads\/2025\/03\/Imagem-do-WhatsApp-de-2025-03-19-as-10.22.45_0aa97315-300x225.jpg 300w, https:\/\/www.cambe.pr.gov.br\/wp-content\/uploads\/2025\/03\/Imagem-do-WhatsApp-de-2025-03-19-as-10.22.45_0aa97315-768x576.jpg 768w, https:\/\/www.cambe.pr.gov.br\/wp-content\/uploads\/2025\/03\/Imagem-do-WhatsApp-de-2025-03-19-as-10.22.45_0aa97315-400x300.jpg 400w, https:\/\/www.cambe.pr.gov.br\/wp-content\/uploads\/2025\/03\/Imagem-do-WhatsApp-de-2025-03-19-as-10.22.45_0aa97315.jpg 1307w\" sizes=\"(max-width: 610px) 100vw, 610px\" \/>Nesta ter\u00e7a-feira (18), Camb\u00e9 recebeu o certificado de Men\u00e7\u00e3o Honrosa da Secretaria de Estado da Sa\u00fade do Paran\u00e1 pelo destaque em a\u00e7\u00f5es de busca ativa de casos, especialmente em locais com maior incid\u00eancia da doen\u00e7a. O documento foi obtido em reuni\u00e3o com a 17\u00aa Regional de Sa\u00fade, que promoveu um evento para verificar as a\u00e7\u00f5es executadas pelos munic\u00edpios e as metas alcan\u00e7adas no combate \u00e0 hansen\u00edase. \u00c9 o segundo ano seguido que Camb\u00e9 \u00e9 reconhecida.<\/span><\/p>\n<p style=\"text-align: justify;\"><span style=\"font-weight: 400; font-family: arial, helvetica, sans-serif;\">Como parte das a\u00e7\u00f5es, foram promovidos dois \u2018Dias da Mancha\u2019, nos quais 1.020 pessoas foram avaliadas nas Unidades B\u00e1sicas de Sa\u00fade do munic\u00edpio; e tamb\u00e9m a busca ativa de contatos, garantindo a Men\u00e7\u00e3o Honrosa pelas a\u00e7\u00f5es executadas e n\u00famero alto de pessoas avaliadas. Camb\u00e9 se destacou como segundo lugar na 17\u00aa Regional em busca ativa com question\u00e1rio de sintomas, e ainda a avalia\u00e7\u00e3o dos contatos nos \u00faltimos cinco anos.<\/span><\/p>\n<p style=\"text-align: justify;\"><span style=\"font-weight: 400; font-family: arial, helvetica, sans-serif;\">Rafaela Montanha, enfermeira do CTA e do Servi\u00e7o de Atendimento Especializado (SAE) em Infectologia, explicou que em 2025, Camb\u00e9 segue com novas metas, refor\u00e7ando o compromisso de identificar casos silenciosos de hansen\u00edase e garantir o tratamento adequado, prevenindo incapacidades na popula\u00e7\u00e3o.<\/span><\/p>\n<p style=\"text-align: justify;\"><span style=\"font-weight: 400; font-family: arial, helvetica, sans-serif;\">\u201cA hansen\u00edase \u00e9 uma doen\u00e7a silenciosa que pode causar incapacidades se n\u00e3o for tratada a tempo. A busca ativa \u00e9 essencial para identificar casos precocemente, permitindo tratamento r\u00e1pido, reduzindo a transmiss\u00e3o e evitando sequelas. Capacitar profissionais de sa\u00fade e conscientizar a popula\u00e7\u00e3o s\u00e3o passos fundamentais para combater o preconceito e incentivar o diagn\u00f3stico. A\u00e7\u00f5es como o \u201cDia da Mancha\u201d ajudam nesse processo. Se notar uma mancha com perda de sensibilidade, procure uma unidade de sa\u00fade\u201d, disse a enfermeira.<\/span><\/p>\n<p style=\"text-align: justify;\"><span style=\"font-weight: 400; font-family: arial, helvetica, sans-serif;\">No \u00faltimo ano, Camb\u00e9 recebeu o certificado por atos de busca ativa para diagn\u00f3stico da doen\u00e7a, e tamb\u00e9m ficou em 1\u00ba lugar entre as cidades que fazem parte da 17\u00aa Regional de Sa\u00fade na avalia\u00e7\u00e3o de contatos nos \u00faltimos cinco anos, e com maior percentual de avalia\u00e7\u00f5es de contatos com casos novos entre 2019 e 2023.<\/span><\/p>\n<p>&nbsp;<\/p>\n<p style=\"text-align: justify;\"><strong><span style=\"font-family: arial, helvetica, sans-serif;\">Hansen\u00edase<\/span><\/strong><\/p>\n<p style=\"text-align: justify;\"><span style=\"font-weight: 400; font-family: arial, helvetica, sans-serif;\">Segundo a Secretaria de Estado da Sa\u00fade, a hansen\u00edase \u00e9 uma doen\u00e7a cr\u00f4nica, causada pela bact\u00e9ria Mycobacterium leprae, que pode afetar qualquer pessoa. Ela caracteriza-se por altera\u00e7\u00e3o, diminui\u00e7\u00e3o ou perda da sensibilidade t\u00e9rmica, dolorosa, t\u00e1til e for\u00e7a muscular, principalmente em m\u00e3os, bra\u00e7os, p\u00e9s, pernas e olhos e pode gerar incapacidades permanentes e problemas nos nervos, por exemplo. Com isso, o diagn\u00f3stico precoce \u00e9 o elemento mais importante para evitar transmiss\u00e3o, complica\u00e7\u00f5es e defici\u00eancias.<\/span><\/p>\n<p style=\"text-align: justify;\"><span style=\"font-weight: 400; font-family: arial, helvetica, sans-serif;\">A bact\u00e9ria \u00e9 transmitida por meio de got\u00edculas de saliva expelidas na fala, tosse e espirro, em contatos pr\u00f3ximos e frequentes com doentes que ainda n\u00e3o iniciaram tratamento e que est\u00e3o em fases adiantadas da doen\u00e7a.<\/span><\/p>\n<p style=\"text-align: justify;\"><span style=\"font-weight: 400; font-family: arial, helvetica, sans-serif;\">Pessoas com a doen\u00e7a t\u00eam os nervos dos membros inferiores, superiores e face lentamente comprometidos. Ainda, as altera\u00e7\u00f5es podem passar despercebidas, muitas vezes s\u00f3 sendo detectadas quando j\u00e1 est\u00e3o avan\u00e7adas com manchas com perda ou altera\u00e7\u00e3o de sensibilidade para calor, dor ou tato; formigamentos, agulhadas, c\u00e2imbras ou dorm\u00eancia em membros inferiores ou superiores; diminui\u00e7\u00e3o da for\u00e7a muscular, dificuldade para pegar ou segurar objetos, ou manter cal\u00e7ados abertos nos p\u00e9s; nervos engrossados e doloridos, feridas dif\u00edceis de curar, principalmente em p\u00e9s e m\u00e3os; \u00e1reas da pele muito ressecadas, que n\u00e3o suam, com queda de pelos, (especialmente nas sobrancelhas), caro\u00e7os pelo corpo; coceira ou irrita\u00e7\u00e3o nos olhos; e entupimento, sangramento ou ferida no nariz.<\/span><\/p>\n<p style=\"text-align: justify;\"><span style=\"font-weight: 400; font-family: arial, helvetica, sans-serif;\">O Brasil \u00e9 o 2\u00ba pa\u00eds do mundo que mais registra casos novos de hansen\u00edase, atr\u00e1s somente da \u00cdndia. Em raz\u00e3o de sua elevada carga, a doen\u00e7a permanece como um importante problema de sa\u00fade p\u00fablica no pa\u00eds. Com isso, s\u00e3o desenvolvidas a\u00e7\u00f5es para busca ativa e contato com casos novos da doen\u00e7a, com tratamento j\u00e1 no in\u00edcio dos sintomas.<\/span><\/p>\n","protected":false},"excerpt":{"rendered":"<p>Nesta ter\u00e7a-feira (18), Camb\u00e9 recebeu o certificado de Men\u00e7\u00e3o Honrosa da Secretaria de Estado da Sa\u00fade do Paran\u00e1 pelo destaque em a\u00e7\u00f5es de busca ativa de casos, especialmente em locais com maior incid\u00eancia da doen\u00e7a. O documento foi obtido em reuni\u00e3o com a 17\u00aa Regional de Sa\u00fade, que promoveu um evento para verificar as a\u00e7\u00f5es [&hellip;]<\/p>\n","protected":false},"author":16,"featured_media":0,"comment_status":"closed","ping_status":"closed","sticky":false,"template":"","format":"standard","meta":{"ngg_post_thumbnail":0,"footnotes":""},"categories":[1],"tags":[],"class_list":["post-16450","post","type-post","status-publish","format-standard","hentry","category-principal"],"yoast_head":"<!-- This site is optimized with the Yoast SEO plugin v27.4 - https:\/\/yoast.com\/product\/yoast-seo-wordpress\/ -->\n<title>Pelo segundo ano consecutivo, Camb\u00e9 recebe certificado do Estado por a\u00e7\u00f5es contra hansen\u00edase - Prefeitura de Camb\u00e9<\/title>\n<meta name=\"robots\" content=\"index, follow, max-snippet:-1, max-image-preview:large, max-video-preview:-1\" \/>\n<link rel=\"canonical\" href=\"https:\/\/www.cambe.pr.gov.br\/index.php\/pelo-segundo-ano-consecutivo-cambe-recebe-certificado-do-estado-por-acoes-contra-hanseniase\/\" \/>\n<meta property=\"og:locale\" content=\"pt_BR\" \/>\n<meta property=\"og:type\" content=\"article\" \/>\n<meta property=\"og:title\" content=\"Pelo segundo ano consecutivo, Camb\u00e9 recebe certificado do Estado por a\u00e7\u00f5es contra hansen\u00edase - Prefeitura de Camb\u00e9\" \/>\n<meta property=\"og:description\" content=\"Nesta ter\u00e7a-feira (18), Camb\u00e9 recebeu o certificado de Men\u00e7\u00e3o Honrosa da Secretaria de Estado da Sa\u00fade do Paran\u00e1 pelo destaque em a\u00e7\u00f5es de busca ativa de casos, especialmente em locais com maior incid\u00eancia da doen\u00e7a. O documento foi obtido em reuni\u00e3o com a 17\u00aa Regional de Sa\u00fade, que promoveu um evento para verificar as a\u00e7\u00f5es [&hellip;]\" \/>\n<meta property=\"og:url\" content=\"https:\/\/www.cambe.pr.gov.br\/index.php\/pelo-segundo-ano-consecutivo-cambe-recebe-certificado-do-estado-por-acoes-contra-hanseniase\/\" \/>\n<meta property=\"og:site_name\" content=\"Prefeitura de Camb\u00e9\" \/>\n<meta property=\"article:publisher\" content=\"https:\/\/m.facebook.com\/prefeituradecambe\" \/>\n<meta property=\"article:published_time\" content=\"2025-03-19T18:26:03+00:00\" \/>\n<meta property=\"og:image\" content=\"https:\/\/www.cambe.pr.gov.br\/wp-content\/uploads\/2025\/03\/Imagem-do-WhatsApp-de-2025-03-19-as-10.22.45_0aa97315-1024x768.jpg\" \/>\n<meta name=\"author\" content=\"Vinicius Augusto Batista Eira\" \/>\n<meta name=\"twitter:card\" content=\"summary_large_image\" \/>\n<meta name=\"twitter:label1\" content=\"Escrito por\" \/>\n\t<meta name=\"twitter:data1\" content=\"Vinicius Augusto Batista Eira\" \/>\n\t<meta name=\"twitter:label2\" content=\"Est. tempo de leitura\" \/>\n\t<meta name=\"twitter:data2\" content=\"4 minutos\" \/>\n<script type=\"application\/ld+json\" class=\"yoast-schema-graph\">{\"@context\":\"https:\\\/\\\/schema.org\",\"@graph\":[{\"@type\":\"Article\",\"@id\":\"https:\\\/\\\/www.cambe.pr.gov.br\\\/index.php\\\/pelo-segundo-ano-consecutivo-cambe-recebe-certificado-do-estado-por-acoes-contra-hanseniase\\\/#article\",\"isPartOf\":{\"@id\":\"https:\\\/\\\/www.cambe.pr.gov.br\\\/index.php\\\/pelo-segundo-ano-consecutivo-cambe-recebe-certificado-do-estado-por-acoes-contra-hanseniase\\\/\"},\"author\":{\"name\":\"Vinicius Augusto Batista Eira\",\"@id\":\"https:\\\/\\\/www.cambe.pr.gov.br\\\/#\\\/schema\\\/person\\\/8e3ee69cb2cadf4b9f8377407227effd\"},\"headline\":\"Pelo segundo ano consecutivo, Camb\u00e9 recebe certificado do Estado por a\u00e7\u00f5es contra hansen\u00edase\",\"datePublished\":\"2025-03-19T18:26:03+00:00\",\"mainEntityOfPage\":{\"@id\":\"https:\\\/\\\/www.cambe.pr.gov.br\\\/index.php\\\/pelo-segundo-ano-consecutivo-cambe-recebe-certificado-do-estado-por-acoes-contra-hanseniase\\\/\"},\"wordCount\":694,\"publisher\":{\"@id\":\"https:\\\/\\\/www.cambe.pr.gov.br\\\/#organization\"},\"image\":{\"@id\":\"https:\\\/\\\/www.cambe.pr.gov.br\\\/index.php\\\/pelo-segundo-ano-consecutivo-cambe-recebe-certificado-do-estado-por-acoes-contra-hanseniase\\\/#primaryimage\"},\"thumbnailUrl\":\"https:\\\/\\\/www.cambe.pr.gov.br\\\/wp-content\\\/uploads\\\/2025\\\/03\\\/Imagem-do-WhatsApp-de-2025-03-19-as-10.22.45_0aa97315-1024x768.jpg\",\"articleSection\":[\"Principal\"],\"inLanguage\":\"pt-BR\"},{\"@type\":\"WebPage\",\"@id\":\"https:\\\/\\\/www.cambe.pr.gov.br\\\/index.php\\\/pelo-segundo-ano-consecutivo-cambe-recebe-certificado-do-estado-por-acoes-contra-hanseniase\\\/\",\"url\":\"https:\\\/\\\/www.cambe.pr.gov.br\\\/index.php\\\/pelo-segundo-ano-consecutivo-cambe-recebe-certificado-do-estado-por-acoes-contra-hanseniase\\\/\",\"name\":\"Pelo segundo ano consecutivo, Camb\u00e9 recebe certificado do Estado por a\u00e7\u00f5es contra hansen\u00edase - Prefeitura de Camb\u00e9\",\"isPartOf\":{\"@id\":\"https:\\\/\\\/www.cambe.pr.gov.br\\\/#website\"},\"primaryImageOfPage\":{\"@id\":\"https:\\\/\\\/www.cambe.pr.gov.br\\\/index.php\\\/pelo-segundo-ano-consecutivo-cambe-recebe-certificado-do-estado-por-acoes-contra-hanseniase\\\/#primaryimage\"},\"image\":{\"@id\":\"https:\\\/\\\/www.cambe.pr.gov.br\\\/index.php\\\/pelo-segundo-ano-consecutivo-cambe-recebe-certificado-do-estado-por-acoes-contra-hanseniase\\\/#primaryimage\"},\"thumbnailUrl\":\"https:\\\/\\\/www.cambe.pr.gov.br\\\/wp-content\\\/uploads\\\/2025\\\/03\\\/Imagem-do-WhatsApp-de-2025-03-19-as-10.22.45_0aa97315-1024x768.jpg\",\"datePublished\":\"2025-03-19T18:26:03+00:00\",\"breadcrumb\":{\"@id\":\"https:\\\/\\\/www.cambe.pr.gov.br\\\/index.php\\\/pelo-segundo-ano-consecutivo-cambe-recebe-certificado-do-estado-por-acoes-contra-hanseniase\\\/#breadcrumb\"},\"inLanguage\":\"pt-BR\",\"potentialAction\":[{\"@type\":\"ReadAction\",\"target\":[\"https:\\\/\\\/www.cambe.pr.gov.br\\\/index.php\\\/pelo-segundo-ano-consecutivo-cambe-recebe-certificado-do-estado-por-acoes-contra-hanseniase\\\/\"]}]},{\"@type\":\"ImageObject\",\"inLanguage\":\"pt-BR\",\"@id\":\"https:\\\/\\\/www.cambe.pr.gov.br\\\/index.php\\\/pelo-segundo-ano-consecutivo-cambe-recebe-certificado-do-estado-por-acoes-contra-hanseniase\\\/#primaryimage\",\"url\":\"https:\\\/\\\/www.cambe.pr.gov.br\\\/wp-content\\\/uploads\\\/2025\\\/03\\\/Imagem-do-WhatsApp-de-2025-03-19-as-10.22.45_0aa97315.jpg\",\"contentUrl\":\"https:\\\/\\\/www.cambe.pr.gov.br\\\/wp-content\\\/uploads\\\/2025\\\/03\\\/Imagem-do-WhatsApp-de-2025-03-19-as-10.22.45_0aa97315.jpg\",\"width\":1307,\"height\":980},{\"@type\":\"BreadcrumbList\",\"@id\":\"https:\\\/\\\/www.cambe.pr.gov.br\\\/index.php\\\/pelo-segundo-ano-consecutivo-cambe-recebe-certificado-do-estado-por-acoes-contra-hanseniase\\\/#breadcrumb\",\"itemListElement\":[{\"@type\":\"ListItem\",\"position\":1,\"name\":\"In\u00edcio\",\"item\":\"https:\\\/\\\/www.cambe.pr.gov.br\\\/\"},{\"@type\":\"ListItem\",\"position\":2,\"name\":\"Pelo segundo ano consecutivo, Camb\u00e9 recebe certificado do Estado por a\u00e7\u00f5es contra hansen\u00edase\"}]},{\"@type\":\"WebSite\",\"@id\":\"https:\\\/\\\/www.cambe.pr.gov.br\\\/#website\",\"url\":\"https:\\\/\\\/www.cambe.pr.gov.br\\\/\",\"name\":\"Prefeitura de Camb\u00e9\",\"description\":\"UM GOVERNO PARA TODOS\",\"publisher\":{\"@id\":\"https:\\\/\\\/www.cambe.pr.gov.br\\\/#organization\"},\"potentialAction\":[{\"@type\":\"SearchAction\",\"target\":{\"@type\":\"EntryPoint\",\"urlTemplate\":\"https:\\\/\\\/www.cambe.pr.gov.br\\\/?s={search_term_string}\"},\"query-input\":{\"@type\":\"PropertyValueSpecification\",\"valueRequired\":true,\"valueName\":\"search_term_string\"}}],\"inLanguage\":\"pt-BR\"},{\"@type\":\"Organization\",\"@id\":\"https:\\\/\\\/www.cambe.pr.gov.br\\\/#organization\",\"name\":\"Prefeitura de Camb\u00e9\",\"url\":\"https:\\\/\\\/www.cambe.pr.gov.br\\\/\",\"logo\":{\"@type\":\"ImageObject\",\"inLanguage\":\"pt-BR\",\"@id\":\"https:\\\/\\\/www.cambe.pr.gov.br\\\/#\\\/schema\\\/logo\\\/image\\\/\",\"url\":\"https:\\\/\\\/www.cambe.pr.gov.br\\\/wp-content\\\/uploads\\\/2021\\\/01\\\/cropped-cropped-cambe_brazao-icone.png\",\"contentUrl\":\"https:\\\/\\\/www.cambe.pr.gov.br\\\/wp-content\\\/uploads\\\/2021\\\/01\\\/cropped-cropped-cambe_brazao-icone.png\",\"width\":240,\"height\":240,\"caption\":\"Prefeitura de Camb\u00e9\"},\"image\":{\"@id\":\"https:\\\/\\\/www.cambe.pr.gov.br\\\/#\\\/schema\\\/logo\\\/image\\\/\"},\"sameAs\":[\"https:\\\/\\\/m.facebook.com\\\/prefeituradecambe\"]},{\"@type\":\"Person\",\"@id\":\"https:\\\/\\\/www.cambe.pr.gov.br\\\/#\\\/schema\\\/person\\\/8e3ee69cb2cadf4b9f8377407227effd\",\"name\":\"Vinicius Augusto Batista Eira\",\"image\":{\"@type\":\"ImageObject\",\"inLanguage\":\"pt-BR\",\"@id\":\"https:\\\/\\\/secure.gravatar.com\\\/avatar\\\/1ec500de7013b30e1d4d7c8c3978f0e4433c37e5d5e4cd186239369c6440122b?s=96&d=mm&r=g\",\"url\":\"https:\\\/\\\/secure.gravatar.com\\\/avatar\\\/1ec500de7013b30e1d4d7c8c3978f0e4433c37e5d5e4cd186239369c6440122b?s=96&d=mm&r=g\",\"contentUrl\":\"https:\\\/\\\/secure.gravatar.com\\\/avatar\\\/1ec500de7013b30e1d4d7c8c3978f0e4433c37e5d5e4cd186239369c6440122b?s=96&d=mm&r=g\",\"caption\":\"Vinicius Augusto Batista Eira\"},\"url\":\"https:\\\/\\\/www.cambe.pr.gov.br\\\/index.php\\\/author\\\/vabeira\\\/\"}]}<\/script>\n<!-- \/ Yoast SEO plugin. -->","yoast_head_json":{"title":"Pelo segundo ano consecutivo, Camb\u00e9 recebe certificado do Estado por a\u00e7\u00f5es contra hansen\u00edase - Prefeitura de Camb\u00e9","robots":{"index":"index","follow":"follow","max-snippet":"max-snippet:-1","max-image-preview":"max-image-preview:large","max-video-preview":"max-video-preview:-1"},"canonical":"https:\/\/www.cambe.pr.gov.br\/index.php\/pelo-segundo-ano-consecutivo-cambe-recebe-certificado-do-estado-por-acoes-contra-hanseniase\/","og_locale":"pt_BR","og_type":"article","og_title":"Pelo segundo ano consecutivo, Camb\u00e9 recebe certificado do Estado por a\u00e7\u00f5es contra hansen\u00edase - Prefeitura de Camb\u00e9","og_description":"Nesta ter\u00e7a-feira (18), Camb\u00e9 recebeu o certificado de Men\u00e7\u00e3o Honrosa da Secretaria de Estado da Sa\u00fade do Paran\u00e1 pelo destaque em a\u00e7\u00f5es de busca ativa de casos, especialmente em locais com maior incid\u00eancia da doen\u00e7a. O documento foi obtido em reuni\u00e3o com a 17\u00aa Regional de Sa\u00fade, que promoveu um evento para verificar as a\u00e7\u00f5es [&hellip;]","og_url":"https:\/\/www.cambe.pr.gov.br\/index.php\/pelo-segundo-ano-consecutivo-cambe-recebe-certificado-do-estado-por-acoes-contra-hanseniase\/","og_site_name":"Prefeitura de Camb\u00e9","article_publisher":"https:\/\/m.facebook.com\/prefeituradecambe","article_published_time":"2025-03-19T18:26:03+00:00","og_image":[{"url":"https:\/\/www.cambe.pr.gov.br\/wp-content\/uploads\/2025\/03\/Imagem-do-WhatsApp-de-2025-03-19-as-10.22.45_0aa97315-1024x768.jpg","type":"","width":"","height":""}],"author":"Vinicius Augusto Batista Eira","twitter_card":"summary_large_image","twitter_misc":{"Escrito por":"Vinicius Augusto Batista Eira","Est. tempo de leitura":"4 minutos"},"schema":{"@context":"https:\/\/schema.org","@graph":[{"@type":"Article","@id":"https:\/\/www.cambe.pr.gov.br\/index.php\/pelo-segundo-ano-consecutivo-cambe-recebe-certificado-do-estado-por-acoes-contra-hanseniase\/#article","isPartOf":{"@id":"https:\/\/www.cambe.pr.gov.br\/index.php\/pelo-segundo-ano-consecutivo-cambe-recebe-certificado-do-estado-por-acoes-contra-hanseniase\/"},"author":{"name":"Vinicius Augusto Batista Eira","@id":"https:\/\/www.cambe.pr.gov.br\/#\/schema\/person\/8e3ee69cb2cadf4b9f8377407227effd"},"headline":"Pelo segundo ano consecutivo, Camb\u00e9 recebe certificado do Estado por a\u00e7\u00f5es contra hansen\u00edase","datePublished":"2025-03-19T18:26:03+00:00","mainEntityOfPage":{"@id":"https:\/\/www.cambe.pr.gov.br\/index.php\/pelo-segundo-ano-consecutivo-cambe-recebe-certificado-do-estado-por-acoes-contra-hanseniase\/"},"wordCount":694,"publisher":{"@id":"https:\/\/www.cambe.pr.gov.br\/#organization"},"image":{"@id":"https:\/\/www.cambe.pr.gov.br\/index.php\/pelo-segundo-ano-consecutivo-cambe-recebe-certificado-do-estado-por-acoes-contra-hanseniase\/#primaryimage"},"thumbnailUrl":"https:\/\/www.cambe.pr.gov.br\/wp-content\/uploads\/2025\/03\/Imagem-do-WhatsApp-de-2025-03-19-as-10.22.45_0aa97315-1024x768.jpg","articleSection":["Principal"],"inLanguage":"pt-BR"},{"@type":"WebPage","@id":"https:\/\/www.cambe.pr.gov.br\/index.php\/pelo-segundo-ano-consecutivo-cambe-recebe-certificado-do-estado-por-acoes-contra-hanseniase\/","url":"https:\/\/www.cambe.pr.gov.br\/index.php\/pelo-segundo-ano-consecutivo-cambe-recebe-certificado-do-estado-por-acoes-contra-hanseniase\/","name":"Pelo segundo ano consecutivo, Camb\u00e9 recebe certificado do Estado por a\u00e7\u00f5es contra hansen\u00edase - Prefeitura de Camb\u00e9","isPartOf":{"@id":"https:\/\/www.cambe.pr.gov.br\/#website"},"primaryImageOfPage":{"@id":"https:\/\/www.cambe.pr.gov.br\/index.php\/pelo-segundo-ano-consecutivo-cambe-recebe-certificado-do-estado-por-acoes-contra-hanseniase\/#primaryimage"},"image":{"@id":"https:\/\/www.cambe.pr.gov.br\/index.php\/pelo-segundo-ano-consecutivo-cambe-recebe-certificado-do-estado-por-acoes-contra-hanseniase\/#primaryimage"},"thumbnailUrl":"https:\/\/www.cambe.pr.gov.br\/wp-content\/uploads\/2025\/03\/Imagem-do-WhatsApp-de-2025-03-19-as-10.22.45_0aa97315-1024x768.jpg","datePublished":"2025-03-19T18:26:03+00:00","breadcrumb":{"@id":"https:\/\/www.cambe.pr.gov.br\/index.php\/pelo-segundo-ano-consecutivo-cambe-recebe-certificado-do-estado-por-acoes-contra-hanseniase\/#breadcrumb"},"inLanguage":"pt-BR","potentialAction":[{"@type":"ReadAction","target":["https:\/\/www.cambe.pr.gov.br\/index.php\/pelo-segundo-ano-consecutivo-cambe-recebe-certificado-do-estado-por-acoes-contra-hanseniase\/"]}]},{"@type":"ImageObject","inLanguage":"pt-BR","@id":"https:\/\/www.cambe.pr.gov.br\/index.php\/pelo-segundo-ano-consecutivo-cambe-recebe-certificado-do-estado-por-acoes-contra-hanseniase\/#primaryimage","url":"https:\/\/www.cambe.pr.gov.br\/wp-content\/uploads\/2025\/03\/Imagem-do-WhatsApp-de-2025-03-19-as-10.22.45_0aa97315.jpg","contentUrl":"https:\/\/www.cambe.pr.gov.br\/wp-content\/uploads\/2025\/03\/Imagem-do-WhatsApp-de-2025-03-19-as-10.22.45_0aa97315.jpg","width":1307,"height":980},{"@type":"BreadcrumbList","@id":"https:\/\/www.cambe.pr.gov.br\/index.php\/pelo-segundo-ano-consecutivo-cambe-recebe-certificado-do-estado-por-acoes-contra-hanseniase\/#breadcrumb","itemListElement":[{"@type":"ListItem","position":1,"name":"In\u00edcio","item":"https:\/\/www.cambe.pr.gov.br\/"},{"@type":"ListItem","position":2,"name":"Pelo segundo ano consecutivo, Camb\u00e9 recebe certificado do Estado por a\u00e7\u00f5es contra hansen\u00edase"}]},{"@type":"WebSite","@id":"https:\/\/www.cambe.pr.gov.br\/#website","url":"https:\/\/www.cambe.pr.gov.br\/","name":"Prefeitura de Camb\u00e9","description":"UM GOVERNO PARA TODOS","publisher":{"@id":"https:\/\/www.cambe.pr.gov.br\/#organization"},"potentialAction":[{"@type":"SearchAction","target":{"@type":"EntryPoint","urlTemplate":"https:\/\/www.cambe.pr.gov.br\/?s={search_term_string}"},"query-input":{"@type":"PropertyValueSpecification","valueRequired":true,"valueName":"search_term_string"}}],"inLanguage":"pt-BR"},{"@type":"Organization","@id":"https:\/\/www.cambe.pr.gov.br\/#organization","name":"Prefeitura de Camb\u00e9","url":"https:\/\/www.cambe.pr.gov.br\/","logo":{"@type":"ImageObject","inLanguage":"pt-BR","@id":"https:\/\/www.cambe.pr.gov.br\/#\/schema\/logo\/image\/","url":"https:\/\/www.cambe.pr.gov.br\/wp-content\/uploads\/2021\/01\/cropped-cropped-cambe_brazao-icone.png","contentUrl":"https:\/\/www.cambe.pr.gov.br\/wp-content\/uploads\/2021\/01\/cropped-cropped-cambe_brazao-icone.png","width":240,"height":240,"caption":"Prefeitura de Camb\u00e9"},"image":{"@id":"https:\/\/www.cambe.pr.gov.br\/#\/schema\/logo\/image\/"},"sameAs":["https:\/\/m.facebook.com\/prefeituradecambe"]},{"@type":"Person","@id":"https:\/\/www.cambe.pr.gov.br\/#\/schema\/person\/8e3ee69cb2cadf4b9f8377407227effd","name":"Vinicius Augusto Batista Eira","image":{"@type":"ImageObject","inLanguage":"pt-BR","@id":"https:\/\/secure.gravatar.com\/avatar\/1ec500de7013b30e1d4d7c8c3978f0e4433c37e5d5e4cd186239369c6440122b?s=96&d=mm&r=g","url":"https:\/\/secure.gravatar.com\/avatar\/1ec500de7013b30e1d4d7c8c3978f0e4433c37e5d5e4cd186239369c6440122b?s=96&d=mm&r=g","contentUrl":"https:\/\/secure.gravatar.com\/avatar\/1ec500de7013b30e1d4d7c8c3978f0e4433c37e5d5e4cd186239369c6440122b?s=96&d=mm&r=g","caption":"Vinicius Augusto Batista Eira"},"url":"https:\/\/www.cambe.pr.gov.br\/index.php\/author\/vabeira\/"}]}},"_links":{"self":[{"href":"https:\/\/www.cambe.pr.gov.br\/index.php\/wp-json\/wp\/v2\/posts\/16450","targetHints":{"allow":["GET"]}}],"collection":[{"href":"https:\/\/www.cambe.pr.gov.br\/index.php\/wp-json\/wp\/v2\/posts"}],"about":[{"href":"https:\/\/www.cambe.pr.gov.br\/index.php\/wp-json\/wp\/v2\/types\/post"}],"author":[{"embeddable":true,"href":"https:\/\/www.cambe.pr.gov.br\/index.php\/wp-json\/wp\/v2\/users\/16"}],"replies":[{"embeddable":true,"href":"https:\/\/www.cambe.pr.gov.br\/index.php\/wp-json\/wp\/v2\/comments?post=16450"}],"version-history":[{"count":1,"href":"https:\/\/www.cambe.pr.gov.br\/index.php\/wp-json\/wp\/v2\/posts\/16450\/revisions"}],"predecessor-version":[{"id":16452,"href":"https:\/\/www.cambe.pr.gov.br\/index.php\/wp-json\/wp\/v2\/posts\/16450\/revisions\/16452"}],"wp:attachment":[{"href":"https:\/\/www.cambe.pr.gov.br\/index.php\/wp-json\/wp\/v2\/media?parent=16450"}],"wp:term":[{"taxonomy":"category","embeddable":true,"href":"https:\/\/www.cambe.pr.gov.br\/index.php\/wp-json\/wp\/v2\/categories?post=16450"},{"taxonomy":"post_tag","embeddable":true,"href":"https:\/\/www.cambe.pr.gov.br\/index.php\/wp-json\/wp\/v2\/tags?post=16450"}],"curies":[{"name":"wp","href":"https:\/\/api.w.org\/{rel}","templated":true}]}}