{"id":16447,"date":"2025-03-19T11:14:38","date_gmt":"2025-03-19T14:14:38","guid":{"rendered":"https:\/\/www.cambe.pr.gov.br\/?p=16447"},"modified":"2025-03-19T11:14:38","modified_gmt":"2025-03-19T14:14:38","slug":"cambe-atinge-meta-de-40-agentes-de-cidadania-nas-atividades-do-centro-da-juventude","status":"publish","type":"post","link":"https:\/\/www.cambe.pr.gov.br\/index.php\/cambe-atinge-meta-de-40-agentes-de-cidadania-nas-atividades-do-centro-da-juventude\/","title":{"rendered":"Camb\u00e9 atinge meta de 40 Agentes de Cidadania nas atividades do Centro da Juventude"},"content":{"rendered":"<p style=\"text-align: justify;\"><span style=\"font-weight: 400; font-family: arial, helvetica, sans-serif;\"><img fetchpriority=\"high\" decoding=\"async\" class=\"alignleft size-large wp-image-16448\" src=\"https:\/\/www.cambe.pr.gov.br\/wp-content\/uploads\/2025\/03\/Imagem-do-WhatsApp-de-2025-03-19-as-10.10.29_a355421b-1024x768.jpg\" alt=\"\" width=\"610\" height=\"458\" srcset=\"https:\/\/www.cambe.pr.gov.br\/wp-content\/uploads\/2025\/03\/Imagem-do-WhatsApp-de-2025-03-19-as-10.10.29_a355421b-1024x768.jpg 1024w, https:\/\/www.cambe.pr.gov.br\/wp-content\/uploads\/2025\/03\/Imagem-do-WhatsApp-de-2025-03-19-as-10.10.29_a355421b-300x225.jpg 300w, https:\/\/www.cambe.pr.gov.br\/wp-content\/uploads\/2025\/03\/Imagem-do-WhatsApp-de-2025-03-19-as-10.10.29_a355421b-768x576.jpg 768w, https:\/\/www.cambe.pr.gov.br\/wp-content\/uploads\/2025\/03\/Imagem-do-WhatsApp-de-2025-03-19-as-10.10.29_a355421b-400x300.jpg 400w, https:\/\/www.cambe.pr.gov.br\/wp-content\/uploads\/2025\/03\/Imagem-do-WhatsApp-de-2025-03-19-as-10.10.29_a355421b.jpg 1280w\" sizes=\"(max-width: 610px) 100vw, 610px\" \/>Em uma oportunidade de mudar de vida, 40 jovens e adolescentes se inscreveram no programa Agentes de Cidadania, em uma parceria da Prefeitura com o Governo do Estado. Mensalmente, os agentes recebem bolsa de R$ 400 e multiplicam seus conhecimentos com a comunidade, ou atuam como monitores, nas atividades fornecidas pelo Centro da Juventude, atrav\u00e9s da Secretaria de Esportes e Lazer. Camb\u00e9 tinha direito h\u00e1 40 bolsas e todas as vagas foram preenchidas. Agora, a Secretaria vai fazer uma solicita\u00e7\u00e3o para amplia\u00e7\u00e3o dessas metas, e que mais pessoas possam ser beneficiadas.<\/span><\/p>\n<p style=\"text-align: justify;\"><span style=\"font-weight: 400; font-family: arial, helvetica, sans-serif;\">O programa Agentes de Cidadania \u00e9 desenvolvido pela Secretaria do Desenvolvimento Social e Fam\u00edlia do Governo do Estado. A a\u00e7\u00e3o d\u00e1 a oportunidade para jovens e adolescentes de 14 a 24 anos levarem mais conhecimento para a comunidade. Os Agentes de Cidadania podem atuar como monitores junto a professores, ou apresentar um projeto para ministrar aulas ou oficinas com acompanhamento e assessoria de respons\u00e1vel.<\/span><\/p>\n<p style=\"text-align: justify;\"><span style=\"font-weight: 400; font-family: arial, helvetica, sans-serif;\">A coordenadora do Centro da Juventude, Silmeri Rossi, explica ainda que o agente, antes de come\u00e7ar a atuar, precisa apresentar o projeto para a comiss\u00e3o do Centro composta pelo Conselho da Crian\u00e7a e do Adolescente, Conselho Municipal da Assist\u00eancia e o \u00f3rg\u00e3o gestor da Pol\u00edtica de Assist\u00eancia. Al\u00e9m disso, os Agentes tamb\u00e9m passam por forma\u00e7\u00e3o durante o per\u00edodo, seja por oficinas ou mensalmente com um tema estadual. No dia 28, na sexta-feira da pr\u00f3xima semana, eles ir\u00e3o trabalhar com o tema viol\u00eancia contra a mulher e viol\u00eancia de g\u00eanero.<\/span><\/p>\n<p style=\"text-align: justify;\"><span style=\"font-weight: 400; font-family: arial, helvetica, sans-serif;\">\u201cT\u00ednhamos aqui uma m\u00e9dia de oito, nove agentes, e hoje conseguimos 40. E ficamos muito felizes porque sabemos que \u00e9 um programa que faz diferen\u00e7a na vida deles. \u00c9 o esporte, a Secretaria de Esporte e essa parceria do Governo do Estado com a Prefeitura contribuindo com o crescimento pessoal e profissional deles. \u00c9 uma grande oportunidade de crescimento pessoal e profissional dos agentes contemplados, tornando-se protagonistas no processo de ensino aprendizagem. Al\u00e9m disso, procuramos priorizar, principalmente, aqueles que se encontram em situa\u00e7\u00e3o de vulnerabilidades pessoal e social, visto que a bolsa pode auxiliar nos seus gastos pessoais, e muitos tamb\u00e9m conseguem contribuir com as despesas da casa\u201d, destacou a coordenadora.<\/span><\/p>\n<p>&nbsp;<\/p>\n<p style=\"text-align: justify;\"><strong><span style=\"font-family: arial, helvetica, sans-serif;\">Atividades do Centro da Juventude<\/span><\/strong><\/p>\n<p style=\"text-align: justify;\"><span style=\"font-weight: 400; font-family: arial, helvetica, sans-serif;\">O Centro da Juventude, coordenado pela Secretaria de Esportes e Lazer, oferece diversas atividades e oficinas, esportivas e culturais, gratuitas para a comunidade. Com o aux\u00edlio dos 40 agentes, hoje, cerca de 600 pessoas est\u00e3o matriculadas e tem acesso a aulas de arteterapia, bal\u00e9, basquete, dan\u00e7a, desenho, futsal masculino, futsal misto, gin\u00e1stica r\u00edtmica, handebol misto, jud\u00f4, kickboxing, muscula\u00e7\u00e3o, taekwondo, teatro, t\u00eanis de mesa, v\u00f4lei feminino, v\u00f4lei misto e wrestling.<\/span><\/p>\n<p style=\"text-align: justify;\"><span style=\"font-weight: 400; font-family: arial, helvetica, sans-serif;\">O Centro da Juventude fica localizado na Avenida Pedro Viriato Parigot de Souza, 953.<\/span><\/p>\n","protected":false},"excerpt":{"rendered":"<p>Em uma oportunidade de mudar de vida, 40 jovens e adolescentes se inscreveram no programa Agentes de Cidadania, em uma parceria da Prefeitura com o Governo do Estado. Mensalmente, os agentes recebem bolsa de R$ 400 e multiplicam seus conhecimentos com a comunidade, ou atuam como monitores, nas atividades fornecidas pelo Centro da Juventude, atrav\u00e9s [&hellip;]<\/p>\n","protected":false},"author":16,"featured_media":0,"comment_status":"closed","ping_status":"closed","sticky":false,"template":"","format":"standard","meta":{"ngg_post_thumbnail":0,"footnotes":""},"categories":[1],"tags":[],"class_list":["post-16447","post","type-post","status-publish","format-standard","hentry","category-principal"],"yoast_head":"<!-- This site is optimized with the Yoast SEO plugin v27.4 - https:\/\/yoast.com\/product\/yoast-seo-wordpress\/ -->\n<title>Camb\u00e9 atinge meta de 40 Agentes de Cidadania nas atividades do Centro da Juventude - Prefeitura de Camb\u00e9<\/title>\n<meta name=\"robots\" content=\"index, follow, max-snippet:-1, max-image-preview:large, max-video-preview:-1\" \/>\n<link rel=\"canonical\" href=\"https:\/\/www.cambe.pr.gov.br\/index.php\/cambe-atinge-meta-de-40-agentes-de-cidadania-nas-atividades-do-centro-da-juventude\/\" \/>\n<meta property=\"og:locale\" content=\"pt_BR\" \/>\n<meta property=\"og:type\" content=\"article\" \/>\n<meta property=\"og:title\" content=\"Camb\u00e9 atinge meta de 40 Agentes de Cidadania nas atividades do Centro da Juventude - Prefeitura de Camb\u00e9\" \/>\n<meta property=\"og:description\" content=\"Em uma oportunidade de mudar de vida, 40 jovens e adolescentes se inscreveram no programa Agentes de Cidadania, em uma parceria da Prefeitura com o Governo do Estado. Mensalmente, os agentes recebem bolsa de R$ 400 e multiplicam seus conhecimentos com a comunidade, ou atuam como monitores, nas atividades fornecidas pelo Centro da Juventude, atrav\u00e9s [&hellip;]\" \/>\n<meta property=\"og:url\" content=\"https:\/\/www.cambe.pr.gov.br\/index.php\/cambe-atinge-meta-de-40-agentes-de-cidadania-nas-atividades-do-centro-da-juventude\/\" \/>\n<meta property=\"og:site_name\" content=\"Prefeitura de Camb\u00e9\" \/>\n<meta property=\"article:publisher\" content=\"https:\/\/m.facebook.com\/prefeituradecambe\" \/>\n<meta property=\"article:published_time\" content=\"2025-03-19T14:14:38+00:00\" \/>\n<meta property=\"og:image\" content=\"https:\/\/www.cambe.pr.gov.br\/wp-content\/uploads\/2025\/03\/Imagem-do-WhatsApp-de-2025-03-19-as-10.10.29_a355421b-1024x768.jpg\" \/>\n<meta name=\"author\" content=\"Vinicius Augusto Batista Eira\" \/>\n<meta name=\"twitter:card\" content=\"summary_large_image\" \/>\n<meta name=\"twitter:label1\" content=\"Escrito por\" \/>\n\t<meta name=\"twitter:data1\" content=\"Vinicius Augusto Batista Eira\" \/>\n\t<meta name=\"twitter:label2\" content=\"Est. tempo de leitura\" \/>\n\t<meta name=\"twitter:data2\" content=\"3 minutos\" \/>\n<script type=\"application\/ld+json\" class=\"yoast-schema-graph\">{\"@context\":\"https:\\\/\\\/schema.org\",\"@graph\":[{\"@type\":\"Article\",\"@id\":\"https:\\\/\\\/www.cambe.pr.gov.br\\\/index.php\\\/cambe-atinge-meta-de-40-agentes-de-cidadania-nas-atividades-do-centro-da-juventude\\\/#article\",\"isPartOf\":{\"@id\":\"https:\\\/\\\/www.cambe.pr.gov.br\\\/index.php\\\/cambe-atinge-meta-de-40-agentes-de-cidadania-nas-atividades-do-centro-da-juventude\\\/\"},\"author\":{\"name\":\"Vinicius Augusto Batista Eira\",\"@id\":\"https:\\\/\\\/www.cambe.pr.gov.br\\\/#\\\/schema\\\/person\\\/8e3ee69cb2cadf4b9f8377407227effd\"},\"headline\":\"Camb\u00e9 atinge meta de 40 Agentes de Cidadania nas atividades do Centro da Juventude\",\"datePublished\":\"2025-03-19T14:14:38+00:00\",\"mainEntityOfPage\":{\"@id\":\"https:\\\/\\\/www.cambe.pr.gov.br\\\/index.php\\\/cambe-atinge-meta-de-40-agentes-de-cidadania-nas-atividades-do-centro-da-juventude\\\/\"},\"wordCount\":480,\"publisher\":{\"@id\":\"https:\\\/\\\/www.cambe.pr.gov.br\\\/#organization\"},\"image\":{\"@id\":\"https:\\\/\\\/www.cambe.pr.gov.br\\\/index.php\\\/cambe-atinge-meta-de-40-agentes-de-cidadania-nas-atividades-do-centro-da-juventude\\\/#primaryimage\"},\"thumbnailUrl\":\"https:\\\/\\\/www.cambe.pr.gov.br\\\/wp-content\\\/uploads\\\/2025\\\/03\\\/Imagem-do-WhatsApp-de-2025-03-19-as-10.10.29_a355421b-1024x768.jpg\",\"articleSection\":[\"Principal\"],\"inLanguage\":\"pt-BR\"},{\"@type\":\"WebPage\",\"@id\":\"https:\\\/\\\/www.cambe.pr.gov.br\\\/index.php\\\/cambe-atinge-meta-de-40-agentes-de-cidadania-nas-atividades-do-centro-da-juventude\\\/\",\"url\":\"https:\\\/\\\/www.cambe.pr.gov.br\\\/index.php\\\/cambe-atinge-meta-de-40-agentes-de-cidadania-nas-atividades-do-centro-da-juventude\\\/\",\"name\":\"Camb\u00e9 atinge meta de 40 Agentes de Cidadania nas atividades do Centro da Juventude - Prefeitura de Camb\u00e9\",\"isPartOf\":{\"@id\":\"https:\\\/\\\/www.cambe.pr.gov.br\\\/#website\"},\"primaryImageOfPage\":{\"@id\":\"https:\\\/\\\/www.cambe.pr.gov.br\\\/index.php\\\/cambe-atinge-meta-de-40-agentes-de-cidadania-nas-atividades-do-centro-da-juventude\\\/#primaryimage\"},\"image\":{\"@id\":\"https:\\\/\\\/www.cambe.pr.gov.br\\\/index.php\\\/cambe-atinge-meta-de-40-agentes-de-cidadania-nas-atividades-do-centro-da-juventude\\\/#primaryimage\"},\"thumbnailUrl\":\"https:\\\/\\\/www.cambe.pr.gov.br\\\/wp-content\\\/uploads\\\/2025\\\/03\\\/Imagem-do-WhatsApp-de-2025-03-19-as-10.10.29_a355421b-1024x768.jpg\",\"datePublished\":\"2025-03-19T14:14:38+00:00\",\"breadcrumb\":{\"@id\":\"https:\\\/\\\/www.cambe.pr.gov.br\\\/index.php\\\/cambe-atinge-meta-de-40-agentes-de-cidadania-nas-atividades-do-centro-da-juventude\\\/#breadcrumb\"},\"inLanguage\":\"pt-BR\",\"potentialAction\":[{\"@type\":\"ReadAction\",\"target\":[\"https:\\\/\\\/www.cambe.pr.gov.br\\\/index.php\\\/cambe-atinge-meta-de-40-agentes-de-cidadania-nas-atividades-do-centro-da-juventude\\\/\"]}]},{\"@type\":\"ImageObject\",\"inLanguage\":\"pt-BR\",\"@id\":\"https:\\\/\\\/www.cambe.pr.gov.br\\\/index.php\\\/cambe-atinge-meta-de-40-agentes-de-cidadania-nas-atividades-do-centro-da-juventude\\\/#primaryimage\",\"url\":\"https:\\\/\\\/www.cambe.pr.gov.br\\\/wp-content\\\/uploads\\\/2025\\\/03\\\/Imagem-do-WhatsApp-de-2025-03-19-as-10.10.29_a355421b.jpg\",\"contentUrl\":\"https:\\\/\\\/www.cambe.pr.gov.br\\\/wp-content\\\/uploads\\\/2025\\\/03\\\/Imagem-do-WhatsApp-de-2025-03-19-as-10.10.29_a355421b.jpg\",\"width\":1280,\"height\":960},{\"@type\":\"BreadcrumbList\",\"@id\":\"https:\\\/\\\/www.cambe.pr.gov.br\\\/index.php\\\/cambe-atinge-meta-de-40-agentes-de-cidadania-nas-atividades-do-centro-da-juventude\\\/#breadcrumb\",\"itemListElement\":[{\"@type\":\"ListItem\",\"position\":1,\"name\":\"In\u00edcio\",\"item\":\"https:\\\/\\\/www.cambe.pr.gov.br\\\/\"},{\"@type\":\"ListItem\",\"position\":2,\"name\":\"Camb\u00e9 atinge meta de 40 Agentes de Cidadania nas atividades do Centro da Juventude\"}]},{\"@type\":\"WebSite\",\"@id\":\"https:\\\/\\\/www.cambe.pr.gov.br\\\/#website\",\"url\":\"https:\\\/\\\/www.cambe.pr.gov.br\\\/\",\"name\":\"Prefeitura de Camb\u00e9\",\"description\":\"UM GOVERNO PARA TODOS\",\"publisher\":{\"@id\":\"https:\\\/\\\/www.cambe.pr.gov.br\\\/#organization\"},\"potentialAction\":[{\"@type\":\"SearchAction\",\"target\":{\"@type\":\"EntryPoint\",\"urlTemplate\":\"https:\\\/\\\/www.cambe.pr.gov.br\\\/?s={search_term_string}\"},\"query-input\":{\"@type\":\"PropertyValueSpecification\",\"valueRequired\":true,\"valueName\":\"search_term_string\"}}],\"inLanguage\":\"pt-BR\"},{\"@type\":\"Organization\",\"@id\":\"https:\\\/\\\/www.cambe.pr.gov.br\\\/#organization\",\"name\":\"Prefeitura de Camb\u00e9\",\"url\":\"https:\\\/\\\/www.cambe.pr.gov.br\\\/\",\"logo\":{\"@type\":\"ImageObject\",\"inLanguage\":\"pt-BR\",\"@id\":\"https:\\\/\\\/www.cambe.pr.gov.br\\\/#\\\/schema\\\/logo\\\/image\\\/\",\"url\":\"https:\\\/\\\/www.cambe.pr.gov.br\\\/wp-content\\\/uploads\\\/2021\\\/01\\\/cropped-cropped-cambe_brazao-icone.png\",\"contentUrl\":\"https:\\\/\\\/www.cambe.pr.gov.br\\\/wp-content\\\/uploads\\\/2021\\\/01\\\/cropped-cropped-cambe_brazao-icone.png\",\"width\":240,\"height\":240,\"caption\":\"Prefeitura de Camb\u00e9\"},\"image\":{\"@id\":\"https:\\\/\\\/www.cambe.pr.gov.br\\\/#\\\/schema\\\/logo\\\/image\\\/\"},\"sameAs\":[\"https:\\\/\\\/m.facebook.com\\\/prefeituradecambe\"]},{\"@type\":\"Person\",\"@id\":\"https:\\\/\\\/www.cambe.pr.gov.br\\\/#\\\/schema\\\/person\\\/8e3ee69cb2cadf4b9f8377407227effd\",\"name\":\"Vinicius Augusto Batista Eira\",\"image\":{\"@type\":\"ImageObject\",\"inLanguage\":\"pt-BR\",\"@id\":\"https:\\\/\\\/secure.gravatar.com\\\/avatar\\\/1ec500de7013b30e1d4d7c8c3978f0e4433c37e5d5e4cd186239369c6440122b?s=96&d=mm&r=g\",\"url\":\"https:\\\/\\\/secure.gravatar.com\\\/avatar\\\/1ec500de7013b30e1d4d7c8c3978f0e4433c37e5d5e4cd186239369c6440122b?s=96&d=mm&r=g\",\"contentUrl\":\"https:\\\/\\\/secure.gravatar.com\\\/avatar\\\/1ec500de7013b30e1d4d7c8c3978f0e4433c37e5d5e4cd186239369c6440122b?s=96&d=mm&r=g\",\"caption\":\"Vinicius Augusto Batista Eira\"},\"url\":\"https:\\\/\\\/www.cambe.pr.gov.br\\\/index.php\\\/author\\\/vabeira\\\/\"}]}<\/script>\n<!-- \/ Yoast SEO plugin. -->","yoast_head_json":{"title":"Camb\u00e9 atinge meta de 40 Agentes de Cidadania nas atividades do Centro da Juventude - Prefeitura de Camb\u00e9","robots":{"index":"index","follow":"follow","max-snippet":"max-snippet:-1","max-image-preview":"max-image-preview:large","max-video-preview":"max-video-preview:-1"},"canonical":"https:\/\/www.cambe.pr.gov.br\/index.php\/cambe-atinge-meta-de-40-agentes-de-cidadania-nas-atividades-do-centro-da-juventude\/","og_locale":"pt_BR","og_type":"article","og_title":"Camb\u00e9 atinge meta de 40 Agentes de Cidadania nas atividades do Centro da Juventude - Prefeitura de Camb\u00e9","og_description":"Em uma oportunidade de mudar de vida, 40 jovens e adolescentes se inscreveram no programa Agentes de Cidadania, em uma parceria da Prefeitura com o Governo do Estado. Mensalmente, os agentes recebem bolsa de R$ 400 e multiplicam seus conhecimentos com a comunidade, ou atuam como monitores, nas atividades fornecidas pelo Centro da Juventude, atrav\u00e9s [&hellip;]","og_url":"https:\/\/www.cambe.pr.gov.br\/index.php\/cambe-atinge-meta-de-40-agentes-de-cidadania-nas-atividades-do-centro-da-juventude\/","og_site_name":"Prefeitura de Camb\u00e9","article_publisher":"https:\/\/m.facebook.com\/prefeituradecambe","article_published_time":"2025-03-19T14:14:38+00:00","og_image":[{"url":"https:\/\/www.cambe.pr.gov.br\/wp-content\/uploads\/2025\/03\/Imagem-do-WhatsApp-de-2025-03-19-as-10.10.29_a355421b-1024x768.jpg","type":"","width":"","height":""}],"author":"Vinicius Augusto Batista Eira","twitter_card":"summary_large_image","twitter_misc":{"Escrito por":"Vinicius Augusto Batista Eira","Est. tempo de leitura":"3 minutos"},"schema":{"@context":"https:\/\/schema.org","@graph":[{"@type":"Article","@id":"https:\/\/www.cambe.pr.gov.br\/index.php\/cambe-atinge-meta-de-40-agentes-de-cidadania-nas-atividades-do-centro-da-juventude\/#article","isPartOf":{"@id":"https:\/\/www.cambe.pr.gov.br\/index.php\/cambe-atinge-meta-de-40-agentes-de-cidadania-nas-atividades-do-centro-da-juventude\/"},"author":{"name":"Vinicius Augusto Batista Eira","@id":"https:\/\/www.cambe.pr.gov.br\/#\/schema\/person\/8e3ee69cb2cadf4b9f8377407227effd"},"headline":"Camb\u00e9 atinge meta de 40 Agentes de Cidadania nas atividades do Centro da Juventude","datePublished":"2025-03-19T14:14:38+00:00","mainEntityOfPage":{"@id":"https:\/\/www.cambe.pr.gov.br\/index.php\/cambe-atinge-meta-de-40-agentes-de-cidadania-nas-atividades-do-centro-da-juventude\/"},"wordCount":480,"publisher":{"@id":"https:\/\/www.cambe.pr.gov.br\/#organization"},"image":{"@id":"https:\/\/www.cambe.pr.gov.br\/index.php\/cambe-atinge-meta-de-40-agentes-de-cidadania-nas-atividades-do-centro-da-juventude\/#primaryimage"},"thumbnailUrl":"https:\/\/www.cambe.pr.gov.br\/wp-content\/uploads\/2025\/03\/Imagem-do-WhatsApp-de-2025-03-19-as-10.10.29_a355421b-1024x768.jpg","articleSection":["Principal"],"inLanguage":"pt-BR"},{"@type":"WebPage","@id":"https:\/\/www.cambe.pr.gov.br\/index.php\/cambe-atinge-meta-de-40-agentes-de-cidadania-nas-atividades-do-centro-da-juventude\/","url":"https:\/\/www.cambe.pr.gov.br\/index.php\/cambe-atinge-meta-de-40-agentes-de-cidadania-nas-atividades-do-centro-da-juventude\/","name":"Camb\u00e9 atinge meta de 40 Agentes de Cidadania nas atividades do Centro da Juventude - Prefeitura de Camb\u00e9","isPartOf":{"@id":"https:\/\/www.cambe.pr.gov.br\/#website"},"primaryImageOfPage":{"@id":"https:\/\/www.cambe.pr.gov.br\/index.php\/cambe-atinge-meta-de-40-agentes-de-cidadania-nas-atividades-do-centro-da-juventude\/#primaryimage"},"image":{"@id":"https:\/\/www.cambe.pr.gov.br\/index.php\/cambe-atinge-meta-de-40-agentes-de-cidadania-nas-atividades-do-centro-da-juventude\/#primaryimage"},"thumbnailUrl":"https:\/\/www.cambe.pr.gov.br\/wp-content\/uploads\/2025\/03\/Imagem-do-WhatsApp-de-2025-03-19-as-10.10.29_a355421b-1024x768.jpg","datePublished":"2025-03-19T14:14:38+00:00","breadcrumb":{"@id":"https:\/\/www.cambe.pr.gov.br\/index.php\/cambe-atinge-meta-de-40-agentes-de-cidadania-nas-atividades-do-centro-da-juventude\/#breadcrumb"},"inLanguage":"pt-BR","potentialAction":[{"@type":"ReadAction","target":["https:\/\/www.cambe.pr.gov.br\/index.php\/cambe-atinge-meta-de-40-agentes-de-cidadania-nas-atividades-do-centro-da-juventude\/"]}]},{"@type":"ImageObject","inLanguage":"pt-BR","@id":"https:\/\/www.cambe.pr.gov.br\/index.php\/cambe-atinge-meta-de-40-agentes-de-cidadania-nas-atividades-do-centro-da-juventude\/#primaryimage","url":"https:\/\/www.cambe.pr.gov.br\/wp-content\/uploads\/2025\/03\/Imagem-do-WhatsApp-de-2025-03-19-as-10.10.29_a355421b.jpg","contentUrl":"https:\/\/www.cambe.pr.gov.br\/wp-content\/uploads\/2025\/03\/Imagem-do-WhatsApp-de-2025-03-19-as-10.10.29_a355421b.jpg","width":1280,"height":960},{"@type":"BreadcrumbList","@id":"https:\/\/www.cambe.pr.gov.br\/index.php\/cambe-atinge-meta-de-40-agentes-de-cidadania-nas-atividades-do-centro-da-juventude\/#breadcrumb","itemListElement":[{"@type":"ListItem","position":1,"name":"In\u00edcio","item":"https:\/\/www.cambe.pr.gov.br\/"},{"@type":"ListItem","position":2,"name":"Camb\u00e9 atinge meta de 40 Agentes de Cidadania nas atividades do Centro da Juventude"}]},{"@type":"WebSite","@id":"https:\/\/www.cambe.pr.gov.br\/#website","url":"https:\/\/www.cambe.pr.gov.br\/","name":"Prefeitura de Camb\u00e9","description":"UM GOVERNO PARA TODOS","publisher":{"@id":"https:\/\/www.cambe.pr.gov.br\/#organization"},"potentialAction":[{"@type":"SearchAction","target":{"@type":"EntryPoint","urlTemplate":"https:\/\/www.cambe.pr.gov.br\/?s={search_term_string}"},"query-input":{"@type":"PropertyValueSpecification","valueRequired":true,"valueName":"search_term_string"}}],"inLanguage":"pt-BR"},{"@type":"Organization","@id":"https:\/\/www.cambe.pr.gov.br\/#organization","name":"Prefeitura de Camb\u00e9","url":"https:\/\/www.cambe.pr.gov.br\/","logo":{"@type":"ImageObject","inLanguage":"pt-BR","@id":"https:\/\/www.cambe.pr.gov.br\/#\/schema\/logo\/image\/","url":"https:\/\/www.cambe.pr.gov.br\/wp-content\/uploads\/2021\/01\/cropped-cropped-cambe_brazao-icone.png","contentUrl":"https:\/\/www.cambe.pr.gov.br\/wp-content\/uploads\/2021\/01\/cropped-cropped-cambe_brazao-icone.png","width":240,"height":240,"caption":"Prefeitura de Camb\u00e9"},"image":{"@id":"https:\/\/www.cambe.pr.gov.br\/#\/schema\/logo\/image\/"},"sameAs":["https:\/\/m.facebook.com\/prefeituradecambe"]},{"@type":"Person","@id":"https:\/\/www.cambe.pr.gov.br\/#\/schema\/person\/8e3ee69cb2cadf4b9f8377407227effd","name":"Vinicius Augusto Batista Eira","image":{"@type":"ImageObject","inLanguage":"pt-BR","@id":"https:\/\/secure.gravatar.com\/avatar\/1ec500de7013b30e1d4d7c8c3978f0e4433c37e5d5e4cd186239369c6440122b?s=96&d=mm&r=g","url":"https:\/\/secure.gravatar.com\/avatar\/1ec500de7013b30e1d4d7c8c3978f0e4433c37e5d5e4cd186239369c6440122b?s=96&d=mm&r=g","contentUrl":"https:\/\/secure.gravatar.com\/avatar\/1ec500de7013b30e1d4d7c8c3978f0e4433c37e5d5e4cd186239369c6440122b?s=96&d=mm&r=g","caption":"Vinicius Augusto Batista Eira"},"url":"https:\/\/www.cambe.pr.gov.br\/index.php\/author\/vabeira\/"}]}},"_links":{"self":[{"href":"https:\/\/www.cambe.pr.gov.br\/index.php\/wp-json\/wp\/v2\/posts\/16447","targetHints":{"allow":["GET"]}}],"collection":[{"href":"https:\/\/www.cambe.pr.gov.br\/index.php\/wp-json\/wp\/v2\/posts"}],"about":[{"href":"https:\/\/www.cambe.pr.gov.br\/index.php\/wp-json\/wp\/v2\/types\/post"}],"author":[{"embeddable":true,"href":"https:\/\/www.cambe.pr.gov.br\/index.php\/wp-json\/wp\/v2\/users\/16"}],"replies":[{"embeddable":true,"href":"https:\/\/www.cambe.pr.gov.br\/index.php\/wp-json\/wp\/v2\/comments?post=16447"}],"version-history":[{"count":1,"href":"https:\/\/www.cambe.pr.gov.br\/index.php\/wp-json\/wp\/v2\/posts\/16447\/revisions"}],"predecessor-version":[{"id":16449,"href":"https:\/\/www.cambe.pr.gov.br\/index.php\/wp-json\/wp\/v2\/posts\/16447\/revisions\/16449"}],"wp:attachment":[{"href":"https:\/\/www.cambe.pr.gov.br\/index.php\/wp-json\/wp\/v2\/media?parent=16447"}],"wp:term":[{"taxonomy":"category","embeddable":true,"href":"https:\/\/www.cambe.pr.gov.br\/index.php\/wp-json\/wp\/v2\/categories?post=16447"},{"taxonomy":"post_tag","embeddable":true,"href":"https:\/\/www.cambe.pr.gov.br\/index.php\/wp-json\/wp\/v2\/tags?post=16447"}],"curies":[{"name":"wp","href":"https:\/\/api.w.org\/{rel}","templated":true}]}}