{"id":16327,"date":"2025-03-12T10:28:19","date_gmt":"2025-03-12T13:28:19","guid":{"rendered":"https:\/\/www.cambe.pr.gov.br\/?p=16327"},"modified":"2025-03-12T10:32:51","modified_gmt":"2025-03-12T13:32:51","slug":"transito-na-rua-pirapo-esta-interditado-por-rompimento-de-tubulacao-da-sanepar","status":"publish","type":"post","link":"https:\/\/www.cambe.pr.gov.br\/index.php\/transito-na-rua-pirapo-esta-interditado-por-rompimento-de-tubulacao-da-sanepar\/","title":{"rendered":"Tr\u00e2nsito na Rua Pirap\u00f3 est\u00e1 interditado por rompimento de tubula\u00e7\u00e3o da Sanepar"},"content":{"rendered":"<p style=\"text-align: justify;\"><span style=\"font-weight: 400; font-family: arial, helvetica, sans-serif;\"><img fetchpriority=\"high\" decoding=\"async\" class=\"alignleft size-large wp-image-16328\" src=\"https:\/\/www.cambe.pr.gov.br\/wp-content\/uploads\/2025\/03\/Imagem-do-WhatsApp-de-2025-03-12-as-10.19.23_84326d53-1024x461.jpg\" alt=\"\" width=\"610\" height=\"275\" srcset=\"https:\/\/www.cambe.pr.gov.br\/wp-content\/uploads\/2025\/03\/Imagem-do-WhatsApp-de-2025-03-12-as-10.19.23_84326d53-1024x461.jpg 1024w, https:\/\/www.cambe.pr.gov.br\/wp-content\/uploads\/2025\/03\/Imagem-do-WhatsApp-de-2025-03-12-as-10.19.23_84326d53-300x135.jpg 300w, https:\/\/www.cambe.pr.gov.br\/wp-content\/uploads\/2025\/03\/Imagem-do-WhatsApp-de-2025-03-12-as-10.19.23_84326d53-768x346.jpg 768w, https:\/\/www.cambe.pr.gov.br\/wp-content\/uploads\/2025\/03\/Imagem-do-WhatsApp-de-2025-03-12-as-10.19.23_84326d53-1536x691.jpg 1536w, https:\/\/www.cambe.pr.gov.br\/wp-content\/uploads\/2025\/03\/Imagem-do-WhatsApp-de-2025-03-12-as-10.19.23_84326d53.jpg 1600w\" sizes=\"(max-width: 610px) 100vw, 610px\" \/>A Prefeitura de Camb\u00e9 informa que o tr\u00e2nsito na Rua Pirap\u00f3, entre as Ruas Rio Piquiri e Pompeia, na liga\u00e7\u00e3o do Santo Amaro com o Jardim S\u00e3o Paulo, est\u00e1 interditado. Houve um rompimento da rede de distribui\u00e7\u00e3o de \u00e1gua da Sanepar perto da ponte da via, ocasionando em um buraco e comprometimento do asfalto. Para a seguran\u00e7a de todos os motoristas e pedestres, at\u00e9 que a empresa resolva o problema e o asfalto seja recuperado, o tr\u00e2nsito no local est\u00e1 interditado.<\/span><\/p>\n<p style=\"text-align: justify;\"><span style=\"font-weight: 400; font-family: arial, helvetica, sans-serif;\">Agentes da Secretaria Municipal de Seguran\u00e7a P\u00fablica e Tr\u00e2nsito est\u00e3o no local para fazer a organiza\u00e7\u00e3o do tr\u00e2nsito. A Prefeitura recomenda que se for necess\u00e1rio utilizar o trecho, v\u00e1 pela Rua Rio Paran\u00e1. A previs\u00e3o para restabelecimento do tr\u00e2nsito \u00e9 para o per\u00edodo da tarde.<\/span><\/p>\n<p style=\"text-align: justify;\"><span style=\"font-weight: 400; font-family: arial, helvetica, sans-serif;\">Por meio de nota, a Sanepar explicou que o abastecimento de alguns bairros ser\u00e1 comprometido nesta quarta-feira (12). O servi\u00e7o para restabelecimento da rede \u00e9 complexo, e tem previs\u00e3o para ser conclu\u00eddo \u00e0s 14h. A normaliza\u00e7\u00e3o do abastecimento de \u00e1gua deve ocorrer, gradativamente, entre a tarde e \u00e0 noite.<\/span><\/p>\n<p><span style=\"font-weight: 400; font-family: arial, helvetica, sans-serif;\">Os principais bairros afetados s\u00e3o: jardins S\u00e3o Paulo, do Caf\u00e9, Bela Su\u00ed\u00e7a, Bela It\u00e1lia, Alto da Colina, Morada das Flores, Elizabeth, Planalto, Golden Park, Josiane, Habitar Brasil e Santo Amaro, al\u00e9m dos parques Maracan\u00e3 e S\u00e3o Jorge, das ch\u00e1caras Esperan\u00e7a e Santa Maria, do Conjunto Habitacional Morumbi e do Residencial das Am\u00e9ricas.<\/span><\/p>\n<p style=\"text-align: justify;\"><span style=\"font-family: arial, helvetica, sans-serif;\">&#8220;A Sanepar tem um sistema de controle e detectamos o vazamento por volta das 6h da manh\u00e3. Imediatamente acionamos nossas equipes para procurar esse vazamento. Detectamos o vazamento na rede local, sendo de grande porte, e causou esse rompimento. A pista foi comprometida, o tr\u00e2nsito foi bastante afetado. J\u00e1 deslocamos as equipes, efetuamos uma manobra de fechamento dessa tubula\u00e7\u00e3o rompida e estamos fazendo a manuten\u00e7\u00e3o local. Por se tratar de uma via de grande tr\u00e1fego, com passagem de \u00f4nibus, vamos restabelecer o tr\u00e2nsito ainda hoje&#8221;, explicou o gerente geral da Sanepar na Regi\u00e3o Nordeste, Ant\u00f4nio Gil Gameiro.<\/span><\/p>\n","protected":false},"excerpt":{"rendered":"<p>A Prefeitura de Camb\u00e9 informa que o tr\u00e2nsito na Rua Pirap\u00f3, entre as Ruas Rio Piquiri e Pompeia, na liga\u00e7\u00e3o do Santo Amaro com o Jardim S\u00e3o Paulo, est\u00e1 interditado. Houve um rompimento da rede de distribui\u00e7\u00e3o de \u00e1gua da Sanepar perto da ponte da via, ocasionando em um buraco e comprometimento do asfalto. Para [&hellip;]<\/p>\n","protected":false},"author":16,"featured_media":0,"comment_status":"closed","ping_status":"closed","sticky":false,"template":"","format":"standard","meta":{"ngg_post_thumbnail":0,"footnotes":""},"categories":[1],"tags":[],"class_list":["post-16327","post","type-post","status-publish","format-standard","hentry","category-principal"],"yoast_head":"<!-- This site is optimized with the Yoast SEO plugin v27.4 - https:\/\/yoast.com\/product\/yoast-seo-wordpress\/ -->\n<title>Tr\u00e2nsito na Rua Pirap\u00f3 est\u00e1 interditado por rompimento de tubula\u00e7\u00e3o da Sanepar - Prefeitura de Camb\u00e9<\/title>\n<meta name=\"robots\" content=\"index, follow, max-snippet:-1, max-image-preview:large, max-video-preview:-1\" \/>\n<link rel=\"canonical\" href=\"https:\/\/www.cambe.pr.gov.br\/index.php\/transito-na-rua-pirapo-esta-interditado-por-rompimento-de-tubulacao-da-sanepar\/\" \/>\n<meta property=\"og:locale\" content=\"pt_BR\" \/>\n<meta property=\"og:type\" content=\"article\" \/>\n<meta property=\"og:title\" content=\"Tr\u00e2nsito na Rua Pirap\u00f3 est\u00e1 interditado por rompimento de tubula\u00e7\u00e3o da Sanepar - Prefeitura de Camb\u00e9\" \/>\n<meta property=\"og:description\" content=\"A Prefeitura de Camb\u00e9 informa que o tr\u00e2nsito na Rua Pirap\u00f3, entre as Ruas Rio Piquiri e Pompeia, na liga\u00e7\u00e3o do Santo Amaro com o Jardim S\u00e3o Paulo, est\u00e1 interditado. Houve um rompimento da rede de distribui\u00e7\u00e3o de \u00e1gua da Sanepar perto da ponte da via, ocasionando em um buraco e comprometimento do asfalto. Para [&hellip;]\" \/>\n<meta property=\"og:url\" content=\"https:\/\/www.cambe.pr.gov.br\/index.php\/transito-na-rua-pirapo-esta-interditado-por-rompimento-de-tubulacao-da-sanepar\/\" \/>\n<meta property=\"og:site_name\" content=\"Prefeitura de Camb\u00e9\" \/>\n<meta property=\"article:publisher\" content=\"https:\/\/m.facebook.com\/prefeituradecambe\" \/>\n<meta property=\"article:published_time\" content=\"2025-03-12T13:28:19+00:00\" \/>\n<meta property=\"article:modified_time\" content=\"2025-03-12T13:32:51+00:00\" \/>\n<meta property=\"og:image\" content=\"https:\/\/www.cambe.pr.gov.br\/wp-content\/uploads\/2025\/03\/Imagem-do-WhatsApp-de-2025-03-12-as-10.19.23_84326d53-1024x461.jpg\" \/>\n<meta name=\"author\" content=\"Vinicius Augusto Batista Eira\" \/>\n<meta name=\"twitter:card\" content=\"summary_large_image\" \/>\n<meta name=\"twitter:label1\" content=\"Escrito por\" \/>\n\t<meta name=\"twitter:data1\" content=\"Vinicius Augusto Batista Eira\" \/>\n\t<meta name=\"twitter:label2\" content=\"Est. tempo de leitura\" \/>\n\t<meta name=\"twitter:data2\" content=\"2 minutos\" \/>\n<script type=\"application\/ld+json\" class=\"yoast-schema-graph\">{\"@context\":\"https:\\\/\\\/schema.org\",\"@graph\":[{\"@type\":\"Article\",\"@id\":\"https:\\\/\\\/www.cambe.pr.gov.br\\\/index.php\\\/transito-na-rua-pirapo-esta-interditado-por-rompimento-de-tubulacao-da-sanepar\\\/#article\",\"isPartOf\":{\"@id\":\"https:\\\/\\\/www.cambe.pr.gov.br\\\/index.php\\\/transito-na-rua-pirapo-esta-interditado-por-rompimento-de-tubulacao-da-sanepar\\\/\"},\"author\":{\"name\":\"Vinicius Augusto Batista Eira\",\"@id\":\"https:\\\/\\\/www.cambe.pr.gov.br\\\/#\\\/schema\\\/person\\\/8e3ee69cb2cadf4b9f8377407227effd\"},\"headline\":\"Tr\u00e2nsito na Rua Pirap\u00f3 est\u00e1 interditado por rompimento de tubula\u00e7\u00e3o da Sanepar\",\"datePublished\":\"2025-03-12T13:28:19+00:00\",\"dateModified\":\"2025-03-12T13:32:51+00:00\",\"mainEntityOfPage\":{\"@id\":\"https:\\\/\\\/www.cambe.pr.gov.br\\\/index.php\\\/transito-na-rua-pirapo-esta-interditado-por-rompimento-de-tubulacao-da-sanepar\\\/\"},\"wordCount\":370,\"publisher\":{\"@id\":\"https:\\\/\\\/www.cambe.pr.gov.br\\\/#organization\"},\"image\":{\"@id\":\"https:\\\/\\\/www.cambe.pr.gov.br\\\/index.php\\\/transito-na-rua-pirapo-esta-interditado-por-rompimento-de-tubulacao-da-sanepar\\\/#primaryimage\"},\"thumbnailUrl\":\"https:\\\/\\\/www.cambe.pr.gov.br\\\/wp-content\\\/uploads\\\/2025\\\/03\\\/Imagem-do-WhatsApp-de-2025-03-12-as-10.19.23_84326d53-1024x461.jpg\",\"articleSection\":[\"Principal\"],\"inLanguage\":\"pt-BR\"},{\"@type\":\"WebPage\",\"@id\":\"https:\\\/\\\/www.cambe.pr.gov.br\\\/index.php\\\/transito-na-rua-pirapo-esta-interditado-por-rompimento-de-tubulacao-da-sanepar\\\/\",\"url\":\"https:\\\/\\\/www.cambe.pr.gov.br\\\/index.php\\\/transito-na-rua-pirapo-esta-interditado-por-rompimento-de-tubulacao-da-sanepar\\\/\",\"name\":\"Tr\u00e2nsito na Rua Pirap\u00f3 est\u00e1 interditado por rompimento de tubula\u00e7\u00e3o da Sanepar - Prefeitura de Camb\u00e9\",\"isPartOf\":{\"@id\":\"https:\\\/\\\/www.cambe.pr.gov.br\\\/#website\"},\"primaryImageOfPage\":{\"@id\":\"https:\\\/\\\/www.cambe.pr.gov.br\\\/index.php\\\/transito-na-rua-pirapo-esta-interditado-por-rompimento-de-tubulacao-da-sanepar\\\/#primaryimage\"},\"image\":{\"@id\":\"https:\\\/\\\/www.cambe.pr.gov.br\\\/index.php\\\/transito-na-rua-pirapo-esta-interditado-por-rompimento-de-tubulacao-da-sanepar\\\/#primaryimage\"},\"thumbnailUrl\":\"https:\\\/\\\/www.cambe.pr.gov.br\\\/wp-content\\\/uploads\\\/2025\\\/03\\\/Imagem-do-WhatsApp-de-2025-03-12-as-10.19.23_84326d53-1024x461.jpg\",\"datePublished\":\"2025-03-12T13:28:19+00:00\",\"dateModified\":\"2025-03-12T13:32:51+00:00\",\"breadcrumb\":{\"@id\":\"https:\\\/\\\/www.cambe.pr.gov.br\\\/index.php\\\/transito-na-rua-pirapo-esta-interditado-por-rompimento-de-tubulacao-da-sanepar\\\/#breadcrumb\"},\"inLanguage\":\"pt-BR\",\"potentialAction\":[{\"@type\":\"ReadAction\",\"target\":[\"https:\\\/\\\/www.cambe.pr.gov.br\\\/index.php\\\/transito-na-rua-pirapo-esta-interditado-por-rompimento-de-tubulacao-da-sanepar\\\/\"]}]},{\"@type\":\"ImageObject\",\"inLanguage\":\"pt-BR\",\"@id\":\"https:\\\/\\\/www.cambe.pr.gov.br\\\/index.php\\\/transito-na-rua-pirapo-esta-interditado-por-rompimento-de-tubulacao-da-sanepar\\\/#primaryimage\",\"url\":\"https:\\\/\\\/www.cambe.pr.gov.br\\\/wp-content\\\/uploads\\\/2025\\\/03\\\/Imagem-do-WhatsApp-de-2025-03-12-as-10.19.23_84326d53.jpg\",\"contentUrl\":\"https:\\\/\\\/www.cambe.pr.gov.br\\\/wp-content\\\/uploads\\\/2025\\\/03\\\/Imagem-do-WhatsApp-de-2025-03-12-as-10.19.23_84326d53.jpg\",\"width\":1600,\"height\":720},{\"@type\":\"BreadcrumbList\",\"@id\":\"https:\\\/\\\/www.cambe.pr.gov.br\\\/index.php\\\/transito-na-rua-pirapo-esta-interditado-por-rompimento-de-tubulacao-da-sanepar\\\/#breadcrumb\",\"itemListElement\":[{\"@type\":\"ListItem\",\"position\":1,\"name\":\"In\u00edcio\",\"item\":\"https:\\\/\\\/www.cambe.pr.gov.br\\\/\"},{\"@type\":\"ListItem\",\"position\":2,\"name\":\"Tr\u00e2nsito na Rua Pirap\u00f3 est\u00e1 interditado por rompimento de tubula\u00e7\u00e3o da Sanepar\"}]},{\"@type\":\"WebSite\",\"@id\":\"https:\\\/\\\/www.cambe.pr.gov.br\\\/#website\",\"url\":\"https:\\\/\\\/www.cambe.pr.gov.br\\\/\",\"name\":\"Prefeitura de Camb\u00e9\",\"description\":\"UM GOVERNO PARA TODOS\",\"publisher\":{\"@id\":\"https:\\\/\\\/www.cambe.pr.gov.br\\\/#organization\"},\"potentialAction\":[{\"@type\":\"SearchAction\",\"target\":{\"@type\":\"EntryPoint\",\"urlTemplate\":\"https:\\\/\\\/www.cambe.pr.gov.br\\\/?s={search_term_string}\"},\"query-input\":{\"@type\":\"PropertyValueSpecification\",\"valueRequired\":true,\"valueName\":\"search_term_string\"}}],\"inLanguage\":\"pt-BR\"},{\"@type\":\"Organization\",\"@id\":\"https:\\\/\\\/www.cambe.pr.gov.br\\\/#organization\",\"name\":\"Prefeitura de Camb\u00e9\",\"url\":\"https:\\\/\\\/www.cambe.pr.gov.br\\\/\",\"logo\":{\"@type\":\"ImageObject\",\"inLanguage\":\"pt-BR\",\"@id\":\"https:\\\/\\\/www.cambe.pr.gov.br\\\/#\\\/schema\\\/logo\\\/image\\\/\",\"url\":\"https:\\\/\\\/www.cambe.pr.gov.br\\\/wp-content\\\/uploads\\\/2021\\\/01\\\/cropped-cropped-cambe_brazao-icone.png\",\"contentUrl\":\"https:\\\/\\\/www.cambe.pr.gov.br\\\/wp-content\\\/uploads\\\/2021\\\/01\\\/cropped-cropped-cambe_brazao-icone.png\",\"width\":240,\"height\":240,\"caption\":\"Prefeitura de Camb\u00e9\"},\"image\":{\"@id\":\"https:\\\/\\\/www.cambe.pr.gov.br\\\/#\\\/schema\\\/logo\\\/image\\\/\"},\"sameAs\":[\"https:\\\/\\\/m.facebook.com\\\/prefeituradecambe\"]},{\"@type\":\"Person\",\"@id\":\"https:\\\/\\\/www.cambe.pr.gov.br\\\/#\\\/schema\\\/person\\\/8e3ee69cb2cadf4b9f8377407227effd\",\"name\":\"Vinicius Augusto Batista Eira\",\"image\":{\"@type\":\"ImageObject\",\"inLanguage\":\"pt-BR\",\"@id\":\"https:\\\/\\\/secure.gravatar.com\\\/avatar\\\/1ec500de7013b30e1d4d7c8c3978f0e4433c37e5d5e4cd186239369c6440122b?s=96&d=mm&r=g\",\"url\":\"https:\\\/\\\/secure.gravatar.com\\\/avatar\\\/1ec500de7013b30e1d4d7c8c3978f0e4433c37e5d5e4cd186239369c6440122b?s=96&d=mm&r=g\",\"contentUrl\":\"https:\\\/\\\/secure.gravatar.com\\\/avatar\\\/1ec500de7013b30e1d4d7c8c3978f0e4433c37e5d5e4cd186239369c6440122b?s=96&d=mm&r=g\",\"caption\":\"Vinicius Augusto Batista Eira\"},\"url\":\"https:\\\/\\\/www.cambe.pr.gov.br\\\/index.php\\\/author\\\/vabeira\\\/\"}]}<\/script>\n<!-- \/ Yoast SEO plugin. -->","yoast_head_json":{"title":"Tr\u00e2nsito na Rua Pirap\u00f3 est\u00e1 interditado por rompimento de tubula\u00e7\u00e3o da Sanepar - Prefeitura de Camb\u00e9","robots":{"index":"index","follow":"follow","max-snippet":"max-snippet:-1","max-image-preview":"max-image-preview:large","max-video-preview":"max-video-preview:-1"},"canonical":"https:\/\/www.cambe.pr.gov.br\/index.php\/transito-na-rua-pirapo-esta-interditado-por-rompimento-de-tubulacao-da-sanepar\/","og_locale":"pt_BR","og_type":"article","og_title":"Tr\u00e2nsito na Rua Pirap\u00f3 est\u00e1 interditado por rompimento de tubula\u00e7\u00e3o da Sanepar - Prefeitura de Camb\u00e9","og_description":"A Prefeitura de Camb\u00e9 informa que o tr\u00e2nsito na Rua Pirap\u00f3, entre as Ruas Rio Piquiri e Pompeia, na liga\u00e7\u00e3o do Santo Amaro com o Jardim S\u00e3o Paulo, est\u00e1 interditado. Houve um rompimento da rede de distribui\u00e7\u00e3o de \u00e1gua da Sanepar perto da ponte da via, ocasionando em um buraco e comprometimento do asfalto. Para [&hellip;]","og_url":"https:\/\/www.cambe.pr.gov.br\/index.php\/transito-na-rua-pirapo-esta-interditado-por-rompimento-de-tubulacao-da-sanepar\/","og_site_name":"Prefeitura de Camb\u00e9","article_publisher":"https:\/\/m.facebook.com\/prefeituradecambe","article_published_time":"2025-03-12T13:28:19+00:00","article_modified_time":"2025-03-12T13:32:51+00:00","og_image":[{"url":"https:\/\/www.cambe.pr.gov.br\/wp-content\/uploads\/2025\/03\/Imagem-do-WhatsApp-de-2025-03-12-as-10.19.23_84326d53-1024x461.jpg","type":"","width":"","height":""}],"author":"Vinicius Augusto Batista Eira","twitter_card":"summary_large_image","twitter_misc":{"Escrito por":"Vinicius Augusto Batista Eira","Est. tempo de leitura":"2 minutos"},"schema":{"@context":"https:\/\/schema.org","@graph":[{"@type":"Article","@id":"https:\/\/www.cambe.pr.gov.br\/index.php\/transito-na-rua-pirapo-esta-interditado-por-rompimento-de-tubulacao-da-sanepar\/#article","isPartOf":{"@id":"https:\/\/www.cambe.pr.gov.br\/index.php\/transito-na-rua-pirapo-esta-interditado-por-rompimento-de-tubulacao-da-sanepar\/"},"author":{"name":"Vinicius Augusto Batista Eira","@id":"https:\/\/www.cambe.pr.gov.br\/#\/schema\/person\/8e3ee69cb2cadf4b9f8377407227effd"},"headline":"Tr\u00e2nsito na Rua Pirap\u00f3 est\u00e1 interditado por rompimento de tubula\u00e7\u00e3o da Sanepar","datePublished":"2025-03-12T13:28:19+00:00","dateModified":"2025-03-12T13:32:51+00:00","mainEntityOfPage":{"@id":"https:\/\/www.cambe.pr.gov.br\/index.php\/transito-na-rua-pirapo-esta-interditado-por-rompimento-de-tubulacao-da-sanepar\/"},"wordCount":370,"publisher":{"@id":"https:\/\/www.cambe.pr.gov.br\/#organization"},"image":{"@id":"https:\/\/www.cambe.pr.gov.br\/index.php\/transito-na-rua-pirapo-esta-interditado-por-rompimento-de-tubulacao-da-sanepar\/#primaryimage"},"thumbnailUrl":"https:\/\/www.cambe.pr.gov.br\/wp-content\/uploads\/2025\/03\/Imagem-do-WhatsApp-de-2025-03-12-as-10.19.23_84326d53-1024x461.jpg","articleSection":["Principal"],"inLanguage":"pt-BR"},{"@type":"WebPage","@id":"https:\/\/www.cambe.pr.gov.br\/index.php\/transito-na-rua-pirapo-esta-interditado-por-rompimento-de-tubulacao-da-sanepar\/","url":"https:\/\/www.cambe.pr.gov.br\/index.php\/transito-na-rua-pirapo-esta-interditado-por-rompimento-de-tubulacao-da-sanepar\/","name":"Tr\u00e2nsito na Rua Pirap\u00f3 est\u00e1 interditado por rompimento de tubula\u00e7\u00e3o da Sanepar - Prefeitura de Camb\u00e9","isPartOf":{"@id":"https:\/\/www.cambe.pr.gov.br\/#website"},"primaryImageOfPage":{"@id":"https:\/\/www.cambe.pr.gov.br\/index.php\/transito-na-rua-pirapo-esta-interditado-por-rompimento-de-tubulacao-da-sanepar\/#primaryimage"},"image":{"@id":"https:\/\/www.cambe.pr.gov.br\/index.php\/transito-na-rua-pirapo-esta-interditado-por-rompimento-de-tubulacao-da-sanepar\/#primaryimage"},"thumbnailUrl":"https:\/\/www.cambe.pr.gov.br\/wp-content\/uploads\/2025\/03\/Imagem-do-WhatsApp-de-2025-03-12-as-10.19.23_84326d53-1024x461.jpg","datePublished":"2025-03-12T13:28:19+00:00","dateModified":"2025-03-12T13:32:51+00:00","breadcrumb":{"@id":"https:\/\/www.cambe.pr.gov.br\/index.php\/transito-na-rua-pirapo-esta-interditado-por-rompimento-de-tubulacao-da-sanepar\/#breadcrumb"},"inLanguage":"pt-BR","potentialAction":[{"@type":"ReadAction","target":["https:\/\/www.cambe.pr.gov.br\/index.php\/transito-na-rua-pirapo-esta-interditado-por-rompimento-de-tubulacao-da-sanepar\/"]}]},{"@type":"ImageObject","inLanguage":"pt-BR","@id":"https:\/\/www.cambe.pr.gov.br\/index.php\/transito-na-rua-pirapo-esta-interditado-por-rompimento-de-tubulacao-da-sanepar\/#primaryimage","url":"https:\/\/www.cambe.pr.gov.br\/wp-content\/uploads\/2025\/03\/Imagem-do-WhatsApp-de-2025-03-12-as-10.19.23_84326d53.jpg","contentUrl":"https:\/\/www.cambe.pr.gov.br\/wp-content\/uploads\/2025\/03\/Imagem-do-WhatsApp-de-2025-03-12-as-10.19.23_84326d53.jpg","width":1600,"height":720},{"@type":"BreadcrumbList","@id":"https:\/\/www.cambe.pr.gov.br\/index.php\/transito-na-rua-pirapo-esta-interditado-por-rompimento-de-tubulacao-da-sanepar\/#breadcrumb","itemListElement":[{"@type":"ListItem","position":1,"name":"In\u00edcio","item":"https:\/\/www.cambe.pr.gov.br\/"},{"@type":"ListItem","position":2,"name":"Tr\u00e2nsito na Rua Pirap\u00f3 est\u00e1 interditado por rompimento de tubula\u00e7\u00e3o da Sanepar"}]},{"@type":"WebSite","@id":"https:\/\/www.cambe.pr.gov.br\/#website","url":"https:\/\/www.cambe.pr.gov.br\/","name":"Prefeitura de Camb\u00e9","description":"UM GOVERNO PARA TODOS","publisher":{"@id":"https:\/\/www.cambe.pr.gov.br\/#organization"},"potentialAction":[{"@type":"SearchAction","target":{"@type":"EntryPoint","urlTemplate":"https:\/\/www.cambe.pr.gov.br\/?s={search_term_string}"},"query-input":{"@type":"PropertyValueSpecification","valueRequired":true,"valueName":"search_term_string"}}],"inLanguage":"pt-BR"},{"@type":"Organization","@id":"https:\/\/www.cambe.pr.gov.br\/#organization","name":"Prefeitura de Camb\u00e9","url":"https:\/\/www.cambe.pr.gov.br\/","logo":{"@type":"ImageObject","inLanguage":"pt-BR","@id":"https:\/\/www.cambe.pr.gov.br\/#\/schema\/logo\/image\/","url":"https:\/\/www.cambe.pr.gov.br\/wp-content\/uploads\/2021\/01\/cropped-cropped-cambe_brazao-icone.png","contentUrl":"https:\/\/www.cambe.pr.gov.br\/wp-content\/uploads\/2021\/01\/cropped-cropped-cambe_brazao-icone.png","width":240,"height":240,"caption":"Prefeitura de Camb\u00e9"},"image":{"@id":"https:\/\/www.cambe.pr.gov.br\/#\/schema\/logo\/image\/"},"sameAs":["https:\/\/m.facebook.com\/prefeituradecambe"]},{"@type":"Person","@id":"https:\/\/www.cambe.pr.gov.br\/#\/schema\/person\/8e3ee69cb2cadf4b9f8377407227effd","name":"Vinicius Augusto Batista Eira","image":{"@type":"ImageObject","inLanguage":"pt-BR","@id":"https:\/\/secure.gravatar.com\/avatar\/1ec500de7013b30e1d4d7c8c3978f0e4433c37e5d5e4cd186239369c6440122b?s=96&d=mm&r=g","url":"https:\/\/secure.gravatar.com\/avatar\/1ec500de7013b30e1d4d7c8c3978f0e4433c37e5d5e4cd186239369c6440122b?s=96&d=mm&r=g","contentUrl":"https:\/\/secure.gravatar.com\/avatar\/1ec500de7013b30e1d4d7c8c3978f0e4433c37e5d5e4cd186239369c6440122b?s=96&d=mm&r=g","caption":"Vinicius Augusto Batista Eira"},"url":"https:\/\/www.cambe.pr.gov.br\/index.php\/author\/vabeira\/"}]}},"_links":{"self":[{"href":"https:\/\/www.cambe.pr.gov.br\/index.php\/wp-json\/wp\/v2\/posts\/16327","targetHints":{"allow":["GET"]}}],"collection":[{"href":"https:\/\/www.cambe.pr.gov.br\/index.php\/wp-json\/wp\/v2\/posts"}],"about":[{"href":"https:\/\/www.cambe.pr.gov.br\/index.php\/wp-json\/wp\/v2\/types\/post"}],"author":[{"embeddable":true,"href":"https:\/\/www.cambe.pr.gov.br\/index.php\/wp-json\/wp\/v2\/users\/16"}],"replies":[{"embeddable":true,"href":"https:\/\/www.cambe.pr.gov.br\/index.php\/wp-json\/wp\/v2\/comments?post=16327"}],"version-history":[{"count":4,"href":"https:\/\/www.cambe.pr.gov.br\/index.php\/wp-json\/wp\/v2\/posts\/16327\/revisions"}],"predecessor-version":[{"id":16332,"href":"https:\/\/www.cambe.pr.gov.br\/index.php\/wp-json\/wp\/v2\/posts\/16327\/revisions\/16332"}],"wp:attachment":[{"href":"https:\/\/www.cambe.pr.gov.br\/index.php\/wp-json\/wp\/v2\/media?parent=16327"}],"wp:term":[{"taxonomy":"category","embeddable":true,"href":"https:\/\/www.cambe.pr.gov.br\/index.php\/wp-json\/wp\/v2\/categories?post=16327"},{"taxonomy":"post_tag","embeddable":true,"href":"https:\/\/www.cambe.pr.gov.br\/index.php\/wp-json\/wp\/v2\/tags?post=16327"}],"curies":[{"name":"wp","href":"https:\/\/api.w.org\/{rel}","templated":true}]}}