{"id":16325,"date":"2025-03-12T13:36:09","date_gmt":"2025-03-12T16:36:09","guid":{"rendered":"https:\/\/www.cambe.pr.gov.br\/?p=16325"},"modified":"2025-03-12T13:36:09","modified_gmt":"2025-03-12T16:36:09","slug":"prefeitura-vai-aplicar-fumace-nas-regioes-do-campos-verdes-sao-paulo-e-santo-amaro-nesta-sexta-14","status":"publish","type":"post","link":"https:\/\/www.cambe.pr.gov.br\/index.php\/prefeitura-vai-aplicar-fumace-nas-regioes-do-campos-verdes-sao-paulo-e-santo-amaro-nesta-sexta-14\/","title":{"rendered":"Prefeitura vai aplicar fumac\u00ea nas regi\u00f5es do Campos Verdes, S\u00e3o Paulo e Santo Amaro nesta sexta (14)"},"content":{"rendered":"<p style=\"text-align: justify;\"><span style=\"font-weight: 400; font-family: arial, helvetica, sans-serif;\"><img fetchpriority=\"high\" decoding=\"async\" class=\"alignleft size-full wp-image-13782\" src=\"https:\/\/www.cambe.pr.gov.br\/wp-content\/uploads\/2024\/02\/WhatsApp-Image-2024-02-16-at-14.17.36-e1712689211989.jpeg\" alt=\"\" width=\"600\" height=\"400\">A Prefeitura de Camb\u00e9, atrav\u00e9s da Secretaria Municipal de Sa\u00fade P\u00fablica, ir\u00e1 promover mais uma a\u00e7\u00e3o de combate ao mosquito da dengue. Nesta sexta-feira (14), tem in\u00edcio da aplica\u00e7\u00e3o de inseticida com o ve\u00edculo do fumac\u00ea contra o Aedes aegypti nas ruas do Campos Verdes e bairros atendidos pelas Unidades B\u00e1sicas de Sa\u00fade (UBS) do S\u00e3o Paulo e Santo Amaro.<\/span><\/p>\n<p style=\"text-align: justify;\"><span style=\"font-weight: 400; font-family: arial, helvetica, sans-serif;\">Estejam atentos \u00e0s medidas de seguran\u00e7a: ao ouvir o fumac\u00ea, abra portas, janelas e cortinas; retire roupas do varal; tampe vasilhames com alimentos, bebedouros de animais e cubra gaiolas de p\u00e1ssaros e api\u00e1rios; n\u00e3o deixe utens\u00edlios de uso dom\u00e9stico expostos no quintal; e ap\u00f3s a passagem do ve\u00edculo troque a ra\u00e7\u00e3o e \u00e1gua dos pets.<\/span><\/p>\n<p style=\"text-align: justify;\"><span style=\"font-weight: 400; font-family: arial, helvetica, sans-serif;\">A Secretaria de Sa\u00fade ainda informa que o inseticida n\u00e3o traz risco para a sa\u00fade, sendo aplicado com responsabilidade e com intervalos de tempo pr\u00e9-determinados.<\/span><\/p>\n","protected":false},"excerpt":{"rendered":"<p>A Prefeitura de Camb\u00e9, atrav\u00e9s da Secretaria Municipal de Sa\u00fade P\u00fablica, ir\u00e1 promover mais uma a\u00e7\u00e3o de combate ao mosquito da dengue. Nesta sexta-feira (14), tem in\u00edcio da aplica\u00e7\u00e3o de inseticida com o ve\u00edculo do fumac\u00ea contra o Aedes aegypti nas ruas do Campos Verdes e bairros atendidos pelas Unidades B\u00e1sicas de Sa\u00fade (UBS) do [&hellip;]<\/p>\n","protected":false},"author":16,"featured_media":0,"comment_status":"closed","ping_status":"closed","sticky":false,"template":"","format":"standard","meta":{"ngg_post_thumbnail":0,"footnotes":""},"categories":[1],"tags":[],"class_list":["post-16325","post","type-post","status-publish","format-standard","hentry","category-principal"],"yoast_head":"<!-- This site is optimized with the Yoast SEO plugin v27.4 - https:\/\/yoast.com\/product\/yoast-seo-wordpress\/ -->\n<title>Prefeitura vai aplicar fumac\u00ea nas regi\u00f5es do Campos Verdes, S\u00e3o Paulo e Santo Amaro nesta sexta (14) - Prefeitura de Camb\u00e9<\/title>\n<meta name=\"robots\" content=\"index, follow, max-snippet:-1, max-image-preview:large, max-video-preview:-1\" \/>\n<link rel=\"canonical\" href=\"https:\/\/www.cambe.pr.gov.br\/index.php\/prefeitura-vai-aplicar-fumace-nas-regioes-do-campos-verdes-sao-paulo-e-santo-amaro-nesta-sexta-14\/\" \/>\n<meta property=\"og:locale\" content=\"pt_BR\" \/>\n<meta property=\"og:type\" content=\"article\" \/>\n<meta property=\"og:title\" content=\"Prefeitura vai aplicar fumac\u00ea nas regi\u00f5es do Campos Verdes, S\u00e3o Paulo e Santo Amaro nesta sexta (14) - Prefeitura de Camb\u00e9\" \/>\n<meta property=\"og:description\" content=\"A Prefeitura de Camb\u00e9, atrav\u00e9s da Secretaria Municipal de Sa\u00fade P\u00fablica, ir\u00e1 promover mais uma a\u00e7\u00e3o de combate ao mosquito da dengue. Nesta sexta-feira (14), tem in\u00edcio da aplica\u00e7\u00e3o de inseticida com o ve\u00edculo do fumac\u00ea contra o Aedes aegypti nas ruas do Campos Verdes e bairros atendidos pelas Unidades B\u00e1sicas de Sa\u00fade (UBS) do [&hellip;]\" \/>\n<meta property=\"og:url\" content=\"https:\/\/www.cambe.pr.gov.br\/index.php\/prefeitura-vai-aplicar-fumace-nas-regioes-do-campos-verdes-sao-paulo-e-santo-amaro-nesta-sexta-14\/\" \/>\n<meta property=\"og:site_name\" content=\"Prefeitura de Camb\u00e9\" \/>\n<meta property=\"article:publisher\" content=\"https:\/\/m.facebook.com\/prefeituradecambe\" \/>\n<meta property=\"article:published_time\" content=\"2025-03-12T16:36:09+00:00\" \/>\n<meta property=\"og:image\" content=\"https:\/\/www.cambe.pr.gov.br\/wp-content\/uploads\/2024\/02\/WhatsApp-Image-2024-02-16-at-14.17.36-e1712689211989.jpeg\" \/>\n<meta name=\"author\" content=\"Vinicius Augusto Batista Eira\" \/>\n<meta name=\"twitter:card\" content=\"summary_large_image\" \/>\n<meta name=\"twitter:label1\" content=\"Escrito por\" \/>\n\t<meta name=\"twitter:data1\" content=\"Vinicius Augusto Batista Eira\" \/>\n\t<meta name=\"twitter:label2\" content=\"Est. tempo de leitura\" \/>\n\t<meta name=\"twitter:data2\" content=\"1 minuto\" \/>\n<script type=\"application\/ld+json\" class=\"yoast-schema-graph\">{\"@context\":\"https:\\\/\\\/schema.org\",\"@graph\":[{\"@type\":\"Article\",\"@id\":\"https:\\\/\\\/www.cambe.pr.gov.br\\\/index.php\\\/prefeitura-vai-aplicar-fumace-nas-regioes-do-campos-verdes-sao-paulo-e-santo-amaro-nesta-sexta-14\\\/#article\",\"isPartOf\":{\"@id\":\"https:\\\/\\\/www.cambe.pr.gov.br\\\/index.php\\\/prefeitura-vai-aplicar-fumace-nas-regioes-do-campos-verdes-sao-paulo-e-santo-amaro-nesta-sexta-14\\\/\"},\"author\":{\"name\":\"Vinicius Augusto Batista Eira\",\"@id\":\"https:\\\/\\\/www.cambe.pr.gov.br\\\/#\\\/schema\\\/person\\\/8e3ee69cb2cadf4b9f8377407227effd\"},\"headline\":\"Prefeitura vai aplicar fumac\u00ea nas regi\u00f5es do Campos Verdes, S\u00e3o Paulo e Santo Amaro nesta sexta (14)\",\"datePublished\":\"2025-03-12T16:36:09+00:00\",\"mainEntityOfPage\":{\"@id\":\"https:\\\/\\\/www.cambe.pr.gov.br\\\/index.php\\\/prefeitura-vai-aplicar-fumace-nas-regioes-do-campos-verdes-sao-paulo-e-santo-amaro-nesta-sexta-14\\\/\"},\"wordCount\":180,\"publisher\":{\"@id\":\"https:\\\/\\\/www.cambe.pr.gov.br\\\/#organization\"},\"image\":{\"@id\":\"https:\\\/\\\/www.cambe.pr.gov.br\\\/index.php\\\/prefeitura-vai-aplicar-fumace-nas-regioes-do-campos-verdes-sao-paulo-e-santo-amaro-nesta-sexta-14\\\/#primaryimage\"},\"thumbnailUrl\":\"https:\\\/\\\/www.cambe.pr.gov.br\\\/wp-content\\\/uploads\\\/2024\\\/02\\\/WhatsApp-Image-2024-02-16-at-14.17.36-e1712689211989.jpeg\",\"articleSection\":[\"Principal\"],\"inLanguage\":\"pt-BR\"},{\"@type\":\"WebPage\",\"@id\":\"https:\\\/\\\/www.cambe.pr.gov.br\\\/index.php\\\/prefeitura-vai-aplicar-fumace-nas-regioes-do-campos-verdes-sao-paulo-e-santo-amaro-nesta-sexta-14\\\/\",\"url\":\"https:\\\/\\\/www.cambe.pr.gov.br\\\/index.php\\\/prefeitura-vai-aplicar-fumace-nas-regioes-do-campos-verdes-sao-paulo-e-santo-amaro-nesta-sexta-14\\\/\",\"name\":\"Prefeitura vai aplicar fumac\u00ea nas regi\u00f5es do Campos Verdes, S\u00e3o Paulo e Santo Amaro nesta sexta (14) - Prefeitura de Camb\u00e9\",\"isPartOf\":{\"@id\":\"https:\\\/\\\/www.cambe.pr.gov.br\\\/#website\"},\"primaryImageOfPage\":{\"@id\":\"https:\\\/\\\/www.cambe.pr.gov.br\\\/index.php\\\/prefeitura-vai-aplicar-fumace-nas-regioes-do-campos-verdes-sao-paulo-e-santo-amaro-nesta-sexta-14\\\/#primaryimage\"},\"image\":{\"@id\":\"https:\\\/\\\/www.cambe.pr.gov.br\\\/index.php\\\/prefeitura-vai-aplicar-fumace-nas-regioes-do-campos-verdes-sao-paulo-e-santo-amaro-nesta-sexta-14\\\/#primaryimage\"},\"thumbnailUrl\":\"https:\\\/\\\/www.cambe.pr.gov.br\\\/wp-content\\\/uploads\\\/2024\\\/02\\\/WhatsApp-Image-2024-02-16-at-14.17.36-e1712689211989.jpeg\",\"datePublished\":\"2025-03-12T16:36:09+00:00\",\"breadcrumb\":{\"@id\":\"https:\\\/\\\/www.cambe.pr.gov.br\\\/index.php\\\/prefeitura-vai-aplicar-fumace-nas-regioes-do-campos-verdes-sao-paulo-e-santo-amaro-nesta-sexta-14\\\/#breadcrumb\"},\"inLanguage\":\"pt-BR\",\"potentialAction\":[{\"@type\":\"ReadAction\",\"target\":[\"https:\\\/\\\/www.cambe.pr.gov.br\\\/index.php\\\/prefeitura-vai-aplicar-fumace-nas-regioes-do-campos-verdes-sao-paulo-e-santo-amaro-nesta-sexta-14\\\/\"]}]},{\"@type\":\"ImageObject\",\"inLanguage\":\"pt-BR\",\"@id\":\"https:\\\/\\\/www.cambe.pr.gov.br\\\/index.php\\\/prefeitura-vai-aplicar-fumace-nas-regioes-do-campos-verdes-sao-paulo-e-santo-amaro-nesta-sexta-14\\\/#primaryimage\",\"url\":\"https:\\\/\\\/www.cambe.pr.gov.br\\\/wp-content\\\/uploads\\\/2024\\\/02\\\/WhatsApp-Image-2024-02-16-at-14.17.36-e1712689211989.jpeg\",\"contentUrl\":\"https:\\\/\\\/www.cambe.pr.gov.br\\\/wp-content\\\/uploads\\\/2024\\\/02\\\/WhatsApp-Image-2024-02-16-at-14.17.36-e1712689211989.jpeg\",\"width\":600,\"height\":400},{\"@type\":\"BreadcrumbList\",\"@id\":\"https:\\\/\\\/www.cambe.pr.gov.br\\\/index.php\\\/prefeitura-vai-aplicar-fumace-nas-regioes-do-campos-verdes-sao-paulo-e-santo-amaro-nesta-sexta-14\\\/#breadcrumb\",\"itemListElement\":[{\"@type\":\"ListItem\",\"position\":1,\"name\":\"In\u00edcio\",\"item\":\"https:\\\/\\\/www.cambe.pr.gov.br\\\/\"},{\"@type\":\"ListItem\",\"position\":2,\"name\":\"Prefeitura vai aplicar fumac\u00ea nas regi\u00f5es do Campos Verdes, S\u00e3o Paulo e Santo Amaro nesta sexta (14)\"}]},{\"@type\":\"WebSite\",\"@id\":\"https:\\\/\\\/www.cambe.pr.gov.br\\\/#website\",\"url\":\"https:\\\/\\\/www.cambe.pr.gov.br\\\/\",\"name\":\"Prefeitura de Camb\u00e9\",\"description\":\"UM GOVERNO PARA TODOS\",\"publisher\":{\"@id\":\"https:\\\/\\\/www.cambe.pr.gov.br\\\/#organization\"},\"potentialAction\":[{\"@type\":\"SearchAction\",\"target\":{\"@type\":\"EntryPoint\",\"urlTemplate\":\"https:\\\/\\\/www.cambe.pr.gov.br\\\/?s={search_term_string}\"},\"query-input\":{\"@type\":\"PropertyValueSpecification\",\"valueRequired\":true,\"valueName\":\"search_term_string\"}}],\"inLanguage\":\"pt-BR\"},{\"@type\":\"Organization\",\"@id\":\"https:\\\/\\\/www.cambe.pr.gov.br\\\/#organization\",\"name\":\"Prefeitura de Camb\u00e9\",\"url\":\"https:\\\/\\\/www.cambe.pr.gov.br\\\/\",\"logo\":{\"@type\":\"ImageObject\",\"inLanguage\":\"pt-BR\",\"@id\":\"https:\\\/\\\/www.cambe.pr.gov.br\\\/#\\\/schema\\\/logo\\\/image\\\/\",\"url\":\"https:\\\/\\\/www.cambe.pr.gov.br\\\/wp-content\\\/uploads\\\/2021\\\/01\\\/cropped-cropped-cambe_brazao-icone.png\",\"contentUrl\":\"https:\\\/\\\/www.cambe.pr.gov.br\\\/wp-content\\\/uploads\\\/2021\\\/01\\\/cropped-cropped-cambe_brazao-icone.png\",\"width\":240,\"height\":240,\"caption\":\"Prefeitura de Camb\u00e9\"},\"image\":{\"@id\":\"https:\\\/\\\/www.cambe.pr.gov.br\\\/#\\\/schema\\\/logo\\\/image\\\/\"},\"sameAs\":[\"https:\\\/\\\/m.facebook.com\\\/prefeituradecambe\"]},{\"@type\":\"Person\",\"@id\":\"https:\\\/\\\/www.cambe.pr.gov.br\\\/#\\\/schema\\\/person\\\/8e3ee69cb2cadf4b9f8377407227effd\",\"name\":\"Vinicius Augusto Batista Eira\",\"image\":{\"@type\":\"ImageObject\",\"inLanguage\":\"pt-BR\",\"@id\":\"https:\\\/\\\/secure.gravatar.com\\\/avatar\\\/1ec500de7013b30e1d4d7c8c3978f0e4433c37e5d5e4cd186239369c6440122b?s=96&d=mm&r=g\",\"url\":\"https:\\\/\\\/secure.gravatar.com\\\/avatar\\\/1ec500de7013b30e1d4d7c8c3978f0e4433c37e5d5e4cd186239369c6440122b?s=96&d=mm&r=g\",\"contentUrl\":\"https:\\\/\\\/secure.gravatar.com\\\/avatar\\\/1ec500de7013b30e1d4d7c8c3978f0e4433c37e5d5e4cd186239369c6440122b?s=96&d=mm&r=g\",\"caption\":\"Vinicius Augusto Batista Eira\"},\"url\":\"https:\\\/\\\/www.cambe.pr.gov.br\\\/index.php\\\/author\\\/vabeira\\\/\"}]}<\/script>\n<!-- \/ Yoast SEO plugin. -->","yoast_head_json":{"title":"Prefeitura vai aplicar fumac\u00ea nas regi\u00f5es do Campos Verdes, S\u00e3o Paulo e Santo Amaro nesta sexta (14) - Prefeitura de Camb\u00e9","robots":{"index":"index","follow":"follow","max-snippet":"max-snippet:-1","max-image-preview":"max-image-preview:large","max-video-preview":"max-video-preview:-1"},"canonical":"https:\/\/www.cambe.pr.gov.br\/index.php\/prefeitura-vai-aplicar-fumace-nas-regioes-do-campos-verdes-sao-paulo-e-santo-amaro-nesta-sexta-14\/","og_locale":"pt_BR","og_type":"article","og_title":"Prefeitura vai aplicar fumac\u00ea nas regi\u00f5es do Campos Verdes, S\u00e3o Paulo e Santo Amaro nesta sexta (14) - Prefeitura de Camb\u00e9","og_description":"A Prefeitura de Camb\u00e9, atrav\u00e9s da Secretaria Municipal de Sa\u00fade P\u00fablica, ir\u00e1 promover mais uma a\u00e7\u00e3o de combate ao mosquito da dengue. Nesta sexta-feira (14), tem in\u00edcio da aplica\u00e7\u00e3o de inseticida com o ve\u00edculo do fumac\u00ea contra o Aedes aegypti nas ruas do Campos Verdes e bairros atendidos pelas Unidades B\u00e1sicas de Sa\u00fade (UBS) do [&hellip;]","og_url":"https:\/\/www.cambe.pr.gov.br\/index.php\/prefeitura-vai-aplicar-fumace-nas-regioes-do-campos-verdes-sao-paulo-e-santo-amaro-nesta-sexta-14\/","og_site_name":"Prefeitura de Camb\u00e9","article_publisher":"https:\/\/m.facebook.com\/prefeituradecambe","article_published_time":"2025-03-12T16:36:09+00:00","og_image":[{"url":"https:\/\/www.cambe.pr.gov.br\/wp-content\/uploads\/2024\/02\/WhatsApp-Image-2024-02-16-at-14.17.36-e1712689211989.jpeg","type":"","width":"","height":""}],"author":"Vinicius Augusto Batista Eira","twitter_card":"summary_large_image","twitter_misc":{"Escrito por":"Vinicius Augusto Batista Eira","Est. tempo de leitura":"1 minuto"},"schema":{"@context":"https:\/\/schema.org","@graph":[{"@type":"Article","@id":"https:\/\/www.cambe.pr.gov.br\/index.php\/prefeitura-vai-aplicar-fumace-nas-regioes-do-campos-verdes-sao-paulo-e-santo-amaro-nesta-sexta-14\/#article","isPartOf":{"@id":"https:\/\/www.cambe.pr.gov.br\/index.php\/prefeitura-vai-aplicar-fumace-nas-regioes-do-campos-verdes-sao-paulo-e-santo-amaro-nesta-sexta-14\/"},"author":{"name":"Vinicius Augusto Batista Eira","@id":"https:\/\/www.cambe.pr.gov.br\/#\/schema\/person\/8e3ee69cb2cadf4b9f8377407227effd"},"headline":"Prefeitura vai aplicar fumac\u00ea nas regi\u00f5es do Campos Verdes, S\u00e3o Paulo e Santo Amaro nesta sexta (14)","datePublished":"2025-03-12T16:36:09+00:00","mainEntityOfPage":{"@id":"https:\/\/www.cambe.pr.gov.br\/index.php\/prefeitura-vai-aplicar-fumace-nas-regioes-do-campos-verdes-sao-paulo-e-santo-amaro-nesta-sexta-14\/"},"wordCount":180,"publisher":{"@id":"https:\/\/www.cambe.pr.gov.br\/#organization"},"image":{"@id":"https:\/\/www.cambe.pr.gov.br\/index.php\/prefeitura-vai-aplicar-fumace-nas-regioes-do-campos-verdes-sao-paulo-e-santo-amaro-nesta-sexta-14\/#primaryimage"},"thumbnailUrl":"https:\/\/www.cambe.pr.gov.br\/wp-content\/uploads\/2024\/02\/WhatsApp-Image-2024-02-16-at-14.17.36-e1712689211989.jpeg","articleSection":["Principal"],"inLanguage":"pt-BR"},{"@type":"WebPage","@id":"https:\/\/www.cambe.pr.gov.br\/index.php\/prefeitura-vai-aplicar-fumace-nas-regioes-do-campos-verdes-sao-paulo-e-santo-amaro-nesta-sexta-14\/","url":"https:\/\/www.cambe.pr.gov.br\/index.php\/prefeitura-vai-aplicar-fumace-nas-regioes-do-campos-verdes-sao-paulo-e-santo-amaro-nesta-sexta-14\/","name":"Prefeitura vai aplicar fumac\u00ea nas regi\u00f5es do Campos Verdes, S\u00e3o Paulo e Santo Amaro nesta sexta (14) - Prefeitura de Camb\u00e9","isPartOf":{"@id":"https:\/\/www.cambe.pr.gov.br\/#website"},"primaryImageOfPage":{"@id":"https:\/\/www.cambe.pr.gov.br\/index.php\/prefeitura-vai-aplicar-fumace-nas-regioes-do-campos-verdes-sao-paulo-e-santo-amaro-nesta-sexta-14\/#primaryimage"},"image":{"@id":"https:\/\/www.cambe.pr.gov.br\/index.php\/prefeitura-vai-aplicar-fumace-nas-regioes-do-campos-verdes-sao-paulo-e-santo-amaro-nesta-sexta-14\/#primaryimage"},"thumbnailUrl":"https:\/\/www.cambe.pr.gov.br\/wp-content\/uploads\/2024\/02\/WhatsApp-Image-2024-02-16-at-14.17.36-e1712689211989.jpeg","datePublished":"2025-03-12T16:36:09+00:00","breadcrumb":{"@id":"https:\/\/www.cambe.pr.gov.br\/index.php\/prefeitura-vai-aplicar-fumace-nas-regioes-do-campos-verdes-sao-paulo-e-santo-amaro-nesta-sexta-14\/#breadcrumb"},"inLanguage":"pt-BR","potentialAction":[{"@type":"ReadAction","target":["https:\/\/www.cambe.pr.gov.br\/index.php\/prefeitura-vai-aplicar-fumace-nas-regioes-do-campos-verdes-sao-paulo-e-santo-amaro-nesta-sexta-14\/"]}]},{"@type":"ImageObject","inLanguage":"pt-BR","@id":"https:\/\/www.cambe.pr.gov.br\/index.php\/prefeitura-vai-aplicar-fumace-nas-regioes-do-campos-verdes-sao-paulo-e-santo-amaro-nesta-sexta-14\/#primaryimage","url":"https:\/\/www.cambe.pr.gov.br\/wp-content\/uploads\/2024\/02\/WhatsApp-Image-2024-02-16-at-14.17.36-e1712689211989.jpeg","contentUrl":"https:\/\/www.cambe.pr.gov.br\/wp-content\/uploads\/2024\/02\/WhatsApp-Image-2024-02-16-at-14.17.36-e1712689211989.jpeg","width":600,"height":400},{"@type":"BreadcrumbList","@id":"https:\/\/www.cambe.pr.gov.br\/index.php\/prefeitura-vai-aplicar-fumace-nas-regioes-do-campos-verdes-sao-paulo-e-santo-amaro-nesta-sexta-14\/#breadcrumb","itemListElement":[{"@type":"ListItem","position":1,"name":"In\u00edcio","item":"https:\/\/www.cambe.pr.gov.br\/"},{"@type":"ListItem","position":2,"name":"Prefeitura vai aplicar fumac\u00ea nas regi\u00f5es do Campos Verdes, S\u00e3o Paulo e Santo Amaro nesta sexta (14)"}]},{"@type":"WebSite","@id":"https:\/\/www.cambe.pr.gov.br\/#website","url":"https:\/\/www.cambe.pr.gov.br\/","name":"Prefeitura de Camb\u00e9","description":"UM GOVERNO PARA TODOS","publisher":{"@id":"https:\/\/www.cambe.pr.gov.br\/#organization"},"potentialAction":[{"@type":"SearchAction","target":{"@type":"EntryPoint","urlTemplate":"https:\/\/www.cambe.pr.gov.br\/?s={search_term_string}"},"query-input":{"@type":"PropertyValueSpecification","valueRequired":true,"valueName":"search_term_string"}}],"inLanguage":"pt-BR"},{"@type":"Organization","@id":"https:\/\/www.cambe.pr.gov.br\/#organization","name":"Prefeitura de Camb\u00e9","url":"https:\/\/www.cambe.pr.gov.br\/","logo":{"@type":"ImageObject","inLanguage":"pt-BR","@id":"https:\/\/www.cambe.pr.gov.br\/#\/schema\/logo\/image\/","url":"https:\/\/www.cambe.pr.gov.br\/wp-content\/uploads\/2021\/01\/cropped-cropped-cambe_brazao-icone.png","contentUrl":"https:\/\/www.cambe.pr.gov.br\/wp-content\/uploads\/2021\/01\/cropped-cropped-cambe_brazao-icone.png","width":240,"height":240,"caption":"Prefeitura de Camb\u00e9"},"image":{"@id":"https:\/\/www.cambe.pr.gov.br\/#\/schema\/logo\/image\/"},"sameAs":["https:\/\/m.facebook.com\/prefeituradecambe"]},{"@type":"Person","@id":"https:\/\/www.cambe.pr.gov.br\/#\/schema\/person\/8e3ee69cb2cadf4b9f8377407227effd","name":"Vinicius Augusto Batista Eira","image":{"@type":"ImageObject","inLanguage":"pt-BR","@id":"https:\/\/secure.gravatar.com\/avatar\/1ec500de7013b30e1d4d7c8c3978f0e4433c37e5d5e4cd186239369c6440122b?s=96&d=mm&r=g","url":"https:\/\/secure.gravatar.com\/avatar\/1ec500de7013b30e1d4d7c8c3978f0e4433c37e5d5e4cd186239369c6440122b?s=96&d=mm&r=g","contentUrl":"https:\/\/secure.gravatar.com\/avatar\/1ec500de7013b30e1d4d7c8c3978f0e4433c37e5d5e4cd186239369c6440122b?s=96&d=mm&r=g","caption":"Vinicius Augusto Batista Eira"},"url":"https:\/\/www.cambe.pr.gov.br\/index.php\/author\/vabeira\/"}]}},"_links":{"self":[{"href":"https:\/\/www.cambe.pr.gov.br\/index.php\/wp-json\/wp\/v2\/posts\/16325","targetHints":{"allow":["GET"]}}],"collection":[{"href":"https:\/\/www.cambe.pr.gov.br\/index.php\/wp-json\/wp\/v2\/posts"}],"about":[{"href":"https:\/\/www.cambe.pr.gov.br\/index.php\/wp-json\/wp\/v2\/types\/post"}],"author":[{"embeddable":true,"href":"https:\/\/www.cambe.pr.gov.br\/index.php\/wp-json\/wp\/v2\/users\/16"}],"replies":[{"embeddable":true,"href":"https:\/\/www.cambe.pr.gov.br\/index.php\/wp-json\/wp\/v2\/comments?post=16325"}],"version-history":[{"count":2,"href":"https:\/\/www.cambe.pr.gov.br\/index.php\/wp-json\/wp\/v2\/posts\/16325\/revisions"}],"predecessor-version":[{"id":16335,"href":"https:\/\/www.cambe.pr.gov.br\/index.php\/wp-json\/wp\/v2\/posts\/16325\/revisions\/16335"}],"wp:attachment":[{"href":"https:\/\/www.cambe.pr.gov.br\/index.php\/wp-json\/wp\/v2\/media?parent=16325"}],"wp:term":[{"taxonomy":"category","embeddable":true,"href":"https:\/\/www.cambe.pr.gov.br\/index.php\/wp-json\/wp\/v2\/categories?post=16325"},{"taxonomy":"post_tag","embeddable":true,"href":"https:\/\/www.cambe.pr.gov.br\/index.php\/wp-json\/wp\/v2\/tags?post=16325"}],"curies":[{"name":"wp","href":"https:\/\/api.w.org\/{rel}","templated":true}]}}