{"id":16320,"date":"2025-03-11T15:58:26","date_gmt":"2025-03-11T18:58:26","guid":{"rendered":"https:\/\/www.cambe.pr.gov.br\/?p=16320"},"modified":"2025-03-11T15:58:26","modified_gmt":"2025-03-11T18:58:26","slug":"prefeitura-promove-orientacao-a-medicos-para-otimizacao-de-atendimento-de-casos-suspeitos-de-dengue","status":"publish","type":"post","link":"https:\/\/www.cambe.pr.gov.br\/index.php\/prefeitura-promove-orientacao-a-medicos-para-otimizacao-de-atendimento-de-casos-suspeitos-de-dengue\/","title":{"rendered":"Prefeitura promove orienta\u00e7\u00e3o a m\u00e9dicos para otimiza\u00e7\u00e3o de atendimento de casos suspeitos de dengue"},"content":{"rendered":"<p style=\"text-align: justify;\"><span style=\"font-weight: 400; font-family: arial, helvetica, sans-serif;\"><img fetchpriority=\"high\" decoding=\"async\" class=\"alignleft wp-image-16321 size-full\" src=\"https:\/\/www.cambe.pr.gov.br\/wp-content\/uploads\/2025\/03\/Imagem-do-WhatsApp-de-2025-03-11-as-12.52.06_2ab6e11f-e1741719497912.jpg\" alt=\"\" width=\"600\" height=\"480\" \/>A Prefeitura de Camb\u00e9, atrav\u00e9s da Secretaria Municipal de Sa\u00fade P\u00fablica e Departamento de Aten\u00e7\u00e3o Especializada, realizou uma a\u00e7\u00e3o de orienta\u00e7\u00e3o para m\u00e9dicos nos \u00faltimos 30 dias. Ao todo, 103 plantonistas que atendem nas Unidades de Pronto Atendimento do munic\u00edpio, UPA do Tupi e Unidade 24 Horas, participaram da capacita\u00e7\u00e3o. O objetivo \u00e9 otimizar o atendimento dos casos suspeitos de dengue em Camb\u00e9.<\/span><\/p>\n<p style=\"text-align: justify;\"><span style=\"font-weight: 400; font-family: arial, helvetica, sans-serif;\">M\u00e9dicos de atendimentos cl\u00ednicos e pediatria receberam orienta\u00e7\u00f5es nas unidades para refor\u00e7o da import\u00e2ncia do seguimento do Protocolo de Atendimento de Dengue do Minist\u00e9rio da Sa\u00fade, padronizado em Camb\u00e9. Os profissionais tamb\u00e9m foram instru\u00eddos a fazerem cursos de capacita\u00e7\u00e3o e atualiza\u00e7\u00e3o no manejo de Dengue que est\u00e3o sendo disponibilizados pela regional de sa\u00fade.<\/span><\/p>\n<p style=\"text-align: justify;\"><span style=\"font-weight: 400; font-family: arial, helvetica, sans-serif;\">Foi feita tamb\u00e9m a apresenta\u00e7\u00e3o do \u201cGuia Pr\u00e1tico de Manejo Cl\u00ednico de Dengue\u201d, organizado pela Secretaria Municipal de Sa\u00fade P\u00fablica, baseado na publica\u00e7\u00e3o \u201cDengue &#8211; Diagn\u00f3stico e Manejo Cl\u00ednico\u201d, elaborada pelo Minist\u00e9rio da Sa\u00fade. O documento re\u00fane as principais informa\u00e7\u00f5es que auxiliam o m\u00e9dico durante o atendimento dos casos de Dengue e acompanhamento adequado.<\/span><\/p>\n<p style=\"text-align: justify;\"><span style=\"font-weight: 400; font-family: arial, helvetica, sans-serif;\">\u201cEsse tipo de a\u00e7\u00e3o refor\u00e7a o compromisso da Prefeitura de Camb\u00e9 e da Secretaria Municipal de Sa\u00fade com a popula\u00e7\u00e3o cambeense, estando atentos ao iminente aumento dos casos de Dengue esperado nesta \u00e9poca em todo pa\u00eds\u201d, explicou o m\u00e9dico da Secretaria e Sa\u00fade e orientador da a\u00e7\u00e3o, Thadeu Jairo Guerra.<\/span><\/p>\n","protected":false},"excerpt":{"rendered":"<p>A Prefeitura de Camb\u00e9, atrav\u00e9s da Secretaria Municipal de Sa\u00fade P\u00fablica e Departamento de Aten\u00e7\u00e3o Especializada, realizou uma a\u00e7\u00e3o de orienta\u00e7\u00e3o para m\u00e9dicos nos \u00faltimos 30 dias. Ao todo, 103 plantonistas que atendem nas Unidades de Pronto Atendimento do munic\u00edpio, UPA do Tupi e Unidade 24 Horas, participaram da capacita\u00e7\u00e3o. O objetivo \u00e9 otimizar o [&hellip;]<\/p>\n","protected":false},"author":16,"featured_media":0,"comment_status":"closed","ping_status":"closed","sticky":false,"template":"","format":"standard","meta":{"ngg_post_thumbnail":0,"footnotes":""},"categories":[1],"tags":[],"class_list":["post-16320","post","type-post","status-publish","format-standard","hentry","category-principal"],"yoast_head":"<!-- This site is optimized with the Yoast SEO plugin v27.4 - https:\/\/yoast.com\/product\/yoast-seo-wordpress\/ -->\n<title>Prefeitura promove orienta\u00e7\u00e3o a m\u00e9dicos para otimiza\u00e7\u00e3o de atendimento de casos suspeitos de dengue - Prefeitura de Camb\u00e9<\/title>\n<meta name=\"robots\" content=\"index, follow, max-snippet:-1, max-image-preview:large, max-video-preview:-1\" \/>\n<link rel=\"canonical\" href=\"https:\/\/www.cambe.pr.gov.br\/index.php\/prefeitura-promove-orientacao-a-medicos-para-otimizacao-de-atendimento-de-casos-suspeitos-de-dengue\/\" \/>\n<meta property=\"og:locale\" content=\"pt_BR\" \/>\n<meta property=\"og:type\" content=\"article\" \/>\n<meta property=\"og:title\" content=\"Prefeitura promove orienta\u00e7\u00e3o a m\u00e9dicos para otimiza\u00e7\u00e3o de atendimento de casos suspeitos de dengue - Prefeitura de Camb\u00e9\" \/>\n<meta property=\"og:description\" content=\"A Prefeitura de Camb\u00e9, atrav\u00e9s da Secretaria Municipal de Sa\u00fade P\u00fablica e Departamento de Aten\u00e7\u00e3o Especializada, realizou uma a\u00e7\u00e3o de orienta\u00e7\u00e3o para m\u00e9dicos nos \u00faltimos 30 dias. Ao todo, 103 plantonistas que atendem nas Unidades de Pronto Atendimento do munic\u00edpio, UPA do Tupi e Unidade 24 Horas, participaram da capacita\u00e7\u00e3o. O objetivo \u00e9 otimizar o [&hellip;]\" \/>\n<meta property=\"og:url\" content=\"https:\/\/www.cambe.pr.gov.br\/index.php\/prefeitura-promove-orientacao-a-medicos-para-otimizacao-de-atendimento-de-casos-suspeitos-de-dengue\/\" \/>\n<meta property=\"og:site_name\" content=\"Prefeitura de Camb\u00e9\" \/>\n<meta property=\"article:publisher\" content=\"https:\/\/m.facebook.com\/prefeituradecambe\" \/>\n<meta property=\"article:published_time\" content=\"2025-03-11T18:58:26+00:00\" \/>\n<meta property=\"og:image\" content=\"https:\/\/www.cambe.pr.gov.br\/wp-content\/uploads\/2025\/03\/Imagem-do-WhatsApp-de-2025-03-11-as-12.52.06_2ab6e11f-e1741719497912.jpg\" \/>\n<meta name=\"author\" content=\"Vinicius Augusto Batista Eira\" \/>\n<meta name=\"twitter:card\" content=\"summary_large_image\" \/>\n<meta name=\"twitter:label1\" content=\"Escrito por\" \/>\n\t<meta name=\"twitter:data1\" content=\"Vinicius Augusto Batista Eira\" \/>\n\t<meta name=\"twitter:label2\" content=\"Est. tempo de leitura\" \/>\n\t<meta name=\"twitter:data2\" content=\"2 minutos\" \/>\n<script type=\"application\/ld+json\" class=\"yoast-schema-graph\">{\"@context\":\"https:\\\/\\\/schema.org\",\"@graph\":[{\"@type\":\"Article\",\"@id\":\"https:\\\/\\\/www.cambe.pr.gov.br\\\/index.php\\\/prefeitura-promove-orientacao-a-medicos-para-otimizacao-de-atendimento-de-casos-suspeitos-de-dengue\\\/#article\",\"isPartOf\":{\"@id\":\"https:\\\/\\\/www.cambe.pr.gov.br\\\/index.php\\\/prefeitura-promove-orientacao-a-medicos-para-otimizacao-de-atendimento-de-casos-suspeitos-de-dengue\\\/\"},\"author\":{\"name\":\"Vinicius Augusto Batista Eira\",\"@id\":\"https:\\\/\\\/www.cambe.pr.gov.br\\\/#\\\/schema\\\/person\\\/8e3ee69cb2cadf4b9f8377407227effd\"},\"headline\":\"Prefeitura promove orienta\u00e7\u00e3o a m\u00e9dicos para otimiza\u00e7\u00e3o de atendimento de casos suspeitos de dengue\",\"datePublished\":\"2025-03-11T18:58:26+00:00\",\"mainEntityOfPage\":{\"@id\":\"https:\\\/\\\/www.cambe.pr.gov.br\\\/index.php\\\/prefeitura-promove-orientacao-a-medicos-para-otimizacao-de-atendimento-de-casos-suspeitos-de-dengue\\\/\"},\"wordCount\":277,\"publisher\":{\"@id\":\"https:\\\/\\\/www.cambe.pr.gov.br\\\/#organization\"},\"image\":{\"@id\":\"https:\\\/\\\/www.cambe.pr.gov.br\\\/index.php\\\/prefeitura-promove-orientacao-a-medicos-para-otimizacao-de-atendimento-de-casos-suspeitos-de-dengue\\\/#primaryimage\"},\"thumbnailUrl\":\"https:\\\/\\\/www.cambe.pr.gov.br\\\/wp-content\\\/uploads\\\/2025\\\/03\\\/Imagem-do-WhatsApp-de-2025-03-11-as-12.52.06_2ab6e11f-e1741719497912.jpg\",\"articleSection\":[\"Principal\"],\"inLanguage\":\"pt-BR\"},{\"@type\":\"WebPage\",\"@id\":\"https:\\\/\\\/www.cambe.pr.gov.br\\\/index.php\\\/prefeitura-promove-orientacao-a-medicos-para-otimizacao-de-atendimento-de-casos-suspeitos-de-dengue\\\/\",\"url\":\"https:\\\/\\\/www.cambe.pr.gov.br\\\/index.php\\\/prefeitura-promove-orientacao-a-medicos-para-otimizacao-de-atendimento-de-casos-suspeitos-de-dengue\\\/\",\"name\":\"Prefeitura promove orienta\u00e7\u00e3o a m\u00e9dicos para otimiza\u00e7\u00e3o de atendimento de casos suspeitos de dengue - Prefeitura de Camb\u00e9\",\"isPartOf\":{\"@id\":\"https:\\\/\\\/www.cambe.pr.gov.br\\\/#website\"},\"primaryImageOfPage\":{\"@id\":\"https:\\\/\\\/www.cambe.pr.gov.br\\\/index.php\\\/prefeitura-promove-orientacao-a-medicos-para-otimizacao-de-atendimento-de-casos-suspeitos-de-dengue\\\/#primaryimage\"},\"image\":{\"@id\":\"https:\\\/\\\/www.cambe.pr.gov.br\\\/index.php\\\/prefeitura-promove-orientacao-a-medicos-para-otimizacao-de-atendimento-de-casos-suspeitos-de-dengue\\\/#primaryimage\"},\"thumbnailUrl\":\"https:\\\/\\\/www.cambe.pr.gov.br\\\/wp-content\\\/uploads\\\/2025\\\/03\\\/Imagem-do-WhatsApp-de-2025-03-11-as-12.52.06_2ab6e11f-e1741719497912.jpg\",\"datePublished\":\"2025-03-11T18:58:26+00:00\",\"breadcrumb\":{\"@id\":\"https:\\\/\\\/www.cambe.pr.gov.br\\\/index.php\\\/prefeitura-promove-orientacao-a-medicos-para-otimizacao-de-atendimento-de-casos-suspeitos-de-dengue\\\/#breadcrumb\"},\"inLanguage\":\"pt-BR\",\"potentialAction\":[{\"@type\":\"ReadAction\",\"target\":[\"https:\\\/\\\/www.cambe.pr.gov.br\\\/index.php\\\/prefeitura-promove-orientacao-a-medicos-para-otimizacao-de-atendimento-de-casos-suspeitos-de-dengue\\\/\"]}]},{\"@type\":\"ImageObject\",\"inLanguage\":\"pt-BR\",\"@id\":\"https:\\\/\\\/www.cambe.pr.gov.br\\\/index.php\\\/prefeitura-promove-orientacao-a-medicos-para-otimizacao-de-atendimento-de-casos-suspeitos-de-dengue\\\/#primaryimage\",\"url\":\"https:\\\/\\\/www.cambe.pr.gov.br\\\/wp-content\\\/uploads\\\/2025\\\/03\\\/Imagem-do-WhatsApp-de-2025-03-11-as-12.52.06_2ab6e11f-e1741719497912.jpg\",\"contentUrl\":\"https:\\\/\\\/www.cambe.pr.gov.br\\\/wp-content\\\/uploads\\\/2025\\\/03\\\/Imagem-do-WhatsApp-de-2025-03-11-as-12.52.06_2ab6e11f-e1741719497912.jpg\",\"width\":600,\"height\":480},{\"@type\":\"BreadcrumbList\",\"@id\":\"https:\\\/\\\/www.cambe.pr.gov.br\\\/index.php\\\/prefeitura-promove-orientacao-a-medicos-para-otimizacao-de-atendimento-de-casos-suspeitos-de-dengue\\\/#breadcrumb\",\"itemListElement\":[{\"@type\":\"ListItem\",\"position\":1,\"name\":\"In\u00edcio\",\"item\":\"https:\\\/\\\/www.cambe.pr.gov.br\\\/\"},{\"@type\":\"ListItem\",\"position\":2,\"name\":\"Prefeitura promove orienta\u00e7\u00e3o a m\u00e9dicos para otimiza\u00e7\u00e3o de atendimento de casos suspeitos de dengue\"}]},{\"@type\":\"WebSite\",\"@id\":\"https:\\\/\\\/www.cambe.pr.gov.br\\\/#website\",\"url\":\"https:\\\/\\\/www.cambe.pr.gov.br\\\/\",\"name\":\"Prefeitura de Camb\u00e9\",\"description\":\"UM GOVERNO PARA TODOS\",\"publisher\":{\"@id\":\"https:\\\/\\\/www.cambe.pr.gov.br\\\/#organization\"},\"potentialAction\":[{\"@type\":\"SearchAction\",\"target\":{\"@type\":\"EntryPoint\",\"urlTemplate\":\"https:\\\/\\\/www.cambe.pr.gov.br\\\/?s={search_term_string}\"},\"query-input\":{\"@type\":\"PropertyValueSpecification\",\"valueRequired\":true,\"valueName\":\"search_term_string\"}}],\"inLanguage\":\"pt-BR\"},{\"@type\":\"Organization\",\"@id\":\"https:\\\/\\\/www.cambe.pr.gov.br\\\/#organization\",\"name\":\"Prefeitura de Camb\u00e9\",\"url\":\"https:\\\/\\\/www.cambe.pr.gov.br\\\/\",\"logo\":{\"@type\":\"ImageObject\",\"inLanguage\":\"pt-BR\",\"@id\":\"https:\\\/\\\/www.cambe.pr.gov.br\\\/#\\\/schema\\\/logo\\\/image\\\/\",\"url\":\"https:\\\/\\\/www.cambe.pr.gov.br\\\/wp-content\\\/uploads\\\/2021\\\/01\\\/cropped-cropped-cambe_brazao-icone.png\",\"contentUrl\":\"https:\\\/\\\/www.cambe.pr.gov.br\\\/wp-content\\\/uploads\\\/2021\\\/01\\\/cropped-cropped-cambe_brazao-icone.png\",\"width\":240,\"height\":240,\"caption\":\"Prefeitura de Camb\u00e9\"},\"image\":{\"@id\":\"https:\\\/\\\/www.cambe.pr.gov.br\\\/#\\\/schema\\\/logo\\\/image\\\/\"},\"sameAs\":[\"https:\\\/\\\/m.facebook.com\\\/prefeituradecambe\"]},{\"@type\":\"Person\",\"@id\":\"https:\\\/\\\/www.cambe.pr.gov.br\\\/#\\\/schema\\\/person\\\/8e3ee69cb2cadf4b9f8377407227effd\",\"name\":\"Vinicius Augusto Batista Eira\",\"image\":{\"@type\":\"ImageObject\",\"inLanguage\":\"pt-BR\",\"@id\":\"https:\\\/\\\/secure.gravatar.com\\\/avatar\\\/1ec500de7013b30e1d4d7c8c3978f0e4433c37e5d5e4cd186239369c6440122b?s=96&d=mm&r=g\",\"url\":\"https:\\\/\\\/secure.gravatar.com\\\/avatar\\\/1ec500de7013b30e1d4d7c8c3978f0e4433c37e5d5e4cd186239369c6440122b?s=96&d=mm&r=g\",\"contentUrl\":\"https:\\\/\\\/secure.gravatar.com\\\/avatar\\\/1ec500de7013b30e1d4d7c8c3978f0e4433c37e5d5e4cd186239369c6440122b?s=96&d=mm&r=g\",\"caption\":\"Vinicius Augusto Batista Eira\"},\"url\":\"https:\\\/\\\/www.cambe.pr.gov.br\\\/index.php\\\/author\\\/vabeira\\\/\"}]}<\/script>\n<!-- \/ Yoast SEO plugin. -->","yoast_head_json":{"title":"Prefeitura promove orienta\u00e7\u00e3o a m\u00e9dicos para otimiza\u00e7\u00e3o de atendimento de casos suspeitos de dengue - Prefeitura de Camb\u00e9","robots":{"index":"index","follow":"follow","max-snippet":"max-snippet:-1","max-image-preview":"max-image-preview:large","max-video-preview":"max-video-preview:-1"},"canonical":"https:\/\/www.cambe.pr.gov.br\/index.php\/prefeitura-promove-orientacao-a-medicos-para-otimizacao-de-atendimento-de-casos-suspeitos-de-dengue\/","og_locale":"pt_BR","og_type":"article","og_title":"Prefeitura promove orienta\u00e7\u00e3o a m\u00e9dicos para otimiza\u00e7\u00e3o de atendimento de casos suspeitos de dengue - Prefeitura de Camb\u00e9","og_description":"A Prefeitura de Camb\u00e9, atrav\u00e9s da Secretaria Municipal de Sa\u00fade P\u00fablica e Departamento de Aten\u00e7\u00e3o Especializada, realizou uma a\u00e7\u00e3o de orienta\u00e7\u00e3o para m\u00e9dicos nos \u00faltimos 30 dias. Ao todo, 103 plantonistas que atendem nas Unidades de Pronto Atendimento do munic\u00edpio, UPA do Tupi e Unidade 24 Horas, participaram da capacita\u00e7\u00e3o. O objetivo \u00e9 otimizar o [&hellip;]","og_url":"https:\/\/www.cambe.pr.gov.br\/index.php\/prefeitura-promove-orientacao-a-medicos-para-otimizacao-de-atendimento-de-casos-suspeitos-de-dengue\/","og_site_name":"Prefeitura de Camb\u00e9","article_publisher":"https:\/\/m.facebook.com\/prefeituradecambe","article_published_time":"2025-03-11T18:58:26+00:00","og_image":[{"url":"https:\/\/www.cambe.pr.gov.br\/wp-content\/uploads\/2025\/03\/Imagem-do-WhatsApp-de-2025-03-11-as-12.52.06_2ab6e11f-e1741719497912.jpg","type":"","width":"","height":""}],"author":"Vinicius Augusto Batista Eira","twitter_card":"summary_large_image","twitter_misc":{"Escrito por":"Vinicius Augusto Batista Eira","Est. tempo de leitura":"2 minutos"},"schema":{"@context":"https:\/\/schema.org","@graph":[{"@type":"Article","@id":"https:\/\/www.cambe.pr.gov.br\/index.php\/prefeitura-promove-orientacao-a-medicos-para-otimizacao-de-atendimento-de-casos-suspeitos-de-dengue\/#article","isPartOf":{"@id":"https:\/\/www.cambe.pr.gov.br\/index.php\/prefeitura-promove-orientacao-a-medicos-para-otimizacao-de-atendimento-de-casos-suspeitos-de-dengue\/"},"author":{"name":"Vinicius Augusto Batista Eira","@id":"https:\/\/www.cambe.pr.gov.br\/#\/schema\/person\/8e3ee69cb2cadf4b9f8377407227effd"},"headline":"Prefeitura promove orienta\u00e7\u00e3o a m\u00e9dicos para otimiza\u00e7\u00e3o de atendimento de casos suspeitos de dengue","datePublished":"2025-03-11T18:58:26+00:00","mainEntityOfPage":{"@id":"https:\/\/www.cambe.pr.gov.br\/index.php\/prefeitura-promove-orientacao-a-medicos-para-otimizacao-de-atendimento-de-casos-suspeitos-de-dengue\/"},"wordCount":277,"publisher":{"@id":"https:\/\/www.cambe.pr.gov.br\/#organization"},"image":{"@id":"https:\/\/www.cambe.pr.gov.br\/index.php\/prefeitura-promove-orientacao-a-medicos-para-otimizacao-de-atendimento-de-casos-suspeitos-de-dengue\/#primaryimage"},"thumbnailUrl":"https:\/\/www.cambe.pr.gov.br\/wp-content\/uploads\/2025\/03\/Imagem-do-WhatsApp-de-2025-03-11-as-12.52.06_2ab6e11f-e1741719497912.jpg","articleSection":["Principal"],"inLanguage":"pt-BR"},{"@type":"WebPage","@id":"https:\/\/www.cambe.pr.gov.br\/index.php\/prefeitura-promove-orientacao-a-medicos-para-otimizacao-de-atendimento-de-casos-suspeitos-de-dengue\/","url":"https:\/\/www.cambe.pr.gov.br\/index.php\/prefeitura-promove-orientacao-a-medicos-para-otimizacao-de-atendimento-de-casos-suspeitos-de-dengue\/","name":"Prefeitura promove orienta\u00e7\u00e3o a m\u00e9dicos para otimiza\u00e7\u00e3o de atendimento de casos suspeitos de dengue - Prefeitura de Camb\u00e9","isPartOf":{"@id":"https:\/\/www.cambe.pr.gov.br\/#website"},"primaryImageOfPage":{"@id":"https:\/\/www.cambe.pr.gov.br\/index.php\/prefeitura-promove-orientacao-a-medicos-para-otimizacao-de-atendimento-de-casos-suspeitos-de-dengue\/#primaryimage"},"image":{"@id":"https:\/\/www.cambe.pr.gov.br\/index.php\/prefeitura-promove-orientacao-a-medicos-para-otimizacao-de-atendimento-de-casos-suspeitos-de-dengue\/#primaryimage"},"thumbnailUrl":"https:\/\/www.cambe.pr.gov.br\/wp-content\/uploads\/2025\/03\/Imagem-do-WhatsApp-de-2025-03-11-as-12.52.06_2ab6e11f-e1741719497912.jpg","datePublished":"2025-03-11T18:58:26+00:00","breadcrumb":{"@id":"https:\/\/www.cambe.pr.gov.br\/index.php\/prefeitura-promove-orientacao-a-medicos-para-otimizacao-de-atendimento-de-casos-suspeitos-de-dengue\/#breadcrumb"},"inLanguage":"pt-BR","potentialAction":[{"@type":"ReadAction","target":["https:\/\/www.cambe.pr.gov.br\/index.php\/prefeitura-promove-orientacao-a-medicos-para-otimizacao-de-atendimento-de-casos-suspeitos-de-dengue\/"]}]},{"@type":"ImageObject","inLanguage":"pt-BR","@id":"https:\/\/www.cambe.pr.gov.br\/index.php\/prefeitura-promove-orientacao-a-medicos-para-otimizacao-de-atendimento-de-casos-suspeitos-de-dengue\/#primaryimage","url":"https:\/\/www.cambe.pr.gov.br\/wp-content\/uploads\/2025\/03\/Imagem-do-WhatsApp-de-2025-03-11-as-12.52.06_2ab6e11f-e1741719497912.jpg","contentUrl":"https:\/\/www.cambe.pr.gov.br\/wp-content\/uploads\/2025\/03\/Imagem-do-WhatsApp-de-2025-03-11-as-12.52.06_2ab6e11f-e1741719497912.jpg","width":600,"height":480},{"@type":"BreadcrumbList","@id":"https:\/\/www.cambe.pr.gov.br\/index.php\/prefeitura-promove-orientacao-a-medicos-para-otimizacao-de-atendimento-de-casos-suspeitos-de-dengue\/#breadcrumb","itemListElement":[{"@type":"ListItem","position":1,"name":"In\u00edcio","item":"https:\/\/www.cambe.pr.gov.br\/"},{"@type":"ListItem","position":2,"name":"Prefeitura promove orienta\u00e7\u00e3o a m\u00e9dicos para otimiza\u00e7\u00e3o de atendimento de casos suspeitos de dengue"}]},{"@type":"WebSite","@id":"https:\/\/www.cambe.pr.gov.br\/#website","url":"https:\/\/www.cambe.pr.gov.br\/","name":"Prefeitura de Camb\u00e9","description":"UM GOVERNO PARA TODOS","publisher":{"@id":"https:\/\/www.cambe.pr.gov.br\/#organization"},"potentialAction":[{"@type":"SearchAction","target":{"@type":"EntryPoint","urlTemplate":"https:\/\/www.cambe.pr.gov.br\/?s={search_term_string}"},"query-input":{"@type":"PropertyValueSpecification","valueRequired":true,"valueName":"search_term_string"}}],"inLanguage":"pt-BR"},{"@type":"Organization","@id":"https:\/\/www.cambe.pr.gov.br\/#organization","name":"Prefeitura de Camb\u00e9","url":"https:\/\/www.cambe.pr.gov.br\/","logo":{"@type":"ImageObject","inLanguage":"pt-BR","@id":"https:\/\/www.cambe.pr.gov.br\/#\/schema\/logo\/image\/","url":"https:\/\/www.cambe.pr.gov.br\/wp-content\/uploads\/2021\/01\/cropped-cropped-cambe_brazao-icone.png","contentUrl":"https:\/\/www.cambe.pr.gov.br\/wp-content\/uploads\/2021\/01\/cropped-cropped-cambe_brazao-icone.png","width":240,"height":240,"caption":"Prefeitura de Camb\u00e9"},"image":{"@id":"https:\/\/www.cambe.pr.gov.br\/#\/schema\/logo\/image\/"},"sameAs":["https:\/\/m.facebook.com\/prefeituradecambe"]},{"@type":"Person","@id":"https:\/\/www.cambe.pr.gov.br\/#\/schema\/person\/8e3ee69cb2cadf4b9f8377407227effd","name":"Vinicius Augusto Batista Eira","image":{"@type":"ImageObject","inLanguage":"pt-BR","@id":"https:\/\/secure.gravatar.com\/avatar\/1ec500de7013b30e1d4d7c8c3978f0e4433c37e5d5e4cd186239369c6440122b?s=96&d=mm&r=g","url":"https:\/\/secure.gravatar.com\/avatar\/1ec500de7013b30e1d4d7c8c3978f0e4433c37e5d5e4cd186239369c6440122b?s=96&d=mm&r=g","contentUrl":"https:\/\/secure.gravatar.com\/avatar\/1ec500de7013b30e1d4d7c8c3978f0e4433c37e5d5e4cd186239369c6440122b?s=96&d=mm&r=g","caption":"Vinicius Augusto Batista Eira"},"url":"https:\/\/www.cambe.pr.gov.br\/index.php\/author\/vabeira\/"}]}},"_links":{"self":[{"href":"https:\/\/www.cambe.pr.gov.br\/index.php\/wp-json\/wp\/v2\/posts\/16320","targetHints":{"allow":["GET"]}}],"collection":[{"href":"https:\/\/www.cambe.pr.gov.br\/index.php\/wp-json\/wp\/v2\/posts"}],"about":[{"href":"https:\/\/www.cambe.pr.gov.br\/index.php\/wp-json\/wp\/v2\/types\/post"}],"author":[{"embeddable":true,"href":"https:\/\/www.cambe.pr.gov.br\/index.php\/wp-json\/wp\/v2\/users\/16"}],"replies":[{"embeddable":true,"href":"https:\/\/www.cambe.pr.gov.br\/index.php\/wp-json\/wp\/v2\/comments?post=16320"}],"version-history":[{"count":1,"href":"https:\/\/www.cambe.pr.gov.br\/index.php\/wp-json\/wp\/v2\/posts\/16320\/revisions"}],"predecessor-version":[{"id":16322,"href":"https:\/\/www.cambe.pr.gov.br\/index.php\/wp-json\/wp\/v2\/posts\/16320\/revisions\/16322"}],"wp:attachment":[{"href":"https:\/\/www.cambe.pr.gov.br\/index.php\/wp-json\/wp\/v2\/media?parent=16320"}],"wp:term":[{"taxonomy":"category","embeddable":true,"href":"https:\/\/www.cambe.pr.gov.br\/index.php\/wp-json\/wp\/v2\/categories?post=16320"},{"taxonomy":"post_tag","embeddable":true,"href":"https:\/\/www.cambe.pr.gov.br\/index.php\/wp-json\/wp\/v2\/tags?post=16320"}],"curies":[{"name":"wp","href":"https:\/\/api.w.org\/{rel}","templated":true}]}}