{"id":16316,"date":"2025-03-10T15:35:42","date_gmt":"2025-03-10T18:35:42","guid":{"rendered":"https:\/\/www.cambe.pr.gov.br\/?p=16316"},"modified":"2025-03-10T15:35:42","modified_gmt":"2025-03-10T18:35:42","slug":"procon-de-cambe-realiza-mutirao-de-renegociacao-e-orientacao-financeira-ate-o-fim-do-mes","status":"publish","type":"post","link":"https:\/\/www.cambe.pr.gov.br\/index.php\/procon-de-cambe-realiza-mutirao-de-renegociacao-e-orientacao-financeira-ate-o-fim-do-mes\/","title":{"rendered":"Procon de Camb\u00e9 realiza mutir\u00e3o de renegocia\u00e7\u00e3o e orienta\u00e7\u00e3o financeira at\u00e9 o fim do m\u00eas"},"content":{"rendered":"<p style=\"text-align: justify;\"><span style=\"font-weight: 400; font-family: arial, helvetica, sans-serif;\"><img fetchpriority=\"high\" decoding=\"async\" class=\"alignleft wp-image-4165 size-large\" src=\"https:\/\/www.cambe.pr.gov.br\/wp-content\/uploads\/2021\/12\/procom-scaled-e1638908282167-1024x684.jpg\" alt=\"\" width=\"610\" height=\"407\" srcset=\"https:\/\/www.cambe.pr.gov.br\/wp-content\/uploads\/2021\/12\/procom-scaled-e1638908282167-1024x684.jpg 1024w, https:\/\/www.cambe.pr.gov.br\/wp-content\/uploads\/2021\/12\/procom-scaled-e1638908282167-300x200.jpg 300w, https:\/\/www.cambe.pr.gov.br\/wp-content\/uploads\/2021\/12\/procom-scaled-e1638908282167-768x513.jpg 768w, https:\/\/www.cambe.pr.gov.br\/wp-content\/uploads\/2021\/12\/procom-scaled-e1638908282167-1536x1026.jpg 1536w, https:\/\/www.cambe.pr.gov.br\/wp-content\/uploads\/2021\/12\/procom-scaled-e1638908282167-2048x1367.jpg 2048w\" sizes=\"(max-width: 610px) 100vw, 610px\" \/>Em comemora\u00e7\u00e3o ao m\u00eas do consumidor, o Procon de Camb\u00e9 promove mutir\u00e3o de renegocia\u00e7\u00e3o e orienta\u00e7\u00e3o financeira. A a\u00e7\u00e3o ocorre at\u00e9 o dia 31 de mar\u00e7o, e visa garantir mais uma oportunidade ao consumidor para negociar seus d\u00e9bitos. O mutir\u00e3o \u00e9 feito em parceria com o Procon Paran\u00e1, Secretaria Nacional do Consumidor (Senacon), Associa\u00e7\u00e3o Brasileira de Procons (Proconsbrasil) e a Federa\u00e7\u00e3o Brasileira de Bancos (Febraban).<\/span><\/p>\n<p style=\"text-align: justify;\"><span style=\"font-weight: 400; font-family: arial, helvetica, sans-serif;\">De acordo com Willian Train, coordenador do Procon em Camb\u00e9, o consumidor poder\u00e1 aproveitar a oportunidade para negociar d\u00edvidas em atraso no cart\u00e3o de cr\u00e9dito, cheque especial, cr\u00e9dito consignado e demais modalidades de cr\u00e9dito contra\u00eddos com bancos e institui\u00e7\u00f5es financeiras.<\/span><\/p>\n<p style=\"text-align: justify;\"><span style=\"font-weight: 400; font-family: arial, helvetica, sans-serif;\">N\u00e3o poder\u00e3o ser negociadas d\u00edvidas com garantias reais, tais como financiamento de ve\u00edculos, motocicletas ou im\u00f3veis, por exemplo, ou de contratos que estejam com os pagamentos em dia.<\/span><\/p>\n<p style=\"text-align: justify;\"><span style=\"font-family: arial, helvetica, sans-serif;\"><span style=\"font-weight: 400;\">O mutir\u00e3o se dar\u00e1 exclusivamente atrav\u00e9s da plataforma de solu\u00e7\u00e3o de conflitos <\/span><strong><a href=\"http:\/\/consumidor.gov.br\/\" target=\"_blank\" rel=\"noopener\">consumidor.gov.br<\/a><\/strong><span style=\"font-weight: 400;\">, onde o consumidor dever\u00e1 fazer o seu registro com login e senha. Posteriormente, deve fazer o relato do seu problema, informando que deseja participar do mutir\u00e3o de renegocia\u00e7\u00e3o de d\u00edvidas. \u201c\u00c9 importante que no relato, o consumidor informe o quanto pode pagar por m\u00eas na sua negocia\u00e7\u00e3o. Ap\u00f3s finalizar o registro, o banco ou a institui\u00e7\u00e3o financeira tem o prazo de 10 dias para apresentar uma proposta ou resposta para o consumidor. Terminado o prazo para resposta do fornecedor, o consumidor tem 20 dias para avaliar o retorno dado\u201d, explicou Train.<\/span><\/span><\/p>\n<p style=\"text-align: justify;\"><span style=\"font-family: arial, helvetica, sans-serif;\"><span style=\"font-weight: 400;\">Al\u00e9m disso, o consumidor tamb\u00e9m poder\u00e1 negociar diretamente com o banco no qual o tem conta ou d\u00edvida. Tamb\u00e9m \u00e9 disponibilizado acesso \u00e0 plataforma <\/span><a href=\"https:\/\/meubolsoemdia.com.br\/\" target=\"_blank\" rel=\"noopener\"><span style=\"font-weight: 400;\"><strong>meubolsoemdia.com.br<\/strong><\/span><\/a><span style=\"font-weight: 400;\">, que oferece, de forma gratuita, conte\u00fados sobre educa\u00e7\u00e3o financeira.<\/span><\/span><\/p>\n<p style=\"text-align: justify;\"><span style=\"font-weight: 400; font-family: arial, helvetica, sans-serif;\">Em caso de d\u00favidas, v\u00e1 at\u00e9 a sede do Procon, na Rua Par\u00e1, 126, ou entre em contato pelo telefone 3174-2851. O \u00f3rg\u00e3o atende de segunda a sexta-feira, das 8h30 \u00e0s 11h30 e das 13h \u00e0s 17h.<\/span><\/p>\n","protected":false},"excerpt":{"rendered":"<p>Em comemora\u00e7\u00e3o ao m\u00eas do consumidor, o Procon de Camb\u00e9 promove mutir\u00e3o de renegocia\u00e7\u00e3o e orienta\u00e7\u00e3o financeira. A a\u00e7\u00e3o ocorre at\u00e9 o dia 31 de mar\u00e7o, e visa garantir mais uma oportunidade ao consumidor para negociar seus d\u00e9bitos. O mutir\u00e3o \u00e9 feito em parceria com o Procon Paran\u00e1, Secretaria Nacional do Consumidor (Senacon), Associa\u00e7\u00e3o Brasileira [&hellip;]<\/p>\n","protected":false},"author":16,"featured_media":0,"comment_status":"closed","ping_status":"closed","sticky":false,"template":"","format":"standard","meta":{"ngg_post_thumbnail":0,"footnotes":""},"categories":[1],"tags":[],"class_list":["post-16316","post","type-post","status-publish","format-standard","hentry","category-principal"],"yoast_head":"<!-- This site is optimized with the Yoast SEO plugin v27.4 - https:\/\/yoast.com\/product\/yoast-seo-wordpress\/ -->\n<title>Procon de Camb\u00e9 realiza mutir\u00e3o de renegocia\u00e7\u00e3o e orienta\u00e7\u00e3o financeira at\u00e9 o fim do m\u00eas - Prefeitura de Camb\u00e9<\/title>\n<meta name=\"robots\" content=\"index, follow, max-snippet:-1, max-image-preview:large, max-video-preview:-1\" \/>\n<link rel=\"canonical\" href=\"https:\/\/www.cambe.pr.gov.br\/index.php\/procon-de-cambe-realiza-mutirao-de-renegociacao-e-orientacao-financeira-ate-o-fim-do-mes\/\" \/>\n<meta property=\"og:locale\" content=\"pt_BR\" \/>\n<meta property=\"og:type\" content=\"article\" \/>\n<meta property=\"og:title\" content=\"Procon de Camb\u00e9 realiza mutir\u00e3o de renegocia\u00e7\u00e3o e orienta\u00e7\u00e3o financeira at\u00e9 o fim do m\u00eas - Prefeitura de Camb\u00e9\" \/>\n<meta property=\"og:description\" content=\"Em comemora\u00e7\u00e3o ao m\u00eas do consumidor, o Procon de Camb\u00e9 promove mutir\u00e3o de renegocia\u00e7\u00e3o e orienta\u00e7\u00e3o financeira. A a\u00e7\u00e3o ocorre at\u00e9 o dia 31 de mar\u00e7o, e visa garantir mais uma oportunidade ao consumidor para negociar seus d\u00e9bitos. O mutir\u00e3o \u00e9 feito em parceria com o Procon Paran\u00e1, Secretaria Nacional do Consumidor (Senacon), Associa\u00e7\u00e3o Brasileira [&hellip;]\" \/>\n<meta property=\"og:url\" content=\"https:\/\/www.cambe.pr.gov.br\/index.php\/procon-de-cambe-realiza-mutirao-de-renegociacao-e-orientacao-financeira-ate-o-fim-do-mes\/\" \/>\n<meta property=\"og:site_name\" content=\"Prefeitura de Camb\u00e9\" \/>\n<meta property=\"article:publisher\" content=\"https:\/\/m.facebook.com\/prefeituradecambe\" \/>\n<meta property=\"article:published_time\" content=\"2025-03-10T18:35:42+00:00\" \/>\n<meta property=\"og:image\" content=\"https:\/\/www.cambe.pr.gov.br\/wp-content\/uploads\/2021\/12\/procom-scaled-e1638908282167-1024x684.jpg\" \/>\n<meta name=\"author\" content=\"Vinicius Augusto Batista Eira\" \/>\n<meta name=\"twitter:card\" content=\"summary_large_image\" \/>\n<meta name=\"twitter:label1\" content=\"Escrito por\" \/>\n\t<meta name=\"twitter:data1\" content=\"Vinicius Augusto Batista Eira\" \/>\n\t<meta name=\"twitter:label2\" content=\"Est. tempo de leitura\" \/>\n\t<meta name=\"twitter:data2\" content=\"2 minutos\" \/>\n<script type=\"application\/ld+json\" class=\"yoast-schema-graph\">{\"@context\":\"https:\\\/\\\/schema.org\",\"@graph\":[{\"@type\":\"Article\",\"@id\":\"https:\\\/\\\/www.cambe.pr.gov.br\\\/index.php\\\/procon-de-cambe-realiza-mutirao-de-renegociacao-e-orientacao-financeira-ate-o-fim-do-mes\\\/#article\",\"isPartOf\":{\"@id\":\"https:\\\/\\\/www.cambe.pr.gov.br\\\/index.php\\\/procon-de-cambe-realiza-mutirao-de-renegociacao-e-orientacao-financeira-ate-o-fim-do-mes\\\/\"},\"author\":{\"name\":\"Vinicius Augusto Batista Eira\",\"@id\":\"https:\\\/\\\/www.cambe.pr.gov.br\\\/#\\\/schema\\\/person\\\/8e3ee69cb2cadf4b9f8377407227effd\"},\"headline\":\"Procon de Camb\u00e9 realiza mutir\u00e3o de renegocia\u00e7\u00e3o e orienta\u00e7\u00e3o financeira at\u00e9 o fim do m\u00eas\",\"datePublished\":\"2025-03-10T18:35:42+00:00\",\"mainEntityOfPage\":{\"@id\":\"https:\\\/\\\/www.cambe.pr.gov.br\\\/index.php\\\/procon-de-cambe-realiza-mutirao-de-renegociacao-e-orientacao-financeira-ate-o-fim-do-mes\\\/\"},\"wordCount\":364,\"publisher\":{\"@id\":\"https:\\\/\\\/www.cambe.pr.gov.br\\\/#organization\"},\"image\":{\"@id\":\"https:\\\/\\\/www.cambe.pr.gov.br\\\/index.php\\\/procon-de-cambe-realiza-mutirao-de-renegociacao-e-orientacao-financeira-ate-o-fim-do-mes\\\/#primaryimage\"},\"thumbnailUrl\":\"https:\\\/\\\/www.cambe.pr.gov.br\\\/wp-content\\\/uploads\\\/2021\\\/12\\\/procom-scaled-e1638908282167-1024x684.jpg\",\"articleSection\":[\"Principal\"],\"inLanguage\":\"pt-BR\"},{\"@type\":\"WebPage\",\"@id\":\"https:\\\/\\\/www.cambe.pr.gov.br\\\/index.php\\\/procon-de-cambe-realiza-mutirao-de-renegociacao-e-orientacao-financeira-ate-o-fim-do-mes\\\/\",\"url\":\"https:\\\/\\\/www.cambe.pr.gov.br\\\/index.php\\\/procon-de-cambe-realiza-mutirao-de-renegociacao-e-orientacao-financeira-ate-o-fim-do-mes\\\/\",\"name\":\"Procon de Camb\u00e9 realiza mutir\u00e3o de renegocia\u00e7\u00e3o e orienta\u00e7\u00e3o financeira at\u00e9 o fim do m\u00eas - Prefeitura de Camb\u00e9\",\"isPartOf\":{\"@id\":\"https:\\\/\\\/www.cambe.pr.gov.br\\\/#website\"},\"primaryImageOfPage\":{\"@id\":\"https:\\\/\\\/www.cambe.pr.gov.br\\\/index.php\\\/procon-de-cambe-realiza-mutirao-de-renegociacao-e-orientacao-financeira-ate-o-fim-do-mes\\\/#primaryimage\"},\"image\":{\"@id\":\"https:\\\/\\\/www.cambe.pr.gov.br\\\/index.php\\\/procon-de-cambe-realiza-mutirao-de-renegociacao-e-orientacao-financeira-ate-o-fim-do-mes\\\/#primaryimage\"},\"thumbnailUrl\":\"https:\\\/\\\/www.cambe.pr.gov.br\\\/wp-content\\\/uploads\\\/2021\\\/12\\\/procom-scaled-e1638908282167-1024x684.jpg\",\"datePublished\":\"2025-03-10T18:35:42+00:00\",\"breadcrumb\":{\"@id\":\"https:\\\/\\\/www.cambe.pr.gov.br\\\/index.php\\\/procon-de-cambe-realiza-mutirao-de-renegociacao-e-orientacao-financeira-ate-o-fim-do-mes\\\/#breadcrumb\"},\"inLanguage\":\"pt-BR\",\"potentialAction\":[{\"@type\":\"ReadAction\",\"target\":[\"https:\\\/\\\/www.cambe.pr.gov.br\\\/index.php\\\/procon-de-cambe-realiza-mutirao-de-renegociacao-e-orientacao-financeira-ate-o-fim-do-mes\\\/\"]}]},{\"@type\":\"ImageObject\",\"inLanguage\":\"pt-BR\",\"@id\":\"https:\\\/\\\/www.cambe.pr.gov.br\\\/index.php\\\/procon-de-cambe-realiza-mutirao-de-renegociacao-e-orientacao-financeira-ate-o-fim-do-mes\\\/#primaryimage\",\"url\":\"https:\\\/\\\/www.cambe.pr.gov.br\\\/wp-content\\\/uploads\\\/2021\\\/12\\\/procom-scaled-e1638908282167.jpg\",\"contentUrl\":\"https:\\\/\\\/www.cambe.pr.gov.br\\\/wp-content\\\/uploads\\\/2021\\\/12\\\/procom-scaled-e1638908282167.jpg\",\"width\":2540,\"height\":1696},{\"@type\":\"BreadcrumbList\",\"@id\":\"https:\\\/\\\/www.cambe.pr.gov.br\\\/index.php\\\/procon-de-cambe-realiza-mutirao-de-renegociacao-e-orientacao-financeira-ate-o-fim-do-mes\\\/#breadcrumb\",\"itemListElement\":[{\"@type\":\"ListItem\",\"position\":1,\"name\":\"In\u00edcio\",\"item\":\"https:\\\/\\\/www.cambe.pr.gov.br\\\/\"},{\"@type\":\"ListItem\",\"position\":2,\"name\":\"Procon de Camb\u00e9 realiza mutir\u00e3o de renegocia\u00e7\u00e3o e orienta\u00e7\u00e3o financeira at\u00e9 o fim do m\u00eas\"}]},{\"@type\":\"WebSite\",\"@id\":\"https:\\\/\\\/www.cambe.pr.gov.br\\\/#website\",\"url\":\"https:\\\/\\\/www.cambe.pr.gov.br\\\/\",\"name\":\"Prefeitura de Camb\u00e9\",\"description\":\"UM GOVERNO PARA TODOS\",\"publisher\":{\"@id\":\"https:\\\/\\\/www.cambe.pr.gov.br\\\/#organization\"},\"potentialAction\":[{\"@type\":\"SearchAction\",\"target\":{\"@type\":\"EntryPoint\",\"urlTemplate\":\"https:\\\/\\\/www.cambe.pr.gov.br\\\/?s={search_term_string}\"},\"query-input\":{\"@type\":\"PropertyValueSpecification\",\"valueRequired\":true,\"valueName\":\"search_term_string\"}}],\"inLanguage\":\"pt-BR\"},{\"@type\":\"Organization\",\"@id\":\"https:\\\/\\\/www.cambe.pr.gov.br\\\/#organization\",\"name\":\"Prefeitura de Camb\u00e9\",\"url\":\"https:\\\/\\\/www.cambe.pr.gov.br\\\/\",\"logo\":{\"@type\":\"ImageObject\",\"inLanguage\":\"pt-BR\",\"@id\":\"https:\\\/\\\/www.cambe.pr.gov.br\\\/#\\\/schema\\\/logo\\\/image\\\/\",\"url\":\"https:\\\/\\\/www.cambe.pr.gov.br\\\/wp-content\\\/uploads\\\/2021\\\/01\\\/cropped-cropped-cambe_brazao-icone.png\",\"contentUrl\":\"https:\\\/\\\/www.cambe.pr.gov.br\\\/wp-content\\\/uploads\\\/2021\\\/01\\\/cropped-cropped-cambe_brazao-icone.png\",\"width\":240,\"height\":240,\"caption\":\"Prefeitura de Camb\u00e9\"},\"image\":{\"@id\":\"https:\\\/\\\/www.cambe.pr.gov.br\\\/#\\\/schema\\\/logo\\\/image\\\/\"},\"sameAs\":[\"https:\\\/\\\/m.facebook.com\\\/prefeituradecambe\"]},{\"@type\":\"Person\",\"@id\":\"https:\\\/\\\/www.cambe.pr.gov.br\\\/#\\\/schema\\\/person\\\/8e3ee69cb2cadf4b9f8377407227effd\",\"name\":\"Vinicius Augusto Batista Eira\",\"image\":{\"@type\":\"ImageObject\",\"inLanguage\":\"pt-BR\",\"@id\":\"https:\\\/\\\/secure.gravatar.com\\\/avatar\\\/1ec500de7013b30e1d4d7c8c3978f0e4433c37e5d5e4cd186239369c6440122b?s=96&d=mm&r=g\",\"url\":\"https:\\\/\\\/secure.gravatar.com\\\/avatar\\\/1ec500de7013b30e1d4d7c8c3978f0e4433c37e5d5e4cd186239369c6440122b?s=96&d=mm&r=g\",\"contentUrl\":\"https:\\\/\\\/secure.gravatar.com\\\/avatar\\\/1ec500de7013b30e1d4d7c8c3978f0e4433c37e5d5e4cd186239369c6440122b?s=96&d=mm&r=g\",\"caption\":\"Vinicius Augusto Batista Eira\"},\"url\":\"https:\\\/\\\/www.cambe.pr.gov.br\\\/index.php\\\/author\\\/vabeira\\\/\"}]}<\/script>\n<!-- \/ Yoast SEO plugin. -->","yoast_head_json":{"title":"Procon de Camb\u00e9 realiza mutir\u00e3o de renegocia\u00e7\u00e3o e orienta\u00e7\u00e3o financeira at\u00e9 o fim do m\u00eas - Prefeitura de Camb\u00e9","robots":{"index":"index","follow":"follow","max-snippet":"max-snippet:-1","max-image-preview":"max-image-preview:large","max-video-preview":"max-video-preview:-1"},"canonical":"https:\/\/www.cambe.pr.gov.br\/index.php\/procon-de-cambe-realiza-mutirao-de-renegociacao-e-orientacao-financeira-ate-o-fim-do-mes\/","og_locale":"pt_BR","og_type":"article","og_title":"Procon de Camb\u00e9 realiza mutir\u00e3o de renegocia\u00e7\u00e3o e orienta\u00e7\u00e3o financeira at\u00e9 o fim do m\u00eas - Prefeitura de Camb\u00e9","og_description":"Em comemora\u00e7\u00e3o ao m\u00eas do consumidor, o Procon de Camb\u00e9 promove mutir\u00e3o de renegocia\u00e7\u00e3o e orienta\u00e7\u00e3o financeira. A a\u00e7\u00e3o ocorre at\u00e9 o dia 31 de mar\u00e7o, e visa garantir mais uma oportunidade ao consumidor para negociar seus d\u00e9bitos. O mutir\u00e3o \u00e9 feito em parceria com o Procon Paran\u00e1, Secretaria Nacional do Consumidor (Senacon), Associa\u00e7\u00e3o Brasileira [&hellip;]","og_url":"https:\/\/www.cambe.pr.gov.br\/index.php\/procon-de-cambe-realiza-mutirao-de-renegociacao-e-orientacao-financeira-ate-o-fim-do-mes\/","og_site_name":"Prefeitura de Camb\u00e9","article_publisher":"https:\/\/m.facebook.com\/prefeituradecambe","article_published_time":"2025-03-10T18:35:42+00:00","og_image":[{"url":"https:\/\/www.cambe.pr.gov.br\/wp-content\/uploads\/2021\/12\/procom-scaled-e1638908282167-1024x684.jpg","type":"","width":"","height":""}],"author":"Vinicius Augusto Batista Eira","twitter_card":"summary_large_image","twitter_misc":{"Escrito por":"Vinicius Augusto Batista Eira","Est. tempo de leitura":"2 minutos"},"schema":{"@context":"https:\/\/schema.org","@graph":[{"@type":"Article","@id":"https:\/\/www.cambe.pr.gov.br\/index.php\/procon-de-cambe-realiza-mutirao-de-renegociacao-e-orientacao-financeira-ate-o-fim-do-mes\/#article","isPartOf":{"@id":"https:\/\/www.cambe.pr.gov.br\/index.php\/procon-de-cambe-realiza-mutirao-de-renegociacao-e-orientacao-financeira-ate-o-fim-do-mes\/"},"author":{"name":"Vinicius Augusto Batista Eira","@id":"https:\/\/www.cambe.pr.gov.br\/#\/schema\/person\/8e3ee69cb2cadf4b9f8377407227effd"},"headline":"Procon de Camb\u00e9 realiza mutir\u00e3o de renegocia\u00e7\u00e3o e orienta\u00e7\u00e3o financeira at\u00e9 o fim do m\u00eas","datePublished":"2025-03-10T18:35:42+00:00","mainEntityOfPage":{"@id":"https:\/\/www.cambe.pr.gov.br\/index.php\/procon-de-cambe-realiza-mutirao-de-renegociacao-e-orientacao-financeira-ate-o-fim-do-mes\/"},"wordCount":364,"publisher":{"@id":"https:\/\/www.cambe.pr.gov.br\/#organization"},"image":{"@id":"https:\/\/www.cambe.pr.gov.br\/index.php\/procon-de-cambe-realiza-mutirao-de-renegociacao-e-orientacao-financeira-ate-o-fim-do-mes\/#primaryimage"},"thumbnailUrl":"https:\/\/www.cambe.pr.gov.br\/wp-content\/uploads\/2021\/12\/procom-scaled-e1638908282167-1024x684.jpg","articleSection":["Principal"],"inLanguage":"pt-BR"},{"@type":"WebPage","@id":"https:\/\/www.cambe.pr.gov.br\/index.php\/procon-de-cambe-realiza-mutirao-de-renegociacao-e-orientacao-financeira-ate-o-fim-do-mes\/","url":"https:\/\/www.cambe.pr.gov.br\/index.php\/procon-de-cambe-realiza-mutirao-de-renegociacao-e-orientacao-financeira-ate-o-fim-do-mes\/","name":"Procon de Camb\u00e9 realiza mutir\u00e3o de renegocia\u00e7\u00e3o e orienta\u00e7\u00e3o financeira at\u00e9 o fim do m\u00eas - Prefeitura de Camb\u00e9","isPartOf":{"@id":"https:\/\/www.cambe.pr.gov.br\/#website"},"primaryImageOfPage":{"@id":"https:\/\/www.cambe.pr.gov.br\/index.php\/procon-de-cambe-realiza-mutirao-de-renegociacao-e-orientacao-financeira-ate-o-fim-do-mes\/#primaryimage"},"image":{"@id":"https:\/\/www.cambe.pr.gov.br\/index.php\/procon-de-cambe-realiza-mutirao-de-renegociacao-e-orientacao-financeira-ate-o-fim-do-mes\/#primaryimage"},"thumbnailUrl":"https:\/\/www.cambe.pr.gov.br\/wp-content\/uploads\/2021\/12\/procom-scaled-e1638908282167-1024x684.jpg","datePublished":"2025-03-10T18:35:42+00:00","breadcrumb":{"@id":"https:\/\/www.cambe.pr.gov.br\/index.php\/procon-de-cambe-realiza-mutirao-de-renegociacao-e-orientacao-financeira-ate-o-fim-do-mes\/#breadcrumb"},"inLanguage":"pt-BR","potentialAction":[{"@type":"ReadAction","target":["https:\/\/www.cambe.pr.gov.br\/index.php\/procon-de-cambe-realiza-mutirao-de-renegociacao-e-orientacao-financeira-ate-o-fim-do-mes\/"]}]},{"@type":"ImageObject","inLanguage":"pt-BR","@id":"https:\/\/www.cambe.pr.gov.br\/index.php\/procon-de-cambe-realiza-mutirao-de-renegociacao-e-orientacao-financeira-ate-o-fim-do-mes\/#primaryimage","url":"https:\/\/www.cambe.pr.gov.br\/wp-content\/uploads\/2021\/12\/procom-scaled-e1638908282167.jpg","contentUrl":"https:\/\/www.cambe.pr.gov.br\/wp-content\/uploads\/2021\/12\/procom-scaled-e1638908282167.jpg","width":2540,"height":1696},{"@type":"BreadcrumbList","@id":"https:\/\/www.cambe.pr.gov.br\/index.php\/procon-de-cambe-realiza-mutirao-de-renegociacao-e-orientacao-financeira-ate-o-fim-do-mes\/#breadcrumb","itemListElement":[{"@type":"ListItem","position":1,"name":"In\u00edcio","item":"https:\/\/www.cambe.pr.gov.br\/"},{"@type":"ListItem","position":2,"name":"Procon de Camb\u00e9 realiza mutir\u00e3o de renegocia\u00e7\u00e3o e orienta\u00e7\u00e3o financeira at\u00e9 o fim do m\u00eas"}]},{"@type":"WebSite","@id":"https:\/\/www.cambe.pr.gov.br\/#website","url":"https:\/\/www.cambe.pr.gov.br\/","name":"Prefeitura de Camb\u00e9","description":"UM GOVERNO PARA TODOS","publisher":{"@id":"https:\/\/www.cambe.pr.gov.br\/#organization"},"potentialAction":[{"@type":"SearchAction","target":{"@type":"EntryPoint","urlTemplate":"https:\/\/www.cambe.pr.gov.br\/?s={search_term_string}"},"query-input":{"@type":"PropertyValueSpecification","valueRequired":true,"valueName":"search_term_string"}}],"inLanguage":"pt-BR"},{"@type":"Organization","@id":"https:\/\/www.cambe.pr.gov.br\/#organization","name":"Prefeitura de Camb\u00e9","url":"https:\/\/www.cambe.pr.gov.br\/","logo":{"@type":"ImageObject","inLanguage":"pt-BR","@id":"https:\/\/www.cambe.pr.gov.br\/#\/schema\/logo\/image\/","url":"https:\/\/www.cambe.pr.gov.br\/wp-content\/uploads\/2021\/01\/cropped-cropped-cambe_brazao-icone.png","contentUrl":"https:\/\/www.cambe.pr.gov.br\/wp-content\/uploads\/2021\/01\/cropped-cropped-cambe_brazao-icone.png","width":240,"height":240,"caption":"Prefeitura de Camb\u00e9"},"image":{"@id":"https:\/\/www.cambe.pr.gov.br\/#\/schema\/logo\/image\/"},"sameAs":["https:\/\/m.facebook.com\/prefeituradecambe"]},{"@type":"Person","@id":"https:\/\/www.cambe.pr.gov.br\/#\/schema\/person\/8e3ee69cb2cadf4b9f8377407227effd","name":"Vinicius Augusto Batista Eira","image":{"@type":"ImageObject","inLanguage":"pt-BR","@id":"https:\/\/secure.gravatar.com\/avatar\/1ec500de7013b30e1d4d7c8c3978f0e4433c37e5d5e4cd186239369c6440122b?s=96&d=mm&r=g","url":"https:\/\/secure.gravatar.com\/avatar\/1ec500de7013b30e1d4d7c8c3978f0e4433c37e5d5e4cd186239369c6440122b?s=96&d=mm&r=g","contentUrl":"https:\/\/secure.gravatar.com\/avatar\/1ec500de7013b30e1d4d7c8c3978f0e4433c37e5d5e4cd186239369c6440122b?s=96&d=mm&r=g","caption":"Vinicius Augusto Batista Eira"},"url":"https:\/\/www.cambe.pr.gov.br\/index.php\/author\/vabeira\/"}]}},"_links":{"self":[{"href":"https:\/\/www.cambe.pr.gov.br\/index.php\/wp-json\/wp\/v2\/posts\/16316","targetHints":{"allow":["GET"]}}],"collection":[{"href":"https:\/\/www.cambe.pr.gov.br\/index.php\/wp-json\/wp\/v2\/posts"}],"about":[{"href":"https:\/\/www.cambe.pr.gov.br\/index.php\/wp-json\/wp\/v2\/types\/post"}],"author":[{"embeddable":true,"href":"https:\/\/www.cambe.pr.gov.br\/index.php\/wp-json\/wp\/v2\/users\/16"}],"replies":[{"embeddable":true,"href":"https:\/\/www.cambe.pr.gov.br\/index.php\/wp-json\/wp\/v2\/comments?post=16316"}],"version-history":[{"count":1,"href":"https:\/\/www.cambe.pr.gov.br\/index.php\/wp-json\/wp\/v2\/posts\/16316\/revisions"}],"predecessor-version":[{"id":16317,"href":"https:\/\/www.cambe.pr.gov.br\/index.php\/wp-json\/wp\/v2\/posts\/16316\/revisions\/16317"}],"wp:attachment":[{"href":"https:\/\/www.cambe.pr.gov.br\/index.php\/wp-json\/wp\/v2\/media?parent=16316"}],"wp:term":[{"taxonomy":"category","embeddable":true,"href":"https:\/\/www.cambe.pr.gov.br\/index.php\/wp-json\/wp\/v2\/categories?post=16316"},{"taxonomy":"post_tag","embeddable":true,"href":"https:\/\/www.cambe.pr.gov.br\/index.php\/wp-json\/wp\/v2\/tags?post=16316"}],"curies":[{"name":"wp","href":"https:\/\/api.w.org\/{rel}","templated":true}]}}