{"id":16311,"date":"2025-03-10T14:43:09","date_gmt":"2025-03-10T17:43:09","guid":{"rendered":"https:\/\/www.cambe.pr.gov.br\/?p=16311"},"modified":"2025-03-10T14:43:09","modified_gmt":"2025-03-10T17:43:09","slug":"horto-municipal-recebe-mais-1-400-mudas-para-arborizacao-da-cidade","status":"publish","type":"post","link":"https:\/\/www.cambe.pr.gov.br\/index.php\/horto-municipal-recebe-mais-1-400-mudas-para-arborizacao-da-cidade\/","title":{"rendered":"Horto Municipal recebe mais 1.400 mudas para arboriza\u00e7\u00e3o da cidade"},"content":{"rendered":"<p style=\"text-align: justify;\"><span style=\"font-weight: 400; font-family: arial, helvetica, sans-serif;\"><img fetchpriority=\"high\" decoding=\"async\" class=\"alignleft wp-image-16312 size-large\" src=\"https:\/\/www.cambe.pr.gov.br\/wp-content\/uploads\/2025\/03\/Imagem-do-WhatsApp-de-2025-03-07-as-14.53.49_851dd81e-1024x770.jpg\" alt=\"\" width=\"610\" height=\"459\" srcset=\"https:\/\/www.cambe.pr.gov.br\/wp-content\/uploads\/2025\/03\/Imagem-do-WhatsApp-de-2025-03-07-as-14.53.49_851dd81e-1024x770.jpg 1024w, https:\/\/www.cambe.pr.gov.br\/wp-content\/uploads\/2025\/03\/Imagem-do-WhatsApp-de-2025-03-07-as-14.53.49_851dd81e-300x226.jpg 300w, https:\/\/www.cambe.pr.gov.br\/wp-content\/uploads\/2025\/03\/Imagem-do-WhatsApp-de-2025-03-07-as-14.53.49_851dd81e-768x578.jpg 768w, https:\/\/www.cambe.pr.gov.br\/wp-content\/uploads\/2025\/03\/Imagem-do-WhatsApp-de-2025-03-07-as-14.53.49_851dd81e-400x300.jpg 400w, https:\/\/www.cambe.pr.gov.br\/wp-content\/uploads\/2025\/03\/Imagem-do-WhatsApp-de-2025-03-07-as-14.53.49_851dd81e.jpg 1280w\" sizes=\"(max-width: 610px) 100vw, 610px\" \/>Seguindo com o maior programa de arboriza\u00e7\u00e3o da hist\u00f3ria de Camb\u00e9, o Horto Municipal recebeu mais 1.400 mudas de \u00e1rvores j\u00e1 prontas para serem plantadas. As mudas s\u00e3o de oiti, ip\u00ea-branco, ip\u00ea-amarelo e quaresmeira, j\u00e1 acima de dois metros, a medida para plantio nas cal\u00e7adas e canteiros. As plantas ser\u00e3o utilizadas pela Prefeitura, mas tamb\u00e9m podem ser doadas para a popula\u00e7\u00e3o.<\/span><\/p>\n<p style=\"text-align: justify;\"><span style=\"font-weight: 400; font-family: arial, helvetica, sans-serif;\">A secret\u00e1ria municipal de Agricultura e Meio Ambiente, Roberta Queiroz, explica que as mudas s\u00e3o provenientes do contrato de fornecimento de mudas da arboriza\u00e7\u00e3o urbana, para plantio nas cal\u00e7adas e canteiros. \u201cComo esse contrato est\u00e1 finalizando, fizemos a solicita\u00e7\u00e3o de todas as mudas que faltavam para ter esse quantitativo dispon\u00edvel nos pr\u00f3ximos meses e n\u00e3o deixar Camb\u00e9 sem mudas at\u00e9 a nova licita\u00e7\u00e3o ser finalizada\u201d, ressaltou.<\/span><\/p>\n<p style=\"text-align: justify;\"><span style=\"font-weight: 400; font-family: arial, helvetica, sans-serif;\">De 2021 a 2024, o programa Arboriza Camb\u00e9 plantou ou doou quase 10 mil mudas. \u00c9 o maior programa de arboriza\u00e7\u00e3o urbana da hist\u00f3ria do munic\u00edpio, garantindo mais qualidade de vida, sa\u00fade e sustentabilidade para toda a popula\u00e7\u00e3o.<\/span><\/p>\n<p style=\"text-align: justify;\"><span style=\"font-weight: 400; font-family: arial, helvetica, sans-serif;\">Caso voc\u00ea queira plantar uma muda ou solicitar uma troca em algum lugar, o servi\u00e7o \u00e9 bem simples. Hoje, para pedir a substitui\u00e7\u00e3o de uma \u00e1rvore comprometida ou inapropriada por conta de espa\u00e7o, ou outros fatores, \u00e9 s\u00f3 ir at\u00e9 a Secretaria de Meio Ambiente com documento pessoal e comprovante de resid\u00eancia e solicitar uma vistoria de t\u00e9cnicos da Prefeitura para identifica\u00e7\u00e3o da situa\u00e7\u00e3o. Caso seja aprovado, ser\u00e1 feita a emiss\u00e3o da autoriza\u00e7\u00e3o para a pr\u00f3pria pessoa retirar a \u00e1rvore e depois a Secretaria replantar, ou fazer o servi\u00e7o completo.\u00a0<\/span><\/p>\n<p style=\"text-align: justify;\"><span style=\"font-weight: 400; font-family: arial, helvetica, sans-serif;\">J\u00e1 para pedir uma nova muda de \u00e1rvore, deve-se comparecer pessoalmente na Secretaria com o CPF em m\u00e3os, fazer uma requisi\u00e7\u00e3o e ir at\u00e9 o horto municipal retirar a planta.\u00a0<\/span><\/p>\n<p style=\"text-align: justify;\"><span style=\"font-weight: 400; font-family: arial, helvetica, sans-serif;\">A Secretaria de Agricultura e Meio Ambiente fica localizada na Rua Francisco Delgado Sanches, n.\u00ba 189, e funciona de segunda a sexta-feira, das 08h30 \u00e0s 11h30 e das 13h \u00e0s 17h.<\/span><\/p>\n","protected":false},"excerpt":{"rendered":"<p>Seguindo com o maior programa de arboriza\u00e7\u00e3o da hist\u00f3ria de Camb\u00e9, o Horto Municipal recebeu mais 1.400 mudas de \u00e1rvores j\u00e1 prontas para serem plantadas. As mudas s\u00e3o de oiti, ip\u00ea-branco, ip\u00ea-amarelo e quaresmeira, j\u00e1 acima de dois metros, a medida para plantio nas cal\u00e7adas e canteiros. As plantas ser\u00e3o utilizadas pela Prefeitura, mas tamb\u00e9m [&hellip;]<\/p>\n","protected":false},"author":16,"featured_media":0,"comment_status":"closed","ping_status":"closed","sticky":false,"template":"","format":"standard","meta":{"ngg_post_thumbnail":0,"footnotes":""},"categories":[1],"tags":[],"class_list":["post-16311","post","type-post","status-publish","format-standard","hentry","category-principal"],"yoast_head":"<!-- This site is optimized with the Yoast SEO plugin v27.4 - https:\/\/yoast.com\/product\/yoast-seo-wordpress\/ -->\n<title>Horto Municipal recebe mais 1.400 mudas para arboriza\u00e7\u00e3o da cidade - Prefeitura de Camb\u00e9<\/title>\n<meta name=\"robots\" content=\"index, follow, max-snippet:-1, max-image-preview:large, max-video-preview:-1\" \/>\n<link rel=\"canonical\" href=\"https:\/\/www.cambe.pr.gov.br\/index.php\/horto-municipal-recebe-mais-1-400-mudas-para-arborizacao-da-cidade\/\" \/>\n<meta property=\"og:locale\" content=\"pt_BR\" \/>\n<meta property=\"og:type\" content=\"article\" \/>\n<meta property=\"og:title\" content=\"Horto Municipal recebe mais 1.400 mudas para arboriza\u00e7\u00e3o da cidade - Prefeitura de Camb\u00e9\" \/>\n<meta property=\"og:description\" content=\"Seguindo com o maior programa de arboriza\u00e7\u00e3o da hist\u00f3ria de Camb\u00e9, o Horto Municipal recebeu mais 1.400 mudas de \u00e1rvores j\u00e1 prontas para serem plantadas. As mudas s\u00e3o de oiti, ip\u00ea-branco, ip\u00ea-amarelo e quaresmeira, j\u00e1 acima de dois metros, a medida para plantio nas cal\u00e7adas e canteiros. As plantas ser\u00e3o utilizadas pela Prefeitura, mas tamb\u00e9m [&hellip;]\" \/>\n<meta property=\"og:url\" content=\"https:\/\/www.cambe.pr.gov.br\/index.php\/horto-municipal-recebe-mais-1-400-mudas-para-arborizacao-da-cidade\/\" \/>\n<meta property=\"og:site_name\" content=\"Prefeitura de Camb\u00e9\" \/>\n<meta property=\"article:publisher\" content=\"https:\/\/m.facebook.com\/prefeituradecambe\" \/>\n<meta property=\"article:published_time\" content=\"2025-03-10T17:43:09+00:00\" \/>\n<meta property=\"og:image\" content=\"https:\/\/www.cambe.pr.gov.br\/wp-content\/uploads\/2025\/03\/Imagem-do-WhatsApp-de-2025-03-07-as-14.53.49_851dd81e-1024x770.jpg\" \/>\n<meta name=\"author\" content=\"Vinicius Augusto Batista Eira\" \/>\n<meta name=\"twitter:card\" content=\"summary_large_image\" \/>\n<meta name=\"twitter:label1\" content=\"Escrito por\" \/>\n\t<meta name=\"twitter:data1\" content=\"Vinicius Augusto Batista Eira\" \/>\n\t<meta name=\"twitter:label2\" content=\"Est. tempo de leitura\" \/>\n\t<meta name=\"twitter:data2\" content=\"2 minutos\" \/>\n<script type=\"application\/ld+json\" class=\"yoast-schema-graph\">{\"@context\":\"https:\\\/\\\/schema.org\",\"@graph\":[{\"@type\":\"Article\",\"@id\":\"https:\\\/\\\/www.cambe.pr.gov.br\\\/index.php\\\/horto-municipal-recebe-mais-1-400-mudas-para-arborizacao-da-cidade\\\/#article\",\"isPartOf\":{\"@id\":\"https:\\\/\\\/www.cambe.pr.gov.br\\\/index.php\\\/horto-municipal-recebe-mais-1-400-mudas-para-arborizacao-da-cidade\\\/\"},\"author\":{\"name\":\"Vinicius Augusto Batista Eira\",\"@id\":\"https:\\\/\\\/www.cambe.pr.gov.br\\\/#\\\/schema\\\/person\\\/8e3ee69cb2cadf4b9f8377407227effd\"},\"headline\":\"Horto Municipal recebe mais 1.400 mudas para arboriza\u00e7\u00e3o da cidade\",\"datePublished\":\"2025-03-10T17:43:09+00:00\",\"mainEntityOfPage\":{\"@id\":\"https:\\\/\\\/www.cambe.pr.gov.br\\\/index.php\\\/horto-municipal-recebe-mais-1-400-mudas-para-arborizacao-da-cidade\\\/\"},\"wordCount\":354,\"publisher\":{\"@id\":\"https:\\\/\\\/www.cambe.pr.gov.br\\\/#organization\"},\"image\":{\"@id\":\"https:\\\/\\\/www.cambe.pr.gov.br\\\/index.php\\\/horto-municipal-recebe-mais-1-400-mudas-para-arborizacao-da-cidade\\\/#primaryimage\"},\"thumbnailUrl\":\"https:\\\/\\\/www.cambe.pr.gov.br\\\/wp-content\\\/uploads\\\/2025\\\/03\\\/Imagem-do-WhatsApp-de-2025-03-07-as-14.53.49_851dd81e-1024x770.jpg\",\"articleSection\":[\"Principal\"],\"inLanguage\":\"pt-BR\"},{\"@type\":\"WebPage\",\"@id\":\"https:\\\/\\\/www.cambe.pr.gov.br\\\/index.php\\\/horto-municipal-recebe-mais-1-400-mudas-para-arborizacao-da-cidade\\\/\",\"url\":\"https:\\\/\\\/www.cambe.pr.gov.br\\\/index.php\\\/horto-municipal-recebe-mais-1-400-mudas-para-arborizacao-da-cidade\\\/\",\"name\":\"Horto Municipal recebe mais 1.400 mudas para arboriza\u00e7\u00e3o da cidade - Prefeitura de Camb\u00e9\",\"isPartOf\":{\"@id\":\"https:\\\/\\\/www.cambe.pr.gov.br\\\/#website\"},\"primaryImageOfPage\":{\"@id\":\"https:\\\/\\\/www.cambe.pr.gov.br\\\/index.php\\\/horto-municipal-recebe-mais-1-400-mudas-para-arborizacao-da-cidade\\\/#primaryimage\"},\"image\":{\"@id\":\"https:\\\/\\\/www.cambe.pr.gov.br\\\/index.php\\\/horto-municipal-recebe-mais-1-400-mudas-para-arborizacao-da-cidade\\\/#primaryimage\"},\"thumbnailUrl\":\"https:\\\/\\\/www.cambe.pr.gov.br\\\/wp-content\\\/uploads\\\/2025\\\/03\\\/Imagem-do-WhatsApp-de-2025-03-07-as-14.53.49_851dd81e-1024x770.jpg\",\"datePublished\":\"2025-03-10T17:43:09+00:00\",\"breadcrumb\":{\"@id\":\"https:\\\/\\\/www.cambe.pr.gov.br\\\/index.php\\\/horto-municipal-recebe-mais-1-400-mudas-para-arborizacao-da-cidade\\\/#breadcrumb\"},\"inLanguage\":\"pt-BR\",\"potentialAction\":[{\"@type\":\"ReadAction\",\"target\":[\"https:\\\/\\\/www.cambe.pr.gov.br\\\/index.php\\\/horto-municipal-recebe-mais-1-400-mudas-para-arborizacao-da-cidade\\\/\"]}]},{\"@type\":\"ImageObject\",\"inLanguage\":\"pt-BR\",\"@id\":\"https:\\\/\\\/www.cambe.pr.gov.br\\\/index.php\\\/horto-municipal-recebe-mais-1-400-mudas-para-arborizacao-da-cidade\\\/#primaryimage\",\"url\":\"https:\\\/\\\/www.cambe.pr.gov.br\\\/wp-content\\\/uploads\\\/2025\\\/03\\\/Imagem-do-WhatsApp-de-2025-03-07-as-14.53.49_851dd81e.jpg\",\"contentUrl\":\"https:\\\/\\\/www.cambe.pr.gov.br\\\/wp-content\\\/uploads\\\/2025\\\/03\\\/Imagem-do-WhatsApp-de-2025-03-07-as-14.53.49_851dd81e.jpg\",\"width\":1280,\"height\":963},{\"@type\":\"BreadcrumbList\",\"@id\":\"https:\\\/\\\/www.cambe.pr.gov.br\\\/index.php\\\/horto-municipal-recebe-mais-1-400-mudas-para-arborizacao-da-cidade\\\/#breadcrumb\",\"itemListElement\":[{\"@type\":\"ListItem\",\"position\":1,\"name\":\"In\u00edcio\",\"item\":\"https:\\\/\\\/www.cambe.pr.gov.br\\\/\"},{\"@type\":\"ListItem\",\"position\":2,\"name\":\"Horto Municipal recebe mais 1.400 mudas para arboriza\u00e7\u00e3o da cidade\"}]},{\"@type\":\"WebSite\",\"@id\":\"https:\\\/\\\/www.cambe.pr.gov.br\\\/#website\",\"url\":\"https:\\\/\\\/www.cambe.pr.gov.br\\\/\",\"name\":\"Prefeitura de Camb\u00e9\",\"description\":\"UM GOVERNO PARA TODOS\",\"publisher\":{\"@id\":\"https:\\\/\\\/www.cambe.pr.gov.br\\\/#organization\"},\"potentialAction\":[{\"@type\":\"SearchAction\",\"target\":{\"@type\":\"EntryPoint\",\"urlTemplate\":\"https:\\\/\\\/www.cambe.pr.gov.br\\\/?s={search_term_string}\"},\"query-input\":{\"@type\":\"PropertyValueSpecification\",\"valueRequired\":true,\"valueName\":\"search_term_string\"}}],\"inLanguage\":\"pt-BR\"},{\"@type\":\"Organization\",\"@id\":\"https:\\\/\\\/www.cambe.pr.gov.br\\\/#organization\",\"name\":\"Prefeitura de Camb\u00e9\",\"url\":\"https:\\\/\\\/www.cambe.pr.gov.br\\\/\",\"logo\":{\"@type\":\"ImageObject\",\"inLanguage\":\"pt-BR\",\"@id\":\"https:\\\/\\\/www.cambe.pr.gov.br\\\/#\\\/schema\\\/logo\\\/image\\\/\",\"url\":\"https:\\\/\\\/www.cambe.pr.gov.br\\\/wp-content\\\/uploads\\\/2021\\\/01\\\/cropped-cropped-cambe_brazao-icone.png\",\"contentUrl\":\"https:\\\/\\\/www.cambe.pr.gov.br\\\/wp-content\\\/uploads\\\/2021\\\/01\\\/cropped-cropped-cambe_brazao-icone.png\",\"width\":240,\"height\":240,\"caption\":\"Prefeitura de Camb\u00e9\"},\"image\":{\"@id\":\"https:\\\/\\\/www.cambe.pr.gov.br\\\/#\\\/schema\\\/logo\\\/image\\\/\"},\"sameAs\":[\"https:\\\/\\\/m.facebook.com\\\/prefeituradecambe\"]},{\"@type\":\"Person\",\"@id\":\"https:\\\/\\\/www.cambe.pr.gov.br\\\/#\\\/schema\\\/person\\\/8e3ee69cb2cadf4b9f8377407227effd\",\"name\":\"Vinicius Augusto Batista Eira\",\"image\":{\"@type\":\"ImageObject\",\"inLanguage\":\"pt-BR\",\"@id\":\"https:\\\/\\\/secure.gravatar.com\\\/avatar\\\/1ec500de7013b30e1d4d7c8c3978f0e4433c37e5d5e4cd186239369c6440122b?s=96&d=mm&r=g\",\"url\":\"https:\\\/\\\/secure.gravatar.com\\\/avatar\\\/1ec500de7013b30e1d4d7c8c3978f0e4433c37e5d5e4cd186239369c6440122b?s=96&d=mm&r=g\",\"contentUrl\":\"https:\\\/\\\/secure.gravatar.com\\\/avatar\\\/1ec500de7013b30e1d4d7c8c3978f0e4433c37e5d5e4cd186239369c6440122b?s=96&d=mm&r=g\",\"caption\":\"Vinicius Augusto Batista Eira\"},\"url\":\"https:\\\/\\\/www.cambe.pr.gov.br\\\/index.php\\\/author\\\/vabeira\\\/\"}]}<\/script>\n<!-- \/ Yoast SEO plugin. -->","yoast_head_json":{"title":"Horto Municipal recebe mais 1.400 mudas para arboriza\u00e7\u00e3o da cidade - Prefeitura de Camb\u00e9","robots":{"index":"index","follow":"follow","max-snippet":"max-snippet:-1","max-image-preview":"max-image-preview:large","max-video-preview":"max-video-preview:-1"},"canonical":"https:\/\/www.cambe.pr.gov.br\/index.php\/horto-municipal-recebe-mais-1-400-mudas-para-arborizacao-da-cidade\/","og_locale":"pt_BR","og_type":"article","og_title":"Horto Municipal recebe mais 1.400 mudas para arboriza\u00e7\u00e3o da cidade - Prefeitura de Camb\u00e9","og_description":"Seguindo com o maior programa de arboriza\u00e7\u00e3o da hist\u00f3ria de Camb\u00e9, o Horto Municipal recebeu mais 1.400 mudas de \u00e1rvores j\u00e1 prontas para serem plantadas. As mudas s\u00e3o de oiti, ip\u00ea-branco, ip\u00ea-amarelo e quaresmeira, j\u00e1 acima de dois metros, a medida para plantio nas cal\u00e7adas e canteiros. As plantas ser\u00e3o utilizadas pela Prefeitura, mas tamb\u00e9m [&hellip;]","og_url":"https:\/\/www.cambe.pr.gov.br\/index.php\/horto-municipal-recebe-mais-1-400-mudas-para-arborizacao-da-cidade\/","og_site_name":"Prefeitura de Camb\u00e9","article_publisher":"https:\/\/m.facebook.com\/prefeituradecambe","article_published_time":"2025-03-10T17:43:09+00:00","og_image":[{"url":"https:\/\/www.cambe.pr.gov.br\/wp-content\/uploads\/2025\/03\/Imagem-do-WhatsApp-de-2025-03-07-as-14.53.49_851dd81e-1024x770.jpg","type":"","width":"","height":""}],"author":"Vinicius Augusto Batista Eira","twitter_card":"summary_large_image","twitter_misc":{"Escrito por":"Vinicius Augusto Batista Eira","Est. tempo de leitura":"2 minutos"},"schema":{"@context":"https:\/\/schema.org","@graph":[{"@type":"Article","@id":"https:\/\/www.cambe.pr.gov.br\/index.php\/horto-municipal-recebe-mais-1-400-mudas-para-arborizacao-da-cidade\/#article","isPartOf":{"@id":"https:\/\/www.cambe.pr.gov.br\/index.php\/horto-municipal-recebe-mais-1-400-mudas-para-arborizacao-da-cidade\/"},"author":{"name":"Vinicius Augusto Batista Eira","@id":"https:\/\/www.cambe.pr.gov.br\/#\/schema\/person\/8e3ee69cb2cadf4b9f8377407227effd"},"headline":"Horto Municipal recebe mais 1.400 mudas para arboriza\u00e7\u00e3o da cidade","datePublished":"2025-03-10T17:43:09+00:00","mainEntityOfPage":{"@id":"https:\/\/www.cambe.pr.gov.br\/index.php\/horto-municipal-recebe-mais-1-400-mudas-para-arborizacao-da-cidade\/"},"wordCount":354,"publisher":{"@id":"https:\/\/www.cambe.pr.gov.br\/#organization"},"image":{"@id":"https:\/\/www.cambe.pr.gov.br\/index.php\/horto-municipal-recebe-mais-1-400-mudas-para-arborizacao-da-cidade\/#primaryimage"},"thumbnailUrl":"https:\/\/www.cambe.pr.gov.br\/wp-content\/uploads\/2025\/03\/Imagem-do-WhatsApp-de-2025-03-07-as-14.53.49_851dd81e-1024x770.jpg","articleSection":["Principal"],"inLanguage":"pt-BR"},{"@type":"WebPage","@id":"https:\/\/www.cambe.pr.gov.br\/index.php\/horto-municipal-recebe-mais-1-400-mudas-para-arborizacao-da-cidade\/","url":"https:\/\/www.cambe.pr.gov.br\/index.php\/horto-municipal-recebe-mais-1-400-mudas-para-arborizacao-da-cidade\/","name":"Horto Municipal recebe mais 1.400 mudas para arboriza\u00e7\u00e3o da cidade - Prefeitura de Camb\u00e9","isPartOf":{"@id":"https:\/\/www.cambe.pr.gov.br\/#website"},"primaryImageOfPage":{"@id":"https:\/\/www.cambe.pr.gov.br\/index.php\/horto-municipal-recebe-mais-1-400-mudas-para-arborizacao-da-cidade\/#primaryimage"},"image":{"@id":"https:\/\/www.cambe.pr.gov.br\/index.php\/horto-municipal-recebe-mais-1-400-mudas-para-arborizacao-da-cidade\/#primaryimage"},"thumbnailUrl":"https:\/\/www.cambe.pr.gov.br\/wp-content\/uploads\/2025\/03\/Imagem-do-WhatsApp-de-2025-03-07-as-14.53.49_851dd81e-1024x770.jpg","datePublished":"2025-03-10T17:43:09+00:00","breadcrumb":{"@id":"https:\/\/www.cambe.pr.gov.br\/index.php\/horto-municipal-recebe-mais-1-400-mudas-para-arborizacao-da-cidade\/#breadcrumb"},"inLanguage":"pt-BR","potentialAction":[{"@type":"ReadAction","target":["https:\/\/www.cambe.pr.gov.br\/index.php\/horto-municipal-recebe-mais-1-400-mudas-para-arborizacao-da-cidade\/"]}]},{"@type":"ImageObject","inLanguage":"pt-BR","@id":"https:\/\/www.cambe.pr.gov.br\/index.php\/horto-municipal-recebe-mais-1-400-mudas-para-arborizacao-da-cidade\/#primaryimage","url":"https:\/\/www.cambe.pr.gov.br\/wp-content\/uploads\/2025\/03\/Imagem-do-WhatsApp-de-2025-03-07-as-14.53.49_851dd81e.jpg","contentUrl":"https:\/\/www.cambe.pr.gov.br\/wp-content\/uploads\/2025\/03\/Imagem-do-WhatsApp-de-2025-03-07-as-14.53.49_851dd81e.jpg","width":1280,"height":963},{"@type":"BreadcrumbList","@id":"https:\/\/www.cambe.pr.gov.br\/index.php\/horto-municipal-recebe-mais-1-400-mudas-para-arborizacao-da-cidade\/#breadcrumb","itemListElement":[{"@type":"ListItem","position":1,"name":"In\u00edcio","item":"https:\/\/www.cambe.pr.gov.br\/"},{"@type":"ListItem","position":2,"name":"Horto Municipal recebe mais 1.400 mudas para arboriza\u00e7\u00e3o da cidade"}]},{"@type":"WebSite","@id":"https:\/\/www.cambe.pr.gov.br\/#website","url":"https:\/\/www.cambe.pr.gov.br\/","name":"Prefeitura de Camb\u00e9","description":"UM GOVERNO PARA TODOS","publisher":{"@id":"https:\/\/www.cambe.pr.gov.br\/#organization"},"potentialAction":[{"@type":"SearchAction","target":{"@type":"EntryPoint","urlTemplate":"https:\/\/www.cambe.pr.gov.br\/?s={search_term_string}"},"query-input":{"@type":"PropertyValueSpecification","valueRequired":true,"valueName":"search_term_string"}}],"inLanguage":"pt-BR"},{"@type":"Organization","@id":"https:\/\/www.cambe.pr.gov.br\/#organization","name":"Prefeitura de Camb\u00e9","url":"https:\/\/www.cambe.pr.gov.br\/","logo":{"@type":"ImageObject","inLanguage":"pt-BR","@id":"https:\/\/www.cambe.pr.gov.br\/#\/schema\/logo\/image\/","url":"https:\/\/www.cambe.pr.gov.br\/wp-content\/uploads\/2021\/01\/cropped-cropped-cambe_brazao-icone.png","contentUrl":"https:\/\/www.cambe.pr.gov.br\/wp-content\/uploads\/2021\/01\/cropped-cropped-cambe_brazao-icone.png","width":240,"height":240,"caption":"Prefeitura de Camb\u00e9"},"image":{"@id":"https:\/\/www.cambe.pr.gov.br\/#\/schema\/logo\/image\/"},"sameAs":["https:\/\/m.facebook.com\/prefeituradecambe"]},{"@type":"Person","@id":"https:\/\/www.cambe.pr.gov.br\/#\/schema\/person\/8e3ee69cb2cadf4b9f8377407227effd","name":"Vinicius Augusto Batista Eira","image":{"@type":"ImageObject","inLanguage":"pt-BR","@id":"https:\/\/secure.gravatar.com\/avatar\/1ec500de7013b30e1d4d7c8c3978f0e4433c37e5d5e4cd186239369c6440122b?s=96&d=mm&r=g","url":"https:\/\/secure.gravatar.com\/avatar\/1ec500de7013b30e1d4d7c8c3978f0e4433c37e5d5e4cd186239369c6440122b?s=96&d=mm&r=g","contentUrl":"https:\/\/secure.gravatar.com\/avatar\/1ec500de7013b30e1d4d7c8c3978f0e4433c37e5d5e4cd186239369c6440122b?s=96&d=mm&r=g","caption":"Vinicius Augusto Batista Eira"},"url":"https:\/\/www.cambe.pr.gov.br\/index.php\/author\/vabeira\/"}]}},"_links":{"self":[{"href":"https:\/\/www.cambe.pr.gov.br\/index.php\/wp-json\/wp\/v2\/posts\/16311","targetHints":{"allow":["GET"]}}],"collection":[{"href":"https:\/\/www.cambe.pr.gov.br\/index.php\/wp-json\/wp\/v2\/posts"}],"about":[{"href":"https:\/\/www.cambe.pr.gov.br\/index.php\/wp-json\/wp\/v2\/types\/post"}],"author":[{"embeddable":true,"href":"https:\/\/www.cambe.pr.gov.br\/index.php\/wp-json\/wp\/v2\/users\/16"}],"replies":[{"embeddable":true,"href":"https:\/\/www.cambe.pr.gov.br\/index.php\/wp-json\/wp\/v2\/comments?post=16311"}],"version-history":[{"count":1,"href":"https:\/\/www.cambe.pr.gov.br\/index.php\/wp-json\/wp\/v2\/posts\/16311\/revisions"}],"predecessor-version":[{"id":16313,"href":"https:\/\/www.cambe.pr.gov.br\/index.php\/wp-json\/wp\/v2\/posts\/16311\/revisions\/16313"}],"wp:attachment":[{"href":"https:\/\/www.cambe.pr.gov.br\/index.php\/wp-json\/wp\/v2\/media?parent=16311"}],"wp:term":[{"taxonomy":"category","embeddable":true,"href":"https:\/\/www.cambe.pr.gov.br\/index.php\/wp-json\/wp\/v2\/categories?post=16311"},{"taxonomy":"post_tag","embeddable":true,"href":"https:\/\/www.cambe.pr.gov.br\/index.php\/wp-json\/wp\/v2\/tags?post=16311"}],"curies":[{"name":"wp","href":"https:\/\/api.w.org\/{rel}","templated":true}]}}