{"id":16306,"date":"2025-03-10T10:55:11","date_gmt":"2025-03-10T13:55:11","guid":{"rendered":"https:\/\/www.cambe.pr.gov.br\/?p=16306"},"modified":"2025-03-10T10:55:11","modified_gmt":"2025-03-10T13:55:11","slug":"prefeitura-promove-aulas-de-danca-e-ginastica-em-celebracao-ao-dia-internacional-da-mulher","status":"publish","type":"post","link":"https:\/\/www.cambe.pr.gov.br\/index.php\/prefeitura-promove-aulas-de-danca-e-ginastica-em-celebracao-ao-dia-internacional-da-mulher\/","title":{"rendered":"Prefeitura promove aulas de dan\u00e7a e gin\u00e1stica em celebra\u00e7\u00e3o ao Dia Internacional da Mulher"},"content":{"rendered":"<p style=\"text-align: justify;\"><span style=\"font-weight: 400; font-family: arial, helvetica, sans-serif;\"><img fetchpriority=\"high\" decoding=\"async\" class=\"alignleft size-large wp-image-16307\" src=\"https:\/\/www.cambe.pr.gov.br\/wp-content\/uploads\/2025\/03\/Feed-819x1024.png\" alt=\"\" width=\"610\" height=\"763\" srcset=\"https:\/\/www.cambe.pr.gov.br\/wp-content\/uploads\/2025\/03\/Feed-819x1024.png 819w, https:\/\/www.cambe.pr.gov.br\/wp-content\/uploads\/2025\/03\/Feed-240x300.png 240w, https:\/\/www.cambe.pr.gov.br\/wp-content\/uploads\/2025\/03\/Feed-768x960.png 768w, https:\/\/www.cambe.pr.gov.br\/wp-content\/uploads\/2025\/03\/Feed.png 1080w\" sizes=\"(max-width: 610px) 100vw, 610px\" \/>A Prefeitura de Camb\u00e9, atrav\u00e9s da Secretaria Municipal de Esportes e Lazer, promove, a partir desta quarta-feira (12), quatro aul\u00f5es gratuitos de dan\u00e7a e gin\u00e1stica. O Mar\u00e7o das Mulheres acontece em celebra\u00e7\u00e3o ao Dia Internacional da Mulher, e atende todas as mulheres que quiserem participar, em v\u00e1rios pontos do munic\u00edpio.<\/span><\/p>\n<p style=\"text-align: justify;\"><span style=\"font-weight: 400; font-family: arial, helvetica, sans-serif;\">Al\u00e9m das aulas, haver\u00e1 tamb\u00e9m atendimentos de sa\u00fade gratuitos voltado ao p\u00fablico feminino atrav\u00e9s do \u00d4nibus da Mulher. A a\u00e7\u00e3o \u00e9 feita em parceria com as Secretarias de Assist\u00eancia Social e Cidadania, Esportes e Lazer e Sa\u00fade P\u00fablica.<\/span><\/p>\n<p style=\"text-align: justify;\"><span style=\"font-weight: 400; font-family: arial, helvetica, sans-serif;\">Nesta quarta-feira (12), a a\u00e7\u00e3o ser\u00e1 no Zez\u00e3o, a partir das 18h30. Na segunda-feira (17), o Mar\u00e7o das Mulheres ser\u00e1 realizado no campo de futebol do Novo Bandeirantes, \u00e0s 8h30. Na outra quarta (19), ser\u00e1 no Centro Esportivo Castelo Branco, \u00e0s 18h. E, por fim, na ter\u00e7a-feira (25), o evento ser\u00e1 sediado na pra\u00e7a do Gin\u00e1sio do Ana Rosa.<\/span><\/p>\n<p style=\"text-align: justify;\"><span style=\"font-weight: 400; font-family: arial, helvetica, sans-serif;\">\u201cTodas as mulheres merecem um tempo de qualidade para cuidarem de si. Eu, enquanto mulher, sei o quanto esses momentos s\u00e3o valiosos e nos renovam. N\u00f3s, secret\u00e1rias de esporte, assist\u00eancia social, sa\u00fade e cultura, unimos ideias e for\u00e7as, e vamos levar at\u00e9 elas essa oportunidade de se cuidarem e terem momentos de alegria, divers\u00e3o e lazer. Convidamos todas as maravilhosas mulheres para participarem dos nossos aul\u00f5es que acontecer\u00e3o em 4 pontos diferentes da cidade\u201d, ressaltou a secret\u00e1ria de Esportes e Lazer, Telma Gamba.<\/span><\/p>\n","protected":false},"excerpt":{"rendered":"<p>A Prefeitura de Camb\u00e9, atrav\u00e9s da Secretaria Municipal de Esportes e Lazer, promove, a partir desta quarta-feira (12), quatro aul\u00f5es gratuitos de dan\u00e7a e gin\u00e1stica. O Mar\u00e7o das Mulheres acontece em celebra\u00e7\u00e3o ao Dia Internacional da Mulher, e atende todas as mulheres que quiserem participar, em v\u00e1rios pontos do munic\u00edpio. Al\u00e9m das aulas, haver\u00e1 tamb\u00e9m [&hellip;]<\/p>\n","protected":false},"author":16,"featured_media":0,"comment_status":"closed","ping_status":"closed","sticky":false,"template":"","format":"standard","meta":{"ngg_post_thumbnail":0,"footnotes":""},"categories":[1],"tags":[],"class_list":["post-16306","post","type-post","status-publish","format-standard","hentry","category-principal"],"yoast_head":"<!-- This site is optimized with the Yoast SEO plugin v27.4 - https:\/\/yoast.com\/product\/yoast-seo-wordpress\/ -->\n<title>Prefeitura promove aulas de dan\u00e7a e gin\u00e1stica em celebra\u00e7\u00e3o ao Dia Internacional da Mulher - Prefeitura de Camb\u00e9<\/title>\n<meta name=\"robots\" content=\"index, follow, max-snippet:-1, max-image-preview:large, max-video-preview:-1\" \/>\n<link rel=\"canonical\" href=\"https:\/\/www.cambe.pr.gov.br\/index.php\/prefeitura-promove-aulas-de-danca-e-ginastica-em-celebracao-ao-dia-internacional-da-mulher\/\" \/>\n<meta property=\"og:locale\" content=\"pt_BR\" \/>\n<meta property=\"og:type\" content=\"article\" \/>\n<meta property=\"og:title\" content=\"Prefeitura promove aulas de dan\u00e7a e gin\u00e1stica em celebra\u00e7\u00e3o ao Dia Internacional da Mulher - Prefeitura de Camb\u00e9\" \/>\n<meta property=\"og:description\" content=\"A Prefeitura de Camb\u00e9, atrav\u00e9s da Secretaria Municipal de Esportes e Lazer, promove, a partir desta quarta-feira (12), quatro aul\u00f5es gratuitos de dan\u00e7a e gin\u00e1stica. O Mar\u00e7o das Mulheres acontece em celebra\u00e7\u00e3o ao Dia Internacional da Mulher, e atende todas as mulheres que quiserem participar, em v\u00e1rios pontos do munic\u00edpio. Al\u00e9m das aulas, haver\u00e1 tamb\u00e9m [&hellip;]\" \/>\n<meta property=\"og:url\" content=\"https:\/\/www.cambe.pr.gov.br\/index.php\/prefeitura-promove-aulas-de-danca-e-ginastica-em-celebracao-ao-dia-internacional-da-mulher\/\" \/>\n<meta property=\"og:site_name\" content=\"Prefeitura de Camb\u00e9\" \/>\n<meta property=\"article:publisher\" content=\"https:\/\/m.facebook.com\/prefeituradecambe\" \/>\n<meta property=\"article:published_time\" content=\"2025-03-10T13:55:11+00:00\" \/>\n<meta property=\"og:image\" content=\"https:\/\/www.cambe.pr.gov.br\/wp-content\/uploads\/2025\/03\/Feed-819x1024.png\" \/>\n<meta name=\"author\" content=\"Vinicius Augusto Batista Eira\" \/>\n<meta name=\"twitter:card\" content=\"summary_large_image\" \/>\n<meta name=\"twitter:label1\" content=\"Escrito por\" \/>\n\t<meta name=\"twitter:data1\" content=\"Vinicius Augusto Batista Eira\" \/>\n\t<meta name=\"twitter:label2\" content=\"Est. tempo de leitura\" \/>\n\t<meta name=\"twitter:data2\" content=\"2 minutos\" \/>\n<script type=\"application\/ld+json\" class=\"yoast-schema-graph\">{\"@context\":\"https:\\\/\\\/schema.org\",\"@graph\":[{\"@type\":\"Article\",\"@id\":\"https:\\\/\\\/www.cambe.pr.gov.br\\\/index.php\\\/prefeitura-promove-aulas-de-danca-e-ginastica-em-celebracao-ao-dia-internacional-da-mulher\\\/#article\",\"isPartOf\":{\"@id\":\"https:\\\/\\\/www.cambe.pr.gov.br\\\/index.php\\\/prefeitura-promove-aulas-de-danca-e-ginastica-em-celebracao-ao-dia-internacional-da-mulher\\\/\"},\"author\":{\"name\":\"Vinicius Augusto Batista Eira\",\"@id\":\"https:\\\/\\\/www.cambe.pr.gov.br\\\/#\\\/schema\\\/person\\\/8e3ee69cb2cadf4b9f8377407227effd\"},\"headline\":\"Prefeitura promove aulas de dan\u00e7a e gin\u00e1stica em celebra\u00e7\u00e3o ao Dia Internacional da Mulher\",\"datePublished\":\"2025-03-10T13:55:11+00:00\",\"mainEntityOfPage\":{\"@id\":\"https:\\\/\\\/www.cambe.pr.gov.br\\\/index.php\\\/prefeitura-promove-aulas-de-danca-e-ginastica-em-celebracao-ao-dia-internacional-da-mulher\\\/\"},\"wordCount\":273,\"publisher\":{\"@id\":\"https:\\\/\\\/www.cambe.pr.gov.br\\\/#organization\"},\"image\":{\"@id\":\"https:\\\/\\\/www.cambe.pr.gov.br\\\/index.php\\\/prefeitura-promove-aulas-de-danca-e-ginastica-em-celebracao-ao-dia-internacional-da-mulher\\\/#primaryimage\"},\"thumbnailUrl\":\"https:\\\/\\\/www.cambe.pr.gov.br\\\/wp-content\\\/uploads\\\/2025\\\/03\\\/Feed-819x1024.png\",\"articleSection\":[\"Principal\"],\"inLanguage\":\"pt-BR\"},{\"@type\":\"WebPage\",\"@id\":\"https:\\\/\\\/www.cambe.pr.gov.br\\\/index.php\\\/prefeitura-promove-aulas-de-danca-e-ginastica-em-celebracao-ao-dia-internacional-da-mulher\\\/\",\"url\":\"https:\\\/\\\/www.cambe.pr.gov.br\\\/index.php\\\/prefeitura-promove-aulas-de-danca-e-ginastica-em-celebracao-ao-dia-internacional-da-mulher\\\/\",\"name\":\"Prefeitura promove aulas de dan\u00e7a e gin\u00e1stica em celebra\u00e7\u00e3o ao Dia Internacional da Mulher - Prefeitura de Camb\u00e9\",\"isPartOf\":{\"@id\":\"https:\\\/\\\/www.cambe.pr.gov.br\\\/#website\"},\"primaryImageOfPage\":{\"@id\":\"https:\\\/\\\/www.cambe.pr.gov.br\\\/index.php\\\/prefeitura-promove-aulas-de-danca-e-ginastica-em-celebracao-ao-dia-internacional-da-mulher\\\/#primaryimage\"},\"image\":{\"@id\":\"https:\\\/\\\/www.cambe.pr.gov.br\\\/index.php\\\/prefeitura-promove-aulas-de-danca-e-ginastica-em-celebracao-ao-dia-internacional-da-mulher\\\/#primaryimage\"},\"thumbnailUrl\":\"https:\\\/\\\/www.cambe.pr.gov.br\\\/wp-content\\\/uploads\\\/2025\\\/03\\\/Feed-819x1024.png\",\"datePublished\":\"2025-03-10T13:55:11+00:00\",\"breadcrumb\":{\"@id\":\"https:\\\/\\\/www.cambe.pr.gov.br\\\/index.php\\\/prefeitura-promove-aulas-de-danca-e-ginastica-em-celebracao-ao-dia-internacional-da-mulher\\\/#breadcrumb\"},\"inLanguage\":\"pt-BR\",\"potentialAction\":[{\"@type\":\"ReadAction\",\"target\":[\"https:\\\/\\\/www.cambe.pr.gov.br\\\/index.php\\\/prefeitura-promove-aulas-de-danca-e-ginastica-em-celebracao-ao-dia-internacional-da-mulher\\\/\"]}]},{\"@type\":\"ImageObject\",\"inLanguage\":\"pt-BR\",\"@id\":\"https:\\\/\\\/www.cambe.pr.gov.br\\\/index.php\\\/prefeitura-promove-aulas-de-danca-e-ginastica-em-celebracao-ao-dia-internacional-da-mulher\\\/#primaryimage\",\"url\":\"https:\\\/\\\/www.cambe.pr.gov.br\\\/wp-content\\\/uploads\\\/2025\\\/03\\\/Feed.png\",\"contentUrl\":\"https:\\\/\\\/www.cambe.pr.gov.br\\\/wp-content\\\/uploads\\\/2025\\\/03\\\/Feed.png\",\"width\":1080,\"height\":1350},{\"@type\":\"BreadcrumbList\",\"@id\":\"https:\\\/\\\/www.cambe.pr.gov.br\\\/index.php\\\/prefeitura-promove-aulas-de-danca-e-ginastica-em-celebracao-ao-dia-internacional-da-mulher\\\/#breadcrumb\",\"itemListElement\":[{\"@type\":\"ListItem\",\"position\":1,\"name\":\"In\u00edcio\",\"item\":\"https:\\\/\\\/www.cambe.pr.gov.br\\\/\"},{\"@type\":\"ListItem\",\"position\":2,\"name\":\"Prefeitura promove aulas de dan\u00e7a e gin\u00e1stica em celebra\u00e7\u00e3o ao Dia Internacional da Mulher\"}]},{\"@type\":\"WebSite\",\"@id\":\"https:\\\/\\\/www.cambe.pr.gov.br\\\/#website\",\"url\":\"https:\\\/\\\/www.cambe.pr.gov.br\\\/\",\"name\":\"Prefeitura de Camb\u00e9\",\"description\":\"UM GOVERNO PARA TODOS\",\"publisher\":{\"@id\":\"https:\\\/\\\/www.cambe.pr.gov.br\\\/#organization\"},\"potentialAction\":[{\"@type\":\"SearchAction\",\"target\":{\"@type\":\"EntryPoint\",\"urlTemplate\":\"https:\\\/\\\/www.cambe.pr.gov.br\\\/?s={search_term_string}\"},\"query-input\":{\"@type\":\"PropertyValueSpecification\",\"valueRequired\":true,\"valueName\":\"search_term_string\"}}],\"inLanguage\":\"pt-BR\"},{\"@type\":\"Organization\",\"@id\":\"https:\\\/\\\/www.cambe.pr.gov.br\\\/#organization\",\"name\":\"Prefeitura de Camb\u00e9\",\"url\":\"https:\\\/\\\/www.cambe.pr.gov.br\\\/\",\"logo\":{\"@type\":\"ImageObject\",\"inLanguage\":\"pt-BR\",\"@id\":\"https:\\\/\\\/www.cambe.pr.gov.br\\\/#\\\/schema\\\/logo\\\/image\\\/\",\"url\":\"https:\\\/\\\/www.cambe.pr.gov.br\\\/wp-content\\\/uploads\\\/2021\\\/01\\\/cropped-cropped-cambe_brazao-icone.png\",\"contentUrl\":\"https:\\\/\\\/www.cambe.pr.gov.br\\\/wp-content\\\/uploads\\\/2021\\\/01\\\/cropped-cropped-cambe_brazao-icone.png\",\"width\":240,\"height\":240,\"caption\":\"Prefeitura de Camb\u00e9\"},\"image\":{\"@id\":\"https:\\\/\\\/www.cambe.pr.gov.br\\\/#\\\/schema\\\/logo\\\/image\\\/\"},\"sameAs\":[\"https:\\\/\\\/m.facebook.com\\\/prefeituradecambe\"]},{\"@type\":\"Person\",\"@id\":\"https:\\\/\\\/www.cambe.pr.gov.br\\\/#\\\/schema\\\/person\\\/8e3ee69cb2cadf4b9f8377407227effd\",\"name\":\"Vinicius Augusto Batista Eira\",\"image\":{\"@type\":\"ImageObject\",\"inLanguage\":\"pt-BR\",\"@id\":\"https:\\\/\\\/secure.gravatar.com\\\/avatar\\\/1ec500de7013b30e1d4d7c8c3978f0e4433c37e5d5e4cd186239369c6440122b?s=96&d=mm&r=g\",\"url\":\"https:\\\/\\\/secure.gravatar.com\\\/avatar\\\/1ec500de7013b30e1d4d7c8c3978f0e4433c37e5d5e4cd186239369c6440122b?s=96&d=mm&r=g\",\"contentUrl\":\"https:\\\/\\\/secure.gravatar.com\\\/avatar\\\/1ec500de7013b30e1d4d7c8c3978f0e4433c37e5d5e4cd186239369c6440122b?s=96&d=mm&r=g\",\"caption\":\"Vinicius Augusto Batista Eira\"},\"url\":\"https:\\\/\\\/www.cambe.pr.gov.br\\\/index.php\\\/author\\\/vabeira\\\/\"}]}<\/script>\n<!-- \/ Yoast SEO plugin. -->","yoast_head_json":{"title":"Prefeitura promove aulas de dan\u00e7a e gin\u00e1stica em celebra\u00e7\u00e3o ao Dia Internacional da Mulher - Prefeitura de Camb\u00e9","robots":{"index":"index","follow":"follow","max-snippet":"max-snippet:-1","max-image-preview":"max-image-preview:large","max-video-preview":"max-video-preview:-1"},"canonical":"https:\/\/www.cambe.pr.gov.br\/index.php\/prefeitura-promove-aulas-de-danca-e-ginastica-em-celebracao-ao-dia-internacional-da-mulher\/","og_locale":"pt_BR","og_type":"article","og_title":"Prefeitura promove aulas de dan\u00e7a e gin\u00e1stica em celebra\u00e7\u00e3o ao Dia Internacional da Mulher - Prefeitura de Camb\u00e9","og_description":"A Prefeitura de Camb\u00e9, atrav\u00e9s da Secretaria Municipal de Esportes e Lazer, promove, a partir desta quarta-feira (12), quatro aul\u00f5es gratuitos de dan\u00e7a e gin\u00e1stica. O Mar\u00e7o das Mulheres acontece em celebra\u00e7\u00e3o ao Dia Internacional da Mulher, e atende todas as mulheres que quiserem participar, em v\u00e1rios pontos do munic\u00edpio. Al\u00e9m das aulas, haver\u00e1 tamb\u00e9m [&hellip;]","og_url":"https:\/\/www.cambe.pr.gov.br\/index.php\/prefeitura-promove-aulas-de-danca-e-ginastica-em-celebracao-ao-dia-internacional-da-mulher\/","og_site_name":"Prefeitura de Camb\u00e9","article_publisher":"https:\/\/m.facebook.com\/prefeituradecambe","article_published_time":"2025-03-10T13:55:11+00:00","og_image":[{"url":"https:\/\/www.cambe.pr.gov.br\/wp-content\/uploads\/2025\/03\/Feed-819x1024.png","type":"","width":"","height":""}],"author":"Vinicius Augusto Batista Eira","twitter_card":"summary_large_image","twitter_misc":{"Escrito por":"Vinicius Augusto Batista Eira","Est. tempo de leitura":"2 minutos"},"schema":{"@context":"https:\/\/schema.org","@graph":[{"@type":"Article","@id":"https:\/\/www.cambe.pr.gov.br\/index.php\/prefeitura-promove-aulas-de-danca-e-ginastica-em-celebracao-ao-dia-internacional-da-mulher\/#article","isPartOf":{"@id":"https:\/\/www.cambe.pr.gov.br\/index.php\/prefeitura-promove-aulas-de-danca-e-ginastica-em-celebracao-ao-dia-internacional-da-mulher\/"},"author":{"name":"Vinicius Augusto Batista Eira","@id":"https:\/\/www.cambe.pr.gov.br\/#\/schema\/person\/8e3ee69cb2cadf4b9f8377407227effd"},"headline":"Prefeitura promove aulas de dan\u00e7a e gin\u00e1stica em celebra\u00e7\u00e3o ao Dia Internacional da Mulher","datePublished":"2025-03-10T13:55:11+00:00","mainEntityOfPage":{"@id":"https:\/\/www.cambe.pr.gov.br\/index.php\/prefeitura-promove-aulas-de-danca-e-ginastica-em-celebracao-ao-dia-internacional-da-mulher\/"},"wordCount":273,"publisher":{"@id":"https:\/\/www.cambe.pr.gov.br\/#organization"},"image":{"@id":"https:\/\/www.cambe.pr.gov.br\/index.php\/prefeitura-promove-aulas-de-danca-e-ginastica-em-celebracao-ao-dia-internacional-da-mulher\/#primaryimage"},"thumbnailUrl":"https:\/\/www.cambe.pr.gov.br\/wp-content\/uploads\/2025\/03\/Feed-819x1024.png","articleSection":["Principal"],"inLanguage":"pt-BR"},{"@type":"WebPage","@id":"https:\/\/www.cambe.pr.gov.br\/index.php\/prefeitura-promove-aulas-de-danca-e-ginastica-em-celebracao-ao-dia-internacional-da-mulher\/","url":"https:\/\/www.cambe.pr.gov.br\/index.php\/prefeitura-promove-aulas-de-danca-e-ginastica-em-celebracao-ao-dia-internacional-da-mulher\/","name":"Prefeitura promove aulas de dan\u00e7a e gin\u00e1stica em celebra\u00e7\u00e3o ao Dia Internacional da Mulher - Prefeitura de Camb\u00e9","isPartOf":{"@id":"https:\/\/www.cambe.pr.gov.br\/#website"},"primaryImageOfPage":{"@id":"https:\/\/www.cambe.pr.gov.br\/index.php\/prefeitura-promove-aulas-de-danca-e-ginastica-em-celebracao-ao-dia-internacional-da-mulher\/#primaryimage"},"image":{"@id":"https:\/\/www.cambe.pr.gov.br\/index.php\/prefeitura-promove-aulas-de-danca-e-ginastica-em-celebracao-ao-dia-internacional-da-mulher\/#primaryimage"},"thumbnailUrl":"https:\/\/www.cambe.pr.gov.br\/wp-content\/uploads\/2025\/03\/Feed-819x1024.png","datePublished":"2025-03-10T13:55:11+00:00","breadcrumb":{"@id":"https:\/\/www.cambe.pr.gov.br\/index.php\/prefeitura-promove-aulas-de-danca-e-ginastica-em-celebracao-ao-dia-internacional-da-mulher\/#breadcrumb"},"inLanguage":"pt-BR","potentialAction":[{"@type":"ReadAction","target":["https:\/\/www.cambe.pr.gov.br\/index.php\/prefeitura-promove-aulas-de-danca-e-ginastica-em-celebracao-ao-dia-internacional-da-mulher\/"]}]},{"@type":"ImageObject","inLanguage":"pt-BR","@id":"https:\/\/www.cambe.pr.gov.br\/index.php\/prefeitura-promove-aulas-de-danca-e-ginastica-em-celebracao-ao-dia-internacional-da-mulher\/#primaryimage","url":"https:\/\/www.cambe.pr.gov.br\/wp-content\/uploads\/2025\/03\/Feed.png","contentUrl":"https:\/\/www.cambe.pr.gov.br\/wp-content\/uploads\/2025\/03\/Feed.png","width":1080,"height":1350},{"@type":"BreadcrumbList","@id":"https:\/\/www.cambe.pr.gov.br\/index.php\/prefeitura-promove-aulas-de-danca-e-ginastica-em-celebracao-ao-dia-internacional-da-mulher\/#breadcrumb","itemListElement":[{"@type":"ListItem","position":1,"name":"In\u00edcio","item":"https:\/\/www.cambe.pr.gov.br\/"},{"@type":"ListItem","position":2,"name":"Prefeitura promove aulas de dan\u00e7a e gin\u00e1stica em celebra\u00e7\u00e3o ao Dia Internacional da Mulher"}]},{"@type":"WebSite","@id":"https:\/\/www.cambe.pr.gov.br\/#website","url":"https:\/\/www.cambe.pr.gov.br\/","name":"Prefeitura de Camb\u00e9","description":"UM GOVERNO PARA TODOS","publisher":{"@id":"https:\/\/www.cambe.pr.gov.br\/#organization"},"potentialAction":[{"@type":"SearchAction","target":{"@type":"EntryPoint","urlTemplate":"https:\/\/www.cambe.pr.gov.br\/?s={search_term_string}"},"query-input":{"@type":"PropertyValueSpecification","valueRequired":true,"valueName":"search_term_string"}}],"inLanguage":"pt-BR"},{"@type":"Organization","@id":"https:\/\/www.cambe.pr.gov.br\/#organization","name":"Prefeitura de Camb\u00e9","url":"https:\/\/www.cambe.pr.gov.br\/","logo":{"@type":"ImageObject","inLanguage":"pt-BR","@id":"https:\/\/www.cambe.pr.gov.br\/#\/schema\/logo\/image\/","url":"https:\/\/www.cambe.pr.gov.br\/wp-content\/uploads\/2021\/01\/cropped-cropped-cambe_brazao-icone.png","contentUrl":"https:\/\/www.cambe.pr.gov.br\/wp-content\/uploads\/2021\/01\/cropped-cropped-cambe_brazao-icone.png","width":240,"height":240,"caption":"Prefeitura de Camb\u00e9"},"image":{"@id":"https:\/\/www.cambe.pr.gov.br\/#\/schema\/logo\/image\/"},"sameAs":["https:\/\/m.facebook.com\/prefeituradecambe"]},{"@type":"Person","@id":"https:\/\/www.cambe.pr.gov.br\/#\/schema\/person\/8e3ee69cb2cadf4b9f8377407227effd","name":"Vinicius Augusto Batista Eira","image":{"@type":"ImageObject","inLanguage":"pt-BR","@id":"https:\/\/secure.gravatar.com\/avatar\/1ec500de7013b30e1d4d7c8c3978f0e4433c37e5d5e4cd186239369c6440122b?s=96&d=mm&r=g","url":"https:\/\/secure.gravatar.com\/avatar\/1ec500de7013b30e1d4d7c8c3978f0e4433c37e5d5e4cd186239369c6440122b?s=96&d=mm&r=g","contentUrl":"https:\/\/secure.gravatar.com\/avatar\/1ec500de7013b30e1d4d7c8c3978f0e4433c37e5d5e4cd186239369c6440122b?s=96&d=mm&r=g","caption":"Vinicius Augusto Batista Eira"},"url":"https:\/\/www.cambe.pr.gov.br\/index.php\/author\/vabeira\/"}]}},"_links":{"self":[{"href":"https:\/\/www.cambe.pr.gov.br\/index.php\/wp-json\/wp\/v2\/posts\/16306","targetHints":{"allow":["GET"]}}],"collection":[{"href":"https:\/\/www.cambe.pr.gov.br\/index.php\/wp-json\/wp\/v2\/posts"}],"about":[{"href":"https:\/\/www.cambe.pr.gov.br\/index.php\/wp-json\/wp\/v2\/types\/post"}],"author":[{"embeddable":true,"href":"https:\/\/www.cambe.pr.gov.br\/index.php\/wp-json\/wp\/v2\/users\/16"}],"replies":[{"embeddable":true,"href":"https:\/\/www.cambe.pr.gov.br\/index.php\/wp-json\/wp\/v2\/comments?post=16306"}],"version-history":[{"count":1,"href":"https:\/\/www.cambe.pr.gov.br\/index.php\/wp-json\/wp\/v2\/posts\/16306\/revisions"}],"predecessor-version":[{"id":16308,"href":"https:\/\/www.cambe.pr.gov.br\/index.php\/wp-json\/wp\/v2\/posts\/16306\/revisions\/16308"}],"wp:attachment":[{"href":"https:\/\/www.cambe.pr.gov.br\/index.php\/wp-json\/wp\/v2\/media?parent=16306"}],"wp:term":[{"taxonomy":"category","embeddable":true,"href":"https:\/\/www.cambe.pr.gov.br\/index.php\/wp-json\/wp\/v2\/categories?post=16306"},{"taxonomy":"post_tag","embeddable":true,"href":"https:\/\/www.cambe.pr.gov.br\/index.php\/wp-json\/wp\/v2\/tags?post=16306"}],"curies":[{"name":"wp","href":"https:\/\/api.w.org\/{rel}","templated":true}]}}