{"id":16293,"date":"2025-03-07T18:06:02","date_gmt":"2025-03-07T21:06:02","guid":{"rendered":"https:\/\/www.cambe.pr.gov.br\/?p=16293"},"modified":"2025-03-07T18:14:35","modified_gmt":"2025-03-07T21:14:35","slug":"sanepar-promete-antecipar-fim-de-obra-que-sera-solucao-para-constante-falta-de-agua-em-cambe","status":"publish","type":"post","link":"https:\/\/www.cambe.pr.gov.br\/index.php\/sanepar-promete-antecipar-fim-de-obra-que-sera-solucao-para-constante-falta-de-agua-em-cambe\/","title":{"rendered":"Sanepar promete antecipar fim de obra que ser\u00e1 solu\u00e7\u00e3o para constante falta de \u00e1gua em Camb\u00e9"},"content":{"rendered":"<p style=\"text-align: justify;\"><span style=\"font-weight: 400; font-family: arial, helvetica, sans-serif;\"><img fetchpriority=\"high\" decoding=\"async\" class=\"size-large wp-image-16299 alignleft\" src=\"https:\/\/www.cambe.pr.gov.br\/wp-content\/uploads\/2025\/03\/MVI_1669.MP4_snapshot_00.02.884-1-1024x576.jpg\" alt=\"\" width=\"610\" height=\"343\" srcset=\"https:\/\/www.cambe.pr.gov.br\/wp-content\/uploads\/2025\/03\/MVI_1669.MP4_snapshot_00.02.884-1-1024x576.jpg 1024w, https:\/\/www.cambe.pr.gov.br\/wp-content\/uploads\/2025\/03\/MVI_1669.MP4_snapshot_00.02.884-1-300x169.jpg 300w, https:\/\/www.cambe.pr.gov.br\/wp-content\/uploads\/2025\/03\/MVI_1669.MP4_snapshot_00.02.884-1-768x432.jpg 768w, https:\/\/www.cambe.pr.gov.br\/wp-content\/uploads\/2025\/03\/MVI_1669.MP4_snapshot_00.02.884-1-1536x864.jpg 1536w, https:\/\/www.cambe.pr.gov.br\/wp-content\/uploads\/2025\/03\/MVI_1669.MP4_snapshot_00.02.884-1.jpg 1920w\" sizes=\"(max-width: 610px) 100vw, 610px\" \/>A Prefeitura de Camb\u00e9 recebeu diretores da Sanepar na tarde desta sexta-feira (7). A reuni\u00e3o foi convocada pelo prefeito Conrado Scheller, que cobrou esclarecimentos sobre as recorrentes interrup\u00e7\u00f5es no fornecimento de \u00e1gua em diversos bairros do munic\u00edpio, solu\u00e7\u00f5es, prazos e que se tenha resolutividade nas obras e tamb\u00e9m nas comunica\u00e7\u00f5es apresentadas pela empresa. Representantes da Sanepar prometeram antecipar para abril o fim de uma importante obra que ser\u00e1 solu\u00e7\u00e3o para a constante falta de \u00e1gua na cidade.\u00a0<\/span><\/p>\n<p style=\"text-align: justify;\"><span style=\"font-weight: 400; font-family: arial, helvetica, sans-serif;\">Tamb\u00e9m participaram do encontro o vice-prefeito Zezinho da Ra\u00e7\u00e3o, os deputados estaduais Terc\u00edlio Turini e Cobra Rep\u00f3rter, os dez vereadores, secret\u00e1rios municipais, representantes da comunidade e servidores da Prefeitura.<\/span><\/p>\n<p style=\"text-align: justify;\"><span style=\"font-weight: 400; font-family: arial, helvetica, sans-serif;\">O gerente-geral da Sanepar na regi\u00e3o, Gil Gameiro, explicou que duas situa\u00e7\u00f5es contribuem para a falta de \u00e1gua constante: a Sanepar vem realizando uma s\u00e9rie de obras em v\u00e1rios sistemas, e uma delas \u00e9 a de uma constru\u00e7\u00e3o de esta\u00e7\u00e3o elevat\u00f3ria exclusiva para trazer \u00e1gua para Camb\u00e9 &#8211; que antes se dividia com a regi\u00e3o Oeste de Londrina; e a outra \u00e9 o forte calor que faz nessa \u00e9poca do ano, aumentando o consumo e diminuindo os volumes nos reservat\u00f3rios.<\/span><\/p>\n<p style=\"text-align: justify;\"><span style=\"font-weight: 400; font-family: arial, helvetica, sans-serif;\">A Sanepar investiu cerca de R$ 27 milh\u00f5es na adutora Sergipe, com constru\u00e7\u00e3o de esta\u00e7\u00e3o elevat\u00f3ria que traz \u00e1gua do Centro de Londrina at\u00e9 a regi\u00e3o do Viaduto da PUC, e depois um bra\u00e7o passa a levar a \u00e1gua diretamente ao reservat\u00f3rio do F\u00f3rum, abastecendo o restante da cidade. Estima-se que ap\u00f3s a obra, o munic\u00edpio receba 37 milh\u00f5es de litros exclusivos por dia, mantendo esses reservat\u00f3rios com \u00e1gua e acabando com o problema de desabastecimento.<\/span><\/p>\n<p style=\"text-align: justify;\"><span style=\"font-weight: 400; font-family: arial, helvetica, sans-serif;\">At\u00e9 l\u00e1, a empresa trabalha com dois prazos. Entregar toda a obra at\u00e9 o m\u00eas de abril. Ou que, em pelo menos 15 dias, uma parte da obra no reservat\u00f3rio Maria Lucia em Londrina fique pronta, Camb\u00e9 passe a receber 30% a mais de recursos e tamb\u00e9m n\u00e3o tenha mais problemas com a falta d\u2019\u00e1gua.<\/span><\/p>\n<p style=\"text-align: justify;\"><span style=\"font-weight: 400; font-family: arial, helvetica, sans-serif;\">O prefeito Conrado Scheller destacou que ningu\u00e9m est\u00e1 contente com esse momento que a Sanepar tem passado para Camb\u00e9, mas que o di\u00e1logo ajuda a entender melhor a situa\u00e7\u00e3o e traz mais seguran\u00e7a e resolutividade. \u201cN\u00e3o \u00e9 a primeira vez que n\u00f3s nos encontramos com a Sanepar. O que fiquei satisfeito \u00e9 com a unidade que trouxemos para essa reuni\u00e3o. Os dez vereadores, vereadoras, deputados estaduais, associa\u00e7\u00e3o comercial participando e, principalmente, a Sanepar dando respostas. O que busc\u00e1vamos aqui hoje era uma previsibilidade para o fim desse drama de faltar \u00e1gua em Camb\u00e9. Atendendo aos nossos pedidos, a Sanepar conseguiu fazer plano A, plano B, plano C, trazer inova\u00e7\u00e3o de solu\u00e7\u00e3o e quem sabe nos pr\u00f3ximos 20 dias tenhamos definitivamente a solu\u00e7\u00e3o desse problema. O ac\u00famulo de obras que est\u00e1 acontecendo na cidade, em raz\u00e3o do momento clim\u00e1tico que o mundo est\u00e1 vivendo, ocasionou essa situa\u00e7\u00e3o dram\u00e1tica para o munic\u00edpio, mas que essas obras agora trazem uma solu\u00e7\u00e3o definitiva a m\u00e9dio prazo\u201d.<\/span><\/p>\n<p style=\"text-align: justify;\"><span style=\"font-weight: 400; font-family: arial, helvetica, sans-serif;\">O gerente-geral da Sanepar na regi\u00e3o garantiu que at\u00e9 abril a obra vai estar conclu\u00edda e a falta d\u2019\u00e1gua vai ser resolvida definitivamente. \u201cEssa onda de calor que est\u00e1 assolando toda a regi\u00e3o norte do estado e o Paran\u00e1 inteiro faz com que tenha maior demanda e com isso a gente precisa fazer manobras compensat\u00f3rias. E essa obra vem resolver isso definitivamente. O prazo que temos \u00e9 abril, estamos executando a limpeza de um trecho da linha at\u00e9 nos pr\u00f3ximos 15 dias e se tudo der certo a gente tem o \u00faltimo resto de obra para terminar. Se a gente conseguir terminar de fazer a limpeza em 15 ou 20 dias, j\u00e1 ameniza a situa\u00e7\u00e3o\u201d, disse.<\/span><\/p>\n","protected":false},"excerpt":{"rendered":"<p>A Prefeitura de Camb\u00e9 recebeu diretores da Sanepar na tarde desta sexta-feira (7). A reuni\u00e3o foi convocada pelo prefeito Conrado Scheller, que cobrou esclarecimentos sobre as recorrentes interrup\u00e7\u00f5es no fornecimento de \u00e1gua em diversos bairros do munic\u00edpio, solu\u00e7\u00f5es, prazos e que se tenha resolutividade nas obras e tamb\u00e9m nas comunica\u00e7\u00f5es apresentadas pela empresa. Representantes da [&hellip;]<\/p>\n","protected":false},"author":16,"featured_media":0,"comment_status":"closed","ping_status":"closed","sticky":false,"template":"","format":"standard","meta":{"ngg_post_thumbnail":0,"footnotes":""},"categories":[1],"tags":[],"class_list":["post-16293","post","type-post","status-publish","format-standard","hentry","category-principal"],"yoast_head":"<!-- This site is optimized with the Yoast SEO plugin v27.4 - https:\/\/yoast.com\/product\/yoast-seo-wordpress\/ -->\n<title>Sanepar promete antecipar fim de obra que ser\u00e1 solu\u00e7\u00e3o para constante falta de \u00e1gua em Camb\u00e9 - Prefeitura de Camb\u00e9<\/title>\n<meta name=\"robots\" content=\"index, follow, max-snippet:-1, max-image-preview:large, max-video-preview:-1\" \/>\n<link rel=\"canonical\" href=\"https:\/\/www.cambe.pr.gov.br\/index.php\/sanepar-promete-antecipar-fim-de-obra-que-sera-solucao-para-constante-falta-de-agua-em-cambe\/\" \/>\n<meta property=\"og:locale\" content=\"pt_BR\" \/>\n<meta property=\"og:type\" content=\"article\" \/>\n<meta property=\"og:title\" content=\"Sanepar promete antecipar fim de obra que ser\u00e1 solu\u00e7\u00e3o para constante falta de \u00e1gua em Camb\u00e9 - Prefeitura de Camb\u00e9\" \/>\n<meta property=\"og:description\" content=\"A Prefeitura de Camb\u00e9 recebeu diretores da Sanepar na tarde desta sexta-feira (7). A reuni\u00e3o foi convocada pelo prefeito Conrado Scheller, que cobrou esclarecimentos sobre as recorrentes interrup\u00e7\u00f5es no fornecimento de \u00e1gua em diversos bairros do munic\u00edpio, solu\u00e7\u00f5es, prazos e que se tenha resolutividade nas obras e tamb\u00e9m nas comunica\u00e7\u00f5es apresentadas pela empresa. Representantes da [&hellip;]\" \/>\n<meta property=\"og:url\" content=\"https:\/\/www.cambe.pr.gov.br\/index.php\/sanepar-promete-antecipar-fim-de-obra-que-sera-solucao-para-constante-falta-de-agua-em-cambe\/\" \/>\n<meta property=\"og:site_name\" content=\"Prefeitura de Camb\u00e9\" \/>\n<meta property=\"article:publisher\" content=\"https:\/\/m.facebook.com\/prefeituradecambe\" \/>\n<meta property=\"article:published_time\" content=\"2025-03-07T21:06:02+00:00\" \/>\n<meta property=\"article:modified_time\" content=\"2025-03-07T21:14:35+00:00\" \/>\n<meta property=\"og:image\" content=\"https:\/\/www.cambe.pr.gov.br\/wp-content\/uploads\/2025\/03\/MVI_1669.MP4_snapshot_00.02.884-1-1024x576.jpg\" \/>\n<meta name=\"author\" content=\"Vinicius Augusto Batista Eira\" \/>\n<meta name=\"twitter:card\" content=\"summary_large_image\" \/>\n<meta name=\"twitter:label1\" content=\"Escrito por\" \/>\n\t<meta name=\"twitter:data1\" content=\"Vinicius Augusto Batista Eira\" \/>\n\t<meta name=\"twitter:label2\" content=\"Est. tempo de leitura\" \/>\n\t<meta name=\"twitter:data2\" content=\"4 minutos\" \/>\n<script type=\"application\/ld+json\" class=\"yoast-schema-graph\">{\"@context\":\"https:\\\/\\\/schema.org\",\"@graph\":[{\"@type\":\"Article\",\"@id\":\"https:\\\/\\\/www.cambe.pr.gov.br\\\/index.php\\\/sanepar-promete-antecipar-fim-de-obra-que-sera-solucao-para-constante-falta-de-agua-em-cambe\\\/#article\",\"isPartOf\":{\"@id\":\"https:\\\/\\\/www.cambe.pr.gov.br\\\/index.php\\\/sanepar-promete-antecipar-fim-de-obra-que-sera-solucao-para-constante-falta-de-agua-em-cambe\\\/\"},\"author\":{\"name\":\"Vinicius Augusto Batista Eira\",\"@id\":\"https:\\\/\\\/www.cambe.pr.gov.br\\\/#\\\/schema\\\/person\\\/8e3ee69cb2cadf4b9f8377407227effd\"},\"headline\":\"Sanepar promete antecipar fim de obra que ser\u00e1 solu\u00e7\u00e3o para constante falta de \u00e1gua em Camb\u00e9\",\"datePublished\":\"2025-03-07T21:06:02+00:00\",\"dateModified\":\"2025-03-07T21:14:35+00:00\",\"mainEntityOfPage\":{\"@id\":\"https:\\\/\\\/www.cambe.pr.gov.br\\\/index.php\\\/sanepar-promete-antecipar-fim-de-obra-que-sera-solucao-para-constante-falta-de-agua-em-cambe\\\/\"},\"wordCount\":664,\"publisher\":{\"@id\":\"https:\\\/\\\/www.cambe.pr.gov.br\\\/#organization\"},\"image\":{\"@id\":\"https:\\\/\\\/www.cambe.pr.gov.br\\\/index.php\\\/sanepar-promete-antecipar-fim-de-obra-que-sera-solucao-para-constante-falta-de-agua-em-cambe\\\/#primaryimage\"},\"thumbnailUrl\":\"https:\\\/\\\/www.cambe.pr.gov.br\\\/wp-content\\\/uploads\\\/2025\\\/03\\\/MVI_1669.MP4_snapshot_00.02.884-1-1024x576.jpg\",\"articleSection\":[\"Principal\"],\"inLanguage\":\"pt-BR\"},{\"@type\":\"WebPage\",\"@id\":\"https:\\\/\\\/www.cambe.pr.gov.br\\\/index.php\\\/sanepar-promete-antecipar-fim-de-obra-que-sera-solucao-para-constante-falta-de-agua-em-cambe\\\/\",\"url\":\"https:\\\/\\\/www.cambe.pr.gov.br\\\/index.php\\\/sanepar-promete-antecipar-fim-de-obra-que-sera-solucao-para-constante-falta-de-agua-em-cambe\\\/\",\"name\":\"Sanepar promete antecipar fim de obra que ser\u00e1 solu\u00e7\u00e3o para constante falta de \u00e1gua em Camb\u00e9 - Prefeitura de Camb\u00e9\",\"isPartOf\":{\"@id\":\"https:\\\/\\\/www.cambe.pr.gov.br\\\/#website\"},\"primaryImageOfPage\":{\"@id\":\"https:\\\/\\\/www.cambe.pr.gov.br\\\/index.php\\\/sanepar-promete-antecipar-fim-de-obra-que-sera-solucao-para-constante-falta-de-agua-em-cambe\\\/#primaryimage\"},\"image\":{\"@id\":\"https:\\\/\\\/www.cambe.pr.gov.br\\\/index.php\\\/sanepar-promete-antecipar-fim-de-obra-que-sera-solucao-para-constante-falta-de-agua-em-cambe\\\/#primaryimage\"},\"thumbnailUrl\":\"https:\\\/\\\/www.cambe.pr.gov.br\\\/wp-content\\\/uploads\\\/2025\\\/03\\\/MVI_1669.MP4_snapshot_00.02.884-1-1024x576.jpg\",\"datePublished\":\"2025-03-07T21:06:02+00:00\",\"dateModified\":\"2025-03-07T21:14:35+00:00\",\"breadcrumb\":{\"@id\":\"https:\\\/\\\/www.cambe.pr.gov.br\\\/index.php\\\/sanepar-promete-antecipar-fim-de-obra-que-sera-solucao-para-constante-falta-de-agua-em-cambe\\\/#breadcrumb\"},\"inLanguage\":\"pt-BR\",\"potentialAction\":[{\"@type\":\"ReadAction\",\"target\":[\"https:\\\/\\\/www.cambe.pr.gov.br\\\/index.php\\\/sanepar-promete-antecipar-fim-de-obra-que-sera-solucao-para-constante-falta-de-agua-em-cambe\\\/\"]}]},{\"@type\":\"ImageObject\",\"inLanguage\":\"pt-BR\",\"@id\":\"https:\\\/\\\/www.cambe.pr.gov.br\\\/index.php\\\/sanepar-promete-antecipar-fim-de-obra-que-sera-solucao-para-constante-falta-de-agua-em-cambe\\\/#primaryimage\",\"url\":\"https:\\\/\\\/www.cambe.pr.gov.br\\\/wp-content\\\/uploads\\\/2025\\\/03\\\/MVI_1669.MP4_snapshot_00.02.884-1.jpg\",\"contentUrl\":\"https:\\\/\\\/www.cambe.pr.gov.br\\\/wp-content\\\/uploads\\\/2025\\\/03\\\/MVI_1669.MP4_snapshot_00.02.884-1.jpg\",\"width\":1920,\"height\":1080},{\"@type\":\"BreadcrumbList\",\"@id\":\"https:\\\/\\\/www.cambe.pr.gov.br\\\/index.php\\\/sanepar-promete-antecipar-fim-de-obra-que-sera-solucao-para-constante-falta-de-agua-em-cambe\\\/#breadcrumb\",\"itemListElement\":[{\"@type\":\"ListItem\",\"position\":1,\"name\":\"In\u00edcio\",\"item\":\"https:\\\/\\\/www.cambe.pr.gov.br\\\/\"},{\"@type\":\"ListItem\",\"position\":2,\"name\":\"Sanepar promete antecipar fim de obra que ser\u00e1 solu\u00e7\u00e3o para constante falta de \u00e1gua em Camb\u00e9\"}]},{\"@type\":\"WebSite\",\"@id\":\"https:\\\/\\\/www.cambe.pr.gov.br\\\/#website\",\"url\":\"https:\\\/\\\/www.cambe.pr.gov.br\\\/\",\"name\":\"Prefeitura de Camb\u00e9\",\"description\":\"UM GOVERNO PARA TODOS\",\"publisher\":{\"@id\":\"https:\\\/\\\/www.cambe.pr.gov.br\\\/#organization\"},\"potentialAction\":[{\"@type\":\"SearchAction\",\"target\":{\"@type\":\"EntryPoint\",\"urlTemplate\":\"https:\\\/\\\/www.cambe.pr.gov.br\\\/?s={search_term_string}\"},\"query-input\":{\"@type\":\"PropertyValueSpecification\",\"valueRequired\":true,\"valueName\":\"search_term_string\"}}],\"inLanguage\":\"pt-BR\"},{\"@type\":\"Organization\",\"@id\":\"https:\\\/\\\/www.cambe.pr.gov.br\\\/#organization\",\"name\":\"Prefeitura de Camb\u00e9\",\"url\":\"https:\\\/\\\/www.cambe.pr.gov.br\\\/\",\"logo\":{\"@type\":\"ImageObject\",\"inLanguage\":\"pt-BR\",\"@id\":\"https:\\\/\\\/www.cambe.pr.gov.br\\\/#\\\/schema\\\/logo\\\/image\\\/\",\"url\":\"https:\\\/\\\/www.cambe.pr.gov.br\\\/wp-content\\\/uploads\\\/2021\\\/01\\\/cropped-cropped-cambe_brazao-icone.png\",\"contentUrl\":\"https:\\\/\\\/www.cambe.pr.gov.br\\\/wp-content\\\/uploads\\\/2021\\\/01\\\/cropped-cropped-cambe_brazao-icone.png\",\"width\":240,\"height\":240,\"caption\":\"Prefeitura de Camb\u00e9\"},\"image\":{\"@id\":\"https:\\\/\\\/www.cambe.pr.gov.br\\\/#\\\/schema\\\/logo\\\/image\\\/\"},\"sameAs\":[\"https:\\\/\\\/m.facebook.com\\\/prefeituradecambe\"]},{\"@type\":\"Person\",\"@id\":\"https:\\\/\\\/www.cambe.pr.gov.br\\\/#\\\/schema\\\/person\\\/8e3ee69cb2cadf4b9f8377407227effd\",\"name\":\"Vinicius Augusto Batista Eira\",\"image\":{\"@type\":\"ImageObject\",\"inLanguage\":\"pt-BR\",\"@id\":\"https:\\\/\\\/secure.gravatar.com\\\/avatar\\\/1ec500de7013b30e1d4d7c8c3978f0e4433c37e5d5e4cd186239369c6440122b?s=96&d=mm&r=g\",\"url\":\"https:\\\/\\\/secure.gravatar.com\\\/avatar\\\/1ec500de7013b30e1d4d7c8c3978f0e4433c37e5d5e4cd186239369c6440122b?s=96&d=mm&r=g\",\"contentUrl\":\"https:\\\/\\\/secure.gravatar.com\\\/avatar\\\/1ec500de7013b30e1d4d7c8c3978f0e4433c37e5d5e4cd186239369c6440122b?s=96&d=mm&r=g\",\"caption\":\"Vinicius Augusto Batista Eira\"},\"url\":\"https:\\\/\\\/www.cambe.pr.gov.br\\\/index.php\\\/author\\\/vabeira\\\/\"}]}<\/script>\n<!-- \/ Yoast SEO plugin. -->","yoast_head_json":{"title":"Sanepar promete antecipar fim de obra que ser\u00e1 solu\u00e7\u00e3o para constante falta de \u00e1gua em Camb\u00e9 - Prefeitura de Camb\u00e9","robots":{"index":"index","follow":"follow","max-snippet":"max-snippet:-1","max-image-preview":"max-image-preview:large","max-video-preview":"max-video-preview:-1"},"canonical":"https:\/\/www.cambe.pr.gov.br\/index.php\/sanepar-promete-antecipar-fim-de-obra-que-sera-solucao-para-constante-falta-de-agua-em-cambe\/","og_locale":"pt_BR","og_type":"article","og_title":"Sanepar promete antecipar fim de obra que ser\u00e1 solu\u00e7\u00e3o para constante falta de \u00e1gua em Camb\u00e9 - Prefeitura de Camb\u00e9","og_description":"A Prefeitura de Camb\u00e9 recebeu diretores da Sanepar na tarde desta sexta-feira (7). A reuni\u00e3o foi convocada pelo prefeito Conrado Scheller, que cobrou esclarecimentos sobre as recorrentes interrup\u00e7\u00f5es no fornecimento de \u00e1gua em diversos bairros do munic\u00edpio, solu\u00e7\u00f5es, prazos e que se tenha resolutividade nas obras e tamb\u00e9m nas comunica\u00e7\u00f5es apresentadas pela empresa. Representantes da [&hellip;]","og_url":"https:\/\/www.cambe.pr.gov.br\/index.php\/sanepar-promete-antecipar-fim-de-obra-que-sera-solucao-para-constante-falta-de-agua-em-cambe\/","og_site_name":"Prefeitura de Camb\u00e9","article_publisher":"https:\/\/m.facebook.com\/prefeituradecambe","article_published_time":"2025-03-07T21:06:02+00:00","article_modified_time":"2025-03-07T21:14:35+00:00","og_image":[{"url":"https:\/\/www.cambe.pr.gov.br\/wp-content\/uploads\/2025\/03\/MVI_1669.MP4_snapshot_00.02.884-1-1024x576.jpg","type":"","width":"","height":""}],"author":"Vinicius Augusto Batista Eira","twitter_card":"summary_large_image","twitter_misc":{"Escrito por":"Vinicius Augusto Batista Eira","Est. tempo de leitura":"4 minutos"},"schema":{"@context":"https:\/\/schema.org","@graph":[{"@type":"Article","@id":"https:\/\/www.cambe.pr.gov.br\/index.php\/sanepar-promete-antecipar-fim-de-obra-que-sera-solucao-para-constante-falta-de-agua-em-cambe\/#article","isPartOf":{"@id":"https:\/\/www.cambe.pr.gov.br\/index.php\/sanepar-promete-antecipar-fim-de-obra-que-sera-solucao-para-constante-falta-de-agua-em-cambe\/"},"author":{"name":"Vinicius Augusto Batista Eira","@id":"https:\/\/www.cambe.pr.gov.br\/#\/schema\/person\/8e3ee69cb2cadf4b9f8377407227effd"},"headline":"Sanepar promete antecipar fim de obra que ser\u00e1 solu\u00e7\u00e3o para constante falta de \u00e1gua em Camb\u00e9","datePublished":"2025-03-07T21:06:02+00:00","dateModified":"2025-03-07T21:14:35+00:00","mainEntityOfPage":{"@id":"https:\/\/www.cambe.pr.gov.br\/index.php\/sanepar-promete-antecipar-fim-de-obra-que-sera-solucao-para-constante-falta-de-agua-em-cambe\/"},"wordCount":664,"publisher":{"@id":"https:\/\/www.cambe.pr.gov.br\/#organization"},"image":{"@id":"https:\/\/www.cambe.pr.gov.br\/index.php\/sanepar-promete-antecipar-fim-de-obra-que-sera-solucao-para-constante-falta-de-agua-em-cambe\/#primaryimage"},"thumbnailUrl":"https:\/\/www.cambe.pr.gov.br\/wp-content\/uploads\/2025\/03\/MVI_1669.MP4_snapshot_00.02.884-1-1024x576.jpg","articleSection":["Principal"],"inLanguage":"pt-BR"},{"@type":"WebPage","@id":"https:\/\/www.cambe.pr.gov.br\/index.php\/sanepar-promete-antecipar-fim-de-obra-que-sera-solucao-para-constante-falta-de-agua-em-cambe\/","url":"https:\/\/www.cambe.pr.gov.br\/index.php\/sanepar-promete-antecipar-fim-de-obra-que-sera-solucao-para-constante-falta-de-agua-em-cambe\/","name":"Sanepar promete antecipar fim de obra que ser\u00e1 solu\u00e7\u00e3o para constante falta de \u00e1gua em Camb\u00e9 - Prefeitura de Camb\u00e9","isPartOf":{"@id":"https:\/\/www.cambe.pr.gov.br\/#website"},"primaryImageOfPage":{"@id":"https:\/\/www.cambe.pr.gov.br\/index.php\/sanepar-promete-antecipar-fim-de-obra-que-sera-solucao-para-constante-falta-de-agua-em-cambe\/#primaryimage"},"image":{"@id":"https:\/\/www.cambe.pr.gov.br\/index.php\/sanepar-promete-antecipar-fim-de-obra-que-sera-solucao-para-constante-falta-de-agua-em-cambe\/#primaryimage"},"thumbnailUrl":"https:\/\/www.cambe.pr.gov.br\/wp-content\/uploads\/2025\/03\/MVI_1669.MP4_snapshot_00.02.884-1-1024x576.jpg","datePublished":"2025-03-07T21:06:02+00:00","dateModified":"2025-03-07T21:14:35+00:00","breadcrumb":{"@id":"https:\/\/www.cambe.pr.gov.br\/index.php\/sanepar-promete-antecipar-fim-de-obra-que-sera-solucao-para-constante-falta-de-agua-em-cambe\/#breadcrumb"},"inLanguage":"pt-BR","potentialAction":[{"@type":"ReadAction","target":["https:\/\/www.cambe.pr.gov.br\/index.php\/sanepar-promete-antecipar-fim-de-obra-que-sera-solucao-para-constante-falta-de-agua-em-cambe\/"]}]},{"@type":"ImageObject","inLanguage":"pt-BR","@id":"https:\/\/www.cambe.pr.gov.br\/index.php\/sanepar-promete-antecipar-fim-de-obra-que-sera-solucao-para-constante-falta-de-agua-em-cambe\/#primaryimage","url":"https:\/\/www.cambe.pr.gov.br\/wp-content\/uploads\/2025\/03\/MVI_1669.MP4_snapshot_00.02.884-1.jpg","contentUrl":"https:\/\/www.cambe.pr.gov.br\/wp-content\/uploads\/2025\/03\/MVI_1669.MP4_snapshot_00.02.884-1.jpg","width":1920,"height":1080},{"@type":"BreadcrumbList","@id":"https:\/\/www.cambe.pr.gov.br\/index.php\/sanepar-promete-antecipar-fim-de-obra-que-sera-solucao-para-constante-falta-de-agua-em-cambe\/#breadcrumb","itemListElement":[{"@type":"ListItem","position":1,"name":"In\u00edcio","item":"https:\/\/www.cambe.pr.gov.br\/"},{"@type":"ListItem","position":2,"name":"Sanepar promete antecipar fim de obra que ser\u00e1 solu\u00e7\u00e3o para constante falta de \u00e1gua em Camb\u00e9"}]},{"@type":"WebSite","@id":"https:\/\/www.cambe.pr.gov.br\/#website","url":"https:\/\/www.cambe.pr.gov.br\/","name":"Prefeitura de Camb\u00e9","description":"UM GOVERNO PARA TODOS","publisher":{"@id":"https:\/\/www.cambe.pr.gov.br\/#organization"},"potentialAction":[{"@type":"SearchAction","target":{"@type":"EntryPoint","urlTemplate":"https:\/\/www.cambe.pr.gov.br\/?s={search_term_string}"},"query-input":{"@type":"PropertyValueSpecification","valueRequired":true,"valueName":"search_term_string"}}],"inLanguage":"pt-BR"},{"@type":"Organization","@id":"https:\/\/www.cambe.pr.gov.br\/#organization","name":"Prefeitura de Camb\u00e9","url":"https:\/\/www.cambe.pr.gov.br\/","logo":{"@type":"ImageObject","inLanguage":"pt-BR","@id":"https:\/\/www.cambe.pr.gov.br\/#\/schema\/logo\/image\/","url":"https:\/\/www.cambe.pr.gov.br\/wp-content\/uploads\/2021\/01\/cropped-cropped-cambe_brazao-icone.png","contentUrl":"https:\/\/www.cambe.pr.gov.br\/wp-content\/uploads\/2021\/01\/cropped-cropped-cambe_brazao-icone.png","width":240,"height":240,"caption":"Prefeitura de Camb\u00e9"},"image":{"@id":"https:\/\/www.cambe.pr.gov.br\/#\/schema\/logo\/image\/"},"sameAs":["https:\/\/m.facebook.com\/prefeituradecambe"]},{"@type":"Person","@id":"https:\/\/www.cambe.pr.gov.br\/#\/schema\/person\/8e3ee69cb2cadf4b9f8377407227effd","name":"Vinicius Augusto Batista Eira","image":{"@type":"ImageObject","inLanguage":"pt-BR","@id":"https:\/\/secure.gravatar.com\/avatar\/1ec500de7013b30e1d4d7c8c3978f0e4433c37e5d5e4cd186239369c6440122b?s=96&d=mm&r=g","url":"https:\/\/secure.gravatar.com\/avatar\/1ec500de7013b30e1d4d7c8c3978f0e4433c37e5d5e4cd186239369c6440122b?s=96&d=mm&r=g","contentUrl":"https:\/\/secure.gravatar.com\/avatar\/1ec500de7013b30e1d4d7c8c3978f0e4433c37e5d5e4cd186239369c6440122b?s=96&d=mm&r=g","caption":"Vinicius Augusto Batista Eira"},"url":"https:\/\/www.cambe.pr.gov.br\/index.php\/author\/vabeira\/"}]}},"_links":{"self":[{"href":"https:\/\/www.cambe.pr.gov.br\/index.php\/wp-json\/wp\/v2\/posts\/16293","targetHints":{"allow":["GET"]}}],"collection":[{"href":"https:\/\/www.cambe.pr.gov.br\/index.php\/wp-json\/wp\/v2\/posts"}],"about":[{"href":"https:\/\/www.cambe.pr.gov.br\/index.php\/wp-json\/wp\/v2\/types\/post"}],"author":[{"embeddable":true,"href":"https:\/\/www.cambe.pr.gov.br\/index.php\/wp-json\/wp\/v2\/users\/16"}],"replies":[{"embeddable":true,"href":"https:\/\/www.cambe.pr.gov.br\/index.php\/wp-json\/wp\/v2\/comments?post=16293"}],"version-history":[{"count":7,"href":"https:\/\/www.cambe.pr.gov.br\/index.php\/wp-json\/wp\/v2\/posts\/16293\/revisions"}],"predecessor-version":[{"id":16304,"href":"https:\/\/www.cambe.pr.gov.br\/index.php\/wp-json\/wp\/v2\/posts\/16293\/revisions\/16304"}],"wp:attachment":[{"href":"https:\/\/www.cambe.pr.gov.br\/index.php\/wp-json\/wp\/v2\/media?parent=16293"}],"wp:term":[{"taxonomy":"category","embeddable":true,"href":"https:\/\/www.cambe.pr.gov.br\/index.php\/wp-json\/wp\/v2\/categories?post=16293"},{"taxonomy":"post_tag","embeddable":true,"href":"https:\/\/www.cambe.pr.gov.br\/index.php\/wp-json\/wp\/v2\/tags?post=16293"}],"curies":[{"name":"wp","href":"https:\/\/api.w.org\/{rel}","templated":true}]}}