{"id":16286,"date":"2025-03-07T15:27:26","date_gmt":"2025-03-07T18:27:26","guid":{"rendered":"https:\/\/www.cambe.pr.gov.br\/?p=16286"},"modified":"2025-03-07T15:29:27","modified_gmt":"2025-03-07T18:29:27","slug":"secretaria-de-meio-ambiente-e-agricultura-planta-mais-de-300-mudas-de-arvores-nativas-em-fundos-de-vale","status":"publish","type":"post","link":"https:\/\/www.cambe.pr.gov.br\/index.php\/secretaria-de-meio-ambiente-e-agricultura-planta-mais-de-300-mudas-de-arvores-nativas-em-fundos-de-vale\/","title":{"rendered":"Agricultura e Meio Ambiente planta mais de 300 mudas de \u00e1rvores em fundos de vale"},"content":{"rendered":"<p style=\"text-align: justify;\"><span style=\"font-weight: 400; font-family: arial, helvetica, sans-serif;\"><img fetchpriority=\"high\" decoding=\"async\" class=\"size-large wp-image-16290 alignleft\" src=\"https:\/\/www.cambe.pr.gov.br\/wp-content\/uploads\/2025\/03\/WhatsApp-Image-2025-03-07-at-15.26.26-1024x819.jpeg\" alt=\"\" width=\"610\" height=\"488\" srcset=\"https:\/\/www.cambe.pr.gov.br\/wp-content\/uploads\/2025\/03\/WhatsApp-Image-2025-03-07-at-15.26.26-1024x819.jpeg 1024w, https:\/\/www.cambe.pr.gov.br\/wp-content\/uploads\/2025\/03\/WhatsApp-Image-2025-03-07-at-15.26.26-300x240.jpeg 300w, https:\/\/www.cambe.pr.gov.br\/wp-content\/uploads\/2025\/03\/WhatsApp-Image-2025-03-07-at-15.26.26-768x614.jpeg 768w, https:\/\/www.cambe.pr.gov.br\/wp-content\/uploads\/2025\/03\/WhatsApp-Image-2025-03-07-at-15.26.26.jpeg 1200w\" sizes=\"(max-width: 610px) 100vw, 610px\" \/>Nas \u00faltimas duas semanas, a Prefeitura de Camb\u00e9, por meio da Secretaria de Agricultura e Meio Ambiente, plantou mais de 300 mudas de \u00e1rvores nativas diversas em \u00e1reas de fundo de vale do munic\u00edpio. Al\u00e9m da import\u00e2ncia do reflorestamento, a a\u00e7\u00e3o refor\u00e7a o compromisso de Camb\u00e9 com o equil\u00edbrio ecol\u00f3gico e sustentabilidade.<\/span><\/p>\n<p style=\"text-align: justify;\"><span style=\"font-weight: 400; font-family: arial, helvetica, sans-serif;\">A a\u00e7\u00e3o decorreu de um Termo de Compromisso de Compensa\u00e7\u00e3o Ambiental firmado com o Instituto \u00c1gua e Terra, em fun\u00e7\u00e3o da remo\u00e7\u00e3o de algumas esp\u00e9cies para viabilizar obras de infraestrutura urbana.<\/span><\/p>\n<p style=\"text-align: justify;\"><span style=\"font-weight: 400; font-family: arial, helvetica, sans-serif;\">Segundo a Secretaria reflorestar fundos de vale oferece diversos benef\u00edcios ambientais, econ\u00f4micos e sociais, como: prote\u00e7\u00e3o dos recursos h\u00eddricos e melhoria da qualidade das \u00e1guas; preserva\u00e7\u00e3o da fauna e flora e recupera\u00e7\u00e3o de habitats naturais; al\u00edvio dos efeitos das mudan\u00e7as clim\u00e1ticas, atrav\u00e9s da regula\u00e7\u00e3o do clima local; e redu\u00e7\u00e3o da eros\u00e3o do solo e enchentes. Esses benef\u00edcios demonstram a import\u00e2ncia de adotar pr\u00e1ticas de reflorestamento, principalmente em regi\u00f5es de fundos de vale, vitais para o equil\u00edbrio ecol\u00f3gico e para a sustentabilidade dos recursos naturais.<\/span><\/p>\n<p style=\"text-align: justify;\"><span style=\"font-weight: 400; font-family: arial, helvetica, sans-serif;\">\u201cEssa a\u00e7\u00e3o demonstra tamb\u00e9m o compromisso do munic\u00edpio na qualidade ambiental. Mesmo sabendo que s\u00e3o obras de infraestruturas necess\u00e1rias ao desenvolvimento da cidade, \u00e9 importante a gente ter esse olhar no impacto ambiental. Essas melhorias do fundo de vale s\u00e3o important\u00edssimas para a qualidade do ar, qualidade da \u00e1gua, fluxo de biodiversidade desses locais, considerando que \u00e9 ali que transita a nossa fauna. Ent\u00e3o, traz essa melhoria na qualidade ambiental do munic\u00edpio, fortalecendo o nosso compromisso na sustentabilidade\u201d, ressaltou a secret\u00e1ria de Agricultura e Meio Ambiente, Roberta Queiroz.<\/span><\/p>\n","protected":false},"excerpt":{"rendered":"<p>Nas \u00faltimas duas semanas, a Prefeitura de Camb\u00e9, por meio da Secretaria de Agricultura e Meio Ambiente, plantou mais de 300 mudas de \u00e1rvores nativas diversas em \u00e1reas de fundo de vale do munic\u00edpio. Al\u00e9m da import\u00e2ncia do reflorestamento, a a\u00e7\u00e3o refor\u00e7a o compromisso de Camb\u00e9 com o equil\u00edbrio ecol\u00f3gico e sustentabilidade. A a\u00e7\u00e3o decorreu [&hellip;]<\/p>\n","protected":false},"author":16,"featured_media":0,"comment_status":"closed","ping_status":"closed","sticky":false,"template":"","format":"standard","meta":{"ngg_post_thumbnail":0,"footnotes":""},"categories":[1],"tags":[],"class_list":["post-16286","post","type-post","status-publish","format-standard","hentry","category-principal"],"yoast_head":"<!-- This site is optimized with the Yoast SEO plugin v27.4 - https:\/\/yoast.com\/product\/yoast-seo-wordpress\/ -->\n<title>Agricultura e Meio Ambiente planta mais de 300 mudas de \u00e1rvores em fundos de vale - Prefeitura de Camb\u00e9<\/title>\n<meta name=\"robots\" content=\"index, follow, max-snippet:-1, max-image-preview:large, max-video-preview:-1\" \/>\n<link rel=\"canonical\" href=\"https:\/\/www.cambe.pr.gov.br\/index.php\/secretaria-de-meio-ambiente-e-agricultura-planta-mais-de-300-mudas-de-arvores-nativas-em-fundos-de-vale\/\" \/>\n<meta property=\"og:locale\" content=\"pt_BR\" \/>\n<meta property=\"og:type\" content=\"article\" \/>\n<meta property=\"og:title\" content=\"Agricultura e Meio Ambiente planta mais de 300 mudas de \u00e1rvores em fundos de vale - Prefeitura de Camb\u00e9\" \/>\n<meta property=\"og:description\" content=\"Nas \u00faltimas duas semanas, a Prefeitura de Camb\u00e9, por meio da Secretaria de Agricultura e Meio Ambiente, plantou mais de 300 mudas de \u00e1rvores nativas diversas em \u00e1reas de fundo de vale do munic\u00edpio. Al\u00e9m da import\u00e2ncia do reflorestamento, a a\u00e7\u00e3o refor\u00e7a o compromisso de Camb\u00e9 com o equil\u00edbrio ecol\u00f3gico e sustentabilidade. A a\u00e7\u00e3o decorreu [&hellip;]\" \/>\n<meta property=\"og:url\" content=\"https:\/\/www.cambe.pr.gov.br\/index.php\/secretaria-de-meio-ambiente-e-agricultura-planta-mais-de-300-mudas-de-arvores-nativas-em-fundos-de-vale\/\" \/>\n<meta property=\"og:site_name\" content=\"Prefeitura de Camb\u00e9\" \/>\n<meta property=\"article:publisher\" content=\"https:\/\/m.facebook.com\/prefeituradecambe\" \/>\n<meta property=\"article:published_time\" content=\"2025-03-07T18:27:26+00:00\" \/>\n<meta property=\"article:modified_time\" content=\"2025-03-07T18:29:27+00:00\" \/>\n<meta property=\"og:image\" content=\"https:\/\/www.cambe.pr.gov.br\/wp-content\/uploads\/2025\/03\/WhatsApp-Image-2025-03-07-at-15.26.26-1024x819.jpeg\" \/>\n<meta name=\"author\" content=\"Vinicius Augusto Batista Eira\" \/>\n<meta name=\"twitter:card\" content=\"summary_large_image\" \/>\n<meta name=\"twitter:label1\" content=\"Escrito por\" \/>\n\t<meta name=\"twitter:data1\" content=\"Vinicius Augusto Batista Eira\" \/>\n\t<meta name=\"twitter:label2\" content=\"Est. tempo de leitura\" \/>\n\t<meta name=\"twitter:data2\" content=\"2 minutos\" \/>\n<script type=\"application\/ld+json\" class=\"yoast-schema-graph\">{\"@context\":\"https:\\\/\\\/schema.org\",\"@graph\":[{\"@type\":\"Article\",\"@id\":\"https:\\\/\\\/www.cambe.pr.gov.br\\\/index.php\\\/secretaria-de-meio-ambiente-e-agricultura-planta-mais-de-300-mudas-de-arvores-nativas-em-fundos-de-vale\\\/#article\",\"isPartOf\":{\"@id\":\"https:\\\/\\\/www.cambe.pr.gov.br\\\/index.php\\\/secretaria-de-meio-ambiente-e-agricultura-planta-mais-de-300-mudas-de-arvores-nativas-em-fundos-de-vale\\\/\"},\"author\":{\"name\":\"Vinicius Augusto Batista Eira\",\"@id\":\"https:\\\/\\\/www.cambe.pr.gov.br\\\/#\\\/schema\\\/person\\\/8e3ee69cb2cadf4b9f8377407227effd\"},\"headline\":\"Agricultura e Meio Ambiente planta mais de 300 mudas de \u00e1rvores em fundos de vale\",\"datePublished\":\"2025-03-07T18:27:26+00:00\",\"dateModified\":\"2025-03-07T18:29:27+00:00\",\"mainEntityOfPage\":{\"@id\":\"https:\\\/\\\/www.cambe.pr.gov.br\\\/index.php\\\/secretaria-de-meio-ambiente-e-agricultura-planta-mais-de-300-mudas-de-arvores-nativas-em-fundos-de-vale\\\/\"},\"wordCount\":307,\"publisher\":{\"@id\":\"https:\\\/\\\/www.cambe.pr.gov.br\\\/#organization\"},\"image\":{\"@id\":\"https:\\\/\\\/www.cambe.pr.gov.br\\\/index.php\\\/secretaria-de-meio-ambiente-e-agricultura-planta-mais-de-300-mudas-de-arvores-nativas-em-fundos-de-vale\\\/#primaryimage\"},\"thumbnailUrl\":\"https:\\\/\\\/www.cambe.pr.gov.br\\\/wp-content\\\/uploads\\\/2025\\\/03\\\/WhatsApp-Image-2025-03-07-at-15.26.26-1024x819.jpeg\",\"articleSection\":[\"Principal\"],\"inLanguage\":\"pt-BR\"},{\"@type\":\"WebPage\",\"@id\":\"https:\\\/\\\/www.cambe.pr.gov.br\\\/index.php\\\/secretaria-de-meio-ambiente-e-agricultura-planta-mais-de-300-mudas-de-arvores-nativas-em-fundos-de-vale\\\/\",\"url\":\"https:\\\/\\\/www.cambe.pr.gov.br\\\/index.php\\\/secretaria-de-meio-ambiente-e-agricultura-planta-mais-de-300-mudas-de-arvores-nativas-em-fundos-de-vale\\\/\",\"name\":\"Agricultura e Meio Ambiente planta mais de 300 mudas de \u00e1rvores em fundos de vale - Prefeitura de Camb\u00e9\",\"isPartOf\":{\"@id\":\"https:\\\/\\\/www.cambe.pr.gov.br\\\/#website\"},\"primaryImageOfPage\":{\"@id\":\"https:\\\/\\\/www.cambe.pr.gov.br\\\/index.php\\\/secretaria-de-meio-ambiente-e-agricultura-planta-mais-de-300-mudas-de-arvores-nativas-em-fundos-de-vale\\\/#primaryimage\"},\"image\":{\"@id\":\"https:\\\/\\\/www.cambe.pr.gov.br\\\/index.php\\\/secretaria-de-meio-ambiente-e-agricultura-planta-mais-de-300-mudas-de-arvores-nativas-em-fundos-de-vale\\\/#primaryimage\"},\"thumbnailUrl\":\"https:\\\/\\\/www.cambe.pr.gov.br\\\/wp-content\\\/uploads\\\/2025\\\/03\\\/WhatsApp-Image-2025-03-07-at-15.26.26-1024x819.jpeg\",\"datePublished\":\"2025-03-07T18:27:26+00:00\",\"dateModified\":\"2025-03-07T18:29:27+00:00\",\"breadcrumb\":{\"@id\":\"https:\\\/\\\/www.cambe.pr.gov.br\\\/index.php\\\/secretaria-de-meio-ambiente-e-agricultura-planta-mais-de-300-mudas-de-arvores-nativas-em-fundos-de-vale\\\/#breadcrumb\"},\"inLanguage\":\"pt-BR\",\"potentialAction\":[{\"@type\":\"ReadAction\",\"target\":[\"https:\\\/\\\/www.cambe.pr.gov.br\\\/index.php\\\/secretaria-de-meio-ambiente-e-agricultura-planta-mais-de-300-mudas-de-arvores-nativas-em-fundos-de-vale\\\/\"]}]},{\"@type\":\"ImageObject\",\"inLanguage\":\"pt-BR\",\"@id\":\"https:\\\/\\\/www.cambe.pr.gov.br\\\/index.php\\\/secretaria-de-meio-ambiente-e-agricultura-planta-mais-de-300-mudas-de-arvores-nativas-em-fundos-de-vale\\\/#primaryimage\",\"url\":\"https:\\\/\\\/www.cambe.pr.gov.br\\\/wp-content\\\/uploads\\\/2025\\\/03\\\/WhatsApp-Image-2025-03-07-at-15.26.26.jpeg\",\"contentUrl\":\"https:\\\/\\\/www.cambe.pr.gov.br\\\/wp-content\\\/uploads\\\/2025\\\/03\\\/WhatsApp-Image-2025-03-07-at-15.26.26.jpeg\",\"width\":1200,\"height\":960},{\"@type\":\"BreadcrumbList\",\"@id\":\"https:\\\/\\\/www.cambe.pr.gov.br\\\/index.php\\\/secretaria-de-meio-ambiente-e-agricultura-planta-mais-de-300-mudas-de-arvores-nativas-em-fundos-de-vale\\\/#breadcrumb\",\"itemListElement\":[{\"@type\":\"ListItem\",\"position\":1,\"name\":\"In\u00edcio\",\"item\":\"https:\\\/\\\/www.cambe.pr.gov.br\\\/\"},{\"@type\":\"ListItem\",\"position\":2,\"name\":\"Agricultura e Meio Ambiente planta mais de 300 mudas de \u00e1rvores em fundos de vale\"}]},{\"@type\":\"WebSite\",\"@id\":\"https:\\\/\\\/www.cambe.pr.gov.br\\\/#website\",\"url\":\"https:\\\/\\\/www.cambe.pr.gov.br\\\/\",\"name\":\"Prefeitura de Camb\u00e9\",\"description\":\"UM GOVERNO PARA TODOS\",\"publisher\":{\"@id\":\"https:\\\/\\\/www.cambe.pr.gov.br\\\/#organization\"},\"potentialAction\":[{\"@type\":\"SearchAction\",\"target\":{\"@type\":\"EntryPoint\",\"urlTemplate\":\"https:\\\/\\\/www.cambe.pr.gov.br\\\/?s={search_term_string}\"},\"query-input\":{\"@type\":\"PropertyValueSpecification\",\"valueRequired\":true,\"valueName\":\"search_term_string\"}}],\"inLanguage\":\"pt-BR\"},{\"@type\":\"Organization\",\"@id\":\"https:\\\/\\\/www.cambe.pr.gov.br\\\/#organization\",\"name\":\"Prefeitura de Camb\u00e9\",\"url\":\"https:\\\/\\\/www.cambe.pr.gov.br\\\/\",\"logo\":{\"@type\":\"ImageObject\",\"inLanguage\":\"pt-BR\",\"@id\":\"https:\\\/\\\/www.cambe.pr.gov.br\\\/#\\\/schema\\\/logo\\\/image\\\/\",\"url\":\"https:\\\/\\\/www.cambe.pr.gov.br\\\/wp-content\\\/uploads\\\/2021\\\/01\\\/cropped-cropped-cambe_brazao-icone.png\",\"contentUrl\":\"https:\\\/\\\/www.cambe.pr.gov.br\\\/wp-content\\\/uploads\\\/2021\\\/01\\\/cropped-cropped-cambe_brazao-icone.png\",\"width\":240,\"height\":240,\"caption\":\"Prefeitura de Camb\u00e9\"},\"image\":{\"@id\":\"https:\\\/\\\/www.cambe.pr.gov.br\\\/#\\\/schema\\\/logo\\\/image\\\/\"},\"sameAs\":[\"https:\\\/\\\/m.facebook.com\\\/prefeituradecambe\"]},{\"@type\":\"Person\",\"@id\":\"https:\\\/\\\/www.cambe.pr.gov.br\\\/#\\\/schema\\\/person\\\/8e3ee69cb2cadf4b9f8377407227effd\",\"name\":\"Vinicius Augusto Batista Eira\",\"image\":{\"@type\":\"ImageObject\",\"inLanguage\":\"pt-BR\",\"@id\":\"https:\\\/\\\/secure.gravatar.com\\\/avatar\\\/1ec500de7013b30e1d4d7c8c3978f0e4433c37e5d5e4cd186239369c6440122b?s=96&d=mm&r=g\",\"url\":\"https:\\\/\\\/secure.gravatar.com\\\/avatar\\\/1ec500de7013b30e1d4d7c8c3978f0e4433c37e5d5e4cd186239369c6440122b?s=96&d=mm&r=g\",\"contentUrl\":\"https:\\\/\\\/secure.gravatar.com\\\/avatar\\\/1ec500de7013b30e1d4d7c8c3978f0e4433c37e5d5e4cd186239369c6440122b?s=96&d=mm&r=g\",\"caption\":\"Vinicius Augusto Batista Eira\"},\"url\":\"https:\\\/\\\/www.cambe.pr.gov.br\\\/index.php\\\/author\\\/vabeira\\\/\"}]}<\/script>\n<!-- \/ Yoast SEO plugin. -->","yoast_head_json":{"title":"Agricultura e Meio Ambiente planta mais de 300 mudas de \u00e1rvores em fundos de vale - Prefeitura de Camb\u00e9","robots":{"index":"index","follow":"follow","max-snippet":"max-snippet:-1","max-image-preview":"max-image-preview:large","max-video-preview":"max-video-preview:-1"},"canonical":"https:\/\/www.cambe.pr.gov.br\/index.php\/secretaria-de-meio-ambiente-e-agricultura-planta-mais-de-300-mudas-de-arvores-nativas-em-fundos-de-vale\/","og_locale":"pt_BR","og_type":"article","og_title":"Agricultura e Meio Ambiente planta mais de 300 mudas de \u00e1rvores em fundos de vale - Prefeitura de Camb\u00e9","og_description":"Nas \u00faltimas duas semanas, a Prefeitura de Camb\u00e9, por meio da Secretaria de Agricultura e Meio Ambiente, plantou mais de 300 mudas de \u00e1rvores nativas diversas em \u00e1reas de fundo de vale do munic\u00edpio. Al\u00e9m da import\u00e2ncia do reflorestamento, a a\u00e7\u00e3o refor\u00e7a o compromisso de Camb\u00e9 com o equil\u00edbrio ecol\u00f3gico e sustentabilidade. A a\u00e7\u00e3o decorreu [&hellip;]","og_url":"https:\/\/www.cambe.pr.gov.br\/index.php\/secretaria-de-meio-ambiente-e-agricultura-planta-mais-de-300-mudas-de-arvores-nativas-em-fundos-de-vale\/","og_site_name":"Prefeitura de Camb\u00e9","article_publisher":"https:\/\/m.facebook.com\/prefeituradecambe","article_published_time":"2025-03-07T18:27:26+00:00","article_modified_time":"2025-03-07T18:29:27+00:00","og_image":[{"url":"https:\/\/www.cambe.pr.gov.br\/wp-content\/uploads\/2025\/03\/WhatsApp-Image-2025-03-07-at-15.26.26-1024x819.jpeg","type":"","width":"","height":""}],"author":"Vinicius Augusto Batista Eira","twitter_card":"summary_large_image","twitter_misc":{"Escrito por":"Vinicius Augusto Batista Eira","Est. tempo de leitura":"2 minutos"},"schema":{"@context":"https:\/\/schema.org","@graph":[{"@type":"Article","@id":"https:\/\/www.cambe.pr.gov.br\/index.php\/secretaria-de-meio-ambiente-e-agricultura-planta-mais-de-300-mudas-de-arvores-nativas-em-fundos-de-vale\/#article","isPartOf":{"@id":"https:\/\/www.cambe.pr.gov.br\/index.php\/secretaria-de-meio-ambiente-e-agricultura-planta-mais-de-300-mudas-de-arvores-nativas-em-fundos-de-vale\/"},"author":{"name":"Vinicius Augusto Batista Eira","@id":"https:\/\/www.cambe.pr.gov.br\/#\/schema\/person\/8e3ee69cb2cadf4b9f8377407227effd"},"headline":"Agricultura e Meio Ambiente planta mais de 300 mudas de \u00e1rvores em fundos de vale","datePublished":"2025-03-07T18:27:26+00:00","dateModified":"2025-03-07T18:29:27+00:00","mainEntityOfPage":{"@id":"https:\/\/www.cambe.pr.gov.br\/index.php\/secretaria-de-meio-ambiente-e-agricultura-planta-mais-de-300-mudas-de-arvores-nativas-em-fundos-de-vale\/"},"wordCount":307,"publisher":{"@id":"https:\/\/www.cambe.pr.gov.br\/#organization"},"image":{"@id":"https:\/\/www.cambe.pr.gov.br\/index.php\/secretaria-de-meio-ambiente-e-agricultura-planta-mais-de-300-mudas-de-arvores-nativas-em-fundos-de-vale\/#primaryimage"},"thumbnailUrl":"https:\/\/www.cambe.pr.gov.br\/wp-content\/uploads\/2025\/03\/WhatsApp-Image-2025-03-07-at-15.26.26-1024x819.jpeg","articleSection":["Principal"],"inLanguage":"pt-BR"},{"@type":"WebPage","@id":"https:\/\/www.cambe.pr.gov.br\/index.php\/secretaria-de-meio-ambiente-e-agricultura-planta-mais-de-300-mudas-de-arvores-nativas-em-fundos-de-vale\/","url":"https:\/\/www.cambe.pr.gov.br\/index.php\/secretaria-de-meio-ambiente-e-agricultura-planta-mais-de-300-mudas-de-arvores-nativas-em-fundos-de-vale\/","name":"Agricultura e Meio Ambiente planta mais de 300 mudas de \u00e1rvores em fundos de vale - Prefeitura de Camb\u00e9","isPartOf":{"@id":"https:\/\/www.cambe.pr.gov.br\/#website"},"primaryImageOfPage":{"@id":"https:\/\/www.cambe.pr.gov.br\/index.php\/secretaria-de-meio-ambiente-e-agricultura-planta-mais-de-300-mudas-de-arvores-nativas-em-fundos-de-vale\/#primaryimage"},"image":{"@id":"https:\/\/www.cambe.pr.gov.br\/index.php\/secretaria-de-meio-ambiente-e-agricultura-planta-mais-de-300-mudas-de-arvores-nativas-em-fundos-de-vale\/#primaryimage"},"thumbnailUrl":"https:\/\/www.cambe.pr.gov.br\/wp-content\/uploads\/2025\/03\/WhatsApp-Image-2025-03-07-at-15.26.26-1024x819.jpeg","datePublished":"2025-03-07T18:27:26+00:00","dateModified":"2025-03-07T18:29:27+00:00","breadcrumb":{"@id":"https:\/\/www.cambe.pr.gov.br\/index.php\/secretaria-de-meio-ambiente-e-agricultura-planta-mais-de-300-mudas-de-arvores-nativas-em-fundos-de-vale\/#breadcrumb"},"inLanguage":"pt-BR","potentialAction":[{"@type":"ReadAction","target":["https:\/\/www.cambe.pr.gov.br\/index.php\/secretaria-de-meio-ambiente-e-agricultura-planta-mais-de-300-mudas-de-arvores-nativas-em-fundos-de-vale\/"]}]},{"@type":"ImageObject","inLanguage":"pt-BR","@id":"https:\/\/www.cambe.pr.gov.br\/index.php\/secretaria-de-meio-ambiente-e-agricultura-planta-mais-de-300-mudas-de-arvores-nativas-em-fundos-de-vale\/#primaryimage","url":"https:\/\/www.cambe.pr.gov.br\/wp-content\/uploads\/2025\/03\/WhatsApp-Image-2025-03-07-at-15.26.26.jpeg","contentUrl":"https:\/\/www.cambe.pr.gov.br\/wp-content\/uploads\/2025\/03\/WhatsApp-Image-2025-03-07-at-15.26.26.jpeg","width":1200,"height":960},{"@type":"BreadcrumbList","@id":"https:\/\/www.cambe.pr.gov.br\/index.php\/secretaria-de-meio-ambiente-e-agricultura-planta-mais-de-300-mudas-de-arvores-nativas-em-fundos-de-vale\/#breadcrumb","itemListElement":[{"@type":"ListItem","position":1,"name":"In\u00edcio","item":"https:\/\/www.cambe.pr.gov.br\/"},{"@type":"ListItem","position":2,"name":"Agricultura e Meio Ambiente planta mais de 300 mudas de \u00e1rvores em fundos de vale"}]},{"@type":"WebSite","@id":"https:\/\/www.cambe.pr.gov.br\/#website","url":"https:\/\/www.cambe.pr.gov.br\/","name":"Prefeitura de Camb\u00e9","description":"UM GOVERNO PARA TODOS","publisher":{"@id":"https:\/\/www.cambe.pr.gov.br\/#organization"},"potentialAction":[{"@type":"SearchAction","target":{"@type":"EntryPoint","urlTemplate":"https:\/\/www.cambe.pr.gov.br\/?s={search_term_string}"},"query-input":{"@type":"PropertyValueSpecification","valueRequired":true,"valueName":"search_term_string"}}],"inLanguage":"pt-BR"},{"@type":"Organization","@id":"https:\/\/www.cambe.pr.gov.br\/#organization","name":"Prefeitura de Camb\u00e9","url":"https:\/\/www.cambe.pr.gov.br\/","logo":{"@type":"ImageObject","inLanguage":"pt-BR","@id":"https:\/\/www.cambe.pr.gov.br\/#\/schema\/logo\/image\/","url":"https:\/\/www.cambe.pr.gov.br\/wp-content\/uploads\/2021\/01\/cropped-cropped-cambe_brazao-icone.png","contentUrl":"https:\/\/www.cambe.pr.gov.br\/wp-content\/uploads\/2021\/01\/cropped-cropped-cambe_brazao-icone.png","width":240,"height":240,"caption":"Prefeitura de Camb\u00e9"},"image":{"@id":"https:\/\/www.cambe.pr.gov.br\/#\/schema\/logo\/image\/"},"sameAs":["https:\/\/m.facebook.com\/prefeituradecambe"]},{"@type":"Person","@id":"https:\/\/www.cambe.pr.gov.br\/#\/schema\/person\/8e3ee69cb2cadf4b9f8377407227effd","name":"Vinicius Augusto Batista Eira","image":{"@type":"ImageObject","inLanguage":"pt-BR","@id":"https:\/\/secure.gravatar.com\/avatar\/1ec500de7013b30e1d4d7c8c3978f0e4433c37e5d5e4cd186239369c6440122b?s=96&d=mm&r=g","url":"https:\/\/secure.gravatar.com\/avatar\/1ec500de7013b30e1d4d7c8c3978f0e4433c37e5d5e4cd186239369c6440122b?s=96&d=mm&r=g","contentUrl":"https:\/\/secure.gravatar.com\/avatar\/1ec500de7013b30e1d4d7c8c3978f0e4433c37e5d5e4cd186239369c6440122b?s=96&d=mm&r=g","caption":"Vinicius Augusto Batista Eira"},"url":"https:\/\/www.cambe.pr.gov.br\/index.php\/author\/vabeira\/"}]}},"_links":{"self":[{"href":"https:\/\/www.cambe.pr.gov.br\/index.php\/wp-json\/wp\/v2\/posts\/16286","targetHints":{"allow":["GET"]}}],"collection":[{"href":"https:\/\/www.cambe.pr.gov.br\/index.php\/wp-json\/wp\/v2\/posts"}],"about":[{"href":"https:\/\/www.cambe.pr.gov.br\/index.php\/wp-json\/wp\/v2\/types\/post"}],"author":[{"embeddable":true,"href":"https:\/\/www.cambe.pr.gov.br\/index.php\/wp-json\/wp\/v2\/users\/16"}],"replies":[{"embeddable":true,"href":"https:\/\/www.cambe.pr.gov.br\/index.php\/wp-json\/wp\/v2\/comments?post=16286"}],"version-history":[{"count":4,"href":"https:\/\/www.cambe.pr.gov.br\/index.php\/wp-json\/wp\/v2\/posts\/16286\/revisions"}],"predecessor-version":[{"id":16292,"href":"https:\/\/www.cambe.pr.gov.br\/index.php\/wp-json\/wp\/v2\/posts\/16286\/revisions\/16292"}],"wp:attachment":[{"href":"https:\/\/www.cambe.pr.gov.br\/index.php\/wp-json\/wp\/v2\/media?parent=16286"}],"wp:term":[{"taxonomy":"category","embeddable":true,"href":"https:\/\/www.cambe.pr.gov.br\/index.php\/wp-json\/wp\/v2\/categories?post=16286"},{"taxonomy":"post_tag","embeddable":true,"href":"https:\/\/www.cambe.pr.gov.br\/index.php\/wp-json\/wp\/v2\/tags?post=16286"}],"curies":[{"name":"wp","href":"https:\/\/api.w.org\/{rel}","templated":true}]}}