{"id":16278,"date":"2025-03-07T11:13:57","date_gmt":"2025-03-07T14:13:57","guid":{"rendered":"https:\/\/www.cambe.pr.gov.br\/?p=16278"},"modified":"2025-03-07T11:32:06","modified_gmt":"2025-03-07T14:32:06","slug":"prefeitura-alerta-para-descarte-irregular-de-inserviveis-e-divulga-cronograma-de-limpeza","status":"publish","type":"post","link":"https:\/\/www.cambe.pr.gov.br\/index.php\/prefeitura-alerta-para-descarte-irregular-de-inserviveis-e-divulga-cronograma-de-limpeza\/","title":{"rendered":"Prefeitura alerta para descarte irregular de inserv\u00edveis e divulga cronograma de limpeza"},"content":{"rendered":"<p style=\"text-align: justify;\"><span style=\"font-weight: 400; font-family: arial, helvetica, sans-serif;\"><img fetchpriority=\"high\" decoding=\"async\" class=\"size-full wp-image-16282 alignleft\" src=\"https:\/\/www.cambe.pr.gov.br\/wp-content\/uploads\/2025\/03\/DSC_0114.jpg\" alt=\"\" width=\"600\" height=\"400\" srcset=\"https:\/\/www.cambe.pr.gov.br\/wp-content\/uploads\/2025\/03\/DSC_0114.jpg 600w, https:\/\/www.cambe.pr.gov.br\/wp-content\/uploads\/2025\/03\/DSC_0114-300x200.jpg 300w\" sizes=\"(max-width: 600px) 100vw, 600px\" \/>A Prefeitura de Camb\u00e9, por meio da Secretaria Municipal de Agricultura e Meio Ambiente, faz um alerta para moradores que descartam lixo, entulho e res\u00edduos de poda e jardinagem irregularmente no munic\u00edpio. Alguns itens e quantidades s\u00e3o proibidos de serem descartados e, mesmo quando permitido, n\u00e3o devem ser colocados em espa\u00e7os p\u00fablicos fora do cronograma de passagem da coleta municipal. A multa para descarte irregular pode ser de R$ 1.100 a mais de R$ 4.300.<\/span><\/p>\n<p style=\"text-align: justify;\"><span style=\"font-weight: 400; font-family: arial, helvetica, sans-serif;\">A Ouvidoria Municipal e canais oficiais da Prefeitura v\u00eam recebendo uma s\u00e9rie de den\u00fancias de descarte irregular de lixo e entulhos em espa\u00e7os p\u00fablicos, fundos de vale e canteiros e vem fazendo a sua parte, mantendo esses locais limpos. No entanto, em alguns bairros, essa limpeza precisa ser feita semanalmente. Al\u00e9m disso, a secret\u00e1ria municipal de Agricultura e Meio Ambiente, Roberta Queiroz, explica que muitos moradores procuram os servi\u00e7os p\u00fablicos com d\u00favidas do que pode ou n\u00e3o ser descartado e em qual quantidade.\u00a0<\/span><\/p>\n<p style=\"text-align: justify;\"><span style=\"font-weight: 400; font-family: arial, helvetica, sans-serif;\">\u201c\u00c9 importante ressaltar que a Prefeitura n\u00e3o faz a coleta de res\u00edduos da constru\u00e7\u00e3o civil e tampouco de grandes volumes particulares. Atualmente, n\u00f3s temos a coleta domiciliar, temos a coleta seletiva dos materiais recicl\u00e1veis e tamb\u00e9m \u00e9 feita a coleta de pequenos volumes de res\u00edduos de poda e jardinagem, mas que n\u00e3o devem ser colocados na cal\u00e7ada, nos canteiros ou na rua, fora do nosso cronograma de passagem dessa coleta\u201d, destacou a secret\u00e1ria.<\/span><\/p>\n<p style=\"text-align: justify;\"><span style=\"font-weight: 400; font-family: arial, helvetica, sans-serif;\">Para auxiliar a popula\u00e7\u00e3o que deseja fazer o descarte dos itens e volumes permitidos, a Secretaria de Agricultura e Meio Ambiente passa a divulgar semanalmente um cronograma de passagem dos caminh\u00f5es de limpeza que recolhem galhos e inserv\u00edveis. A programa\u00e7\u00e3o da pr\u00f3xima semana estar\u00e1 dispon\u00edvel abaixo na mat\u00e9ria, nos canais oficiais da Prefeitura e no site da Secretaria: <a href=\"http:\/\/mambiente.cambe.pr.gov.br\" target=\"_blank\" rel=\"noopener\"><strong>mambiente.cambe.pr.gov.br<\/strong><\/a>.<\/span><\/p>\n<p style=\"text-align: justify;\"><span style=\"font-weight: 400; font-family: arial, helvetica, sans-serif;\">\u201cEssa semana tivemos um caso de grande volume de res\u00edduos de limpeza de um terreno colocado em uma cal\u00e7ada, prejudicando a circula\u00e7\u00e3o da popula\u00e7\u00e3o. S\u00f3 nesse local eram necess\u00e1rios pelo menos um caminh\u00e3o e meio para a retirada dos materiais. Nossa equipe de fiscaliza\u00e7\u00e3o agiu rapidamente, notificou o propriet\u00e1rio que prontamente se comprometeu a fazer a limpeza e retirada desses materiais. O importante \u00e9 que todos saibam que t\u00eam responsabilidade compartilhada pelos res\u00edduos que geram. \u00c9 necess\u00e1ria a contribui\u00e7\u00e3o de todos para termos uma cidade mais limpa e mais sustent\u00e1vel. Por isso faremos a divulga\u00e7\u00e3o do cronograma de coleta dos pequenos volumes de galhos de jardinagem da cidade, e contamos com a responsabilidade de todos na manuten\u00e7\u00e3o da nossa cidade limpa\u201d, concluiu Roberta.<\/span><\/p>\n<p>&nbsp;<\/p>\n<p style=\"text-align: justify;\"><strong><span style=\"font-family: arial, helvetica, sans-serif;\">Fiscaliza\u00e7\u00e3o e autua\u00e7\u00e3o de descarte irregular<\/span><\/strong><\/p>\n<p style=\"text-align: justify;\"><span style=\"font-weight: 400; font-family: arial, helvetica, sans-serif;\">Nos \u00faltimos meses, a Prefeitura intensificou a fiscaliza\u00e7\u00e3o e autua\u00e7\u00e3o em situa\u00e7\u00f5es de descarte irregular de lixo e entulhos em \u00e1reas p\u00fablicas do munic\u00edpio. Isso porque, al\u00e9m de deixar a cidade com apar\u00eancia desagrad\u00e1vel, representa um risco iminente \u00e0 sa\u00fade p\u00fablica, como a prolifera\u00e7\u00e3o de insetos, roedores e outros vetores de doen\u00e7as.<\/span><\/p>\n<p style=\"text-align: justify;\"><span style=\"font-weight: 400; font-family: arial, helvetica, sans-serif;\">Quatro artigos do C\u00f3digo de Posturas do munic\u00edpio (artigos 118, 122, 125 e 132) vetam a pr\u00e1tica, proibindo jogar lixo de qualquer origem, entulhos, restos de materiais de constru\u00e7\u00e3o, galhos, cad\u00e1veres de animais, res\u00edduos de limpeza ou qualquer material inc\u00f4modo, nocivo ou material perigoso \u00e0 popula\u00e7\u00e3o em espa\u00e7os p\u00fablicos, lotes, glebas vazias ou \u00e1reas de preserva\u00e7\u00e3o permanente. O c\u00f3digo de posturas determina ainda que o praticante do crime receba multa correspondente ao valor de cinco a 20 Unidades Fiscais de Camb\u00e9. Hoje, esse valor seria de R$ 1.088,50 a R$ 4.354,00.<\/span><\/p>\n<p style=\"text-align: justify;\"><span style=\"font-family: arial, helvetica, sans-serif;\"><span style=\"font-weight: 400;\">Caso seu bairro tenha situa\u00e7\u00f5es como essa, ou voc\u00ea presenciou, ou fotos ou v\u00eddeos de algu\u00e9m descartando lixo irregularmente, entre em contato com a Ouvidoria Municipal nos telefones 156 ou (43) 3174-2771; pelo e-mail ouvidoria@cambe.pr.gov.br; no site, clicando <\/span><strong><a href=\"http:\/\/sistema.cambe.pr.gov.br:8082\/ouvidoria\/orgaos\/123\/fale_ouvidor.php\" target=\"_blank\" rel=\"noopener\">neste link<\/a><\/strong><span style=\"font-weight: 400;\">; ou pessoalmente, na sede da ouvidoria, localizada na Rua Par\u00e1, 126. Voc\u00ea tamb\u00e9m pode procurar diretamente a Secretaria de Fiscaliza\u00e7\u00e3o Urbana, no telefone (43) 3174-0359, pelo e-mail posturas@cambe.pr.gov.br ou na Avenida Inglaterra, 491. A den\u00fancia \u00e9 sigilosa.<\/span><\/span><\/p>\n<p>&nbsp;<\/p>\n<p style=\"text-align: justify;\"><strong><span style=\"font-family: arial, helvetica, sans-serif;\">Cronograma da pr\u00f3xima semana para coleta de pequenos volumes de galhos e res\u00edduos de jardinagem<\/span><\/strong><\/p>\n<p style=\"text-align: justify;\"><span style=\"font-weight: 400; font-family: arial, helvetica, sans-serif;\">Regi\u00e3o do Novo Bandeirantes:<br \/>\n<\/span><span style=\"font-weight: 400; font-family: arial, helvetica, sans-serif;\">Divisa com Londrina at\u00e9 o Jardim Montecatine &#8211; lado da Borba Gato.<\/span><\/p>\n<p style=\"text-align: justify;\"><span style=\"font-weight: 400; font-family: arial, helvetica, sans-serif;\">Regi\u00e3o do Santo Amaro:<br \/>\n<\/span><span style=\"font-weight: 400; font-family: arial, helvetica, sans-serif;\">Jardim Santo Amaro &#8211; da Avenida Igua\u00e7u para baixo, at\u00e9 o Jardim S\u00e3o Paulo;<br \/>\n<\/span><span style=\"font-weight: 400; font-family: arial, helvetica, sans-serif;\">Jardim Uni\u00e3o, Jardim Bela It\u00e1lia, Jardim Bela Su\u00ed\u00e7a e Parque Manela.<\/span><\/p>\n<p style=\"text-align: justify;\"><span style=\"font-weight: 400; font-family: arial, helvetica, sans-serif;\">Regi\u00e3o do Ana Rosa;<br \/>\n<\/span><span style=\"font-weight: 400; font-family: arial, helvetica, sans-serif;\">Jardim Tupi, Camb\u00e9 4, Monte Alto e Cidade Alta.<\/span><\/p>\n<p style=\"text-align: justify;\"><span style=\"font-weight: 400; font-family: arial, helvetica, sans-serif;\">Regi\u00e3o Central;<br \/>\n<\/span><span style=\"font-weight: 400; font-family: arial, helvetica, sans-serif;\">Vila Brasil, V\u00f4 Zezinho, e Planalto Verde;<br \/>\n<\/span><span style=\"font-weight: 400; font-family: arial, helvetica, sans-serif;\">Jardim Alvorada, Jardim Vila Rica, Santa Isabel e Jardim Morumbi.<br \/>\n<\/span><span style=\"font-weight: 400; font-family: arial, helvetica, sans-serif;\">Avenidas e Travessas do Centro.<\/span><\/p>\n","protected":false},"excerpt":{"rendered":"<p>A Prefeitura de Camb\u00e9, por meio da Secretaria Municipal de Agricultura e Meio Ambiente, faz um alerta para moradores que descartam lixo, entulho e res\u00edduos de poda e jardinagem irregularmente no munic\u00edpio. Alguns itens e quantidades s\u00e3o proibidos de serem descartados e, mesmo quando permitido, n\u00e3o devem ser colocados em espa\u00e7os p\u00fablicos fora do cronograma [&hellip;]<\/p>\n","protected":false},"author":16,"featured_media":0,"comment_status":"closed","ping_status":"closed","sticky":false,"template":"","format":"standard","meta":{"ngg_post_thumbnail":0,"footnotes":""},"categories":[1],"tags":[],"class_list":["post-16278","post","type-post","status-publish","format-standard","hentry","category-principal"],"yoast_head":"<!-- This site is optimized with the Yoast SEO plugin v27.4 - https:\/\/yoast.com\/product\/yoast-seo-wordpress\/ -->\n<title>Prefeitura alerta para descarte irregular de inserv\u00edveis e divulga cronograma de limpeza - Prefeitura de Camb\u00e9<\/title>\n<meta name=\"robots\" content=\"index, follow, max-snippet:-1, max-image-preview:large, max-video-preview:-1\" \/>\n<link rel=\"canonical\" href=\"https:\/\/www.cambe.pr.gov.br\/index.php\/prefeitura-alerta-para-descarte-irregular-de-inserviveis-e-divulga-cronograma-de-limpeza\/\" \/>\n<meta property=\"og:locale\" content=\"pt_BR\" \/>\n<meta property=\"og:type\" content=\"article\" \/>\n<meta property=\"og:title\" content=\"Prefeitura alerta para descarte irregular de inserv\u00edveis e divulga cronograma de limpeza - Prefeitura de Camb\u00e9\" \/>\n<meta property=\"og:description\" content=\"A Prefeitura de Camb\u00e9, por meio da Secretaria Municipal de Agricultura e Meio Ambiente, faz um alerta para moradores que descartam lixo, entulho e res\u00edduos de poda e jardinagem irregularmente no munic\u00edpio. Alguns itens e quantidades s\u00e3o proibidos de serem descartados e, mesmo quando permitido, n\u00e3o devem ser colocados em espa\u00e7os p\u00fablicos fora do cronograma [&hellip;]\" \/>\n<meta property=\"og:url\" content=\"https:\/\/www.cambe.pr.gov.br\/index.php\/prefeitura-alerta-para-descarte-irregular-de-inserviveis-e-divulga-cronograma-de-limpeza\/\" \/>\n<meta property=\"og:site_name\" content=\"Prefeitura de Camb\u00e9\" \/>\n<meta property=\"article:publisher\" content=\"https:\/\/m.facebook.com\/prefeituradecambe\" \/>\n<meta property=\"article:published_time\" content=\"2025-03-07T14:13:57+00:00\" \/>\n<meta property=\"article:modified_time\" content=\"2025-03-07T14:32:06+00:00\" \/>\n<meta property=\"og:image\" content=\"https:\/\/www.cambe.pr.gov.br\/wp-content\/uploads\/2025\/03\/DSC_0114.jpg\" \/>\n<meta name=\"author\" content=\"Vinicius Augusto Batista Eira\" \/>\n<meta name=\"twitter:card\" content=\"summary_large_image\" \/>\n<meta name=\"twitter:label1\" content=\"Escrito por\" \/>\n\t<meta name=\"twitter:data1\" content=\"Vinicius Augusto Batista Eira\" \/>\n\t<meta name=\"twitter:label2\" content=\"Est. tempo de leitura\" \/>\n\t<meta name=\"twitter:data2\" content=\"5 minutos\" \/>\n<script type=\"application\/ld+json\" class=\"yoast-schema-graph\">{\"@context\":\"https:\\\/\\\/schema.org\",\"@graph\":[{\"@type\":\"Article\",\"@id\":\"https:\\\/\\\/www.cambe.pr.gov.br\\\/index.php\\\/prefeitura-alerta-para-descarte-irregular-de-inserviveis-e-divulga-cronograma-de-limpeza\\\/#article\",\"isPartOf\":{\"@id\":\"https:\\\/\\\/www.cambe.pr.gov.br\\\/index.php\\\/prefeitura-alerta-para-descarte-irregular-de-inserviveis-e-divulga-cronograma-de-limpeza\\\/\"},\"author\":{\"name\":\"Vinicius Augusto Batista Eira\",\"@id\":\"https:\\\/\\\/www.cambe.pr.gov.br\\\/#\\\/schema\\\/person\\\/8e3ee69cb2cadf4b9f8377407227effd\"},\"headline\":\"Prefeitura alerta para descarte irregular de inserv\u00edveis e divulga cronograma de limpeza\",\"datePublished\":\"2025-03-07T14:13:57+00:00\",\"dateModified\":\"2025-03-07T14:32:06+00:00\",\"mainEntityOfPage\":{\"@id\":\"https:\\\/\\\/www.cambe.pr.gov.br\\\/index.php\\\/prefeitura-alerta-para-descarte-irregular-de-inserviveis-e-divulga-cronograma-de-limpeza\\\/\"},\"wordCount\":833,\"publisher\":{\"@id\":\"https:\\\/\\\/www.cambe.pr.gov.br\\\/#organization\"},\"image\":{\"@id\":\"https:\\\/\\\/www.cambe.pr.gov.br\\\/index.php\\\/prefeitura-alerta-para-descarte-irregular-de-inserviveis-e-divulga-cronograma-de-limpeza\\\/#primaryimage\"},\"thumbnailUrl\":\"https:\\\/\\\/www.cambe.pr.gov.br\\\/wp-content\\\/uploads\\\/2025\\\/03\\\/DSC_0114.jpg\",\"articleSection\":[\"Principal\"],\"inLanguage\":\"pt-BR\"},{\"@type\":\"WebPage\",\"@id\":\"https:\\\/\\\/www.cambe.pr.gov.br\\\/index.php\\\/prefeitura-alerta-para-descarte-irregular-de-inserviveis-e-divulga-cronograma-de-limpeza\\\/\",\"url\":\"https:\\\/\\\/www.cambe.pr.gov.br\\\/index.php\\\/prefeitura-alerta-para-descarte-irregular-de-inserviveis-e-divulga-cronograma-de-limpeza\\\/\",\"name\":\"Prefeitura alerta para descarte irregular de inserv\u00edveis e divulga cronograma de limpeza - Prefeitura de Camb\u00e9\",\"isPartOf\":{\"@id\":\"https:\\\/\\\/www.cambe.pr.gov.br\\\/#website\"},\"primaryImageOfPage\":{\"@id\":\"https:\\\/\\\/www.cambe.pr.gov.br\\\/index.php\\\/prefeitura-alerta-para-descarte-irregular-de-inserviveis-e-divulga-cronograma-de-limpeza\\\/#primaryimage\"},\"image\":{\"@id\":\"https:\\\/\\\/www.cambe.pr.gov.br\\\/index.php\\\/prefeitura-alerta-para-descarte-irregular-de-inserviveis-e-divulga-cronograma-de-limpeza\\\/#primaryimage\"},\"thumbnailUrl\":\"https:\\\/\\\/www.cambe.pr.gov.br\\\/wp-content\\\/uploads\\\/2025\\\/03\\\/DSC_0114.jpg\",\"datePublished\":\"2025-03-07T14:13:57+00:00\",\"dateModified\":\"2025-03-07T14:32:06+00:00\",\"breadcrumb\":{\"@id\":\"https:\\\/\\\/www.cambe.pr.gov.br\\\/index.php\\\/prefeitura-alerta-para-descarte-irregular-de-inserviveis-e-divulga-cronograma-de-limpeza\\\/#breadcrumb\"},\"inLanguage\":\"pt-BR\",\"potentialAction\":[{\"@type\":\"ReadAction\",\"target\":[\"https:\\\/\\\/www.cambe.pr.gov.br\\\/index.php\\\/prefeitura-alerta-para-descarte-irregular-de-inserviveis-e-divulga-cronograma-de-limpeza\\\/\"]}]},{\"@type\":\"ImageObject\",\"inLanguage\":\"pt-BR\",\"@id\":\"https:\\\/\\\/www.cambe.pr.gov.br\\\/index.php\\\/prefeitura-alerta-para-descarte-irregular-de-inserviveis-e-divulga-cronograma-de-limpeza\\\/#primaryimage\",\"url\":\"https:\\\/\\\/www.cambe.pr.gov.br\\\/wp-content\\\/uploads\\\/2025\\\/03\\\/DSC_0114.jpg\",\"contentUrl\":\"https:\\\/\\\/www.cambe.pr.gov.br\\\/wp-content\\\/uploads\\\/2025\\\/03\\\/DSC_0114.jpg\",\"width\":600,\"height\":400},{\"@type\":\"BreadcrumbList\",\"@id\":\"https:\\\/\\\/www.cambe.pr.gov.br\\\/index.php\\\/prefeitura-alerta-para-descarte-irregular-de-inserviveis-e-divulga-cronograma-de-limpeza\\\/#breadcrumb\",\"itemListElement\":[{\"@type\":\"ListItem\",\"position\":1,\"name\":\"In\u00edcio\",\"item\":\"https:\\\/\\\/www.cambe.pr.gov.br\\\/\"},{\"@type\":\"ListItem\",\"position\":2,\"name\":\"Prefeitura alerta para descarte irregular de inserv\u00edveis e divulga cronograma de limpeza\"}]},{\"@type\":\"WebSite\",\"@id\":\"https:\\\/\\\/www.cambe.pr.gov.br\\\/#website\",\"url\":\"https:\\\/\\\/www.cambe.pr.gov.br\\\/\",\"name\":\"Prefeitura de Camb\u00e9\",\"description\":\"UM GOVERNO PARA TODOS\",\"publisher\":{\"@id\":\"https:\\\/\\\/www.cambe.pr.gov.br\\\/#organization\"},\"potentialAction\":[{\"@type\":\"SearchAction\",\"target\":{\"@type\":\"EntryPoint\",\"urlTemplate\":\"https:\\\/\\\/www.cambe.pr.gov.br\\\/?s={search_term_string}\"},\"query-input\":{\"@type\":\"PropertyValueSpecification\",\"valueRequired\":true,\"valueName\":\"search_term_string\"}}],\"inLanguage\":\"pt-BR\"},{\"@type\":\"Organization\",\"@id\":\"https:\\\/\\\/www.cambe.pr.gov.br\\\/#organization\",\"name\":\"Prefeitura de Camb\u00e9\",\"url\":\"https:\\\/\\\/www.cambe.pr.gov.br\\\/\",\"logo\":{\"@type\":\"ImageObject\",\"inLanguage\":\"pt-BR\",\"@id\":\"https:\\\/\\\/www.cambe.pr.gov.br\\\/#\\\/schema\\\/logo\\\/image\\\/\",\"url\":\"https:\\\/\\\/www.cambe.pr.gov.br\\\/wp-content\\\/uploads\\\/2021\\\/01\\\/cropped-cropped-cambe_brazao-icone.png\",\"contentUrl\":\"https:\\\/\\\/www.cambe.pr.gov.br\\\/wp-content\\\/uploads\\\/2021\\\/01\\\/cropped-cropped-cambe_brazao-icone.png\",\"width\":240,\"height\":240,\"caption\":\"Prefeitura de Camb\u00e9\"},\"image\":{\"@id\":\"https:\\\/\\\/www.cambe.pr.gov.br\\\/#\\\/schema\\\/logo\\\/image\\\/\"},\"sameAs\":[\"https:\\\/\\\/m.facebook.com\\\/prefeituradecambe\"]},{\"@type\":\"Person\",\"@id\":\"https:\\\/\\\/www.cambe.pr.gov.br\\\/#\\\/schema\\\/person\\\/8e3ee69cb2cadf4b9f8377407227effd\",\"name\":\"Vinicius Augusto Batista Eira\",\"image\":{\"@type\":\"ImageObject\",\"inLanguage\":\"pt-BR\",\"@id\":\"https:\\\/\\\/secure.gravatar.com\\\/avatar\\\/1ec500de7013b30e1d4d7c8c3978f0e4433c37e5d5e4cd186239369c6440122b?s=96&d=mm&r=g\",\"url\":\"https:\\\/\\\/secure.gravatar.com\\\/avatar\\\/1ec500de7013b30e1d4d7c8c3978f0e4433c37e5d5e4cd186239369c6440122b?s=96&d=mm&r=g\",\"contentUrl\":\"https:\\\/\\\/secure.gravatar.com\\\/avatar\\\/1ec500de7013b30e1d4d7c8c3978f0e4433c37e5d5e4cd186239369c6440122b?s=96&d=mm&r=g\",\"caption\":\"Vinicius Augusto Batista Eira\"},\"url\":\"https:\\\/\\\/www.cambe.pr.gov.br\\\/index.php\\\/author\\\/vabeira\\\/\"}]}<\/script>\n<!-- \/ Yoast SEO plugin. -->","yoast_head_json":{"title":"Prefeitura alerta para descarte irregular de inserv\u00edveis e divulga cronograma de limpeza - Prefeitura de Camb\u00e9","robots":{"index":"index","follow":"follow","max-snippet":"max-snippet:-1","max-image-preview":"max-image-preview:large","max-video-preview":"max-video-preview:-1"},"canonical":"https:\/\/www.cambe.pr.gov.br\/index.php\/prefeitura-alerta-para-descarte-irregular-de-inserviveis-e-divulga-cronograma-de-limpeza\/","og_locale":"pt_BR","og_type":"article","og_title":"Prefeitura alerta para descarte irregular de inserv\u00edveis e divulga cronograma de limpeza - Prefeitura de Camb\u00e9","og_description":"A Prefeitura de Camb\u00e9, por meio da Secretaria Municipal de Agricultura e Meio Ambiente, faz um alerta para moradores que descartam lixo, entulho e res\u00edduos de poda e jardinagem irregularmente no munic\u00edpio. Alguns itens e quantidades s\u00e3o proibidos de serem descartados e, mesmo quando permitido, n\u00e3o devem ser colocados em espa\u00e7os p\u00fablicos fora do cronograma [&hellip;]","og_url":"https:\/\/www.cambe.pr.gov.br\/index.php\/prefeitura-alerta-para-descarte-irregular-de-inserviveis-e-divulga-cronograma-de-limpeza\/","og_site_name":"Prefeitura de Camb\u00e9","article_publisher":"https:\/\/m.facebook.com\/prefeituradecambe","article_published_time":"2025-03-07T14:13:57+00:00","article_modified_time":"2025-03-07T14:32:06+00:00","og_image":[{"url":"https:\/\/www.cambe.pr.gov.br\/wp-content\/uploads\/2025\/03\/DSC_0114.jpg","type":"","width":"","height":""}],"author":"Vinicius Augusto Batista Eira","twitter_card":"summary_large_image","twitter_misc":{"Escrito por":"Vinicius Augusto Batista Eira","Est. tempo de leitura":"5 minutos"},"schema":{"@context":"https:\/\/schema.org","@graph":[{"@type":"Article","@id":"https:\/\/www.cambe.pr.gov.br\/index.php\/prefeitura-alerta-para-descarte-irregular-de-inserviveis-e-divulga-cronograma-de-limpeza\/#article","isPartOf":{"@id":"https:\/\/www.cambe.pr.gov.br\/index.php\/prefeitura-alerta-para-descarte-irregular-de-inserviveis-e-divulga-cronograma-de-limpeza\/"},"author":{"name":"Vinicius Augusto Batista Eira","@id":"https:\/\/www.cambe.pr.gov.br\/#\/schema\/person\/8e3ee69cb2cadf4b9f8377407227effd"},"headline":"Prefeitura alerta para descarte irregular de inserv\u00edveis e divulga cronograma de limpeza","datePublished":"2025-03-07T14:13:57+00:00","dateModified":"2025-03-07T14:32:06+00:00","mainEntityOfPage":{"@id":"https:\/\/www.cambe.pr.gov.br\/index.php\/prefeitura-alerta-para-descarte-irregular-de-inserviveis-e-divulga-cronograma-de-limpeza\/"},"wordCount":833,"publisher":{"@id":"https:\/\/www.cambe.pr.gov.br\/#organization"},"image":{"@id":"https:\/\/www.cambe.pr.gov.br\/index.php\/prefeitura-alerta-para-descarte-irregular-de-inserviveis-e-divulga-cronograma-de-limpeza\/#primaryimage"},"thumbnailUrl":"https:\/\/www.cambe.pr.gov.br\/wp-content\/uploads\/2025\/03\/DSC_0114.jpg","articleSection":["Principal"],"inLanguage":"pt-BR"},{"@type":"WebPage","@id":"https:\/\/www.cambe.pr.gov.br\/index.php\/prefeitura-alerta-para-descarte-irregular-de-inserviveis-e-divulga-cronograma-de-limpeza\/","url":"https:\/\/www.cambe.pr.gov.br\/index.php\/prefeitura-alerta-para-descarte-irregular-de-inserviveis-e-divulga-cronograma-de-limpeza\/","name":"Prefeitura alerta para descarte irregular de inserv\u00edveis e divulga cronograma de limpeza - Prefeitura de Camb\u00e9","isPartOf":{"@id":"https:\/\/www.cambe.pr.gov.br\/#website"},"primaryImageOfPage":{"@id":"https:\/\/www.cambe.pr.gov.br\/index.php\/prefeitura-alerta-para-descarte-irregular-de-inserviveis-e-divulga-cronograma-de-limpeza\/#primaryimage"},"image":{"@id":"https:\/\/www.cambe.pr.gov.br\/index.php\/prefeitura-alerta-para-descarte-irregular-de-inserviveis-e-divulga-cronograma-de-limpeza\/#primaryimage"},"thumbnailUrl":"https:\/\/www.cambe.pr.gov.br\/wp-content\/uploads\/2025\/03\/DSC_0114.jpg","datePublished":"2025-03-07T14:13:57+00:00","dateModified":"2025-03-07T14:32:06+00:00","breadcrumb":{"@id":"https:\/\/www.cambe.pr.gov.br\/index.php\/prefeitura-alerta-para-descarte-irregular-de-inserviveis-e-divulga-cronograma-de-limpeza\/#breadcrumb"},"inLanguage":"pt-BR","potentialAction":[{"@type":"ReadAction","target":["https:\/\/www.cambe.pr.gov.br\/index.php\/prefeitura-alerta-para-descarte-irregular-de-inserviveis-e-divulga-cronograma-de-limpeza\/"]}]},{"@type":"ImageObject","inLanguage":"pt-BR","@id":"https:\/\/www.cambe.pr.gov.br\/index.php\/prefeitura-alerta-para-descarte-irregular-de-inserviveis-e-divulga-cronograma-de-limpeza\/#primaryimage","url":"https:\/\/www.cambe.pr.gov.br\/wp-content\/uploads\/2025\/03\/DSC_0114.jpg","contentUrl":"https:\/\/www.cambe.pr.gov.br\/wp-content\/uploads\/2025\/03\/DSC_0114.jpg","width":600,"height":400},{"@type":"BreadcrumbList","@id":"https:\/\/www.cambe.pr.gov.br\/index.php\/prefeitura-alerta-para-descarte-irregular-de-inserviveis-e-divulga-cronograma-de-limpeza\/#breadcrumb","itemListElement":[{"@type":"ListItem","position":1,"name":"In\u00edcio","item":"https:\/\/www.cambe.pr.gov.br\/"},{"@type":"ListItem","position":2,"name":"Prefeitura alerta para descarte irregular de inserv\u00edveis e divulga cronograma de limpeza"}]},{"@type":"WebSite","@id":"https:\/\/www.cambe.pr.gov.br\/#website","url":"https:\/\/www.cambe.pr.gov.br\/","name":"Prefeitura de Camb\u00e9","description":"UM GOVERNO PARA TODOS","publisher":{"@id":"https:\/\/www.cambe.pr.gov.br\/#organization"},"potentialAction":[{"@type":"SearchAction","target":{"@type":"EntryPoint","urlTemplate":"https:\/\/www.cambe.pr.gov.br\/?s={search_term_string}"},"query-input":{"@type":"PropertyValueSpecification","valueRequired":true,"valueName":"search_term_string"}}],"inLanguage":"pt-BR"},{"@type":"Organization","@id":"https:\/\/www.cambe.pr.gov.br\/#organization","name":"Prefeitura de Camb\u00e9","url":"https:\/\/www.cambe.pr.gov.br\/","logo":{"@type":"ImageObject","inLanguage":"pt-BR","@id":"https:\/\/www.cambe.pr.gov.br\/#\/schema\/logo\/image\/","url":"https:\/\/www.cambe.pr.gov.br\/wp-content\/uploads\/2021\/01\/cropped-cropped-cambe_brazao-icone.png","contentUrl":"https:\/\/www.cambe.pr.gov.br\/wp-content\/uploads\/2021\/01\/cropped-cropped-cambe_brazao-icone.png","width":240,"height":240,"caption":"Prefeitura de Camb\u00e9"},"image":{"@id":"https:\/\/www.cambe.pr.gov.br\/#\/schema\/logo\/image\/"},"sameAs":["https:\/\/m.facebook.com\/prefeituradecambe"]},{"@type":"Person","@id":"https:\/\/www.cambe.pr.gov.br\/#\/schema\/person\/8e3ee69cb2cadf4b9f8377407227effd","name":"Vinicius Augusto Batista Eira","image":{"@type":"ImageObject","inLanguage":"pt-BR","@id":"https:\/\/secure.gravatar.com\/avatar\/1ec500de7013b30e1d4d7c8c3978f0e4433c37e5d5e4cd186239369c6440122b?s=96&d=mm&r=g","url":"https:\/\/secure.gravatar.com\/avatar\/1ec500de7013b30e1d4d7c8c3978f0e4433c37e5d5e4cd186239369c6440122b?s=96&d=mm&r=g","contentUrl":"https:\/\/secure.gravatar.com\/avatar\/1ec500de7013b30e1d4d7c8c3978f0e4433c37e5d5e4cd186239369c6440122b?s=96&d=mm&r=g","caption":"Vinicius Augusto Batista Eira"},"url":"https:\/\/www.cambe.pr.gov.br\/index.php\/author\/vabeira\/"}]}},"_links":{"self":[{"href":"https:\/\/www.cambe.pr.gov.br\/index.php\/wp-json\/wp\/v2\/posts\/16278","targetHints":{"allow":["GET"]}}],"collection":[{"href":"https:\/\/www.cambe.pr.gov.br\/index.php\/wp-json\/wp\/v2\/posts"}],"about":[{"href":"https:\/\/www.cambe.pr.gov.br\/index.php\/wp-json\/wp\/v2\/types\/post"}],"author":[{"embeddable":true,"href":"https:\/\/www.cambe.pr.gov.br\/index.php\/wp-json\/wp\/v2\/users\/16"}],"replies":[{"embeddable":true,"href":"https:\/\/www.cambe.pr.gov.br\/index.php\/wp-json\/wp\/v2\/comments?post=16278"}],"version-history":[{"count":6,"href":"https:\/\/www.cambe.pr.gov.br\/index.php\/wp-json\/wp\/v2\/posts\/16278\/revisions"}],"predecessor-version":[{"id":16285,"href":"https:\/\/www.cambe.pr.gov.br\/index.php\/wp-json\/wp\/v2\/posts\/16278\/revisions\/16285"}],"wp:attachment":[{"href":"https:\/\/www.cambe.pr.gov.br\/index.php\/wp-json\/wp\/v2\/media?parent=16278"}],"wp:term":[{"taxonomy":"category","embeddable":true,"href":"https:\/\/www.cambe.pr.gov.br\/index.php\/wp-json\/wp\/v2\/categories?post=16278"},{"taxonomy":"post_tag","embeddable":true,"href":"https:\/\/www.cambe.pr.gov.br\/index.php\/wp-json\/wp\/v2\/tags?post=16278"}],"curies":[{"name":"wp","href":"https:\/\/api.w.org\/{rel}","templated":true}]}}