{"id":16267,"date":"2025-03-06T16:03:45","date_gmt":"2025-03-06T19:03:45","guid":{"rendered":"https:\/\/www.cambe.pr.gov.br\/?p=16267"},"modified":"2025-03-06T16:03:45","modified_gmt":"2025-03-06T19:03:45","slug":"caps-de-cambe-promove-tarde-especial-em-alusao-ao-dia-internacional-da-mulher","status":"publish","type":"post","link":"https:\/\/www.cambe.pr.gov.br\/index.php\/caps-de-cambe-promove-tarde-especial-em-alusao-ao-dia-internacional-da-mulher\/","title":{"rendered":"CAPS de Camb\u00e9 promove tarde especial em alus\u00e3o ao Dia Internacional da Mulher"},"content":{"rendered":"<p style=\"text-align: justify;\"><span style=\"font-weight: 400; font-family: arial, helvetica, sans-serif;\"><img fetchpriority=\"high\" decoding=\"async\" class=\"alignleft size-large wp-image-16271\" src=\"https:\/\/www.cambe.pr.gov.br\/wp-content\/uploads\/2025\/03\/Imagem-do-WhatsApp-de-2025-03-06-as-16.02.49_db157ee3-1024x768.jpg\" alt=\"\" width=\"610\" height=\"458\" srcset=\"https:\/\/www.cambe.pr.gov.br\/wp-content\/uploads\/2025\/03\/Imagem-do-WhatsApp-de-2025-03-06-as-16.02.49_db157ee3-1024x768.jpg 1024w, https:\/\/www.cambe.pr.gov.br\/wp-content\/uploads\/2025\/03\/Imagem-do-WhatsApp-de-2025-03-06-as-16.02.49_db157ee3-300x225.jpg 300w, https:\/\/www.cambe.pr.gov.br\/wp-content\/uploads\/2025\/03\/Imagem-do-WhatsApp-de-2025-03-06-as-16.02.49_db157ee3-768x576.jpg 768w, https:\/\/www.cambe.pr.gov.br\/wp-content\/uploads\/2025\/03\/Imagem-do-WhatsApp-de-2025-03-06-as-16.02.49_db157ee3-1536x1152.jpg 1536w, https:\/\/www.cambe.pr.gov.br\/wp-content\/uploads\/2025\/03\/Imagem-do-WhatsApp-de-2025-03-06-as-16.02.49_db157ee3-400x300.jpg 400w, https:\/\/www.cambe.pr.gov.br\/wp-content\/uploads\/2025\/03\/Imagem-do-WhatsApp-de-2025-03-06-as-16.02.49_db157ee3.jpg 1600w\" sizes=\"(max-width: 610px) 100vw, 610px\" \/>O Centro de Aten\u00e7\u00e3o Psicossocial (CAPS) de Camb\u00e9 realizou uma tarde especial em alus\u00e3o ao Dia Internacional da Mulher para todas as pacientes. Com palestra, caf\u00e9 da tarde e karaok\u00ea, a celebra\u00e7\u00e3o visa destacar a import\u00e2ncia da data, al\u00e9m de valorizar e garantir direitos de todas as mulheres do CAPS.<\/span><\/p>\n<p style=\"text-align: justify;\"><span style=\"font-weight: 400; font-family: arial, helvetica, sans-serif;\">Em parceria com a Secretaria Municipal de Assist\u00eancia Social e Cidadania, servidoras do Centro de Refer\u00eancia Especializado de Assist\u00eancia Social (Creas) apresentaram uma palestra contextualizando o Dia da Mulher, celebrado neste s\u00e1bado (8). Al\u00e9m de todo o hist\u00f3rico de lutas e conquistas femininas, as participantes tamb\u00e9m participaram de uma roda de conversa sobre garantia de direitos e viol\u00eancia contra a mulher. A tarde ainda teve um delicioso caf\u00e9 da tarde e karaok\u00ea.<\/span><\/p>\n<p style=\"text-align: justify;\"><span style=\"font-weight: 400; font-family: arial, helvetica, sans-serif;\">A diretora do CAPS, Daniela Zamberlan explica que sempre \u00e9 feita alguma a\u00e7\u00e3o em prol das mulheres, E com o Dia Internacional da Mulher, buscou-se uma a\u00e7\u00e3o ainda maior para que todas possam refletir mais. Al\u00e9m do tratamento, \u00e9 a quest\u00e3o enquanto ser humano, indiv\u00edduo, enquanto mulher, de direitos e igualdade. Hoje, quer\u00edamos focar como tema justamente o direito, igualdade e empoderamento. Ent\u00e3o, a gente entende que o fato delas estarem em tratamento \u00e9 uma quest\u00e3o j\u00e1 desse direito sendo garantido. Elas acabam, no decorrer do tratamento, se empoderando com a melhora. \u00c9 importante terem esse reconhecimento tamb\u00e9m como mulher, do paciente, ver o CAPS e a prefeitura fazerem mais a\u00e7\u00f5es como essa. Se sentirem valorizadas\u201d, disse.<\/span><\/p>\n<p style=\"text-align: justify;\"><span style=\"font-weight: 400; font-family: arial, helvetica, sans-serif;\">Cleide de Almeida, 62, frequenta o CAPS h\u00e1 pouco mais de um ano, participa do seu segundo evento de dia das mulheres e ressalta a import\u00e2ncia de a\u00e7\u00f5es p\u00fablicas como essa, se sentindo pertencente ao local. \u201cE eu gosto muito desses eventos. Gosto de ouvir, compartilhar experi\u00eancias. Muitas vezes buscamos apoio e n\u00e3o alcan\u00e7amos. Hoje temos a delegacia da mulher que ajuda muito, e n\u00e3o s\u00f3 em agress\u00f5es contra a gente como den\u00fancias de outras pessoas. Temos o CAPS e a Prefeitura que tamb\u00e9m nos apoiam. Muita gente n\u00e3o tem acesso a esse tipo de informa\u00e7\u00e3o, conhecer direitos. \u00c9 muito importante o que eles falam aqui, e ter essa certeza de se for no CAPS, no Capes e qualquer lugar da Prefeitura, voc\u00ea vai ser atendida e ouvida\u201d.<\/span><\/p>\n","protected":false},"excerpt":{"rendered":"<p>O Centro de Aten\u00e7\u00e3o Psicossocial (CAPS) de Camb\u00e9 realizou uma tarde especial em alus\u00e3o ao Dia Internacional da Mulher para todas as pacientes. Com palestra, caf\u00e9 da tarde e karaok\u00ea, a celebra\u00e7\u00e3o visa destacar a import\u00e2ncia da data, al\u00e9m de valorizar e garantir direitos de todas as mulheres do CAPS. Em parceria com a Secretaria [&hellip;]<\/p>\n","protected":false},"author":16,"featured_media":0,"comment_status":"closed","ping_status":"closed","sticky":false,"template":"","format":"standard","meta":{"ngg_post_thumbnail":0,"footnotes":""},"categories":[1],"tags":[],"class_list":["post-16267","post","type-post","status-publish","format-standard","hentry","category-principal"],"yoast_head":"<!-- This site is optimized with the Yoast SEO plugin v27.4 - https:\/\/yoast.com\/product\/yoast-seo-wordpress\/ -->\n<title>CAPS de Camb\u00e9 promove tarde especial em alus\u00e3o ao Dia Internacional da Mulher - Prefeitura de Camb\u00e9<\/title>\n<meta name=\"robots\" content=\"index, follow, max-snippet:-1, max-image-preview:large, max-video-preview:-1\" \/>\n<link rel=\"canonical\" href=\"https:\/\/www.cambe.pr.gov.br\/index.php\/caps-de-cambe-promove-tarde-especial-em-alusao-ao-dia-internacional-da-mulher\/\" \/>\n<meta property=\"og:locale\" content=\"pt_BR\" \/>\n<meta property=\"og:type\" content=\"article\" \/>\n<meta property=\"og:title\" content=\"CAPS de Camb\u00e9 promove tarde especial em alus\u00e3o ao Dia Internacional da Mulher - Prefeitura de Camb\u00e9\" \/>\n<meta property=\"og:description\" content=\"O Centro de Aten\u00e7\u00e3o Psicossocial (CAPS) de Camb\u00e9 realizou uma tarde especial em alus\u00e3o ao Dia Internacional da Mulher para todas as pacientes. Com palestra, caf\u00e9 da tarde e karaok\u00ea, a celebra\u00e7\u00e3o visa destacar a import\u00e2ncia da data, al\u00e9m de valorizar e garantir direitos de todas as mulheres do CAPS. Em parceria com a Secretaria [&hellip;]\" \/>\n<meta property=\"og:url\" content=\"https:\/\/www.cambe.pr.gov.br\/index.php\/caps-de-cambe-promove-tarde-especial-em-alusao-ao-dia-internacional-da-mulher\/\" \/>\n<meta property=\"og:site_name\" content=\"Prefeitura de Camb\u00e9\" \/>\n<meta property=\"article:publisher\" content=\"https:\/\/m.facebook.com\/prefeituradecambe\" \/>\n<meta property=\"article:published_time\" content=\"2025-03-06T19:03:45+00:00\" \/>\n<meta property=\"og:image\" content=\"https:\/\/www.cambe.pr.gov.br\/wp-content\/uploads\/2025\/03\/Imagem-do-WhatsApp-de-2025-03-06-as-16.02.49_db157ee3-1024x768.jpg\" \/>\n<meta name=\"author\" content=\"Vinicius Augusto Batista Eira\" \/>\n<meta name=\"twitter:card\" content=\"summary_large_image\" \/>\n<meta name=\"twitter:label1\" content=\"Escrito por\" \/>\n\t<meta name=\"twitter:data1\" content=\"Vinicius Augusto Batista Eira\" \/>\n\t<meta name=\"twitter:label2\" content=\"Est. tempo de leitura\" \/>\n\t<meta name=\"twitter:data2\" content=\"3 minutos\" \/>\n<script type=\"application\/ld+json\" class=\"yoast-schema-graph\">{\"@context\":\"https:\\\/\\\/schema.org\",\"@graph\":[{\"@type\":\"Article\",\"@id\":\"https:\\\/\\\/www.cambe.pr.gov.br\\\/index.php\\\/caps-de-cambe-promove-tarde-especial-em-alusao-ao-dia-internacional-da-mulher\\\/#article\",\"isPartOf\":{\"@id\":\"https:\\\/\\\/www.cambe.pr.gov.br\\\/index.php\\\/caps-de-cambe-promove-tarde-especial-em-alusao-ao-dia-internacional-da-mulher\\\/\"},\"author\":{\"name\":\"Vinicius Augusto Batista Eira\",\"@id\":\"https:\\\/\\\/www.cambe.pr.gov.br\\\/#\\\/schema\\\/person\\\/8e3ee69cb2cadf4b9f8377407227effd\"},\"headline\":\"CAPS de Camb\u00e9 promove tarde especial em alus\u00e3o ao Dia Internacional da Mulher\",\"datePublished\":\"2025-03-06T19:03:45+00:00\",\"mainEntityOfPage\":{\"@id\":\"https:\\\/\\\/www.cambe.pr.gov.br\\\/index.php\\\/caps-de-cambe-promove-tarde-especial-em-alusao-ao-dia-internacional-da-mulher\\\/\"},\"wordCount\":409,\"publisher\":{\"@id\":\"https:\\\/\\\/www.cambe.pr.gov.br\\\/#organization\"},\"image\":{\"@id\":\"https:\\\/\\\/www.cambe.pr.gov.br\\\/index.php\\\/caps-de-cambe-promove-tarde-especial-em-alusao-ao-dia-internacional-da-mulher\\\/#primaryimage\"},\"thumbnailUrl\":\"https:\\\/\\\/www.cambe.pr.gov.br\\\/wp-content\\\/uploads\\\/2025\\\/03\\\/Imagem-do-WhatsApp-de-2025-03-06-as-16.02.49_db157ee3-1024x768.jpg\",\"articleSection\":[\"Principal\"],\"inLanguage\":\"pt-BR\"},{\"@type\":\"WebPage\",\"@id\":\"https:\\\/\\\/www.cambe.pr.gov.br\\\/index.php\\\/caps-de-cambe-promove-tarde-especial-em-alusao-ao-dia-internacional-da-mulher\\\/\",\"url\":\"https:\\\/\\\/www.cambe.pr.gov.br\\\/index.php\\\/caps-de-cambe-promove-tarde-especial-em-alusao-ao-dia-internacional-da-mulher\\\/\",\"name\":\"CAPS de Camb\u00e9 promove tarde especial em alus\u00e3o ao Dia Internacional da Mulher - Prefeitura de Camb\u00e9\",\"isPartOf\":{\"@id\":\"https:\\\/\\\/www.cambe.pr.gov.br\\\/#website\"},\"primaryImageOfPage\":{\"@id\":\"https:\\\/\\\/www.cambe.pr.gov.br\\\/index.php\\\/caps-de-cambe-promove-tarde-especial-em-alusao-ao-dia-internacional-da-mulher\\\/#primaryimage\"},\"image\":{\"@id\":\"https:\\\/\\\/www.cambe.pr.gov.br\\\/index.php\\\/caps-de-cambe-promove-tarde-especial-em-alusao-ao-dia-internacional-da-mulher\\\/#primaryimage\"},\"thumbnailUrl\":\"https:\\\/\\\/www.cambe.pr.gov.br\\\/wp-content\\\/uploads\\\/2025\\\/03\\\/Imagem-do-WhatsApp-de-2025-03-06-as-16.02.49_db157ee3-1024x768.jpg\",\"datePublished\":\"2025-03-06T19:03:45+00:00\",\"breadcrumb\":{\"@id\":\"https:\\\/\\\/www.cambe.pr.gov.br\\\/index.php\\\/caps-de-cambe-promove-tarde-especial-em-alusao-ao-dia-internacional-da-mulher\\\/#breadcrumb\"},\"inLanguage\":\"pt-BR\",\"potentialAction\":[{\"@type\":\"ReadAction\",\"target\":[\"https:\\\/\\\/www.cambe.pr.gov.br\\\/index.php\\\/caps-de-cambe-promove-tarde-especial-em-alusao-ao-dia-internacional-da-mulher\\\/\"]}]},{\"@type\":\"ImageObject\",\"inLanguage\":\"pt-BR\",\"@id\":\"https:\\\/\\\/www.cambe.pr.gov.br\\\/index.php\\\/caps-de-cambe-promove-tarde-especial-em-alusao-ao-dia-internacional-da-mulher\\\/#primaryimage\",\"url\":\"https:\\\/\\\/www.cambe.pr.gov.br\\\/wp-content\\\/uploads\\\/2025\\\/03\\\/Imagem-do-WhatsApp-de-2025-03-06-as-16.02.49_db157ee3.jpg\",\"contentUrl\":\"https:\\\/\\\/www.cambe.pr.gov.br\\\/wp-content\\\/uploads\\\/2025\\\/03\\\/Imagem-do-WhatsApp-de-2025-03-06-as-16.02.49_db157ee3.jpg\",\"width\":1600,\"height\":1200},{\"@type\":\"BreadcrumbList\",\"@id\":\"https:\\\/\\\/www.cambe.pr.gov.br\\\/index.php\\\/caps-de-cambe-promove-tarde-especial-em-alusao-ao-dia-internacional-da-mulher\\\/#breadcrumb\",\"itemListElement\":[{\"@type\":\"ListItem\",\"position\":1,\"name\":\"In\u00edcio\",\"item\":\"https:\\\/\\\/www.cambe.pr.gov.br\\\/\"},{\"@type\":\"ListItem\",\"position\":2,\"name\":\"CAPS de Camb\u00e9 promove tarde especial em alus\u00e3o ao Dia Internacional da Mulher\"}]},{\"@type\":\"WebSite\",\"@id\":\"https:\\\/\\\/www.cambe.pr.gov.br\\\/#website\",\"url\":\"https:\\\/\\\/www.cambe.pr.gov.br\\\/\",\"name\":\"Prefeitura de Camb\u00e9\",\"description\":\"UM GOVERNO PARA TODOS\",\"publisher\":{\"@id\":\"https:\\\/\\\/www.cambe.pr.gov.br\\\/#organization\"},\"potentialAction\":[{\"@type\":\"SearchAction\",\"target\":{\"@type\":\"EntryPoint\",\"urlTemplate\":\"https:\\\/\\\/www.cambe.pr.gov.br\\\/?s={search_term_string}\"},\"query-input\":{\"@type\":\"PropertyValueSpecification\",\"valueRequired\":true,\"valueName\":\"search_term_string\"}}],\"inLanguage\":\"pt-BR\"},{\"@type\":\"Organization\",\"@id\":\"https:\\\/\\\/www.cambe.pr.gov.br\\\/#organization\",\"name\":\"Prefeitura de Camb\u00e9\",\"url\":\"https:\\\/\\\/www.cambe.pr.gov.br\\\/\",\"logo\":{\"@type\":\"ImageObject\",\"inLanguage\":\"pt-BR\",\"@id\":\"https:\\\/\\\/www.cambe.pr.gov.br\\\/#\\\/schema\\\/logo\\\/image\\\/\",\"url\":\"https:\\\/\\\/www.cambe.pr.gov.br\\\/wp-content\\\/uploads\\\/2021\\\/01\\\/cropped-cropped-cambe_brazao-icone.png\",\"contentUrl\":\"https:\\\/\\\/www.cambe.pr.gov.br\\\/wp-content\\\/uploads\\\/2021\\\/01\\\/cropped-cropped-cambe_brazao-icone.png\",\"width\":240,\"height\":240,\"caption\":\"Prefeitura de Camb\u00e9\"},\"image\":{\"@id\":\"https:\\\/\\\/www.cambe.pr.gov.br\\\/#\\\/schema\\\/logo\\\/image\\\/\"},\"sameAs\":[\"https:\\\/\\\/m.facebook.com\\\/prefeituradecambe\"]},{\"@type\":\"Person\",\"@id\":\"https:\\\/\\\/www.cambe.pr.gov.br\\\/#\\\/schema\\\/person\\\/8e3ee69cb2cadf4b9f8377407227effd\",\"name\":\"Vinicius Augusto Batista Eira\",\"image\":{\"@type\":\"ImageObject\",\"inLanguage\":\"pt-BR\",\"@id\":\"https:\\\/\\\/secure.gravatar.com\\\/avatar\\\/1ec500de7013b30e1d4d7c8c3978f0e4433c37e5d5e4cd186239369c6440122b?s=96&d=mm&r=g\",\"url\":\"https:\\\/\\\/secure.gravatar.com\\\/avatar\\\/1ec500de7013b30e1d4d7c8c3978f0e4433c37e5d5e4cd186239369c6440122b?s=96&d=mm&r=g\",\"contentUrl\":\"https:\\\/\\\/secure.gravatar.com\\\/avatar\\\/1ec500de7013b30e1d4d7c8c3978f0e4433c37e5d5e4cd186239369c6440122b?s=96&d=mm&r=g\",\"caption\":\"Vinicius Augusto Batista Eira\"},\"url\":\"https:\\\/\\\/www.cambe.pr.gov.br\\\/index.php\\\/author\\\/vabeira\\\/\"}]}<\/script>\n<!-- \/ Yoast SEO plugin. -->","yoast_head_json":{"title":"CAPS de Camb\u00e9 promove tarde especial em alus\u00e3o ao Dia Internacional da Mulher - Prefeitura de Camb\u00e9","robots":{"index":"index","follow":"follow","max-snippet":"max-snippet:-1","max-image-preview":"max-image-preview:large","max-video-preview":"max-video-preview:-1"},"canonical":"https:\/\/www.cambe.pr.gov.br\/index.php\/caps-de-cambe-promove-tarde-especial-em-alusao-ao-dia-internacional-da-mulher\/","og_locale":"pt_BR","og_type":"article","og_title":"CAPS de Camb\u00e9 promove tarde especial em alus\u00e3o ao Dia Internacional da Mulher - Prefeitura de Camb\u00e9","og_description":"O Centro de Aten\u00e7\u00e3o Psicossocial (CAPS) de Camb\u00e9 realizou uma tarde especial em alus\u00e3o ao Dia Internacional da Mulher para todas as pacientes. Com palestra, caf\u00e9 da tarde e karaok\u00ea, a celebra\u00e7\u00e3o visa destacar a import\u00e2ncia da data, al\u00e9m de valorizar e garantir direitos de todas as mulheres do CAPS. Em parceria com a Secretaria [&hellip;]","og_url":"https:\/\/www.cambe.pr.gov.br\/index.php\/caps-de-cambe-promove-tarde-especial-em-alusao-ao-dia-internacional-da-mulher\/","og_site_name":"Prefeitura de Camb\u00e9","article_publisher":"https:\/\/m.facebook.com\/prefeituradecambe","article_published_time":"2025-03-06T19:03:45+00:00","og_image":[{"url":"https:\/\/www.cambe.pr.gov.br\/wp-content\/uploads\/2025\/03\/Imagem-do-WhatsApp-de-2025-03-06-as-16.02.49_db157ee3-1024x768.jpg","type":"","width":"","height":""}],"author":"Vinicius Augusto Batista Eira","twitter_card":"summary_large_image","twitter_misc":{"Escrito por":"Vinicius Augusto Batista Eira","Est. tempo de leitura":"3 minutos"},"schema":{"@context":"https:\/\/schema.org","@graph":[{"@type":"Article","@id":"https:\/\/www.cambe.pr.gov.br\/index.php\/caps-de-cambe-promove-tarde-especial-em-alusao-ao-dia-internacional-da-mulher\/#article","isPartOf":{"@id":"https:\/\/www.cambe.pr.gov.br\/index.php\/caps-de-cambe-promove-tarde-especial-em-alusao-ao-dia-internacional-da-mulher\/"},"author":{"name":"Vinicius Augusto Batista Eira","@id":"https:\/\/www.cambe.pr.gov.br\/#\/schema\/person\/8e3ee69cb2cadf4b9f8377407227effd"},"headline":"CAPS de Camb\u00e9 promove tarde especial em alus\u00e3o ao Dia Internacional da Mulher","datePublished":"2025-03-06T19:03:45+00:00","mainEntityOfPage":{"@id":"https:\/\/www.cambe.pr.gov.br\/index.php\/caps-de-cambe-promove-tarde-especial-em-alusao-ao-dia-internacional-da-mulher\/"},"wordCount":409,"publisher":{"@id":"https:\/\/www.cambe.pr.gov.br\/#organization"},"image":{"@id":"https:\/\/www.cambe.pr.gov.br\/index.php\/caps-de-cambe-promove-tarde-especial-em-alusao-ao-dia-internacional-da-mulher\/#primaryimage"},"thumbnailUrl":"https:\/\/www.cambe.pr.gov.br\/wp-content\/uploads\/2025\/03\/Imagem-do-WhatsApp-de-2025-03-06-as-16.02.49_db157ee3-1024x768.jpg","articleSection":["Principal"],"inLanguage":"pt-BR"},{"@type":"WebPage","@id":"https:\/\/www.cambe.pr.gov.br\/index.php\/caps-de-cambe-promove-tarde-especial-em-alusao-ao-dia-internacional-da-mulher\/","url":"https:\/\/www.cambe.pr.gov.br\/index.php\/caps-de-cambe-promove-tarde-especial-em-alusao-ao-dia-internacional-da-mulher\/","name":"CAPS de Camb\u00e9 promove tarde especial em alus\u00e3o ao Dia Internacional da Mulher - Prefeitura de Camb\u00e9","isPartOf":{"@id":"https:\/\/www.cambe.pr.gov.br\/#website"},"primaryImageOfPage":{"@id":"https:\/\/www.cambe.pr.gov.br\/index.php\/caps-de-cambe-promove-tarde-especial-em-alusao-ao-dia-internacional-da-mulher\/#primaryimage"},"image":{"@id":"https:\/\/www.cambe.pr.gov.br\/index.php\/caps-de-cambe-promove-tarde-especial-em-alusao-ao-dia-internacional-da-mulher\/#primaryimage"},"thumbnailUrl":"https:\/\/www.cambe.pr.gov.br\/wp-content\/uploads\/2025\/03\/Imagem-do-WhatsApp-de-2025-03-06-as-16.02.49_db157ee3-1024x768.jpg","datePublished":"2025-03-06T19:03:45+00:00","breadcrumb":{"@id":"https:\/\/www.cambe.pr.gov.br\/index.php\/caps-de-cambe-promove-tarde-especial-em-alusao-ao-dia-internacional-da-mulher\/#breadcrumb"},"inLanguage":"pt-BR","potentialAction":[{"@type":"ReadAction","target":["https:\/\/www.cambe.pr.gov.br\/index.php\/caps-de-cambe-promove-tarde-especial-em-alusao-ao-dia-internacional-da-mulher\/"]}]},{"@type":"ImageObject","inLanguage":"pt-BR","@id":"https:\/\/www.cambe.pr.gov.br\/index.php\/caps-de-cambe-promove-tarde-especial-em-alusao-ao-dia-internacional-da-mulher\/#primaryimage","url":"https:\/\/www.cambe.pr.gov.br\/wp-content\/uploads\/2025\/03\/Imagem-do-WhatsApp-de-2025-03-06-as-16.02.49_db157ee3.jpg","contentUrl":"https:\/\/www.cambe.pr.gov.br\/wp-content\/uploads\/2025\/03\/Imagem-do-WhatsApp-de-2025-03-06-as-16.02.49_db157ee3.jpg","width":1600,"height":1200},{"@type":"BreadcrumbList","@id":"https:\/\/www.cambe.pr.gov.br\/index.php\/caps-de-cambe-promove-tarde-especial-em-alusao-ao-dia-internacional-da-mulher\/#breadcrumb","itemListElement":[{"@type":"ListItem","position":1,"name":"In\u00edcio","item":"https:\/\/www.cambe.pr.gov.br\/"},{"@type":"ListItem","position":2,"name":"CAPS de Camb\u00e9 promove tarde especial em alus\u00e3o ao Dia Internacional da Mulher"}]},{"@type":"WebSite","@id":"https:\/\/www.cambe.pr.gov.br\/#website","url":"https:\/\/www.cambe.pr.gov.br\/","name":"Prefeitura de Camb\u00e9","description":"UM GOVERNO PARA TODOS","publisher":{"@id":"https:\/\/www.cambe.pr.gov.br\/#organization"},"potentialAction":[{"@type":"SearchAction","target":{"@type":"EntryPoint","urlTemplate":"https:\/\/www.cambe.pr.gov.br\/?s={search_term_string}"},"query-input":{"@type":"PropertyValueSpecification","valueRequired":true,"valueName":"search_term_string"}}],"inLanguage":"pt-BR"},{"@type":"Organization","@id":"https:\/\/www.cambe.pr.gov.br\/#organization","name":"Prefeitura de Camb\u00e9","url":"https:\/\/www.cambe.pr.gov.br\/","logo":{"@type":"ImageObject","inLanguage":"pt-BR","@id":"https:\/\/www.cambe.pr.gov.br\/#\/schema\/logo\/image\/","url":"https:\/\/www.cambe.pr.gov.br\/wp-content\/uploads\/2021\/01\/cropped-cropped-cambe_brazao-icone.png","contentUrl":"https:\/\/www.cambe.pr.gov.br\/wp-content\/uploads\/2021\/01\/cropped-cropped-cambe_brazao-icone.png","width":240,"height":240,"caption":"Prefeitura de Camb\u00e9"},"image":{"@id":"https:\/\/www.cambe.pr.gov.br\/#\/schema\/logo\/image\/"},"sameAs":["https:\/\/m.facebook.com\/prefeituradecambe"]},{"@type":"Person","@id":"https:\/\/www.cambe.pr.gov.br\/#\/schema\/person\/8e3ee69cb2cadf4b9f8377407227effd","name":"Vinicius Augusto Batista Eira","image":{"@type":"ImageObject","inLanguage":"pt-BR","@id":"https:\/\/secure.gravatar.com\/avatar\/1ec500de7013b30e1d4d7c8c3978f0e4433c37e5d5e4cd186239369c6440122b?s=96&d=mm&r=g","url":"https:\/\/secure.gravatar.com\/avatar\/1ec500de7013b30e1d4d7c8c3978f0e4433c37e5d5e4cd186239369c6440122b?s=96&d=mm&r=g","contentUrl":"https:\/\/secure.gravatar.com\/avatar\/1ec500de7013b30e1d4d7c8c3978f0e4433c37e5d5e4cd186239369c6440122b?s=96&d=mm&r=g","caption":"Vinicius Augusto Batista Eira"},"url":"https:\/\/www.cambe.pr.gov.br\/index.php\/author\/vabeira\/"}]}},"_links":{"self":[{"href":"https:\/\/www.cambe.pr.gov.br\/index.php\/wp-json\/wp\/v2\/posts\/16267","targetHints":{"allow":["GET"]}}],"collection":[{"href":"https:\/\/www.cambe.pr.gov.br\/index.php\/wp-json\/wp\/v2\/posts"}],"about":[{"href":"https:\/\/www.cambe.pr.gov.br\/index.php\/wp-json\/wp\/v2\/types\/post"}],"author":[{"embeddable":true,"href":"https:\/\/www.cambe.pr.gov.br\/index.php\/wp-json\/wp\/v2\/users\/16"}],"replies":[{"embeddable":true,"href":"https:\/\/www.cambe.pr.gov.br\/index.php\/wp-json\/wp\/v2\/comments?post=16267"}],"version-history":[{"count":1,"href":"https:\/\/www.cambe.pr.gov.br\/index.php\/wp-json\/wp\/v2\/posts\/16267\/revisions"}],"predecessor-version":[{"id":16272,"href":"https:\/\/www.cambe.pr.gov.br\/index.php\/wp-json\/wp\/v2\/posts\/16267\/revisions\/16272"}],"wp:attachment":[{"href":"https:\/\/www.cambe.pr.gov.br\/index.php\/wp-json\/wp\/v2\/media?parent=16267"}],"wp:term":[{"taxonomy":"category","embeddable":true,"href":"https:\/\/www.cambe.pr.gov.br\/index.php\/wp-json\/wp\/v2\/categories?post=16267"},{"taxonomy":"post_tag","embeddable":true,"href":"https:\/\/www.cambe.pr.gov.br\/index.php\/wp-json\/wp\/v2\/tags?post=16267"}],"curies":[{"name":"wp","href":"https:\/\/api.w.org\/{rel}","templated":true}]}}